{"id":230836,"date":"2026-04-26T07:25:00","date_gmt":"2026-04-26T10:25:00","guid":{"rendered":"https:\/\/www.correiobraziliense.com.br\/cbradar\/?p=230836"},"modified":"2026-04-25T01:55:08","modified_gmt":"2026-04-25T04:55:08","slug":"se-voce-sente-inchaco-abdominal-apos-comer-pode-ser-excesso-de-gases-ou-intolerancia-alimentar","status":"publish","type":"post","link":"https:\/\/www.correiobraziliense.com.br\/cbradar\/se-voce-sente-inchaco-abdominal-apos-comer-pode-ser-excesso-de-gases-ou-intolerancia-alimentar\/","title":{"rendered":"Se voc\u00ea sente incha\u00e7o abdominal ap\u00f3s comer, pode ser excesso de gases ou intoler\u00e2ncia alimentar"},"content":{"rendered":"\n<p>Voc\u00ea sente a barriga estufar minutos depois de uma refei\u00e7\u00e3o? O <strong>incha\u00e7o ap\u00f3s comer<\/strong> pode ser causado por excesso de gases ou por uma intoler\u00e2ncia alimentar que voc\u00ea ainda n\u00e3o identificou. Entender a diferen\u00e7a entre esses dois problemas \u00e9 o primeiro passo para aliviar o desconforto e evitar que o quadro se repita.<\/p>\n\n\n\n<h2 class=\"wp-block-heading\">O que causa o incha\u00e7o abdominal logo ap\u00f3s as refei\u00e7\u00f5es?<\/h2>\n\n\n\n<p>O incha\u00e7o p\u00f3s\u2011refei\u00e7\u00e3o geralmente vem da fermenta\u00e7\u00e3o de carboidratos no intestino grosso ou da dificuldade de digerir certos a\u00e7\u00facares. A produ\u00e7\u00e3o de <strong>di\u00f3xido de carbono<\/strong>, <strong>metano<\/strong> e <strong>hidrog\u00eanio<\/strong> distende o abd\u00f4men e provoca a sensa\u00e7\u00e3o de estufamento. Comer r\u00e1pido demais tamb\u00e9m contribui, porque voc\u00ea engole ar junto com os alimentos.<\/p>\n\n\n\n<p>J\u00e1 a <a href=\"https:\/\/pt.wikipedia.org\/wiki\/Intoler%C3%A2ncia_alimentar\" target=\"_blank\" rel=\"noreferrer noopener\">intoler\u00e2ncia alimentar<\/a> aparece quando o organismo n\u00e3o produz enzimas suficientes para quebrar um componente do alimento. O exemplo mais comum \u00e9 a <strong>lactose<\/strong>, que quando n\u00e3o digerida fermenta no intestino e gera gases, c\u00f3licas e diarreia.<\/p>\n\n\n<div class=\"wp-block-image\">\n<figure class=\"aligncenter size-full\"><img decoding=\"async\" width=\"1280\" height=\"720\" src=\"https:\/\/www.correiobraziliense.com.br\/cbradar\/wp-content\/uploads\/2026\/04\/IMAGEM_720p_1776966800340.jpg\" alt=\"As causas do incha\u00e7o abdominal p\u00f3s\u2011refei\u00e7\u00e3o, diferenciar excesso de gases\" class=\"wp-image-230842\" srcset=\"https:\/\/www.correiobraziliense.com.br\/cbradar\/wp-content\/uploads\/2026\/04\/IMAGEM_720p_1776966800340.jpg 1280w, https:\/\/www.correiobraziliense.com.br\/cbradar\/wp-content\/uploads\/2026\/04\/IMAGEM_720p_1776966800340-300x169.jpg 300w, https:\/\/www.correiobraziliense.com.br\/cbradar\/wp-content\/uploads\/2026\/04\/IMAGEM_720p_1776966800340-768x432.jpg 768w, https:\/\/www.correiobraziliense.com.br\/cbradar\/wp-content\/uploads\/2026\/04\/IMAGEM_720p_1776966800340-750x422.jpg 750w, https:\/\/www.correiobraziliense.com.br\/cbradar\/wp-content\/uploads\/2026\/04\/IMAGEM_720p_1776966800340-1140x641.jpg 1140w\" sizes=\"(max-width: 1280px) 100vw, 1280px\" \/><figcaption class=\"wp-element-caption\">As causas do incha\u00e7o abdominal p\u00f3s\u2011refei\u00e7\u00e3o, diferenciar excesso de gases<\/figcaption><\/figure><\/div>\n\n\n<h2 class=\"wp-block-heading\">Como diferenciar excesso de gases de intoler\u00e2ncia alimentar?<\/h2>\n\n\n\n<p>O excesso de gases costuma estar associado a alimentos como feij\u00e3o, repolho, cebola e bebidas gaseificadas. Nesse caso, o incha\u00e7o some em algumas horas e n\u00e3o costuma vir acompanhado de outros sinais de alerta. A intensidade varia conforme a quantidade ingerida e a sensibilidade individual.<\/p>\n\n\n\n<p>Em uma intoler\u00e2ncia, os sintomas v\u00e3o al\u00e9m do incha\u00e7o: podem incluir <strong>dor abdominal<\/strong>, <strong>n\u00e1usea<\/strong>, <strong>diarreia<\/strong> ou <strong>constipa\u00e7\u00e3o<\/strong> recorrente. Esses epis\u00f3dios se repetem sempre que o alimento\u2011gatilho \u00e9 consumido, mesmo em pequenas por\u00e7\u00f5es, e tendem a melhorar quando ele \u00e9 retirado da dieta.<\/p>\n\n\n\n<p>No v\u00eddeo a seguir, o <strong>DR. GIULIANO CIGERZA<\/strong>, com mais de 6 mil seguidores, fala um pouco sobre o assunto:<\/p>\n\n\n\n<blockquote class=\"instagram-media\" data-instgrm-captioned data-instgrm-permalink=\"https:\/\/www.instagram.com\/reel\/DXO2elxDNMW\/?utm_source=ig_embed&amp;utm_campaign=loading\" data-instgrm-version=\"14\" style=\" background:#FFF; border:0; border-radius:3px; box-shadow:0 0 1px 0 rgba(0,0,0,0.5),0 1px 10px 0 rgba(0,0,0,0.15); margin: 1px; max-width:540px; min-width:326px; padding:0; width:99.375%; width:-webkit-calc(100% - 2px); width:calc(100% - 2px);\"><div style=\"padding:16px;\"> <a href=\"https:\/\/www.instagram.com\/reel\/DXO2elxDNMW\/?utm_source=ig_embed&amp;utm_campaign=loading\" style=\" background:#FFFFFF; line-height:0; padding:0 0; text-align:center; text-decoration:none; width:100%;\" target=\"_blank\"> <div style=\" display: flex; flex-direction: row; align-items: center;\"> <div style=\"background-color: #F4F4F4; border-radius: 50%; flex-grow: 0; height: 40px; margin-right: 14px; width: 40px;\"><\/div> <div style=\"display: flex; flex-direction: column; flex-grow: 1; justify-content: center;\"> <div style=\" background-color: #F4F4F4; border-radius: 4px; flex-grow: 0; height: 14px; margin-bottom: 6px; width: 100px;\"><\/div> <div style=\" background-color: #F4F4F4; border-radius: 4px; flex-grow: 0; height: 14px; width: 60px;\"><\/div><\/div><\/div><div style=\"padding: 19% 0;\"><\/div> <div style=\"display:block; height:50px; margin:0 auto 12px; width:50px;\"><svg width=\"50px\" height=\"50px\" viewBox=\"0 0 60 60\" version=\"1.1\" xmlns=\"https:\/\/www.w3.org\/2000\/svg\" xmlns:xlink=\"https:\/\/www.w3.org\/1999\/xlink\"><g stroke=\"none\" stroke-width=\"1\" fill=\"none\" fill-rule=\"evenodd\"><g transform=\"translate(-511.000000, -20.000000)\" fill=\"#000000\"><g><path d=\"M556.869,30.41 C554.814,30.41 553.148,32.076 553.148,34.131 C553.148,36.186 554.814,37.852 556.869,37.852 C558.924,37.852 560.59,36.186 560.59,34.131 C560.59,32.076 558.924,30.41 556.869,30.41 M541,60.657 C535.114,60.657 530.342,55.887 530.342,50 C530.342,44.114 535.114,39.342 541,39.342 C546.887,39.342 551.658,44.114 551.658,50 C551.658,55.887 546.887,60.657 541,60.657 M541,33.886 C532.1,33.886 524.886,41.1 524.886,50 C524.886,58.899 532.1,66.113 541,66.113 C549.9,66.113 557.115,58.899 557.115,50 C557.115,41.1 549.9,33.886 541,33.886 M565.378,62.101 C565.244,65.022 564.756,66.606 564.346,67.663 C563.803,69.06 563.154,70.057 562.106,71.106 C561.058,72.155 560.06,72.803 558.662,73.347 C557.607,73.757 556.021,74.244 553.102,74.378 C549.944,74.521 548.997,74.552 541,74.552 C533.003,74.552 532.056,74.521 528.898,74.378 C525.979,74.244 524.393,73.757 523.338,73.347 C521.94,72.803 520.942,72.155 519.894,71.106 C518.846,70.057 518.197,69.06 517.654,67.663 C517.244,66.606 516.755,65.022 516.623,62.101 C516.479,58.943 516.448,57.996 516.448,50 C516.448,42.003 516.479,41.056 516.623,37.899 C516.755,34.978 517.244,33.391 517.654,32.338 C518.197,30.938 518.846,29.942 519.894,28.894 C520.942,27.846 521.94,27.196 523.338,26.654 C524.393,26.244 525.979,25.756 528.898,25.623 C532.057,25.479 533.004,25.448 541,25.448 C548.997,25.448 549.943,25.479 553.102,25.623 C556.021,25.756 557.607,26.244 558.662,26.654 C560.06,27.196 561.058,27.846 562.106,28.894 C563.154,29.942 563.803,30.938 564.346,32.338 C564.756,33.391 565.244,34.978 565.378,37.899 C565.522,41.056 565.552,42.003 565.552,50 C565.552,57.996 565.522,58.943 565.378,62.101 M570.82,37.631 C570.674,34.438 570.167,32.258 569.425,30.349 C568.659,28.377 567.633,26.702 565.965,25.035 C564.297,23.368 562.623,22.342 560.652,21.575 C558.743,20.834 556.562,20.326 553.369,20.18 C550.169,20.033 549.148,20 541,20 C532.853,20 531.831,20.033 528.631,20.18 C525.438,20.326 523.257,20.834 521.349,21.575 C519.376,22.342 517.703,23.368 516.035,25.035 C514.368,26.702 513.342,28.377 512.574,30.349 C511.834,32.258 511.326,34.438 511.181,37.631 C511.035,40.831 511,41.851 511,50 C511,58.147 511.035,59.17 511.181,62.369 C511.326,65.562 511.834,67.743 512.574,69.651 C513.342,71.625 514.368,73.296 516.035,74.965 C517.703,76.634 519.376,77.658 521.349,78.425 C523.257,79.167 525.438,79.673 528.631,79.82 C531.831,79.965 532.853,80.001 541,80.001 C549.148,80.001 550.169,79.965 553.369,79.82 C556.562,79.673 558.743,79.167 560.652,78.425 C562.623,77.658 564.297,76.634 565.965,74.965 C567.633,73.296 568.659,71.625 569.425,69.651 C570.167,67.743 570.674,65.562 570.82,62.369 C570.966,59.17 571,58.147 571,50 C571,41.851 570.966,40.831 570.82,37.631\"><\/path><\/g><\/g><\/g><\/svg><\/div><div style=\"padding-top: 8px;\"> <div style=\" color:#3897f0; font-family:Arial,sans-serif; font-size:14px; font-style:normal; font-weight:550; line-height:18px;\">Ver essa foto no Instagram<\/div><\/div><div style=\"padding: 12.5% 0;\"><\/div> <div style=\"display: flex; flex-direction: row; margin-bottom: 14px; align-items: center;\"><div> <div style=\"background-color: #F4F4F4; border-radius: 50%; height: 12.5px; width: 12.5px; transform: translateX(0px) translateY(7px);\"><\/div> <div style=\"background-color: #F4F4F4; height: 12.5px; transform: rotate(-45deg) translateX(3px) translateY(1px); width: 12.5px; flex-grow: 0; margin-right: 14px; margin-left: 2px;\"><\/div> <div style=\"background-color: #F4F4F4; border-radius: 50%; height: 12.5px; width: 12.5px; transform: translateX(9px) translateY(-18px);\"><\/div><\/div><div style=\"margin-left: 8px;\"> <div style=\" background-color: #F4F4F4; border-radius: 50%; flex-grow: 0; height: 20px; width: 20px;\"><\/div> <div style=\" width: 0; height: 0; border-top: 2px solid transparent; border-left: 6px solid #f4f4f4; border-bottom: 2px solid transparent; transform: translateX(16px) translateY(-4px) rotate(30deg)\"><\/div><\/div><div style=\"margin-left: auto;\"> <div style=\" width: 0px; border-top: 8px solid #F4F4F4; border-right: 8px solid transparent; transform: translateY(16px);\"><\/div> <div style=\" background-color: #F4F4F4; flex-grow: 0; height: 12px; width: 16px; transform: translateY(-4px);\"><\/div> <div style=\" width: 0; height: 0; border-top: 8px solid #F4F4F4; border-left: 8px solid transparent; transform: translateY(-4px) translateX(8px);\"><\/div><\/div><\/div> <div style=\"display: flex; flex-direction: column; flex-grow: 1; justify-content: center; margin-bottom: 24px;\"> <div style=\" background-color: #F4F4F4; border-radius: 4px; flex-grow: 0; height: 14px; margin-bottom: 6px; width: 224px;\"><\/div> <div style=\" background-color: #F4F4F4; border-radius: 4px; flex-grow: 0; height: 14px; width: 144px;\"><\/div><\/div><\/a><p style=\" color:#c9c8cd; font-family:Arial,sans-serif; font-size:14px; line-height:17px; margin-bottom:0; margin-top:8px; overflow:hidden; padding:8px 0 7px; text-align:center; text-overflow:ellipsis; white-space:nowrap;\"><a href=\"https:\/\/www.instagram.com\/reel\/DXO2elxDNMW\/?utm_source=ig_embed&amp;utm_campaign=loading\" style=\" color:#c9c8cd; font-family:Arial,sans-serif; font-size:14px; font-style:normal; font-weight:normal; line-height:17px; text-decoration:none;\" target=\"_blank\">Um post compartilhado por DR. GIULIANO CIGERZA | Cirurgia Bari\u00e1trica (@dr.giulianocigerza)<\/a><\/p><\/div><\/blockquote>\n<script async src=\"\/\/www.instagram.com\/embed.js\"><\/script>\n\n\n\n<h2 class=\"wp-block-heading\">Quais alimentos mais provocam incha\u00e7o e gases?<\/h2>\n\n\n\n<p>Alguns alimentos s\u00e3o naturalmente mais ferment\u00e1veis e geram mais gases durante a digest\u00e3o. Isso n\u00e3o significa que voc\u00ea precise cort\u00e1\u2011los para sempre, mas sim observar como seu corpo reage a cada um deles. A toler\u00e2ncia varia bastante de pessoa para pessoa.<\/p>\n\n\n\n<p>Confira os principais grupos que costumam provocar incha\u00e7o:<\/p>\n\n\n\n<ul class=\"wp-block-list\">\n<li><strong>Leguminosas<\/strong>: feij\u00e3o, lentilha e gr\u00e3o\u2011de\u2011bico.<\/li>\n\n\n\n<li><strong>Vegetais cruc\u00edferos<\/strong>: br\u00f3colis, couve\u2011flor e repolho.<\/li>\n\n\n\n<li><strong>Latic\u00ednios<\/strong>: leite, queijos frescos e sorvete.<\/li>\n\n\n\n<li><strong>Bebidas gaseificadas<\/strong> e chicletes sem a\u00e7\u00facar.<\/li>\n\n\n\n<li><strong>Alimentos ricos em frutose<\/strong>: manga, ma\u00e7\u00e3 e mel em excesso.<\/li>\n<\/ul>\n\n\n\n<p>Leia tamb\u00e9m: <a href=\"https:\/\/www.correiobraziliense.com.br\/cbradar\/a-psicologia-aponta-que-adultos-que-evitam-conflitos-nao-sao-mais-maduros-mas-aprenderam-na-infancia-que-expressar-emocoes-gerava-punicao\/\" target=\"_blank\" rel=\"noreferrer noopener\">A psicologia aponta que adultos que evitam conflitos n\u00e3o s\u00e3o mais maduros, mas aprenderam na inf\u00e2ncia que expressar emo\u00e7\u00f5es gerava puni\u00e7\u00e3o<\/a><\/p>\n\n\n\n<h2 class=\"wp-block-heading\">Quando o incha\u00e7o abdominal indica um problema mais s\u00e9rio?<\/h2>\n\n\n\n<p>Se o incha\u00e7o vier acompanhado de <strong>perda de peso inexplicada<\/strong>, <strong>sangue nas fezes<\/strong>, <strong>febre<\/strong> ou <strong>v\u00f4mitos<\/strong>, \u00e9 preciso procurar um m\u00e9dico com urg\u00eancia. Esses sinais podem indicar condi\u00e7\u00f5es que v\u00e3o al\u00e9m de uma simples intoler\u00e2ncia e exigem investiga\u00e7\u00e3o especializada.<\/p>\n\n\n\n<p>Doen\u00e7as como a <a href=\"https:\/\/www.niddk.nih.gov\/health-information\/digestive-diseases\/irritable-bowel-syndrome\" target=\"_blank\" rel=\"noreferrer noopener\">s\u00edndrome do intestino irrit\u00e1vel<\/a> e a doen\u00e7a cel\u00edaca tamb\u00e9m provocam incha\u00e7o cr\u00f4nico, mas geralmente somam outros sintomas como altera\u00e7\u00f5es no h\u00e1bito intestinal e fadiga persistente. O diagn\u00f3stico correto depende de exames cl\u00ednicos e, em alguns casos, de uma dieta de exclus\u00e3o supervisionada.<\/p>\n\n\n<div class=\"wp-block-image\">\n<figure class=\"aligncenter size-full\"><img decoding=\"async\" width=\"1280\" height=\"720\" src=\"https:\/\/www.correiobraziliense.com.br\/cbradar\/wp-content\/uploads\/2026\/04\/IMAGEM_720p_1776966790574.jpg\" alt=\"As causas do incha\u00e7o abdominal p\u00f3s\u2011refei\u00e7\u00e3o, diferenciar excesso de gases\" class=\"wp-image-230843\" srcset=\"https:\/\/www.correiobraziliense.com.br\/cbradar\/wp-content\/uploads\/2026\/04\/IMAGEM_720p_1776966790574.jpg 1280w, https:\/\/www.correiobraziliense.com.br\/cbradar\/wp-content\/uploads\/2026\/04\/IMAGEM_720p_1776966790574-300x169.jpg 300w, https:\/\/www.correiobraziliense.com.br\/cbradar\/wp-content\/uploads\/2026\/04\/IMAGEM_720p_1776966790574-768x432.jpg 768w, https:\/\/www.correiobraziliense.com.br\/cbradar\/wp-content\/uploads\/2026\/04\/IMAGEM_720p_1776966790574-750x422.jpg 750w, https:\/\/www.correiobraziliense.com.br\/cbradar\/wp-content\/uploads\/2026\/04\/IMAGEM_720p_1776966790574-1140x641.jpg 1140w\" sizes=\"(max-width: 1280px) 100vw, 1280px\" \/><figcaption class=\"wp-element-caption\">As causas do incha\u00e7o abdominal p\u00f3s\u2011refei\u00e7\u00e3o, diferenciar excesso de gases<\/figcaption><\/figure><\/div>\n\n\n<h2 class=\"wp-block-heading\">O que fazer para aliviar o incha\u00e7o ap\u00f3s comer?<\/h2>\n\n\n\n<p>A primeira medida \u00e9 desacelerar as refei\u00e7\u00f5es. Mastigar devagar e evitar conversar enquanto come reduz a entrada de ar no est\u00f4mago. Outra estrat\u00e9gia pr\u00e1tica \u00e9 fazer um di\u00e1rio alimentar para identificar os vil\u00f5es pessoais, anotando o que comeu e como se sentiu nas horas seguintes.<\/p>\n\n\n\n<p>Para quem sofre com gases, ch\u00e1s de <strong>erva\u2011doce<\/strong> e <strong>hortel\u00e3<\/strong> podem ajudar a relaxar a musculatura intestinal. Excluir temporariamente os alimentos suspeitos, por at\u00e9 duas semanas, costuma ser o teste mais revelador. Se o incha\u00e7o persistir, um nutricionista ou gastroenterologista pode orientar a reintrodu\u00e7\u00e3o segura e montar um plano alimentar personalizado.<\/p>\n","protected":false},"excerpt":{"rendered":"<p>Voc\u00ea sente a barriga estufar minutos depois de uma refei\u00e7\u00e3o? O incha\u00e7o ap\u00f3s comer pode ser causado por excesso de gases ou por uma intoler\u00e2ncia alimentar que voc\u00ea ainda n\u00e3o identificou. Entender a diferen\u00e7a entre esses dois problemas \u00e9 o primeiro passo para aliviar o desconforto e evitar que o quadro se repita. O que [&hellip;]<\/p>\n","protected":false},"author":11,"featured_media":231507,"comment_status":"open","ping_status":"open","sticky":false,"template":"","format":"standard","meta":{"_yoast_wpseo_focuskw":"incha\u00e7o ap\u00f3s comer","_yoast_wpseo_title":"","_yoast_wpseo_metadesc":"Barriga estufada depois das refei\u00e7\u00f5es? Pode ser gases ou intoler\u00e2ncia alimentar. Veja como diferenciar os sintomas e o que realmente ajuda.","jnews-multi-image_gallery":[],"jnews_single_post":{"format":"standard"},"jnews_primary_category":[],"jnews_social_meta":[],"jnews_override_counter":[],"footnotes":""},"categories":[119],"post_tag":[5163,4574],"class_list":["post-230836","post","type-post","status-publish","format-standard","has-post-thumbnail","hentry","category-bem-estar","tag-abdomen","tag-inchaco"],"yoast_head":"<!-- This site is optimized with the Yoast SEO plugin v24.6 - https:\/\/yoast.com\/wordpress\/plugins\/seo\/ -->\n<title>Se voc\u00ea sente incha\u00e7o abdominal ap\u00f3s comer, pode ser excesso de gases ou intoler\u00e2ncia alimentar - Correio Braziliense - Radar<\/title>\n<meta name=\"description\" content=\"Barriga estufada depois das refei\u00e7\u00f5es? Pode ser gases ou intoler\u00e2ncia alimentar. Veja como diferenciar os sintomas e o que realmente ajuda.\" \/>\n<meta name=\"robots\" content=\"index, follow, max-snippet:-1, max-image-preview:large, max-video-preview:-1\" \/>\n<link rel=\"canonical\" href=\"https:\/\/www.correiobraziliense.com.br\/cbradar\/se-voce-sente-inchaco-abdominal-apos-comer-pode-ser-excesso-de-gases-ou-intolerancia-alimentar\/\" \/>\n<meta property=\"og:locale\" content=\"pt_BR\" \/>\n<meta property=\"og:type\" content=\"article\" \/>\n<meta property=\"og:title\" content=\"Se voc\u00ea sente incha\u00e7o abdominal ap\u00f3s comer, pode ser excesso de gases ou intoler\u00e2ncia alimentar - Correio Braziliense - Radar\" \/>\n<meta property=\"og:description\" content=\"Barriga estufada depois das refei\u00e7\u00f5es? Pode ser gases ou intoler\u00e2ncia alimentar. Veja como diferenciar os sintomas e o que realmente ajuda.\" \/>\n<meta property=\"og:url\" content=\"https:\/\/www.correiobraziliense.com.br\/cbradar\/se-voce-sente-inchaco-abdominal-apos-comer-pode-ser-excesso-de-gases-ou-intolerancia-alimentar\/\" \/>\n<meta property=\"og:site_name\" content=\"Correio Braziliense - Radar\" \/>\n<meta property=\"article:published_time\" content=\"2026-04-26T10:25:00+00:00\" \/>\n<meta property=\"og:image\" content=\"https:\/\/www.correiobraziliense.com.br\/cbradar\/wp-content\/uploads\/2026\/04\/Abdomen_distendido_com_202604241636.jpeg\" \/>\n\t<meta property=\"og:image:width\" content=\"1280\" \/>\n\t<meta property=\"og:image:height\" content=\"720\" \/>\n\t<meta property=\"og:image:type\" content=\"image\/jpeg\" \/>\n<meta name=\"author\" content=\"Paulo Custodio\" \/>\n<meta name=\"twitter:card\" content=\"summary_large_image\" \/>\n<meta name=\"twitter:label1\" content=\"Escrito por\" \/>\n\t<meta name=\"twitter:data1\" content=\"Paulo Custodio\" \/>\n\t<meta name=\"twitter:label2\" content=\"Est. tempo de leitura\" \/>\n\t<meta name=\"twitter:data2\" content=\"4 minutos\" \/>\n<!-- \/ Yoast SEO plugin. -->","yoast_head_json":{"title":"Se voc\u00ea sente incha\u00e7o abdominal ap\u00f3s comer, pode ser excesso de gases ou intoler\u00e2ncia alimentar - Correio Braziliense - Radar","description":"Barriga estufada depois das refei\u00e7\u00f5es? Pode ser gases ou intoler\u00e2ncia alimentar. Veja como diferenciar os sintomas e o que realmente ajuda.","robots":{"index":"index","follow":"follow","max-snippet":"max-snippet:-1","max-image-preview":"max-image-preview:large","max-video-preview":"max-video-preview:-1"},"canonical":"https:\/\/www.correiobraziliense.com.br\/cbradar\/se-voce-sente-inchaco-abdominal-apos-comer-pode-ser-excesso-de-gases-ou-intolerancia-alimentar\/","og_locale":"pt_BR","og_type":"article","og_title":"Se voc\u00ea sente incha\u00e7o abdominal ap\u00f3s comer, pode ser excesso de gases ou intoler\u00e2ncia alimentar - Correio Braziliense - Radar","og_description":"Barriga estufada depois das refei\u00e7\u00f5es? Pode ser gases ou intoler\u00e2ncia alimentar. Veja como diferenciar os sintomas e o que realmente ajuda.","og_url":"https:\/\/www.correiobraziliense.com.br\/cbradar\/se-voce-sente-inchaco-abdominal-apos-comer-pode-ser-excesso-de-gases-ou-intolerancia-alimentar\/","og_site_name":"Correio Braziliense - Radar","article_published_time":"2026-04-26T10:25:00+00:00","og_image":[{"width":1280,"height":720,"url":"https:\/\/www.correiobraziliense.com.br\/cbradar\/wp-content\/uploads\/2026\/04\/Abdomen_distendido_com_202604241636.jpeg","type":"image\/jpeg"}],"author":"Paulo Custodio","twitter_card":"summary_large_image","twitter_misc":{"Escrito por":"Paulo Custodio","Est. tempo de leitura":"4 minutos"},"schema":{"@context":"https:\/\/schema.org","@graph":[{"@type":"WebPage","@id":"https:\/\/www.correiobraziliense.com.br\/cbradar\/se-voce-sente-inchaco-abdominal-apos-comer-pode-ser-excesso-de-gases-ou-intolerancia-alimentar\/","url":"https:\/\/www.correiobraziliense.com.br\/cbradar\/se-voce-sente-inchaco-abdominal-apos-comer-pode-ser-excesso-de-gases-ou-intolerancia-alimentar\/","name":"Se voc\u00ea sente incha\u00e7o abdominal ap\u00f3s comer, pode ser excesso de gases ou intoler\u00e2ncia alimentar - Correio Braziliense - Radar","isPartOf":{"@id":"https:\/\/www.correiobraziliense.com.br\/cbradar\/#website"},"primaryImageOfPage":{"@id":"https:\/\/www.correiobraziliense.com.br\/cbradar\/se-voce-sente-inchaco-abdominal-apos-comer-pode-ser-excesso-de-gases-ou-intolerancia-alimentar\/#primaryimage"},"image":{"@id":"https:\/\/www.correiobraziliense.com.br\/cbradar\/se-voce-sente-inchaco-abdominal-apos-comer-pode-ser-excesso-de-gases-ou-intolerancia-alimentar\/#primaryimage"},"thumbnailUrl":"https:\/\/www.correiobraziliense.com.br\/cbradar\/wp-content\/uploads\/2026\/04\/Abdomen_distendido_com_202604241636.jpeg","datePublished":"2026-04-26T10:25:00+00:00","author":{"@id":"https:\/\/www.correiobraziliense.com.br\/cbradar\/#\/schema\/person\/4cec7857301a9a1a2ef249893cd908d3"},"description":"Barriga estufada depois das refei\u00e7\u00f5es? Pode ser gases ou intoler\u00e2ncia alimentar. Veja como diferenciar os sintomas e o que realmente ajuda.","breadcrumb":{"@id":"https:\/\/www.correiobraziliense.com.br\/cbradar\/se-voce-sente-inchaco-abdominal-apos-comer-pode-ser-excesso-de-gases-ou-intolerancia-alimentar\/#breadcrumb"},"inLanguage":"pt-BR","potentialAction":[{"@type":"ReadAction","target":["https:\/\/www.correiobraziliense.com.br\/cbradar\/se-voce-sente-inchaco-abdominal-apos-comer-pode-ser-excesso-de-gases-ou-intolerancia-alimentar\/"]}]},{"@type":"ImageObject","inLanguage":"pt-BR","@id":"https:\/\/www.correiobraziliense.com.br\/cbradar\/se-voce-sente-inchaco-abdominal-apos-comer-pode-ser-excesso-de-gases-ou-intolerancia-alimentar\/#primaryimage","url":"https:\/\/www.correiobraziliense.com.br\/cbradar\/wp-content\/uploads\/2026\/04\/Abdomen_distendido_com_202604241636.jpeg","contentUrl":"https:\/\/www.correiobraziliense.com.br\/cbradar\/wp-content\/uploads\/2026\/04\/Abdomen_distendido_com_202604241636.jpeg","width":1280,"height":720,"caption":"O incha\u00e7o abdominal pode estar ligado ao ac\u00famulo de gases no intestino"},{"@type":"BreadcrumbList","@id":"https:\/\/www.correiobraziliense.com.br\/cbradar\/se-voce-sente-inchaco-abdominal-apos-comer-pode-ser-excesso-de-gases-ou-intolerancia-alimentar\/#breadcrumb","itemListElement":[{"@type":"ListItem","position":1,"name":"In\u00edcio","item":"https:\/\/www.correiobraziliense.com.br\/cbradar\/"},{"@type":"ListItem","position":2,"name":"Se voc\u00ea sente incha\u00e7o abdominal ap\u00f3s comer, pode ser excesso de gases ou intoler\u00e2ncia alimentar"}]},{"@type":"WebSite","@id":"https:\/\/www.correiobraziliense.com.br\/cbradar\/#website","url":"https:\/\/www.correiobraziliense.com.br\/cbradar\/","name":"Correio Braziliense - Radar","description":"Acompanhe as \u00faltimas not\u00edcias e fique bem informado sobre tudo o que acontece no Brasil e no mundo.","potentialAction":[{"@type":"SearchAction","target":{"@type":"EntryPoint","urlTemplate":"https:\/\/www.correiobraziliense.com.br\/cbradar\/?s={search_term_string}"},"query-input":{"@type":"PropertyValueSpecification","valueRequired":true,"valueName":"search_term_string"}}],"inLanguage":"pt-BR"},{"@type":"Person","@id":"https:\/\/www.correiobraziliense.com.br\/cbradar\/#\/schema\/person\/4cec7857301a9a1a2ef249893cd908d3","name":"Paulo Custodio","image":{"@type":"ImageObject","inLanguage":"pt-BR","@id":"https:\/\/www.correiobraziliense.com.br\/cbradar\/#\/schema\/person\/image\/","url":"https:\/\/secure.gravatar.com\/avatar\/bcd67168d1534e8fcf4f45c726a87cea?s=96&d=mm&r=g","contentUrl":"https:\/\/secure.gravatar.com\/avatar\/bcd67168d1534e8fcf4f45c726a87cea?s=96&d=mm&r=g","caption":"Paulo Custodio"},"sameAs":["https:\/\/www.correiobraziliense.com.br\/cbradar"],"url":"https:\/\/www.correiobraziliense.com.br\/cbradar\/author\/paulomyth\/"}]}},"_links":{"self":[{"href":"https:\/\/www.correiobraziliense.com.br\/cbradar\/wp-json\/wp\/v2\/posts\/230836","targetHints":{"allow":["GET"]}}],"collection":[{"href":"https:\/\/www.correiobraziliense.com.br\/cbradar\/wp-json\/wp\/v2\/posts"}],"about":[{"href":"https:\/\/www.correiobraziliense.com.br\/cbradar\/wp-json\/wp\/v2\/types\/post"}],"author":[{"embeddable":true,"href":"https:\/\/www.correiobraziliense.com.br\/cbradar\/wp-json\/wp\/v2\/users\/11"}],"replies":[{"embeddable":true,"href":"https:\/\/www.correiobraziliense.com.br\/cbradar\/wp-json\/wp\/v2\/comments?post=230836"}],"version-history":[{"count":1,"href":"https:\/\/www.correiobraziliense.com.br\/cbradar\/wp-json\/wp\/v2\/posts\/230836\/revisions"}],"predecessor-version":[{"id":230849,"href":"https:\/\/www.correiobraziliense.com.br\/cbradar\/wp-json\/wp\/v2\/posts\/230836\/revisions\/230849"}],"wp:featuredmedia":[{"embeddable":true,"href":"https:\/\/www.correiobraziliense.com.br\/cbradar\/wp-json\/wp\/v2\/media\/231507"}],"wp:attachment":[{"href":"https:\/\/www.correiobraziliense.com.br\/cbradar\/wp-json\/wp\/v2\/media?parent=230836"}],"wp:term":[{"taxonomy":"category","embeddable":true,"href":"https:\/\/www.correiobraziliense.com.br\/cbradar\/wp-json\/wp\/v2\/categories?post=230836"},{"taxonomy":"post_tag","embeddable":true,"href":"https:\/\/www.correiobraziliense.com.br\/cbradar\/wp-json\/wp\/v2\/post_tag?post=230836"}],"curies":[{"name":"wp","href":"https:\/\/api.w.org\/{rel}","templated":true}]}}