{"id":230850,"date":"2026-04-26T09:05:00","date_gmt":"2026-04-26T12:05:00","guid":{"rendered":"https:\/\/www.correiobraziliense.com.br\/cbradar\/?p=230850"},"modified":"2026-04-25T01:55:17","modified_gmt":"2026-04-25T04:55:17","slug":"segundo-nutricionistas-o-arroz-pode-fazer-parte-da-dieta-se-consumido-do-jeito-certo-nas-refeicoes","status":"publish","type":"post","link":"https:\/\/www.correiobraziliense.com.br\/cbradar\/segundo-nutricionistas-o-arroz-pode-fazer-parte-da-dieta-se-consumido-do-jeito-certo-nas-refeicoes\/","title":{"rendered":"Segundo nutricionistas, o arroz pode fazer parte da dieta se consumido do jeito certo nas refei\u00e7\u00f5es"},"content":{"rendered":"\n<p>Por que um alimento b\u00e1sico como o <strong>arroz na dieta<\/strong> ainda gera tanta d\u00favida? Estudos recentes mostram que o gr\u00e3o, quando bem planejado, n\u00e3o sabota seus objetivos. A chave est\u00e1 no tipo, na quantidade e nos companheiros do prato.<\/p>\n\n\n\n<h2 class=\"wp-block-heading\">Por que o arroz ainda \u00e9 visto como vil\u00e3o nas dietas?<\/h2>\n\n\n\n<p>O <strong>arroz branco<\/strong> passa por um processo de refinamento que remove a casca e o g\u00e9rmen. Isso reduz fibras e micronutrientes, elevando seu <strong>\u00edndice glic\u00eamico<\/strong>. A digest\u00e3o r\u00e1pida gera picos de glicose no sangue, o que pode favorecer o ac\u00famulo de gordura.<\/p>\n\n\n\n<p>Por\u00e9m, demonizar um alimento isoladamente ignora o contexto alimentar. A carga glic\u00eamica da refei\u00e7\u00e3o inteira importa mais do que o \u00edndice de um \u00fanico item. O segredo n\u00e3o \u00e9 excluir, mas equilibrar o prato com intelig\u00eancia.<\/p>\n\n\n<div class=\"wp-block-image\">\n<figure class=\"aligncenter size-full\"><img decoding=\"async\" width=\"1280\" height=\"720\" src=\"https:\/\/www.correiobraziliense.com.br\/cbradar\/wp-content\/uploads\/2026\/04\/IMAGEM_720p_1776967498014.jpg\" alt=\"Como o arroz pode ser inclu\u00eddo de forma saud\u00e1vel na dieta\" class=\"wp-image-230854\" srcset=\"https:\/\/www.correiobraziliense.com.br\/cbradar\/wp-content\/uploads\/2026\/04\/IMAGEM_720p_1776967498014.jpg 1280w, https:\/\/www.correiobraziliense.com.br\/cbradar\/wp-content\/uploads\/2026\/04\/IMAGEM_720p_1776967498014-300x169.jpg 300w, https:\/\/www.correiobraziliense.com.br\/cbradar\/wp-content\/uploads\/2026\/04\/IMAGEM_720p_1776967498014-768x432.jpg 768w, https:\/\/www.correiobraziliense.com.br\/cbradar\/wp-content\/uploads\/2026\/04\/IMAGEM_720p_1776967498014-750x422.jpg 750w, https:\/\/www.correiobraziliense.com.br\/cbradar\/wp-content\/uploads\/2026\/04\/IMAGEM_720p_1776967498014-1140x641.jpg 1140w\" sizes=\"(max-width: 1280px) 100vw, 1280px\" \/><figcaption class=\"wp-element-caption\">Como o arroz pode ser inclu\u00eddo de forma saud\u00e1vel na dieta<\/figcaption><\/figure><\/div>\n\n\n<h2 class=\"wp-block-heading\">O que torna o arroz um alimento estrat\u00e9gico para a saciedade?<\/h2>\n\n\n\n<p>Quando combinado com fontes de <strong>prote\u00edna magra<\/strong> e <strong>gorduras boas<\/strong>, o esvaziamento g\u00e1strico se torna mais lento. Esse mecanismo prolonga a sensa\u00e7\u00e3o de plenitude e reduz a fome fora de hora. O <strong>arroz<\/strong> deixa de ser um vil\u00e3o e passa a ser ve\u00edculo de nutrientes.<\/p>\n\n\n\n<p>Pesquisas indicam que dietas com carboidratos de qualidade, como o <strong>arroz integral<\/strong>, est\u00e3o associadas a um menor \u00edndice de massa corporal. O gr\u00e3o integral preserva o farelo rico em <strong>fibras insol\u00faveis<\/strong>, que ajudam no tr\u00e2nsito intestinal e no controle da glicemia.<\/p>\n\n\n\n<h2 class=\"wp-block-heading\">Como preparar o arroz para reduzir o \u00edndice glic\u00eamico?<\/h2>\n\n\n\n<p>A forma de coc\u00e7\u00e3o altera a estrutura do amido. Um estudo da <a href=\"https:\/\/www.ncbi.nlm.nih.gov\/pmc\/articles\/PMC6470799\/\" target=\"_blank\" rel=\"noreferrer noopener\"><strong>American Chemical Society<\/strong><\/a> mostrou que adicionar uma colher de ch\u00e1 de <strong>\u00f3leo de coco<\/strong> \u00e0 \u00e1gua do cozimento e depois resfriar o <strong>arroz<\/strong> por 12 horas pode reduzir em at\u00e9 60% as calorias absorv\u00edveis.<\/p>\n\n\n\n<p>Esse truque aumenta a forma\u00e7\u00e3o do <strong>amido resistente<\/strong>, que n\u00e3o \u00e9 digerido no intestino delgado. Ele chega ao c\u00f3lon e serve de alimento para as bact\u00e9rias ben\u00e9ficas. Reaquecer o arroz depois desse processo mant\u00e9m o benef\u00edcio, tornando a por\u00e7\u00e3o menos impactante para a glicemia.<\/p>\n\n\n\n<h3 class=\"wp-block-heading\">Amido resistente na pr\u00e1tica<\/h3>\n\n\n\n<p>Para obter o efeito, cozinhe o <strong>arroz<\/strong> normalmente com a gordura escolhida. Leve \u00e0 geladeira de um dia para o outro. No dia seguinte, aque\u00e7a apenas a por\u00e7\u00e3o que for consumir. O sabor permanece o mesmo, e a qualidade nutricional melhora.<\/p>\n\n\n\n<p>No v\u00eddeo a seguir, o perfil da <strong><em>Marieli Sbardelotto<\/em><\/strong>, com 500 mil seguidores, fala um pouco sobre o consumo do arroz:<\/p>\n\n\n\n<blockquote class=\"instagram-media\" data-instgrm-captioned data-instgrm-permalink=\"https:\/\/www.instagram.com\/reel\/DQ4TjdbALsD\/?utm_source=ig_embed&amp;utm_campaign=loading\" data-instgrm-version=\"14\" style=\" background:#FFF; border:0; border-radius:3px; box-shadow:0 0 1px 0 rgba(0,0,0,0.5),0 1px 10px 0 rgba(0,0,0,0.15); margin: 1px; max-width:540px; min-width:326px; padding:0; width:99.375%; width:-webkit-calc(100% - 2px); width:calc(100% - 2px);\"><div style=\"padding:16px;\"> <a href=\"https:\/\/www.instagram.com\/reel\/DQ4TjdbALsD\/?utm_source=ig_embed&amp;utm_campaign=loading\" style=\" background:#FFFFFF; line-height:0; padding:0 0; text-align:center; text-decoration:none; width:100%;\" target=\"_blank\"> <div style=\" display: flex; flex-direction: row; align-items: center;\"> <div style=\"background-color: #F4F4F4; border-radius: 50%; flex-grow: 0; height: 40px; margin-right: 14px; width: 40px;\"><\/div> <div style=\"display: flex; flex-direction: column; flex-grow: 1; justify-content: center;\"> <div style=\" background-color: #F4F4F4; border-radius: 4px; flex-grow: 0; height: 14px; margin-bottom: 6px; width: 100px;\"><\/div> <div style=\" background-color: #F4F4F4; border-radius: 4px; flex-grow: 0; height: 14px; width: 60px;\"><\/div><\/div><\/div><div style=\"padding: 19% 0;\"><\/div> <div style=\"display:block; height:50px; margin:0 auto 12px; width:50px;\"><svg width=\"50px\" height=\"50px\" viewBox=\"0 0 60 60\" version=\"1.1\" xmlns=\"https:\/\/www.w3.org\/2000\/svg\" xmlns:xlink=\"https:\/\/www.w3.org\/1999\/xlink\"><g stroke=\"none\" stroke-width=\"1\" fill=\"none\" fill-rule=\"evenodd\"><g transform=\"translate(-511.000000, -20.000000)\" fill=\"#000000\"><g><path d=\"M556.869,30.41 C554.814,30.41 553.148,32.076 553.148,34.131 C553.148,36.186 554.814,37.852 556.869,37.852 C558.924,37.852 560.59,36.186 560.59,34.131 C560.59,32.076 558.924,30.41 556.869,30.41 M541,60.657 C535.114,60.657 530.342,55.887 530.342,50 C530.342,44.114 535.114,39.342 541,39.342 C546.887,39.342 551.658,44.114 551.658,50 C551.658,55.887 546.887,60.657 541,60.657 M541,33.886 C532.1,33.886 524.886,41.1 524.886,50 C524.886,58.899 532.1,66.113 541,66.113 C549.9,66.113 557.115,58.899 557.115,50 C557.115,41.1 549.9,33.886 541,33.886 M565.378,62.101 C565.244,65.022 564.756,66.606 564.346,67.663 C563.803,69.06 563.154,70.057 562.106,71.106 C561.058,72.155 560.06,72.803 558.662,73.347 C557.607,73.757 556.021,74.244 553.102,74.378 C549.944,74.521 548.997,74.552 541,74.552 C533.003,74.552 532.056,74.521 528.898,74.378 C525.979,74.244 524.393,73.757 523.338,73.347 C521.94,72.803 520.942,72.155 519.894,71.106 C518.846,70.057 518.197,69.06 517.654,67.663 C517.244,66.606 516.755,65.022 516.623,62.101 C516.479,58.943 516.448,57.996 516.448,50 C516.448,42.003 516.479,41.056 516.623,37.899 C516.755,34.978 517.244,33.391 517.654,32.338 C518.197,30.938 518.846,29.942 519.894,28.894 C520.942,27.846 521.94,27.196 523.338,26.654 C524.393,26.244 525.979,25.756 528.898,25.623 C532.057,25.479 533.004,25.448 541,25.448 C548.997,25.448 549.943,25.479 553.102,25.623 C556.021,25.756 557.607,26.244 558.662,26.654 C560.06,27.196 561.058,27.846 562.106,28.894 C563.154,29.942 563.803,30.938 564.346,32.338 C564.756,33.391 565.244,34.978 565.378,37.899 C565.522,41.056 565.552,42.003 565.552,50 C565.552,57.996 565.522,58.943 565.378,62.101 M570.82,37.631 C570.674,34.438 570.167,32.258 569.425,30.349 C568.659,28.377 567.633,26.702 565.965,25.035 C564.297,23.368 562.623,22.342 560.652,21.575 C558.743,20.834 556.562,20.326 553.369,20.18 C550.169,20.033 549.148,20 541,20 C532.853,20 531.831,20.033 528.631,20.18 C525.438,20.326 523.257,20.834 521.349,21.575 C519.376,22.342 517.703,23.368 516.035,25.035 C514.368,26.702 513.342,28.377 512.574,30.349 C511.834,32.258 511.326,34.438 511.181,37.631 C511.035,40.831 511,41.851 511,50 C511,58.147 511.035,59.17 511.181,62.369 C511.326,65.562 511.834,67.743 512.574,69.651 C513.342,71.625 514.368,73.296 516.035,74.965 C517.703,76.634 519.376,77.658 521.349,78.425 C523.257,79.167 525.438,79.673 528.631,79.82 C531.831,79.965 532.853,80.001 541,80.001 C549.148,80.001 550.169,79.965 553.369,79.82 C556.562,79.673 558.743,79.167 560.652,78.425 C562.623,77.658 564.297,76.634 565.965,74.965 C567.633,73.296 568.659,71.625 569.425,69.651 C570.167,67.743 570.674,65.562 570.82,62.369 C570.966,59.17 571,58.147 571,50 C571,41.851 570.966,40.831 570.82,37.631\"><\/path><\/g><\/g><\/g><\/svg><\/div><div style=\"padding-top: 8px;\"> <div style=\" color:#3897f0; font-family:Arial,sans-serif; font-size:14px; font-style:normal; font-weight:550; line-height:18px;\">Ver essa foto no Instagram<\/div><\/div><div style=\"padding: 12.5% 0;\"><\/div> <div style=\"display: flex; flex-direction: row; margin-bottom: 14px; align-items: center;\"><div> <div style=\"background-color: #F4F4F4; border-radius: 50%; height: 12.5px; width: 12.5px; transform: translateX(0px) translateY(7px);\"><\/div> <div style=\"background-color: #F4F4F4; height: 12.5px; transform: rotate(-45deg) translateX(3px) translateY(1px); width: 12.5px; flex-grow: 0; margin-right: 14px; margin-left: 2px;\"><\/div> <div style=\"background-color: #F4F4F4; border-radius: 50%; height: 12.5px; width: 12.5px; transform: translateX(9px) translateY(-18px);\"><\/div><\/div><div style=\"margin-left: 8px;\"> <div style=\" background-color: #F4F4F4; border-radius: 50%; flex-grow: 0; height: 20px; width: 20px;\"><\/div> <div style=\" width: 0; height: 0; border-top: 2px solid transparent; border-left: 6px solid #f4f4f4; border-bottom: 2px solid transparent; transform: translateX(16px) translateY(-4px) rotate(30deg)\"><\/div><\/div><div style=\"margin-left: auto;\"> <div style=\" width: 0px; border-top: 8px solid #F4F4F4; border-right: 8px solid transparent; transform: translateY(16px);\"><\/div> <div style=\" background-color: #F4F4F4; flex-grow: 0; height: 12px; width: 16px; transform: translateY(-4px);\"><\/div> <div style=\" width: 0; height: 0; border-top: 8px solid #F4F4F4; border-left: 8px solid transparent; transform: translateY(-4px) translateX(8px);\"><\/div><\/div><\/div> <div style=\"display: flex; flex-direction: column; flex-grow: 1; justify-content: center; margin-bottom: 24px;\"> <div style=\" background-color: #F4F4F4; border-radius: 4px; flex-grow: 0; height: 14px; margin-bottom: 6px; width: 224px;\"><\/div> <div style=\" background-color: #F4F4F4; border-radius: 4px; flex-grow: 0; height: 14px; width: 144px;\"><\/div><\/div><\/a><p style=\" color:#c9c8cd; font-family:Arial,sans-serif; font-size:14px; line-height:17px; margin-bottom:0; margin-top:8px; overflow:hidden; padding:8px 0 7px; text-align:center; text-overflow:ellipsis; white-space:nowrap;\"><a href=\"https:\/\/www.instagram.com\/reel\/DQ4TjdbALsD\/?utm_source=ig_embed&amp;utm_campaign=loading\" style=\" color:#c9c8cd; font-family:Arial,sans-serif; font-size:14px; font-style:normal; font-weight:normal; line-height:17px; text-decoration:none;\" target=\"_blank\">Um post compartilhado por Marieli Sbardelotto | Nutricionista (@marielisbar)<\/a><\/p><\/div><\/blockquote>\n<script async src=\"\/\/www.instagram.com\/embed.js\"><\/script>\n\n\n\n<p>Leia tamb\u00e9m: <a href=\"https:\/\/www.correiobraziliense.com.br\/cbradar\/a-psicologia-aponta-que-adultos-que-evitam-conflitos-nao-sao-mais-maduros-mas-aprenderam-na-infancia-que-expressar-emocoes-gerava-punicao\/\" target=\"_blank\" rel=\"noreferrer noopener\">A psicologia aponta que adultos que evitam conflitos n\u00e3o s\u00e3o mais maduros, mas aprenderam na inf\u00e2ncia que expressar emo\u00e7\u00f5es gerava puni\u00e7\u00e3o<\/a><\/p>\n\n\n\n<h2 class=\"wp-block-heading\">Existe um jeito certo de combinar o arroz no prato?<\/h2>\n\n\n\n<p>Sim, e a regra visual do prato ajuda: metade deve ser preenchida com <strong>vegetais coloridos<\/strong>, um quarto com <strong>prote\u00edna<\/strong> e o restante com <strong>carboidrato<\/strong>. Essa propor\u00e7\u00e3o dilui a carga glic\u00eamica da refei\u00e7\u00e3o e garante saciedade com aporte de micronutrientes.<\/p>\n\n\n\n<p>A presen\u00e7a de <strong>leguminosas<\/strong> tamb\u00e9m \u00e9 uma estrat\u00e9gia de ouro. A dobradinha <strong>arroz com feij\u00e3o<\/strong>, t\u00edpica do Brasil, \u00e9 um cl\u00e1ssico funcional. A combina\u00e7\u00e3o dos amino\u00e1cidos dos dois alimentos forma uma prote\u00edna de alto valor biol\u00f3gico, reduzindo a necessidade de consumir grandes por\u00e7\u00f5es.<\/p>\n\n\n\n<h2 class=\"wp-block-heading\">Quais os erros mais comuns ao incluir arroz na dieta?<\/h2>\n\n\n\n<p>O primeiro equ\u00edvoco \u00e9 consumir uma por\u00e7\u00e3o exagerada. A medida ideal gira em torno de <strong>tr\u00eas a quatro colheres de sopa<\/strong> por refei\u00e7\u00e3o. Outro erro comum \u00e9 refogar o gr\u00e3o com excesso de \u00f3leo e temperos industrializados, que adicionam calorias vazias e s\u00f3dio.<\/p>\n\n\n\n<p>Comer <strong>arroz<\/strong> em grandes intervalos de jejum tamb\u00e9m amplifica o efeito sobre a glicose. O ideal \u00e9 distribu\u00ed-lo em refei\u00e7\u00f5es equilibradas ao longo do dia, evitando longos per\u00edodos sem comer. A regularidade alimentar mant\u00e9m a insulina est\u00e1vel e afasta os picos de fome.<\/p>\n\n\n<div class=\"wp-block-image\">\n<figure class=\"aligncenter size-full\"><img decoding=\"async\" width=\"1280\" height=\"720\" src=\"https:\/\/www.correiobraziliense.com.br\/cbradar\/wp-content\/uploads\/2026\/04\/IMAGEM_720p_1776967531976.jpg\" alt=\"Como o arroz pode ser inclu\u00eddo de forma saud\u00e1vel na dieta\" class=\"wp-image-230856\" srcset=\"https:\/\/www.correiobraziliense.com.br\/cbradar\/wp-content\/uploads\/2026\/04\/IMAGEM_720p_1776967531976.jpg 1280w, https:\/\/www.correiobraziliense.com.br\/cbradar\/wp-content\/uploads\/2026\/04\/IMAGEM_720p_1776967531976-300x169.jpg 300w, https:\/\/www.correiobraziliense.com.br\/cbradar\/wp-content\/uploads\/2026\/04\/IMAGEM_720p_1776967531976-768x432.jpg 768w, https:\/\/www.correiobraziliense.com.br\/cbradar\/wp-content\/uploads\/2026\/04\/IMAGEM_720p_1776967531976-750x422.jpg 750w, https:\/\/www.correiobraziliense.com.br\/cbradar\/wp-content\/uploads\/2026\/04\/IMAGEM_720p_1776967531976-1140x641.jpg 1140w\" sizes=\"(max-width: 1280px) 100vw, 1280px\" \/><figcaption class=\"wp-element-caption\">Como o arroz pode ser inclu\u00eddo de forma saud\u00e1vel na dieta<\/figcaption><\/figure><\/div>\n\n\n<h2 class=\"wp-block-heading\">O arroz integral \u00e9 sempre a melhor op\u00e7\u00e3o?<\/h2>\n\n\n\n<p>O <a href=\"https:\/\/pt.wikipedia.org\/wiki\/Arroz_integral\" target=\"_blank\" rel=\"noreferrer noopener\"><strong>arroz integral<\/strong><\/a> oferece mais fibras, vitaminas do complexo B e minerais como f\u00f3sforo e magn\u00e9sio. Para quem busca controle glic\u00eamico ou tem hist\u00f3rico de diabetes, ele leva vantagem clara. A digest\u00e3o \u00e9 mais gradual, e a resposta insul\u00ednica, menor.<\/p>\n\n\n\n<p>Contudo, o <strong>arroz branco<\/strong> n\u00e3o precisa ser banido. Em contextos de baixa ingest\u00e3o alimentar ou necessidade de r\u00e1pida reposi\u00e7\u00e3o energ\u00e9tica, ele pode ser \u00fatil. A chave est\u00e1 em alternar os tipos e sempre respeitar as combina\u00e7\u00f5es que modulam o impacto metab\u00f3lico.<\/p>\n\n\n\n<h3 class=\"wp-block-heading\">Variedades menos conhecidas<\/h3>\n\n\n\n<p>O <strong>arroz negro<\/strong> tem alto teor de antocianinas, antioxidantes que combatem o estresse oxidativo. J\u00e1 o <strong>arroz parboilizado<\/strong> passa por um pr\u00e9-cozimento que preserva parte dos nutrientes da casca, sendo uma op\u00e7\u00e3o intermedi\u00e1ria entre o branco e o integral.<\/p>\n\n\n\n<h2 class=\"wp-block-heading\">Qual o papel do arroz em uma dieta sustent\u00e1vel?<\/h2>\n\n\n\n<p>Incluir o <strong>arroz<\/strong> de forma consciente evita o efeito rebote das dietas restritivas. A proibi\u00e7\u00e3o total leva ao desejo intenso e, muitas vezes, ao abandono do plano alimentar. Um card\u00e1pio flex\u00edvel, com espa\u00e7o para alimentos culturais, tem mais chance de virar h\u00e1bito permanente.<\/p>\n\n\n\n<p>A rela\u00e7\u00e3o com a comida precisa ser leve e baseada em escolhas informadas. Quando se entende como o corpo processa os alimentos, o medo d\u00e1 lugar ao equil\u00edbrio. O arroz, presente na mesa de milh\u00f5es de pessoas, pode sim continuar fazendo parte da sua rotina saud\u00e1vel.<\/p>\n","protected":false},"excerpt":{"rendered":"<p>Por que um alimento b\u00e1sico como o arroz na dieta ainda gera tanta d\u00favida? Estudos recentes mostram que o gr\u00e3o, quando bem planejado, n\u00e3o sabota seus objetivos. A chave est\u00e1 no tipo, na quantidade e nos companheiros do prato. Por que o arroz ainda \u00e9 visto como vil\u00e3o nas dietas? O arroz branco passa por [&hellip;]<\/p>\n","protected":false},"author":11,"featured_media":231508,"comment_status":"open","ping_status":"open","sticky":false,"template":"","format":"standard","meta":{"_yoast_wpseo_focuskw":"arroz na dieta","_yoast_wpseo_title":"","_yoast_wpseo_metadesc":"O arroz pode ser seu aliado na dieta se voc\u00ea souber como prepar\u00e1-lo e combin\u00e1-lo. Descubra o que a ci\u00eancia diz sobre esse alimento t\u00e3o presente na mesa.","jnews-multi-image_gallery":[],"jnews_single_post":{"format":"standard"},"jnews_primary_category":[],"jnews_social_meta":[],"jnews_override_counter":[],"footnotes":""},"categories":[119],"post_tag":[1321,1400],"class_list":["post-230850","post","type-post","status-publish","format-standard","has-post-thumbnail","hentry","category-bem-estar","tag-comida","tag-nutricao"],"yoast_head":"<!-- This site is optimized with the Yoast SEO plugin v24.6 - https:\/\/yoast.com\/wordpress\/plugins\/seo\/ -->\n<title>Segundo nutricionistas, o arroz pode fazer parte da dieta se consumido do jeito certo nas refei\u00e7\u00f5es - Correio Braziliense - Radar<\/title>\n<meta name=\"description\" content=\"O arroz pode ser seu aliado na dieta se voc\u00ea souber como prepar\u00e1-lo e combin\u00e1-lo. Descubra o que a ci\u00eancia diz sobre esse alimento t\u00e3o presente na mesa.\" \/>\n<meta name=\"robots\" content=\"index, follow, max-snippet:-1, max-image-preview:large, max-video-preview:-1\" \/>\n<link rel=\"canonical\" href=\"https:\/\/www.correiobraziliense.com.br\/cbradar\/segundo-nutricionistas-o-arroz-pode-fazer-parte-da-dieta-se-consumido-do-jeito-certo-nas-refeicoes\/\" \/>\n<meta property=\"og:locale\" content=\"pt_BR\" \/>\n<meta property=\"og:type\" content=\"article\" \/>\n<meta property=\"og:title\" content=\"Segundo nutricionistas, o arroz pode fazer parte da dieta se consumido do jeito certo nas refei\u00e7\u00f5es - Correio Braziliense - Radar\" \/>\n<meta property=\"og:description\" content=\"O arroz pode ser seu aliado na dieta se voc\u00ea souber como prepar\u00e1-lo e combin\u00e1-lo. Descubra o que a ci\u00eancia diz sobre esse alimento t\u00e3o presente na mesa.\" \/>\n<meta property=\"og:url\" content=\"https:\/\/www.correiobraziliense.com.br\/cbradar\/segundo-nutricionistas-o-arroz-pode-fazer-parte-da-dieta-se-consumido-do-jeito-certo-nas-refeicoes\/\" \/>\n<meta property=\"og:site_name\" content=\"Correio Braziliense - Radar\" \/>\n<meta property=\"article:published_time\" content=\"2026-04-26T12:05:00+00:00\" \/>\n<meta property=\"og:image\" content=\"https:\/\/www.correiobraziliense.com.br\/cbradar\/wp-content\/uploads\/2026\/04\/Arroz_quentinho_em_202604241636.jpeg\" \/>\n\t<meta property=\"og:image:width\" content=\"1280\" \/>\n\t<meta property=\"og:image:height\" content=\"720\" \/>\n\t<meta property=\"og:image:type\" content=\"image\/jpeg\" \/>\n<meta name=\"author\" content=\"Paulo Custodio\" \/>\n<meta name=\"twitter:card\" content=\"summary_large_image\" \/>\n<meta name=\"twitter:label1\" content=\"Escrito por\" \/>\n\t<meta name=\"twitter:data1\" content=\"Paulo Custodio\" \/>\n\t<meta name=\"twitter:label2\" content=\"Est. tempo de leitura\" \/>\n\t<meta name=\"twitter:data2\" content=\"6 minutos\" \/>\n<!-- \/ Yoast SEO plugin. -->","yoast_head_json":{"title":"Segundo nutricionistas, o arroz pode fazer parte da dieta se consumido do jeito certo nas refei\u00e7\u00f5es - Correio Braziliense - Radar","description":"O arroz pode ser seu aliado na dieta se voc\u00ea souber como prepar\u00e1-lo e combin\u00e1-lo. Descubra o que a ci\u00eancia diz sobre esse alimento t\u00e3o presente na mesa.","robots":{"index":"index","follow":"follow","max-snippet":"max-snippet:-1","max-image-preview":"max-image-preview:large","max-video-preview":"max-video-preview:-1"},"canonical":"https:\/\/www.correiobraziliense.com.br\/cbradar\/segundo-nutricionistas-o-arroz-pode-fazer-parte-da-dieta-se-consumido-do-jeito-certo-nas-refeicoes\/","og_locale":"pt_BR","og_type":"article","og_title":"Segundo nutricionistas, o arroz pode fazer parte da dieta se consumido do jeito certo nas refei\u00e7\u00f5es - Correio Braziliense - Radar","og_description":"O arroz pode ser seu aliado na dieta se voc\u00ea souber como prepar\u00e1-lo e combin\u00e1-lo. Descubra o que a ci\u00eancia diz sobre esse alimento t\u00e3o presente na mesa.","og_url":"https:\/\/www.correiobraziliense.com.br\/cbradar\/segundo-nutricionistas-o-arroz-pode-fazer-parte-da-dieta-se-consumido-do-jeito-certo-nas-refeicoes\/","og_site_name":"Correio Braziliense - Radar","article_published_time":"2026-04-26T12:05:00+00:00","og_image":[{"width":1280,"height":720,"url":"https:\/\/www.correiobraziliense.com.br\/cbradar\/wp-content\/uploads\/2026\/04\/Arroz_quentinho_em_202604241636.jpeg","type":"image\/jpeg"}],"author":"Paulo Custodio","twitter_card":"summary_large_image","twitter_misc":{"Escrito por":"Paulo Custodio","Est. tempo de leitura":"6 minutos"},"schema":{"@context":"https:\/\/schema.org","@graph":[{"@type":"WebPage","@id":"https:\/\/www.correiobraziliense.com.br\/cbradar\/segundo-nutricionistas-o-arroz-pode-fazer-parte-da-dieta-se-consumido-do-jeito-certo-nas-refeicoes\/","url":"https:\/\/www.correiobraziliense.com.br\/cbradar\/segundo-nutricionistas-o-arroz-pode-fazer-parte-da-dieta-se-consumido-do-jeito-certo-nas-refeicoes\/","name":"Segundo nutricionistas, o arroz pode fazer parte da dieta se consumido do jeito certo nas refei\u00e7\u00f5es - Correio Braziliense - Radar","isPartOf":{"@id":"https:\/\/www.correiobraziliense.com.br\/cbradar\/#website"},"primaryImageOfPage":{"@id":"https:\/\/www.correiobraziliense.com.br\/cbradar\/segundo-nutricionistas-o-arroz-pode-fazer-parte-da-dieta-se-consumido-do-jeito-certo-nas-refeicoes\/#primaryimage"},"image":{"@id":"https:\/\/www.correiobraziliense.com.br\/cbradar\/segundo-nutricionistas-o-arroz-pode-fazer-parte-da-dieta-se-consumido-do-jeito-certo-nas-refeicoes\/#primaryimage"},"thumbnailUrl":"https:\/\/www.correiobraziliense.com.br\/cbradar\/wp-content\/uploads\/2026\/04\/Arroz_quentinho_em_202604241636.jpeg","datePublished":"2026-04-26T12:05:00+00:00","author":{"@id":"https:\/\/www.correiobraziliense.com.br\/cbradar\/#\/schema\/person\/4cec7857301a9a1a2ef249893cd908d3"},"description":"O arroz pode ser seu aliado na dieta se voc\u00ea souber como prepar\u00e1-lo e combin\u00e1-lo. Descubra o que a ci\u00eancia diz sobre esse alimento t\u00e3o presente na mesa.","breadcrumb":{"@id":"https:\/\/www.correiobraziliense.com.br\/cbradar\/segundo-nutricionistas-o-arroz-pode-fazer-parte-da-dieta-se-consumido-do-jeito-certo-nas-refeicoes\/#breadcrumb"},"inLanguage":"pt-BR","potentialAction":[{"@type":"ReadAction","target":["https:\/\/www.correiobraziliense.com.br\/cbradar\/segundo-nutricionistas-o-arroz-pode-fazer-parte-da-dieta-se-consumido-do-jeito-certo-nas-refeicoes\/"]}]},{"@type":"ImageObject","inLanguage":"pt-BR","@id":"https:\/\/www.correiobraziliense.com.br\/cbradar\/segundo-nutricionistas-o-arroz-pode-fazer-parte-da-dieta-se-consumido-do-jeito-certo-nas-refeicoes\/#primaryimage","url":"https:\/\/www.correiobraziliense.com.br\/cbradar\/wp-content\/uploads\/2026\/04\/Arroz_quentinho_em_202604241636.jpeg","contentUrl":"https:\/\/www.correiobraziliense.com.br\/cbradar\/wp-content\/uploads\/2026\/04\/Arroz_quentinho_em_202604241636.jpeg","width":1280,"height":720,"caption":"O arroz pode fazer parte de uma dieta equilibrada quando consumido com modera\u00e7\u00e3o"},{"@type":"BreadcrumbList","@id":"https:\/\/www.correiobraziliense.com.br\/cbradar\/segundo-nutricionistas-o-arroz-pode-fazer-parte-da-dieta-se-consumido-do-jeito-certo-nas-refeicoes\/#breadcrumb","itemListElement":[{"@type":"ListItem","position":1,"name":"In\u00edcio","item":"https:\/\/www.correiobraziliense.com.br\/cbradar\/"},{"@type":"ListItem","position":2,"name":"Segundo nutricionistas, o arroz pode fazer parte da dieta se consumido do jeito certo nas refei\u00e7\u00f5es"}]},{"@type":"WebSite","@id":"https:\/\/www.correiobraziliense.com.br\/cbradar\/#website","url":"https:\/\/www.correiobraziliense.com.br\/cbradar\/","name":"Correio Braziliense - Radar","description":"Acompanhe as \u00faltimas not\u00edcias e fique bem informado sobre tudo o que acontece no Brasil e no mundo.","potentialAction":[{"@type":"SearchAction","target":{"@type":"EntryPoint","urlTemplate":"https:\/\/www.correiobraziliense.com.br\/cbradar\/?s={search_term_string}"},"query-input":{"@type":"PropertyValueSpecification","valueRequired":true,"valueName":"search_term_string"}}],"inLanguage":"pt-BR"},{"@type":"Person","@id":"https:\/\/www.correiobraziliense.com.br\/cbradar\/#\/schema\/person\/4cec7857301a9a1a2ef249893cd908d3","name":"Paulo Custodio","image":{"@type":"ImageObject","inLanguage":"pt-BR","@id":"https:\/\/www.correiobraziliense.com.br\/cbradar\/#\/schema\/person\/image\/","url":"https:\/\/secure.gravatar.com\/avatar\/bcd67168d1534e8fcf4f45c726a87cea?s=96&d=mm&r=g","contentUrl":"https:\/\/secure.gravatar.com\/avatar\/bcd67168d1534e8fcf4f45c726a87cea?s=96&d=mm&r=g","caption":"Paulo Custodio"},"sameAs":["https:\/\/www.correiobraziliense.com.br\/cbradar"],"url":"https:\/\/www.correiobraziliense.com.br\/cbradar\/author\/paulomyth\/"}]}},"_links":{"self":[{"href":"https:\/\/www.correiobraziliense.com.br\/cbradar\/wp-json\/wp\/v2\/posts\/230850","targetHints":{"allow":["GET"]}}],"collection":[{"href":"https:\/\/www.correiobraziliense.com.br\/cbradar\/wp-json\/wp\/v2\/posts"}],"about":[{"href":"https:\/\/www.correiobraziliense.com.br\/cbradar\/wp-json\/wp\/v2\/types\/post"}],"author":[{"embeddable":true,"href":"https:\/\/www.correiobraziliense.com.br\/cbradar\/wp-json\/wp\/v2\/users\/11"}],"replies":[{"embeddable":true,"href":"https:\/\/www.correiobraziliense.com.br\/cbradar\/wp-json\/wp\/v2\/comments?post=230850"}],"version-history":[{"count":1,"href":"https:\/\/www.correiobraziliense.com.br\/cbradar\/wp-json\/wp\/v2\/posts\/230850\/revisions"}],"predecessor-version":[{"id":230861,"href":"https:\/\/www.correiobraziliense.com.br\/cbradar\/wp-json\/wp\/v2\/posts\/230850\/revisions\/230861"}],"wp:featuredmedia":[{"embeddable":true,"href":"https:\/\/www.correiobraziliense.com.br\/cbradar\/wp-json\/wp\/v2\/media\/231508"}],"wp:attachment":[{"href":"https:\/\/www.correiobraziliense.com.br\/cbradar\/wp-json\/wp\/v2\/media?parent=230850"}],"wp:term":[{"taxonomy":"category","embeddable":true,"href":"https:\/\/www.correiobraziliense.com.br\/cbradar\/wp-json\/wp\/v2\/categories?post=230850"},{"taxonomy":"post_tag","embeddable":true,"href":"https:\/\/www.correiobraziliense.com.br\/cbradar\/wp-json\/wp\/v2\/post_tag?post=230850"}],"curies":[{"name":"wp","href":"https:\/\/api.w.org\/{rel}","templated":true}]}}