{"id":230918,"date":"2026-04-26T16:55:00","date_gmt":"2026-04-26T19:55:00","guid":{"rendered":"https:\/\/www.correiobraziliense.com.br\/cbradar\/?p=230918"},"modified":"2026-04-25T01:57:45","modified_gmt":"2026-04-25T04:57:45","slug":"por-que-arquitetos-estao-usando-tubos-subterraneos-para-resfriar-casas-naturalmente-sem-ar-condicionado","status":"publish","type":"post","link":"https:\/\/www.correiobraziliense.com.br\/cbradar\/por-que-arquitetos-estao-usando-tubos-subterraneos-para-resfriar-casas-naturalmente-sem-ar-condicionado\/","title":{"rendered":"Por que arquitetos est\u00e3o usando tubos subterr\u00e2neos para resfriar casas naturalmente sem ar-condicionado"},"content":{"rendered":"\n<p>Na superf\u00edcie o term\u00f4metro atinge quarenta graus facilmente, mas a tr\u00eas metros de profundidade a terra permanece gelada o ano inteiro. \u00c9 por causa dessa f\u00edsica simples que <strong>tubos subterr\u00e2neos resfriam casas<\/strong> sugando o ar estabilizado diretamente para os quartos familiares.<\/p>\n\n\n\n<h2 class=\"wp-block-heading\">Como o forte calor da rua se transforma em brisa gelada no piso inferior?<\/h2>\n\n\n\n<p>A t\u00e9cnica imita perfeitamente as cavernas fechadas utilizando a forte <a href=\"https:\/\/pt.wikipedia.org\/wiki\/In%C3%A9rcia_t%C3%A9rmica\" target=\"_blank\" rel=\"noreferrer noopener\"><strong>in\u00e9rcia t\u00e9rmica<\/strong><\/a> do subsolo escuro. Uma torre de capta\u00e7\u00e3o suga o oxig\u00eanio sufocante do jardim e o for\u00e7a a viajar lentamente por uma vasta rede de canaliza\u00e7\u00f5es enterradas sob o gramado.<\/p>\n\n\n\n<p>Durante esse longo trajeto f\u00edsico inferior, a dura estrutura cede todo o seu alto n\u00edvel de calor para a terra fria ao redor. Quando o vento alcan\u00e7a as aberturas instaladas no rodap\u00e9 da sala, ele j\u00e1 perdeu at\u00e9 dez graus da sua temperatura inicial.<\/p>\n\n\n<div class=\"wp-block-image\">\n<figure class=\"aligncenter size-full\"><img decoding=\"async\" width=\"1280\" height=\"720\" src=\"https:\/\/www.correiobraziliense.com.br\/cbradar\/wp-content\/uploads\/2026\/04\/IMAGEM_720p_1776970771006.jpg\" alt=\"O funcionamento e os benef\u00edcios do resfriamento geot\u00e9rmico residencial\" class=\"wp-image-230919\" srcset=\"https:\/\/www.correiobraziliense.com.br\/cbradar\/wp-content\/uploads\/2026\/04\/IMAGEM_720p_1776970771006.jpg 1280w, https:\/\/www.correiobraziliense.com.br\/cbradar\/wp-content\/uploads\/2026\/04\/IMAGEM_720p_1776970771006-300x169.jpg 300w, https:\/\/www.correiobraziliense.com.br\/cbradar\/wp-content\/uploads\/2026\/04\/IMAGEM_720p_1776970771006-768x432.jpg 768w, https:\/\/www.correiobraziliense.com.br\/cbradar\/wp-content\/uploads\/2026\/04\/IMAGEM_720p_1776970771006-750x422.jpg 750w, https:\/\/www.correiobraziliense.com.br\/cbradar\/wp-content\/uploads\/2026\/04\/IMAGEM_720p_1776970771006-1140x641.jpg 1140w\" sizes=\"(max-width: 1280px) 100vw, 1280px\" \/><figcaption class=\"wp-element-caption\">O funcionamento e os benef\u00edcios do resfriamento geot\u00e9rmico residencial<\/figcaption><\/figure><\/div>\n\n\n<h3 class=\"wp-block-heading\">Quais s\u00e3o os componentes mec\u00e2nicos b\u00e1sicos dessa instala\u00e7\u00e3o estrutural?<\/h3>\n\n\n\n<p>Todo o complexo percurso tubular inicia em uma pequena chamin\u00e9 met\u00e1lica equipada com finas telas de filtro na pra\u00e7a externa. Essa barreira inicial impede rigorosamente a perigosa entrada de folhas secas, pequenos roedores e muita poeira suspensa durante os rotineiros dias de ventania.<\/p>\n\n\n\n<p>Um pequeno exaustor el\u00e9trico muito silencioso trabalha continuamente para manter a forte press\u00e3o e puxar ativamente todo esse volume atmosf\u00e9rico isolado. O baixo gasto rotativo dessa \u00fanica ventoinha residencial garante uma manuten\u00e7\u00e3o financeira mensal m\u00ednima para os respons\u00e1veis financeiros da fam\u00edlia.<\/p>\n\n\n\n<p>Leia tamb\u00e9m: <a href=\"https:\/\/www.correiobraziliense.com.br\/cbradar\/a-psicologia-aponta-que-adultos-que-evitam-conflitos-nao-sao-mais-maduros-mas-aprenderam-na-infancia-que-expressar-emocoes-gerava-punicao\/\" target=\"_blank\" rel=\"noreferrer noopener\">A psicologia aponta que adultos que evitam conflitos n\u00e3o s\u00e3o mais maduros, mas aprenderam na inf\u00e2ncia que expressar emo\u00e7\u00f5es gerava puni\u00e7\u00e3o<\/a><\/p>\n\n\n\n<h2 class=\"wp-block-heading\">Qual \u00e9 a profundidade m\u00e1xima exigida para garantir o real conforto interno?<\/h2>\n\n\n\n<p>Enterrar a longa tubula\u00e7\u00e3o de forma muito superficial anula completamente o principal efeito f\u00edsico desejado pelo engenheiro respons\u00e1vel. O solo raso absorve excessivamente toda a radia\u00e7\u00e3o solar e ferve junto com o asfalto da rua, aquecendo o ar interno em vez de esfri\u00e1-lo.<\/p>\n\n\n\n<p>Planejadores determinam escava\u00e7\u00f5es profundas na argila para estabilizar todo o isolamento dessa rede. Nessa espec\u00edfica zona geol\u00f3gica bloqueada, o clima local n\u00e3o sofre nenhuma grande interfer\u00eancia agressiva das frequentes chuvas geladas ou das extremas frentes de calor que castigam as zonas metropolitanas.<\/p>\n\n\n\n<h2 class=\"wp-block-heading\">Quais insumos de f\u00e1brica impedem o esmagamento dessa rede de ventila\u00e7\u00e3o limpa?<\/h2>\n\n\n\n<p>O enorme peso di\u00e1rio da lama molhada exige uma carca\u00e7a cil\u00edndrica de m\u00e1xima rigidez contra a forte press\u00e3o ambiental cont\u00ednua. Canos brancos muito fr\u00e1geis racham perigosamente sob a terra e permitem a imediata infiltra\u00e7\u00e3o l\u00edquida, impedindo a passagem do ar saud\u00e1vel da casa.<\/p>\n\n\n\n<p>Avalie as principais mat\u00e9rias-primas utilizadas pelo atual mercado construtivo urbano para blindar ativamente os longos dutos contra rupturas estruturais:<\/p>\n\n\n\n<ul class=\"wp-block-list\">\n<li><strong>Polietileno r\u00edgido:<\/strong> apresenta alta flexibilidade exigida durante tremores mec\u00e2nicos na rua e jamais enferruja com o forte contato h\u00eddrico natural.<\/li>\n\n\n\n<li><strong>Concreto pesado:<\/strong> suporta intensamente o constante tr\u00e2nsito pesado de ve\u00edculos na sua garagem superior, demandando muita aplica\u00e7\u00e3o manual de selantes impermeabilizantes.<\/li>\n\n\n\n<li><strong>Metal galvanizado:<\/strong> acelera velozmente a boa troca t\u00e9rmica lateral com o barro, custando alt\u00edssimos valores de produ\u00e7\u00e3o nas grandes distribuidoras do pa\u00eds.<\/li>\n<\/ul>\n\n\n\n<h2 class=\"wp-block-heading\">Como o desenho correto do terreno evita a forte prolifera\u00e7\u00e3o de mofo?<\/h2>\n\n\n\n<p>O constante choque clim\u00e1tico bruto entre o bafo denso da superf\u00edcie e a terra \u00famida sempre gera leves gotas l\u00edquidas nas paredes. Esse ac\u00famulo est\u00e1tico depositado no fundo das canaletas cria o ber\u00e7o biol\u00f3gico direto para o r\u00e1pido crescimento cr\u00f4nico de fungos t\u00f3xicos.<\/p>\n\n\n\n<p>Para carimbar essas plantas estruturais sanit\u00e1rias seguras, rigorosos profissionais baseados no <strong>Instituto Nacional de Metrologia, Qualidade e Tecnologia<\/strong> cobram diretrizes corretas de drenagem h\u00eddrica. Uma impercept\u00edvel inclina\u00e7\u00e3o no projeto joga o suor mec\u00e2nico da estrutura para o sistema central de esgoto.<\/p>\n\n\n<div class=\"wp-block-image\">\n<figure class=\"aligncenter size-full\"><img decoding=\"async\" width=\"1280\" height=\"720\" src=\"https:\/\/www.correiobraziliense.com.br\/cbradar\/wp-content\/uploads\/2026\/04\/IMAGEM_720p_1776970769133.jpg\" alt=\"O funcionamento e os benef\u00edcios do resfriamento geot\u00e9rmico residencial\" class=\"wp-image-230920\" srcset=\"https:\/\/www.correiobraziliense.com.br\/cbradar\/wp-content\/uploads\/2026\/04\/IMAGEM_720p_1776970769133.jpg 1280w, https:\/\/www.correiobraziliense.com.br\/cbradar\/wp-content\/uploads\/2026\/04\/IMAGEM_720p_1776970769133-300x169.jpg 300w, https:\/\/www.correiobraziliense.com.br\/cbradar\/wp-content\/uploads\/2026\/04\/IMAGEM_720p_1776970769133-768x432.jpg 768w, https:\/\/www.correiobraziliense.com.br\/cbradar\/wp-content\/uploads\/2026\/04\/IMAGEM_720p_1776970769133-750x422.jpg 750w, https:\/\/www.correiobraziliense.com.br\/cbradar\/wp-content\/uploads\/2026\/04\/IMAGEM_720p_1776970769133-1140x641.jpg 1140w\" sizes=\"(max-width: 1280px) 100vw, 1280px\" \/><figcaption class=\"wp-element-caption\">O funcionamento e os benef\u00edcios do resfriamento geot\u00e9rmico residencial<\/figcaption><\/figure><\/div>\n\n\n<h2 class=\"wp-block-heading\">Essa obra org\u00e2nica na resid\u00eancia elimina completamente a cobran\u00e7a tarif\u00e1ria mensal?<\/h2>\n\n\n\n<p>Nenhuma estrat\u00e9gia f\u00edsica isolada substitui a brutal capacidade instant\u00e2nea do g\u00e1s refrigerante atuando ativamente nas piores tardes do ver\u00e3o intenso. O longo caminho de ar subterr\u00e2neo alivia bastante a temperatura sufocante sentida no sof\u00e1 da sala, mas definitivamente n\u00e3o estabelece temperaturas polares corporais.<\/p>\n\n\n\n<p>O imenso diferencial econ\u00f4mico da sua decis\u00e3o construtiva surge diretamente pela expressiva queda no acionamento desses motores pesados na tomada. Mantendo a sua refrigera\u00e7\u00e3o paralela desligada quase diariamente, o morador escapa das graves penalidades tribut\u00e1rias sazonais e protege integralmente as suas duras economias.<\/p>\n","protected":false},"excerpt":{"rendered":"<p>Na superf\u00edcie o term\u00f4metro atinge quarenta graus facilmente, mas a tr\u00eas metros de profundidade a terra permanece gelada o ano inteiro. \u00c9 por causa dessa f\u00edsica simples que tubos subterr\u00e2neos resfriam casas sugando o ar estabilizado diretamente para os quartos familiares. Como o forte calor da rua se transforma em brisa gelada no piso inferior? [&hellip;]<\/p>\n","protected":false},"author":11,"featured_media":231506,"comment_status":"open","ping_status":"open","sticky":false,"template":"","format":"standard","meta":{"_yoast_wpseo_focuskw":"tubos subterr\u00e2neos resfriam casas","_yoast_wpseo_title":"","_yoast_wpseo_metadesc":"O calor urbano castiga o seu or\u00e7amento el\u00e9trico familiar. Avalie como a temperatura natural do solo substitui o esfor\u00e7o de m\u00e1quinas pesadas na sua casa.","jnews-multi-image_gallery":[],"jnews_single_post":{"format":"standard"},"jnews_primary_category":[],"jnews_social_meta":[],"jnews_override_counter":[],"footnotes":""},"categories":[143],"post_tag":[18130,887],"class_list":["post-230918","post","type-post","status-publish","format-standard","has-post-thumbnail","hentry","category-casa-e-decoracao","tag-arquitetos","tag-casa"],"yoast_head":"<!-- This site is optimized with the Yoast SEO plugin v24.6 - https:\/\/yoast.com\/wordpress\/plugins\/seo\/ -->\n<title>Por que arquitetos est\u00e3o usando tubos subterr\u00e2neos para resfriar casas naturalmente sem ar-condicionado - Correio Braziliense - Radar<\/title>\n<meta name=\"description\" content=\"O calor urbano castiga o seu or\u00e7amento el\u00e9trico familiar. Avalie como a temperatura natural do solo substitui o esfor\u00e7o de m\u00e1quinas pesadas na sua casa.\" \/>\n<meta name=\"robots\" content=\"index, follow, max-snippet:-1, max-image-preview:large, max-video-preview:-1\" \/>\n<link rel=\"canonical\" href=\"https:\/\/www.correiobraziliense.com.br\/cbradar\/por-que-arquitetos-estao-usando-tubos-subterraneos-para-resfriar-casas-naturalmente-sem-ar-condicionado\/\" \/>\n<meta property=\"og:locale\" content=\"pt_BR\" \/>\n<meta property=\"og:type\" content=\"article\" \/>\n<meta property=\"og:title\" content=\"Por que arquitetos est\u00e3o usando tubos subterr\u00e2neos para resfriar casas naturalmente sem ar-condicionado - Correio Braziliense - Radar\" \/>\n<meta property=\"og:description\" content=\"O calor urbano castiga o seu or\u00e7amento el\u00e9trico familiar. Avalie como a temperatura natural do solo substitui o esfor\u00e7o de m\u00e1quinas pesadas na sua casa.\" \/>\n<meta property=\"og:url\" content=\"https:\/\/www.correiobraziliense.com.br\/cbradar\/por-que-arquitetos-estao-usando-tubos-subterraneos-para-resfriar-casas-naturalmente-sem-ar-condicionado\/\" \/>\n<meta property=\"og:site_name\" content=\"Correio Braziliense - Radar\" \/>\n<meta property=\"article:published_time\" content=\"2026-04-26T19:55:00+00:00\" \/>\n<meta property=\"og:image\" content=\"https:\/\/www.correiobraziliense.com.br\/cbradar\/wp-content\/uploads\/2026\/04\/Residential_house_underground_202604241630.jpeg\" \/>\n\t<meta property=\"og:image:width\" content=\"1280\" \/>\n\t<meta property=\"og:image:height\" content=\"720\" \/>\n\t<meta property=\"og:image:type\" content=\"image\/jpeg\" \/>\n<meta name=\"author\" content=\"Paulo Custodio\" \/>\n<meta name=\"twitter:card\" content=\"summary_large_image\" \/>\n<meta name=\"twitter:label1\" content=\"Escrito por\" \/>\n\t<meta name=\"twitter:data1\" content=\"Paulo Custodio\" \/>\n\t<meta name=\"twitter:label2\" content=\"Est. tempo de leitura\" \/>\n\t<meta name=\"twitter:data2\" content=\"5 minutos\" \/>\n<!-- \/ Yoast SEO plugin. -->","yoast_head_json":{"title":"Por que arquitetos est\u00e3o usando tubos subterr\u00e2neos para resfriar casas naturalmente sem ar-condicionado - Correio Braziliense - Radar","description":"O calor urbano castiga o seu or\u00e7amento el\u00e9trico familiar. Avalie como a temperatura natural do solo substitui o esfor\u00e7o de m\u00e1quinas pesadas na sua casa.","robots":{"index":"index","follow":"follow","max-snippet":"max-snippet:-1","max-image-preview":"max-image-preview:large","max-video-preview":"max-video-preview:-1"},"canonical":"https:\/\/www.correiobraziliense.com.br\/cbradar\/por-que-arquitetos-estao-usando-tubos-subterraneos-para-resfriar-casas-naturalmente-sem-ar-condicionado\/","og_locale":"pt_BR","og_type":"article","og_title":"Por que arquitetos est\u00e3o usando tubos subterr\u00e2neos para resfriar casas naturalmente sem ar-condicionado - Correio Braziliense - Radar","og_description":"O calor urbano castiga o seu or\u00e7amento el\u00e9trico familiar. Avalie como a temperatura natural do solo substitui o esfor\u00e7o de m\u00e1quinas pesadas na sua casa.","og_url":"https:\/\/www.correiobraziliense.com.br\/cbradar\/por-que-arquitetos-estao-usando-tubos-subterraneos-para-resfriar-casas-naturalmente-sem-ar-condicionado\/","og_site_name":"Correio Braziliense - Radar","article_published_time":"2026-04-26T19:55:00+00:00","og_image":[{"width":1280,"height":720,"url":"https:\/\/www.correiobraziliense.com.br\/cbradar\/wp-content\/uploads\/2026\/04\/Residential_house_underground_202604241630.jpeg","type":"image\/jpeg"}],"author":"Paulo Custodio","twitter_card":"summary_large_image","twitter_misc":{"Escrito por":"Paulo Custodio","Est. tempo de leitura":"5 minutos"},"schema":{"@context":"https:\/\/schema.org","@graph":[{"@type":"WebPage","@id":"https:\/\/www.correiobraziliense.com.br\/cbradar\/por-que-arquitetos-estao-usando-tubos-subterraneos-para-resfriar-casas-naturalmente-sem-ar-condicionado\/","url":"https:\/\/www.correiobraziliense.com.br\/cbradar\/por-que-arquitetos-estao-usando-tubos-subterraneos-para-resfriar-casas-naturalmente-sem-ar-condicionado\/","name":"Por que arquitetos est\u00e3o usando tubos subterr\u00e2neos para resfriar casas naturalmente sem ar-condicionado - Correio Braziliense - Radar","isPartOf":{"@id":"https:\/\/www.correiobraziliense.com.br\/cbradar\/#website"},"primaryImageOfPage":{"@id":"https:\/\/www.correiobraziliense.com.br\/cbradar\/por-que-arquitetos-estao-usando-tubos-subterraneos-para-resfriar-casas-naturalmente-sem-ar-condicionado\/#primaryimage"},"image":{"@id":"https:\/\/www.correiobraziliense.com.br\/cbradar\/por-que-arquitetos-estao-usando-tubos-subterraneos-para-resfriar-casas-naturalmente-sem-ar-condicionado\/#primaryimage"},"thumbnailUrl":"https:\/\/www.correiobraziliense.com.br\/cbradar\/wp-content\/uploads\/2026\/04\/Residential_house_underground_202604241630.jpeg","datePublished":"2026-04-26T19:55:00+00:00","author":{"@id":"https:\/\/www.correiobraziliense.com.br\/cbradar\/#\/schema\/person\/4cec7857301a9a1a2ef249893cd908d3"},"description":"O calor urbano castiga o seu or\u00e7amento el\u00e9trico familiar. Avalie como a temperatura natural do solo substitui o esfor\u00e7o de m\u00e1quinas pesadas na sua casa.","breadcrumb":{"@id":"https:\/\/www.correiobraziliense.com.br\/cbradar\/por-que-arquitetos-estao-usando-tubos-subterraneos-para-resfriar-casas-naturalmente-sem-ar-condicionado\/#breadcrumb"},"inLanguage":"pt-BR","potentialAction":[{"@type":"ReadAction","target":["https:\/\/www.correiobraziliense.com.br\/cbradar\/por-que-arquitetos-estao-usando-tubos-subterraneos-para-resfriar-casas-naturalmente-sem-ar-condicionado\/"]}]},{"@type":"ImageObject","inLanguage":"pt-BR","@id":"https:\/\/www.correiobraziliense.com.br\/cbradar\/por-que-arquitetos-estao-usando-tubos-subterraneos-para-resfriar-casas-naturalmente-sem-ar-condicionado\/#primaryimage","url":"https:\/\/www.correiobraziliense.com.br\/cbradar\/wp-content\/uploads\/2026\/04\/Residential_house_underground_202604241630.jpeg","contentUrl":"https:\/\/www.correiobraziliense.com.br\/cbradar\/wp-content\/uploads\/2026\/04\/Residential_house_underground_202604241630.jpeg","width":1280,"height":720,"caption":"Tubos subterr\u00e2neos utilizam a temperatura est\u00e1vel do solo para resfriar o ar"},{"@type":"BreadcrumbList","@id":"https:\/\/www.correiobraziliense.com.br\/cbradar\/por-que-arquitetos-estao-usando-tubos-subterraneos-para-resfriar-casas-naturalmente-sem-ar-condicionado\/#breadcrumb","itemListElement":[{"@type":"ListItem","position":1,"name":"In\u00edcio","item":"https:\/\/www.correiobraziliense.com.br\/cbradar\/"},{"@type":"ListItem","position":2,"name":"Por que arquitetos est\u00e3o usando tubos subterr\u00e2neos para resfriar casas naturalmente sem ar-condicionado"}]},{"@type":"WebSite","@id":"https:\/\/www.correiobraziliense.com.br\/cbradar\/#website","url":"https:\/\/www.correiobraziliense.com.br\/cbradar\/","name":"Correio Braziliense - Radar","description":"Acompanhe as \u00faltimas not\u00edcias e fique bem informado sobre tudo o que acontece no Brasil e no mundo.","potentialAction":[{"@type":"SearchAction","target":{"@type":"EntryPoint","urlTemplate":"https:\/\/www.correiobraziliense.com.br\/cbradar\/?s={search_term_string}"},"query-input":{"@type":"PropertyValueSpecification","valueRequired":true,"valueName":"search_term_string"}}],"inLanguage":"pt-BR"},{"@type":"Person","@id":"https:\/\/www.correiobraziliense.com.br\/cbradar\/#\/schema\/person\/4cec7857301a9a1a2ef249893cd908d3","name":"Paulo Custodio","image":{"@type":"ImageObject","inLanguage":"pt-BR","@id":"https:\/\/www.correiobraziliense.com.br\/cbradar\/#\/schema\/person\/image\/","url":"https:\/\/secure.gravatar.com\/avatar\/bcd67168d1534e8fcf4f45c726a87cea?s=96&d=mm&r=g","contentUrl":"https:\/\/secure.gravatar.com\/avatar\/bcd67168d1534e8fcf4f45c726a87cea?s=96&d=mm&r=g","caption":"Paulo Custodio"},"sameAs":["https:\/\/www.correiobraziliense.com.br\/cbradar"],"url":"https:\/\/www.correiobraziliense.com.br\/cbradar\/author\/paulomyth\/"}]}},"_links":{"self":[{"href":"https:\/\/www.correiobraziliense.com.br\/cbradar\/wp-json\/wp\/v2\/posts\/230918","targetHints":{"allow":["GET"]}}],"collection":[{"href":"https:\/\/www.correiobraziliense.com.br\/cbradar\/wp-json\/wp\/v2\/posts"}],"about":[{"href":"https:\/\/www.correiobraziliense.com.br\/cbradar\/wp-json\/wp\/v2\/types\/post"}],"author":[{"embeddable":true,"href":"https:\/\/www.correiobraziliense.com.br\/cbradar\/wp-json\/wp\/v2\/users\/11"}],"replies":[{"embeddable":true,"href":"https:\/\/www.correiobraziliense.com.br\/cbradar\/wp-json\/wp\/v2\/comments?post=230918"}],"version-history":[{"count":1,"href":"https:\/\/www.correiobraziliense.com.br\/cbradar\/wp-json\/wp\/v2\/posts\/230918\/revisions"}],"predecessor-version":[{"id":230921,"href":"https:\/\/www.correiobraziliense.com.br\/cbradar\/wp-json\/wp\/v2\/posts\/230918\/revisions\/230921"}],"wp:featuredmedia":[{"embeddable":true,"href":"https:\/\/www.correiobraziliense.com.br\/cbradar\/wp-json\/wp\/v2\/media\/231506"}],"wp:attachment":[{"href":"https:\/\/www.correiobraziliense.com.br\/cbradar\/wp-json\/wp\/v2\/media?parent=230918"}],"wp:term":[{"taxonomy":"category","embeddable":true,"href":"https:\/\/www.correiobraziliense.com.br\/cbradar\/wp-json\/wp\/v2\/categories?post=230918"},{"taxonomy":"post_tag","embeddable":true,"href":"https:\/\/www.correiobraziliense.com.br\/cbradar\/wp-json\/wp\/v2\/post_tag?post=230918"}],"curies":[{"name":"wp","href":"https:\/\/api.w.org\/{rel}","templated":true}]}}