{"id":231000,"date":"2026-04-24T23:05:00","date_gmt":"2026-04-25T02:05:00","guid":{"rendered":"https:\/\/www.correiobraziliense.com.br\/cbradar\/?p=231000"},"modified":"2026-04-24T00:30:08","modified_gmt":"2026-04-24T03:30:08","slug":"a-unica-mina-de-carvao-visitavel-da-america-latina-fica-a-200-km-de-florianopolis","status":"publish","type":"post","link":"https:\/\/www.correiobraziliense.com.br\/cbradar\/a-unica-mina-de-carvao-visitavel-da-america-latina-fica-a-200-km-de-florianopolis\/","title":{"rendered":"A \u00fanica mina de carv\u00e3o visit\u00e1vel da Am\u00e9rica Latina fica a 200 km de Florian\u00f3polis"},"content":{"rendered":"\n<p>Em <strong>Crici\u00fama<\/strong>, maior cidade do Sul catarinense, turistas descem 300 metros dentro de uma galeria subterr\u00e2nea para conhecer a hist\u00f3ria que fez a cidade nascer. Nenhuma outra mina de carv\u00e3o no continente abre suas portas para o p\u00fablico, ela \u00e9 \u00fanica na Am\u00e9rica Latina.<\/p>\n\n\n\n<h2 class=\"wp-block-heading\">O que torna a Mina Oct\u00e1vio Fontana \u00fanica no continente<\/h2>\n\n\n\n<p>A <a href=\"https:\/\/viva.criciuma.sc.gov.br\/pontoturistico\/22\" target=\"_blank\" rel=\"noreferrer noopener\"><strong>Mina de Visita\u00e7\u00e3o Oct\u00e1vio Fontana<\/strong><\/a> foi inaugurada em 28 de outubro de 2011, ap\u00f3s a restaura\u00e7\u00e3o da antiga Mina S\u00e3o Sim\u00e3o. \u00c9 a \u00fanica mina de carv\u00e3o aberta \u00e0 visita\u00e7\u00e3o p\u00fablica em toda a Am\u00e9rica Latina, com galeria subterr\u00e2nea de 300 metros percorrida a p\u00e9 ou em uma r\u00e9plica de locomotiva de 1922.<\/p>\n\n\n\n<p>A miniloco leva at\u00e9 dez passageiros por viagem e passa por oito esta\u00e7\u00f5es que narram ferramentas, costumes e rotinas dos mineiros. O espa\u00e7o fica na Rua Quintino Dal Pont, no bairro Arquimedes Naspolini, e abre de ter\u00e7a a domingo. Em 2023, entre janeiro e outubro, recebeu 15.707 visitantes vindos de 18 estados e 12 pa\u00edses.<\/p>\n\n\n<div class=\"wp-block-image\">\n<figure class=\"aligncenter size-large\"><img decoding=\"async\" width=\"1024\" height=\"576\" src=\"https:\/\/www.correiobraziliense.com.br\/cbradar\/wp-content\/uploads\/2025\/07\/Edicoes-36-1024x576.png\" alt=\"Da capital do carv\u00e3o \u00e0 pot\u00eancia cer\u00e2mica mundial essa cidade \u00e9 a 1\u00aa do Brasil em aten\u00e7\u00e3o prim\u00e1ria \u00e0 sa\u00fade e qualidade de vida\" class=\"wp-image-65283\" srcset=\"https:\/\/www.correiobraziliense.com.br\/cbradar\/wp-content\/uploads\/2025\/07\/Edicoes-36-1024x576.png 1024w, https:\/\/www.correiobraziliense.com.br\/cbradar\/wp-content\/uploads\/2025\/07\/Edicoes-36-300x169.png 300w, https:\/\/www.correiobraziliense.com.br\/cbradar\/wp-content\/uploads\/2025\/07\/Edicoes-36-768x432.png 768w, https:\/\/www.correiobraziliense.com.br\/cbradar\/wp-content\/uploads\/2025\/07\/Edicoes-36-750x422.png 750w, https:\/\/www.correiobraziliense.com.br\/cbradar\/wp-content\/uploads\/2025\/07\/Edicoes-36-1140x641.png 1140w, https:\/\/www.correiobraziliense.com.br\/cbradar\/wp-content\/uploads\/2025\/07\/Edicoes-36.png 1280w\" sizes=\"(max-width: 1024px) 100vw, 1024px\" \/><figcaption class=\"wp-element-caption\">Crici\u00fama destaca-se como a principal cidade da Regi\u00e3o Metropolitana Carbon\u00edfera, com crescimento cont\u00ednuo. \/\/ Cr\u00e9ditos: Wikimedia Commons<\/figcaption><\/figure><\/div>\n\n\n<h2 class=\"wp-block-heading\">A hist\u00f3ria de sete etnias no extremo sul catarinense<\/h2>\n\n\n\n<p>A cidade foi fundada em <strong>6 de janeiro de 1880<\/strong>, quando 22 fam\u00edlias italianas vindas do norte da <strong>It\u00e1lia<\/strong> abriram picada pela mata. O nome original era Cresciuma, em refer\u00eancia ao capim que cobria a regi\u00e3o e cuja tradu\u00e7\u00e3o em idioma ind\u00edgena significa taquara pequena.<\/p>\n\n\n\n<p>Depois dos italianos, chegaram poloneses, alem\u00e3es, portugueses, africanos, \u00e1rabes e espanh\u00f3is. Essa mistura deu origem \u00e0 <strong>Festa das Etnias<\/strong>, que acontece em setembro no Centro de Eventos Jos\u00e9 Ijair Conte, com gastronomia t\u00edpica, dan\u00e7as folcl\u00f3ricas e shows nacionais.<\/p>\n\n\n\n<p>Crici\u00fama, situada no sul de Santa Catarina (a cerca de 200 km de Florian\u00f3polis), \u00e9 apresentada como um polo de desenvolvimento regional com uma economia diversificada e forte infraestrutura urbana. O v\u00eddeo do canal &#8220;<strong>Cidades do Interior<\/strong>&#8221; explora os principais aspectos que definem a vida na cidade:<\/p>\n\n\n\n<figure class=\"wp-block-embed aligncenter is-type-video is-provider-youtube wp-block-embed-youtube wp-embed-aspect-16-9 wp-has-aspect-ratio\"><div class=\"wp-block-embed__wrapper\">\n<div class=\"jeg_video_container jeg_video_content\"><iframe loading=\"lazy\" title=\"\u00c9 BOM MORAR EM CRICI\u00daMA-SC? | DESCUBRA como \u00e9 MORAR nessa CIDADE CATARINENSE!\" width=\"500\" height=\"281\" src=\"https:\/\/www.youtube.com\/embed\/LGJ6yYtIuog?feature=oembed\" frameborder=\"0\" allow=\"accelerometer; autoplay; clipboard-write; encrypted-media; gyroscope; picture-in-picture; web-share\" referrerpolicy=\"strict-origin-when-cross-origin\" allowfullscreen><\/iframe><\/div>\n<\/div><\/figure>\n\n\n\n<h2 class=\"wp-block-heading\">O que visitar al\u00e9m da mina na Capital do Carv\u00e3o?<\/h2>\n\n\n\n<p><strong>Crici\u00fama concentra pontos tur\u00edsticos que misturam mem\u00f3ria industrial, parques urbanos e arquitetura religiosa.<\/strong> Quase todos ficam a pouca dist\u00e2ncia do centro.<\/p>\n\n\n\n<ul class=\"wp-block-list\">\n<li><strong>Parque das Na\u00e7\u00f5es Cincinato Naspolini<\/strong>: inaugurado em 2011, tem ciclovia, miniferrovia tur\u00edstica, quadras, playground e cancha de bocha em homenagem aos imigrantes.<\/li>\n\n\n\n<li><strong>Parque Centen\u00e1rio<\/strong>: abriga o <strong>Monumento \u00e0s Etnias<\/strong> e o <strong>Teatro Municipal Elias Angeloni<\/strong>, \u00fanica sala de espet\u00e1culos do sul do estado, com 730 lugares.<\/li>\n\n\n\n<li><strong>Museu Augusto Casagrande<\/strong>: o Casar\u00e3o, sobrado italiano de 1920 com pe\u00e7as ind\u00edgenas, objetos da minera\u00e7\u00e3o e mobili\u00e1rio original.<\/li>\n\n\n\n<li><strong>Gruta Nossa Senhora de Lourdes<\/strong>: constru\u00edda em 1946, cercada de vegeta\u00e7\u00e3o nativa e fonte natural pr\u00f3xima \u00e0 Pra\u00e7a do Congresso.<\/li>\n\n\n\n<li><strong>Est\u00e1dio Heriberto H\u00fclse<\/strong>: casa do <strong>Crici\u00fama Esporte Clube<\/strong>, o Majestoso, que abrigou jogos da Copa Libertadores de 1992.<\/li>\n<\/ul>\n\n\n<div class=\"wp-block-image\">\n<figure class=\"aligncenter size-large\"><img decoding=\"async\" width=\"1024\" height=\"576\" src=\"https:\/\/www.correiobraziliense.com.br\/cbradar\/wp-content\/uploads\/2025\/07\/Edicoes-35-1024x576.png\" alt=\"A cidade de que surpreende pelo crescimento industrial do carv\u00e3o e cer\u00e2mica e atra\u00ed novos moradores por ser simbolo de prosperidade\" class=\"wp-image-65284\" srcset=\"https:\/\/www.correiobraziliense.com.br\/cbradar\/wp-content\/uploads\/2025\/07\/Edicoes-35-1024x576.png 1024w, https:\/\/www.correiobraziliense.com.br\/cbradar\/wp-content\/uploads\/2025\/07\/Edicoes-35-300x169.png 300w, https:\/\/www.correiobraziliense.com.br\/cbradar\/wp-content\/uploads\/2025\/07\/Edicoes-35-768x432.png 768w, https:\/\/www.correiobraziliense.com.br\/cbradar\/wp-content\/uploads\/2025\/07\/Edicoes-35-750x422.png 750w, https:\/\/www.correiobraziliense.com.br\/cbradar\/wp-content\/uploads\/2025\/07\/Edicoes-35-1140x641.png 1140w, https:\/\/www.correiobraziliense.com.br\/cbradar\/wp-content\/uploads\/2025\/07\/Edicoes-35.png 1280w\" sizes=\"(max-width: 1024px) 100vw, 1024px\" \/><figcaption class=\"wp-element-caption\">Curta parques, eventos culturais e gastronomia local em Crici\u00fama, uma cidade acolhedora para moradores e visitantes. \/\/ Cr\u00e9ditos: Wikimedia Commons<\/figcaption><\/figure><\/div>\n\n\n<h2 class=\"wp-block-heading\">A cozinha italiana que virou marca da cidade<\/h2>\n\n\n\n<p><strong>A heran\u00e7a dos colonizadores ainda define o card\u00e1pio dos restaurantes criciumenses. <\/strong>O forte \u00e9 a massa artesanal, mas a tradi\u00e7\u00e3o mineira tamb\u00e9m deixou sua marca nas cantinas antigas.<\/p>\n\n\n\n<ul class=\"wp-block-list\">\n<li><strong>Polenta com frango ao molho<\/strong>: prato s\u00edmbolo das fam\u00edlias italianas do sul catarinense, servido em cantinas tradicionais.<\/li>\n\n\n\n<li><strong>Galeto ao primo canto<\/strong>: frango assado temperado com ervas, presente nos rod\u00edzios da regi\u00e3o desde a coloniza\u00e7\u00e3o.<\/li>\n\n\n\n<li><strong>Sagu com creme<\/strong>: sobremesa t\u00edpica das mesas italianas, feita com vinho tinto e perolas de tapioca.<\/li>\n\n\n\n<li><strong>Fortaia<\/strong>: omelete r\u00fastica com lingui\u00e7a ou presunto, herdada das refei\u00e7\u00f5es dos mineiros no come\u00e7o do s\u00e9culo XX.<\/li>\n<\/ul>\n\n\n\n<p><strong>Leia tamb\u00e9m: <a href=\"https:\/\/www.correiobraziliense.com.br\/cbradar\/com-trilhas-4x4-e-natureza-intocada-o-silencio-da-cidade-mineira-de-6-mil-moradores-e-150-cachoeiras-catalogadas-encanta-turistas\/\" target=\"_blank\" rel=\"noreferrer noopener\">Com trilhas 4&#215;4 e natureza intocada, o sil\u00eancio da cidade mineira de 6 mil moradores e 150 cachoeiras catalogadas encanta turistas.<\/a><\/strong><\/p>\n\n\n\n<h2 class=\"wp-block-heading\">Quando visitar a cidade para aproveitar cada atra\u00e7\u00e3o?<\/h2>\n\n\n\n<p><strong>O clima subtropical garante quatro esta\u00e7\u00f5es bem definidas. <\/strong>Setembro \u00e9 o m\u00eas mais concorrido por causa da Festa das Etnias, enquanto o inverno atrai quem busca o frio do Sul sem fugir da estrutura urbana.<\/p>\n\n\n\n<style>\n  \/* --- CONTAINER BLINDADO (PADR\u00c3O REGISTRADO) --- *\/\n  .clima-grid-final {\n    font-family: -apple-system, BlinkMacSystemFont, \"Segoe UI\", Roboto, Arial, sans-serif !important;\n    width: 100% !important;\n    max-width: 1200px !important;\n    margin: 20px auto !important;\n    display: grid !important;\n    \/* FOR\u00c7A 4 COLUNAS NO DESKTOP *\/\n    grid-template-columns: repeat(4, 1fr) !important; \n    gap: 15px !important;\n    box-sizing: border-box !important;\n  }\n\n  .clima-grid-final * {\n    box-sizing: border-box !important;\n  }\n\n  \/* --- CARD AZUL --- *\/\n  .card-clima {\n    background: #ffffff !important;\n    border: 1px solid #e3f2fd !important;\n    border-radius: 20px !important;\n    padding: 20px 10px !important;\n    text-align: center !important;\n    display: flex !important;\n    flex-direction: column !important;\n    align-items: center !important;\n    box-shadow: 0 4px 10px rgba(13, 71, 161, 0.05) !important;\n    min-width: 0 !important; \n    transition: transform 0.2s ease !important;\n  }\n\n  .card-clima:hover {\n    transform: translateY(-5px) !important;\n    border-color: #90caf9 !important;\n  }\n\n  \/* --- CONTE\u00daDO --- *\/\n  .estacao-nome { \n    font-size: 14px !important; \n    font-weight: 800 !important; \n    color: #0d47a1 !important; \n    text-transform: uppercase !important; \n    margin: 0 0 5px 0 !important; \n  }\n  \n  .estacao-meses { \n    font-size: 10px !important; \n    font-weight: 700 !important; \n    color: #1565c0 !important; \n    text-transform: uppercase !important; \n    margin-bottom: 15px !important; \n    display: block !important;\n  }\n  \n  .temp-valor { \n    font-size: 24px !important; \n    font-weight: 800 !important; \n    color: #01579b !important; \n    line-height: 1 !important; \n    margin: 0 !important;\n  }\n  \n  .temp-label { \n    font-size: 9px !important; \n    font-weight: 600 !important; \n    color: #0288d1 !important; \n    text-transform: uppercase !important; \n    margin-bottom: 15px !important; \n    display: block !important;\n  }\n  \n  .clima-desc { \n    font-size: 12px !important; \n    line-height: 1.4 !important; \n    color: #37474f !important; \n    margin-bottom: 15px !important; \n    flex-grow: 1 !important; \n  }\n\n  .tag-status {\n    background-color: #e1f5fe !important;\n    border: 1px solid #b3e5fc !important;\n    color: #0d47a1 !important;\n    padding: 5px 12px !important;\n    border-radius: 20px !important;\n    font-size: 9px !important;\n    font-weight: 800 !important;\n    text-transform: uppercase !important;\n    margin-top: auto !important;\n  }\n\n  \/* --- RESPONSIVIDADE --- *\/\n  @media (max-width: 800px) {\n    .clima-grid-final {\n      grid-template-columns: 1fr !important; \n    }\n    .card-clima {\n      padding: 25px 20px !important;\n    }\n  }\n<\/style>\n\n<div class=\"google-auto-ads-ignore clima-grid-final\">\n  \n  <div class=\"card-clima\">\n    <div class=\"estacao-nome\">\u2600\ufe0f Ver\u00e3o<\/div>\n    <span class=\"estacao-meses\">Dez &#8211; Fev<\/span>\n    <div class=\"temp-valor\">20-30\u00b0C<\/div>\n    <span class=\"temp-label\">M\u00e9dia<\/span>\n    <div class=\"clima-desc\">Os dias longos e ensolarados s\u00e3o ideais para aproveitar os <b>parques<\/b> urbanos ou pegar a estrada rumo \u00e0s belas <b>praias do litoral<\/b>.<\/div>\n    <div class=\"tag-status\">\ud83c\udfd6\ufe0f Litoral<\/div>\n  <\/div>\n\n  <div class=\"card-clima\">\n    <div class=\"estacao-nome\">\ud83c\udf42 Outono<\/div>\n    <span class=\"estacao-meses\">Mar &#8211; Mai<\/span>\n    <div class=\"temp-valor\">15-26\u00b0C<\/div>\n    <span class=\"temp-label\">M\u00e9dia<\/span>\n    <div class=\"clima-desc\">Com temperaturas amenas, o per\u00edodo \u00e9 perfeito para roteiros culturais e visitas subterr\u00e2neas na <b>Mina Oct\u00e1vio Fontana<\/b> e <b>museus<\/b>.<\/div>\n    <div class=\"tag-status\">\u26cf\ufe0f Hist\u00f3ria<\/div>\n  <\/div>\n\n  <div class=\"card-clima\">\n    <div class=\"estacao-nome\">\ud83e\udde3 Inverno<\/div>\n    <span class=\"estacao-meses\">Jun &#8211; Ago<\/span>\n    <div class=\"temp-valor\">10-20\u00b0C<\/div>\n    <span class=\"temp-label\">M\u00e9dia<\/span>\n    <div class=\"clima-desc\">O clima frio e seco pede o aconchego das tradicionais <b>cantinas italianas<\/b> e noites de gala prestigiando espet\u00e1culos no <b>teatro<\/b>.<\/div>\n    <div class=\"tag-status\">\ud83c\udf5d Gastronomia<\/div>\n  <\/div>\n\n  <div class=\"card-clima\">\n    <div class=\"estacao-nome\">\ud83c\udf38 Primavera<\/div>\n    <span class=\"estacao-meses\">Set &#8211; Nov<\/span>\n    <div class=\"temp-valor\">14-25\u00b0C<\/div>\n    <span class=\"temp-label\">M\u00e9dia<\/span>\n    <div class=\"clima-desc\">A esta\u00e7\u00e3o mais florida do ano celebra a diversidade cultural na <b>Festa das Etnias<\/b> e convida para caminhadas nos <b>parques<\/b>.<\/div>\n    <div class=\"tag-status\">\ud83e\udd1d Diversidade<\/div>\n  <\/div>\n\n<\/div>\n\n\n\n<p><em>Temperaturas aproximadas com base no <a href=\"https:\/\/www.climatempo.com.br\/previsao-do-tempo\/cidade\/376\/criciuma-sc\" target=\"_blank\" rel=\"noreferrer noopener\"><strong>Climatempo<\/strong><\/a>. Condi\u00e7\u00f5es podem variar.<\/em><\/p>\n\n\n<div class=\"wp-block-image\">\n<figure class=\"aligncenter size-large\"><img decoding=\"async\" width=\"1024\" height=\"576\" src=\"https:\/\/www.correiobraziliense.com.br\/cbradar\/wp-content\/uploads\/2025\/08\/Edicoes-2025-08-05T200652.590-1024x576.png\" alt=\"A cidade de Santa Catarina que surpreende pelo crescimento e atra\u00ed novos moradores por ser simbolo de prosperidade\" class=\"wp-image-81669\" srcset=\"https:\/\/www.correiobraziliense.com.br\/cbradar\/wp-content\/uploads\/2025\/08\/Edicoes-2025-08-05T200652.590-1024x576.png 1024w, https:\/\/www.correiobraziliense.com.br\/cbradar\/wp-content\/uploads\/2025\/08\/Edicoes-2025-08-05T200652.590-300x169.png 300w, https:\/\/www.correiobraziliense.com.br\/cbradar\/wp-content\/uploads\/2025\/08\/Edicoes-2025-08-05T200652.590-768x432.png 768w, https:\/\/www.correiobraziliense.com.br\/cbradar\/wp-content\/uploads\/2025\/08\/Edicoes-2025-08-05T200652.590-750x422.png 750w, https:\/\/www.correiobraziliense.com.br\/cbradar\/wp-content\/uploads\/2025\/08\/Edicoes-2025-08-05T200652.590-1140x641.png 1140w, https:\/\/www.correiobraziliense.com.br\/cbradar\/wp-content\/uploads\/2025\/08\/Edicoes-2025-08-05T200652.590.png 1280w\" sizes=\"(max-width: 1024px) 100vw, 1024px\" \/><figcaption class=\"wp-element-caption\">Descubra Crici\u00fama, uma cidade vibrante que combina tradi\u00e7\u00e3o, cultura e desenvolvimento econ\u00f4mico. \/\/ Cr\u00e9ditos: YouTube @dronesflysul3670<\/figcaption><\/figure><\/div>\n\n\n<h2 class=\"wp-block-heading\">Como chegar \u00e0 cidade saindo de Florian\u00f3polis ou Porto Alegre?<\/h2>\n\n\n\n<p>Crici\u00fama fica a 207 km de <strong>Florian\u00f3polis<\/strong> e 315 km de <strong>Porto Alegre<\/strong>, com acesso direto pela <strong>BR-101<\/strong>. O <strong>Aeroporto Regional Humberto Bortoluzzi<\/strong>, em <strong>Jaguaruna<\/strong>, fica a cerca de 60 km. Quem prefere ir de \u00f4nibus tem linhas regulares saindo das duas capitais.<\/p>\n\n\n\n<h2 class=\"wp-block-heading\">Des\u00e7a ao subsolo da Capital do Carv\u00e3o<\/h2>\n\n\n\n<p><strong>Poucas cidades do Sul do pa\u00eds permitem viajar ao passado como essa faixa industrial do extremo sul catarinense.<\/strong> Entre a mina subterr\u00e2nea, a Festa das Etnias e a heran\u00e7a italiana nas cantinas, Crici\u00fama se reinventou sem esquecer de onde veio.<\/p>\n\n\n\n<p>Voc\u00ea precisa conhecer Crici\u00fama e descer ao subsolo da \u00fanica mina de carv\u00e3o visit\u00e1vel da Am\u00e9rica Latina.<\/p>\n","protected":false},"excerpt":{"rendered":"<p>Em Crici\u00fama, maior cidade do Sul catarinense, turistas descem 300 metros dentro de uma galeria subterr\u00e2nea para conhecer a hist\u00f3ria que fez a cidade nascer. Nenhuma outra mina de carv\u00e3o no continente abre suas portas para o p\u00fablico, ela \u00e9 \u00fanica na Am\u00e9rica Latina. O que torna a Mina Oct\u00e1vio Fontana \u00fanica no continente A [&hellip;]<\/p>\n","protected":false},"author":8,"featured_media":193619,"comment_status":"open","ping_status":"open","sticky":false,"template":"","format":"standard","meta":{"jnews-multi-image_gallery":[],"jnews_single_post":{"format":"standard"},"jnews_primary_category":[],"jnews_social_meta":[],"jnews_override_counter":[],"footnotes":""},"categories":[108,111],"post_tag":[],"class_list":["post-231000","post","type-post","status-publish","format-standard","has-post-thumbnail","hentry","category-cidades","category-turismo"],"yoast_head":"<!-- This site is optimized with the Yoast SEO plugin v24.6 - https:\/\/yoast.com\/wordpress\/plugins\/seo\/ -->\n<title>A \u00fanica mina de carv\u00e3o visit\u00e1vel da Am\u00e9rica Latina fica a 200 km de Florian\u00f3polis - Correio Braziliense - Radar<\/title>\n<meta name=\"description\" content=\"Perto de Florian\u00f3polis, essa cidade guarda a \u00fanica mina de carv\u00e3o que pode ser visitada na Am\u00e9rica Latina e encanta com sua personalidade.\" \/>\n<meta name=\"robots\" content=\"index, follow, max-snippet:-1, max-image-preview:large, max-video-preview:-1\" \/>\n<link rel=\"canonical\" href=\"https:\/\/www.correiobraziliense.com.br\/cbradar\/a-unica-mina-de-carvao-visitavel-da-america-latina-fica-a-200-km-de-florianopolis\/\" \/>\n<meta property=\"og:locale\" content=\"pt_BR\" \/>\n<meta property=\"og:type\" content=\"article\" \/>\n<meta property=\"og:title\" content=\"A \u00fanica mina de carv\u00e3o visit\u00e1vel da Am\u00e9rica Latina fica a 200 km de Florian\u00f3polis - Correio Braziliense - Radar\" \/>\n<meta property=\"og:description\" content=\"Perto de Florian\u00f3polis, essa cidade guarda a \u00fanica mina de carv\u00e3o que pode ser visitada na Am\u00e9rica Latina e encanta com sua personalidade.\" \/>\n<meta property=\"og:url\" content=\"https:\/\/www.correiobraziliense.com.br\/cbradar\/a-unica-mina-de-carvao-visitavel-da-america-latina-fica-a-200-km-de-florianopolis\/\" \/>\n<meta property=\"og:site_name\" content=\"Correio Braziliense - Radar\" \/>\n<meta property=\"article:published_time\" content=\"2026-04-25T02:05:00+00:00\" \/>\n<meta property=\"og:image\" content=\"https:\/\/www.correiobraziliense.com.br\/cbradar\/wp-content\/uploads\/2026\/02\/aaa-2026-02-14T111348.493.png\" \/>\n\t<meta property=\"og:image:width\" content=\"1280\" \/>\n\t<meta property=\"og:image:height\" content=\"720\" \/>\n\t<meta property=\"og:image:type\" content=\"image\/png\" \/>\n<meta name=\"author\" content=\"Maura Pereira\" \/>\n<meta name=\"twitter:card\" content=\"summary_large_image\" \/>\n<meta name=\"twitter:label1\" content=\"Escrito por\" \/>\n\t<meta name=\"twitter:data1\" content=\"Maura Pereira\" \/>\n\t<meta name=\"twitter:label2\" content=\"Est. tempo de leitura\" \/>\n\t<meta name=\"twitter:data2\" content=\"6 minutos\" \/>\n<!-- \/ Yoast SEO plugin. -->","yoast_head_json":{"title":"A \u00fanica mina de carv\u00e3o visit\u00e1vel da Am\u00e9rica Latina fica a 200 km de Florian\u00f3polis - Correio Braziliense - Radar","description":"Perto de Florian\u00f3polis, essa cidade guarda a \u00fanica mina de carv\u00e3o que pode ser visitada na Am\u00e9rica Latina e encanta com sua personalidade.","robots":{"index":"index","follow":"follow","max-snippet":"max-snippet:-1","max-image-preview":"max-image-preview:large","max-video-preview":"max-video-preview:-1"},"canonical":"https:\/\/www.correiobraziliense.com.br\/cbradar\/a-unica-mina-de-carvao-visitavel-da-america-latina-fica-a-200-km-de-florianopolis\/","og_locale":"pt_BR","og_type":"article","og_title":"A \u00fanica mina de carv\u00e3o visit\u00e1vel da Am\u00e9rica Latina fica a 200 km de Florian\u00f3polis - Correio Braziliense - Radar","og_description":"Perto de Florian\u00f3polis, essa cidade guarda a \u00fanica mina de carv\u00e3o que pode ser visitada na Am\u00e9rica Latina e encanta com sua personalidade.","og_url":"https:\/\/www.correiobraziliense.com.br\/cbradar\/a-unica-mina-de-carvao-visitavel-da-america-latina-fica-a-200-km-de-florianopolis\/","og_site_name":"Correio Braziliense - Radar","article_published_time":"2026-04-25T02:05:00+00:00","og_image":[{"width":1280,"height":720,"url":"https:\/\/www.correiobraziliense.com.br\/cbradar\/wp-content\/uploads\/2026\/02\/aaa-2026-02-14T111348.493.png","type":"image\/png"}],"author":"Maura Pereira","twitter_card":"summary_large_image","twitter_misc":{"Escrito por":"Maura Pereira","Est. tempo de leitura":"6 minutos"},"schema":{"@context":"https:\/\/schema.org","@graph":[{"@type":"WebPage","@id":"https:\/\/www.correiobraziliense.com.br\/cbradar\/a-unica-mina-de-carvao-visitavel-da-america-latina-fica-a-200-km-de-florianopolis\/","url":"https:\/\/www.correiobraziliense.com.br\/cbradar\/a-unica-mina-de-carvao-visitavel-da-america-latina-fica-a-200-km-de-florianopolis\/","name":"A \u00fanica mina de carv\u00e3o visit\u00e1vel da Am\u00e9rica Latina fica a 200 km de Florian\u00f3polis - Correio Braziliense - Radar","isPartOf":{"@id":"https:\/\/www.correiobraziliense.com.br\/cbradar\/#website"},"primaryImageOfPage":{"@id":"https:\/\/www.correiobraziliense.com.br\/cbradar\/a-unica-mina-de-carvao-visitavel-da-america-latina-fica-a-200-km-de-florianopolis\/#primaryimage"},"image":{"@id":"https:\/\/www.correiobraziliense.com.br\/cbradar\/a-unica-mina-de-carvao-visitavel-da-america-latina-fica-a-200-km-de-florianopolis\/#primaryimage"},"thumbnailUrl":"https:\/\/www.correiobraziliense.com.br\/cbradar\/wp-content\/uploads\/2026\/02\/aaa-2026-02-14T111348.493.png","datePublished":"2026-04-25T02:05:00+00:00","author":{"@id":"https:\/\/www.correiobraziliense.com.br\/cbradar\/#\/schema\/person\/4053c651a9bfc785afc6f4cbc9032fd3"},"description":"Perto de Florian\u00f3polis, essa cidade guarda a \u00fanica mina de carv\u00e3o que pode ser visitada na Am\u00e9rica Latina e encanta com sua personalidade.","breadcrumb":{"@id":"https:\/\/www.correiobraziliense.com.br\/cbradar\/a-unica-mina-de-carvao-visitavel-da-america-latina-fica-a-200-km-de-florianopolis\/#breadcrumb"},"inLanguage":"pt-BR","potentialAction":[{"@type":"ReadAction","target":["https:\/\/www.correiobraziliense.com.br\/cbradar\/a-unica-mina-de-carvao-visitavel-da-america-latina-fica-a-200-km-de-florianopolis\/"]}]},{"@type":"ImageObject","inLanguage":"pt-BR","@id":"https:\/\/www.correiobraziliense.com.br\/cbradar\/a-unica-mina-de-carvao-visitavel-da-america-latina-fica-a-200-km-de-florianopolis\/#primaryimage","url":"https:\/\/www.correiobraziliense.com.br\/cbradar\/wp-content\/uploads\/2026\/02\/aaa-2026-02-14T111348.493.png","contentUrl":"https:\/\/www.correiobraziliense.com.br\/cbradar\/wp-content\/uploads\/2026\/02\/aaa-2026-02-14T111348.493.png","width":1280,"height":720,"caption":"Crici\u00fama diversificou sua economia e consolidou-se como um dos maiores centros mundiais de revestimentos cer\u00e2micos. \/ Imagem ilustrativa"},{"@type":"BreadcrumbList","@id":"https:\/\/www.correiobraziliense.com.br\/cbradar\/a-unica-mina-de-carvao-visitavel-da-america-latina-fica-a-200-km-de-florianopolis\/#breadcrumb","itemListElement":[{"@type":"ListItem","position":1,"name":"In\u00edcio","item":"https:\/\/www.correiobraziliense.com.br\/cbradar\/"},{"@type":"ListItem","position":2,"name":"A \u00fanica mina de carv\u00e3o visit\u00e1vel da Am\u00e9rica Latina fica a 200 km de Florian\u00f3polis"}]},{"@type":"WebSite","@id":"https:\/\/www.correiobraziliense.com.br\/cbradar\/#website","url":"https:\/\/www.correiobraziliense.com.br\/cbradar\/","name":"Correio Braziliense - Radar","description":"Acompanhe as \u00faltimas not\u00edcias e fique bem informado sobre tudo o que acontece no Brasil e no mundo.","potentialAction":[{"@type":"SearchAction","target":{"@type":"EntryPoint","urlTemplate":"https:\/\/www.correiobraziliense.com.br\/cbradar\/?s={search_term_string}"},"query-input":{"@type":"PropertyValueSpecification","valueRequired":true,"valueName":"search_term_string"}}],"inLanguage":"pt-BR"},{"@type":"Person","@id":"https:\/\/www.correiobraziliense.com.br\/cbradar\/#\/schema\/person\/4053c651a9bfc785afc6f4cbc9032fd3","name":"Maura Pereira","image":{"@type":"ImageObject","inLanguage":"pt-BR","@id":"https:\/\/www.correiobraziliense.com.br\/cbradar\/#\/schema\/person\/image\/","url":"https:\/\/secure.gravatar.com\/avatar\/3effd6bdadfa447f15089c7f7144eaa6?s=96&d=mm&r=g","contentUrl":"https:\/\/secure.gravatar.com\/avatar\/3effd6bdadfa447f15089c7f7144eaa6?s=96&d=mm&r=g","caption":"Maura Pereira"},"sameAs":["https:\/\/www.correiobraziliense.com.br\/"],"url":"https:\/\/www.correiobraziliense.com.br\/cbradar\/author\/mauramyth\/"}]}},"_links":{"self":[{"href":"https:\/\/www.correiobraziliense.com.br\/cbradar\/wp-json\/wp\/v2\/posts\/231000","targetHints":{"allow":["GET"]}}],"collection":[{"href":"https:\/\/www.correiobraziliense.com.br\/cbradar\/wp-json\/wp\/v2\/posts"}],"about":[{"href":"https:\/\/www.correiobraziliense.com.br\/cbradar\/wp-json\/wp\/v2\/types\/post"}],"author":[{"embeddable":true,"href":"https:\/\/www.correiobraziliense.com.br\/cbradar\/wp-json\/wp\/v2\/users\/8"}],"replies":[{"embeddable":true,"href":"https:\/\/www.correiobraziliense.com.br\/cbradar\/wp-json\/wp\/v2\/comments?post=231000"}],"version-history":[{"count":6,"href":"https:\/\/www.correiobraziliense.com.br\/cbradar\/wp-json\/wp\/v2\/posts\/231000\/revisions"}],"predecessor-version":[{"id":231152,"href":"https:\/\/www.correiobraziliense.com.br\/cbradar\/wp-json\/wp\/v2\/posts\/231000\/revisions\/231152"}],"wp:featuredmedia":[{"embeddable":true,"href":"https:\/\/www.correiobraziliense.com.br\/cbradar\/wp-json\/wp\/v2\/media\/193619"}],"wp:attachment":[{"href":"https:\/\/www.correiobraziliense.com.br\/cbradar\/wp-json\/wp\/v2\/media?parent=231000"}],"wp:term":[{"taxonomy":"category","embeddable":true,"href":"https:\/\/www.correiobraziliense.com.br\/cbradar\/wp-json\/wp\/v2\/categories?post=231000"},{"taxonomy":"post_tag","embeddable":true,"href":"https:\/\/www.correiobraziliense.com.br\/cbradar\/wp-json\/wp\/v2\/post_tag?post=231000"}],"curies":[{"name":"wp","href":"https:\/\/api.w.org\/{rel}","templated":true}]}}