{"id":231108,"date":"2026-04-26T08:05:00","date_gmt":"2026-04-26T11:05:00","guid":{"rendered":"https:\/\/www.correiobraziliense.com.br\/cbradar\/?p=231108"},"modified":"2026-04-25T14:35:12","modified_gmt":"2026-04-25T17:35:12","slug":"perfumes-nacionais-femininos-que-lembram-fragrancias-importadas-famosas-logo-na-primeira-aplicacao","status":"publish","type":"post","link":"https:\/\/www.correiobraziliense.com.br\/cbradar\/perfumes-nacionais-femininos-que-lembram-fragrancias-importadas-famosas-logo-na-primeira-aplicacao\/","title":{"rendered":"Perfumes nacionais femininos que lembram fragr\u00e2ncias importadas famosas logo na primeira aplica\u00e7\u00e3o"},"content":{"rendered":"\n<p>A perfumaria brasileira atingiu um patamar de excel\u00eancia t\u00e9cnica que permite a cria\u00e7\u00e3o de fragr\u00e2ncias com mat\u00e9rias-primas nobres e fixa\u00e7\u00e3o surpreendente. Entender como os <strong>perfumes nacionais lembram importados<\/strong> \u00e9 o segredo para manter a eleg\u00e2ncia e a assinatura olfativa marcante sem precisar investir em frascos de grifes internacionais car\u00edssimas.<\/p>\n\n\n\n<h2 class=\"wp-block-heading\">Elys\u00e9e Succ\u00e8s e a sofistica\u00e7\u00e3o inspirada no Good Girl<\/h2>\n\n\n\n<p>O <strong>Elys\u00e9e Succ\u00e8s<\/strong>, de <strong>O Botic\u00e1rio<\/strong>, destaca-se como uma das op\u00e7\u00f5es mais luxuosas para quem busca a intensidade e o mist\u00e9rio das notas florais orientais. Sua composi\u00e7\u00e3o rica traz uma <strong>proje\u00e7\u00e3o marcante<\/strong> que remete imediatamente ao ic\u00f4nico <strong>Good Girl<\/strong>, de <strong>Carolina Herrera<\/strong>, mantendo o equil\u00edbrio perfeito entre o doce e o sensual.<\/p>\n\n\n\n<p>A presen\u00e7a da Rosa Negra e do Oud confere ao <strong>Elys\u00e9e<\/strong> uma profundidade que atrai olhares em eventos noturnos ou climas mais amenos, t\u00edpicos do outono em <strong>Curitiba<\/strong> ou <strong>S\u00e3o Paulo<\/strong>. Para quem deseja uma <strong>assinatura olfativa<\/strong> poderosa, essa fragr\u00e2ncia nacional entrega a mesma autoconfian\u00e7a dos importados, mas com uma identidade brasileira vibrante e \u00fanica.<\/p>\n\n\n<div class=\"wp-block-image\">\n<figure class=\"aligncenter size-full\"><img decoding=\"async\" width=\"1280\" height=\"720\" src=\"https:\/\/www.correiobraziliense.com.br\/cbradar\/wp-content\/uploads\/2026\/04\/perfumes-femininos-.jpg\" alt=\"\" class=\"wp-image-219495\" srcset=\"https:\/\/www.correiobraziliense.com.br\/cbradar\/wp-content\/uploads\/2026\/04\/perfumes-femininos-.jpg 1280w, https:\/\/www.correiobraziliense.com.br\/cbradar\/wp-content\/uploads\/2026\/04\/perfumes-femininos--300x169.jpg 300w, https:\/\/www.correiobraziliense.com.br\/cbradar\/wp-content\/uploads\/2026\/04\/perfumes-femininos--768x432.jpg 768w, https:\/\/www.correiobraziliense.com.br\/cbradar\/wp-content\/uploads\/2026\/04\/perfumes-femininos--750x422.jpg 750w, https:\/\/www.correiobraziliense.com.br\/cbradar\/wp-content\/uploads\/2026\/04\/perfumes-femininos--1140x641.jpg 1140w\" sizes=\"(max-width: 1280px) 100vw, 1280px\" \/><figcaption class=\"wp-element-caption\">A alta fixa\u00e7\u00e3o de um perfume n\u00e3o \u00e9 obra do acaso, mas sim do equil\u00edbrio entre \u00f3leos essenciais de qualidade<\/figcaption><\/figure><\/div>\n\n\n<p>Leia tamb\u00e9m: <a href=\"https:\/\/www.correiobraziliense.com.br\/cbradar\/4-cortes-de-cabelo-curto-que-ajudam-a-dar-mais-corpo-aos-fios-ralos-e-sem-volume\/\" target=\"_blank\" rel=\"noreferrer noopener\">4 cortes de cabelo curto que ajudam a dar mais corpo aos fios ralos e sem volume<\/a><\/p>\n\n\n\n<h2 class=\"wp-block-heading\">Il\u00eda Secreto e a semelhan\u00e7a magn\u00e9tica com L&#8217;Interdit<\/h2>\n\n\n\n<p>Dentro do portf\u00f3lio da <strong>Natura<\/strong>, o <strong>Il\u00eda Secreto<\/strong> \u00e9 frequentemente celebrado por sua semelhan\u00e7a olfativa com o cl\u00e1ssico <strong>L\u2019Interdit<\/strong>, da <strong>Givenchy<\/strong>. O destaque aqui vai para o acorde de uva e flores brancas, que cria uma aura de <strong>mist\u00e9rio e sofistica\u00e7\u00e3o<\/strong>, ideal para mulheres que preferem perfumes intensos e com excelente fixa\u00e7\u00e3o na pele.<\/p>\n\n\n\n<p>Utilizar o <strong>Il\u00eda Secreto<\/strong> \u00e9 uma experi\u00eancia de imers\u00e3o em notas quentes e adocicadas que evoluem de forma elegante ao longo de v\u00e1rias horas. Essa <strong>versatilidade olfativa<\/strong> permite que ele seja usado tanto em jantares especiais quanto em reuni\u00f5es de trabalho, garantindo uma presen\u00e7a elegante que n\u00e3o passa despercebida por onde voc\u00ea transitar.<\/p>\n\n\n\n<h2 class=\"wp-block-heading\">Lily Le Parfum e o frescor luxuoso do J\u2019adore<\/h2>\n\n\n\n<p>O <strong>Lily Le Parfum<\/strong> representa o auge da sofistica\u00e7\u00e3o floral em \u00f3leo, apresentando uma pureza de notas que muitos entusiastas comparam ao atemporal <strong>J\u2019adore<\/strong>, da <strong>Dior<\/strong>. Com foco no Jasmim e na Gard\u00eania, essa fragr\u00e2ncia exala uma <strong>feminilidade cl\u00e1ssica<\/strong> e luminosa, transmitindo uma sensa\u00e7\u00e3o de limpeza e luxo imediata logo ap\u00f3s a primeira borrifada.<\/p>\n\n\n\n<link href=\"https:\/\/fonts.googleapis.com\/css2?family=Inter:wght@400;600;700;800&#038;display=swap\" rel=\"stylesheet\">\n<style>\n\/* Prote\u00e7\u00e3o contra inje\u00e7\u00e3o do \"Veja Tamb\u00e9m\" (JNews inline related posts) *\/\n.rdp-pontos-wrapper .jnews_inline_related_post_wrapper,\n.rdp-pontos-wrapper .jnews_inline_related_post,\n.rdp-pontos-wrapper .jeg_postblock,\n.rdp-pontos-wrapper [class*=\"jnews_inline\"],\n.rdp-pontos-wrapper [class*=\"jeg_postblock\"],\n.rdp-pontos-wrapper [class*=\"jeg_block\"] {\n  display: none !important;\n  height: 0 !important;\n  max-height: 0 !important;\n  overflow: hidden !important;\n  visibility: hidden !important;\n  margin: 0 !important;\n  padding: 0 !important;\n  border: none !important;\n  font-size: 0 !important;\n  line-height: 0 !important;\n}\n.rdp-pontos-wrapper {\n  max-width: 100%;\n  margin: 32px 0;\n  background: #FAF7F2; \/* Fundo champagne clar\u00edssimo *\/\n  border: 1px solid #E5D5C0;\n  border-radius: 12px;\n  padding: 28px 28px 20px;\n  font-family: 'Inter', sans-serif;\n  box-shadow: 0 4px 20px rgba(184,134,11,0.12);\n  overflow: hidden;\n  contain: layout style;\n  isolation: isolate;\n  position: relative;\n  z-index: 1;\n}\n.rdp-pontos-wrapper > *:not(.rdp-pontos-title):not(.rdp-pontos-grid) {\n  display: none !important;\n  height: 0 !important;\n  overflow: hidden !important;\n  margin: 0 !important;\n  padding: 0 !important;\n  border: none !important;\n}\n.rdp-pontos-title {\n  font-family: 'Inter', sans-serif;\n  font-size: 20px;\n  font-weight: 800;\n  color: #5C4033;\n  margin: 0 0 20px 0;\n  line-height: 1.3;\n  text-align: center;\n}\n.rdp-pontos-grid {\n  display: grid;\n  grid-template-columns: repeat(3, 1fr);\n  gap: 18px;\n}\n.rdp-pontos-item {\n  background: #FFFFFF;\n  border: 1px solid #E5D5C0;\n  border-top: 3px solid #D4AF37; \/* Dourado *\/\n  border-radius: 10px;\n  padding: 22px 20px;\n  box-shadow: 0 2px 10px rgba(184,134,11,0.08);\n  transition: box-shadow 0.3s ease, border-color 0.3s ease;\n  text-align: center;\n}\n.rdp-pontos-item:hover {\n  box-shadow: 0 4px 20px rgba(184,134,11,0.22);\n  border-color: #D4AF37;\n}\n.rdp-pontos-emoji {\n  font-size: 32px;\n  line-height: 1;\n  margin-bottom: 12px;\n  display: block;\n  text-align: center;\n}\n.rdp-pontos-item-title {\n  font-size: 15px;\n  font-weight: 700;\n  color: #1A1A1A;\n  margin-bottom: 8px;\n  line-height: 1.3;\n}\n.rdp-pontos-item-desc {\n  font-size: 14px;\n  color: #4A4A4A;\n  line-height: 1.6;\n  margin: 0;\n}\n@media (max-width: 768px) {\n  .rdp-pontos-wrapper {\n    padding: 20px 16px 14px;\n  }\n  .rdp-pontos-grid {\n    grid-template-columns: 1fr;\n    gap: 14px;\n  }\n  .rdp-pontos-title {\n    font-size: 18px;\n  }\n}\n<\/style>\n\n<div class=\"rdp-pontos-wrapper\">\n  <div class=\"rdp-pontos-title\">Diferenciais da Alta Perfumaria<\/div>\n  <div class=\"rdp-pontos-grid\">\n    <div class=\"rdp-pontos-item\">\n      <span class=\"rdp-pontos-emoji\">\u23f3<\/span>\n      <div class=\"rdp-pontos-item-title\">Fixa\u00e7\u00e3o Prolongada<\/div>\n      <p class=\"rdp-pontos-item-desc\">Alta concentra\u00e7\u00e3o de \u00f3leos essenciais atrav\u00e9s da t\u00e9cnica artesanal de enfleurage.<\/p>\n    <\/div>\n    <div class=\"rdp-pontos-item\">\n      <span class=\"rdp-pontos-emoji\">\ud83d\udc8e<\/span>\n      <div class=\"rdp-pontos-item-title\">Design de Luxo<\/div>\n      <p class=\"rdp-pontos-item-desc\">Frascos colecion\u00e1veis que decoram a penteadeira com o mesmo requinte de marcas internacionais.<\/p>\n    <\/div>\n    <div class=\"rdp-pontos-item\">\n      <span class=\"rdp-pontos-emoji\">\u2728<\/span>\n      <div class=\"rdp-pontos-item-title\">Proje\u00e7\u00e3o Marcante<\/div>\n      <p class=\"rdp-pontos-item-desc\">Presen\u00e7a garantida no ambiente sem se tornar invasivo em espa\u00e7os fechados.<\/p>\n    <\/div>\n    <div class=\"rdp-pontos-item\">\n      <span class=\"rdp-pontos-emoji\">\ud83c\udff7\ufe0f<\/span>\n      <div class=\"rdp-pontos-item-title\">Melhor Custo-benef\u00edcio<\/div>\n      <p class=\"rdp-pontos-item-desc\">Pre\u00e7o acess\u00edvel ao evitar taxas de importa\u00e7\u00e3o de produtos europeus.<\/p>\n    <\/div>\n    <div class=\"rdp-pontos-item\">\n      <span class=\"rdp-pontos-emoji\">\ud83c\udf3f<\/span>\n      <div class=\"rdp-pontos-item-title\">Sustentabilidade<\/div>\n      <p class=\"rdp-pontos-item-desc\">Mat\u00e9rias-primas que respeitam a biodiversidade brasileira em todo o processo.<\/p>\n    <\/div>\n  <\/div>\n<\/div>\n<div style=\"clear:both;height:0;overflow:hidden;\"><\/div>\n\n\n\n<p>Uma <strong>dica valiosa<\/strong> para aumentar ainda mais a durabilidade \u00e9 aplicar o perfume em \u00e1reas de maior circula\u00e7\u00e3o sangu\u00ednea, como pulsos e atr\u00e1s das orelhas. Manter a pele bem hidratada com lo\u00e7\u00f5es neutras antes da aplica\u00e7\u00e3o ajuda a segurar as <strong>notas de topo<\/strong> por muito mais tempo, otimizando o uso do produto.<\/p>\n\n\n\n<h2 class=\"wp-block-heading\">Como escolher o contratipo ideal para sua personalidade<\/h2>\n\n\n\n<p>Para encontrar o perfume que mais se adapta ao seu estilo, \u00e9 fundamental testar a evolu\u00e7\u00e3o das <strong>notas de cora\u00e7\u00e3o<\/strong> na pr\u00f3pria pele, pois a qu\u00edmica corporal altera o resultado final. Os <strong>perfumes nacionais<\/strong> oferecem a vantagem de amostras acess\u00edveis em lojas f\u00edsicas, facilitando a decis\u00e3o de compra sem o risco de se arrepender de um investimento alto.<\/p>\n\n\n\n<p>Identificar se voc\u00ea prefere caminhos olfativos florais, amadeirados ou gourmand ajuda a filtrar as op\u00e7\u00f5es que melhor substituem os seus <strong>importados favoritos<\/strong> no dia a dia. Essa <strong>estrat\u00e9gia de consumo<\/strong> inteligente permite que voc\u00ea varie suas fragr\u00e2ncias com mais frequ\u00eancia, adaptando o aroma ao seu humor ou \u00e0 ocasi\u00e3o espec\u00edfica com total liberdade.<\/p>\n\n\n\n<p>Se voc\u00ea gosta de curiosidades, separamos esse v\u00eddeo do canal da <a href=\"https:\/\/www.youtube.com\/@angelperfumada\" target=\"_blank\" rel=\"noreferrer noopener\">Angel Perfumada<\/a> falando mais sobre a Il\u00eda Secreto:<\/p>\n\n\n\n<figure class=\"wp-block-embed is-type-video is-provider-youtube wp-block-embed-youtube wp-embed-aspect-16-9 wp-has-aspect-ratio\"><div class=\"wp-block-embed__wrapper\">\n<div class=\"jeg_video_container jeg_video_content\"><iframe loading=\"lazy\" title=\"IL\u00cdA SECRETO DA NATURA - RESENHA COMPLETA\" width=\"500\" height=\"281\" src=\"https:\/\/www.youtube.com\/embed\/v5WalclB6sg?feature=oembed\" frameborder=\"0\" allow=\"accelerometer; autoplay; clipboard-write; encrypted-media; gyroscope; picture-in-picture; web-share\" referrerpolicy=\"strict-origin-when-cross-origin\" allowfullscreen><\/iframe><\/div>\n<\/div><\/figure>\n\n\n\n<h2 class=\"wp-block-heading\">A perfumaria nacional como s\u00edmbolo de status e qualidade<\/h2>\n\n\n\n<p>O fato de que os <strong>perfumes nacionais lembram importados<\/strong> n\u00e3o \u00e9 uma coincid\u00eancia, mas o resultado de altos investimentos em tecnologia e narizes renomados mundialmente. A <strong>ind\u00fastria brasileira<\/strong> conquistou o respeito dos consumidores mais exigentes, provando que \u00e9 poss\u00edvel exalar sofistica\u00e7\u00e3o utilizando produtos desenvolvidos inteiramente em solo nacional.<\/p>\n\n\n\n<p>Ao escolher fragr\u00e2ncias de marcas como <strong>Natura<\/strong> e <strong>O Botic\u00e1rio<\/strong>, voc\u00ea apoia o mercado local enquanto desfruta de aromas que competem em p\u00e9 de igualdade com os maiores nomes da Fran\u00e7a ou dos Estados Unidos. Continue explorando essas conex\u00f5es olfativas e descubra como o luxo pode estar muito mais perto \u2014 e mais em conta \u2014 do que voc\u00ea imagina.<\/p>\n","protected":false},"excerpt":{"rendered":"<p>A perfumaria brasileira atingiu um patamar de excel\u00eancia t\u00e9cnica que permite a cria\u00e7\u00e3o de fragr\u00e2ncias com mat\u00e9rias-primas nobres e fixa\u00e7\u00e3o surpreendente. Entender como os perfumes nacionais lembram importados \u00e9 o segredo para manter a eleg\u00e2ncia e a assinatura olfativa marcante sem precisar investir em frascos de grifes internacionais car\u00edssimas. Elys\u00e9e Succ\u00e8s e a sofistica\u00e7\u00e3o inspirada [&hellip;]<\/p>\n","protected":false},"author":9,"featured_media":232010,"comment_status":"open","ping_status":"open","sticky":false,"template":"","format":"standard","meta":{"_yoast_wpseo_focuskw":"Perfumes nacionais femininos","_yoast_wpseo_title":"","_yoast_wpseo_metadesc":"Veja como fragr\u00e2ncias acess\u00edveis est\u00e3o chamando aten\u00e7\u00e3o por lembrar perfumes famosos e surpreender na qualidade.","jnews-multi-image_gallery":[],"jnews_single_post":{"format":"standard"},"jnews_primary_category":[],"jnews_social_meta":[],"jnews_override_counter":[],"footnotes":""},"categories":[124],"post_tag":[],"class_list":["post-231108","post","type-post","status-publish","format-standard","has-post-thumbnail","hentry","category-beleza"],"yoast_head":"<!-- This site is optimized with the Yoast SEO plugin v24.6 - https:\/\/yoast.com\/wordpress\/plugins\/seo\/ -->\n<title>Perfumes nacionais femininos que lembram fragr\u00e2ncias importadas famosas logo na primeira aplica\u00e7\u00e3o - Correio Braziliense - Radar<\/title>\n<meta name=\"description\" content=\"Veja como fragr\u00e2ncias acess\u00edveis est\u00e3o chamando aten\u00e7\u00e3o por lembrar perfumes famosos e surpreender na qualidade.\" \/>\n<meta name=\"robots\" content=\"index, follow, max-snippet:-1, max-image-preview:large, max-video-preview:-1\" \/>\n<link rel=\"canonical\" href=\"https:\/\/www.correiobraziliense.com.br\/cbradar\/perfumes-nacionais-femininos-que-lembram-fragrancias-importadas-famosas-logo-na-primeira-aplicacao\/\" \/>\n<meta property=\"og:locale\" content=\"pt_BR\" \/>\n<meta property=\"og:type\" content=\"article\" \/>\n<meta property=\"og:title\" content=\"Perfumes nacionais femininos que lembram fragr\u00e2ncias importadas famosas logo na primeira aplica\u00e7\u00e3o - Correio Braziliense - Radar\" \/>\n<meta property=\"og:description\" content=\"Veja como fragr\u00e2ncias acess\u00edveis est\u00e3o chamando aten\u00e7\u00e3o por lembrar perfumes famosos e surpreender na qualidade.\" \/>\n<meta property=\"og:url\" content=\"https:\/\/www.correiobraziliense.com.br\/cbradar\/perfumes-nacionais-femininos-que-lembram-fragrancias-importadas-famosas-logo-na-primeira-aplicacao\/\" \/>\n<meta property=\"og:site_name\" content=\"Correio Braziliense - Radar\" \/>\n<meta property=\"article:published_time\" content=\"2026-04-26T11:05:00+00:00\" \/>\n<meta property=\"og:image\" content=\"https:\/\/www.correiobraziliense.com.br\/cbradar\/wp-content\/uploads\/2026\/04\/freepik_frascos-elegantes-de-perf_2864433028.jpeg\" \/>\n\t<meta property=\"og:image:width\" content=\"1376\" \/>\n\t<meta property=\"og:image:height\" content=\"768\" \/>\n\t<meta property=\"og:image:type\" content=\"image\/jpeg\" \/>\n<meta name=\"author\" content=\"Daniely Cardoso\" \/>\n<meta name=\"twitter:card\" content=\"summary_large_image\" \/>\n<meta name=\"twitter:label1\" content=\"Escrito por\" \/>\n\t<meta name=\"twitter:data1\" content=\"Daniely Cardoso\" \/>\n\t<meta name=\"twitter:label2\" content=\"Est. tempo de leitura\" \/>\n\t<meta name=\"twitter:data2\" content=\"5 minutos\" \/>\n<!-- \/ Yoast SEO plugin. -->","yoast_head_json":{"title":"Perfumes nacionais femininos que lembram fragr\u00e2ncias importadas famosas logo na primeira aplica\u00e7\u00e3o - Correio Braziliense - Radar","description":"Veja como fragr\u00e2ncias acess\u00edveis est\u00e3o chamando aten\u00e7\u00e3o por lembrar perfumes famosos e surpreender na qualidade.","robots":{"index":"index","follow":"follow","max-snippet":"max-snippet:-1","max-image-preview":"max-image-preview:large","max-video-preview":"max-video-preview:-1"},"canonical":"https:\/\/www.correiobraziliense.com.br\/cbradar\/perfumes-nacionais-femininos-que-lembram-fragrancias-importadas-famosas-logo-na-primeira-aplicacao\/","og_locale":"pt_BR","og_type":"article","og_title":"Perfumes nacionais femininos que lembram fragr\u00e2ncias importadas famosas logo na primeira aplica\u00e7\u00e3o - Correio Braziliense - Radar","og_description":"Veja como fragr\u00e2ncias acess\u00edveis est\u00e3o chamando aten\u00e7\u00e3o por lembrar perfumes famosos e surpreender na qualidade.","og_url":"https:\/\/www.correiobraziliense.com.br\/cbradar\/perfumes-nacionais-femininos-que-lembram-fragrancias-importadas-famosas-logo-na-primeira-aplicacao\/","og_site_name":"Correio Braziliense - Radar","article_published_time":"2026-04-26T11:05:00+00:00","og_image":[{"width":1376,"height":768,"url":"https:\/\/www.correiobraziliense.com.br\/cbradar\/wp-content\/uploads\/2026\/04\/freepik_frascos-elegantes-de-perf_2864433028.jpeg","type":"image\/jpeg"}],"author":"Daniely Cardoso","twitter_card":"summary_large_image","twitter_misc":{"Escrito por":"Daniely Cardoso","Est. tempo de leitura":"5 minutos"},"schema":{"@context":"https:\/\/schema.org","@graph":[{"@type":"WebPage","@id":"https:\/\/www.correiobraziliense.com.br\/cbradar\/perfumes-nacionais-femininos-que-lembram-fragrancias-importadas-famosas-logo-na-primeira-aplicacao\/","url":"https:\/\/www.correiobraziliense.com.br\/cbradar\/perfumes-nacionais-femininos-que-lembram-fragrancias-importadas-famosas-logo-na-primeira-aplicacao\/","name":"Perfumes nacionais femininos que lembram fragr\u00e2ncias importadas famosas logo na primeira aplica\u00e7\u00e3o - Correio Braziliense - Radar","isPartOf":{"@id":"https:\/\/www.correiobraziliense.com.br\/cbradar\/#website"},"primaryImageOfPage":{"@id":"https:\/\/www.correiobraziliense.com.br\/cbradar\/perfumes-nacionais-femininos-que-lembram-fragrancias-importadas-famosas-logo-na-primeira-aplicacao\/#primaryimage"},"image":{"@id":"https:\/\/www.correiobraziliense.com.br\/cbradar\/perfumes-nacionais-femininos-que-lembram-fragrancias-importadas-famosas-logo-na-primeira-aplicacao\/#primaryimage"},"thumbnailUrl":"https:\/\/www.correiobraziliense.com.br\/cbradar\/wp-content\/uploads\/2026\/04\/freepik_frascos-elegantes-de-perf_2864433028.jpeg","datePublished":"2026-04-26T11:05:00+00:00","author":{"@id":"https:\/\/www.correiobraziliense.com.br\/cbradar\/#\/schema\/person\/7356666e12ec0ee53f348ee5db227032"},"description":"Veja como fragr\u00e2ncias acess\u00edveis est\u00e3o chamando aten\u00e7\u00e3o por lembrar perfumes famosos e surpreender na qualidade.","breadcrumb":{"@id":"https:\/\/www.correiobraziliense.com.br\/cbradar\/perfumes-nacionais-femininos-que-lembram-fragrancias-importadas-famosas-logo-na-primeira-aplicacao\/#breadcrumb"},"inLanguage":"pt-BR","potentialAction":[{"@type":"ReadAction","target":["https:\/\/www.correiobraziliense.com.br\/cbradar\/perfumes-nacionais-femininos-que-lembram-fragrancias-importadas-famosas-logo-na-primeira-aplicacao\/"]}]},{"@type":"ImageObject","inLanguage":"pt-BR","@id":"https:\/\/www.correiobraziliense.com.br\/cbradar\/perfumes-nacionais-femininos-que-lembram-fragrancias-importadas-famosas-logo-na-primeira-aplicacao\/#primaryimage","url":"https:\/\/www.correiobraziliense.com.br\/cbradar\/wp-content\/uploads\/2026\/04\/freepik_frascos-elegantes-de-perf_2864433028.jpeg","contentUrl":"https:\/\/www.correiobraziliense.com.br\/cbradar\/wp-content\/uploads\/2026\/04\/freepik_frascos-elegantes-de-perf_2864433028.jpeg","width":1376,"height":768,"caption":"Para encontrar o perfume que mais se adapta ao seu estilo, \u00e9 fundamental testar a evolu\u00e7\u00e3o das notas de cora\u00e7\u00e3o na pr\u00f3pria pele"},{"@type":"BreadcrumbList","@id":"https:\/\/www.correiobraziliense.com.br\/cbradar\/perfumes-nacionais-femininos-que-lembram-fragrancias-importadas-famosas-logo-na-primeira-aplicacao\/#breadcrumb","itemListElement":[{"@type":"ListItem","position":1,"name":"In\u00edcio","item":"https:\/\/www.correiobraziliense.com.br\/cbradar\/"},{"@type":"ListItem","position":2,"name":"Perfumes nacionais femininos que lembram fragr\u00e2ncias importadas famosas logo na primeira aplica\u00e7\u00e3o"}]},{"@type":"WebSite","@id":"https:\/\/www.correiobraziliense.com.br\/cbradar\/#website","url":"https:\/\/www.correiobraziliense.com.br\/cbradar\/","name":"Correio Braziliense - Radar","description":"Acompanhe as \u00faltimas not\u00edcias e fique bem informado sobre tudo o que acontece no Brasil e no mundo.","potentialAction":[{"@type":"SearchAction","target":{"@type":"EntryPoint","urlTemplate":"https:\/\/www.correiobraziliense.com.br\/cbradar\/?s={search_term_string}"},"query-input":{"@type":"PropertyValueSpecification","valueRequired":true,"valueName":"search_term_string"}}],"inLanguage":"pt-BR"},{"@type":"Person","@id":"https:\/\/www.correiobraziliense.com.br\/cbradar\/#\/schema\/person\/7356666e12ec0ee53f348ee5db227032","name":"Daniely Cardoso","image":{"@type":"ImageObject","inLanguage":"pt-BR","@id":"https:\/\/www.correiobraziliense.com.br\/cbradar\/#\/schema\/person\/image\/","url":"https:\/\/secure.gravatar.com\/avatar\/4b80ddbd124d1f071b626d52d62e5dff?s=96&d=mm&r=g","contentUrl":"https:\/\/secure.gravatar.com\/avatar\/4b80ddbd124d1f071b626d52d62e5dff?s=96&d=mm&r=g","caption":"Daniely Cardoso"},"description":"Redatora nos portais CB Radar e EM Foco, formada pela Universidade Federal de Goi\u00e1s, em Goi\u00e2nia. Apaixonada por comunica\u00e7\u00e3o, arte, decora\u00e7\u00e3o e tend\u00eancias, atuo na produ\u00e7\u00e3o de conte\u00fados envolventes sobre curiosidades, moda, beleza e paisagismo, sempre com um olhar atento \u00e0s novidades do momento.","sameAs":["https:\/\/www.correiobraziliense.com.br\/cbradar"],"url":"https:\/\/www.correiobraziliense.com.br\/cbradar\/author\/danielymyth\/"}]}},"_links":{"self":[{"href":"https:\/\/www.correiobraziliense.com.br\/cbradar\/wp-json\/wp\/v2\/posts\/231108","targetHints":{"allow":["GET"]}}],"collection":[{"href":"https:\/\/www.correiobraziliense.com.br\/cbradar\/wp-json\/wp\/v2\/posts"}],"about":[{"href":"https:\/\/www.correiobraziliense.com.br\/cbradar\/wp-json\/wp\/v2\/types\/post"}],"author":[{"embeddable":true,"href":"https:\/\/www.correiobraziliense.com.br\/cbradar\/wp-json\/wp\/v2\/users\/9"}],"replies":[{"embeddable":true,"href":"https:\/\/www.correiobraziliense.com.br\/cbradar\/wp-json\/wp\/v2\/comments?post=231108"}],"version-history":[{"count":1,"href":"https:\/\/www.correiobraziliense.com.br\/cbradar\/wp-json\/wp\/v2\/posts\/231108\/revisions"}],"predecessor-version":[{"id":231109,"href":"https:\/\/www.correiobraziliense.com.br\/cbradar\/wp-json\/wp\/v2\/posts\/231108\/revisions\/231109"}],"wp:featuredmedia":[{"embeddable":true,"href":"https:\/\/www.correiobraziliense.com.br\/cbradar\/wp-json\/wp\/v2\/media\/232010"}],"wp:attachment":[{"href":"https:\/\/www.correiobraziliense.com.br\/cbradar\/wp-json\/wp\/v2\/media?parent=231108"}],"wp:term":[{"taxonomy":"category","embeddable":true,"href":"https:\/\/www.correiobraziliense.com.br\/cbradar\/wp-json\/wp\/v2\/categories?post=231108"},{"taxonomy":"post_tag","embeddable":true,"href":"https:\/\/www.correiobraziliense.com.br\/cbradar\/wp-json\/wp\/v2\/post_tag?post=231108"}],"curies":[{"name":"wp","href":"https:\/\/api.w.org\/{rel}","templated":true}]}}