{"id":231111,"date":"2026-04-26T09:25:00","date_gmt":"2026-04-26T12:25:00","guid":{"rendered":"https:\/\/www.correiobraziliense.com.br\/cbradar\/?p=231111"},"modified":"2026-04-25T14:42:59","modified_gmt":"2026-04-25T17:42:59","slug":"perfumes-de-bebe-que-lembram-cheiro-de-banho-tomado-ja-na-primeira-borrifada","status":"publish","type":"post","link":"https:\/\/www.correiobraziliense.com.br\/cbradar\/perfumes-de-bebe-que-lembram-cheiro-de-banho-tomado-ja-na-primeira-borrifada\/","title":{"rendered":"Perfumes de beb\u00ea que lembram cheiro de banho tomado j\u00e1 na primeira borrifada"},"content":{"rendered":"\n<p>A sensa\u00e7\u00e3o de frescor ap\u00f3s o cuidado com os pequenos \u00e9 uma das experi\u00eancias olfativas mais reconfortantes, remetendo ao carinho e \u00e0 tranquilidade do ambiente dom\u00e9stico. Encontrar <strong>perfumes de beb\u00ea com cheiro de banho<\/strong> \u00e9 a prioridade de muitos pais que buscam manter essa aura de limpeza e suavidade por muito mais tempo na pele delicada das crian\u00e7as.<\/p>\n\n\n\n<h2 class=\"wp-block-heading\">A suavidade cl\u00e1ssica da Lavanda e o conforto do talco<\/h2>\n\n\n\n<p>A <strong>Lavanda<\/strong> \u00e9 a nota protagonista na perfumaria infantil brasileira, sendo amplamente reconhecida por suas propriedades relaxantes que auxiliam no sono do beb\u00ea. Essa fragr\u00e2ncia cl\u00e1ssica evoca o <strong>frescor imediato<\/strong>, criando uma barreira olfativa que prolonga a sensa\u00e7\u00e3o de \u00e1gua morna e sabonete neutro sobre a pele por v\u00e1rias horas ap\u00f3s a aplica\u00e7\u00e3o inicial.<\/p>\n\n\n\n<p>Marcas consagradas em <strong>S\u00e3o Paulo<\/strong> e em todo o pa\u00eds utilizam essa base floral para transmitir pureza, muitas vezes combinando-a com o toque aveludado do <strong>cheiro de talco<\/strong>. Essa mistura \u00e9 ideal para o uso di\u00e1rio, pois n\u00e3o sobrecarrega o olfato sens\u00edvel da crian\u00e7a e proporciona uma transi\u00e7\u00e3o suave entre o momento do banho e o per\u00edodo de descanso.<\/p>\n\n\n<div class=\"wp-block-image\">\n<figure class=\"aligncenter size-full\"><img decoding=\"async\" width=\"1280\" height=\"720\" src=\"https:\/\/www.correiobraziliense.com.br\/cbradar\/wp-content\/uploads\/2026\/04\/perfume-de-bebe.jpg\" alt=\"\" class=\"wp-image-231112\" srcset=\"https:\/\/www.correiobraziliense.com.br\/cbradar\/wp-content\/uploads\/2026\/04\/perfume-de-bebe.jpg 1280w, https:\/\/www.correiobraziliense.com.br\/cbradar\/wp-content\/uploads\/2026\/04\/perfume-de-bebe-300x169.jpg 300w, https:\/\/www.correiobraziliense.com.br\/cbradar\/wp-content\/uploads\/2026\/04\/perfume-de-bebe-768x432.jpg 768w, https:\/\/www.correiobraziliense.com.br\/cbradar\/wp-content\/uploads\/2026\/04\/perfume-de-bebe-750x422.jpg 750w, https:\/\/www.correiobraziliense.com.br\/cbradar\/wp-content\/uploads\/2026\/04\/perfume-de-bebe-1140x641.jpg 1140w\" sizes=\"(max-width: 1280px) 100vw, 1280px\" \/><figcaption class=\"wp-element-caption\">A Lavanda \u00e9 a nota protagonista na perfumaria infantil brasileira, sendo amplamente reconhecida por suas propriedades relaxantes <\/figcaption><\/figure><\/div>\n\n\n<p>Leia tamb\u00e9m: <a href=\"https:\/\/www.correiobraziliense.com.br\/cbradar\/4-cortes-de-cabelo-curto-que-ajudam-a-dar-mais-corpo-aos-fios-ralos-e-sem-volume\/\" target=\"_blank\" rel=\"noreferrer noopener\">4 cortes de cabelo curto que ajudam a dar mais corpo aos fios ralos e sem volume<\/a><\/p>\n\n\n\n<h2 class=\"wp-block-heading\">Mam\u00e3e e Beb\u00ea e o \u00edcone da perfumaria infantil nacional<\/h2>\n\n\n\n<p>Falar em perfumes que lembram banho tomado \u00e9 imposs\u00edvel sem citar o cl\u00e1ssico <strong>Mam\u00e3e e Beb\u00ea<\/strong>, da <strong>Natura<\/strong>, que se tornou um padr\u00e3o de refer\u00eancia para gera\u00e7\u00f5es de fam\u00edlias. Sua f\u00f3rmula \u00e9 composta por notas c\u00edtricas e florais extremamente leves, garantindo uma <strong>comunica\u00e7\u00e3o olfativa<\/strong> de afeto e cuidado que se espalha pelo ambiente de forma sutil e encantadora.<\/p>\n\n\n\n<p>O sucesso dessa fragr\u00e2ncia reside na sua capacidade de ser <strong>hipoalerg\u00eanica<\/strong> e livre de \u00e1lcool, respeitando a integridade da barreira cut\u00e2nea infantil enquanto perfuma. Para os pais, o uso desse produto refor\u00e7a o v\u00ednculo emocional atrav\u00e9s do cheiro, criando mem\u00f3rias afetivas duradouras que associam a inf\u00e2ncia a momentos de paz e seguran\u00e7a total.<\/p>\n\n\n\n<h2 class=\"wp-block-heading\">Giovanna Baby e a nostalgia do frescor Blue<\/h2>\n\n\n\n<p>O <strong>Giovanna Baby Blue<\/strong> \u00e9 outra joia da perfumaria nacional que entrega um <strong>bouquet floral<\/strong> delicado com notas de musk e baunilha, lembrando roupas de algod\u00e3o limpas e banho fresco. Essa col\u00f4nia atravessa d\u00e9cadas mantendo sua relev\u00e2ncia por oferecer uma fragr\u00e2ncia que, embora infantil, agrada pessoas de todas as idades que buscam leveza.<\/p>\n\n\n\n<link href=\"https:\/\/fonts.googleapis.com\/css2?family=Inter:wght@400;600;700;800&#038;display=swap\" rel=\"stylesheet\">\n<style>\n\/* Prote\u00e7\u00e3o contra inje\u00e7\u00e3o do \"Veja Tamb\u00e9m\" (JNews inline related posts) *\/\n.rdp-pontos-wrapper .jnews_inline_related_post_wrapper,\n.rdp-pontos-wrapper .jnews_inline_related_post,\n.rdp-pontos-wrapper .jeg_postblock,\n.rdp-pontos-wrapper [class*=\"jnews_inline\"],\n.rdp-pontos-wrapper [class*=\"jeg_postblock\"],\n.rdp-pontos-wrapper [class*=\"jeg_block\"] {\n  display: none !important;\n  height: 0 !important;\n  max-height: 0 !important;\n  overflow: hidden !important;\n  visibility: hidden !important;\n  margin: 0 !important;\n  padding: 0 !important;\n  border: none !important;\n  font-size: 0 !important;\n  line-height: 0 !important;\n}\n.rdp-pontos-wrapper {\n  max-width: 100%;\n  margin: 32px 0;\n  background: #F0F9FF; \/* Azul beb\u00ea clar\u00edssimo *\/\n  border: 1px solid #E0F2FE;\n  border-radius: 12px;\n  padding: 28px 28px 20px;\n  font-family: 'Inter', sans-serif;\n  box-shadow: 0 4px 20px rgba(14,165,233,0.06);\n  overflow: hidden;\n  contain: layout style;\n  isolation: isolate;\n  position: relative;\n  z-index: 1;\n}\n.rdp-pontos-wrapper > *:not(.rdp-pontos-title):not(.rdp-pontos-grid) {\n  display: none !important;\n  height: 0 !important;\n  overflow: hidden !important;\n  margin: 0 !important;\n  padding: 0 !important;\n  border: none !important;\n}\n.rdp-pontos-title {\n  font-family: 'Inter', sans-serif;\n  font-size: 20px;\n  font-weight: 800;\n  color: #0369A1;\n  margin: 0 0 20px 0;\n  line-height: 1.3;\n  text-align: center;\n}\n.rdp-pontos-grid {\n  display: grid;\n  grid-template-columns: repeat(3, 1fr);\n  gap: 18px;\n}\n.rdp-pontos-item {\n  background: #FFFFFF;\n  border: 1px solid #E0F2FE;\n  border-top: 3px solid #38BDF8; \/* Azul c\u00e9u suave *\/\n  border-radius: 10px;\n  padding: 22px 20px;\n  box-shadow: 0 2px 10px rgba(56,189,248,0.05);\n  transition: box-shadow 0.3s ease, border-color 0.3s ease;\n  text-align: center;\n}\n.rdp-pontos-item:hover {\n  box-shadow: 0 4px 20px rgba(56,189,248,0.15);\n  border-color: #38BDF8;\n}\n.rdp-pontos-emoji {\n  font-size: 32px;\n  line-height: 1;\n  margin-bottom: 12px;\n  display: block;\n  text-align: center;\n}\n.rdp-pontos-item-title {\n  font-size: 15px;\n  font-weight: 700;\n  color: #1A1A1A;\n  margin-bottom: 8px;\n  line-height: 1.3;\n}\n.rdp-pontos-item-desc {\n  font-size: 14px;\n  color: #475569;\n  line-height: 1.6;\n  margin: 0;\n}\n@media (max-width: 768px) {\n  .rdp-pontos-wrapper {\n    padding: 20px 16px 14px;\n  }\n  .rdp-pontos-grid {\n    grid-template-columns: 1fr;\n    gap: 14px;\n  }\n  .rdp-pontos-title {\n    font-size: 18px;\n  }\n}\n<\/style>\n\n<div class=\"rdp-pontos-wrapper\">\n  <div class=\"rdp-pontos-title\">Diferenciais de Cuidado e Higiene Infantil<\/div>\n  <div class=\"rdp-pontos-grid\">\n    <div class=\"rdp-pontos-item\">\n      <span class=\"rdp-pontos-emoji\">\ud83d\udca7<\/span>\n      <div class=\"rdp-pontos-item-title\">Zero \u00c1lcool<\/div>\n      <p class=\"rdp-pontos-item-desc\">F\u00f3rmulas seguras que evitam irrita\u00e7\u00f5es e o ressecamento da derme sens\u00edvel.<\/p>\n    <\/div>\n    <div class=\"rdp-pontos-item\">\n      <span class=\"rdp-pontos-emoji\">\ud83e\uddf4<\/span>\n      <div class=\"rdp-pontos-item-title\">Design Ergon\u00f4mico<\/div>\n      <p class=\"rdp-pontos-item-desc\">Embalagens pensadas para facilitar a aplica\u00e7\u00e3o pr\u00e1tica durante a rotina dos pais.<\/p>\n    <\/div>\n    <div class=\"rdp-pontos-item\">\n      <span class=\"rdp-pontos-emoji\">\ud83d\udee1\ufe0f<\/span>\n      <div class=\"rdp-pontos-item-title\">Seguran\u00e7a Dermatol\u00f3gica<\/div>\n      <p class=\"rdp-pontos-item-desc\">Testes rigorosos que garantem prote\u00e7\u00e3o mesmo em peles com tend\u00eancia a dermatites.<\/p>\n    <\/div>\n    <div class=\"rdp-pontos-item\">\n      <span class=\"rdp-pontos-emoji\">\ud83e\uddfa<\/span>\n      <div class=\"rdp-pontos-item-title\">Uso Vers\u00e1til<\/div>\n      <p class=\"rdp-pontos-item-desc\">Pode ser aplicada diretamente na pele, nas roupinhas ou no enxoval de ber\u00e7o.<\/p>\n    <\/div>\n    <div class=\"rdp-pontos-item\">\n      <span class=\"rdp-pontos-emoji\">\ud83d\udcb0<\/span>\n      <div class=\"rdp-pontos-item-title\">Custo-benef\u00edcio<\/div>\n      <p class=\"rdp-pontos-item-desc\">Qualidade premium que mant\u00e9m o frescor sem comprometer o or\u00e7amento familiar.<\/p>\n    <\/div>\n  <\/div>\n<\/div>\n<div style=\"clear:both;height:0;overflow:hidden;\"><\/div>\n\n\n\n<p>Uma <strong>aten\u00e7\u00e3o especial<\/strong> deve ser dada \u00e0 forma de aplica\u00e7\u00e3o: prefira borrifar o perfume nas m\u00e3os e depois espalhar suavemente no corpo da crian\u00e7a ou nas roupas. Evitar o contato direto com as mucosas e o rosto garante que a <strong>experi\u00eancia sensorial<\/strong> seja apenas prazerosa e livre de qualquer desconforto respirat\u00f3rio para o pequeno.<\/p>\n\n\n\n<h2 class=\"wp-block-heading\">Como escolher a col\u00f4nia ideal para a rotina de higiene<\/h2>\n\n\n\n<p>Ao selecionar o perfume, priorize aqueles que possuem <strong>notas de topo<\/strong> c\u00edtricas ou herbais, pois s\u00e3o elas as respons\u00e1veis pela primeira impress\u00e3o de limpeza absoluta. A evolu\u00e7\u00e3o da fragr\u00e2ncia deve manter-se rente \u00e0 pele, servindo como um complemento natural ao cheirinho pr\u00f3prio do beb\u00ea, sem mascarar sua identidade biol\u00f3gica \u00fanica.<\/p>\n\n\n\n<p>Se voc\u00ea gosta de dicas, separamos esse v\u00eddeo do canal da <a href=\"https:\/\/www.youtube.com\/@LumaServioOficial\" target=\"_blank\" rel=\"noreferrer noopener\">Luma Servio<\/a> mostrando os perfumes que seus filhos utilizam:<\/p>\n\n\n\n<figure class=\"wp-block-embed is-type-video is-provider-youtube wp-block-embed-youtube wp-embed-aspect-16-9 wp-has-aspect-ratio\"><div class=\"wp-block-embed__wrapper\">\n<div class=\"jeg_video_container jeg_video_content\"><iframe loading=\"lazy\" title=\"MEUS FILHOS RECEBEM MTOS ELOGIOS COM ESSES! As crian\u00e7as mais cheirosas!\" width=\"500\" height=\"281\" src=\"https:\/\/www.youtube.com\/embed\/6wEfEYT52aQ?feature=oembed\" frameborder=\"0\" allow=\"accelerometer; autoplay; clipboard-write; encrypted-media; gyroscope; picture-in-picture; web-share\" referrerpolicy=\"strict-origin-when-cross-origin\" allowfullscreen><\/iframe><\/div>\n<\/div><\/figure>\n\n\n\n<p>Verificar a composi\u00e7\u00e3o e optar por marcas que investem em ingredientes naturais, como extratos de algod\u00e3o ou camomila, potencializa o efeito de <strong>calma e relaxamento<\/strong>. Essa escolha consciente transforma o ato de perfumar em um prolongamento do ritual de cuidado, transformando a rotina de higiene em um momento esperado e amado pela crian\u00e7a.<\/p>\n\n\n\n<h2 class=\"wp-block-heading\">O cheiro de banho como \u00e2ncora de bem-estar infantil<\/h2>\n\n\n\n<p>Os <strong>perfumes de beb\u00ea com cheiro de banho<\/strong> desempenham um papel que vai al\u00e9m da est\u00e9tica, atuando como verdadeiras \u00e2ncoras de bem-estar para a fam\u00edlia. A <strong>mem\u00f3ria olfativa<\/strong> criada por esses aromas suaves ajuda a baixar o n\u00edvel de energia da casa, preparando o ambiente para uma noite de sono tranquila e restauradora para todos.<\/p>\n\n\n\n<p>Investir em fragr\u00e2ncias de qualidade \u00e9 uma forma de celebrar a pureza da inf\u00e2ncia atrav\u00e9s dos sentidos, mantendo a casa sempre com aquele aroma acolhedor de frescor. Continue explorando as op\u00e7\u00f5es nacionais e descubra como o simples gesto de perfumar seu beb\u00ea pode trazer mais leveza e alegria para os seus dias.<\/p>\n","protected":false},"excerpt":{"rendered":"<p>A sensa\u00e7\u00e3o de frescor ap\u00f3s o cuidado com os pequenos \u00e9 uma das experi\u00eancias olfativas mais reconfortantes, remetendo ao carinho e \u00e0 tranquilidade do ambiente dom\u00e9stico. Encontrar perfumes de beb\u00ea com cheiro de banho \u00e9 a prioridade de muitos pais que buscam manter essa aura de limpeza e suavidade por muito mais tempo na pele [&hellip;]<\/p>\n","protected":false},"author":9,"featured_media":232013,"comment_status":"open","ping_status":"open","sticky":false,"template":"","format":"standard","meta":{"_yoast_wpseo_focuskw":"Perfumes de beb\u00ea","_yoast_wpseo_title":"","_yoast_wpseo_metadesc":"Veja quais fragr\u00e2ncias suaves ajudam a prolongar o cheirinho de banho e trazem mais conforto no dia a dia.","jnews-multi-image_gallery":[],"jnews_single_post":{"format":"standard"},"jnews_primary_category":[],"jnews_social_meta":[],"jnews_override_counter":[],"footnotes":""},"categories":[124],"post_tag":[],"class_list":["post-231111","post","type-post","status-publish","format-standard","has-post-thumbnail","hentry","category-beleza"],"yoast_head":"<!-- This site is optimized with the Yoast SEO plugin v24.6 - https:\/\/yoast.com\/wordpress\/plugins\/seo\/ -->\n<title>Perfumes de beb\u00ea que lembram cheiro de banho tomado j\u00e1 na primeira borrifada - Correio Braziliense - Radar<\/title>\n<meta name=\"description\" content=\"Veja quais fragr\u00e2ncias suaves ajudam a prolongar o cheirinho de banho e trazem mais conforto no dia a dia.\" \/>\n<meta name=\"robots\" content=\"index, follow, max-snippet:-1, max-image-preview:large, max-video-preview:-1\" \/>\n<link rel=\"canonical\" href=\"https:\/\/www.correiobraziliense.com.br\/cbradar\/perfumes-de-bebe-que-lembram-cheiro-de-banho-tomado-ja-na-primeira-borrifada\/\" \/>\n<meta property=\"og:locale\" content=\"pt_BR\" \/>\n<meta property=\"og:type\" content=\"article\" \/>\n<meta property=\"og:title\" content=\"Perfumes de beb\u00ea que lembram cheiro de banho tomado j\u00e1 na primeira borrifada - Correio Braziliense - Radar\" \/>\n<meta property=\"og:description\" content=\"Veja quais fragr\u00e2ncias suaves ajudam a prolongar o cheirinho de banho e trazem mais conforto no dia a dia.\" \/>\n<meta property=\"og:url\" content=\"https:\/\/www.correiobraziliense.com.br\/cbradar\/perfumes-de-bebe-que-lembram-cheiro-de-banho-tomado-ja-na-primeira-borrifada\/\" \/>\n<meta property=\"og:site_name\" content=\"Correio Braziliense - Radar\" \/>\n<meta property=\"article:published_time\" content=\"2026-04-26T12:25:00+00:00\" \/>\n<meta property=\"og:image\" content=\"https:\/\/www.correiobraziliense.com.br\/cbradar\/wp-content\/uploads\/2026\/04\/freepik_frasco-de-perfume-de-bebe_2864457654.jpeg\" \/>\n\t<meta property=\"og:image:width\" content=\"1376\" \/>\n\t<meta property=\"og:image:height\" content=\"768\" \/>\n\t<meta property=\"og:image:type\" content=\"image\/jpeg\" \/>\n<meta name=\"author\" content=\"Daniely Cardoso\" \/>\n<meta name=\"twitter:card\" content=\"summary_large_image\" \/>\n<meta name=\"twitter:label1\" content=\"Escrito por\" \/>\n\t<meta name=\"twitter:data1\" content=\"Daniely Cardoso\" \/>\n\t<meta name=\"twitter:label2\" content=\"Est. tempo de leitura\" \/>\n\t<meta name=\"twitter:data2\" content=\"5 minutos\" \/>\n<!-- \/ Yoast SEO plugin. -->","yoast_head_json":{"title":"Perfumes de beb\u00ea que lembram cheiro de banho tomado j\u00e1 na primeira borrifada - Correio Braziliense - Radar","description":"Veja quais fragr\u00e2ncias suaves ajudam a prolongar o cheirinho de banho e trazem mais conforto no dia a dia.","robots":{"index":"index","follow":"follow","max-snippet":"max-snippet:-1","max-image-preview":"max-image-preview:large","max-video-preview":"max-video-preview:-1"},"canonical":"https:\/\/www.correiobraziliense.com.br\/cbradar\/perfumes-de-bebe-que-lembram-cheiro-de-banho-tomado-ja-na-primeira-borrifada\/","og_locale":"pt_BR","og_type":"article","og_title":"Perfumes de beb\u00ea que lembram cheiro de banho tomado j\u00e1 na primeira borrifada - Correio Braziliense - Radar","og_description":"Veja quais fragr\u00e2ncias suaves ajudam a prolongar o cheirinho de banho e trazem mais conforto no dia a dia.","og_url":"https:\/\/www.correiobraziliense.com.br\/cbradar\/perfumes-de-bebe-que-lembram-cheiro-de-banho-tomado-ja-na-primeira-borrifada\/","og_site_name":"Correio Braziliense - Radar","article_published_time":"2026-04-26T12:25:00+00:00","og_image":[{"width":1376,"height":768,"url":"https:\/\/www.correiobraziliense.com.br\/cbradar\/wp-content\/uploads\/2026\/04\/freepik_frasco-de-perfume-de-bebe_2864457654.jpeg","type":"image\/jpeg"}],"author":"Daniely Cardoso","twitter_card":"summary_large_image","twitter_misc":{"Escrito por":"Daniely Cardoso","Est. tempo de leitura":"5 minutos"},"schema":{"@context":"https:\/\/schema.org","@graph":[{"@type":"WebPage","@id":"https:\/\/www.correiobraziliense.com.br\/cbradar\/perfumes-de-bebe-que-lembram-cheiro-de-banho-tomado-ja-na-primeira-borrifada\/","url":"https:\/\/www.correiobraziliense.com.br\/cbradar\/perfumes-de-bebe-que-lembram-cheiro-de-banho-tomado-ja-na-primeira-borrifada\/","name":"Perfumes de beb\u00ea que lembram cheiro de banho tomado j\u00e1 na primeira borrifada - Correio Braziliense - Radar","isPartOf":{"@id":"https:\/\/www.correiobraziliense.com.br\/cbradar\/#website"},"primaryImageOfPage":{"@id":"https:\/\/www.correiobraziliense.com.br\/cbradar\/perfumes-de-bebe-que-lembram-cheiro-de-banho-tomado-ja-na-primeira-borrifada\/#primaryimage"},"image":{"@id":"https:\/\/www.correiobraziliense.com.br\/cbradar\/perfumes-de-bebe-que-lembram-cheiro-de-banho-tomado-ja-na-primeira-borrifada\/#primaryimage"},"thumbnailUrl":"https:\/\/www.correiobraziliense.com.br\/cbradar\/wp-content\/uploads\/2026\/04\/freepik_frasco-de-perfume-de-bebe_2864457654.jpeg","datePublished":"2026-04-26T12:25:00+00:00","author":{"@id":"https:\/\/www.correiobraziliense.com.br\/cbradar\/#\/schema\/person\/7356666e12ec0ee53f348ee5db227032"},"description":"Veja quais fragr\u00e2ncias suaves ajudam a prolongar o cheirinho de banho e trazem mais conforto no dia a dia.","breadcrumb":{"@id":"https:\/\/www.correiobraziliense.com.br\/cbradar\/perfumes-de-bebe-que-lembram-cheiro-de-banho-tomado-ja-na-primeira-borrifada\/#breadcrumb"},"inLanguage":"pt-BR","potentialAction":[{"@type":"ReadAction","target":["https:\/\/www.correiobraziliense.com.br\/cbradar\/perfumes-de-bebe-que-lembram-cheiro-de-banho-tomado-ja-na-primeira-borrifada\/"]}]},{"@type":"ImageObject","inLanguage":"pt-BR","@id":"https:\/\/www.correiobraziliense.com.br\/cbradar\/perfumes-de-bebe-que-lembram-cheiro-de-banho-tomado-ja-na-primeira-borrifada\/#primaryimage","url":"https:\/\/www.correiobraziliense.com.br\/cbradar\/wp-content\/uploads\/2026\/04\/freepik_frasco-de-perfume-de-bebe_2864457654.jpeg","contentUrl":"https:\/\/www.correiobraziliense.com.br\/cbradar\/wp-content\/uploads\/2026\/04\/freepik_frasco-de-perfume-de-bebe_2864457654.jpeg","width":1376,"height":768,"caption":"Marcas consagradas em S\u00e3o Paulo e em todo o pa\u00eds utilizam essa base floral para transmitir pureza"},{"@type":"BreadcrumbList","@id":"https:\/\/www.correiobraziliense.com.br\/cbradar\/perfumes-de-bebe-que-lembram-cheiro-de-banho-tomado-ja-na-primeira-borrifada\/#breadcrumb","itemListElement":[{"@type":"ListItem","position":1,"name":"In\u00edcio","item":"https:\/\/www.correiobraziliense.com.br\/cbradar\/"},{"@type":"ListItem","position":2,"name":"Perfumes de beb\u00ea que lembram cheiro de banho tomado j\u00e1 na primeira borrifada"}]},{"@type":"WebSite","@id":"https:\/\/www.correiobraziliense.com.br\/cbradar\/#website","url":"https:\/\/www.correiobraziliense.com.br\/cbradar\/","name":"Correio Braziliense - Radar","description":"Acompanhe as \u00faltimas not\u00edcias e fique bem informado sobre tudo o que acontece no Brasil e no mundo.","potentialAction":[{"@type":"SearchAction","target":{"@type":"EntryPoint","urlTemplate":"https:\/\/www.correiobraziliense.com.br\/cbradar\/?s={search_term_string}"},"query-input":{"@type":"PropertyValueSpecification","valueRequired":true,"valueName":"search_term_string"}}],"inLanguage":"pt-BR"},{"@type":"Person","@id":"https:\/\/www.correiobraziliense.com.br\/cbradar\/#\/schema\/person\/7356666e12ec0ee53f348ee5db227032","name":"Daniely Cardoso","image":{"@type":"ImageObject","inLanguage":"pt-BR","@id":"https:\/\/www.correiobraziliense.com.br\/cbradar\/#\/schema\/person\/image\/","url":"https:\/\/secure.gravatar.com\/avatar\/4b80ddbd124d1f071b626d52d62e5dff?s=96&d=mm&r=g","contentUrl":"https:\/\/secure.gravatar.com\/avatar\/4b80ddbd124d1f071b626d52d62e5dff?s=96&d=mm&r=g","caption":"Daniely Cardoso"},"description":"Redatora nos portais CB Radar e EM Foco, formada pela Universidade Federal de Goi\u00e1s, em Goi\u00e2nia. Apaixonada por comunica\u00e7\u00e3o, arte, decora\u00e7\u00e3o e tend\u00eancias, atuo na produ\u00e7\u00e3o de conte\u00fados envolventes sobre curiosidades, moda, beleza e paisagismo, sempre com um olhar atento \u00e0s novidades do momento.","sameAs":["https:\/\/www.correiobraziliense.com.br\/cbradar"],"url":"https:\/\/www.correiobraziliense.com.br\/cbradar\/author\/danielymyth\/"}]}},"_links":{"self":[{"href":"https:\/\/www.correiobraziliense.com.br\/cbradar\/wp-json\/wp\/v2\/posts\/231111","targetHints":{"allow":["GET"]}}],"collection":[{"href":"https:\/\/www.correiobraziliense.com.br\/cbradar\/wp-json\/wp\/v2\/posts"}],"about":[{"href":"https:\/\/www.correiobraziliense.com.br\/cbradar\/wp-json\/wp\/v2\/types\/post"}],"author":[{"embeddable":true,"href":"https:\/\/www.correiobraziliense.com.br\/cbradar\/wp-json\/wp\/v2\/users\/9"}],"replies":[{"embeddable":true,"href":"https:\/\/www.correiobraziliense.com.br\/cbradar\/wp-json\/wp\/v2\/comments?post=231111"}],"version-history":[{"count":1,"href":"https:\/\/www.correiobraziliense.com.br\/cbradar\/wp-json\/wp\/v2\/posts\/231111\/revisions"}],"predecessor-version":[{"id":231113,"href":"https:\/\/www.correiobraziliense.com.br\/cbradar\/wp-json\/wp\/v2\/posts\/231111\/revisions\/231113"}],"wp:featuredmedia":[{"embeddable":true,"href":"https:\/\/www.correiobraziliense.com.br\/cbradar\/wp-json\/wp\/v2\/media\/232013"}],"wp:attachment":[{"href":"https:\/\/www.correiobraziliense.com.br\/cbradar\/wp-json\/wp\/v2\/media?parent=231111"}],"wp:term":[{"taxonomy":"category","embeddable":true,"href":"https:\/\/www.correiobraziliense.com.br\/cbradar\/wp-json\/wp\/v2\/categories?post=231111"},{"taxonomy":"post_tag","embeddable":true,"href":"https:\/\/www.correiobraziliense.com.br\/cbradar\/wp-json\/wp\/v2\/post_tag?post=231111"}],"curies":[{"name":"wp","href":"https:\/\/api.w.org\/{rel}","templated":true}]}}