{"id":231114,"date":"2026-04-26T10:05:00","date_gmt":"2026-04-26T13:05:00","guid":{"rendered":"https:\/\/www.correiobraziliense.com.br\/cbradar\/?p=231114"},"modified":"2026-04-25T14:46:00","modified_gmt":"2026-04-25T17:46:00","slug":"colonias-infantis-que-lembram-cheiro-de-bebe-limpo-e-confortavel-logo-na-primeira-aplicacao","status":"publish","type":"post","link":"https:\/\/www.correiobraziliense.com.br\/cbradar\/colonias-infantis-que-lembram-cheiro-de-bebe-limpo-e-confortavel-logo-na-primeira-aplicacao\/","title":{"rendered":"Col\u00f4nias infantis que lembram cheiro de beb\u00ea limpo e confort\u00e1vel logo na primeira aplica\u00e7\u00e3o"},"content":{"rendered":"\n<p>A escolha da fragr\u00e2ncia ideal para as crian\u00e7as exige um equil\u00edbrio delicado entre o frescor e a seguran\u00e7a dermatol\u00f3gica, priorizando composi\u00e7\u00f5es que n\u00e3o agridam o olfato sens\u00edvel. Encontrar <strong>col\u00f4nias infantis com aroma suave<\/strong> \u00e9 fundamental para pais que desejam manter aquele cheirinho inconfund\u00edvel de beb\u00ea limpo e confort\u00e1vel durante todo o dia.<\/p>\n\n\n\n<h2 class=\"wp-block-heading\">A delicadeza do Musk e das Notas Florais na pele infantil<\/h2>\n\n\n\n<p>As formula\u00e7\u00f5es modernas apostam na combina\u00e7\u00e3o de <strong>notas de Musk<\/strong> branco com toques florais leves, como a camomila e o jasmim, para criar uma aura de prote\u00e7\u00e3o e ternura. Essa <strong>assinatura olfativa<\/strong> \u00e9 projetada para ser discreta, fundindo-se ao aroma natural da crian\u00e7a e transmitindo uma percep\u00e7\u00e3o de maciez que remete imediatamente ao conforto de um abra\u00e7o.<\/p>\n\n\n\n<p>Diferente das fragr\u00e2ncias adultas, a <strong>col\u00f4nia infantil<\/strong> foca na pureza dos ingredientes, evitando notas pesadas ou excessivamente doces que possam causar cansa\u00e7o sensorial. Em cidades, onde o clima pode ser mais quente, essas op\u00e7\u00f5es leves s\u00e3o ideais para garantir que o frescor do p\u00f3s-banho permane\u00e7a intacto, mesmo ap\u00f3s as brincadeiras cotidianas.<\/p>\n\n\n<div class=\"wp-block-image\">\n<figure class=\"aligncenter size-full\"><img decoding=\"async\" width=\"1280\" height=\"720\" src=\"https:\/\/www.correiobraziliense.com.br\/cbradar\/wp-content\/uploads\/2026\/04\/perfume-de-bebe-1.jpg\" alt=\"\" class=\"wp-image-231118\" srcset=\"https:\/\/www.correiobraziliense.com.br\/cbradar\/wp-content\/uploads\/2026\/04\/perfume-de-bebe-1.jpg 1280w, https:\/\/www.correiobraziliense.com.br\/cbradar\/wp-content\/uploads\/2026\/04\/perfume-de-bebe-1-300x169.jpg 300w, https:\/\/www.correiobraziliense.com.br\/cbradar\/wp-content\/uploads\/2026\/04\/perfume-de-bebe-1-768x432.jpg 768w, https:\/\/www.correiobraziliense.com.br\/cbradar\/wp-content\/uploads\/2026\/04\/perfume-de-bebe-1-750x422.jpg 750w, https:\/\/www.correiobraziliense.com.br\/cbradar\/wp-content\/uploads\/2026\/04\/perfume-de-bebe-1-1140x641.jpg 1140w\" sizes=\"(max-width: 1280px) 100vw, 1280px\" \/><figcaption class=\"wp-element-caption\">Diferente das fragr\u00e2ncias adultas, a col\u00f4nia infantil foca na pureza dos ingredientes, evitando notas pesadas ou excessivamente doces <\/figcaption><\/figure><\/div>\n\n\n<p>Leia tamb\u00e9m: <a href=\"https:\/\/www.correiobraziliense.com.br\/cbradar\/4-cortes-de-cabelo-curto-que-ajudam-a-dar-mais-corpo-aos-fios-ralos-e-sem-volume\/\" target=\"_blank\" rel=\"noreferrer noopener\">4 cortes de cabelo curto que ajudam a dar mais corpo aos fios ralos e sem volume<\/a><\/p>\n\n\n\n<h2 class=\"wp-block-heading\">Boti Baby e o carinho em forma de gotas de lavanda<\/h2>\n\n\n\n<p>A linha <strong>Boti Baby<\/strong>, de <strong>O Botic\u00e1rio<\/strong>, \u00e9 um dos maiores expoentes quando o assunto \u00e9 o &#8220;cheirinho de beb\u00ea&#8221; que todos amam, utilizando a lavanda como base relaxante. Sua proposta de <strong>comunica\u00e7\u00e3o olfativa<\/strong> \u00e9 baseada no conceito de cuidado e seguran\u00e7a, oferecendo uma fragr\u00e2ncia que acalma os sentidos e prepara o pequeno para momentos de descanso ou lazer.<\/p>\n\n\n\n<p>A aus\u00eancia de \u00e1lcool e corantes na composi\u00e7\u00e3o refor\u00e7a o compromisso com a sa\u00fade da barreira cut\u00e2nea, tornando-a uma das <strong>col\u00f4nias mais seguras<\/strong> para o uso frequente. Ao aplicar o produto, a sensa\u00e7\u00e3o de conforto \u00e9 imediata, criando um ambiente de serenidade que beneficia n\u00e3o apenas a crian\u00e7a, mas todos ao seu redor no conv\u00edvio familiar.<\/p>\n\n\n\n<h2 class=\"wp-block-heading\">Natura Papai e Beb\u00ea e a versatilidade do frescor c\u00edtrico<\/h2>\n\n\n\n<p>Expandindo o conceito de cuidado, a <strong>Natura<\/strong> introduziu varia\u00e7\u00f5es como a linha <strong>Papai e Beb\u00ea<\/strong>, que traz um frescor levemente mais c\u00edtrico e revigorante sem perder a suavidade caracter\u00edstica. Essa <strong>versatilidade arom\u00e1tica<\/strong> \u00e9 perfeita para o uso diurno, proporcionando uma energia limpa que combina perfeitamente com roupas de algod\u00e3o e ambientes arejados.<\/p>\n\n\n\n<link href=\"https:\/\/fonts.googleapis.com\/css2?family=Inter:wght@400;600;700;800&#038;display=swap\" rel=\"stylesheet\">\n<style>\n\/* Prote\u00e7\u00e3o contra inje\u00e7\u00e3o do \"Veja Tamb\u00e9m\" (JNews inline related posts) *\/\n.rdp-pontos-wrapper .jnews_inline_related_post_wrapper,\n.rdp-pontos-wrapper .jnews_inline_related_post,\n.rdp-pontos-wrapper .jeg_postblock,\n.rdp-pontos-wrapper [class*=\"jnews_inline\"],\n.rdp-pontos-wrapper [class*=\"jeg_postblock\"],\n.rdp-pontos-wrapper [class*=\"jeg_block\"] {\n  display: none !important;\n  height: 0 !important;\n  max-height: 0 !important;\n  overflow: hidden !important;\n  visibility: hidden !important;\n  margin: 0 !important;\n  padding: 0 !important;\n  border: none !important;\n  font-size: 0 !important;\n  line-height: 0 !important;\n}\n.rdp-pontos-wrapper {\n  max-width: 100%;\n  margin: 32px 0;\n  background: #F2F9F5; \/* Fundo verde bot\u00e2nico suave *\/\n  border: 1px solid #DCEBE2;\n  border-radius: 12px;\n  padding: 28px 28px 20px;\n  font-family: 'Inter', sans-serif;\n  box-shadow: 0 4px 20px rgba(45,106,79,0.08);\n  overflow: hidden;\n  contain: layout style;\n  isolation: isolate;\n  position: relative;\n  z-index: 1;\n}\n.rdp-pontos-wrapper > *:not(.rdp-pontos-title):not(.rdp-pontos-grid) {\n  display: none !important;\n  height: 0 !important;\n  overflow: hidden !important;\n  margin: 0 !important;\n  padding: 0 !important;\n  border: none !important;\n}\n.rdp-pontos-title {\n  font-family: 'Inter', sans-serif;\n  font-size: 20px;\n  font-weight: 800;\n  color: #1B4332;\n  margin: 0 0 20px 0;\n  line-height: 1.3;\n  text-align: center;\n}\n.rdp-pontos-grid {\n  display: grid;\n  grid-template-columns: repeat(3, 1fr);\n  gap: 18px;\n}\n.rdp-pontos-item {\n  background: #FFFFFF;\n  border: 1px solid #DCEBE2;\n  border-top: 3px solid #52B788; \/* Verde menta vibrante *\/\n  border-radius: 10px;\n  padding: 22px 20px;\n  box-shadow: 0 2px 10px rgba(82,183,136,0.05);\n  transition: box-shadow 0.3s ease, border-color 0.3s ease;\n  text-align: center;\n}\n.rdp-pontos-item:hover {\n  box-shadow: 0 4px 20px rgba(82,183,136,0.18);\n  border-color: #52B788;\n}\n.rdp-pontos-emoji {\n  font-size: 32px;\n  line-height: 1;\n  margin-bottom: 12px;\n  display: block;\n  text-align: center;\n}\n.rdp-pontos-item-title {\n  font-size: 15px;\n  font-weight: 700;\n  color: #1A1A1A;\n  margin-bottom: 8px;\n  line-height: 1.3;\n}\n.rdp-pontos-item-desc {\n  font-size: 14px;\n  color: #4A4A4A;\n  line-height: 1.6;\n  margin: 0;\n}\n@media (max-width: 768px) {\n  .rdp-pontos-wrapper {\n    padding: 20px 16px 14px;\n  }\n  .rdp-pontos-grid {\n    grid-template-columns: 1fr;\n    gap: 14px;\n  }\n  .rdp-pontos-title {\n    font-size: 18px;\n  }\n}\n<\/style>\n\n<div class=\"rdp-pontos-wrapper\">\n  <div class=\"rdp-pontos-title\">Diferenciais de Seguran\u00e7a e Sustentabilidade<\/div>\n  <div class=\"rdp-pontos-grid\">\n    <div class=\"rdp-pontos-item\">\n      <span class=\"rdp-pontos-emoji\">\ud83c\udf3f<\/span>\n      <div class=\"rdp-pontos-item-title\">Consci\u00eancia Vegana<\/div>\n      <p class=\"rdp-pontos-item-desc\">F\u00f3rmulas biodegrad\u00e1veis que respeitam o meio ambiente e a integridade da pele sens\u00edvel.<\/p>\n    <\/div>\n    <div class=\"rdp-pontos-item\">\n      <span class=\"rdp-pontos-emoji\">\ud83d\udc41\ufe0f<\/span>\n      <div class=\"rdp-pontos-item-title\">Cuidado Oftalmo<\/div>\n      <p class=\"rdp-pontos-item-desc\">Testes rigorosos garantem que o produto n\u00e3o cause irrita\u00e7\u00e3o em contato acidental com os olhos.<\/p>\n    <\/div>\n    <div class=\"rdp-pontos-item\">\n      <span class=\"rdp-pontos-emoji\">\ud83d\udca8<\/span>\n      <div class=\"rdp-pontos-item-title\">Aplica\u00e7\u00e3o em N\u00e9voa<\/div>\n      <p class=\"rdp-pontos-item-desc\">V\u00e1lvulas spray suaves que evitam o ac\u00famulo excessivo de produto em uma \u00fanica \u00e1rea.<\/p>\n    <\/div>\n    <div class=\"rdp-pontos-item\">\n      <span class=\"rdp-pontos-emoji\">\ud83e\uddf4<\/span>\n      <div class=\"rdp-pontos-item-title\">Frascos Refor\u00e7ados<\/div>\n      <p class=\"rdp-pontos-item-desc\">Embalagens resistentes desenhadas para evitar quebras em quedas acidentais no dia a dia.<\/p>\n    <\/div>\n    <div class=\"rdp-pontos-item\">\n      <span class=\"rdp-pontos-emoji\">\u2728<\/span>\n      <div class=\"rdp-pontos-item-title\">Aroma Delicado<\/div>\n      <p class=\"rdp-pontos-item-desc\">Fixa\u00e7\u00e3o rente \u00e0 pele, garantindo que o perfume seja sentido apenas em dist\u00e2ncias pr\u00f3ximas.<\/p>\n    <\/div>\n  <\/div>\n<\/div>\n<div style=\"clear:both;height:0;overflow:hidden;\"><\/div>\n\n\n\n<p>Uma <strong>dica r\u00e1pida<\/strong> para potencializar o efeito de conforto \u00e9 aplicar a col\u00f4nia nas escovas de cabelo ou nas mantas do beb\u00ea, criando uma camada extra de perfume que dura mais tempo. Esse m\u00e9todo de <strong>perfuma\u00e7\u00e3o indireta<\/strong> \u00e9 excelente para rec\u00e9m-nascidos, garantindo que o ambiente ao redor do pequeno esteja sempre com um frescor agrad\u00e1vel e suave.<\/p>\n\n\n\n<h2 class=\"wp-block-heading\">Como identificar uma col\u00f4nia de qualidade para o seu filho<\/h2>\n\n\n\n<p>Ao ler o r\u00f3tulo, priorize produtos que destaquem a <strong>baixa concentra\u00e7\u00e3o alco\u00f3lica<\/strong> ou f\u00f3rmulas 100% livres de \u00e1lcool et\u00edlico, prevenindo poss\u00edveis alergias ou ressecamentos. A presen\u00e7a de extratos naturais e ingredientes calmantes \u00e9 um indicador de que a marca se preocupa com a <strong>experi\u00eancia sensorial<\/strong> completa e segura do usu\u00e1rio final.<\/p>\n\n\n\n<p>A embalagem deve conter selos de aprova\u00e7\u00e3o de entidades pedi\u00e1tricas e dermatol\u00f3gicas, assegurando que o <strong>equil\u00edbrio do pH<\/strong> da pele ser\u00e1 mantido ap\u00f3s cada aplica\u00e7\u00e3o. Escolher marcas reconhecidas nacionalmente garante que voc\u00ea est\u00e1 oferecendo o melhor em tecnologia de perfumaria infantil, unindo tradi\u00e7\u00e3o e inova\u00e7\u00e3o em cada frasco utilizado.<\/p>\n\n\n\n<p>Se voc\u00ea gosta de dicas, separamos esse v\u00eddeo do canal da <a href=\"https:\/\/www.youtube.com\/@FlaviAmor\" target=\"_blank\" rel=\"noreferrer noopener\">FlaviAmor<\/a> falando mais sobre perfumes infantis:<\/p>\n\n\n\n<figure class=\"wp-block-embed is-type-video is-provider-youtube wp-block-embed-youtube wp-embed-aspect-16-9 wp-has-aspect-ratio\"><div class=\"wp-block-embed__wrapper\">\n<div class=\"jeg_video_container jeg_video_content\"><iframe loading=\"lazy\" title=\"MELHORES PERFUMES INFANTIS SEM LAVANDA QUE TRAZEM CONFORTO PRA DORMIR\" width=\"500\" height=\"281\" src=\"https:\/\/www.youtube.com\/embed\/XCkDZmDaKEU?feature=oembed\" frameborder=\"0\" allow=\"accelerometer; autoplay; clipboard-write; encrypted-media; gyroscope; picture-in-picture; web-share\" referrerpolicy=\"strict-origin-when-cross-origin\" allowfullscreen><\/iframe><\/div>\n<\/div><\/figure>\n\n\n\n<h2 class=\"wp-block-heading\">O aroma suave como ferramenta de relaxamento e v\u00ednculo<\/h2>\n\n\n\n<p>As <strong>col\u00f4nias infantis com aroma suave<\/strong> desempenham um papel vital na rotina de relaxamento, ajudando a estabelecer limites entre o tempo de atividade e o tempo de repouso. O <strong>cheiro de limpeza<\/strong> atua como um gatilho mental positivo, sinalizando para o c\u00e9rebro da crian\u00e7a que ela est\u00e1 em um ambiente seguro e acolhedor, prop\u00edcio para o crescimento saud\u00e1vel.<\/p>\n\n\n\n<p>Fortalecer o v\u00ednculo atrav\u00e9s dos sentidos \u00e9 uma das formas mais bonitas de demonstrar afeto e cuidado constante no dia a dia da paternidade e maternidade. Continue explorando o universo das fragr\u00e2ncias infantis e descubra como o toque final de uma col\u00f4nia suave pode transformar a percep\u00e7\u00e3o de conforto e felicidade dentro do seu lar.<\/p>\n","protected":false},"excerpt":{"rendered":"<p>A escolha da fragr\u00e2ncia ideal para as crian\u00e7as exige um equil\u00edbrio delicado entre o frescor e a seguran\u00e7a dermatol\u00f3gica, priorizando composi\u00e7\u00f5es que n\u00e3o agridam o olfato sens\u00edvel. Encontrar col\u00f4nias infantis com aroma suave \u00e9 fundamental para pais que desejam manter aquele cheirinho inconfund\u00edvel de beb\u00ea limpo e confort\u00e1vel durante todo o dia. A delicadeza do [&hellip;]<\/p>\n","protected":false},"author":9,"featured_media":232015,"comment_status":"open","ping_status":"open","sticky":false,"template":"","format":"standard","meta":{"_yoast_wpseo_focuskw":"Col\u00f4nias infantis","_yoast_wpseo_title":"","_yoast_wpseo_metadesc":"Veja como col\u00f4nias suaves ajudam a manter o cheirinho de beb\u00ea e trazem mais conforto na rotina di\u00e1ria.","jnews-multi-image_gallery":[],"jnews_single_post":{"format":"standard"},"jnews_primary_category":[],"jnews_social_meta":[],"jnews_override_counter":[],"footnotes":""},"categories":[124],"post_tag":[],"class_list":["post-231114","post","type-post","status-publish","format-standard","has-post-thumbnail","hentry","category-beleza"],"yoast_head":"<!-- This site is optimized with the Yoast SEO plugin v24.6 - https:\/\/yoast.com\/wordpress\/plugins\/seo\/ -->\n<title>Col\u00f4nias infantis que lembram cheiro de beb\u00ea limpo e confort\u00e1vel logo na primeira aplica\u00e7\u00e3o - Correio Braziliense - Radar<\/title>\n<meta name=\"description\" content=\"Veja como col\u00f4nias suaves ajudam a manter o cheirinho de beb\u00ea e trazem mais conforto na rotina di\u00e1ria.\" \/>\n<meta name=\"robots\" content=\"index, follow, max-snippet:-1, max-image-preview:large, max-video-preview:-1\" \/>\n<link rel=\"canonical\" href=\"https:\/\/www.correiobraziliense.com.br\/cbradar\/colonias-infantis-que-lembram-cheiro-de-bebe-limpo-e-confortavel-logo-na-primeira-aplicacao\/\" \/>\n<meta property=\"og:locale\" content=\"pt_BR\" \/>\n<meta property=\"og:type\" content=\"article\" \/>\n<meta property=\"og:title\" content=\"Col\u00f4nias infantis que lembram cheiro de beb\u00ea limpo e confort\u00e1vel logo na primeira aplica\u00e7\u00e3o - Correio Braziliense - Radar\" \/>\n<meta property=\"og:description\" content=\"Veja como col\u00f4nias suaves ajudam a manter o cheirinho de beb\u00ea e trazem mais conforto na rotina di\u00e1ria.\" \/>\n<meta property=\"og:url\" content=\"https:\/\/www.correiobraziliense.com.br\/cbradar\/colonias-infantis-que-lembram-cheiro-de-bebe-limpo-e-confortavel-logo-na-primeira-aplicacao\/\" \/>\n<meta property=\"og:site_name\" content=\"Correio Braziliense - Radar\" \/>\n<meta property=\"article:published_time\" content=\"2026-04-26T13:05:00+00:00\" \/>\n<meta property=\"og:image\" content=\"https:\/\/www.correiobraziliense.com.br\/cbradar\/wp-content\/uploads\/2026\/04\/freepik_adult-hand-gently-sprayin_2864470836.jpeg\" \/>\n\t<meta property=\"og:image:width\" content=\"1376\" \/>\n\t<meta property=\"og:image:height\" content=\"768\" \/>\n\t<meta property=\"og:image:type\" content=\"image\/jpeg\" \/>\n<meta name=\"author\" content=\"Daniely Cardoso\" \/>\n<meta name=\"twitter:card\" content=\"summary_large_image\" \/>\n<meta name=\"twitter:label1\" content=\"Escrito por\" \/>\n\t<meta name=\"twitter:data1\" content=\"Daniely Cardoso\" \/>\n\t<meta name=\"twitter:label2\" content=\"Est. tempo de leitura\" \/>\n\t<meta name=\"twitter:data2\" content=\"5 minutos\" \/>\n<!-- \/ Yoast SEO plugin. -->","yoast_head_json":{"title":"Col\u00f4nias infantis que lembram cheiro de beb\u00ea limpo e confort\u00e1vel logo na primeira aplica\u00e7\u00e3o - Correio Braziliense - Radar","description":"Veja como col\u00f4nias suaves ajudam a manter o cheirinho de beb\u00ea e trazem mais conforto na rotina di\u00e1ria.","robots":{"index":"index","follow":"follow","max-snippet":"max-snippet:-1","max-image-preview":"max-image-preview:large","max-video-preview":"max-video-preview:-1"},"canonical":"https:\/\/www.correiobraziliense.com.br\/cbradar\/colonias-infantis-que-lembram-cheiro-de-bebe-limpo-e-confortavel-logo-na-primeira-aplicacao\/","og_locale":"pt_BR","og_type":"article","og_title":"Col\u00f4nias infantis que lembram cheiro de beb\u00ea limpo e confort\u00e1vel logo na primeira aplica\u00e7\u00e3o - Correio Braziliense - Radar","og_description":"Veja como col\u00f4nias suaves ajudam a manter o cheirinho de beb\u00ea e trazem mais conforto na rotina di\u00e1ria.","og_url":"https:\/\/www.correiobraziliense.com.br\/cbradar\/colonias-infantis-que-lembram-cheiro-de-bebe-limpo-e-confortavel-logo-na-primeira-aplicacao\/","og_site_name":"Correio Braziliense - Radar","article_published_time":"2026-04-26T13:05:00+00:00","og_image":[{"width":1376,"height":768,"url":"https:\/\/www.correiobraziliense.com.br\/cbradar\/wp-content\/uploads\/2026\/04\/freepik_adult-hand-gently-sprayin_2864470836.jpeg","type":"image\/jpeg"}],"author":"Daniely Cardoso","twitter_card":"summary_large_image","twitter_misc":{"Escrito por":"Daniely Cardoso","Est. tempo de leitura":"5 minutos"},"schema":{"@context":"https:\/\/schema.org","@graph":[{"@type":"WebPage","@id":"https:\/\/www.correiobraziliense.com.br\/cbradar\/colonias-infantis-que-lembram-cheiro-de-bebe-limpo-e-confortavel-logo-na-primeira-aplicacao\/","url":"https:\/\/www.correiobraziliense.com.br\/cbradar\/colonias-infantis-que-lembram-cheiro-de-bebe-limpo-e-confortavel-logo-na-primeira-aplicacao\/","name":"Col\u00f4nias infantis que lembram cheiro de beb\u00ea limpo e confort\u00e1vel logo na primeira aplica\u00e7\u00e3o - Correio Braziliense - Radar","isPartOf":{"@id":"https:\/\/www.correiobraziliense.com.br\/cbradar\/#website"},"primaryImageOfPage":{"@id":"https:\/\/www.correiobraziliense.com.br\/cbradar\/colonias-infantis-que-lembram-cheiro-de-bebe-limpo-e-confortavel-logo-na-primeira-aplicacao\/#primaryimage"},"image":{"@id":"https:\/\/www.correiobraziliense.com.br\/cbradar\/colonias-infantis-que-lembram-cheiro-de-bebe-limpo-e-confortavel-logo-na-primeira-aplicacao\/#primaryimage"},"thumbnailUrl":"https:\/\/www.correiobraziliense.com.br\/cbradar\/wp-content\/uploads\/2026\/04\/freepik_adult-hand-gently-sprayin_2864470836.jpeg","datePublished":"2026-04-26T13:05:00+00:00","author":{"@id":"https:\/\/www.correiobraziliense.com.br\/cbradar\/#\/schema\/person\/7356666e12ec0ee53f348ee5db227032"},"description":"Veja como col\u00f4nias suaves ajudam a manter o cheirinho de beb\u00ea e trazem mais conforto na rotina di\u00e1ria.","breadcrumb":{"@id":"https:\/\/www.correiobraziliense.com.br\/cbradar\/colonias-infantis-que-lembram-cheiro-de-bebe-limpo-e-confortavel-logo-na-primeira-aplicacao\/#breadcrumb"},"inLanguage":"pt-BR","potentialAction":[{"@type":"ReadAction","target":["https:\/\/www.correiobraziliense.com.br\/cbradar\/colonias-infantis-que-lembram-cheiro-de-bebe-limpo-e-confortavel-logo-na-primeira-aplicacao\/"]}]},{"@type":"ImageObject","inLanguage":"pt-BR","@id":"https:\/\/www.correiobraziliense.com.br\/cbradar\/colonias-infantis-que-lembram-cheiro-de-bebe-limpo-e-confortavel-logo-na-primeira-aplicacao\/#primaryimage","url":"https:\/\/www.correiobraziliense.com.br\/cbradar\/wp-content\/uploads\/2026\/04\/freepik_adult-hand-gently-sprayin_2864470836.jpeg","contentUrl":"https:\/\/www.correiobraziliense.com.br\/cbradar\/wp-content\/uploads\/2026\/04\/freepik_adult-hand-gently-sprayin_2864470836.jpeg","width":1376,"height":768,"caption":"As formula\u00e7\u00f5es modernas apostam na combina\u00e7\u00e3o de notas de Musk branco com toques florais leves"},{"@type":"BreadcrumbList","@id":"https:\/\/www.correiobraziliense.com.br\/cbradar\/colonias-infantis-que-lembram-cheiro-de-bebe-limpo-e-confortavel-logo-na-primeira-aplicacao\/#breadcrumb","itemListElement":[{"@type":"ListItem","position":1,"name":"In\u00edcio","item":"https:\/\/www.correiobraziliense.com.br\/cbradar\/"},{"@type":"ListItem","position":2,"name":"Col\u00f4nias infantis que lembram cheiro de beb\u00ea limpo e confort\u00e1vel logo na primeira aplica\u00e7\u00e3o"}]},{"@type":"WebSite","@id":"https:\/\/www.correiobraziliense.com.br\/cbradar\/#website","url":"https:\/\/www.correiobraziliense.com.br\/cbradar\/","name":"Correio Braziliense - Radar","description":"Acompanhe as \u00faltimas not\u00edcias e fique bem informado sobre tudo o que acontece no Brasil e no mundo.","potentialAction":[{"@type":"SearchAction","target":{"@type":"EntryPoint","urlTemplate":"https:\/\/www.correiobraziliense.com.br\/cbradar\/?s={search_term_string}"},"query-input":{"@type":"PropertyValueSpecification","valueRequired":true,"valueName":"search_term_string"}}],"inLanguage":"pt-BR"},{"@type":"Person","@id":"https:\/\/www.correiobraziliense.com.br\/cbradar\/#\/schema\/person\/7356666e12ec0ee53f348ee5db227032","name":"Daniely Cardoso","image":{"@type":"ImageObject","inLanguage":"pt-BR","@id":"https:\/\/www.correiobraziliense.com.br\/cbradar\/#\/schema\/person\/image\/","url":"https:\/\/secure.gravatar.com\/avatar\/4b80ddbd124d1f071b626d52d62e5dff?s=96&d=mm&r=g","contentUrl":"https:\/\/secure.gravatar.com\/avatar\/4b80ddbd124d1f071b626d52d62e5dff?s=96&d=mm&r=g","caption":"Daniely Cardoso"},"description":"Redatora nos portais CB Radar e EM Foco, formada pela Universidade Federal de Goi\u00e1s, em Goi\u00e2nia. Apaixonada por comunica\u00e7\u00e3o, arte, decora\u00e7\u00e3o e tend\u00eancias, atuo na produ\u00e7\u00e3o de conte\u00fados envolventes sobre curiosidades, moda, beleza e paisagismo, sempre com um olhar atento \u00e0s novidades do momento.","sameAs":["https:\/\/www.correiobraziliense.com.br\/cbradar"],"url":"https:\/\/www.correiobraziliense.com.br\/cbradar\/author\/danielymyth\/"}]}},"_links":{"self":[{"href":"https:\/\/www.correiobraziliense.com.br\/cbradar\/wp-json\/wp\/v2\/posts\/231114","targetHints":{"allow":["GET"]}}],"collection":[{"href":"https:\/\/www.correiobraziliense.com.br\/cbradar\/wp-json\/wp\/v2\/posts"}],"about":[{"href":"https:\/\/www.correiobraziliense.com.br\/cbradar\/wp-json\/wp\/v2\/types\/post"}],"author":[{"embeddable":true,"href":"https:\/\/www.correiobraziliense.com.br\/cbradar\/wp-json\/wp\/v2\/users\/9"}],"replies":[{"embeddable":true,"href":"https:\/\/www.correiobraziliense.com.br\/cbradar\/wp-json\/wp\/v2\/comments?post=231114"}],"version-history":[{"count":1,"href":"https:\/\/www.correiobraziliense.com.br\/cbradar\/wp-json\/wp\/v2\/posts\/231114\/revisions"}],"predecessor-version":[{"id":231122,"href":"https:\/\/www.correiobraziliense.com.br\/cbradar\/wp-json\/wp\/v2\/posts\/231114\/revisions\/231122"}],"wp:featuredmedia":[{"embeddable":true,"href":"https:\/\/www.correiobraziliense.com.br\/cbradar\/wp-json\/wp\/v2\/media\/232015"}],"wp:attachment":[{"href":"https:\/\/www.correiobraziliense.com.br\/cbradar\/wp-json\/wp\/v2\/media?parent=231114"}],"wp:term":[{"taxonomy":"category","embeddable":true,"href":"https:\/\/www.correiobraziliense.com.br\/cbradar\/wp-json\/wp\/v2\/categories?post=231114"},{"taxonomy":"post_tag","embeddable":true,"href":"https:\/\/www.correiobraziliense.com.br\/cbradar\/wp-json\/wp\/v2\/post_tag?post=231114"}],"curies":[{"name":"wp","href":"https:\/\/api.w.org\/{rel}","templated":true}]}}