{"id":231125,"date":"2026-04-26T12:55:00","date_gmt":"2026-04-26T15:55:00","guid":{"rendered":"https:\/\/www.correiobraziliense.com.br\/cbradar\/?p=231125"},"modified":"2026-04-25T15:06:21","modified_gmt":"2026-04-25T18:06:21","slug":"os-perfumes-de-bebe-que-as-maes-mais-gostam-pelo-cheirinho-de-cuidado-e-limpeza","status":"publish","type":"post","link":"https:\/\/www.correiobraziliense.com.br\/cbradar\/os-perfumes-de-bebe-que-as-maes-mais-gostam-pelo-cheirinho-de-cuidado-e-limpeza\/","title":{"rendered":"Os perfumes de beb\u00ea que as m\u00e3es mais gostam pelo cheirinho de cuidado e limpeza"},"content":{"rendered":"\n<p>A escolha da fragr\u00e2ncia infantil \u00e9 um dos ritos mais afetuosos da maternidade, pois o aroma torna-se uma extens\u00e3o do v\u00ednculo entre a mulher e seu filho. Entender quais s\u00e3o os <strong>perfumes de beb\u00ea preferidos das m\u00e3es<\/strong> revela um padr\u00e3o de busca por notas que transmitam pureza, frescor e uma sensa\u00e7\u00e3o inabal\u00e1vel de acolhimento logo na primeira borrifada.<\/p>\n\n\n\n<h2 class=\"wp-block-heading\">O reinado absoluto do Mam\u00e3e e Beb\u00ea na prefer\u00eancia nacional<\/h2>\n\n\n\n<p>O <strong>Mam\u00e3e e Beb\u00ea<\/strong>, da <strong>Natura<\/strong>, lidera as listas de favoritos h\u00e1 d\u00e9cadas devido \u00e0 sua composi\u00e7\u00e3o ic\u00f4nica que mistura lavanda, notas c\u00edtricas e um fundo de s\u00e2ndalo. Para as m\u00e3es, essa col\u00f4nia representa a <strong>seguran\u00e7a emocional<\/strong>, sendo a escolha n\u00famero um para compor o enxoval devido \u00e0 sua f\u00f3rmula vegana e livre de \u00e1lcool.<\/p>\n\n\n\n<p>A <strong>versatilidade olfativa<\/strong> deste produto permite que ele seja usado em diversas ocasi\u00f5es, desde o passeio \u00e0 tarde at\u00e9 o ritual de sono profundo. Sua capacidade de evocar mem\u00f3rias de gera\u00e7\u00f5es passadas faz com que ele n\u00e3o seja apenas um perfume, mas um s\u00edmbolo de <strong>tradi\u00e7\u00e3o e afeto<\/strong> que se mant\u00e9m atual mesmo com o surgimento de novas op\u00e7\u00f5es no mercado.<\/p>\n\n\n<div class=\"wp-block-image\">\n<figure class=\"aligncenter size-full\"><img decoding=\"async\" width=\"1376\" height=\"768\" src=\"https:\/\/www.correiobraziliense.com.br\/cbradar\/wp-content\/uploads\/2026\/04\/freepik_adult-hand-gently-sprayin_2864470836.jpeg\" alt=\"\" class=\"wp-image-232015\" srcset=\"https:\/\/www.correiobraziliense.com.br\/cbradar\/wp-content\/uploads\/2026\/04\/freepik_adult-hand-gently-sprayin_2864470836.jpeg 1376w, https:\/\/www.correiobraziliense.com.br\/cbradar\/wp-content\/uploads\/2026\/04\/freepik_adult-hand-gently-sprayin_2864470836-300x167.jpeg 300w, https:\/\/www.correiobraziliense.com.br\/cbradar\/wp-content\/uploads\/2026\/04\/freepik_adult-hand-gently-sprayin_2864470836-1280x714.jpeg 1280w, https:\/\/www.correiobraziliense.com.br\/cbradar\/wp-content\/uploads\/2026\/04\/freepik_adult-hand-gently-sprayin_2864470836-768x429.jpeg 768w, https:\/\/www.correiobraziliense.com.br\/cbradar\/wp-content\/uploads\/2026\/04\/freepik_adult-hand-gently-sprayin_2864470836-750x419.jpeg 750w, https:\/\/www.correiobraziliense.com.br\/cbradar\/wp-content\/uploads\/2026\/04\/freepik_adult-hand-gently-sprayin_2864470836-1140x636.jpeg 1140w\" sizes=\"(max-width: 1376px) 100vw, 1376px\" \/><figcaption class=\"wp-element-caption\">As formula\u00e7\u00f5es modernas apostam na combina\u00e7\u00e3o de notas de Musk branco com toques florais leves<\/figcaption><\/figure><\/div>\n\n\n<p>Leia tamb\u00e9m: <a href=\"https:\/\/www.correiobraziliense.com.br\/cbradar\/4-cortes-de-cabelo-curto-que-ajudam-a-dar-mais-corpo-aos-fios-ralos-e-sem-volume\/\" target=\"_blank\" rel=\"noreferrer noopener\">4 cortes de cabelo curto que ajudam a dar mais corpo aos fios ralos e sem volume<\/a><\/p>\n\n\n\n<h2 class=\"wp-block-heading\">Giovanna Baby Classic e o charme do cheirinho de talco<\/h2>\n\n\n\n<p>Outro favorito incontest\u00e1vel \u00e9 o <strong>Giovanna Baby Classic<\/strong> (a famosa embalagem rosa), que conquista as m\u00e3es pelo seu aroma marcante de talco e notas florais. Essa col\u00f4nia \u00e9 a favorita para quem deseja uma <strong>fixa\u00e7\u00e3o suave<\/strong> por\u00e9m presente, deixando as roupas do beb\u00ea com aquele cheiro de limpeza que parece durar o dia inteiro no ambiente dom\u00e9stico.<\/p>\n\n\n\n<p>A <strong>nostalgia materna<\/strong> desempenha um papel fundamental no sucesso desta marca, j\u00e1 que muitas m\u00e3es de hoje tamb\u00e9m usaram o produto em sua pr\u00f3pria inf\u00e2ncia. O <strong>Giovanna Baby<\/strong> consegue equilibrar o frescor do banho com um toque adocicado na medida certa, garantindo que o beb\u00ea esteja sempre perfumado de forma delicada e muito aconchegante.<\/p>\n\n\n\n<h2 class=\"wp-block-heading\">Boti Baby Nana Nen\u00e9m e o foco no relaxamento noturno<\/h2>\n\n\n\n<p>A linha <strong>Boti Baby<\/strong>, de <strong>O Botic\u00e1rio<\/strong>, especialmente a vers\u00e3o <strong>Nana Nen\u00e9m<\/strong>, tem ganhado cada vez mais espa\u00e7o no cora\u00e7\u00e3o das m\u00e3es que priorizam o bem-estar noturno. Com notas de camomila e lavanda, esta fragr\u00e2ncia \u00e9 projetada para atuar como um <strong>gatilho de relaxamento<\/strong>, ajudando a sinalizar para a crian\u00e7a que o dia agitado chegou ao fim.<\/p>\n\n\n\n<link href=\"https:\/\/fonts.googleapis.com\/css2?family=Inter:wght@400;600;700;800&#038;display=swap\" rel=\"stylesheet\">\n<style>\n\/* Prote\u00e7\u00e3o contra inje\u00e7\u00e3o do \"Veja Tamb\u00e9m\" (JNews inline related posts) *\/\n.rdp-pontos-wrapper .jnews_inline_related_post_wrapper,\n.rdp-pontos-wrapper .jnews_inline_related_post,\n.rdp-pontos-wrapper .jeg_postblock,\n.rdp-pontos-wrapper [class*=\"jnews_inline\"],\n.rdp-pontos-wrapper [class*=\"jeg_postblock\"],\n.rdp-pontos-wrapper [class*=\"jeg_block\"] {\n  display: none !important;\n  height: 0 !important;\n  max-height: 0 !important;\n  overflow: hidden !important;\n  visibility: hidden !important;\n  margin: 0 !important;\n  padding: 0 !important;\n  border: none !important;\n  font-size: 0 !important;\n  line-height: 0 !important;\n}\n.rdp-pontos-wrapper {\n  max-width: 100%;\n  margin: 32px 0;\n  background: #F8F9FE; \/* Fundo suave levemente azulado *\/\n  border: 1px solid #E1E4F5;\n  border-radius: 12px;\n  padding: 28px 28px 20px;\n  font-family: 'Inter', sans-serif;\n  box-shadow: 0 4px 20px rgba(107,114,128,0.05);\n  overflow: hidden;\n  contain: layout style;\n  isolation: isolate;\n  position: relative;\n  z-index: 1;\n}\n.rdp-pontos-wrapper > *:not(.rdp-pontos-title):not(.rdp-pontos-grid) {\n  display: none !important;\n  height: 0 !important;\n  overflow: hidden !important;\n  margin: 0 !important;\n  padding: 0 !important;\n  border: none !important;\n}\n.rdp-pontos-title {\n  font-family: 'Inter', sans-serif;\n  font-size: 20px;\n  font-weight: 800;\n  color: #4A55A2; \/* Azul lavanda profundo *\/\n  margin: 0 0 20px 0;\n  line-height: 1.3;\n  text-align: center;\n}\n.rdp-pontos-grid {\n  display: grid;\n  grid-template-columns: repeat(3, 1fr);\n  gap: 18px;\n}\n.rdp-pontos-item {\n  background: #FFFFFF;\n  border: 1px solid #E1E4F5;\n  border-top: 3px solid #7882C4; \/* Lavanda m\u00e9dio *\/\n  border-radius: 10px;\n  padding: 22px 20px;\n  box-shadow: 0 2px 10px rgba(120,130,196,0.05);\n  transition: box-shadow 0.3s ease, border-color 0.3s ease;\n  text-align: center;\n}\n.rdp-pontos-item:hover {\n  box-shadow: 0 4px 20px rgba(120,130,196,0.15);\n  border-color: #7882C4;\n}\n.rdp-pontos-emoji {\n  font-size: 32px;\n  line-height: 1;\n  margin-bottom: 12px;\n  display: block;\n  text-align: center;\n}\n.rdp-pontos-item-title {\n  font-size: 15px;\n  font-weight: 700;\n  color: #1A1A1A;\n  margin-bottom: 8px;\n  line-height: 1.3;\n}\n.rdp-pontos-item-desc {\n  font-size: 14px;\n  color: #4B5563;\n  line-height: 1.6;\n  margin: 0;\n}\n@media (max-width: 768px) {\n  .rdp-pontos-wrapper {\n    padding: 20px 16px 14px;\n  }\n  .rdp-pontos-grid {\n    grid-template-columns: 1fr;\n    gap: 14px;\n  }\n  .rdp-pontos-title {\n    font-size: 18px;\n  }\n}\n<\/style>\n\n<div class=\"rdp-pontos-wrapper\">\n  <div class=\"rdp-pontos-title\">Diferenciais de Cuidado e Confian\u00e7a Infantil<\/div>\n  <div class=\"rdp-pontos-grid\">\n    <div class=\"rdp-pontos-item\">\n      <span class=\"rdp-pontos-emoji\">\ud83d\udee1\ufe0f<\/span>\n      <div class=\"rdp-pontos-item-title\">F\u00f3rmulas Seguras<\/div>\n      <p class=\"rdp-pontos-item-desc\">Dermatologicamente e oftalmologicamente testadas para evitar alergias em peles sens\u00edveis.<\/p>\n    <\/div>\n    <div class=\"rdp-pontos-item\">\n      <span class=\"rdp-pontos-emoji\">\ud83c\udf19<\/span>\n      <div class=\"rdp-pontos-item-title\">Fragr\u00e2ncias Calmantes<\/div>\n      <p class=\"rdp-pontos-item-desc\">Uso da aromaterapia para auxiliar na rotina de sono e diminuir a agita\u00e7\u00e3o di\u00e1ria.<\/p>\n    <\/div>\n    <div class=\"rdp-pontos-item\">\n      <span class=\"rdp-pontos-emoji\">\u267b\ufe0f<\/span>\n      <div class=\"rdp-pontos-item-title\">Eco-consciente<\/div>\n      <p class=\"rdp-pontos-item-desc\">Embalagens sustent\u00e1veis em pl\u00e1stico reciclado, pensando no futuro do planeta.<\/p>\n    <\/div>\n    <div class=\"rdp-pontos-item\">\n      <span class=\"rdp-pontos-emoji\">\ud83c\udf43<\/span>\n      <div class=\"rdp-pontos-item-title\">Extra\u00e7\u00e3o Pura<\/div>\n      <p class=\"rdp-pontos-item-desc\">Tecnologia de ponta que garante um cheiro fiel \u00e0s notas naturais das plantas.<\/p>\n    <\/div>\n    <div class=\"rdp-pontos-item\">\n      <span class=\"rdp-pontos-emoji\">\ud83d\udc68\u200d\u2695\ufe0f<\/span>\n      <div class=\"rdp-pontos-item-title\">Apoio Pedi\u00e1trico<\/div>\n      <p class=\"rdp-pontos-item-desc\">Alta aceita\u00e7\u00e3o por especialistas, gerando seguran\u00e7a total na hora da compra.<\/p>\n    <\/div>\n  <\/div>\n<\/div>\n<div style=\"clear:both;height:0;overflow:hidden;\"><\/div>\n\n\n\n<p>Uma <strong>estrat\u00e9gia de uso<\/strong> muito elogiada entre as m\u00e3es \u00e9 aplicar a col\u00f4nia diretamente nas m\u00e3os e depois massagear as costas do beb\u00ea ou as perninhas ap\u00f3s o banho. Isso garante que a <strong>proje\u00e7\u00e3o do perfume<\/strong> seja controlada e que o toque da m\u00e3e potencialize o efeito relaxante das notas de lavanda presentes na composi\u00e7\u00e3o.<\/p>\n\n\n\n<h2 class=\"wp-block-heading\">Crit\u00e9rios essenciais na escolha da fragr\u00e2ncia perfeita<\/h2>\n\n\n\n<p>Al\u00e9m do aroma, as m\u00e3es modernas avaliam rigorosamente a <strong>composi\u00e7\u00e3o qu\u00edmica<\/strong> do produto antes de lev\u00e1-lo para casa. Perfumes que destacam a aus\u00eancia de parabenos, sulfatos e corantes artificiais possuem uma vantagem competitiva enorme, pois garantem que a <strong>est\u00e9tica olfativa<\/strong> n\u00e3o venha acompanhada de riscos \u00e0 sa\u00fade respirat\u00f3ria ou cut\u00e2nea.<\/p>\n\n\n<div class=\"wp-block-image\">\n<figure class=\"aligncenter size-full\"><img decoding=\"async\" width=\"1280\" height=\"720\" src=\"https:\/\/www.correiobraziliense.com.br\/cbradar\/wp-content\/uploads\/2026\/04\/perfume-de-bebe.jpg\" alt=\"\" class=\"wp-image-231112\" srcset=\"https:\/\/www.correiobraziliense.com.br\/cbradar\/wp-content\/uploads\/2026\/04\/perfume-de-bebe.jpg 1280w, https:\/\/www.correiobraziliense.com.br\/cbradar\/wp-content\/uploads\/2026\/04\/perfume-de-bebe-300x169.jpg 300w, https:\/\/www.correiobraziliense.com.br\/cbradar\/wp-content\/uploads\/2026\/04\/perfume-de-bebe-768x432.jpg 768w, https:\/\/www.correiobraziliense.com.br\/cbradar\/wp-content\/uploads\/2026\/04\/perfume-de-bebe-750x422.jpg 750w, https:\/\/www.correiobraziliense.com.br\/cbradar\/wp-content\/uploads\/2026\/04\/perfume-de-bebe-1140x641.jpg 1140w\" sizes=\"(max-width: 1280px) 100vw, 1280px\" \/><figcaption class=\"wp-element-caption\">A Lavanda \u00e9 a nota protagonista na perfumaria infantil brasileira, sendo amplamente reconhecida por suas propriedades relaxantes <\/figcaption><\/figure><\/div>\n\n\n<p>A <strong>experi\u00eancia sensorial<\/strong> deve ser leve e n\u00e3o competitiva com o cheiro natural da pele do beb\u00ea, que \u00e9 por si s\u00f3 muito apreciado. Por isso, col\u00f4nias que oferecem uma &#8220;n\u00e9voa&#8221; fina s\u00e3o preferidas em rela\u00e7\u00e3o \u00e0s que despejam muito l\u00edquido de uma vez, permitindo uma <strong>dosagem precisa<\/strong> e delicada em qualquer momento do dia ou da noite.<\/p>\n\n\n\n<h2 class=\"wp-block-heading\">O perfume como registro afetivo da primeira inf\u00e2ncia<\/h2>\n\n\n\n<p>Os <strong>perfumes de beb\u00ea preferidos das m\u00e3es<\/strong> acabam funcionando como registros de uma fase \u00fanica e passageira da vida. A <strong>mem\u00f3ria olfativa<\/strong> criada por esses produtos \u00e9 t\u00e3o potente que, anos depois, o simples sentir do aroma pode transportar a m\u00e3e de volta aos primeiros dias de cuidado e descoberta com seu filho.<\/p>\n\n\n\n<p>Escolher a col\u00f4nia ideal \u00e9, portanto, uma forma de escrever a hist\u00f3ria da fam\u00edlia atrav\u00e9s dos sentidos, priorizando sempre o <strong>bem-estar e a seguran\u00e7a<\/strong>. Continue explorando as op\u00e7\u00f5es que melhor se adaptam ao seu estilo de cria\u00e7\u00e3o e descubra como o toque final de um bom perfume pode tornar a jornada da maternidade ainda mais doce e inesquec\u00edvel.<\/p>\n","protected":false},"excerpt":{"rendered":"<p>A escolha da fragr\u00e2ncia infantil \u00e9 um dos ritos mais afetuosos da maternidade, pois o aroma torna-se uma extens\u00e3o do v\u00ednculo entre a mulher e seu filho. Entender quais s\u00e3o os perfumes de beb\u00ea preferidos das m\u00e3es revela um padr\u00e3o de busca por notas que transmitam pureza, frescor e uma sensa\u00e7\u00e3o inabal\u00e1vel de acolhimento logo [&hellip;]<\/p>\n","protected":false},"author":9,"featured_media":231127,"comment_status":"open","ping_status":"open","sticky":false,"template":"","format":"standard","meta":{"_yoast_wpseo_focuskw":"perfumes para beb\u00ea","_yoast_wpseo_title":"","_yoast_wpseo_metadesc":"Conhe\u00e7a fragr\u00e2ncias infantis que conquistam m\u00e3es pelo aroma suave e pelo v\u00ednculo afetivo que criam no dia a dia.","jnews-multi-image_gallery":[],"jnews_single_post":{"format":"standard"},"jnews_primary_category":[],"jnews_social_meta":[],"jnews_override_counter":[],"footnotes":""},"categories":[124],"post_tag":[],"class_list":["post-231125","post","type-post","status-publish","format-standard","has-post-thumbnail","hentry","category-beleza"],"yoast_head":"<!-- This site is optimized with the Yoast SEO plugin v24.6 - https:\/\/yoast.com\/wordpress\/plugins\/seo\/ -->\n<title>Os perfumes de beb\u00ea que as m\u00e3es mais gostam pelo cheirinho de cuidado e limpeza - Correio Braziliense - Radar<\/title>\n<meta name=\"description\" content=\"Conhe\u00e7a fragr\u00e2ncias infantis que conquistam m\u00e3es pelo aroma suave e pelo v\u00ednculo afetivo que criam no dia a dia.\" \/>\n<meta name=\"robots\" content=\"index, follow, max-snippet:-1, max-image-preview:large, max-video-preview:-1\" \/>\n<link rel=\"canonical\" href=\"https:\/\/www.correiobraziliense.com.br\/cbradar\/os-perfumes-de-bebe-que-as-maes-mais-gostam-pelo-cheirinho-de-cuidado-e-limpeza\/\" \/>\n<meta property=\"og:locale\" content=\"pt_BR\" \/>\n<meta property=\"og:type\" content=\"article\" \/>\n<meta property=\"og:title\" content=\"Os perfumes de beb\u00ea que as m\u00e3es mais gostam pelo cheirinho de cuidado e limpeza - Correio Braziliense - Radar\" \/>\n<meta property=\"og:description\" content=\"Conhe\u00e7a fragr\u00e2ncias infantis que conquistam m\u00e3es pelo aroma suave e pelo v\u00ednculo afetivo que criam no dia a dia.\" \/>\n<meta property=\"og:url\" content=\"https:\/\/www.correiobraziliense.com.br\/cbradar\/os-perfumes-de-bebe-que-as-maes-mais-gostam-pelo-cheirinho-de-cuidado-e-limpeza\/\" \/>\n<meta property=\"og:site_name\" content=\"Correio Braziliense - Radar\" \/>\n<meta property=\"article:published_time\" content=\"2026-04-26T15:55:00+00:00\" \/>\n<meta property=\"og:image\" content=\"https:\/\/www.correiobraziliense.com.br\/cbradar\/wp-content\/uploads\/2026\/04\/perfume-de-bebe-2.jpg\" \/>\n\t<meta property=\"og:image:width\" content=\"1280\" \/>\n\t<meta property=\"og:image:height\" content=\"720\" \/>\n\t<meta property=\"og:image:type\" content=\"image\/jpeg\" \/>\n<meta name=\"author\" content=\"Daniely Cardoso\" \/>\n<meta name=\"twitter:card\" content=\"summary_large_image\" \/>\n<meta name=\"twitter:label1\" content=\"Escrito por\" \/>\n\t<meta name=\"twitter:data1\" content=\"Daniely Cardoso\" \/>\n\t<meta name=\"twitter:label2\" content=\"Est. tempo de leitura\" \/>\n\t<meta name=\"twitter:data2\" content=\"5 minutos\" \/>\n<!-- \/ Yoast SEO plugin. -->","yoast_head_json":{"title":"Os perfumes de beb\u00ea que as m\u00e3es mais gostam pelo cheirinho de cuidado e limpeza - Correio Braziliense - Radar","description":"Conhe\u00e7a fragr\u00e2ncias infantis que conquistam m\u00e3es pelo aroma suave e pelo v\u00ednculo afetivo que criam no dia a dia.","robots":{"index":"index","follow":"follow","max-snippet":"max-snippet:-1","max-image-preview":"max-image-preview:large","max-video-preview":"max-video-preview:-1"},"canonical":"https:\/\/www.correiobraziliense.com.br\/cbradar\/os-perfumes-de-bebe-que-as-maes-mais-gostam-pelo-cheirinho-de-cuidado-e-limpeza\/","og_locale":"pt_BR","og_type":"article","og_title":"Os perfumes de beb\u00ea que as m\u00e3es mais gostam pelo cheirinho de cuidado e limpeza - Correio Braziliense - Radar","og_description":"Conhe\u00e7a fragr\u00e2ncias infantis que conquistam m\u00e3es pelo aroma suave e pelo v\u00ednculo afetivo que criam no dia a dia.","og_url":"https:\/\/www.correiobraziliense.com.br\/cbradar\/os-perfumes-de-bebe-que-as-maes-mais-gostam-pelo-cheirinho-de-cuidado-e-limpeza\/","og_site_name":"Correio Braziliense - Radar","article_published_time":"2026-04-26T15:55:00+00:00","og_image":[{"width":1280,"height":720,"url":"https:\/\/www.correiobraziliense.com.br\/cbradar\/wp-content\/uploads\/2026\/04\/perfume-de-bebe-2.jpg","type":"image\/jpeg"}],"author":"Daniely Cardoso","twitter_card":"summary_large_image","twitter_misc":{"Escrito por":"Daniely Cardoso","Est. tempo de leitura":"5 minutos"},"schema":{"@context":"https:\/\/schema.org","@graph":[{"@type":"WebPage","@id":"https:\/\/www.correiobraziliense.com.br\/cbradar\/os-perfumes-de-bebe-que-as-maes-mais-gostam-pelo-cheirinho-de-cuidado-e-limpeza\/","url":"https:\/\/www.correiobraziliense.com.br\/cbradar\/os-perfumes-de-bebe-que-as-maes-mais-gostam-pelo-cheirinho-de-cuidado-e-limpeza\/","name":"Os perfumes de beb\u00ea que as m\u00e3es mais gostam pelo cheirinho de cuidado e limpeza - Correio Braziliense - Radar","isPartOf":{"@id":"https:\/\/www.correiobraziliense.com.br\/cbradar\/#website"},"primaryImageOfPage":{"@id":"https:\/\/www.correiobraziliense.com.br\/cbradar\/os-perfumes-de-bebe-que-as-maes-mais-gostam-pelo-cheirinho-de-cuidado-e-limpeza\/#primaryimage"},"image":{"@id":"https:\/\/www.correiobraziliense.com.br\/cbradar\/os-perfumes-de-bebe-que-as-maes-mais-gostam-pelo-cheirinho-de-cuidado-e-limpeza\/#primaryimage"},"thumbnailUrl":"https:\/\/www.correiobraziliense.com.br\/cbradar\/wp-content\/uploads\/2026\/04\/perfume-de-bebe-2.jpg","datePublished":"2026-04-26T15:55:00+00:00","author":{"@id":"https:\/\/www.correiobraziliense.com.br\/cbradar\/#\/schema\/person\/7356666e12ec0ee53f348ee5db227032"},"description":"Conhe\u00e7a fragr\u00e2ncias infantis que conquistam m\u00e3es pelo aroma suave e pelo v\u00ednculo afetivo que criam no dia a dia.","breadcrumb":{"@id":"https:\/\/www.correiobraziliense.com.br\/cbradar\/os-perfumes-de-bebe-que-as-maes-mais-gostam-pelo-cheirinho-de-cuidado-e-limpeza\/#breadcrumb"},"inLanguage":"pt-BR","potentialAction":[{"@type":"ReadAction","target":["https:\/\/www.correiobraziliense.com.br\/cbradar\/os-perfumes-de-bebe-que-as-maes-mais-gostam-pelo-cheirinho-de-cuidado-e-limpeza\/"]}]},{"@type":"ImageObject","inLanguage":"pt-BR","@id":"https:\/\/www.correiobraziliense.com.br\/cbradar\/os-perfumes-de-bebe-que-as-maes-mais-gostam-pelo-cheirinho-de-cuidado-e-limpeza\/#primaryimage","url":"https:\/\/www.correiobraziliense.com.br\/cbradar\/wp-content\/uploads\/2026\/04\/perfume-de-bebe-2.jpg","contentUrl":"https:\/\/www.correiobraziliense.com.br\/cbradar\/wp-content\/uploads\/2026\/04\/perfume-de-bebe-2.jpg","width":1280,"height":720,"caption":"A nostalgia materna desempenha um papel fundamental no sucesso desta marca"},{"@type":"BreadcrumbList","@id":"https:\/\/www.correiobraziliense.com.br\/cbradar\/os-perfumes-de-bebe-que-as-maes-mais-gostam-pelo-cheirinho-de-cuidado-e-limpeza\/#breadcrumb","itemListElement":[{"@type":"ListItem","position":1,"name":"In\u00edcio","item":"https:\/\/www.correiobraziliense.com.br\/cbradar\/"},{"@type":"ListItem","position":2,"name":"Os perfumes de beb\u00ea que as m\u00e3es mais gostam pelo cheirinho de cuidado e limpeza"}]},{"@type":"WebSite","@id":"https:\/\/www.correiobraziliense.com.br\/cbradar\/#website","url":"https:\/\/www.correiobraziliense.com.br\/cbradar\/","name":"Correio Braziliense - Radar","description":"Acompanhe as \u00faltimas not\u00edcias e fique bem informado sobre tudo o que acontece no Brasil e no mundo.","potentialAction":[{"@type":"SearchAction","target":{"@type":"EntryPoint","urlTemplate":"https:\/\/www.correiobraziliense.com.br\/cbradar\/?s={search_term_string}"},"query-input":{"@type":"PropertyValueSpecification","valueRequired":true,"valueName":"search_term_string"}}],"inLanguage":"pt-BR"},{"@type":"Person","@id":"https:\/\/www.correiobraziliense.com.br\/cbradar\/#\/schema\/person\/7356666e12ec0ee53f348ee5db227032","name":"Daniely Cardoso","image":{"@type":"ImageObject","inLanguage":"pt-BR","@id":"https:\/\/www.correiobraziliense.com.br\/cbradar\/#\/schema\/person\/image\/","url":"https:\/\/secure.gravatar.com\/avatar\/4b80ddbd124d1f071b626d52d62e5dff?s=96&d=mm&r=g","contentUrl":"https:\/\/secure.gravatar.com\/avatar\/4b80ddbd124d1f071b626d52d62e5dff?s=96&d=mm&r=g","caption":"Daniely Cardoso"},"description":"Redatora nos portais CB Radar e EM Foco, formada pela Universidade Federal de Goi\u00e1s, em Goi\u00e2nia. Apaixonada por comunica\u00e7\u00e3o, arte, decora\u00e7\u00e3o e tend\u00eancias, atuo na produ\u00e7\u00e3o de conte\u00fados envolventes sobre curiosidades, moda, beleza e paisagismo, sempre com um olhar atento \u00e0s novidades do momento.","sameAs":["https:\/\/www.correiobraziliense.com.br\/cbradar"],"url":"https:\/\/www.correiobraziliense.com.br\/cbradar\/author\/danielymyth\/"}]}},"_links":{"self":[{"href":"https:\/\/www.correiobraziliense.com.br\/cbradar\/wp-json\/wp\/v2\/posts\/231125","targetHints":{"allow":["GET"]}}],"collection":[{"href":"https:\/\/www.correiobraziliense.com.br\/cbradar\/wp-json\/wp\/v2\/posts"}],"about":[{"href":"https:\/\/www.correiobraziliense.com.br\/cbradar\/wp-json\/wp\/v2\/types\/post"}],"author":[{"embeddable":true,"href":"https:\/\/www.correiobraziliense.com.br\/cbradar\/wp-json\/wp\/v2\/users\/9"}],"replies":[{"embeddable":true,"href":"https:\/\/www.correiobraziliense.com.br\/cbradar\/wp-json\/wp\/v2\/comments?post=231125"}],"version-history":[{"count":3,"href":"https:\/\/www.correiobraziliense.com.br\/cbradar\/wp-json\/wp\/v2\/posts\/231125\/revisions"}],"predecessor-version":[{"id":232020,"href":"https:\/\/www.correiobraziliense.com.br\/cbradar\/wp-json\/wp\/v2\/posts\/231125\/revisions\/232020"}],"wp:featuredmedia":[{"embeddable":true,"href":"https:\/\/www.correiobraziliense.com.br\/cbradar\/wp-json\/wp\/v2\/media\/231127"}],"wp:attachment":[{"href":"https:\/\/www.correiobraziliense.com.br\/cbradar\/wp-json\/wp\/v2\/media?parent=231125"}],"wp:term":[{"taxonomy":"category","embeddable":true,"href":"https:\/\/www.correiobraziliense.com.br\/cbradar\/wp-json\/wp\/v2\/categories?post=231125"},{"taxonomy":"post_tag","embeddable":true,"href":"https:\/\/www.correiobraziliense.com.br\/cbradar\/wp-json\/wp\/v2\/post_tag?post=231125"}],"curies":[{"name":"wp","href":"https:\/\/api.w.org\/{rel}","templated":true}]}}