{"id":231132,"date":"2026-04-26T13:05:00","date_gmt":"2026-04-26T16:05:00","guid":{"rendered":"https:\/\/www.correiobraziliense.com.br\/cbradar\/?p=231132"},"modified":"2026-04-25T17:31:49","modified_gmt":"2026-04-25T20:31:49","slug":"as-colonias-de-bebe-que-muitas-maes-escolhem-pelo-aroma-suave-que-lembra-carinho","status":"publish","type":"post","link":"https:\/\/www.correiobraziliense.com.br\/cbradar\/as-colonias-de-bebe-que-muitas-maes-escolhem-pelo-aroma-suave-que-lembra-carinho\/","title":{"rendered":"As col\u00f4nias de beb\u00ea que muitas m\u00e3es escolhem pelo aroma suave que lembra carinho"},"content":{"rendered":"\n<p>A escolha de uma fragr\u00e2ncia infantil vai muito al\u00e9m da est\u00e9tica, sendo uma forma de materializar o afeto e a prote\u00e7\u00e3o atrav\u00e9s do olfato. Encontrar <strong>col\u00f4nias de beb\u00ea com cheiro de carinho<\/strong> \u00e9 a busca por notas olfativas que abra\u00e7am os sentidos, criando um ambiente de paz e seguran\u00e7a para o desenvolvimento saud\u00e1vel dos pequenos logo nos primeiros dias de vida.<\/p>\n\n\n\n<h2 class=\"wp-block-heading\">A lavanda como s\u00edmbolo do acolhimento e relaxamento infantil<\/h2>\n\n\n\n<p>A lavanda \u00e9, sem d\u00favida, a nota mais associada \u00e0 sensa\u00e7\u00e3o de cuidado, sendo a base das formula\u00e7\u00f5es que visam acalmar o sistema nervoso do beb\u00ea. Essa <strong>ess\u00eancia terap\u00eautica<\/strong> promove um relaxamento profundo, transformando o momento da aplica\u00e7\u00e3o em um rito de conex\u00e3o entre pais e filhos, especialmente em cidades com rotinas intensas como <strong>S\u00e3o Paulo<\/strong> ou <strong>Curitiba<\/strong>.<\/p>\n\n\n\n<p>Ao escolher col\u00f4nias que priorizam a lavanda, as m\u00e3es garantem uma <strong>experi\u00eancia sensorial<\/strong> que remete ao frescor de len\u00e7\u00f3is limpos e ao calor de um abra\u00e7o materno. Essa caracter\u00edstica \u00e9 fundamental para estabelecer uma rotina de sono tranquila, onde o aroma atua como um gatilho biol\u00f3gico para o descanso, refor\u00e7ando a percep\u00e7\u00e3o de que o beb\u00ea est\u00e1 em um local seguro.<\/p>\n\n\n<div class=\"wp-block-image\">\n<figure class=\"aligncenter size-full\"><img decoding=\"async\" width=\"1280\" height=\"720\" src=\"https:\/\/www.correiobraziliense.com.br\/cbradar\/wp-content\/uploads\/2026\/04\/perfume-de-bebe-3.jpg\" alt=\"\" class=\"wp-image-231139\" srcset=\"https:\/\/www.correiobraziliense.com.br\/cbradar\/wp-content\/uploads\/2026\/04\/perfume-de-bebe-3.jpg 1280w, https:\/\/www.correiobraziliense.com.br\/cbradar\/wp-content\/uploads\/2026\/04\/perfume-de-bebe-3-300x169.jpg 300w, https:\/\/www.correiobraziliense.com.br\/cbradar\/wp-content\/uploads\/2026\/04\/perfume-de-bebe-3-768x432.jpg 768w, https:\/\/www.correiobraziliense.com.br\/cbradar\/wp-content\/uploads\/2026\/04\/perfume-de-bebe-3-750x422.jpg 750w, https:\/\/www.correiobraziliense.com.br\/cbradar\/wp-content\/uploads\/2026\/04\/perfume-de-bebe-3-1140x641.jpg 1140w\" sizes=\"(max-width: 1280px) 100vw, 1280px\" \/><figcaption class=\"wp-element-caption\">Ao escolher col\u00f4nias que priorizam a lavanda, as m\u00e3es garantem uma experi\u00eancia sensorial que remete ao frescor de len\u00e7\u00f3is limpos<\/figcaption><\/figure><\/div>\n\n\n<p>Leia tamb\u00e9m: <a href=\"https:\/\/www.correiobraziliense.com.br\/cbradar\/4-cortes-de-cabelo-curto-que-ajudam-a-dar-mais-corpo-aos-fios-ralos-e-sem-volume\/\" target=\"_blank\" rel=\"noreferrer noopener\">4 cortes de cabelo curto que ajudam a dar mais corpo aos fios ralos e sem volume<\/a><\/p>\n\n\n\n<h2 class=\"wp-block-heading\">Notas de algod\u00e3o e a pureza do toque aveludado<\/h2>\n\n\n\n<p>Outra tend\u00eancia forte entre as col\u00f4nias que evocam o carinho s\u00e3o as notas de algod\u00e3o e musk branco, que simulam a maciez da pele do rec\u00e9m-nascido. Essa <strong>suavidade olfativa<\/strong> \u00e9 projetada para ser rente \u00e0 pele, garantindo que o perfume n\u00e3o seja invasivo, mas sim uma extens\u00e3o natural do cheiro pr\u00f3prio da crian\u00e7a, transmitindo uma imagem de pureza absoluta.<\/p>\n\n\n\n<p>O uso de extratos naturais de algod\u00e3o confere um aspecto <strong>confort\u00e1vel e atalcado<\/strong>, ideal para ser usado ap\u00f3s o banho da tarde ou antes de passeios em fam\u00edlia. Essas fragr\u00e2ncias s\u00e3o as preferidas das m\u00e3es que buscam discri\u00e7\u00e3o, permitindo que a delicadeza do beb\u00ea seja a protagonista, enquanto o perfume atua como um coadjuvante que exala limpeza e zelo constante.<\/p>\n\n\n\n<h2 class=\"wp-block-heading\">Mam\u00e3e e Beb\u00ea e a constru\u00e7\u00e3o de mem\u00f3rias afetivas duradouras<\/h2>\n\n\n\n<p>O <strong>Mam\u00e3e e Beb\u00ea<\/strong>, da <strong>Natura<\/strong>, \u00e9 o maior exemplo de como um aroma pode se tornar sin\u00f4nimo de cuidado geracional no <strong>Brasil<\/strong>. Sua f\u00f3rmula, que combina flores brancas com um fundo levemente amadeirado e c\u00edtrico, foi desenvolvida para fortalecer o <strong>v\u00ednculo emocional<\/strong> atrav\u00e9s do cheiro, sendo uma das escolhas mais seguras e amadas pelas fam\u00edlias brasileiras.<\/p>\n\n\n\n<link href=\"https:\/\/fonts.googleapis.com\/css2?family=Inter:wght@400;600;700;800&#038;display=swap\" rel=\"stylesheet\">\n<style>\n\/* Prote\u00e7\u00e3o contra inje\u00e7\u00e3o do \"Veja Tamb\u00e9m\" (JNews inline related posts) *\/\n.rdp-pontos-wrapper .jnews_inline_related_post_wrapper,\n.rdp-pontos-wrapper .jnews_inline_related_post,\n.rdp-pontos-wrapper .jeg_postblock,\n.rdp-pontos-wrapper [class*=\"jnews_inline\"],\n.rdp-pontos-wrapper [class*=\"jeg_postblock\"],\n.rdp-pontos-wrapper [class*=\"jeg_block\"] {\n  display: none !important;\n  height: 0 !important;\n  max-height: 0 !important;\n  overflow: hidden !important;\n  visibility: hidden !important;\n  margin: 0 !important;\n  padding: 0 !important;\n  border: none !important;\n  font-size: 0 !important;\n  line-height: 0 !important;\n}\n.rdp-pontos-wrapper {\n  max-width: 100%;\n  margin: 32px 0;\n  background: #F0F7FF; \/* Azul beb\u00ea muito suave *\/\n  border: 1px solid #D1E2F3;\n  border-radius: 12px;\n  padding: 28px 28px 20px;\n  font-family: 'Inter', sans-serif;\n  box-shadow: 0 4px 20px rgba(70,130,180,0.08);\n  overflow: hidden;\n  contain: layout style;\n  isolation: isolate;\n  position: relative;\n  z-index: 1;\n}\n.rdp-pontos-wrapper > *:not(.rdp-pontos-title):not(.rdp-pontos-grid) {\n  display: none !important;\n  height: 0 !important;\n  overflow: hidden !important;\n  margin: 0 !important;\n  padding: 0 !important;\n  border: none !important;\n}\n.rdp-pontos-title {\n  font-family: 'Inter', sans-serif;\n  font-size: 20px;\n  font-weight: 800;\n  color: #2C3E50;\n  margin: 0 0 20px 0;\n  line-height: 1.3;\n  text-align: center;\n}\n.rdp-pontos-grid {\n  display: grid;\n  grid-template-columns: repeat(3, 1fr);\n  gap: 18px;\n}\n.rdp-pontos-item {\n  background: #FFFFFF;\n  border: 1px solid #D1E2F3;\n  border-top: 3px solid #4682B4; \/* Steel Blue para sobriedade cl\u00ednica *\/\n  border-radius: 10px;\n  padding: 22px 20px;\n  box-shadow: 0 2px 10px rgba(70,130,180,0.05);\n  transition: box-shadow 0.3s ease, border-color 0.3s ease;\n  text-align: center;\n}\n.rdp-pontos-item:hover {\n  box-shadow: 0 4px 20px rgba(70,130,180,0.18);\n  border-color: #4682B4;\n}\n.rdp-pontos-emoji {\n  font-size: 32px;\n  line-height: 1;\n  margin-bottom: 12px;\n  display: block;\n  text-align: center;\n}\n.rdp-pontos-item-title {\n  font-size: 15px;\n  font-weight: 700;\n  color: #1A1A1A;\n  margin-bottom: 8px;\n  line-height: 1.3;\n}\n.rdp-pontos-item-desc {\n  font-size: 14px;\n  color: #4A4A4A;\n  line-height: 1.6;\n  margin: 0;\n}\n@media (max-width: 768px) {\n  .rdp-pontos-wrapper {\n    padding: 20px 16px 14px;\n  }\n  .rdp-pontos-grid {\n    grid-template-columns: 1fr;\n    gap: 14px;\n  }\n  .rdp-pontos-title {\n    font-size: 18px;\n  }\n}\n<\/style>\n\n<div class=\"rdp-pontos-wrapper\">\n  <div class=\"rdp-pontos-title\">Cuidado e Seguran\u00e7a em Cada Gota<\/div>\n  <div class=\"rdp-pontos-grid\">\n    <div class=\"rdp-pontos-item\">\n      <span class=\"rdp-pontos-emoji\">\ud83d\udc76<\/span>\n      <div class=\"rdp-pontos-item-title\">Aprova\u00e7\u00e3o Pedi\u00e1trica<\/div>\n      <p class=\"rdp-pontos-item-desc\">F\u00f3rmulas 100% seguras e testadas para garantir o uso sem riscos desde o primeiro dia.<\/p>\n    <\/div>\n    <div class=\"rdp-pontos-item\">\n      <span class=\"rdp-pontos-emoji\">\ud83d\udca7<\/span>\n      <div class=\"rdp-pontos-item-title\">Zero \u00c1lcool<\/div>\n      <p class=\"rdp-pontos-item-desc\">Preven\u00e7\u00e3o total contra o ressecamento da derme, evitando ard\u00eancia ou qualquer desconforto.<\/p>\n    <\/div>\n    <div class=\"rdp-pontos-item\">\n      <span class=\"rdp-pontos-emoji\">\ud83c\udf31<\/span>\n      <div class=\"rdp-pontos-item-title\">Origem Natural<\/div>\n      <p class=\"rdp-pontos-item-desc\">Ingredientes que respeitam a fisiologia infantil e minimizam chances de alergias.<\/p>\n    <\/div>\n    <div class=\"rdp-pontos-item\">\n      <span class=\"rdp-pontos-emoji\">\ud83e\uddf4<\/span>\n      <div class=\"rdp-pontos-item-title\">Design Pr\u00e1tico<\/div>\n      <p class=\"rdp-pontos-item-desc\">Frascos desenhados para facilitar o manuseio seguro mesmo com as m\u00e3os \u00famidas p\u00f3s-banho.<\/p>\n    <\/div>\n    <div class=\"rdp-pontos-item\">\n      <span class=\"rdp-pontos-emoji\">\u2728<\/span>\n      <div class=\"rdp-pontos-item-title\">Proje\u00e7\u00e3o Intimista<\/div>\n      <p class=\"rdp-pontos-item-desc\">Fragr\u00e2ncia delicada feita para ser sentida apenas no colo, respeitando o espa\u00e7o do beb\u00ea.<\/p>\n    <\/div>\n  <\/div>\n<\/div>\n<div style=\"clear:both;height:0;overflow:hidden;\"><\/div>\n\n\n\n<p>Uma <strong>aten\u00e7\u00e3o especial<\/strong> deve ser dada \u00e0 quantidade aplicada: bastam algumas gotas nas m\u00e3os do cuidador para massagear o corpo do beb\u00ea ou perfumar levemente o enxoval. Esse m\u00e9todo de <strong>perfuma\u00e7\u00e3o por contato<\/strong> \u00e9 muito mais acolhedor, pois une o benef\u00edcio do aroma ao est\u00edmulo do toque, essencial para o desenvolvimento cognitivo e emocional da crian\u00e7a.<\/p>\n\n\n\n<h2 class=\"wp-block-heading\">Como escolher a col\u00f4nia que mais transmite afeto<\/h2>\n\n\n\n<p>Para identificar a col\u00f4nia que melhor representa o carinho para voc\u00ea, \u00e9 importante analisar as notas de fundo, que s\u00e3o as que permanecem por mais tempo. Fragr\u00e2ncias que utilizam camomila, baunilha suave ou erva-doce tendem a ser mais <strong>acolhedoras e quentes<\/strong>, ideais para climas mais frios ou para o per\u00edodo noturno, quando o foco \u00e9 o aconchego.<\/p>\n\n\n\n<p>Verifique sempre o r\u00f3tulo em busca de certifica\u00e7\u00f5es de sustentabilidade e \u00e9tica, pois o <strong>consumo consciente<\/strong> tamb\u00e9m faz parte do cuidado com o futuro do seu filho. Optar por marcas que investem em pesquisas de neuroci\u00eancia aplicada \u00e0 perfumaria garante que o cheiro escolhido ter\u00e1 um impacto positivo real no humor e no comportamento relaxado do beb\u00ea.<\/p>\n\n\n\n<h2 class=\"wp-block-heading\">O aroma de carinho como alicerce da seguran\u00e7a emocional<\/h2>\n\n\n\n<p>As <strong>col\u00f4nias de beb\u00ea com cheiro de carinho<\/strong> funcionam como uma \u00e2ncora que estabiliza as emo\u00e7\u00f5es tanto da m\u00e3e quanto do filho durante as descobertas do dia a dia. A <strong>mem\u00f3ria olfativa<\/strong> constru\u00edda nesse per\u00edodo \u00e9 indestrut\u00edvel, servindo como um ref\u00fagio mental que, anos mais tarde, trar\u00e1 de volta a sensa\u00e7\u00e3o de ter sido profundamente amado e cuidado.<\/p>\n\n\n\n<p>Se voc\u00ea gosta de dicas, separamos esse v\u00eddeo do canal da <a href=\"https:\/\/www.youtube.com\/@LumaServioOficial\" target=\"_blank\" rel=\"noreferrer noopener\">Luma Servio<\/a> mostrando mais perfumes para seu filho:<\/p>\n\n\n\n<figure class=\"wp-block-embed is-type-video is-provider-youtube wp-block-embed-youtube wp-embed-aspect-16-9 wp-has-aspect-ratio\"><div class=\"wp-block-embed__wrapper\">\n<div class=\"jeg_video_container jeg_video_content\"><iframe loading=\"lazy\" title=\"MEUS FILHOS RECEBEM MTOS ELOGIOS COM ESSES! As crian\u00e7as mais cheirosas!\" width=\"500\" height=\"281\" src=\"https:\/\/www.youtube.com\/embed\/6wEfEYT52aQ?feature=oembed\" frameborder=\"0\" allow=\"accelerometer; autoplay; clipboard-write; encrypted-media; gyroscope; picture-in-picture; web-share\" referrerpolicy=\"strict-origin-when-cross-origin\" allowfullscreen><\/iframe><\/div>\n<\/div><\/figure>\n\n\n\n<p>Ao escolher a fragr\u00e2ncia certa, voc\u00ea est\u00e1, na verdade, escolhendo a trilha sonora olfativa da inf\u00e2ncia do seu pequeno. Continue explorando as op\u00e7\u00f5es que celebram a vida e a suavidade, transformando cada gota de col\u00f4nia em um gesto silencioso de amor que perfuma a alma e o lar.<\/p>\n\n\n\n<h2 class=\"wp-block-heading\">O papel do perfume na rotina de sono e estabilidade<\/h2>\n\n\n\n<p>Manter um padr\u00e3o arom\u00e1tico ajuda o beb\u00ea a identificar os momentos de transi\u00e7\u00e3o, conferindo uma <strong>previsibilidade reconfortante<\/strong> necess\u00e1ria para o seu equil\u00edbrio. Quando o cheiro de carinho surge, o animal entende que as atividades intensas cessaram e que \u00e9 hora de se entregar ao aconchego do colo e do ber\u00e7o.<\/p>\n\n\n\n<p>Essa organiza\u00e7\u00e3o sensorial \u00e9 uma das formas mais eficazes de promover a autonomia e a calma em crian\u00e7as pequenas, evitando crises de choro por cansa\u00e7o excessivo. Invista em produtos que falem a linguagem do afeto e perceba como a harmonia da sua casa floresce atrav\u00e9s de um simples e suave perfume de beb\u00ea.<\/p>\n","protected":false},"excerpt":{"rendered":"<p>A escolha de uma fragr\u00e2ncia infantil vai muito al\u00e9m da est\u00e9tica, sendo uma forma de materializar o afeto e a prote\u00e7\u00e3o atrav\u00e9s do olfato. Encontrar col\u00f4nias de beb\u00ea com cheiro de carinho \u00e9 a busca por notas olfativas que abra\u00e7am os sentidos, criando um ambiente de paz e seguran\u00e7a para o desenvolvimento saud\u00e1vel dos pequenos [&hellip;]<\/p>\n","protected":false},"author":9,"featured_media":232022,"comment_status":"open","ping_status":"open","sticky":false,"template":"","format":"standard","meta":{"_yoast_wpseo_focuskw":"fragr\u00e2ncia de beb\u00ea","_yoast_wpseo_title":"","_yoast_wpseo_metadesc":"Entenda como fragr\u00e2ncias suaves ajudam a criar conforto, v\u00ednculo e uma sensa\u00e7\u00e3o de carinho na rotina do beb\u00ea.","jnews-multi-image_gallery":[],"jnews_single_post":{"format":"standard"},"jnews_primary_category":[],"jnews_social_meta":[],"jnews_override_counter":[],"footnotes":""},"categories":[124],"post_tag":[],"class_list":["post-231132","post","type-post","status-publish","format-standard","has-post-thumbnail","hentry","category-beleza"],"yoast_head":"<!-- This site is optimized with the Yoast SEO plugin v24.6 - https:\/\/yoast.com\/wordpress\/plugins\/seo\/ -->\n<title>As col\u00f4nias de beb\u00ea que muitas m\u00e3es escolhem pelo aroma suave que lembra carinho - Correio Braziliense - Radar<\/title>\n<meta name=\"description\" content=\"Entenda como fragr\u00e2ncias suaves ajudam a criar conforto, v\u00ednculo e uma sensa\u00e7\u00e3o de carinho na rotina do beb\u00ea.\" \/>\n<meta name=\"robots\" content=\"index, follow, max-snippet:-1, max-image-preview:large, max-video-preview:-1\" \/>\n<link rel=\"canonical\" href=\"https:\/\/www.correiobraziliense.com.br\/cbradar\/as-colonias-de-bebe-que-muitas-maes-escolhem-pelo-aroma-suave-que-lembra-carinho\/\" \/>\n<meta property=\"og:locale\" content=\"pt_BR\" \/>\n<meta property=\"og:type\" content=\"article\" \/>\n<meta property=\"og:title\" content=\"As col\u00f4nias de beb\u00ea que muitas m\u00e3es escolhem pelo aroma suave que lembra carinho - Correio Braziliense - Radar\" \/>\n<meta property=\"og:description\" content=\"Entenda como fragr\u00e2ncias suaves ajudam a criar conforto, v\u00ednculo e uma sensa\u00e7\u00e3o de carinho na rotina do beb\u00ea.\" \/>\n<meta property=\"og:url\" content=\"https:\/\/www.correiobraziliense.com.br\/cbradar\/as-colonias-de-bebe-que-muitas-maes-escolhem-pelo-aroma-suave-que-lembra-carinho\/\" \/>\n<meta property=\"og:site_name\" content=\"Correio Braziliense - Radar\" \/>\n<meta property=\"article:published_time\" content=\"2026-04-26T16:05:00+00:00\" \/>\n<meta property=\"og:image\" content=\"https:\/\/www.correiobraziliense.com.br\/cbradar\/wp-content\/uploads\/2026\/04\/perfume-de-nene.jpg\" \/>\n\t<meta property=\"og:image:width\" content=\"1280\" \/>\n\t<meta property=\"og:image:height\" content=\"720\" \/>\n\t<meta property=\"og:image:type\" content=\"image\/jpeg\" \/>\n<meta name=\"author\" content=\"Daniely Cardoso\" \/>\n<meta name=\"twitter:card\" content=\"summary_large_image\" \/>\n<meta name=\"twitter:label1\" content=\"Escrito por\" \/>\n\t<meta name=\"twitter:data1\" content=\"Daniely Cardoso\" \/>\n\t<meta name=\"twitter:label2\" content=\"Est. tempo de leitura\" \/>\n\t<meta name=\"twitter:data2\" content=\"6 minutos\" \/>\n<!-- \/ Yoast SEO plugin. -->","yoast_head_json":{"title":"As col\u00f4nias de beb\u00ea que muitas m\u00e3es escolhem pelo aroma suave que lembra carinho - Correio Braziliense - Radar","description":"Entenda como fragr\u00e2ncias suaves ajudam a criar conforto, v\u00ednculo e uma sensa\u00e7\u00e3o de carinho na rotina do beb\u00ea.","robots":{"index":"index","follow":"follow","max-snippet":"max-snippet:-1","max-image-preview":"max-image-preview:large","max-video-preview":"max-video-preview:-1"},"canonical":"https:\/\/www.correiobraziliense.com.br\/cbradar\/as-colonias-de-bebe-que-muitas-maes-escolhem-pelo-aroma-suave-que-lembra-carinho\/","og_locale":"pt_BR","og_type":"article","og_title":"As col\u00f4nias de beb\u00ea que muitas m\u00e3es escolhem pelo aroma suave que lembra carinho - Correio Braziliense - Radar","og_description":"Entenda como fragr\u00e2ncias suaves ajudam a criar conforto, v\u00ednculo e uma sensa\u00e7\u00e3o de carinho na rotina do beb\u00ea.","og_url":"https:\/\/www.correiobraziliense.com.br\/cbradar\/as-colonias-de-bebe-que-muitas-maes-escolhem-pelo-aroma-suave-que-lembra-carinho\/","og_site_name":"Correio Braziliense - Radar","article_published_time":"2026-04-26T16:05:00+00:00","og_image":[{"width":1280,"height":720,"url":"https:\/\/www.correiobraziliense.com.br\/cbradar\/wp-content\/uploads\/2026\/04\/perfume-de-nene.jpg","type":"image\/jpeg"}],"author":"Daniely Cardoso","twitter_card":"summary_large_image","twitter_misc":{"Escrito por":"Daniely Cardoso","Est. tempo de leitura":"6 minutos"},"schema":{"@context":"https:\/\/schema.org","@graph":[{"@type":"WebPage","@id":"https:\/\/www.correiobraziliense.com.br\/cbradar\/as-colonias-de-bebe-que-muitas-maes-escolhem-pelo-aroma-suave-que-lembra-carinho\/","url":"https:\/\/www.correiobraziliense.com.br\/cbradar\/as-colonias-de-bebe-que-muitas-maes-escolhem-pelo-aroma-suave-que-lembra-carinho\/","name":"As col\u00f4nias de beb\u00ea que muitas m\u00e3es escolhem pelo aroma suave que lembra carinho - Correio Braziliense - Radar","isPartOf":{"@id":"https:\/\/www.correiobraziliense.com.br\/cbradar\/#website"},"primaryImageOfPage":{"@id":"https:\/\/www.correiobraziliense.com.br\/cbradar\/as-colonias-de-bebe-que-muitas-maes-escolhem-pelo-aroma-suave-que-lembra-carinho\/#primaryimage"},"image":{"@id":"https:\/\/www.correiobraziliense.com.br\/cbradar\/as-colonias-de-bebe-que-muitas-maes-escolhem-pelo-aroma-suave-que-lembra-carinho\/#primaryimage"},"thumbnailUrl":"https:\/\/www.correiobraziliense.com.br\/cbradar\/wp-content\/uploads\/2026\/04\/perfume-de-nene.jpg","datePublished":"2026-04-26T16:05:00+00:00","author":{"@id":"https:\/\/www.correiobraziliense.com.br\/cbradar\/#\/schema\/person\/7356666e12ec0ee53f348ee5db227032"},"description":"Entenda como fragr\u00e2ncias suaves ajudam a criar conforto, v\u00ednculo e uma sensa\u00e7\u00e3o de carinho na rotina do beb\u00ea.","breadcrumb":{"@id":"https:\/\/www.correiobraziliense.com.br\/cbradar\/as-colonias-de-bebe-que-muitas-maes-escolhem-pelo-aroma-suave-que-lembra-carinho\/#breadcrumb"},"inLanguage":"pt-BR","potentialAction":[{"@type":"ReadAction","target":["https:\/\/www.correiobraziliense.com.br\/cbradar\/as-colonias-de-bebe-que-muitas-maes-escolhem-pelo-aroma-suave-que-lembra-carinho\/"]}]},{"@type":"ImageObject","inLanguage":"pt-BR","@id":"https:\/\/www.correiobraziliense.com.br\/cbradar\/as-colonias-de-bebe-que-muitas-maes-escolhem-pelo-aroma-suave-que-lembra-carinho\/#primaryimage","url":"https:\/\/www.correiobraziliense.com.br\/cbradar\/wp-content\/uploads\/2026\/04\/perfume-de-nene.jpg","contentUrl":"https:\/\/www.correiobraziliense.com.br\/cbradar\/wp-content\/uploads\/2026\/04\/perfume-de-nene.jpg","width":1280,"height":720,"caption":"Outra tend\u00eancia forte entre as col\u00f4nias que evocam o carinho s\u00e3o as notas de algod\u00e3o e musk branco"},{"@type":"BreadcrumbList","@id":"https:\/\/www.correiobraziliense.com.br\/cbradar\/as-colonias-de-bebe-que-muitas-maes-escolhem-pelo-aroma-suave-que-lembra-carinho\/#breadcrumb","itemListElement":[{"@type":"ListItem","position":1,"name":"In\u00edcio","item":"https:\/\/www.correiobraziliense.com.br\/cbradar\/"},{"@type":"ListItem","position":2,"name":"As col\u00f4nias de beb\u00ea que muitas m\u00e3es escolhem pelo aroma suave que lembra carinho"}]},{"@type":"WebSite","@id":"https:\/\/www.correiobraziliense.com.br\/cbradar\/#website","url":"https:\/\/www.correiobraziliense.com.br\/cbradar\/","name":"Correio Braziliense - Radar","description":"Acompanhe as \u00faltimas not\u00edcias e fique bem informado sobre tudo o que acontece no Brasil e no mundo.","potentialAction":[{"@type":"SearchAction","target":{"@type":"EntryPoint","urlTemplate":"https:\/\/www.correiobraziliense.com.br\/cbradar\/?s={search_term_string}"},"query-input":{"@type":"PropertyValueSpecification","valueRequired":true,"valueName":"search_term_string"}}],"inLanguage":"pt-BR"},{"@type":"Person","@id":"https:\/\/www.correiobraziliense.com.br\/cbradar\/#\/schema\/person\/7356666e12ec0ee53f348ee5db227032","name":"Daniely Cardoso","image":{"@type":"ImageObject","inLanguage":"pt-BR","@id":"https:\/\/www.correiobraziliense.com.br\/cbradar\/#\/schema\/person\/image\/","url":"https:\/\/secure.gravatar.com\/avatar\/4b80ddbd124d1f071b626d52d62e5dff?s=96&d=mm&r=g","contentUrl":"https:\/\/secure.gravatar.com\/avatar\/4b80ddbd124d1f071b626d52d62e5dff?s=96&d=mm&r=g","caption":"Daniely Cardoso"},"description":"Redatora nos portais CB Radar e EM Foco, formada pela Universidade Federal de Goi\u00e1s, em Goi\u00e2nia. Apaixonada por comunica\u00e7\u00e3o, arte, decora\u00e7\u00e3o e tend\u00eancias, atuo na produ\u00e7\u00e3o de conte\u00fados envolventes sobre curiosidades, moda, beleza e paisagismo, sempre com um olhar atento \u00e0s novidades do momento.","sameAs":["https:\/\/www.correiobraziliense.com.br\/cbradar"],"url":"https:\/\/www.correiobraziliense.com.br\/cbradar\/author\/danielymyth\/"}]}},"_links":{"self":[{"href":"https:\/\/www.correiobraziliense.com.br\/cbradar\/wp-json\/wp\/v2\/posts\/231132","targetHints":{"allow":["GET"]}}],"collection":[{"href":"https:\/\/www.correiobraziliense.com.br\/cbradar\/wp-json\/wp\/v2\/posts"}],"about":[{"href":"https:\/\/www.correiobraziliense.com.br\/cbradar\/wp-json\/wp\/v2\/types\/post"}],"author":[{"embeddable":true,"href":"https:\/\/www.correiobraziliense.com.br\/cbradar\/wp-json\/wp\/v2\/users\/9"}],"replies":[{"embeddable":true,"href":"https:\/\/www.correiobraziliense.com.br\/cbradar\/wp-json\/wp\/v2\/comments?post=231132"}],"version-history":[{"count":1,"href":"https:\/\/www.correiobraziliense.com.br\/cbradar\/wp-json\/wp\/v2\/posts\/231132\/revisions"}],"predecessor-version":[{"id":231140,"href":"https:\/\/www.correiobraziliense.com.br\/cbradar\/wp-json\/wp\/v2\/posts\/231132\/revisions\/231140"}],"wp:featuredmedia":[{"embeddable":true,"href":"https:\/\/www.correiobraziliense.com.br\/cbradar\/wp-json\/wp\/v2\/media\/232022"}],"wp:attachment":[{"href":"https:\/\/www.correiobraziliense.com.br\/cbradar\/wp-json\/wp\/v2\/media?parent=231132"}],"wp:term":[{"taxonomy":"category","embeddable":true,"href":"https:\/\/www.correiobraziliense.com.br\/cbradar\/wp-json\/wp\/v2\/categories?post=231132"},{"taxonomy":"post_tag","embeddable":true,"href":"https:\/\/www.correiobraziliense.com.br\/cbradar\/wp-json\/wp\/v2\/post_tag?post=231132"}],"curies":[{"name":"wp","href":"https:\/\/api.w.org\/{rel}","templated":true}]}}