{"id":231153,"date":"2026-04-25T04:05:00","date_gmt":"2026-04-25T07:05:00","guid":{"rendered":"https:\/\/www.correiobraziliense.com.br\/cbradar\/?p=231153"},"modified":"2026-04-25T00:40:09","modified_gmt":"2026-04-25T03:40:09","slug":"com-aguas-aquecidas-que-atingem-57c-a-maior-estancia-hidrotermal-do-mundo-impressiona-com-seus-80-pocos-naturais-no-brasil","status":"publish","type":"post","link":"https:\/\/www.correiobraziliense.com.br\/cbradar\/com-aguas-aquecidas-que-atingem-57c-a-maior-estancia-hidrotermal-do-mundo-impressiona-com-seus-80-pocos-naturais-no-brasil\/","title":{"rendered":"Com \u00e1guas aquecidas que atingem 57\u00b0C, a maior est\u00e2ncia hidrotermal do mundo impressiona com seus 80 po\u00e7os naturais no Brasil"},"content":{"rendered":"\n<p>Em <strong>Caldas Novas<\/strong>, no sul de <strong>Goi\u00e1s<\/strong>, a \u00e1gua sai quente do ch\u00e3o. Mais de 80 po\u00e7os bombeiam fontes que chegam a 57\u00b0C, o que faz da cidade o maior manancial hidrotermal do planeta.<\/p>\n\n\n\n<h2 class=\"wp-block-heading\">De onde vem toda essa \u00e1gua quente do cerrado?<\/h2>\n\n\n\n<p>As fontes nascem da chuva que cai sobre a <strong>Serra de Caldas<\/strong> e se infiltra no solo por mais de mil metros. Ao descer, a \u00e1gua encontra rochas aquecidas pelo calor interno da terra e volta \u00e0 superf\u00edcie em temperaturas naturalmente elevadas.<\/p>\n\n\n\n<p>Esse fen\u00f4meno geol\u00f3gico sustenta o turismo local e explica por que a regi\u00e3o foi transformada em \u00e1rea protegida ainda nos anos 1970. Sem a serra preservada, as fontes secariam.<\/p>\n\n\n<div class=\"wp-block-image\">\n<figure class=\"aligncenter size-large\"><img decoding=\"async\" width=\"1024\" height=\"576\" src=\"https:\/\/www.correiobraziliense.com.br\/cbradar\/wp-content\/uploads\/2025\/05\/Edicoes-25-1024x576.png\" alt=\"Chuvas de mil anos atr\u00e1s aquecem piscinas brasileiras a quase 60 \u00b0C na maior est\u00e2ncia termal do planeta\" class=\"wp-image-41054\" srcset=\"https:\/\/www.correiobraziliense.com.br\/cbradar\/wp-content\/uploads\/2025\/05\/Edicoes-25-1024x576.png 1024w, https:\/\/www.correiobraziliense.com.br\/cbradar\/wp-content\/uploads\/2025\/05\/Edicoes-25-300x169.png 300w, https:\/\/www.correiobraziliense.com.br\/cbradar\/wp-content\/uploads\/2025\/05\/Edicoes-25-768x432.png 768w, https:\/\/www.correiobraziliense.com.br\/cbradar\/wp-content\/uploads\/2025\/05\/Edicoes-25-750x422.png 750w, https:\/\/www.correiobraziliense.com.br\/cbradar\/wp-content\/uploads\/2025\/05\/Edicoes-25-1140x641.png 1140w, https:\/\/www.correiobraziliense.com.br\/cbradar\/wp-content\/uploads\/2025\/05\/Edicoes-25.png 1280w\" sizes=\"(max-width: 1024px) 100vw, 1024px\" \/><figcaption class=\"wp-element-caption\">Caldas Novas destaca-se por \u00e1guas termais quentes em hot\u00e9is e parques, cercada por Serra de Caldas e represa de Corumb\u00e1 em Goi\u00e1s.  \/\/ Reprodu\u00e7\u00e3o: Wikip\u00e9dia<\/figcaption><\/figure><\/div>\n\n\n<h2 class=\"wp-block-heading\">O parque que protege o segredo das \u00e1guas termais<\/h2>\n\n\n\n<p>O <a href=\"https:\/\/goias.gov.br\/meioambiente\/parque-estadual-da-serra-de-caldas-novas-pescan\/\" target=\"_blank\" rel=\"noreferrer noopener\"><strong>Parque Estadual da Serra de Caldas Novas (PESCAN)<\/strong><\/a> foi criado pela Lei 7.282, em 25 de setembro de 1970. S\u00e3o 12.315 hectares de cerrado preservado entre Caldas Novas e a vizinha <strong>Rio Quente<\/strong>.<\/p>\n\n\n\n<p>O parque tem duas trilhas principais abertas ao p\u00fablico, a da Cascatinha e a do Pared\u00e3o, ambas terminando em cachoeiras de \u00e1gua fria. A visita\u00e7\u00e3o \u00e9 gratuita e o acesso fica a apenas 6 km do centro. O mascote \u00e9 a seriema, ave t\u00edpica do cerrado que canta durante todo o dia.<\/p>\n\n\n\n<p>Caldas Novas \u00e9 o destino ideal para quem busca lazer em \u00e1guas termais. O v\u00eddeo \u00e9 do canal <strong>3em3<\/strong>, que possui <strong>1 milh\u00e3o de inscritos<\/strong>, e detalha parques aqu\u00e1ticos, o Lago de Corumb\u00e1 e o Jardim Japon\u00eas: 3em3.<\/p>\n\n\n\n<figure class=\"wp-block-embed aligncenter is-type-video is-provider-youtube wp-block-embed-youtube wp-embed-aspect-16-9 wp-has-aspect-ratio\"><div class=\"wp-block-embed__wrapper\">\n<div class=\"jeg_video_container jeg_video_content\"><iframe loading=\"lazy\" title=\"Caldas Novas - Goi\u00e1s :: Os melhores passeios de Caldas Novas :: 3em3\" width=\"500\" height=\"281\" src=\"https:\/\/www.youtube.com\/embed\/lPlHydzVmIo?feature=oembed\" frameborder=\"0\" allow=\"accelerometer; autoplay; clipboard-write; encrypted-media; gyroscope; picture-in-picture; web-share\" referrerpolicy=\"strict-origin-when-cross-origin\" allowfullscreen><\/iframe><\/div>\n<\/div><\/figure>\n\n\n\n<h2 class=\"wp-block-heading\">Quais s\u00e3o as principais atra\u00e7\u00f5es da cidade das \u00e1guas quentes?<\/h2>\n\n\n\n<p>O roteiro mistura parques aqu\u00e1ticos, passeios culturais e ecoturismo. Algumas atra\u00e7\u00f5es ficam dentro dos resorts, outras espalhadas pelo centro hist\u00f3rico.<\/p>\n\n\n\n<ul class=\"wp-block-list\">\n<li><strong>Hot Park<\/strong>: parque aqu\u00e1tico com \u00e1guas termais naturais, eleito um dos melhores do mundo, localizado na cidade vizinha de Rio Quente.<\/li>\n\n\n\n<li><strong>PESCAN<\/strong>: trilhas pelo cerrado preservado e cachoeiras de \u00e1gua cristalina com vista para a cidade.<\/li>\n\n\n\n<li><strong>Lagoa Quente<\/strong>: uma das poucas lagoas naturais de \u00e1gua termal no mundo, formada pelo afloramento das fontes.<\/li>\n\n\n\n<li><strong>Jardim Japon\u00eas<\/strong>: espa\u00e7o de contempla\u00e7\u00e3o com arquitetura budista, procurado para medita\u00e7\u00e3o.<\/li>\n\n\n\n<li><strong>Santu\u00e1rio Nossa Senhora da Salette<\/strong>: fica no Morro do Cap\u00e3o e oferece vista panor\u00e2mica de Caldas Novas.<\/li>\n\n\n\n<li><strong>Museu das \u00c1guas Termais Oscar Santos<\/strong>: conta a hist\u00f3ria da descoberta das fontes e da forma\u00e7\u00e3o da cidade.<\/li>\n<\/ul>\n\n\n\n<h2 class=\"wp-block-heading\">O que comer na terra do pequi e da guariroba<\/h2>\n\n\n\n<p>A gastronomia goiana combina frutos do cerrado com tradi\u00e7\u00e3o caipira. Em Caldas Novas, os sabores locais aparecem tanto nos restaurantes regionais quanto na Feira do Luar, que re\u00fane barracas com comidas t\u00edpicas.<\/p>\n\n\n\n<ul class=\"wp-block-list\">\n<li><strong>Empad\u00e3o goiano<\/strong>: torta recheada com frango, lingui\u00e7a, queijo, azeitona e guariroba, palmito amargo do cerrado.<\/li>\n\n\n\n<li><strong>Arroz com pequi<\/strong>: cl\u00e1ssico goiano feito com o fruto de sabor marcante e aroma inconfund\u00edvel.<\/li>\n\n\n\n<li><strong>Galinhada<\/strong>: frango caipira cozido com arroz e temperos regionais, servido em panelas generosas.<\/li>\n\n\n\n<li><strong>Pamonha<\/strong>: massa de milho verde amarrada na palha, encontrada nas vers\u00f5es doce, salgada e recheada.<\/li>\n\n\n\n<li><strong>Sorvete de pequi<\/strong>: sobremesa criativa que usa o fruto do cerrado em vers\u00e3o gelada.<\/li>\n<\/ul>\n\n\n\n<p><strong>Leia tamb\u00e9m: <a href=\"https:\/\/www.correiobraziliense.com.br\/cbradar\/a-unica-cidade-do-brasil-declarada-capital-nacional-da-literatura-por-lei-federal-fica-no-norte-gaucho\/\" target=\"_blank\" rel=\"noreferrer noopener\">A \u00fanica cidade do Brasil declarada Capital Nacional da Literatura por lei federal fica no norte ga\u00facho.<\/a><\/strong><\/p>\n\n\n<div class=\"wp-block-image\">\n<figure class=\"aligncenter size-large\"><img decoding=\"async\" width=\"1024\" height=\"576\" src=\"https:\/\/www.correiobraziliense.com.br\/cbradar\/wp-content\/uploads\/2025\/05\/Edicoes-26-1-1024x576.png\" alt=\"A cidade dos parques aqu\u00e1ticos est\u00e1 atraindo milh\u00f5es com suas \u00e1guas termais\" class=\"wp-image-41057\" srcset=\"https:\/\/www.correiobraziliense.com.br\/cbradar\/wp-content\/uploads\/2025\/05\/Edicoes-26-1-1024x576.png 1024w, https:\/\/www.correiobraziliense.com.br\/cbradar\/wp-content\/uploads\/2025\/05\/Edicoes-26-1-300x169.png 300w, https:\/\/www.correiobraziliense.com.br\/cbradar\/wp-content\/uploads\/2025\/05\/Edicoes-26-1-768x432.png 768w, https:\/\/www.correiobraziliense.com.br\/cbradar\/wp-content\/uploads\/2025\/05\/Edicoes-26-1-750x422.png 750w, https:\/\/www.correiobraziliense.com.br\/cbradar\/wp-content\/uploads\/2025\/05\/Edicoes-26-1-1140x641.png 1140w, https:\/\/www.correiobraziliense.com.br\/cbradar\/wp-content\/uploads\/2025\/05\/Edicoes-26-1.png 1280w\" sizes=\"(max-width: 1024px) 100vw, 1024px\" \/><figcaption class=\"wp-element-caption\">Curta tobo\u00e1guas quentinhos em Caldas Novas, almoce del\u00edcias goianas e passeie relaxado pelo parque em fam\u00edlia com muita divers\u00e3o. \/\/ Reprodu\u00e7\u00e3o: Wikip\u00e9dia<\/figcaption><\/figure><\/div>\n\n\n<h2 class=\"wp-block-heading\">Qual a melhor \u00e9poca para mergulhar nas fontes termais?<\/h2>\n\n\n\n<p><strong>A alta temporada acontece no inverno seco, quando o contraste entre o frio do ar e a \u00e1gua quente fica mais intenso.<\/strong> O ver\u00e3o traz chuvas de tarde e manh\u00e3s abertas.<\/p>\n\n\n\n<style>\n  \/* --- CONTAINER BLINDADO (PADR\u00c3O REGISTRADO) --- *\/\n  .clima-grid-final {\n    font-family: -apple-system, BlinkMacSystemFont, \"Segoe UI\", Roboto, Arial, sans-serif !important;\n    width: 100% !important;\n    max-width: 1200px !important;\n    margin: 20px auto !important;\n    display: grid !important;\n    \/* FOR\u00c7A 4 COLUNAS NO DESKTOP *\/\n    grid-template-columns: repeat(4, 1fr) !important; \n    gap: 15px !important;\n    box-sizing: border-box !important;\n  }\n\n  .clima-grid-final * {\n    box-sizing: border-box !important;\n  }\n\n  \/* --- CARD AZUL --- *\/\n  .card-clima {\n    background: #ffffff !important;\n    border: 1px solid #e3f2fd !important;\n    border-radius: 20px !important;\n    padding: 20px 10px !important;\n    text-align: center !important;\n    display: flex !important;\n    flex-direction: column !important;\n    align-items: center !important;\n    box-shadow: 0 4px 10px rgba(13, 71, 161, 0.05) !important;\n    min-width: 0 !important; \n    transition: transform 0.2s ease !important;\n  }\n\n  .card-clima:hover {\n    transform: translateY(-5px) !important;\n    border-color: #90caf9 !important;\n  }\n\n  \/* --- CONTE\u00daDO --- *\/\n  .estacao-nome { \n    font-size: 14px !important; \n    font-weight: 800 !important; \n    color: #0d47a1 !important; \n    text-transform: uppercase !important; \n    margin: 0 0 5px 0 !important; \n  }\n  \n  .estacao-meses { \n    font-size: 10px !important; \n    font-weight: 700 !important; \n    color: #1565c0 !important; \n    text-transform: uppercase !important; \n    margin-bottom: 15px !important; \n    display: block !important;\n  }\n  \n  .temp-valor { \n    font-size: 24px !important; \n    font-weight: 800 !important; \n    color: #01579b !important; \n    line-height: 1 !important; \n    margin: 0 !important;\n  }\n  \n  .temp-label { \n    font-size: 9px !important; \n    font-weight: 600 !important; \n    color: #0288d1 !important; \n    text-transform: uppercase !important; \n    margin-bottom: 15px !important; \n    display: block !important;\n  }\n  \n  .clima-desc { \n    font-size: 12px !important; \n    line-height: 1.4 !important; \n    color: #37474f !important; \n    margin-bottom: 15px !important; \n    flex-grow: 1 !important; \n  }\n\n  .tag-status {\n    background-color: #e1f5fe !important;\n    border: 1px solid #b3e5fc !important;\n    color: #0d47a1 !important;\n    padding: 5px 12px !important;\n    border-radius: 20px !important;\n    font-size: 9px !important;\n    font-weight: 800 !important;\n    text-transform: uppercase !important;\n    margin-top: auto !important;\n  }\n\n  \/* --- RESPONSIVIDADE --- *\/\n  @media (max-width: 800px) {\n    .clima-grid-final {\n      grid-template-columns: 1fr !important; \n    }\n    .card-clima {\n      padding: 25px 20px !important;\n    }\n  }\n<\/style>\n\n<div class=\"google-auto-ads-ignore clima-grid-final\">\n  \n  <div class=\"card-clima\">\n    <div class=\"estacao-nome\">\u2600\ufe0f Ver\u00e3o<\/div>\n    <span class=\"estacao-meses\">Dez &#8211; Fev<\/span>\n    <div class=\"temp-valor\">19-28\u00b0C<\/div>\n    <span class=\"temp-label\">M\u00e9dia<\/span>\n    <div class=\"clima-desc\">Embora a pluviosidade seja alta, o calor convida a aproveitar os <b>parques aqu\u00e1ticos<\/b> logo pela manh\u00e3, antes das chuvas t\u00edpicas.<\/div>\n    <div class=\"tag-status\">\ud83d\udca6 Divers\u00e3o<\/div>\n  <\/div>\n\n  <div class=\"card-clima\">\n    <div class=\"estacao-nome\">\ud83c\udf42 Outono<\/div>\n    <span class=\"estacao-meses\">Mar &#8211; Mai<\/span>\n    <div class=\"temp-valor\">17-27\u00b0C<\/div>\n    <span class=\"temp-label\">M\u00e9dia<\/span>\n    <div class=\"clima-desc\">Com a transi\u00e7\u00e3o para chuvas m\u00e9dias, o clima torna-se ideal para percorrer as <b>trilhas no PESCAN<\/b> com temperaturas mais suaves.<\/div>\n    <div class=\"tag-status\">\ud83e\udd7e Trilhas<\/div>\n  <\/div>\n\n  <div class=\"card-clima\">\n    <div class=\"estacao-nome\">\ud83e\udde3 Inverno<\/div>\n    <span class=\"estacao-meses\">Jun &#8211; Ago<\/span>\n    <div class=\"temp-valor\">13-26\u00b0C<\/div>\n    <span class=\"temp-label\">M\u00e9dia<\/span>\n    <div class=\"clima-desc\">A esta\u00e7\u00e3o mais seca do ano \u00e9 perfeita para relaxar em <b>banhos termais<\/b> e visitar as belas <b>cachoeiras<\/b> da regi\u00e3o com seguran\u00e7a.<\/div>\n    <div class=\"tag-status\">\ud83e\uddd8 Bem-estar<\/div>\n  <\/div>\n\n  <div class=\"card-clima\">\n    <div class=\"estacao-nome\">\ud83c\udf38 Primavera<\/div>\n    <span class=\"estacao-meses\">Set &#8211; Nov<\/span>\n    <div class=\"temp-valor\">18-30\u00b0C<\/div>\n    <span class=\"temp-label\">M\u00e9dia<\/span>\n    <div class=\"clima-desc\">A natureza se renova, criando o cen\u00e1rio ideal para o <b>ecoturismo<\/b> e para explorar a diversificada <b>gastronomia<\/b> local.<\/div>\n    <div class=\"tag-status\">\ud83c\udf43 Natureza<\/div>\n  <\/div>\n\n<\/div>\n\n\n\n<p><em>Temperaturas aproximadas com base no <a href=\"https:\/\/www.climatempo.com.br\/previsao-do-tempo\/cidade\/725\/caldasnovas-go\" target=\"_blank\" rel=\"noreferrer noopener\"><strong>Climatempo<\/strong><\/a>. Condi\u00e7\u00f5es podem variar.<\/em><\/p>\n\n\n<div class=\"wp-block-image\">\n<figure class=\"aligncenter size-large\"><img decoding=\"async\" width=\"1024\" height=\"576\" src=\"https:\/\/www.correiobraziliense.com.br\/cbradar\/wp-content\/uploads\/2025\/06\/Edicoes-17-1-1024x576.png\" alt=\"Chuvas de mil anos atr\u00e1s aquecem piscinas brasileiras a quase 60 \u00b0C na maior est\u00e2ncia termal do planeta\" class=\"wp-image-57433\" srcset=\"https:\/\/www.correiobraziliense.com.br\/cbradar\/wp-content\/uploads\/2025\/06\/Edicoes-17-1-1024x576.png 1024w, https:\/\/www.correiobraziliense.com.br\/cbradar\/wp-content\/uploads\/2025\/06\/Edicoes-17-1-300x169.png 300w, https:\/\/www.correiobraziliense.com.br\/cbradar\/wp-content\/uploads\/2025\/06\/Edicoes-17-1-768x432.png 768w, https:\/\/www.correiobraziliense.com.br\/cbradar\/wp-content\/uploads\/2025\/06\/Edicoes-17-1-750x422.png 750w, https:\/\/www.correiobraziliense.com.br\/cbradar\/wp-content\/uploads\/2025\/06\/Edicoes-17-1-1140x641.png 1140w, https:\/\/www.correiobraziliense.com.br\/cbradar\/wp-content\/uploads\/2025\/06\/Edicoes-17-1.png 1280w\" sizes=\"(max-width: 1024px) 100vw, 1024px\" \/><figcaption class=\"wp-element-caption\">Caldas Novas registra boom tur\u00edstico com novos resorts e eventos termais, posicionando-se como polo de lazer no Centro-Oeste brasileiro. \/\/ Reprodu\u00e7\u00e3o: Wikimedia Commons<\/figcaption><\/figure><\/div>\n\n\n<h2 class=\"wp-block-heading\">Como chegar \u00e0 cidade das \u00e1guas termais?<\/h2>\n\n\n\n<p>Caldas Novas fica a 170 km de <strong>Goi\u00e2nia<\/strong> e a 300 km de <strong>Bras\u00edlia<\/strong>, com acesso pelas rodovias BR-352 e GO-213. A cidade tem aeroporto pr\u00f3prio com voos regulares de <strong>S\u00e3o Paulo<\/strong>, <strong>Belo Horizonte<\/strong> e Bras\u00edlia, especialmente na alta temporada.<\/p>\n\n\n\n<h2 class=\"wp-block-heading\">Mergulhe no maior manancial termal do planeta<\/h2>\n\n\n\n<p>Poucos lugares do <strong>Brasil<\/strong> combinam descanso, natureza e fen\u00f4meno geol\u00f3gico em uma escala t\u00e3o rara. Caldas Novas oferece \u00e1gua quente saindo do ch\u00e3o, trilhas no cerrado e o sabor do pequi na mesma viagem.<\/p>\n\n\n\n<p>Voc\u00ea precisa conhecer Caldas Novas e sentir o contraste de entrar numa piscina a 40 graus enquanto a serra observa do alto.<\/p>\n","protected":false},"excerpt":{"rendered":"<p>Em Caldas Novas, no sul de Goi\u00e1s, a \u00e1gua sai quente do ch\u00e3o. Mais de 80 po\u00e7os bombeiam fontes que chegam a 57\u00b0C, o que faz da cidade o maior manancial hidrotermal do planeta. De onde vem toda essa \u00e1gua quente do cerrado? As fontes nascem da chuva que cai sobre a Serra de Caldas [&hellip;]<\/p>\n","protected":false},"author":8,"featured_media":231618,"comment_status":"open","ping_status":"open","sticky":false,"template":"","format":"standard","meta":{"jnews-multi-image_gallery":[],"jnews_single_post":{"format":"standard"},"jnews_primary_category":[],"jnews_social_meta":[],"jnews_override_counter":[],"footnotes":""},"categories":[1],"post_tag":[],"class_list":["post-231153","post","type-post","status-publish","format-standard","has-post-thumbnail","hentry","category-uncategorized"],"yoast_head":"<!-- This site is optimized with the Yoast SEO plugin v24.6 - https:\/\/yoast.com\/wordpress\/plugins\/seo\/ -->\n<title>Com \u00e1guas aquecidas que atingem 57\u00b0C, a maior est\u00e2ncia hidrotermal do mundo impressiona com seus 80 po\u00e7os naturais no Brasil - Correio Braziliense - Radar<\/title>\n<meta name=\"robots\" content=\"index, follow, max-snippet:-1, max-image-preview:large, max-video-preview:-1\" \/>\n<link rel=\"canonical\" href=\"https:\/\/www.correiobraziliense.com.br\/cbradar\/com-aguas-aquecidas-que-atingem-57c-a-maior-estancia-hidrotermal-do-mundo-impressiona-com-seus-80-pocos-naturais-no-brasil\/\" \/>\n<meta property=\"og:locale\" content=\"pt_BR\" \/>\n<meta property=\"og:type\" content=\"article\" \/>\n<meta property=\"og:title\" content=\"Com \u00e1guas aquecidas que atingem 57\u00b0C, a maior est\u00e2ncia hidrotermal do mundo impressiona com seus 80 po\u00e7os naturais no Brasil - Correio Braziliense - Radar\" \/>\n<meta property=\"og:description\" content=\"Em Caldas Novas, no sul de Goi\u00e1s, a \u00e1gua sai quente do ch\u00e3o. Mais de 80 po\u00e7os bombeiam fontes que chegam a 57\u00b0C, o que faz da cidade o maior manancial hidrotermal do planeta. De onde vem toda essa \u00e1gua quente do cerrado? As fontes nascem da chuva que cai sobre a Serra de Caldas [&hellip;]\" \/>\n<meta property=\"og:url\" content=\"https:\/\/www.correiobraziliense.com.br\/cbradar\/com-aguas-aquecidas-que-atingem-57c-a-maior-estancia-hidrotermal-do-mundo-impressiona-com-seus-80-pocos-naturais-no-brasil\/\" \/>\n<meta property=\"og:site_name\" content=\"Correio Braziliense - Radar\" \/>\n<meta property=\"article:published_time\" content=\"2026-04-25T07:05:00+00:00\" \/>\n<meta property=\"og:image\" content=\"https:\/\/www.correiobraziliense.com.br\/cbradar\/wp-content\/uploads\/2026\/04\/aaa-2026-04-25T002846.162.png\" \/>\n\t<meta property=\"og:image:width\" content=\"1280\" \/>\n\t<meta property=\"og:image:height\" content=\"720\" \/>\n\t<meta property=\"og:image:type\" content=\"image\/png\" \/>\n<meta name=\"author\" content=\"Maura Pereira\" \/>\n<meta name=\"twitter:card\" content=\"summary_large_image\" \/>\n<meta name=\"twitter:label1\" content=\"Escrito por\" \/>\n\t<meta name=\"twitter:data1\" content=\"Maura Pereira\" \/>\n\t<meta name=\"twitter:label2\" content=\"Est. tempo de leitura\" \/>\n\t<meta name=\"twitter:data2\" content=\"6 minutos\" \/>\n<!-- \/ Yoast SEO plugin. -->","yoast_head_json":{"title":"Com \u00e1guas aquecidas que atingem 57\u00b0C, a maior est\u00e2ncia hidrotermal do mundo impressiona com seus 80 po\u00e7os naturais no Brasil - Correio Braziliense - Radar","robots":{"index":"index","follow":"follow","max-snippet":"max-snippet:-1","max-image-preview":"max-image-preview:large","max-video-preview":"max-video-preview:-1"},"canonical":"https:\/\/www.correiobraziliense.com.br\/cbradar\/com-aguas-aquecidas-que-atingem-57c-a-maior-estancia-hidrotermal-do-mundo-impressiona-com-seus-80-pocos-naturais-no-brasil\/","og_locale":"pt_BR","og_type":"article","og_title":"Com \u00e1guas aquecidas que atingem 57\u00b0C, a maior est\u00e2ncia hidrotermal do mundo impressiona com seus 80 po\u00e7os naturais no Brasil - Correio Braziliense - Radar","og_description":"Em Caldas Novas, no sul de Goi\u00e1s, a \u00e1gua sai quente do ch\u00e3o. Mais de 80 po\u00e7os bombeiam fontes que chegam a 57\u00b0C, o que faz da cidade o maior manancial hidrotermal do planeta. De onde vem toda essa \u00e1gua quente do cerrado? As fontes nascem da chuva que cai sobre a Serra de Caldas [&hellip;]","og_url":"https:\/\/www.correiobraziliense.com.br\/cbradar\/com-aguas-aquecidas-que-atingem-57c-a-maior-estancia-hidrotermal-do-mundo-impressiona-com-seus-80-pocos-naturais-no-brasil\/","og_site_name":"Correio Braziliense - Radar","article_published_time":"2026-04-25T07:05:00+00:00","og_image":[{"width":1280,"height":720,"url":"https:\/\/www.correiobraziliense.com.br\/cbradar\/wp-content\/uploads\/2026\/04\/aaa-2026-04-25T002846.162.png","type":"image\/png"}],"author":"Maura Pereira","twitter_card":"summary_large_image","twitter_misc":{"Escrito por":"Maura Pereira","Est. tempo de leitura":"6 minutos"},"schema":{"@context":"https:\/\/schema.org","@graph":[{"@type":"WebPage","@id":"https:\/\/www.correiobraziliense.com.br\/cbradar\/com-aguas-aquecidas-que-atingem-57c-a-maior-estancia-hidrotermal-do-mundo-impressiona-com-seus-80-pocos-naturais-no-brasil\/","url":"https:\/\/www.correiobraziliense.com.br\/cbradar\/com-aguas-aquecidas-que-atingem-57c-a-maior-estancia-hidrotermal-do-mundo-impressiona-com-seus-80-pocos-naturais-no-brasil\/","name":"Com \u00e1guas aquecidas que atingem 57\u00b0C, a maior est\u00e2ncia hidrotermal do mundo impressiona com seus 80 po\u00e7os naturais no Brasil - Correio Braziliense - Radar","isPartOf":{"@id":"https:\/\/www.correiobraziliense.com.br\/cbradar\/#website"},"primaryImageOfPage":{"@id":"https:\/\/www.correiobraziliense.com.br\/cbradar\/com-aguas-aquecidas-que-atingem-57c-a-maior-estancia-hidrotermal-do-mundo-impressiona-com-seus-80-pocos-naturais-no-brasil\/#primaryimage"},"image":{"@id":"https:\/\/www.correiobraziliense.com.br\/cbradar\/com-aguas-aquecidas-que-atingem-57c-a-maior-estancia-hidrotermal-do-mundo-impressiona-com-seus-80-pocos-naturais-no-brasil\/#primaryimage"},"thumbnailUrl":"https:\/\/www.correiobraziliense.com.br\/cbradar\/wp-content\/uploads\/2026\/04\/aaa-2026-04-25T002846.162.png","datePublished":"2026-04-25T07:05:00+00:00","author":{"@id":"https:\/\/www.correiobraziliense.com.br\/cbradar\/#\/schema\/person\/4053c651a9bfc785afc6f4cbc9032fd3"},"breadcrumb":{"@id":"https:\/\/www.correiobraziliense.com.br\/cbradar\/com-aguas-aquecidas-que-atingem-57c-a-maior-estancia-hidrotermal-do-mundo-impressiona-com-seus-80-pocos-naturais-no-brasil\/#breadcrumb"},"inLanguage":"pt-BR","potentialAction":[{"@type":"ReadAction","target":["https:\/\/www.correiobraziliense.com.br\/cbradar\/com-aguas-aquecidas-que-atingem-57c-a-maior-estancia-hidrotermal-do-mundo-impressiona-com-seus-80-pocos-naturais-no-brasil\/"]}]},{"@type":"ImageObject","inLanguage":"pt-BR","@id":"https:\/\/www.correiobraziliense.com.br\/cbradar\/com-aguas-aquecidas-que-atingem-57c-a-maior-estancia-hidrotermal-do-mundo-impressiona-com-seus-80-pocos-naturais-no-brasil\/#primaryimage","url":"https:\/\/www.correiobraziliense.com.br\/cbradar\/wp-content\/uploads\/2026\/04\/aaa-2026-04-25T002846.162.png","contentUrl":"https:\/\/www.correiobraziliense.com.br\/cbradar\/wp-content\/uploads\/2026\/04\/aaa-2026-04-25T002846.162.png","width":1280,"height":720,"caption":"As fontes nascem da chuva que cai sobre a Serra de Caldas e se infiltra no solo. \/ Imagem ilustrativa"},{"@type":"BreadcrumbList","@id":"https:\/\/www.correiobraziliense.com.br\/cbradar\/com-aguas-aquecidas-que-atingem-57c-a-maior-estancia-hidrotermal-do-mundo-impressiona-com-seus-80-pocos-naturais-no-brasil\/#breadcrumb","itemListElement":[{"@type":"ListItem","position":1,"name":"In\u00edcio","item":"https:\/\/www.correiobraziliense.com.br\/cbradar\/"},{"@type":"ListItem","position":2,"name":"Com \u00e1guas aquecidas que atingem 57\u00b0C, a maior est\u00e2ncia hidrotermal do mundo impressiona com seus 80 po\u00e7os naturais no Brasil"}]},{"@type":"WebSite","@id":"https:\/\/www.correiobraziliense.com.br\/cbradar\/#website","url":"https:\/\/www.correiobraziliense.com.br\/cbradar\/","name":"Correio Braziliense - Radar","description":"Acompanhe as \u00faltimas not\u00edcias e fique bem informado sobre tudo o que acontece no Brasil e no mundo.","potentialAction":[{"@type":"SearchAction","target":{"@type":"EntryPoint","urlTemplate":"https:\/\/www.correiobraziliense.com.br\/cbradar\/?s={search_term_string}"},"query-input":{"@type":"PropertyValueSpecification","valueRequired":true,"valueName":"search_term_string"}}],"inLanguage":"pt-BR"},{"@type":"Person","@id":"https:\/\/www.correiobraziliense.com.br\/cbradar\/#\/schema\/person\/4053c651a9bfc785afc6f4cbc9032fd3","name":"Maura Pereira","image":{"@type":"ImageObject","inLanguage":"pt-BR","@id":"https:\/\/www.correiobraziliense.com.br\/cbradar\/#\/schema\/person\/image\/","url":"https:\/\/secure.gravatar.com\/avatar\/3effd6bdadfa447f15089c7f7144eaa6?s=96&d=mm&r=g","contentUrl":"https:\/\/secure.gravatar.com\/avatar\/3effd6bdadfa447f15089c7f7144eaa6?s=96&d=mm&r=g","caption":"Maura Pereira"},"sameAs":["https:\/\/www.correiobraziliense.com.br\/"],"url":"https:\/\/www.correiobraziliense.com.br\/cbradar\/author\/mauramyth\/"}]}},"_links":{"self":[{"href":"https:\/\/www.correiobraziliense.com.br\/cbradar\/wp-json\/wp\/v2\/posts\/231153","targetHints":{"allow":["GET"]}}],"collection":[{"href":"https:\/\/www.correiobraziliense.com.br\/cbradar\/wp-json\/wp\/v2\/posts"}],"about":[{"href":"https:\/\/www.correiobraziliense.com.br\/cbradar\/wp-json\/wp\/v2\/types\/post"}],"author":[{"embeddable":true,"href":"https:\/\/www.correiobraziliense.com.br\/cbradar\/wp-json\/wp\/v2\/users\/8"}],"replies":[{"embeddable":true,"href":"https:\/\/www.correiobraziliense.com.br\/cbradar\/wp-json\/wp\/v2\/comments?post=231153"}],"version-history":[{"count":13,"href":"https:\/\/www.correiobraziliense.com.br\/cbradar\/wp-json\/wp\/v2\/posts\/231153\/revisions"}],"predecessor-version":[{"id":231602,"href":"https:\/\/www.correiobraziliense.com.br\/cbradar\/wp-json\/wp\/v2\/posts\/231153\/revisions\/231602"}],"wp:featuredmedia":[{"embeddable":true,"href":"https:\/\/www.correiobraziliense.com.br\/cbradar\/wp-json\/wp\/v2\/media\/231618"}],"wp:attachment":[{"href":"https:\/\/www.correiobraziliense.com.br\/cbradar\/wp-json\/wp\/v2\/media?parent=231153"}],"wp:term":[{"taxonomy":"category","embeddable":true,"href":"https:\/\/www.correiobraziliense.com.br\/cbradar\/wp-json\/wp\/v2\/categories?post=231153"},{"taxonomy":"post_tag","embeddable":true,"href":"https:\/\/www.correiobraziliense.com.br\/cbradar\/wp-json\/wp\/v2\/post_tag?post=231153"}],"curies":[{"name":"wp","href":"https:\/\/api.w.org\/{rel}","templated":true}]}}