{"id":231163,"date":"2026-04-26T16:25:00","date_gmt":"2026-04-26T19:25:00","guid":{"rendered":"https:\/\/www.correiobraziliense.com.br\/cbradar\/?p=231163"},"modified":"2026-04-25T15:01:46","modified_gmt":"2026-04-25T18:01:46","slug":"conhecidos-por-falar-sem-filtro-4-signos-que-dizem-tudo-o-que-pensam","status":"publish","type":"post","link":"https:\/\/www.correiobraziliense.com.br\/cbradar\/conhecidos-por-falar-sem-filtro-4-signos-que-dizem-tudo-o-que-pensam\/","title":{"rendered":"Conhecidos por falar sem filtro: 4 signos que dizem tudo o que pensam"},"content":{"rendered":"\n<p>A transpar\u00eancia radical \u00e9 uma caracter\u00edstica que divide opini\u00f5es, mas para certos indiv\u00edduos, esconder a verdade \u00e9 uma tarefa praticamente imposs\u00edvel. Entender quais s\u00e3o os signos que dizem tudo o que pensam ajuda a compreender a din\u00e2mica de quem prioriza a honestidade brutal sobre a diplomacia social no cotidiano.<\/p>\n\n\n\n<h2 class=\"wp-block-heading\">Sagit\u00e1rio e a flecha da verdade absoluta<\/h2>\n\n\n\n<p>O <strong>signo de Sagit\u00e1rio<\/strong> \u00e9 o campe\u00e3o indiscut\u00edvel da franqueza, agindo sob a reg\u00eancia de <strong>J\u00fapiter<\/strong>, que expande sua necessidade de liberdade e express\u00e3o. Para o sagitariano, a verdade \u00e9 um valor inegoci\u00e1vel, o que o leva a disparar opini\u00f5es sinceras sem medir o impacto emocional que suas palavras podem causar nos outros ao redor.<\/p>\n\n\n\n<p>Essa falta de <strong>filtro social<\/strong> n\u00e3o nasce da maldade, mas de uma busca incessante pela autenticidade e pelo direito de ser quem se \u00e9 em qualquer ambiente. Em cidades como <strong>S\u00e3o Paulo<\/strong>, onde as rela\u00e7\u00f5es s\u00e3o din\u00e2micas, o <strong>Sagit\u00e1rio<\/strong> destaca-se por ser aquele amigo que dir\u00e1 exatamente o que voc\u00ea precisa ouvir, mesmo que isso doa inicialmente.<\/p>\n\n\n<div class=\"wp-block-image\">\n<figure class=\"aligncenter size-full\"><img decoding=\"async\" width=\"1280\" height=\"720\" src=\"https:\/\/www.correiobraziliense.com.br\/cbradar\/wp-content\/uploads\/2026\/04\/pessoa-sincera.jpg\" alt=\"\" class=\"wp-image-231172\" srcset=\"https:\/\/www.correiobraziliense.com.br\/cbradar\/wp-content\/uploads\/2026\/04\/pessoa-sincera.jpg 1280w, https:\/\/www.correiobraziliense.com.br\/cbradar\/wp-content\/uploads\/2026\/04\/pessoa-sincera-300x169.jpg 300w, https:\/\/www.correiobraziliense.com.br\/cbradar\/wp-content\/uploads\/2026\/04\/pessoa-sincera-768x432.jpg 768w, https:\/\/www.correiobraziliense.com.br\/cbradar\/wp-content\/uploads\/2026\/04\/pessoa-sincera-750x422.jpg 750w, https:\/\/www.correiobraziliense.com.br\/cbradar\/wp-content\/uploads\/2026\/04\/pessoa-sincera-1140x641.jpg 1140w\" sizes=\"(max-width: 1280px) 100vw, 1280px\" \/><figcaption class=\"wp-element-caption\">Essa falta de filtro social n\u00e3o nasce da maldade, mas de uma busca incessante pela autenticidade e pelo direito de ser quem se \u00e9 em qualquer ambiente<\/figcaption><\/figure><\/div>\n\n\n<p>Leia tamb\u00e9m: <a href=\"https:\/\/www.correiobraziliense.com.br\/cbradar\/3-signos-que-nao-gostam-de-dividir-atencao-e-acabam-sendo-os-mais-ciumentos\/\" target=\"_blank\" rel=\"noreferrer noopener\">3 signos que n\u00e3o gostam de dividir aten\u00e7\u00e3o e acabam sendo os mais ciumentos<\/a><\/p>\n\n\n\n<h2 class=\"wp-block-heading\">\u00c1ries e a impulsividade verbal que ignora consequ\u00eancias<\/h2>\n\n\n\n<p>O <strong>signo de \u00c1ries<\/strong> possui um temperamento regido por <strong>Marte<\/strong>, o que confere uma velocidade de pensamento que muitas vezes ultrapassa a capacidade de autocontrole. A <strong>comunica\u00e7\u00e3o impulsiva<\/strong> ariana faz com que ele reaja imediatamente a qualquer est\u00edmulo, externalizando pensamentos e cr\u00edticas no exato momento em que eles surgem em sua mente agitada.<\/p>\n\n\n\n<p>Para esses nativos, &#8220;engolir sapos&#8221; \u00e9 uma atividade desconhecida, preferindo o confronto direto \u00e0 hipocrisia de manter as apar\u00eancias em situa\u00e7\u00f5es desconfort\u00e1veis. Essa <strong>transpar\u00eancia agressiva<\/strong> garante que todos saibam exatamente qual \u00e9 o posicionamento de um ariano, eliminando qualquer margem para fofocas ou mal-entendidos prolongados no ambiente de trabalho ou familiar.<\/p>\n\n\n\n<h2 class=\"wp-block-heading\">Aqu\u00e1rio e o desapego das conven\u00e7\u00f5es sociais<\/h2>\n\n\n\n<p>O <strong>signo de Aqu\u00e1rio<\/strong> pensa de forma l\u00f3gica e inovadora, muitas vezes ignorando as normas de etiqueta que impedem as pessoas de dizerem o que realmente sentem. Sua <strong>sinceridade racional<\/strong> \u00e9 pautada na cren\u00e7a de que a evolu\u00e7\u00e3o s\u00f3 acontece atrav\u00e9s da exposi\u00e7\u00e3o clara dos fatos, mesmo que eles sejam impopulares ou bizarros para a maioria da sociedade.<\/p>\n\n\n<div class=\"wp-block-image\">\n<figure class=\"aligncenter size-full\"><img decoding=\"async\" width=\"1280\" height=\"720\" src=\"https:\/\/www.correiobraziliense.com.br\/cbradar\/wp-content\/uploads\/2026\/04\/pessoa-conversando-1.jpg\" alt=\"\" class=\"wp-image-231155\" srcset=\"https:\/\/www.correiobraziliense.com.br\/cbradar\/wp-content\/uploads\/2026\/04\/pessoa-conversando-1.jpg 1280w, https:\/\/www.correiobraziliense.com.br\/cbradar\/wp-content\/uploads\/2026\/04\/pessoa-conversando-1-300x169.jpg 300w, https:\/\/www.correiobraziliense.com.br\/cbradar\/wp-content\/uploads\/2026\/04\/pessoa-conversando-1-768x432.jpg 768w, https:\/\/www.correiobraziliense.com.br\/cbradar\/wp-content\/uploads\/2026\/04\/pessoa-conversando-1-750x422.jpg 750w, https:\/\/www.correiobraziliense.com.br\/cbradar\/wp-content\/uploads\/2026\/04\/pessoa-conversando-1-1140x641.jpg 1140w\" sizes=\"(max-width: 1280px) 100vw, 1280px\" \/><figcaption class=\"wp-element-caption\">Entender que estes signos t\u00eam as respostas mais r\u00e1pidas serve de inspira\u00e7\u00e3o para todos os que desejam melhorar a sua pr\u00f3pria eloqu\u00eancia <\/figcaption><\/figure><\/div>\n\n\n<p>O aquariano n\u00e3o tem medo de ser o &#8220;advogado do diabo&#8221; em uma discuss\u00e3o, utilizando sua <strong>vis\u00e3o disruptiva<\/strong> para apontar falhas que ningu\u00e9m mais tem coragem de mencionar. Se algo parece il\u00f3gico ou ultrapassado para um <strong>Aqu\u00e1rio<\/strong>, ele dir\u00e1 sem hesitar, agindo como um catalisador de mudan\u00e7as necess\u00e1rias atrav\u00e9s de sua fala direta e desprovida de rodeios emocionais.<\/p>\n\n\n\n<h2 class=\"wp-block-heading\">G\u00eameos e o fluxo cont\u00ednuo de informa\u00e7\u00f5es compartilhadas<\/h2>\n\n\n\n<p>O <strong>signo de G\u00eameos<\/strong> \u00e9 regido por <strong>Merc\u00fario<\/strong>, o planeta da fala, o que gera uma necessidade quase f\u00edsica de verbalizar tudo o que capta do ambiente externo. Sua natureza comunicativa faz com que ele compartilhe opini\u00f5es, segredos e observa\u00e7\u00f5es em tempo real, muitas vezes sem perceber que est\u00e1 revelando mais do que o socialmente recomendado em certas ocasi\u00f5es.<\/p>\n\n\n\n<link href=\"https:\/\/fonts.googleapis.com\/css2?family=Inter:wght@400;600;700;800&#038;display=swap\" rel=\"stylesheet\">\n<style>\n\/* Prote\u00e7\u00e3o contra inje\u00e7\u00e3o do \"Veja Tamb\u00e9m\" (JNews inline related posts) *\/\n.rdp-pontos-wrapper .jnews_inline_related_post_wrapper,\n.rdp-pontos-wrapper .jnews_inline_related_post,\n.rdp-pontos-wrapper .jeg_postblock,\n.rdp-pontos-wrapper [class*=\"jnews_inline\"],\n.rdp-pontos-wrapper [class*=\"jeg_postblock\"],\n.rdp-pontos-wrapper [class*=\"jeg_block\"] {\n  display: none !important;\n  height: 0 !important;\n  max-height: 0 !important;\n  overflow: hidden !important;\n  visibility: hidden !important;\n  margin: 0 !important;\n  padding: 0 !important;\n  border: none !important;\n  font-size: 0 !important;\n  line-height: 0 !important;\n}\n.rdp-pontos-wrapper {\n  max-width: 100%;\n  margin: 32px 0;\n  background: #FFFDF0; \/* Amarelo clar\u00edssimo para energia mental *\/\n  border: 1px solid #F3E5AB;\n  border-radius: 12px;\n  padding: 28px 28px 20px;\n  font-family: 'Inter', sans-serif;\n  box-shadow: 0 4px 20px rgba(255,193,7,0.1);\n  overflow: hidden;\n  contain: layout style;\n  isolation: isolate;\n  position: relative;\n  z-index: 1;\n}\n.rdp-pontos-wrapper > *:not(.rdp-pontos-title):not(.rdp-pontos-grid) {\n  display: none !important;\n  height: 0 !important;\n  overflow: hidden !important;\n  margin: 0 !important;\n  padding: 0 !important;\n  border: none !important;\n}\n.rdp-pontos-title {\n  font-family: 'Inter', sans-serif;\n  font-size: 20px;\n  font-weight: 800;\n  color: #856404;\n  margin: 0 0 20px 0;\n  line-height: 1.3;\n  text-align: center;\n}\n.rdp-pontos-grid {\n  display: grid;\n  grid-template-columns: repeat(3, 1fr);\n  gap: 18px;\n}\n.rdp-pontos-item {\n  background: #FFFFFF;\n  border: 1px solid #F3E5AB;\n  border-top: 3px solid #FFC107; \/* Amarelo Geminiano *\/\n  border-radius: 10px;\n  padding: 22px 20px;\n  box-shadow: 0 2px 10px rgba(0,0,0,0.02);\n  transition: box-shadow 0.3s ease, border-color 0.3s ease;\n  text-align: center;\n}\n.rdp-pontos-item:hover {\n  box-shadow: 0 4px 20px rgba(255,193,7,0.2);\n  border-color: #FFC107;\n}\n.rdp-pontos-emoji {\n  font-size: 32px;\n  line-height: 1;\n  margin-bottom: 12px;\n  display: block;\n  text-align: center;\n}\n.rdp-pontos-item-title {\n  font-size: 15px;\n  font-weight: 700;\n  color: #1A1A1A;\n  margin-bottom: 8px;\n  line-height: 1.3;\n}\n.rdp-pontos-item-desc {\n  font-size: 14px;\n  color: #4A4A4A;\n  line-height: 1.6;\n  margin: 0;\n}\n@media (max-width: 768px) {\n  .rdp-pontos-wrapper {\n    padding: 20px 16px 14px;\n  }\n  .rdp-pontos-grid {\n    grid-template-columns: 1fr;\n    gap: 14px;\n  }\n  .rdp-pontos-title {\n    font-size: 18px;\n  }\n}\n<\/style>\n\n<div class=\"rdp-pontos-wrapper\">\n  <div class=\"rdp-pontos-title\">Retrato Falado: A Din\u00e2mica Social de G\u00eameos<\/div>\n  <div class=\"rdp-pontos-grid\">\n    <div class=\"rdp-pontos-item\">\n      <span class=\"rdp-pontos-emoji\">\ud83d\udde3\ufe0f<\/span>\n      <div class=\"rdp-pontos-item-title\">Oversharing Natural<\/div>\n      <p class=\"rdp-pontos-item-desc\">Detalhes da vida pr\u00f3pria ou alheia surgem espontaneamente por pura empolga\u00e7\u00e3o narrativa.<\/p>\n    <\/div>\n    <div class=\"rdp-pontos-item\">\n      <span class=\"rdp-pontos-emoji\">\u26a1<\/span>\n      <div class=\"rdp-pontos-item-title\">Agilidade Mental<\/div>\n      <p class=\"rdp-pontos-item-desc\">Capacidade de formular cr\u00edticas e observa\u00e7\u00f5es perspicazes em fra\u00e7\u00f5es de segundos.<\/p>\n    <\/div>\n    <div class=\"rdp-pontos-item\">\n      <span class=\"rdp-pontos-emoji\">\ud83c\udfad<\/span>\n      <div class=\"rdp-pontos-item-title\">Adaptabilidade Verbal<\/div>\n      <p class=\"rdp-pontos-item-desc\">Verdades duras s\u00e3o ditas com humor ou sarcasmo para suavizar o impacto da mensagem.<\/p>\n    <\/div>\n    <div class=\"rdp-pontos-item\">\n      <span class=\"rdp-pontos-emoji\">\ud83e\uddd0<\/span>\n      <div class=\"rdp-pontos-item-title\">Curiosidade Insaci\u00e1vel<\/div>\n      <p class=\"rdp-pontos-item-desc\">O h\u00e1bito de questionar tudo acaba expondo contradi\u00e7\u00f5es alheias de forma p\u00fablica.<\/p>\n    <\/div>\n    <div class=\"rdp-pontos-item\">\n      <span class=\"rdp-pontos-emoji\">\ud83d\udd04<\/span>\n      <div class=\"rdp-pontos-item-title\">Fluxo de Informa\u00e7\u00e3o<\/div>\n      <p class=\"rdp-pontos-item-desc\">Dificuldade com segredos, pois a informa\u00e7\u00e3o s\u00f3 tem valor se circular e for discutida.<\/p>\n    <\/div>\n  <\/div>\n<\/div>\n<div style=\"clear:both;height:0;overflow:hidden;\"><\/div>\n\n\n\n<p>Um <strong>ponto de aten\u00e7\u00e3o<\/strong> importante para quem convive com esses signos \u00e9 n\u00e3o levar a franqueza para o lado pessoal, entendendo que \u00e9 um tra\u00e7o de personalidade intr\u00ednseco. Aprender a filtrar o que \u00e9 \u00fatil da &#8220;verdade nua e crua&#8221; pode transformar uma conversa tensa em uma oportunidade valiosa de crescimento individual e amadurecimento dos la\u00e7os afetivos.<\/p>\n\n\n\n<h2 class=\"wp-block-heading\">A autenticidade como ferramenta de evolu\u00e7\u00e3o nas rela\u00e7\u00f5es<\/h2>\n\n\n\n<p>Embora ser algu\u00e9m que diz <strong>tudo o que pensa<\/strong> possa gerar conflitos, essa caracter\u00edstica tamb\u00e9m \u00e9 respons\u00e1vel por construir relacionamentos baseados na confian\u00e7a total e na falta de jogos mentais. A clareza comunicativa desses quatro signos elimina a necessidade de adivinha\u00e7\u00f5es, permitindo que os problemas sejam resolvidos de frente, com a coragem que a honestidade exige.<\/p>\n\n\n\n<p>Valorizar a fala sem filtro \u00e9 entender que, por tr\u00e1s de uma resposta seca, muitas vezes existe um desejo genu\u00edno de transpar\u00eancia e evolu\u00e7\u00e3o coletiva. Continue observando como o Zod\u00edaco molda a nossa forma de expressar a verdade e descubra como equilibrar a sua pr\u00f3pria <strong>express\u00e3o verbal<\/strong> para viver de forma mais leve, aut\u00eantica e conectada com a sua ess\u00eancia real.<\/p>\n","protected":false},"excerpt":{"rendered":"<p>A transpar\u00eancia radical \u00e9 uma caracter\u00edstica que divide opini\u00f5es, mas para certos indiv\u00edduos, esconder a verdade \u00e9 uma tarefa praticamente imposs\u00edvel. Entender quais s\u00e3o os signos que dizem tudo o que pensam ajuda a compreender a din\u00e2mica de quem prioriza a honestidade brutal sobre a diplomacia social no cotidiano. Sagit\u00e1rio e a flecha da verdade [&hellip;]<\/p>\n","protected":false},"author":9,"featured_media":232018,"comment_status":"open","ping_status":"open","sticky":false,"template":"","format":"standard","meta":{"_yoast_wpseo_focuskw":"signos que dizem tudo o que pensam","_yoast_wpseo_title":"","_yoast_wpseo_metadesc":"Veja quais signos se destacam pela sinceridade extrema e pelo h\u00e1bito de dizer tudo o que pensam sem filtro.","jnews-multi-image_gallery":[],"jnews_single_post":{"format":"standard"},"jnews_primary_category":[],"jnews_social_meta":[],"jnews_override_counter":[],"footnotes":""},"categories":[112],"post_tag":[],"class_list":["post-231163","post","type-post","status-publish","format-standard","has-post-thumbnail","hentry","category-curiosidades"],"yoast_head":"<!-- This site is optimized with the Yoast SEO plugin v24.6 - https:\/\/yoast.com\/wordpress\/plugins\/seo\/ -->\n<title>Conhecidos por falar sem filtro: 4 signos que dizem tudo o que pensam - Correio Braziliense - Radar<\/title>\n<meta name=\"description\" content=\"Veja quais signos se destacam pela sinceridade extrema e pelo h\u00e1bito de dizer tudo o que pensam sem filtro.\" \/>\n<meta name=\"robots\" content=\"index, follow, max-snippet:-1, max-image-preview:large, max-video-preview:-1\" \/>\n<link rel=\"canonical\" href=\"https:\/\/www.correiobraziliense.com.br\/cbradar\/conhecidos-por-falar-sem-filtro-4-signos-que-dizem-tudo-o-que-pensam\/\" \/>\n<meta property=\"og:locale\" content=\"pt_BR\" \/>\n<meta property=\"og:type\" content=\"article\" \/>\n<meta property=\"og:title\" content=\"Conhecidos por falar sem filtro: 4 signos que dizem tudo o que pensam - Correio Braziliense - Radar\" \/>\n<meta property=\"og:description\" content=\"Veja quais signos se destacam pela sinceridade extrema e pelo h\u00e1bito de dizer tudo o que pensam sem filtro.\" \/>\n<meta property=\"og:url\" content=\"https:\/\/www.correiobraziliense.com.br\/cbradar\/conhecidos-por-falar-sem-filtro-4-signos-que-dizem-tudo-o-que-pensam\/\" \/>\n<meta property=\"og:site_name\" content=\"Correio Braziliense - Radar\" \/>\n<meta property=\"article:published_time\" content=\"2026-04-26T19:25:00+00:00\" \/>\n<meta property=\"og:image\" content=\"https:\/\/www.correiobraziliense.com.br\/cbradar\/wp-content\/uploads\/2026\/04\/freepik_smartphone-com-aplicativo_2864509642.jpeg\" \/>\n\t<meta property=\"og:image:width\" content=\"1376\" \/>\n\t<meta property=\"og:image:height\" content=\"768\" \/>\n\t<meta property=\"og:image:type\" content=\"image\/jpeg\" \/>\n<meta name=\"author\" content=\"Daniely Cardoso\" \/>\n<meta name=\"twitter:card\" content=\"summary_large_image\" \/>\n<meta name=\"twitter:label1\" content=\"Escrito por\" \/>\n\t<meta name=\"twitter:data1\" content=\"Daniely Cardoso\" \/>\n\t<meta name=\"twitter:label2\" content=\"Est. tempo de leitura\" \/>\n\t<meta name=\"twitter:data2\" content=\"6 minutos\" \/>\n<!-- \/ Yoast SEO plugin. -->","yoast_head_json":{"title":"Conhecidos por falar sem filtro: 4 signos que dizem tudo o que pensam - Correio Braziliense - Radar","description":"Veja quais signos se destacam pela sinceridade extrema e pelo h\u00e1bito de dizer tudo o que pensam sem filtro.","robots":{"index":"index","follow":"follow","max-snippet":"max-snippet:-1","max-image-preview":"max-image-preview:large","max-video-preview":"max-video-preview:-1"},"canonical":"https:\/\/www.correiobraziliense.com.br\/cbradar\/conhecidos-por-falar-sem-filtro-4-signos-que-dizem-tudo-o-que-pensam\/","og_locale":"pt_BR","og_type":"article","og_title":"Conhecidos por falar sem filtro: 4 signos que dizem tudo o que pensam - Correio Braziliense - Radar","og_description":"Veja quais signos se destacam pela sinceridade extrema e pelo h\u00e1bito de dizer tudo o que pensam sem filtro.","og_url":"https:\/\/www.correiobraziliense.com.br\/cbradar\/conhecidos-por-falar-sem-filtro-4-signos-que-dizem-tudo-o-que-pensam\/","og_site_name":"Correio Braziliense - Radar","article_published_time":"2026-04-26T19:25:00+00:00","og_image":[{"width":1376,"height":768,"url":"https:\/\/www.correiobraziliense.com.br\/cbradar\/wp-content\/uploads\/2026\/04\/freepik_smartphone-com-aplicativo_2864509642.jpeg","type":"image\/jpeg"}],"author":"Daniely Cardoso","twitter_card":"summary_large_image","twitter_misc":{"Escrito por":"Daniely Cardoso","Est. tempo de leitura":"6 minutos"},"schema":{"@context":"https:\/\/schema.org","@graph":[{"@type":"WebPage","@id":"https:\/\/www.correiobraziliense.com.br\/cbradar\/conhecidos-por-falar-sem-filtro-4-signos-que-dizem-tudo-o-que-pensam\/","url":"https:\/\/www.correiobraziliense.com.br\/cbradar\/conhecidos-por-falar-sem-filtro-4-signos-que-dizem-tudo-o-que-pensam\/","name":"Conhecidos por falar sem filtro: 4 signos que dizem tudo o que pensam - Correio Braziliense - Radar","isPartOf":{"@id":"https:\/\/www.correiobraziliense.com.br\/cbradar\/#website"},"primaryImageOfPage":{"@id":"https:\/\/www.correiobraziliense.com.br\/cbradar\/conhecidos-por-falar-sem-filtro-4-signos-que-dizem-tudo-o-que-pensam\/#primaryimage"},"image":{"@id":"https:\/\/www.correiobraziliense.com.br\/cbradar\/conhecidos-por-falar-sem-filtro-4-signos-que-dizem-tudo-o-que-pensam\/#primaryimage"},"thumbnailUrl":"https:\/\/www.correiobraziliense.com.br\/cbradar\/wp-content\/uploads\/2026\/04\/freepik_smartphone-com-aplicativo_2864509642.jpeg","datePublished":"2026-04-26T19:25:00+00:00","author":{"@id":"https:\/\/www.correiobraziliense.com.br\/cbradar\/#\/schema\/person\/7356666e12ec0ee53f348ee5db227032"},"description":"Veja quais signos se destacam pela sinceridade extrema e pelo h\u00e1bito de dizer tudo o que pensam sem filtro.","breadcrumb":{"@id":"https:\/\/www.correiobraziliense.com.br\/cbradar\/conhecidos-por-falar-sem-filtro-4-signos-que-dizem-tudo-o-que-pensam\/#breadcrumb"},"inLanguage":"pt-BR","potentialAction":[{"@type":"ReadAction","target":["https:\/\/www.correiobraziliense.com.br\/cbradar\/conhecidos-por-falar-sem-filtro-4-signos-que-dizem-tudo-o-que-pensam\/"]}]},{"@type":"ImageObject","inLanguage":"pt-BR","@id":"https:\/\/www.correiobraziliense.com.br\/cbradar\/conhecidos-por-falar-sem-filtro-4-signos-que-dizem-tudo-o-que-pensam\/#primaryimage","url":"https:\/\/www.correiobraziliense.com.br\/cbradar\/wp-content\/uploads\/2026\/04\/freepik_smartphone-com-aplicativo_2864509642.jpeg","contentUrl":"https:\/\/www.correiobraziliense.com.br\/cbradar\/wp-content\/uploads\/2026\/04\/freepik_smartphone-com-aplicativo_2864509642.jpeg","width":1376,"height":768,"caption":"Essa falta de filtro social n\u00e3o nasce da maldade, mas de uma busca incessante pela autenticidade"},{"@type":"BreadcrumbList","@id":"https:\/\/www.correiobraziliense.com.br\/cbradar\/conhecidos-por-falar-sem-filtro-4-signos-que-dizem-tudo-o-que-pensam\/#breadcrumb","itemListElement":[{"@type":"ListItem","position":1,"name":"In\u00edcio","item":"https:\/\/www.correiobraziliense.com.br\/cbradar\/"},{"@type":"ListItem","position":2,"name":"Conhecidos por falar sem filtro: 4 signos que dizem tudo o que pensam"}]},{"@type":"WebSite","@id":"https:\/\/www.correiobraziliense.com.br\/cbradar\/#website","url":"https:\/\/www.correiobraziliense.com.br\/cbradar\/","name":"Correio Braziliense - Radar","description":"Acompanhe as \u00faltimas not\u00edcias e fique bem informado sobre tudo o que acontece no Brasil e no mundo.","potentialAction":[{"@type":"SearchAction","target":{"@type":"EntryPoint","urlTemplate":"https:\/\/www.correiobraziliense.com.br\/cbradar\/?s={search_term_string}"},"query-input":{"@type":"PropertyValueSpecification","valueRequired":true,"valueName":"search_term_string"}}],"inLanguage":"pt-BR"},{"@type":"Person","@id":"https:\/\/www.correiobraziliense.com.br\/cbradar\/#\/schema\/person\/7356666e12ec0ee53f348ee5db227032","name":"Daniely Cardoso","image":{"@type":"ImageObject","inLanguage":"pt-BR","@id":"https:\/\/www.correiobraziliense.com.br\/cbradar\/#\/schema\/person\/image\/","url":"https:\/\/secure.gravatar.com\/avatar\/4b80ddbd124d1f071b626d52d62e5dff?s=96&d=mm&r=g","contentUrl":"https:\/\/secure.gravatar.com\/avatar\/4b80ddbd124d1f071b626d52d62e5dff?s=96&d=mm&r=g","caption":"Daniely Cardoso"},"description":"Redatora nos portais CB Radar e EM Foco, formada pela Universidade Federal de Goi\u00e1s, em Goi\u00e2nia. Apaixonada por comunica\u00e7\u00e3o, arte, decora\u00e7\u00e3o e tend\u00eancias, atuo na produ\u00e7\u00e3o de conte\u00fados envolventes sobre curiosidades, moda, beleza e paisagismo, sempre com um olhar atento \u00e0s novidades do momento.","sameAs":["https:\/\/www.correiobraziliense.com.br\/cbradar"],"url":"https:\/\/www.correiobraziliense.com.br\/cbradar\/author\/danielymyth\/"}]}},"_links":{"self":[{"href":"https:\/\/www.correiobraziliense.com.br\/cbradar\/wp-json\/wp\/v2\/posts\/231163","targetHints":{"allow":["GET"]}}],"collection":[{"href":"https:\/\/www.correiobraziliense.com.br\/cbradar\/wp-json\/wp\/v2\/posts"}],"about":[{"href":"https:\/\/www.correiobraziliense.com.br\/cbradar\/wp-json\/wp\/v2\/types\/post"}],"author":[{"embeddable":true,"href":"https:\/\/www.correiobraziliense.com.br\/cbradar\/wp-json\/wp\/v2\/users\/9"}],"replies":[{"embeddable":true,"href":"https:\/\/www.correiobraziliense.com.br\/cbradar\/wp-json\/wp\/v2\/comments?post=231163"}],"version-history":[{"count":2,"href":"https:\/\/www.correiobraziliense.com.br\/cbradar\/wp-json\/wp\/v2\/posts\/231163\/revisions"}],"predecessor-version":[{"id":231174,"href":"https:\/\/www.correiobraziliense.com.br\/cbradar\/wp-json\/wp\/v2\/posts\/231163\/revisions\/231174"}],"wp:featuredmedia":[{"embeddable":true,"href":"https:\/\/www.correiobraziliense.com.br\/cbradar\/wp-json\/wp\/v2\/media\/232018"}],"wp:attachment":[{"href":"https:\/\/www.correiobraziliense.com.br\/cbradar\/wp-json\/wp\/v2\/media?parent=231163"}],"wp:term":[{"taxonomy":"category","embeddable":true,"href":"https:\/\/www.correiobraziliense.com.br\/cbradar\/wp-json\/wp\/v2\/categories?post=231163"},{"taxonomy":"post_tag","embeddable":true,"href":"https:\/\/www.correiobraziliense.com.br\/cbradar\/wp-json\/wp\/v2\/post_tag?post=231163"}],"curies":[{"name":"wp","href":"https:\/\/api.w.org\/{rel}","templated":true}]}}