{"id":231170,"date":"2026-04-25T23:05:00","date_gmt":"2026-04-26T02:05:00","guid":{"rendered":"https:\/\/www.correiobraziliense.com.br\/cbradar\/?p=231170"},"modified":"2026-04-25T02:44:42","modified_gmt":"2026-04-25T05:44:42","slug":"a-vila-agricola-que-virou-polo-de-tecnologia-com-365-empresas-de-inovacao-em-uma-cidade-do-sudoeste-do-parana","status":"publish","type":"post","link":"https:\/\/www.correiobraziliense.com.br\/cbradar\/a-vila-agricola-que-virou-polo-de-tecnologia-com-365-empresas-de-inovacao-em-uma-cidade-do-sudoeste-do-parana\/","title":{"rendered":"A vila agr\u00edcola que virou polo de tecnologia com 365 empresas de inova\u00e7\u00e3o em uma cidade do sudoeste do Paran\u00e1"},"content":{"rendered":"\n<p>A 760 metros de altitude no sudoeste do <strong>Paran\u00e1<\/strong>, <strong>Pato Branco<\/strong> passou de entreposto agr\u00edcola a refer\u00eancia em desenvolvimento cient\u00edfico. A cidade re\u00fane hoje um ecossistema de inova\u00e7\u00e3o que combina universidade federal, parque tecnol\u00f3gico e ruas elogiadas pela limpeza.<\/p>\n\n\n\n<h2 class=\"wp-block-heading\">O pato que batizou uma cidade no interior paranaense<\/h2>\n\n\n\n<p>O nome surgiu de um encontro no s\u00e9culo XIX. Um desbravador abateu um pato selvagem de plumagem branca \u00e0s margens de um afluente do Rio Chopin, e a expedi\u00e7\u00e3o passou a chamar o local de Pato Branco. O povoado foi emancipado como munic\u00edpio em 1952.<\/p>\n\n\n\n<p>A virada aconteceu em 1993, com a chegada da <a href=\"https:\/\/www.utfpr.edu.br\/patobranco\" target=\"_blank\" rel=\"noreferrer noopener\"><strong>Universidade Tecnol\u00f3gica Federal do Paran\u00e1 (UTFPR)<\/strong><\/a>. O campus se consolidou como o segundo maior da institui\u00e7\u00e3o no estado, atr\u00e1s apenas do de <strong>Curitiba<\/strong>, e alimentou o ecossistema que transformaria a economia local.<\/p>\n\n\n<div class=\"wp-block-image\">\n<figure class=\"aligncenter size-large\"><img decoding=\"async\" width=\"1024\" height=\"576\" src=\"https:\/\/www.correiobraziliense.com.br\/cbradar\/wp-content\/uploads\/2025\/12\/G-2025-12-05T221934.309-1024x576.png\" alt=\"Essa cidade une inova\u00e7\u00e3o tecnol\u00f3gica e qualidade de vida no sudoeste paranaense oferecendo tudo o que \u00e9 necess\u00e1rio para viver bem\" class=\"wp-image-150858\" srcset=\"https:\/\/www.correiobraziliense.com.br\/cbradar\/wp-content\/uploads\/2025\/12\/G-2025-12-05T221934.309-1024x576.png 1024w, https:\/\/www.correiobraziliense.com.br\/cbradar\/wp-content\/uploads\/2025\/12\/G-2025-12-05T221934.309-300x169.png 300w, https:\/\/www.correiobraziliense.com.br\/cbradar\/wp-content\/uploads\/2025\/12\/G-2025-12-05T221934.309-768x432.png 768w, https:\/\/www.correiobraziliense.com.br\/cbradar\/wp-content\/uploads\/2025\/12\/G-2025-12-05T221934.309-750x422.png 750w, https:\/\/www.correiobraziliense.com.br\/cbradar\/wp-content\/uploads\/2025\/12\/G-2025-12-05T221934.309-1140x641.png 1140w, https:\/\/www.correiobraziliense.com.br\/cbradar\/wp-content\/uploads\/2025\/12\/G-2025-12-05T221934.309.png 1280w\" sizes=\"(max-width: 1024px) 100vw, 1024px\" \/><figcaption class=\"wp-element-caption\">Pato Branco inspira com mata nativa exuberante, pores do sol no parque e luzes natalinas m\u00e1gicas que renovam a alma em ref\u00fagio inovador e acolhedor do interior. \/\/ Cr\u00e9ditos: Wikip\u00e9dia<\/figcaption><\/figure><\/div>\n\n\n<h2 class=\"wp-block-heading\">Como \u00e9 o cotidiano de quem mora em Pato Branco?<\/h2>\n\n\n\n<p>O ritmo \u00e9 de cidade m\u00e9dia organizada, com servi\u00e7os concentrados e tr\u00e2nsito fluido. A popula\u00e7\u00e3o gira em torno de 90 mil habitantes, segundo estimativas do <strong>Instituto Brasileiro de Geografia e Estat\u00edstica (IBGE)<\/strong>, distribu\u00edda em 539 km\u00b2 de \u00e1rea.<\/p>\n\n\n\n<p>A rede de sa\u00fade atende mais de 15 munic\u00edpios vizinhos, e a taxa de escolariza\u00e7\u00e3o entre crian\u00e7as e jovens passa de 98%. Os moradores costumam citar a limpeza das ruas e a seguran\u00e7a como diferenciais que explicam a presen\u00e7a recorrente da cidade em rankings nacionais de qualidade de vida.<\/p>\n\n\n\n<p><strong>Pato Branco, no sudoeste do Paran\u00e1, \u00e9 reconhecida como um polo de inova\u00e7\u00e3o e tecnologia<\/strong>, mantendo altos \u00edndices de qualidade de vida. O v\u00eddeo \u00e9 do canal <strong>Cidades do Interior<\/strong>, que apresenta os principais pontos econ\u00f4micos, educacionais e de lazer da cidade:<\/p>\n\n\n\n<figure class=\"wp-block-embed aligncenter is-type-video is-provider-youtube wp-block-embed-youtube wp-embed-aspect-16-9 wp-has-aspect-ratio\"><div class=\"wp-block-embed__wrapper\">\n<div class=\"jeg_video_container jeg_video_content\"><iframe loading=\"lazy\" title=\"PATO BRANCO - PR | Uma das MELHORES CIDADES do INTERIOR do PARAN\u00c1!\" width=\"500\" height=\"281\" src=\"https:\/\/www.youtube.com\/embed\/G_ZRIEnXgJg?feature=oembed\" frameborder=\"0\" allow=\"accelerometer; autoplay; clipboard-write; encrypted-media; gyroscope; picture-in-picture; web-share\" referrerpolicy=\"strict-origin-when-cross-origin\" allowfullscreen><\/iframe><\/div>\n<\/div><\/figure>\n\n\n\n<h2 class=\"wp-block-heading\">O polo tecnol\u00f3gico que atrai profissionais de todo o pa\u00eds<\/h2>\n\n\n\n<p>A <a href=\"https:\/\/patobranco.pr.gov.br\/plano-municipal-de-cidade-inteligente\/\" target=\"_blank\" rel=\"noreferrer noopener\"><strong>Prefeitura de Pato Branco<\/strong><\/a> registra um ecossistema com cerca de 365 empresas de tecnologia, 126 ind\u00fastrias de software e 34 startups com alcance nacional e internacional. O IDH municipal \u00e9 de 0,782, entre os mais altos do estado.<\/p>\n\n\n\n<p>O Parque Tecnol\u00f3gico local abriga empresas incubadas, laborat\u00f3rios de pesquisa e startups que atuam em software, hardware e agroneg\u00f3cio digital. A proximidade com a UTFPR cria um fluxo constante entre a universidade e o setor produtivo, algo raro em cidades de mesmo porte no <strong>Brasil<\/strong>.<\/p>\n\n\n\n<h2 class=\"wp-block-heading\">Onde o morador descansa no fim da tarde<\/h2>\n\n\n\n<p>A cidade investe em espa\u00e7os p\u00fablicos gratuitos e bem cuidados. O <a href=\"https:\/\/www.viajeparana.com\/en\/Pato-Branco\" target=\"_blank\" rel=\"noreferrer noopener\"><strong>Parque do Alvorecer<\/strong><\/a>, com 107 hectares de mata nativa, \u00e9 o principal ponto de encontro para caminhadas e lazer em fam\u00edlia.<\/p>\n\n\n\n<ul class=\"wp-block-list\">\n<li><strong>Parque do Alvorecer<\/strong>: trilhas, ciclovias, lagos e estrutura completa para piqueniques, com restaurante e estacionamento.<\/li>\n\n\n\n<li><strong>Largo da Liberdade<\/strong>: complexo esportivo de mais de 1.300 m\u00b2 com quadras, playground e academia ao ar livre.<\/li>\n\n\n\n<li><strong>Pra\u00e7a Presidente Vargas<\/strong>: cora\u00e7\u00e3o da cidade, onde acontece a decora\u00e7\u00e3o de Natal mais visitada do sudoeste do estado.<\/li>\n\n\n\n<li><strong>Teatro Municipal Naura Rigon<\/strong>: espa\u00e7o cultural que recebe pe\u00e7as, shows e eventos acad\u00eamicos ao longo do ano.<\/li>\n<\/ul>\n\n\n<div class=\"wp-block-image\">\n<figure class=\"aligncenter size-large\"><img decoding=\"async\" width=\"1024\" height=\"576\" src=\"https:\/\/www.correiobraziliense.com.br\/cbradar\/wp-content\/uploads\/2025\/12\/G-2025-12-05T221923.404-1024x576.png\" alt=\"Essa cidade do Paran\u00e1 surpreende ao oferecer tudo o que \u00e9 necess\u00e1rio para viver com tranquilidade e muitas oportunidades\" class=\"wp-image-150859\" srcset=\"https:\/\/www.correiobraziliense.com.br\/cbradar\/wp-content\/uploads\/2025\/12\/G-2025-12-05T221923.404-1024x576.png 1024w, https:\/\/www.correiobraziliense.com.br\/cbradar\/wp-content\/uploads\/2025\/12\/G-2025-12-05T221923.404-300x169.png 300w, https:\/\/www.correiobraziliense.com.br\/cbradar\/wp-content\/uploads\/2025\/12\/G-2025-12-05T221923.404-768x432.png 768w, https:\/\/www.correiobraziliense.com.br\/cbradar\/wp-content\/uploads\/2025\/12\/G-2025-12-05T221923.404-750x422.png 750w, https:\/\/www.correiobraziliense.com.br\/cbradar\/wp-content\/uploads\/2025\/12\/G-2025-12-05T221923.404-1140x641.png 1140w, https:\/\/www.correiobraziliense.com.br\/cbradar\/wp-content\/uploads\/2025\/12\/G-2025-12-05T221923.404.png 1280w\" sizes=\"(max-width: 1024px) 100vw, 1024px\" \/><figcaption class=\"wp-element-caption\">Em Pato Branco, curta caminhadas no parque, pra\u00e7as animadas e Natal festivo no clima tranquilo e simp\u00e1tico do cora\u00e7\u00e3o tecnol\u00f3gico paranaense! \/\/ Cr\u00e9ditos: Wikip\u00e9dia<\/figcaption><\/figure><\/div>\n\n\n<p><strong>Leia tamb\u00e9m: <a href=\"https:\/\/www.correiobraziliense.com.br\/cbradar\/a-unica-cidade-do-brasil-declarada-capital-nacional-da-literatura-por-lei-federal-fica-no-norte-gaucho\/\" target=\"_blank\" rel=\"noreferrer noopener\">A \u00fanica cidade do Brasil declarada Capital Nacional da Literatura por lei federal fica no norte ga\u00facho.<\/a><\/strong><\/p>\n\n\n\n<h2 class=\"wp-block-heading\">A mesa patobranquense tem raiz italiana e inven\u00e7\u00e3o local<\/h2>\n\n\n\n<p>A coloniza\u00e7\u00e3o do sudoeste paranaense foi feita por fam\u00edlias do <strong>Rio Grande do Sul<\/strong> e de <strong>Santa Catarina<\/strong>, descendentes de italianos e alem\u00e3es. A influ\u00eancia aparece nas cantinas de massas artesanais e no caf\u00e9 colonial dos bairros mais antigos.<\/p>\n\n\n\n<ul class=\"wp-block-list\">\n<li><strong>X-polenta<\/strong>: lanche criado na cidade onde fatias crocantes de polenta frita substituem o p\u00e3o do hamb\u00farguer.<\/li>\n\n\n\n<li><strong>Galeto com polenta<\/strong>: frango desossado assado no espeto, servido com massa de milho cremosa e saladas.<\/li>\n\n\n\n<li><strong>Churrasco no fogo de ch\u00e3o<\/strong>: heran\u00e7a ga\u00facha presente nas churrascarias que abrem aos domingos.<\/li>\n\n\n\n<li><strong>Caf\u00e9 colonial<\/strong>: cucas, p\u00e3es caseiros, geleias e queijos servidos nos s\u00edtios da zona rural aos fins de semana.<\/li>\n<\/ul>\n\n\n\n<h2 class=\"wp-block-heading\">Como \u00e9 o clima para quem vive na cidade?<\/h2>\n\n\n\n<p><strong>Pato Branco tem clima subtropical com quatro esta\u00e7\u00f5es bem definidas. <\/strong>O inverno registra geadas frequentes entre junho e agosto, e as noites podem ficar pr\u00f3ximas de zero grau em frentes frias intensas.<\/p>\n\n\n\n<style>\n  \/* --- CONTAINER BLINDADO (PADR\u00c3O REGISTRADO) --- *\/\n  .clima-grid-final {\n    font-family: -apple-system, BlinkMacSystemFont, \"Segoe UI\", Roboto, Arial, sans-serif !important;\n    width: 100% !important;\n    max-width: 1200px !important;\n    margin: 20px auto !important;\n    display: grid !important;\n    \/* FOR\u00c7A 4 COLUNAS NO DESKTOP *\/\n    grid-template-columns: repeat(4, 1fr) !important; \n    gap: 15px !important;\n    box-sizing: border-box !important;\n  }\n\n  .clima-grid-final * {\n    box-sizing: border-box !important;\n  }\n\n  \/* --- CARD AZUL --- *\/\n  .card-clima {\n    background: #ffffff !important;\n    border: 1px solid #e3f2fd !important;\n    border-radius: 20px !important;\n    padding: 20px 10px !important;\n    text-align: center !important;\n    display: flex !important;\n    flex-direction: column !important;\n    align-items: center !important;\n    box-shadow: 0 4px 10px rgba(13, 71, 161, 0.05) !important;\n    min-width: 0 !important; \n    transition: transform 0.2s ease !important;\n  }\n\n  .card-clima:hover {\n    transform: translateY(-5px) !important;\n    border-color: #90caf9 !important;\n  }\n\n  \/* --- CONTE\u00daDO --- *\/\n  .estacao-nome { \n    font-size: 14px !important; \n    font-weight: 800 !important; \n    color: #0d47a1 !important; \n    text-transform: uppercase !important; \n    margin: 0 0 5px 0 !important; \n  }\n  \n  .estacao-meses { \n    font-size: 10px !important; \n    font-weight: 700 !important; \n    color: #1565c0 !important; \n    text-transform: uppercase !important; \n    margin-bottom: 15px !important; \n    display: block !important;\n  }\n  \n  .temp-valor { \n    font-size: 24px !important; \n    font-weight: 800 !important; \n    color: #01579b !important; \n    line-height: 1 !important; \n    margin: 0 !important;\n  }\n  \n  .temp-label { \n    font-size: 9px !important; \n    font-weight: 600 !important; \n    color: #0288d1 !important; \n    text-transform: uppercase !important; \n    margin-bottom: 15px !important; \n    display: block !important;\n  }\n  \n  .clima-desc { \n    font-size: 12px !important; \n    line-height: 1.4 !important; \n    color: #37474f !important; \n    margin-bottom: 15px !important; \n    flex-grow: 1 !important; \n  }\n\n  .tag-status {\n    background-color: #e1f5fe !important;\n    border: 1px solid #b3e5fc !important;\n    color: #0d47a1 !important;\n    padding: 5px 12px !important;\n    border-radius: 20px !important;\n    font-size: 9px !important;\n    font-weight: 800 !important;\n    text-transform: uppercase !important;\n    margin-top: auto !important;\n  }\n\n  \/* --- RESPONSIVIDADE --- *\/\n  @media (max-width: 800px) {\n    .clima-grid-final {\n      grid-template-columns: 1fr !important; \n    }\n    .card-clima {\n      padding: 25px 20px !important;\n    }\n  }\n<\/style>\n\n<div class=\"google-auto-ads-ignore clima-grid-final\">\n  \n  <div class=\"card-clima\">\n    <div class=\"estacao-nome\">\u2600\ufe0f Ver\u00e3o<\/div>\n    <span class=\"estacao-meses\">Dez &#8211; Fev<\/span>\n    <div class=\"temp-valor\">18-30\u00b0C<\/div>\n    <span class=\"temp-label\">M\u00e9dia<\/span>\n    <div class=\"clima-desc\">Embora a chuva seja alta, o calor convida a <b>caminhadas pela manh\u00e3<\/b> no Alvorecer, aproveitando o ar fresco antes das pancadas de tarde.<\/div>\n    <div class=\"tag-status\">\ud83c\udf33 Manh\u00e3s Ativas<\/div>\n  <\/div>\n\n  <div class=\"card-clima\">\n    <div class=\"estacao-nome\">\ud83c\udf42 Outono<\/div>\n    <span class=\"estacao-meses\">Mar &#8211; Mai<\/span>\n    <div class=\"temp-valor\">14-26\u00b0C<\/div>\n    <span class=\"temp-label\">M\u00e9dia<\/span>\n    <div class=\"clima-desc\">Com a temperatura em queda e chuvas moderadas, o clima pede o aconchego das tradicionais <b>cantinas italianas<\/b> e do <b>galeto<\/b> local.<\/div>\n    <div class=\"tag-status\">\ud83c\udf5d Gastronomia<\/div>\n  <\/div>\n\n  <div class=\"card-clima\">\n    <div class=\"estacao-nome\">\ud83e\udde3 Inverno<\/div>\n    <span class=\"estacao-meses\">Jun &#8211; Ago<\/span>\n    <div class=\"temp-valor\">6-20\u00b0C<\/div>\n    <span class=\"temp-label\">M\u00e9dia<\/span>\n    <div class=\"clima-desc\">A esta\u00e7\u00e3o seca \u00e9 perfeita para se deliciar com o farto <b>caf\u00e9 colonial<\/b> e apreciar os premiados <b>vinhos da regi\u00e3o<\/b> ao p\u00e9 da lareira.<\/div>\n    <div class=\"tag-status\">\ud83c\udf77 Inverno Ga\u00facho<\/div>\n  <\/div>\n\n  <div class=\"card-clima\">\n    <div class=\"estacao-nome\">\ud83c\udf38 Primavera<\/div>\n    <span class=\"estacao-meses\">Set &#8211; Nov<\/span>\n    <div class=\"temp-valor\">13-27\u00b0C<\/div>\n    <span class=\"temp-label\">M\u00e9dia<\/span>\n    <div class=\"clima-desc\">A cidade se prepara para o fim de ano com belas <b>decora\u00e7\u00f5es de Natal<\/b> e <b>feiras locais<\/b> vibrantes em meio ao florescer da esta\u00e7\u00e3o.<\/div>\n    <div class=\"tag-status\">\ud83c\udf81 Festividades<\/div>\n  <\/div>\n\n<\/div>\n\n\n\n<p><em>Temperaturas aproximadas com base no <a href=\"https:\/\/www.climatempo.com.br\/previsao-do-tempo\/cidade\/1325\/patobranco-pr\" target=\"_blank\" rel=\"noreferrer noopener\"><strong>Climatempo<\/strong><\/a>. Condi\u00e7\u00f5es podem variar.<\/em><\/p>\n\n\n\n<h2 class=\"wp-block-heading\">Como chegar \u00e0 capital tecnol\u00f3gica do sudoeste?<\/h2>\n\n\n\n<p>Pato Branco fica a 440 km de Curitiba pela BR-373 e BR-277, cerca de seis horas de carro. O Aeroporto Municipal Juvenal Loureiro Cardoso opera voos regionais, e a rodovi\u00e1ria recebe \u00f4nibus di\u00e1rios de <strong>Foz do Igua\u00e7u<\/strong>, <strong>Cascavel<\/strong> e <strong>Chapec\u00f3<\/strong>.<\/p>\n\n\n\n<h2 class=\"wp-block-heading\">Viva a cidade do pato selvagem<\/h2>\n\n\n\n<p><strong>Pato Branco entrega uma combina\u00e7\u00e3o incomum para o interior do sul:<\/strong> universidade federal de peso, polo de inova\u00e7\u00e3o em crescimento e rotina de cidade acolhedora. A limpeza das ruas e o frio da serra d\u00e3o o tom dos dias curtos de inverno.<\/p>\n\n\n\n<p>Voc\u00ea precisa conhecer Pato Branco e entender como uma cidade do interior paranaense construiu um ecossistema de tecnologia sem perder o jeito de vila.<\/p>\n","protected":false},"excerpt":{"rendered":"<p>A 760 metros de altitude no sudoeste do Paran\u00e1, Pato Branco passou de entreposto agr\u00edcola a refer\u00eancia em desenvolvimento cient\u00edfico. A cidade re\u00fane hoje um ecossistema de inova\u00e7\u00e3o que combina universidade federal, parque tecnol\u00f3gico e ruas elogiadas pela limpeza. O pato que batizou uma cidade no interior paranaense O nome surgiu de um encontro no [&hellip;]<\/p>\n","protected":false},"author":8,"featured_media":194518,"comment_status":"open","ping_status":"open","sticky":false,"template":"","format":"standard","meta":{"jnews-multi-image_gallery":[],"jnews_single_post":{"format":"standard"},"jnews_primary_category":[],"jnews_social_meta":[],"jnews_override_counter":[],"footnotes":""},"categories":[108,111],"post_tag":[],"class_list":["post-231170","post","type-post","status-publish","format-standard","has-post-thumbnail","hentry","category-cidades","category-turismo"],"yoast_head":"<!-- This site is optimized with the Yoast SEO plugin v24.6 - https:\/\/yoast.com\/wordpress\/plugins\/seo\/ -->\n<title>A vila agr\u00edcola que virou polo de tecnologia com 365 empresas de inova\u00e7\u00e3o em uma cidade do sudoeste do Paran\u00e1 - Correio Braziliense - Radar<\/title>\n<meta name=\"description\" content=\"De origem agr\u00edcola, a cidade no sudoeste do Paran\u00e1 se transformou em polo tecnol\u00f3gico com 365 empresas de inova\u00e7\u00e3o.\" \/>\n<meta name=\"robots\" content=\"index, follow, max-snippet:-1, max-image-preview:large, max-video-preview:-1\" \/>\n<link rel=\"canonical\" href=\"https:\/\/www.correiobraziliense.com.br\/cbradar\/a-vila-agricola-que-virou-polo-de-tecnologia-com-365-empresas-de-inovacao-em-uma-cidade-do-sudoeste-do-parana\/\" \/>\n<meta property=\"og:locale\" content=\"pt_BR\" \/>\n<meta property=\"og:type\" content=\"article\" \/>\n<meta property=\"og:title\" content=\"A vila agr\u00edcola que virou polo de tecnologia com 365 empresas de inova\u00e7\u00e3o em uma cidade do sudoeste do Paran\u00e1 - Correio Braziliense - Radar\" \/>\n<meta property=\"og:description\" content=\"De origem agr\u00edcola, a cidade no sudoeste do Paran\u00e1 se transformou em polo tecnol\u00f3gico com 365 empresas de inova\u00e7\u00e3o.\" \/>\n<meta property=\"og:url\" content=\"https:\/\/www.correiobraziliense.com.br\/cbradar\/a-vila-agricola-que-virou-polo-de-tecnologia-com-365-empresas-de-inovacao-em-uma-cidade-do-sudoeste-do-parana\/\" \/>\n<meta property=\"og:site_name\" content=\"Correio Braziliense - Radar\" \/>\n<meta property=\"article:published_time\" content=\"2026-04-26T02:05:00+00:00\" \/>\n<meta property=\"og:image\" content=\"https:\/\/www.correiobraziliense.com.br\/cbradar\/wp-content\/uploads\/2026\/02\/aaa-2026-02-16T053912.161.png\" \/>\n\t<meta property=\"og:image:width\" content=\"1280\" \/>\n\t<meta property=\"og:image:height\" content=\"720\" \/>\n\t<meta property=\"og:image:type\" content=\"image\/png\" \/>\n<meta name=\"author\" content=\"Maura Pereira\" \/>\n<meta name=\"twitter:card\" content=\"summary_large_image\" \/>\n<meta name=\"twitter:label1\" content=\"Escrito por\" \/>\n\t<meta name=\"twitter:data1\" content=\"Maura Pereira\" \/>\n\t<meta name=\"twitter:label2\" content=\"Est. tempo de leitura\" \/>\n\t<meta name=\"twitter:data2\" content=\"6 minutos\" \/>\n<!-- \/ Yoast SEO plugin. -->","yoast_head_json":{"title":"A vila agr\u00edcola que virou polo de tecnologia com 365 empresas de inova\u00e7\u00e3o em uma cidade do sudoeste do Paran\u00e1 - Correio Braziliense - Radar","description":"De origem agr\u00edcola, a cidade no sudoeste do Paran\u00e1 se transformou em polo tecnol\u00f3gico com 365 empresas de inova\u00e7\u00e3o.","robots":{"index":"index","follow":"follow","max-snippet":"max-snippet:-1","max-image-preview":"max-image-preview:large","max-video-preview":"max-video-preview:-1"},"canonical":"https:\/\/www.correiobraziliense.com.br\/cbradar\/a-vila-agricola-que-virou-polo-de-tecnologia-com-365-empresas-de-inovacao-em-uma-cidade-do-sudoeste-do-parana\/","og_locale":"pt_BR","og_type":"article","og_title":"A vila agr\u00edcola que virou polo de tecnologia com 365 empresas de inova\u00e7\u00e3o em uma cidade do sudoeste do Paran\u00e1 - Correio Braziliense - Radar","og_description":"De origem agr\u00edcola, a cidade no sudoeste do Paran\u00e1 se transformou em polo tecnol\u00f3gico com 365 empresas de inova\u00e7\u00e3o.","og_url":"https:\/\/www.correiobraziliense.com.br\/cbradar\/a-vila-agricola-que-virou-polo-de-tecnologia-com-365-empresas-de-inovacao-em-uma-cidade-do-sudoeste-do-parana\/","og_site_name":"Correio Braziliense - Radar","article_published_time":"2026-04-26T02:05:00+00:00","og_image":[{"width":1280,"height":720,"url":"https:\/\/www.correiobraziliense.com.br\/cbradar\/wp-content\/uploads\/2026\/02\/aaa-2026-02-16T053912.161.png","type":"image\/png"}],"author":"Maura Pereira","twitter_card":"summary_large_image","twitter_misc":{"Escrito por":"Maura Pereira","Est. tempo de leitura":"6 minutos"},"schema":{"@context":"https:\/\/schema.org","@graph":[{"@type":"WebPage","@id":"https:\/\/www.correiobraziliense.com.br\/cbradar\/a-vila-agricola-que-virou-polo-de-tecnologia-com-365-empresas-de-inovacao-em-uma-cidade-do-sudoeste-do-parana\/","url":"https:\/\/www.correiobraziliense.com.br\/cbradar\/a-vila-agricola-que-virou-polo-de-tecnologia-com-365-empresas-de-inovacao-em-uma-cidade-do-sudoeste-do-parana\/","name":"A vila agr\u00edcola que virou polo de tecnologia com 365 empresas de inova\u00e7\u00e3o em uma cidade do sudoeste do Paran\u00e1 - Correio Braziliense - Radar","isPartOf":{"@id":"https:\/\/www.correiobraziliense.com.br\/cbradar\/#website"},"primaryImageOfPage":{"@id":"https:\/\/www.correiobraziliense.com.br\/cbradar\/a-vila-agricola-que-virou-polo-de-tecnologia-com-365-empresas-de-inovacao-em-uma-cidade-do-sudoeste-do-parana\/#primaryimage"},"image":{"@id":"https:\/\/www.correiobraziliense.com.br\/cbradar\/a-vila-agricola-que-virou-polo-de-tecnologia-com-365-empresas-de-inovacao-em-uma-cidade-do-sudoeste-do-parana\/#primaryimage"},"thumbnailUrl":"https:\/\/www.correiobraziliense.com.br\/cbradar\/wp-content\/uploads\/2026\/02\/aaa-2026-02-16T053912.161.png","datePublished":"2026-04-26T02:05:00+00:00","author":{"@id":"https:\/\/www.correiobraziliense.com.br\/cbradar\/#\/schema\/person\/4053c651a9bfc785afc6f4cbc9032fd3"},"description":"De origem agr\u00edcola, a cidade no sudoeste do Paran\u00e1 se transformou em polo tecnol\u00f3gico com 365 empresas de inova\u00e7\u00e3o.","breadcrumb":{"@id":"https:\/\/www.correiobraziliense.com.br\/cbradar\/a-vila-agricola-que-virou-polo-de-tecnologia-com-365-empresas-de-inovacao-em-uma-cidade-do-sudoeste-do-parana\/#breadcrumb"},"inLanguage":"pt-BR","potentialAction":[{"@type":"ReadAction","target":["https:\/\/www.correiobraziliense.com.br\/cbradar\/a-vila-agricola-que-virou-polo-de-tecnologia-com-365-empresas-de-inovacao-em-uma-cidade-do-sudoeste-do-parana\/"]}]},{"@type":"ImageObject","inLanguage":"pt-BR","@id":"https:\/\/www.correiobraziliense.com.br\/cbradar\/a-vila-agricola-que-virou-polo-de-tecnologia-com-365-empresas-de-inovacao-em-uma-cidade-do-sudoeste-do-parana\/#primaryimage","url":"https:\/\/www.correiobraziliense.com.br\/cbradar\/wp-content\/uploads\/2026\/02\/aaa-2026-02-16T053912.161.png","contentUrl":"https:\/\/www.correiobraziliense.com.br\/cbradar\/wp-content\/uploads\/2026\/02\/aaa-2026-02-16T053912.161.png","width":1280,"height":720,"caption":"O nome inusitado de Pato Branco tem origem em uma expedi\u00e7\u00e3o em que um pato-selvagem de plumagem branca foi abatido. \/ Imagem ilustrativa"},{"@type":"BreadcrumbList","@id":"https:\/\/www.correiobraziliense.com.br\/cbradar\/a-vila-agricola-que-virou-polo-de-tecnologia-com-365-empresas-de-inovacao-em-uma-cidade-do-sudoeste-do-parana\/#breadcrumb","itemListElement":[{"@type":"ListItem","position":1,"name":"In\u00edcio","item":"https:\/\/www.correiobraziliense.com.br\/cbradar\/"},{"@type":"ListItem","position":2,"name":"A vila agr\u00edcola que virou polo de tecnologia com 365 empresas de inova\u00e7\u00e3o em uma cidade do sudoeste do Paran\u00e1"}]},{"@type":"WebSite","@id":"https:\/\/www.correiobraziliense.com.br\/cbradar\/#website","url":"https:\/\/www.correiobraziliense.com.br\/cbradar\/","name":"Correio Braziliense - Radar","description":"Acompanhe as \u00faltimas not\u00edcias e fique bem informado sobre tudo o que acontece no Brasil e no mundo.","potentialAction":[{"@type":"SearchAction","target":{"@type":"EntryPoint","urlTemplate":"https:\/\/www.correiobraziliense.com.br\/cbradar\/?s={search_term_string}"},"query-input":{"@type":"PropertyValueSpecification","valueRequired":true,"valueName":"search_term_string"}}],"inLanguage":"pt-BR"},{"@type":"Person","@id":"https:\/\/www.correiobraziliense.com.br\/cbradar\/#\/schema\/person\/4053c651a9bfc785afc6f4cbc9032fd3","name":"Maura Pereira","image":{"@type":"ImageObject","inLanguage":"pt-BR","@id":"https:\/\/www.correiobraziliense.com.br\/cbradar\/#\/schema\/person\/image\/","url":"https:\/\/secure.gravatar.com\/avatar\/3effd6bdadfa447f15089c7f7144eaa6?s=96&d=mm&r=g","contentUrl":"https:\/\/secure.gravatar.com\/avatar\/3effd6bdadfa447f15089c7f7144eaa6?s=96&d=mm&r=g","caption":"Maura Pereira"},"sameAs":["https:\/\/www.correiobraziliense.com.br\/"],"url":"https:\/\/www.correiobraziliense.com.br\/cbradar\/author\/mauramyth\/"}]}},"_links":{"self":[{"href":"https:\/\/www.correiobraziliense.com.br\/cbradar\/wp-json\/wp\/v2\/posts\/231170","targetHints":{"allow":["GET"]}}],"collection":[{"href":"https:\/\/www.correiobraziliense.com.br\/cbradar\/wp-json\/wp\/v2\/posts"}],"about":[{"href":"https:\/\/www.correiobraziliense.com.br\/cbradar\/wp-json\/wp\/v2\/types\/post"}],"author":[{"embeddable":true,"href":"https:\/\/www.correiobraziliense.com.br\/cbradar\/wp-json\/wp\/v2\/users\/8"}],"replies":[{"embeddable":true,"href":"https:\/\/www.correiobraziliense.com.br\/cbradar\/wp-json\/wp\/v2\/comments?post=231170"}],"version-history":[{"count":9,"href":"https:\/\/www.correiobraziliense.com.br\/cbradar\/wp-json\/wp\/v2\/posts\/231170\/revisions"}],"predecessor-version":[{"id":231759,"href":"https:\/\/www.correiobraziliense.com.br\/cbradar\/wp-json\/wp\/v2\/posts\/231170\/revisions\/231759"}],"wp:featuredmedia":[{"embeddable":true,"href":"https:\/\/www.correiobraziliense.com.br\/cbradar\/wp-json\/wp\/v2\/media\/194518"}],"wp:attachment":[{"href":"https:\/\/www.correiobraziliense.com.br\/cbradar\/wp-json\/wp\/v2\/media?parent=231170"}],"wp:term":[{"taxonomy":"category","embeddable":true,"href":"https:\/\/www.correiobraziliense.com.br\/cbradar\/wp-json\/wp\/v2\/categories?post=231170"},{"taxonomy":"post_tag","embeddable":true,"href":"https:\/\/www.correiobraziliense.com.br\/cbradar\/wp-json\/wp\/v2\/post_tag?post=231170"}],"curies":[{"name":"wp","href":"https:\/\/api.w.org\/{rel}","templated":true}]}}