{"id":231186,"date":"2026-04-26T22:35:00","date_gmt":"2026-04-27T01:35:00","guid":{"rendered":"https:\/\/www.correiobraziliense.com.br\/cbradar\/?p=231186"},"modified":"2026-04-25T15:13:48","modified_gmt":"2026-04-25T18:13:48","slug":"5-signos-que-nao-param-quietos-e-parecem-ter-energia-para-tudo","status":"publish","type":"post","link":"https:\/\/www.correiobraziliense.com.br\/cbradar\/5-signos-que-nao-param-quietos-e-parecem-ter-energia-para-tudo\/","title":{"rendered":"5 signos que n\u00e3o param quietos e parecem ter energia para tudo"},"content":{"rendered":"\n<p>A energia vital de certas pessoas parece inesgot\u00e1vel, movendo grupos inteiros e transformando ambientes com uma presen\u00e7a marcante e comunicativa. Entender como a astrologia influencia esse <strong>comportamento extrovertido<\/strong> ajuda a identificar quem s\u00e3o os indiv\u00edduos que naturalmente buscam a intera\u00e7\u00e3o social constante.<\/p>\n\n\n\n<h2 class=\"wp-block-heading\">Quais s\u00e3o os signos mais comunicativos do zod\u00edaco<\/h2>\n\n\n\n<p>O <strong>signo de G\u00eameos<\/strong> lidera a lista quando o assunto \u00e9 a necessidade de troca intelectual e social em tempo integral. Regidos por <strong>Merc\u00fario<\/strong>, esses indiv\u00edduos possuem uma curiosidade que os impede de ficar est\u00e1ticos em apenas um lugar ou assunto por muito tempo.<\/p>\n\n\n\n<p>Para quem convive com um <strong>geminiano<\/strong>, a sensa\u00e7\u00e3o \u00e9 de que o dia possui mais horas, tamanha a disposi\u00e7\u00e3o para novos aprendizados e conversas. Essa versatilidade torna a rotina din\u00e2mica, garantindo que o t\u00e9dio passe longe de qualquer ambiente onde eles estejam presentes.<\/p>\n\n\n<div class=\"wp-block-image\">\n<figure class=\"aligncenter size-full\"><img decoding=\"async\" width=\"1280\" height=\"720\" src=\"https:\/\/www.correiobraziliense.com.br\/cbradar\/wp-content\/uploads\/2026\/04\/casal-pessoa.jpg\" alt=\"\" class=\"wp-image-229827\" srcset=\"https:\/\/www.correiobraziliense.com.br\/cbradar\/wp-content\/uploads\/2026\/04\/casal-pessoa.jpg 1280w, https:\/\/www.correiobraziliense.com.br\/cbradar\/wp-content\/uploads\/2026\/04\/casal-pessoa-300x169.jpg 300w, https:\/\/www.correiobraziliense.com.br\/cbradar\/wp-content\/uploads\/2026\/04\/casal-pessoa-768x432.jpg 768w, https:\/\/www.correiobraziliense.com.br\/cbradar\/wp-content\/uploads\/2026\/04\/casal-pessoa-750x422.jpg 750w, https:\/\/www.correiobraziliense.com.br\/cbradar\/wp-content\/uploads\/2026\/04\/casal-pessoa-1140x641.jpg 1140w\" sizes=\"(max-width: 1280px) 100vw, 1280px\" \/><figcaption class=\"wp-element-caption\">O geminiano prioriza parceiros que conseguem sustentar conversas profundas e variadas sobre os mais diversos temas da atualidade.<\/figcaption><\/figure><\/div>\n\n\n<p>Leia tamb\u00e9m: <a href=\"https:\/\/www.correiobraziliense.com.br\/cbradar\/3-signos-que-nao-gostam-de-dividir-atencao-e-acabam-sendo-os-mais-ciumentos\/\" target=\"_blank\" rel=\"noreferrer noopener\">3 signos que n\u00e3o gostam de dividir aten\u00e7\u00e3o e acabam sendo os mais ciumentos<\/a><\/p>\n\n\n\n<h2 class=\"wp-block-heading\">O brilho natural e a lideran\u00e7a do signo de Le\u00e3o<\/h2>\n\n\n\n<p>O <strong>signo de Le\u00e3o<\/strong> ocupa o centro das aten\u00e7\u00f5es n\u00e3o apenas por vaidade, mas por uma <strong>energia solar<\/strong> que irradia calor e entusiasmo para todos ao redor. Essa natureza extrovertida faz com que eles busquem palcos e lideran\u00e7as onde possam expressar sua criatividade sem barreiras.<\/p>\n\n\n\n<p>Manter o ritmo de um <strong>leonino<\/strong> exige disposi\u00e7\u00e3o, pois eles raramente recusam um convite para eventos sociais ou projetos ambiciosos. Observar a forma como eles conduzem conversas em <strong>Portugal<\/strong> ou no <strong>Brasil<\/strong> revela um carisma que une pessoas de diferentes culturas facilmente.<\/p>\n\n\n\n<h2 class=\"wp-block-heading\">A for\u00e7a de \u00c1ries na busca por movimento constante<\/h2>\n\n\n\n<p>O <strong>signo de \u00c1ries<\/strong> manifesta sua extrovers\u00e3o atrav\u00e9s da a\u00e7\u00e3o direta e de uma coragem que muitas vezes beira a impaci\u00eancia produtiva. Por serem do elemento <strong>Fogo<\/strong>, os arianos possuem um motor interno que os impulsiona a iniciar novos projetos e competi\u00e7\u00f5es de forma incans\u00e1vel.<\/p>\n\n\n\n<p>A <strong>personalidade ariana<\/strong> \u00e9 marcada pela transpar\u00eancia e pela necessidade de gastar energia f\u00edsica para manter o equil\u00edbrio mental. Se voc\u00ea busca algu\u00e9m para come\u00e7ar um novo esporte ou neg\u00f3cio, a determina\u00e7\u00e3o desse grupo \u00e9 o combust\u00edvel ideal para o sucesso.<\/p>\n\n\n\n<link href=\"https:\/\/fonts.googleapis.com\/css2?family=Inter:wght@400;600;700;800&#038;display=swap\" rel=\"stylesheet\">\n<style>\n\/* Prote\u00e7\u00e3o contra inje\u00e7\u00e3o do \"Veja Tamb\u00e9m\" (JNews inline related posts) *\/\n.rdp-pontos-wrapper .jnews_inline_related_post_wrapper,\n.rdp-pontos-wrapper .jnews_inline_related_post,\n.rdp-pontos-wrapper .jeg_postblock,\n.rdp-pontos-wrapper [class*=\"jnews_inline\"],\n.rdp-pontos-wrapper [class*=\"jeg_postblock\"],\n.rdp-pontos-wrapper [class*=\"jeg_block\"] {\n  display: none !important;\n  height: 0 !important;\n  max-height: 0 !important;\n  overflow: hidden !important;\n  visibility: hidden !important;\n  margin: 0 !important;\n  padding: 0 !important;\n  border: none !important;\n  font-size: 0 !important;\n  line-height: 0 !important;\n}\n.rdp-pontos-wrapper {\n  max-width: 100%;\n  margin: 32px 0;\n  background: #FFF9F2; \/* Fundo \u00e2mbar clar\u00edssimo *\/\n  border: 1px solid #FFE8D1;\n  border-radius: 12px;\n  padding: 28px 28px 20px;\n  font-family: 'Inter', sans-serif;\n  box-shadow: 0 4px 20px rgba(255,152,0,0.08);\n  overflow: hidden;\n  contain: layout style;\n  isolation: isolate;\n  position: relative;\n  z-index: 1;\n}\n.rdp-pontos-wrapper > *:not(.rdp-pontos-title):not(.rdp-pontos-grid) {\n  display: none !important;\n  height: 0 !important;\n  overflow: hidden !important;\n  margin: 0 !important;\n  padding: 0 !important;\n  border: none !important;\n}\n.rdp-pontos-title {\n  font-family: 'Inter', sans-serif;\n  font-size: 20px;\n  font-weight: 800;\n  color: #E65100; \/* Laranja profundo *\/\n  margin: 0 0 20px 0;\n  line-height: 1.3;\n  text-align: center;\n}\n.rdp-pontos-grid {\n  display: grid;\n  grid-template-columns: repeat(3, 1fr);\n  gap: 18px;\n}\n.rdp-pontos-item {\n  background: #FFFFFF;\n  border: 1px solid #FFE8D1;\n  border-top: 3px solid #FF9800; \/* Laranja vibrante *\/\n  border-radius: 10px;\n  padding: 22px 20px;\n  box-shadow: 0 2px 10px rgba(255,152,0,0.04);\n  transition: box-shadow 0.3s ease, border-color 0.3s ease;\n  text-align: center;\n}\n.rdp-pontos-item:hover {\n  box-shadow: 0 4px 20px rgba(255,152,0,0.18);\n  border-color: #FF9800;\n}\n.rdp-pontos-emoji {\n  font-size: 32px;\n  line-height: 1;\n  margin-bottom: 12px;\n  display: block;\n  text-align: center;\n}\n.rdp-pontos-item-title {\n  font-size: 15px;\n  font-weight: 700;\n  color: #1A1A1A;\n  margin-bottom: 8px;\n  line-height: 1.3;\n}\n.rdp-pontos-item-desc {\n  font-size: 14px;\n  color: #4A4A4A;\n  line-height: 1.6;\n  margin: 0;\n}\n@media (max-width: 768px) {\n  .rdp-pontos-wrapper {\n    padding: 20px 16px 14px;\n  }\n  .rdp-pontos-grid {\n    grid-template-columns: 1fr;\n    gap: 14px;\n  }\n  .rdp-pontos-title {\n    font-size: 18px;\n  }\n}\n<\/style>\n\n<div class=\"rdp-pontos-wrapper\">\n  <div class=\"rdp-pontos-title\">A Din\u00e2mica dos Signos Extrovertidos<\/div>\n  <div class=\"rdp-pontos-grid\">\n    <div class=\"rdp-pontos-item\">\n      <span class=\"rdp-pontos-emoji\">\u264a<\/span>\n      <div class=\"rdp-pontos-item-title\">G\u00eameos<\/div>\n      <p class=\"rdp-pontos-item-desc\">Foca na comunica\u00e7\u00e3o \u00e1gil e na troca constante de ideias e informa\u00e7\u00f5es.<\/p>\n    <\/div>\n    <div class=\"rdp-pontos-item\">\n      <span class=\"rdp-pontos-emoji\">\u264c<\/span>\n      <div class=\"rdp-pontos-item-title\">Le\u00e3o<\/div>\n      <p class=\"rdp-pontos-item-desc\">Utiliza seu brilho natural e carisma para atrair aten\u00e7\u00e3o e liderar grandes grupos.<\/p>\n    <\/div>\n    <div class=\"rdp-pontos-item\">\n      <span class=\"rdp-pontos-emoji\">\ud83c\udff9<\/span>\n      <div class=\"rdp-pontos-item-title\">Sagit\u00e1rio<\/div>\n      <p class=\"rdp-pontos-item-desc\">Busca incans\u00e1vel pela liberdade e por novas e ricas experi\u00eancias culturais.<\/p>\n    <\/div>\n    <div class=\"rdp-pontos-item\">\n      <span class=\"rdp-pontos-emoji\">\u2648<\/span>\n      <div class=\"rdp-pontos-item-title\">\u00c1ries<\/div>\n      <p class=\"rdp-pontos-item-desc\">Focado na a\u00e7\u00e3o imediata, destaca-se por uma lideran\u00e7a corajosa e competitiva.<\/p>\n    <\/div>\n    <div class=\"rdp-pontos-item\">\n      <span class=\"rdp-pontos-emoji\">\u264e<\/span>\n      <div class=\"rdp-pontos-item-title\">Libra<\/div>\n      <p class=\"rdp-pontos-item-desc\">Equilibra perfeitamente sua extrovers\u00e3o com uma diplomacia social refinada.<\/p>\n    <\/div>\n  <\/div>\n<\/div>\n<div style=\"clear:both;height:0;overflow:hidden;\"><\/div>\n\n\n\n<h2 class=\"wp-block-heading\">Aventura e liberdade definem o perfil de Sagit\u00e1rio<\/h2>\n\n\n\n<p>Conhecido como o maior viajante do zod\u00edaco, o <strong>signo de Sagit\u00e1rio<\/strong> encara a vida como uma festa eterna e uma busca incessante por novos horizontes. A <strong>extrovers\u00e3o sagitariana<\/strong> \u00e9 alimentada pelo otimismo e pela vontade de experimentar tudo o que o mundo tem a oferecer agora.<\/p>\n\n\n\n<p>N\u00e3o espere encontrar um <strong>sagitariano<\/strong> parado em casa durante um feriado, pois a mente deles j\u00e1 est\u00e1 planejando a pr\u00f3xima trilha ou festa. Eles utilizam sua energia para expandir limites, tornando-se \u00f3timos companheiros para quem deseja sair da zona de conforto rapidamente.<\/p>\n\n\n\n<h2 class=\"wp-block-heading\">Como o signo de Libra utiliza a sociabilidade estrat\u00e9gica<\/h2>\n\n\n\n<p>Diferente da agita\u00e7\u00e3o explosiva, o <strong>signo de Libra<\/strong> foca sua energia na manuten\u00e7\u00e3o de conex\u00f5es humanas e na harmonia dos ambientes sociais. A <strong>extrovers\u00e3o libriana<\/strong> \u00e9 sofisticada, voltada para o di\u00e1logo e para a constru\u00e7\u00e3o de pontes entre pessoas com pensamentos divergentes.<\/p>\n\n\n<div class=\"wp-block-image\">\n<figure class=\"aligncenter size-full\"><img decoding=\"async\" width=\"1280\" height=\"720\" src=\"https:\/\/www.correiobraziliense.com.br\/cbradar\/wp-content\/uploads\/2026\/04\/espontaneo-signo.jpg\" alt=\"\" class=\"wp-image-230397\" srcset=\"https:\/\/www.correiobraziliense.com.br\/cbradar\/wp-content\/uploads\/2026\/04\/espontaneo-signo.jpg 1280w, https:\/\/www.correiobraziliense.com.br\/cbradar\/wp-content\/uploads\/2026\/04\/espontaneo-signo-300x169.jpg 300w, https:\/\/www.correiobraziliense.com.br\/cbradar\/wp-content\/uploads\/2026\/04\/espontaneo-signo-768x432.jpg 768w, https:\/\/www.correiobraziliense.com.br\/cbradar\/wp-content\/uploads\/2026\/04\/espontaneo-signo-750x422.jpg 750w, https:\/\/www.correiobraziliense.com.br\/cbradar\/wp-content\/uploads\/2026\/04\/espontaneo-signo-1140x641.jpg 1140w\" sizes=\"(max-width: 1280px) 100vw, 1280px\" \/><figcaption class=\"wp-element-caption\">Entender a din\u00e2mica desses signos ajuda a n\u00e3o levar as palavras para o lado pessoal e a aproveitar o feedback honesto<\/figcaption><\/figure><\/div>\n\n\n<p>Estar ao lado de uma pessoa de <strong>Libra<\/strong> significa participar de uma vida social ativa, repleta de jantares, encontros e eventos culturais. Eles n\u00e3o param quietos quando percebem que h\u00e1 uma oportunidade de criar beleza ou justi\u00e7a atrav\u00e9s da intera\u00e7\u00e3o direta com o pr\u00f3ximo.<\/p>\n\n\n\n<h2 class=\"wp-block-heading\">Equil\u00edbrio entre a energia astral e a rotina di\u00e1ria<\/h2>\n\n\n\n<p>Identificar essas caracter\u00edsticas nos amigos e familiares facilita a conviv\u00eancia, permitindo respeitar o tempo de cada <strong>personalidade astrol\u00f3gica<\/strong>. Saber que um <strong>ariano<\/strong> ou um <strong>geminiano<\/strong> precisa de movimento ajuda a canalizar essa for\u00e7a para atividades produtivas e saud\u00e1veis.<\/p>\n\n\n\n<p>Aproveite essa vitalidade para se inspirar e buscar novas formas de intera\u00e7\u00e3o que tragam mais cor ao seu cotidiano. Compreender os astros \u00e9 uma ferramenta poderosa para maximizar suas potencialidades e melhorar o relacionamento com quem possui essa <strong>energia contagiante<\/strong>.<\/p>\n","protected":false},"excerpt":{"rendered":"<p>A energia vital de certas pessoas parece inesgot\u00e1vel, movendo grupos inteiros e transformando ambientes com uma presen\u00e7a marcante e comunicativa. Entender como a astrologia influencia esse comportamento extrovertido ajuda a identificar quem s\u00e3o os indiv\u00edduos que naturalmente buscam a intera\u00e7\u00e3o social constante. Quais s\u00e3o os signos mais comunicativos do zod\u00edaco O signo de G\u00eameos lidera [&hellip;]<\/p>\n","protected":false},"author":9,"featured_media":232028,"comment_status":"open","ping_status":"open","sticky":false,"template":"","format":"standard","meta":{"_yoast_wpseo_focuskw":"signos comunicativos","_yoast_wpseo_title":"","_yoast_wpseo_metadesc":"Alguns signos t\u00eam energia de sobra e amam interagir o tempo todo. Veja quais s\u00e3o os mais comunicativos e agitados do zod\u00edaco.","jnews-multi-image_gallery":[],"jnews_single_post":{"format":"standard"},"jnews_primary_category":[],"jnews_social_meta":[],"jnews_override_counter":[],"footnotes":""},"categories":[112],"post_tag":[],"class_list":["post-231186","post","type-post","status-publish","format-standard","has-post-thumbnail","hentry","category-curiosidades"],"yoast_head":"<!-- This site is optimized with the Yoast SEO plugin v24.6 - https:\/\/yoast.com\/wordpress\/plugins\/seo\/ -->\n<title>5 signos que n\u00e3o param quietos e parecem ter energia para tudo - Correio Braziliense - Radar<\/title>\n<meta name=\"description\" content=\"Alguns signos t\u00eam energia de sobra e amam interagir o tempo todo. Veja quais s\u00e3o os mais comunicativos e agitados do zod\u00edaco.\" \/>\n<meta name=\"robots\" content=\"index, follow, max-snippet:-1, max-image-preview:large, max-video-preview:-1\" \/>\n<link rel=\"canonical\" href=\"https:\/\/www.correiobraziliense.com.br\/cbradar\/5-signos-que-nao-param-quietos-e-parecem-ter-energia-para-tudo\/\" \/>\n<meta property=\"og:locale\" content=\"pt_BR\" \/>\n<meta property=\"og:type\" content=\"article\" \/>\n<meta property=\"og:title\" content=\"5 signos que n\u00e3o param quietos e parecem ter energia para tudo - Correio Braziliense - Radar\" \/>\n<meta property=\"og:description\" content=\"Alguns signos t\u00eam energia de sobra e amam interagir o tempo todo. Veja quais s\u00e3o os mais comunicativos e agitados do zod\u00edaco.\" \/>\n<meta property=\"og:url\" content=\"https:\/\/www.correiobraziliense.com.br\/cbradar\/5-signos-que-nao-param-quietos-e-parecem-ter-energia-para-tudo\/\" \/>\n<meta property=\"og:site_name\" content=\"Correio Braziliense - Radar\" \/>\n<meta property=\"article:published_time\" content=\"2026-04-27T01:35:00+00:00\" \/>\n<meta property=\"og:image\" content=\"https:\/\/www.correiobraziliense.com.br\/cbradar\/wp-content\/uploads\/2026\/04\/freepik_bussola-metalica-realista_2864564758.jpeg\" \/>\n\t<meta property=\"og:image:width\" content=\"1376\" \/>\n\t<meta property=\"og:image:height\" content=\"768\" \/>\n\t<meta property=\"og:image:type\" content=\"image\/jpeg\" \/>\n<meta name=\"author\" content=\"Daniely Cardoso\" \/>\n<meta name=\"twitter:card\" content=\"summary_large_image\" \/>\n<meta name=\"twitter:label1\" content=\"Escrito por\" \/>\n\t<meta name=\"twitter:data1\" content=\"Daniely Cardoso\" \/>\n\t<meta name=\"twitter:label2\" content=\"Est. tempo de leitura\" \/>\n\t<meta name=\"twitter:data2\" content=\"5 minutos\" \/>\n<!-- \/ Yoast SEO plugin. -->","yoast_head_json":{"title":"5 signos que n\u00e3o param quietos e parecem ter energia para tudo - Correio Braziliense - Radar","description":"Alguns signos t\u00eam energia de sobra e amam interagir o tempo todo. Veja quais s\u00e3o os mais comunicativos e agitados do zod\u00edaco.","robots":{"index":"index","follow":"follow","max-snippet":"max-snippet:-1","max-image-preview":"max-image-preview:large","max-video-preview":"max-video-preview:-1"},"canonical":"https:\/\/www.correiobraziliense.com.br\/cbradar\/5-signos-que-nao-param-quietos-e-parecem-ter-energia-para-tudo\/","og_locale":"pt_BR","og_type":"article","og_title":"5 signos que n\u00e3o param quietos e parecem ter energia para tudo - Correio Braziliense - Radar","og_description":"Alguns signos t\u00eam energia de sobra e amam interagir o tempo todo. Veja quais s\u00e3o os mais comunicativos e agitados do zod\u00edaco.","og_url":"https:\/\/www.correiobraziliense.com.br\/cbradar\/5-signos-que-nao-param-quietos-e-parecem-ter-energia-para-tudo\/","og_site_name":"Correio Braziliense - Radar","article_published_time":"2026-04-27T01:35:00+00:00","og_image":[{"width":1376,"height":768,"url":"https:\/\/www.correiobraziliense.com.br\/cbradar\/wp-content\/uploads\/2026\/04\/freepik_bussola-metalica-realista_2864564758.jpeg","type":"image\/jpeg"}],"author":"Daniely Cardoso","twitter_card":"summary_large_image","twitter_misc":{"Escrito por":"Daniely Cardoso","Est. tempo de leitura":"5 minutos"},"schema":{"@context":"https:\/\/schema.org","@graph":[{"@type":"WebPage","@id":"https:\/\/www.correiobraziliense.com.br\/cbradar\/5-signos-que-nao-param-quietos-e-parecem-ter-energia-para-tudo\/","url":"https:\/\/www.correiobraziliense.com.br\/cbradar\/5-signos-que-nao-param-quietos-e-parecem-ter-energia-para-tudo\/","name":"5 signos que n\u00e3o param quietos e parecem ter energia para tudo - Correio Braziliense - Radar","isPartOf":{"@id":"https:\/\/www.correiobraziliense.com.br\/cbradar\/#website"},"primaryImageOfPage":{"@id":"https:\/\/www.correiobraziliense.com.br\/cbradar\/5-signos-que-nao-param-quietos-e-parecem-ter-energia-para-tudo\/#primaryimage"},"image":{"@id":"https:\/\/www.correiobraziliense.com.br\/cbradar\/5-signos-que-nao-param-quietos-e-parecem-ter-energia-para-tudo\/#primaryimage"},"thumbnailUrl":"https:\/\/www.correiobraziliense.com.br\/cbradar\/wp-content\/uploads\/2026\/04\/freepik_bussola-metalica-realista_2864564758.jpeg","datePublished":"2026-04-27T01:35:00+00:00","author":{"@id":"https:\/\/www.correiobraziliense.com.br\/cbradar\/#\/schema\/person\/7356666e12ec0ee53f348ee5db227032"},"description":"Alguns signos t\u00eam energia de sobra e amam interagir o tempo todo. Veja quais s\u00e3o os mais comunicativos e agitados do zod\u00edaco.","breadcrumb":{"@id":"https:\/\/www.correiobraziliense.com.br\/cbradar\/5-signos-que-nao-param-quietos-e-parecem-ter-energia-para-tudo\/#breadcrumb"},"inLanguage":"pt-BR","potentialAction":[{"@type":"ReadAction","target":["https:\/\/www.correiobraziliense.com.br\/cbradar\/5-signos-que-nao-param-quietos-e-parecem-ter-energia-para-tudo\/"]}]},{"@type":"ImageObject","inLanguage":"pt-BR","@id":"https:\/\/www.correiobraziliense.com.br\/cbradar\/5-signos-que-nao-param-quietos-e-parecem-ter-energia-para-tudo\/#primaryimage","url":"https:\/\/www.correiobraziliense.com.br\/cbradar\/wp-content\/uploads\/2026\/04\/freepik_bussola-metalica-realista_2864564758.jpeg","contentUrl":"https:\/\/www.correiobraziliense.com.br\/cbradar\/wp-content\/uploads\/2026\/04\/freepik_bussola-metalica-realista_2864564758.jpeg","width":1376,"height":768,"caption":"Identificar essas caracter\u00edsticas nos amigos e familiares facilita a conviv\u00eancia, permitindo respeitar o tempo de cada personalidade astrol\u00f3gica"},{"@type":"BreadcrumbList","@id":"https:\/\/www.correiobraziliense.com.br\/cbradar\/5-signos-que-nao-param-quietos-e-parecem-ter-energia-para-tudo\/#breadcrumb","itemListElement":[{"@type":"ListItem","position":1,"name":"In\u00edcio","item":"https:\/\/www.correiobraziliense.com.br\/cbradar\/"},{"@type":"ListItem","position":2,"name":"5 signos que n\u00e3o param quietos e parecem ter energia para tudo"}]},{"@type":"WebSite","@id":"https:\/\/www.correiobraziliense.com.br\/cbradar\/#website","url":"https:\/\/www.correiobraziliense.com.br\/cbradar\/","name":"Correio Braziliense - Radar","description":"Acompanhe as \u00faltimas not\u00edcias e fique bem informado sobre tudo o que acontece no Brasil e no mundo.","potentialAction":[{"@type":"SearchAction","target":{"@type":"EntryPoint","urlTemplate":"https:\/\/www.correiobraziliense.com.br\/cbradar\/?s={search_term_string}"},"query-input":{"@type":"PropertyValueSpecification","valueRequired":true,"valueName":"search_term_string"}}],"inLanguage":"pt-BR"},{"@type":"Person","@id":"https:\/\/www.correiobraziliense.com.br\/cbradar\/#\/schema\/person\/7356666e12ec0ee53f348ee5db227032","name":"Daniely Cardoso","image":{"@type":"ImageObject","inLanguage":"pt-BR","@id":"https:\/\/www.correiobraziliense.com.br\/cbradar\/#\/schema\/person\/image\/","url":"https:\/\/secure.gravatar.com\/avatar\/4b80ddbd124d1f071b626d52d62e5dff?s=96&d=mm&r=g","contentUrl":"https:\/\/secure.gravatar.com\/avatar\/4b80ddbd124d1f071b626d52d62e5dff?s=96&d=mm&r=g","caption":"Daniely Cardoso"},"description":"Redatora nos portais CB Radar e EM Foco, formada pela Universidade Federal de Goi\u00e1s, em Goi\u00e2nia. Apaixonada por comunica\u00e7\u00e3o, arte, decora\u00e7\u00e3o e tend\u00eancias, atuo na produ\u00e7\u00e3o de conte\u00fados envolventes sobre curiosidades, moda, beleza e paisagismo, sempre com um olhar atento \u00e0s novidades do momento.","sameAs":["https:\/\/www.correiobraziliense.com.br\/cbradar"],"url":"https:\/\/www.correiobraziliense.com.br\/cbradar\/author\/danielymyth\/"}]}},"_links":{"self":[{"href":"https:\/\/www.correiobraziliense.com.br\/cbradar\/wp-json\/wp\/v2\/posts\/231186","targetHints":{"allow":["GET"]}}],"collection":[{"href":"https:\/\/www.correiobraziliense.com.br\/cbradar\/wp-json\/wp\/v2\/posts"}],"about":[{"href":"https:\/\/www.correiobraziliense.com.br\/cbradar\/wp-json\/wp\/v2\/types\/post"}],"author":[{"embeddable":true,"href":"https:\/\/www.correiobraziliense.com.br\/cbradar\/wp-json\/wp\/v2\/users\/9"}],"replies":[{"embeddable":true,"href":"https:\/\/www.correiobraziliense.com.br\/cbradar\/wp-json\/wp\/v2\/comments?post=231186"}],"version-history":[{"count":1,"href":"https:\/\/www.correiobraziliense.com.br\/cbradar\/wp-json\/wp\/v2\/posts\/231186\/revisions"}],"predecessor-version":[{"id":231189,"href":"https:\/\/www.correiobraziliense.com.br\/cbradar\/wp-json\/wp\/v2\/posts\/231186\/revisions\/231189"}],"wp:featuredmedia":[{"embeddable":true,"href":"https:\/\/www.correiobraziliense.com.br\/cbradar\/wp-json\/wp\/v2\/media\/232028"}],"wp:attachment":[{"href":"https:\/\/www.correiobraziliense.com.br\/cbradar\/wp-json\/wp\/v2\/media?parent=231186"}],"wp:term":[{"taxonomy":"category","embeddable":true,"href":"https:\/\/www.correiobraziliense.com.br\/cbradar\/wp-json\/wp\/v2\/categories?post=231186"},{"taxonomy":"post_tag","embeddable":true,"href":"https:\/\/www.correiobraziliense.com.br\/cbradar\/wp-json\/wp\/v2\/post_tag?post=231186"}],"curies":[{"name":"wp","href":"https:\/\/api.w.org\/{rel}","templated":true}]}}