{"id":231200,"date":"2026-04-26T07:05:00","date_gmt":"2026-04-26T10:05:00","guid":{"rendered":"https:\/\/www.correiobraziliense.com.br\/cbradar\/?p=231200"},"modified":"2026-04-25T14:35:53","modified_gmt":"2026-04-25T17:35:53","slug":"voce-aprende-mais-no-celular-do-que-na-escola-o-habito-que-esta-mudando-a-educacao","status":"publish","type":"post","link":"https:\/\/www.correiobraziliense.com.br\/cbradar\/voce-aprende-mais-no-celular-do-que-na-escola-o-habito-que-esta-mudando-a-educacao\/","title":{"rendered":"Voc\u00ea aprende mais no celular do que na escola? O h\u00e1bito que est\u00e1 mudando a educa\u00e7\u00e3o"},"content":{"rendered":"\n<p>O acesso instant\u00e2neo \u00e0 informa\u00e7\u00e3o atrav\u00e9s de dispositivos m\u00f3veis transformou a rotina de estudantes e profissionais que buscam conhecimento de maneira aut\u00f4noma. Essa mudan\u00e7a de comportamento levanta discuss\u00f5es profundas sobre como o c\u00e9rebro processa conte\u00fados digitais em compara\u00e7\u00e3o ao ensino convencional aplicado no <strong>Brasil<\/strong>.<\/p>\n\n\n\n<h2 class=\"wp-block-heading\">Como o aprendizado mobile transforma o consumo de informa\u00e7\u00e3o<\/h2>\n\n\n\n<p>A <strong>educa\u00e7\u00e3o digital<\/strong> permite que o usu\u00e1rio filtre exatamente o que deseja aprender, ignorando burocracias curriculares que muitas vezes tornam o ensino presencial cansativo. Ao utilizar ferramentas como o <strong>Google<\/strong> ou plataformas de v\u00eddeo, a reten\u00e7\u00e3o de dados acontece de forma pontual e focada na resolu\u00e7\u00e3o de problemas imediatos.<\/p>\n\n\n\n<p>Estudos indicam que o <strong>microlearning<\/strong>, t\u00e9cnica de consumir p\u00edlulas de conhecimento, adapta-se melhor \u00e0 rotina acelerada do que longas horas em salas de aula. Essa agilidade na entrega de conte\u00fado faz com que a <strong>tecnologia m\u00f3vel<\/strong> seja a principal aliada de quem precisa dominar novas habilidades em tempo recorde.<\/p>\n\n\n<div class=\"wp-block-image\">\n<figure class=\"aligncenter size-full\"><img decoding=\"async\" width=\"1280\" height=\"720\" src=\"https:\/\/www.correiobraziliense.com.br\/cbradar\/wp-content\/uploads\/2026\/04\/celular-1-1.jpg\" alt=\"\" class=\"wp-image-230477\" srcset=\"https:\/\/www.correiobraziliense.com.br\/cbradar\/wp-content\/uploads\/2026\/04\/celular-1-1.jpg 1280w, https:\/\/www.correiobraziliense.com.br\/cbradar\/wp-content\/uploads\/2026\/04\/celular-1-1-300x169.jpg 300w, https:\/\/www.correiobraziliense.com.br\/cbradar\/wp-content\/uploads\/2026\/04\/celular-1-1-768x432.jpg 768w, https:\/\/www.correiobraziliense.com.br\/cbradar\/wp-content\/uploads\/2026\/04\/celular-1-1-750x422.jpg 750w, https:\/\/www.correiobraziliense.com.br\/cbradar\/wp-content\/uploads\/2026\/04\/celular-1-1-1140x641.jpg 1140w\" sizes=\"(max-width: 1280px) 100vw, 1280px\" \/><figcaption class=\"wp-element-caption\">A educa\u00e7\u00e3o digital permite que o usu\u00e1rio filtre exatamente o que deseja aprender<\/figcaption><\/figure><\/div>\n\n\n<p>Leia tamb\u00e9m: <a href=\"https:\/\/www.correiobraziliense.com.br\/cbradar\/?p=229107\" target=\"_blank\" rel=\"noreferrer noopener\">Seu filho vai mal na escola e o problema pode n\u00e3o estar nos estudos<\/a><\/p>\n\n\n\n<h2 class=\"wp-block-heading\">Impacto das redes sociais na reten\u00e7\u00e3o de conhecimento pr\u00e1tico<\/h2>\n\n\n\n<p>Plataformas de v\u00eddeos curtos deixaram de ser apenas entretenimento para se tornarem motores de busca onde a <strong>experi\u00eancia do usu\u00e1rio<\/strong> dita o ritmo do aprendizado. O formato din\u00e2mico facilita a compreens\u00e3o de conceitos complexos atrav\u00e9s de est\u00edmulos visuais e auditivos que o <strong>sistema educacional<\/strong> tradicional raramente consegue replicar com a mesma efic\u00e1cia.<\/p>\n\n\n\n<p>Muitos especialistas afirmam que o engajamento gerado por algoritmos de <strong>intelig\u00eancia artificial<\/strong> mant\u00e9m o estudante conectado por mais tempo a temas de interesse real. Essa personaliza\u00e7\u00e3o extrema do ensino via smartphone garante que cada indiv\u00edduo desenvolva seu pr\u00f3prio m\u00e9todo de estudo, respeitando o tempo de absor\u00e7\u00e3o individual e as prefer\u00eancias cognitivas.<\/p>\n\n\n\n<h2 class=\"wp-block-heading\">Vantagens competitivas de estudar pelo smartphone<\/h2>\n\n\n\n<p>A portabilidade garante que qualquer intervalo no dia se transforme em uma oportunidade valiosa para revisar conceitos ou aprender um novo idioma. Softwares desenvolvidos por marcas como <strong>Apple<\/strong> e <strong>Samsung<\/strong> otimizam a multitarefa, permitindo que o usu\u00e1rio alterne entre livros digitais e aplicativos de produtividade sem perder o foco.<\/p>\n\n\n\n<link href=\"https:\/\/fonts.googleapis.com\/css2?family=Inter:wght@400;600;700;800&#038;display=swap\" rel=\"stylesheet\">\n<style>\n\/* Prote\u00e7\u00e3o contra inje\u00e7\u00e3o do \"Veja Tamb\u00e9m\" (JNews inline related posts) *\/\n.rdp-pontos-wrapper .jnews_inline_related_post_wrapper,\n.rdp-pontos-wrapper .jnews_inline_related_post,\n.rdp-pontos-wrapper .jeg_postblock,\n.rdp-pontos-wrapper [class*=\"jnews_inline\"],\n.rdp-pontos-wrapper [class*=\"jeg_postblock\"],\n.rdp-pontos-wrapper [class*=\"jeg_block\"] {\n  display: none !important;\n  height: 0 !important;\n  max-height: 0 !important;\n  overflow: hidden !important;\n  visibility: hidden !important;\n  margin: 0 !important;\n  padding: 0 !important;\n  border: none !important;\n  font-size: 0 !important;\n  line-height: 0 !important;\n}\n.rdp-pontos-wrapper {\n  max-width: 100%;\n  margin: 32px 0;\n  background: #F0F9FF; \/* Fundo azul tecnol\u00f3gico suave *\/\n  border: 1px solid #BAE6FD;\n  border-radius: 12px;\n  padding: 28px 28px 20px;\n  font-family: 'Inter', sans-serif;\n  box-shadow: 0 4px 20px rgba(14,165,233,0.08);\n  overflow: hidden;\n  contain: layout style;\n  isolation: isolate;\n  position: relative;\n  z-index: 1;\n}\n.rdp-pontos-wrapper > *:not(.rdp-pontos-title):not(.rdp-pontos-grid) {\n  display: none !important;\n  height: 0 !important;\n  overflow: hidden !important;\n  margin: 0 !important;\n  padding: 0 !important;\n  border: none !important;\n}\n.rdp-pontos-title {\n  font-family: 'Inter', sans-serif;\n  font-size: 20px;\n  font-weight: 800;\n  color: #0369A1;\n  margin: 0 0 20px 0;\n  line-height: 1.3;\n  text-align: center;\n}\n.rdp-pontos-grid {\n  display: grid;\n  grid-template-columns: repeat(2, 1fr);\n  gap: 18px;\n}\n.rdp-pontos-item {\n  background: #FFFFFF;\n  border: 1px solid #BAE6FD;\n  border-top: 3px solid #0EA5E9; \/* Azul vibrante *\/\n  border-radius: 10px;\n  padding: 22px 20px;\n  box-shadow: 0 2px 10px rgba(14,165,233,0.05);\n  transition: box-shadow 0.3s ease, border-color 0.3s ease;\n  text-align: center;\n}\n.rdp-pontos-item:hover {\n  box-shadow: 0 4px 20px rgba(14,165,233,0.18);\n  border-color: #0EA5E9;\n}\n.rdp-pontos-emoji {\n  font-size: 32px;\n  line-height: 1;\n  margin-bottom: 12px;\n  display: block;\n  text-align: center;\n}\n.rdp-pontos-item-title {\n  font-size: 15px;\n  font-weight: 700;\n  color: #0F172A;\n  margin-bottom: 8px;\n  line-height: 1.3;\n}\n.rdp-pontos-item-desc {\n  font-size: 14px;\n  color: #334155;\n  line-height: 1.6;\n  margin: 0;\n}\n@media (max-width: 768px) {\n  .rdp-pontos-wrapper {\n    padding: 20px 16px 14px;\n  }\n  .rdp-pontos-grid {\n    grid-template-columns: 1fr;\n    gap: 14px;\n  }\n  .rdp-pontos-title {\n    font-size: 18px;\n  }\n}\n<\/style>\n\n<div class=\"rdp-pontos-wrapper\">\n  <div class=\"rdp-pontos-title\">Vantagens do Ensino e Especializa\u00e7\u00e3o Digital<\/div>\n  <div class=\"rdp-pontos-grid\">\n    <div class=\"rdp-pontos-item\">\n      <span class=\"rdp-pontos-emoji\">\ud83c\udf0e<\/span>\n      <div class=\"rdp-pontos-item-title\">Acesso Democr\u00e1tico<\/div>\n      <p class=\"rdp-pontos-item-desc\">Disponibilidade de cursos gratuitos em institui\u00e7\u00f5es internacionais de alto renome global.<\/p>\n    <\/div>\n    <div class=\"rdp-pontos-item\">\n      <span class=\"rdp-pontos-emoji\">\ud83d\udd04<\/span>\n      <div class=\"rdp-pontos-item-title\">Atualiza\u00e7\u00e3o Cont\u00ednua<\/div>\n      <p class=\"rdp-pontos-item-desc\">Materiais did\u00e1ticos renovados constantemente, eliminando a depend\u00eancia de livros f\u00edsicos novos.<\/p>\n    <\/div>\n    <div class=\"rdp-pontos-item\">\n      <span class=\"rdp-pontos-emoji\">\ud83d\udcac<\/span>\n      <div class=\"rdp-pontos-item-title\">Interatividade Global<\/div>\n      <p class=\"rdp-pontos-item-desc\">Conex\u00e3o com comunidades mundiais para discutir temas espec\u00edficos em tempo real.<\/p>\n    <\/div>\n    <div class=\"rdp-pontos-item\">\n      <span class=\"rdp-pontos-emoji\">\u26a1<\/span>\n      <div class=\"rdp-pontos-item-title\">Flexibilidade Total<\/div>\n      <p class=\"rdp-pontos-item-desc\">Gest\u00e3o de hor\u00e1rios que permite conciliar a rotina de trabalho e estudos de forma org\u00e2nica.<\/p>\n    <\/div>\n  <\/div>\n<\/div>\n<div style=\"clear:both;height:0;overflow:hidden;\"><\/div>\n\n\n\n<h2 class=\"wp-block-heading\">Diferen\u00e7as entre o ensino acad\u00eamico e o autodidatismo digital<\/h2>\n\n\n\n<p>Enquanto a escola foca na base te\u00f3rica e na socializa\u00e7\u00e3o, o <strong>aparelho celular<\/strong> oferece ferramentas pr\u00e1ticas que conectam o estudante diretamente ao mercado de trabalho global. Grandes empresas como a <strong>Google<\/strong> e a <strong>Microsoft<\/strong> j\u00e1 valorizam certifica\u00e7\u00f5es obtidas online tanto quanto diplomas emitidos por universidades de renome em pa\u00edses como os <strong>Estados Unidos<\/strong>.<\/p>\n\n\n\n<p>O grande diferencial reside na aplica\u00e7\u00e3o imediata do que \u00e9 lido ou assistido na tela, criando um ciclo de <em>feedback<\/em> instant\u00e2neo para o aluno. Entender essa din\u00e2mica \u00e9 fundamental para quem deseja equilibrar a forma\u00e7\u00e3o acad\u00eamica com a agilidade exigida pelas novas <strong>tend\u00eancias tecnol\u00f3gicas<\/strong> da atualidade.<\/p>\n\n\n\n<p>Dominar essas ferramentas coloca o profissional em um patamar de autonomia que o sistema de ensino convencional dificilmente consegue proporcionar sozinho. Experimentar diferentes formatos de m\u00eddia pode ser o diferencial para quem busca uma evolu\u00e7\u00e3o constante na carreira ou nos estudos acad\u00eamicos.<\/p>\n\n\n<div class=\"wp-block-image\">\n<figure class=\"aligncenter size-full\"><img decoding=\"async\" width=\"1280\" height=\"720\" src=\"https:\/\/www.correiobraziliense.com.br\/cbradar\/wp-content\/uploads\/2026\/04\/pessoa-estudando-1.jpg\" alt=\"\" class=\"wp-image-231201\" srcset=\"https:\/\/www.correiobraziliense.com.br\/cbradar\/wp-content\/uploads\/2026\/04\/pessoa-estudando-1.jpg 1280w, https:\/\/www.correiobraziliense.com.br\/cbradar\/wp-content\/uploads\/2026\/04\/pessoa-estudando-1-300x169.jpg 300w, https:\/\/www.correiobraziliense.com.br\/cbradar\/wp-content\/uploads\/2026\/04\/pessoa-estudando-1-768x432.jpg 768w, https:\/\/www.correiobraziliense.com.br\/cbradar\/wp-content\/uploads\/2026\/04\/pessoa-estudando-1-750x422.jpg 750w, https:\/\/www.correiobraziliense.com.br\/cbradar\/wp-content\/uploads\/2026\/04\/pessoa-estudando-1-1140x641.jpg 1140w\" sizes=\"(max-width: 1280px) 100vw, 1280px\" \/><figcaption class=\"wp-element-caption\">Plataformas de v\u00eddeos curtos deixaram de ser apenas entretenimento para se tornarem motores de busca onde a experi\u00eancia do usu\u00e1rio<\/figcaption><\/figure><\/div>\n\n\n<h2 class=\"wp-block-heading\">Futuro da educa\u00e7\u00e3o integra tecnologia e ensino humano<\/h2>\n\n\n\n<p>A tend\u00eancia para os pr\u00f3ximos anos \u00e9 que as institui\u00e7\u00f5es de ensino incorporem a <strong>conectividade m\u00f3vel<\/strong> como parte essencial do plano pedag\u00f3gico oficial. Em vez de competir com as telas, professores e gestores buscam formas de utilizar o <strong>smartphone<\/strong> como uma extens\u00e3o do laborat\u00f3rio e da biblioteca tradicional.<\/p>\n\n\n\n<p>O equil\u00edbrio entre a profundidade te\u00f3rica dos livros e a velocidade das plataformas digitais definir\u00e1 o sucesso da nova gera\u00e7\u00e3o de estudantes. Adaptar-se a essa realidade \u00e9 o caminho mais seguro para garantir que o conhecimento continue sendo uma ferramenta de transforma\u00e7\u00e3o social e profissional em um mundo cada vez mais digitalizado.<\/p>\n","protected":false},"excerpt":{"rendered":"<p>O acesso instant\u00e2neo \u00e0 informa\u00e7\u00e3o atrav\u00e9s de dispositivos m\u00f3veis transformou a rotina de estudantes e profissionais que buscam conhecimento de maneira aut\u00f4noma. Essa mudan\u00e7a de comportamento levanta discuss\u00f5es profundas sobre como o c\u00e9rebro processa conte\u00fados digitais em compara\u00e7\u00e3o ao ensino convencional aplicado no Brasil. Como o aprendizado mobile transforma o consumo de informa\u00e7\u00e3o A educa\u00e7\u00e3o [&hellip;]<\/p>\n","protected":false},"author":9,"featured_media":232011,"comment_status":"open","ping_status":"open","sticky":false,"template":"","format":"standard","meta":{"_yoast_wpseo_focuskw":"mexer no celular","_yoast_wpseo_title":"","_yoast_wpseo_metadesc":"O uso do celular nos estudos cresce e muda a forma de aprender com mais agilidade, foco e autonomia no dia a dia.","jnews-multi-image_gallery":[],"jnews_single_post":{"format":"standard"},"jnews_primary_category":[],"jnews_social_meta":[],"jnews_override_counter":[],"footnotes":""},"categories":[112],"post_tag":[],"class_list":["post-231200","post","type-post","status-publish","format-standard","has-post-thumbnail","hentry","category-curiosidades"],"yoast_head":"<!-- This site is optimized with the Yoast SEO plugin v24.6 - https:\/\/yoast.com\/wordpress\/plugins\/seo\/ -->\n<title>Voc\u00ea aprende mais no celular do que na escola? O h\u00e1bito que est\u00e1 mudando a educa\u00e7\u00e3o - Correio Braziliense - Radar<\/title>\n<meta name=\"description\" content=\"O uso do celular nos estudos cresce e muda a forma de aprender com mais agilidade, foco e autonomia no dia a dia.\" \/>\n<meta name=\"robots\" content=\"index, follow, max-snippet:-1, max-image-preview:large, max-video-preview:-1\" \/>\n<link rel=\"canonical\" href=\"https:\/\/www.correiobraziliense.com.br\/cbradar\/voce-aprende-mais-no-celular-do-que-na-escola-o-habito-que-esta-mudando-a-educacao\/\" \/>\n<meta property=\"og:locale\" content=\"pt_BR\" \/>\n<meta property=\"og:type\" content=\"article\" \/>\n<meta property=\"og:title\" content=\"Voc\u00ea aprende mais no celular do que na escola? O h\u00e1bito que est\u00e1 mudando a educa\u00e7\u00e3o - Correio Braziliense - Radar\" \/>\n<meta property=\"og:description\" content=\"O uso do celular nos estudos cresce e muda a forma de aprender com mais agilidade, foco e autonomia no dia a dia.\" \/>\n<meta property=\"og:url\" content=\"https:\/\/www.correiobraziliense.com.br\/cbradar\/voce-aprende-mais-no-celular-do-que-na-escola-o-habito-que-esta-mudando-a-educacao\/\" \/>\n<meta property=\"og:site_name\" content=\"Correio Braziliense - Radar\" \/>\n<meta property=\"article:published_time\" content=\"2026-04-26T10:05:00+00:00\" \/>\n<meta property=\"og:image\" content=\"https:\/\/www.correiobraziliense.com.br\/cbradar\/wp-content\/uploads\/2026\/04\/freepik_smartphone-exibindo-aula-_2864434943.jpeg\" \/>\n\t<meta property=\"og:image:width\" content=\"1376\" \/>\n\t<meta property=\"og:image:height\" content=\"768\" \/>\n\t<meta property=\"og:image:type\" content=\"image\/jpeg\" \/>\n<meta name=\"author\" content=\"Daniely Cardoso\" \/>\n<meta name=\"twitter:card\" content=\"summary_large_image\" \/>\n<meta name=\"twitter:label1\" content=\"Escrito por\" \/>\n\t<meta name=\"twitter:data1\" content=\"Daniely Cardoso\" \/>\n\t<meta name=\"twitter:label2\" content=\"Est. tempo de leitura\" \/>\n\t<meta name=\"twitter:data2\" content=\"5 minutos\" \/>\n<!-- \/ Yoast SEO plugin. -->","yoast_head_json":{"title":"Voc\u00ea aprende mais no celular do que na escola? O h\u00e1bito que est\u00e1 mudando a educa\u00e7\u00e3o - Correio Braziliense - Radar","description":"O uso do celular nos estudos cresce e muda a forma de aprender com mais agilidade, foco e autonomia no dia a dia.","robots":{"index":"index","follow":"follow","max-snippet":"max-snippet:-1","max-image-preview":"max-image-preview:large","max-video-preview":"max-video-preview:-1"},"canonical":"https:\/\/www.correiobraziliense.com.br\/cbradar\/voce-aprende-mais-no-celular-do-que-na-escola-o-habito-que-esta-mudando-a-educacao\/","og_locale":"pt_BR","og_type":"article","og_title":"Voc\u00ea aprende mais no celular do que na escola? O h\u00e1bito que est\u00e1 mudando a educa\u00e7\u00e3o - Correio Braziliense - Radar","og_description":"O uso do celular nos estudos cresce e muda a forma de aprender com mais agilidade, foco e autonomia no dia a dia.","og_url":"https:\/\/www.correiobraziliense.com.br\/cbradar\/voce-aprende-mais-no-celular-do-que-na-escola-o-habito-que-esta-mudando-a-educacao\/","og_site_name":"Correio Braziliense - Radar","article_published_time":"2026-04-26T10:05:00+00:00","og_image":[{"width":1376,"height":768,"url":"https:\/\/www.correiobraziliense.com.br\/cbradar\/wp-content\/uploads\/2026\/04\/freepik_smartphone-exibindo-aula-_2864434943.jpeg","type":"image\/jpeg"}],"author":"Daniely Cardoso","twitter_card":"summary_large_image","twitter_misc":{"Escrito por":"Daniely Cardoso","Est. tempo de leitura":"5 minutos"},"schema":{"@context":"https:\/\/schema.org","@graph":[{"@type":"WebPage","@id":"https:\/\/www.correiobraziliense.com.br\/cbradar\/voce-aprende-mais-no-celular-do-que-na-escola-o-habito-que-esta-mudando-a-educacao\/","url":"https:\/\/www.correiobraziliense.com.br\/cbradar\/voce-aprende-mais-no-celular-do-que-na-escola-o-habito-que-esta-mudando-a-educacao\/","name":"Voc\u00ea aprende mais no celular do que na escola? O h\u00e1bito que est\u00e1 mudando a educa\u00e7\u00e3o - Correio Braziliense - Radar","isPartOf":{"@id":"https:\/\/www.correiobraziliense.com.br\/cbradar\/#website"},"primaryImageOfPage":{"@id":"https:\/\/www.correiobraziliense.com.br\/cbradar\/voce-aprende-mais-no-celular-do-que-na-escola-o-habito-que-esta-mudando-a-educacao\/#primaryimage"},"image":{"@id":"https:\/\/www.correiobraziliense.com.br\/cbradar\/voce-aprende-mais-no-celular-do-que-na-escola-o-habito-que-esta-mudando-a-educacao\/#primaryimage"},"thumbnailUrl":"https:\/\/www.correiobraziliense.com.br\/cbradar\/wp-content\/uploads\/2026\/04\/freepik_smartphone-exibindo-aula-_2864434943.jpeg","datePublished":"2026-04-26T10:05:00+00:00","author":{"@id":"https:\/\/www.correiobraziliense.com.br\/cbradar\/#\/schema\/person\/7356666e12ec0ee53f348ee5db227032"},"description":"O uso do celular nos estudos cresce e muda a forma de aprender com mais agilidade, foco e autonomia no dia a dia.","breadcrumb":{"@id":"https:\/\/www.correiobraziliense.com.br\/cbradar\/voce-aprende-mais-no-celular-do-que-na-escola-o-habito-que-esta-mudando-a-educacao\/#breadcrumb"},"inLanguage":"pt-BR","potentialAction":[{"@type":"ReadAction","target":["https:\/\/www.correiobraziliense.com.br\/cbradar\/voce-aprende-mais-no-celular-do-que-na-escola-o-habito-que-esta-mudando-a-educacao\/"]}]},{"@type":"ImageObject","inLanguage":"pt-BR","@id":"https:\/\/www.correiobraziliense.com.br\/cbradar\/voce-aprende-mais-no-celular-do-que-na-escola-o-habito-que-esta-mudando-a-educacao\/#primaryimage","url":"https:\/\/www.correiobraziliense.com.br\/cbradar\/wp-content\/uploads\/2026\/04\/freepik_smartphone-exibindo-aula-_2864434943.jpeg","contentUrl":"https:\/\/www.correiobraziliense.com.br\/cbradar\/wp-content\/uploads\/2026\/04\/freepik_smartphone-exibindo-aula-_2864434943.jpeg","width":1376,"height":768,"caption":"Essa agilidade na entrega de conte\u00fado faz com que a tecnologia m\u00f3vel"},{"@type":"BreadcrumbList","@id":"https:\/\/www.correiobraziliense.com.br\/cbradar\/voce-aprende-mais-no-celular-do-que-na-escola-o-habito-que-esta-mudando-a-educacao\/#breadcrumb","itemListElement":[{"@type":"ListItem","position":1,"name":"In\u00edcio","item":"https:\/\/www.correiobraziliense.com.br\/cbradar\/"},{"@type":"ListItem","position":2,"name":"Voc\u00ea aprende mais no celular do que na escola? O h\u00e1bito que est\u00e1 mudando a educa\u00e7\u00e3o"}]},{"@type":"WebSite","@id":"https:\/\/www.correiobraziliense.com.br\/cbradar\/#website","url":"https:\/\/www.correiobraziliense.com.br\/cbradar\/","name":"Correio Braziliense - Radar","description":"Acompanhe as \u00faltimas not\u00edcias e fique bem informado sobre tudo o que acontece no Brasil e no mundo.","potentialAction":[{"@type":"SearchAction","target":{"@type":"EntryPoint","urlTemplate":"https:\/\/www.correiobraziliense.com.br\/cbradar\/?s={search_term_string}"},"query-input":{"@type":"PropertyValueSpecification","valueRequired":true,"valueName":"search_term_string"}}],"inLanguage":"pt-BR"},{"@type":"Person","@id":"https:\/\/www.correiobraziliense.com.br\/cbradar\/#\/schema\/person\/7356666e12ec0ee53f348ee5db227032","name":"Daniely Cardoso","image":{"@type":"ImageObject","inLanguage":"pt-BR","@id":"https:\/\/www.correiobraziliense.com.br\/cbradar\/#\/schema\/person\/image\/","url":"https:\/\/secure.gravatar.com\/avatar\/4b80ddbd124d1f071b626d52d62e5dff?s=96&d=mm&r=g","contentUrl":"https:\/\/secure.gravatar.com\/avatar\/4b80ddbd124d1f071b626d52d62e5dff?s=96&d=mm&r=g","caption":"Daniely Cardoso"},"description":"Redatora nos portais CB Radar e EM Foco, formada pela Universidade Federal de Goi\u00e1s, em Goi\u00e2nia. Apaixonada por comunica\u00e7\u00e3o, arte, decora\u00e7\u00e3o e tend\u00eancias, atuo na produ\u00e7\u00e3o de conte\u00fados envolventes sobre curiosidades, moda, beleza e paisagismo, sempre com um olhar atento \u00e0s novidades do momento.","sameAs":["https:\/\/www.correiobraziliense.com.br\/cbradar"],"url":"https:\/\/www.correiobraziliense.com.br\/cbradar\/author\/danielymyth\/"}]}},"_links":{"self":[{"href":"https:\/\/www.correiobraziliense.com.br\/cbradar\/wp-json\/wp\/v2\/posts\/231200","targetHints":{"allow":["GET"]}}],"collection":[{"href":"https:\/\/www.correiobraziliense.com.br\/cbradar\/wp-json\/wp\/v2\/posts"}],"about":[{"href":"https:\/\/www.correiobraziliense.com.br\/cbradar\/wp-json\/wp\/v2\/types\/post"}],"author":[{"embeddable":true,"href":"https:\/\/www.correiobraziliense.com.br\/cbradar\/wp-json\/wp\/v2\/users\/9"}],"replies":[{"embeddable":true,"href":"https:\/\/www.correiobraziliense.com.br\/cbradar\/wp-json\/wp\/v2\/comments?post=231200"}],"version-history":[{"count":1,"href":"https:\/\/www.correiobraziliense.com.br\/cbradar\/wp-json\/wp\/v2\/posts\/231200\/revisions"}],"predecessor-version":[{"id":231202,"href":"https:\/\/www.correiobraziliense.com.br\/cbradar\/wp-json\/wp\/v2\/posts\/231200\/revisions\/231202"}],"wp:featuredmedia":[{"embeddable":true,"href":"https:\/\/www.correiobraziliense.com.br\/cbradar\/wp-json\/wp\/v2\/media\/232011"}],"wp:attachment":[{"href":"https:\/\/www.correiobraziliense.com.br\/cbradar\/wp-json\/wp\/v2\/media?parent=231200"}],"wp:term":[{"taxonomy":"category","embeddable":true,"href":"https:\/\/www.correiobraziliense.com.br\/cbradar\/wp-json\/wp\/v2\/categories?post=231200"},{"taxonomy":"post_tag","embeddable":true,"href":"https:\/\/www.correiobraziliense.com.br\/cbradar\/wp-json\/wp\/v2\/post_tag?post=231200"}],"curies":[{"name":"wp","href":"https:\/\/api.w.org\/{rel}","templated":true}]}}