{"id":231203,"date":"2026-04-26T08:55:00","date_gmt":"2026-04-26T11:55:00","guid":{"rendered":"https:\/\/www.correiobraziliense.com.br\/cbradar\/?p=231203"},"modified":"2026-04-25T14:43:55","modified_gmt":"2026-04-25T17:43:55","slug":"dizer-nao-o-tempo-todo-pode-nao-ensinar-o-que-seu-filho-realmente-precisa","status":"publish","type":"post","link":"https:\/\/www.correiobraziliense.com.br\/cbradar\/dizer-nao-o-tempo-todo-pode-nao-ensinar-o-que-seu-filho-realmente-precisa\/","title":{"rendered":"Dizer \u201cn\u00e3o\u201d o tempo todo pode n\u00e3o ensinar o que seu filho realmente precisa"},"content":{"rendered":"\n<p>Muitas fam\u00edlias acreditam que a imposi\u00e7\u00e3o constante de limites severos \u00e9 a \u00fanica forma de garantir a disciplina e o respeito dentro de casa. No entanto, o excesso de negativas sem explica\u00e7\u00f5es claras pode gerar um bloqueio na comunica\u00e7\u00e3o e impedir que a crian\u00e7a compreenda o real motivo por tr\u00e1s das regras impostas pelos <strong>pais<\/strong>.<\/p>\n\n\n\n<h2 class=\"wp-block-heading\">O impacto psicol\u00f3gico da negativa constante na inf\u00e2ncia<\/h2>\n\n\n\n<p>Quando a palavra <strong>n\u00e3o<\/strong> se torna a resposta padr\u00e3o para qualquer iniciativa, o c\u00e9rebro da crian\u00e7a tende a entrar em um estado de defesa ou apatia criativa. Esse comportamento repetitivo por parte dos cuidadores pode minar a <strong>autoconfian\u00e7a infantil<\/strong>, fazendo com que o pequeno sinta medo de explorar o ambiente ou de expressar seus desejos naturais.<\/p>\n\n\n\n<p>Especialistas em psicologia do desenvolvimento afirmam que o uso indiscriminado de proibi\u00e7\u00f5es retira o peso da palavra, tornando-a um ru\u00eddo de fundo sem valor educativo real. Para que a <strong>disciplina positiva<\/strong> funcione, \u00e9 preciso que a interdi\u00e7\u00e3o seja pontual e acompanhada de uma alternativa que direcione o comportamento para algo construtivo e seguro.<\/p>\n\n\n\n<figure class=\"wp-block-image size-full\"><img decoding=\"async\" width=\"1280\" height=\"720\" src=\"https:\/\/www.correiobraziliense.com.br\/cbradar\/wp-content\/uploads\/2026\/04\/pessoa-dizendo-nao.jpg\" alt=\"\" class=\"wp-image-231204\" srcset=\"https:\/\/www.correiobraziliense.com.br\/cbradar\/wp-content\/uploads\/2026\/04\/pessoa-dizendo-nao.jpg 1280w, https:\/\/www.correiobraziliense.com.br\/cbradar\/wp-content\/uploads\/2026\/04\/pessoa-dizendo-nao-300x169.jpg 300w, https:\/\/www.correiobraziliense.com.br\/cbradar\/wp-content\/uploads\/2026\/04\/pessoa-dizendo-nao-768x432.jpg 768w, https:\/\/www.correiobraziliense.com.br\/cbradar\/wp-content\/uploads\/2026\/04\/pessoa-dizendo-nao-750x422.jpg 750w, https:\/\/www.correiobraziliense.com.br\/cbradar\/wp-content\/uploads\/2026\/04\/pessoa-dizendo-nao-1140x641.jpg 1140w\" sizes=\"(max-width: 1280px) 100vw, 1280px\" \/><figcaption class=\"wp-element-caption\">Quando a palavra n\u00e3o se torna a resposta padr\u00e3o para qualquer iniciativa, o c\u00e9rebro da crian\u00e7a tende a entrar em um estado de defesa<\/figcaption><\/figure>\n\n\n\n<p>Leia tamb\u00e9m: <a href=\"https:\/\/www.correiobraziliense.com.br\/cbradar\/?p=229107\" target=\"_blank\" rel=\"noreferrer noopener\">Seu filho vai mal na escola e o problema pode n\u00e3o estar nos estudos<\/a><\/p>\n\n\n\n<h2 class=\"wp-block-heading\">Por que substituir a proibi\u00e7\u00e3o por orienta\u00e7\u00f5es assertivas<\/h2>\n\n\n\n<p>Substituir o comando negativo por frases afirmativas ajuda a estruturar o racioc\u00ednio l\u00f3gico da crian\u00e7a e fortalece a <strong>intelig\u00eancia emocional<\/strong> desde cedo. Em vez de apenas impedir uma a\u00e7\u00e3o, o adulto atua como um mentor que apresenta as consequ\u00eancias de cada escolha, permitindo que o filho entenda o <strong>conceito de responsabilidade<\/strong> individual.<\/p>\n\n\n\n<p>Ao explicar o motivo de uma restri\u00e7\u00e3o, voc\u00ea oferece repert\u00f3rio para que a crian\u00e7a aprenda a tomar decis\u00f5es melhores no futuro, mesmo quando n\u00e3o houver supervis\u00e3o. Essa mudan\u00e7a na <strong>comunica\u00e7\u00e3o n\u00e3o violenta<\/strong> transforma o ambiente familiar em um espa\u00e7o de aprendizado m\u00fatuo, onde o respeito \u00e9 conquistado pela compreens\u00e3o e n\u00e3o apenas pelo receio da puni\u00e7\u00e3o.<\/p>\n\n\n\n<h2 class=\"wp-block-heading\">Dicas pr\u00e1ticas para educar sem excesso de limites verbais<\/h2>\n\n\n\n<p>Mudar o vocabul\u00e1rio cotidiano exige treino e paci\u00eancia, mas os resultados na <strong>harmonia familiar<\/strong> s\u00e3o vis\u00edveis em pouco tempo atrav\u00e9s da redu\u00e7\u00e3o de birras e conflitos. Foque em descrever o que deve ser feito, oferecendo op\u00e7\u00f5es limitadas que ainda deem \u00e0 crian\u00e7a uma sensa\u00e7\u00e3o de controle sobre suas pr\u00f3prias a\u00e7\u00f5es e ambiente.<\/p>\n\n\n\n<link href=\"https:\/\/fonts.googleapis.com\/css2?family=Inter:wght@400;600;700;800&#038;display=swap\" rel=\"stylesheet\">\n<style>\n\/* Prote\u00e7\u00e3o contra inje\u00e7\u00e3o do \"Veja Tamb\u00e9m\" (JNews inline related posts) *\/\n.rdp-pontos-wrapper .jnews_inline_related_post_wrapper,\n.rdp-pontos-wrapper .jnews_inline_related_post,\n.rdp-pontos-wrapper .jeg_postblock,\n.rdp-pontos-wrapper [class*=\"jnews_inline\"],\n.rdp-pontos-wrapper [class*=\"jeg_postblock\"],\n.rdp-pontos-wrapper [class*=\"jeg_block\"] {\n  display: none !important;\n  height: 0 !important;\n  max-height: 0 !important;\n  overflow: hidden !important;\n  visibility: hidden !important;\n  margin: 0 !important;\n  padding: 0 !important;\n  border: none !important;\n  font-size: 0 !important;\n  line-height: 0 !important;\n}\n.rdp-pontos-wrapper {\n  max-width: 100%;\n  margin: 32px 0;\n  background: #FFF9F5; \/* Fundo p\u00eassego clar\u00edssimo *\/\n  border: 1px solid #F3E2D7;\n  border-radius: 12px;\n  padding: 28px 28px 20px;\n  font-family: 'Inter', sans-serif;\n  box-shadow: 0 4px 20px rgba(203,110,83,0.08);\n  overflow: hidden;\n  contain: layout style;\n  isolation: isolate;\n  position: relative;\n  z-index: 1;\n}\n.rdp-pontos-wrapper > *:not(.rdp-pontos-title):not(.rdp-pontos-grid) {\n  display: none !important;\n  height: 0 !important;\n  overflow: hidden !important;\n  margin: 0 !important;\n  padding: 0 !important;\n  border: none !important;\n}\n.rdp-pontos-title {\n  font-family: 'Inter', sans-serif;\n  font-size: 20px;\n  font-weight: 800;\n  color: #8C4A32;\n  margin: 0 0 20px 0;\n  line-height: 1.3;\n  text-align: center;\n}\n.rdp-pontos-grid {\n  display: grid;\n  grid-template-columns: repeat(2, 1fr);\n  gap: 18px;\n}\n.rdp-pontos-item {\n  background: #FFFFFF;\n  border: 1px solid #F3E2D7;\n  border-top: 3px solid #CB6E53; \/* Terracota *\/\n  border-radius: 10px;\n  padding: 22px 20px;\n  box-shadow: 0 2px 10px rgba(203,110,83,0.05);\n  transition: box-shadow 0.3s ease, border-color 0.3s ease;\n  text-align: center;\n}\n.rdp-pontos-item:hover {\n  box-shadow: 0 4px 20px rgba(203,110,83,0.18);\n  border-color: #CB6E53;\n}\n.rdp-pontos-emoji {\n  font-size: 32px;\n  line-height: 1;\n  margin-bottom: 12px;\n  display: block;\n  text-align: center;\n}\n.rdp-pontos-item-title {\n  font-size: 15px;\n  font-weight: 700;\n  color: #1A1A1A;\n  margin-bottom: 8px;\n  line-height: 1.3;\n}\n.rdp-pontos-item-desc {\n  font-size: 14px;\n  color: #4A4A4A;\n  line-height: 1.6;\n  margin: 0;\n}\n@media (max-width: 768px) {\n  .rdp-pontos-wrapper {\n    padding: 20px 16px 14px;\n  }\n  .rdp-pontos-grid {\n    grid-template-columns: 1fr;\n    gap: 14px;\n  }\n  .rdp-pontos-title {\n    font-size: 18px;\n  }\n}\n<\/style>\n\n<div class=\"rdp-pontos-wrapper\">\n  <div class=\"rdp-pontos-title\">Estrat\u00e9gias para uma Comunica\u00e7\u00e3o Parental Consciente<\/div>\n  <div class=\"rdp-pontos-grid\">\n    <div class=\"rdp-pontos-item\">\n      <span class=\"rdp-pontos-emoji\">\ud83d\udd04<\/span>\n      <div class=\"rdp-pontos-item-title\">Alternativas Vi\u00e1veis<\/div>\n      <p class=\"rdp-pontos-item-desc\">Em vez de apenas interromper a a\u00e7\u00e3o, sugira algo que satisfa\u00e7a a curiosidade natural da crian\u00e7a.<\/p>\n    <\/div>\n    <div class=\"rdp-pontos-item\">\n      <span class=\"rdp-pontos-emoji\">\ud83d\udee1\ufe0f<\/span>\n      <div class=\"rdp-pontos-item-title\">Consci\u00eancia do Perigo<\/div>\n      <p class=\"rdp-pontos-item-desc\">Explique riscos reais de forma simples para desenvolver o instinto de preserva\u00e7\u00e3o, n\u00e3o o medo.<\/p>\n    <\/div>\n    <div class=\"rdp-pontos-item\">\n      <span class=\"rdp-pontos-emoji\">\u2764\ufe0f<\/span>\n      <div class=\"rdp-pontos-item-title\">Valida\u00e7\u00e3o Emocional<\/div>\n      <p class=\"rdp-pontos-item-desc\">Valide o sentimento antes da regra, mostrando que voc\u00ea entende o desejo, mas prioriza a cautela.<\/p>\n    <\/div>\n    <div class=\"rdp-pontos-item\">\n      <span class=\"rdp-pontos-emoji\">\u2728<\/span>\n      <div class=\"rdp-pontos-item-title\">Linguagem Positiva<\/div>\n      <p class=\"rdp-pontos-item-desc\">Foque no comportamento esperado (ex: &#8220;ande devagar&#8221;) em vez da proibi\u00e7\u00e3o para facilitar a execu\u00e7\u00e3o.<\/p>\n    <\/div>\n  <\/div>\n<\/div>\n<div style=\"clear:both;height:0;overflow:hidden;\"><\/div>\n\n\n\n<p>Aplicar essas t\u00e9cnicas no dia a dia requer um esfor\u00e7o consciente para quebrar ciclos de educa\u00e7\u00e3o autorit\u00e1ria herdados de gera\u00e7\u00f5es anteriores. Ao observar a rea\u00e7\u00e3o do seu filho a essas novas abordagens, voc\u00ea notar\u00e1 uma colabora\u00e7\u00e3o muito mais espont\u00e2nea e menos resistente \u00e0s regras necess\u00e1rias da casa.<\/p>\n\n\n\n<h2 class=\"wp-block-heading\">A import\u00e2ncia da clareza na constru\u00e7\u00e3o dos valores familiares<\/h2>\n\n\n\n<p>A clareza nas instru\u00e7\u00f5es permite que a crian\u00e7a construa um mapa mental sobre o que \u00e9 aceit\u00e1vel em diferentes contextos sociais, seja na escola ou na casa de <strong>parentes<\/strong>. Quando o <strong>n\u00e3o<\/strong> \u00e9 reservado apenas para situa\u00e7\u00f5es de risco real ou falta de \u00e9tica, ele recupera sua for\u00e7a e autoridade, sendo atendido com muito mais prontid\u00e3o.<\/p>\n\n\n\n<p>Uma postura educativa baseada no di\u00e1logo prepara o indiv\u00edduo para lidar com as frustra\u00e7\u00f5es da vida adulta de maneira resiliente e equilibrada. Investir tempo na explica\u00e7\u00e3o dos limites hoje \u00e9 garantir que seu filho se torne um adulto capaz de discernir entre o certo e o errado com autonomia e seguran\u00e7a emocional.<\/p>\n\n\n<div class=\"wp-block-image\">\n<figure class=\"aligncenter size-full\"><img decoding=\"async\" width=\"1280\" height=\"720\" src=\"https:\/\/www.correiobraziliense.com.br\/cbradar\/wp-content\/uploads\/2026\/04\/pessoa-dizendo-nao-1.jpg\" alt=\"\" class=\"wp-image-231205\" srcset=\"https:\/\/www.correiobraziliense.com.br\/cbradar\/wp-content\/uploads\/2026\/04\/pessoa-dizendo-nao-1.jpg 1280w, https:\/\/www.correiobraziliense.com.br\/cbradar\/wp-content\/uploads\/2026\/04\/pessoa-dizendo-nao-1-300x169.jpg 300w, https:\/\/www.correiobraziliense.com.br\/cbradar\/wp-content\/uploads\/2026\/04\/pessoa-dizendo-nao-1-768x432.jpg 768w, https:\/\/www.correiobraziliense.com.br\/cbradar\/wp-content\/uploads\/2026\/04\/pessoa-dizendo-nao-1-750x422.jpg 750w, https:\/\/www.correiobraziliense.com.br\/cbradar\/wp-content\/uploads\/2026\/04\/pessoa-dizendo-nao-1-1140x641.jpg 1140w\" sizes=\"(max-width: 1280px) 100vw, 1280px\" \/><figcaption class=\"wp-element-caption\">A clareza nas instru\u00e7\u00f5es permite que a crian\u00e7a construa um mapa mental sobre o que \u00e9 aceit\u00e1vel em diferentes contextos sociais<\/figcaption><\/figure><\/div>\n\n\n<h2 class=\"wp-block-heading\">O di\u00e1logo fortalece o aprendizado e o v\u00ednculo afetivo<\/h2>\n\n\n\n<p>Educar \u00e9 um processo de repeti\u00e7\u00e3o e acolhimento que vai muito al\u00e9m de ditar ordens ou estabelecer proibi\u00e7\u00f5es r\u00edgidas no cotidiano. O uso estrat\u00e9gico da palavra <strong>n\u00e3o<\/strong> protege a crian\u00e7a, mas \u00e9 a explica\u00e7\u00e3o amorosa e o exemplo pr\u00e1tico que realmente ensinam as li\u00e7\u00f5es valiosas que ela levar\u00e1 para o resto da vida.<\/p>\n\n\n\n<p>Ao priorizar a conex\u00e3o antes da corre\u00e7\u00e3o, os pais estabelecem um canal de confian\u00e7a que facilita a aceita\u00e7\u00e3o de regras complexas ao longo da adolesc\u00eancia. O sucesso da cria\u00e7\u00e3o reside na capacidade de guiar com firmeza, mas sem silenciar a voz e a curiosidade que s\u00e3o fundamentais para o pleno <strong>desenvolvimento humano<\/strong>.<\/p>\n","protected":false},"excerpt":{"rendered":"<p>Muitas fam\u00edlias acreditam que a imposi\u00e7\u00e3o constante de limites severos \u00e9 a \u00fanica forma de garantir a disciplina e o respeito dentro de casa. No entanto, o excesso de negativas sem explica\u00e7\u00f5es claras pode gerar um bloqueio na comunica\u00e7\u00e3o e impedir que a crian\u00e7a compreenda o real motivo por tr\u00e1s das regras impostas pelos pais. [&hellip;]<\/p>\n","protected":false},"author":9,"featured_media":232014,"comment_status":"open","ping_status":"open","sticky":false,"template":"","format":"standard","meta":{"_yoast_wpseo_focuskw":"Dizer n\u00e3o","_yoast_wpseo_title":"","_yoast_wpseo_metadesc":"O uso excessivo da palavra n\u00e3o pode afetar o desenvolvimento infantil e a comunica\u00e7\u00e3o dentro de casa.","jnews-multi-image_gallery":[],"jnews_single_post":{"format":"standard"},"jnews_primary_category":[],"jnews_social_meta":[],"jnews_override_counter":[],"footnotes":""},"categories":[112],"post_tag":[],"class_list":["post-231203","post","type-post","status-publish","format-standard","has-post-thumbnail","hentry","category-curiosidades"],"yoast_head":"<!-- This site is optimized with the Yoast SEO plugin v24.6 - https:\/\/yoast.com\/wordpress\/plugins\/seo\/ -->\n<title>Dizer \u201cn\u00e3o\u201d o tempo todo pode n\u00e3o ensinar o que seu filho realmente precisa - Correio Braziliense - Radar<\/title>\n<meta name=\"description\" content=\"O uso excessivo da palavra n\u00e3o pode afetar o desenvolvimento infantil e a comunica\u00e7\u00e3o dentro de casa.\" \/>\n<meta name=\"robots\" content=\"index, follow, max-snippet:-1, max-image-preview:large, max-video-preview:-1\" \/>\n<link rel=\"canonical\" href=\"https:\/\/www.correiobraziliense.com.br\/cbradar\/dizer-nao-o-tempo-todo-pode-nao-ensinar-o-que-seu-filho-realmente-precisa\/\" \/>\n<meta property=\"og:locale\" content=\"pt_BR\" \/>\n<meta property=\"og:type\" content=\"article\" \/>\n<meta property=\"og:title\" content=\"Dizer \u201cn\u00e3o\u201d o tempo todo pode n\u00e3o ensinar o que seu filho realmente precisa - Correio Braziliense - Radar\" \/>\n<meta property=\"og:description\" content=\"O uso excessivo da palavra n\u00e3o pode afetar o desenvolvimento infantil e a comunica\u00e7\u00e3o dentro de casa.\" \/>\n<meta property=\"og:url\" content=\"https:\/\/www.correiobraziliense.com.br\/cbradar\/dizer-nao-o-tempo-todo-pode-nao-ensinar-o-que-seu-filho-realmente-precisa\/\" \/>\n<meta property=\"og:site_name\" content=\"Correio Braziliense - Radar\" \/>\n<meta property=\"article:published_time\" content=\"2026-04-26T11:55:00+00:00\" \/>\n<meta property=\"og:image\" content=\"https:\/\/www.correiobraziliense.com.br\/cbradar\/wp-content\/uploads\/2026\/04\/freepik_during-a-foggy-winter-mor_2864462702.jpeg\" \/>\n\t<meta property=\"og:image:width\" content=\"1376\" \/>\n\t<meta property=\"og:image:height\" content=\"768\" \/>\n\t<meta property=\"og:image:type\" content=\"image\/jpeg\" \/>\n<meta name=\"author\" content=\"Daniely Cardoso\" \/>\n<meta name=\"twitter:card\" content=\"summary_large_image\" \/>\n<meta name=\"twitter:label1\" content=\"Escrito por\" \/>\n\t<meta name=\"twitter:data1\" content=\"Daniely Cardoso\" \/>\n\t<meta name=\"twitter:label2\" content=\"Est. tempo de leitura\" \/>\n\t<meta name=\"twitter:data2\" content=\"5 minutos\" \/>\n<!-- \/ Yoast SEO plugin. -->","yoast_head_json":{"title":"Dizer \u201cn\u00e3o\u201d o tempo todo pode n\u00e3o ensinar o que seu filho realmente precisa - Correio Braziliense - Radar","description":"O uso excessivo da palavra n\u00e3o pode afetar o desenvolvimento infantil e a comunica\u00e7\u00e3o dentro de casa.","robots":{"index":"index","follow":"follow","max-snippet":"max-snippet:-1","max-image-preview":"max-image-preview:large","max-video-preview":"max-video-preview:-1"},"canonical":"https:\/\/www.correiobraziliense.com.br\/cbradar\/dizer-nao-o-tempo-todo-pode-nao-ensinar-o-que-seu-filho-realmente-precisa\/","og_locale":"pt_BR","og_type":"article","og_title":"Dizer \u201cn\u00e3o\u201d o tempo todo pode n\u00e3o ensinar o que seu filho realmente precisa - Correio Braziliense - Radar","og_description":"O uso excessivo da palavra n\u00e3o pode afetar o desenvolvimento infantil e a comunica\u00e7\u00e3o dentro de casa.","og_url":"https:\/\/www.correiobraziliense.com.br\/cbradar\/dizer-nao-o-tempo-todo-pode-nao-ensinar-o-que-seu-filho-realmente-precisa\/","og_site_name":"Correio Braziliense - Radar","article_published_time":"2026-04-26T11:55:00+00:00","og_image":[{"width":1376,"height":768,"url":"https:\/\/www.correiobraziliense.com.br\/cbradar\/wp-content\/uploads\/2026\/04\/freepik_during-a-foggy-winter-mor_2864462702.jpeg","type":"image\/jpeg"}],"author":"Daniely Cardoso","twitter_card":"summary_large_image","twitter_misc":{"Escrito por":"Daniely Cardoso","Est. tempo de leitura":"5 minutos"},"schema":{"@context":"https:\/\/schema.org","@graph":[{"@type":"WebPage","@id":"https:\/\/www.correiobraziliense.com.br\/cbradar\/dizer-nao-o-tempo-todo-pode-nao-ensinar-o-que-seu-filho-realmente-precisa\/","url":"https:\/\/www.correiobraziliense.com.br\/cbradar\/dizer-nao-o-tempo-todo-pode-nao-ensinar-o-que-seu-filho-realmente-precisa\/","name":"Dizer \u201cn\u00e3o\u201d o tempo todo pode n\u00e3o ensinar o que seu filho realmente precisa - Correio Braziliense - Radar","isPartOf":{"@id":"https:\/\/www.correiobraziliense.com.br\/cbradar\/#website"},"primaryImageOfPage":{"@id":"https:\/\/www.correiobraziliense.com.br\/cbradar\/dizer-nao-o-tempo-todo-pode-nao-ensinar-o-que-seu-filho-realmente-precisa\/#primaryimage"},"image":{"@id":"https:\/\/www.correiobraziliense.com.br\/cbradar\/dizer-nao-o-tempo-todo-pode-nao-ensinar-o-que-seu-filho-realmente-precisa\/#primaryimage"},"thumbnailUrl":"https:\/\/www.correiobraziliense.com.br\/cbradar\/wp-content\/uploads\/2026\/04\/freepik_during-a-foggy-winter-mor_2864462702.jpeg","datePublished":"2026-04-26T11:55:00+00:00","author":{"@id":"https:\/\/www.correiobraziliense.com.br\/cbradar\/#\/schema\/person\/7356666e12ec0ee53f348ee5db227032"},"description":"O uso excessivo da palavra n\u00e3o pode afetar o desenvolvimento infantil e a comunica\u00e7\u00e3o dentro de casa.","breadcrumb":{"@id":"https:\/\/www.correiobraziliense.com.br\/cbradar\/dizer-nao-o-tempo-todo-pode-nao-ensinar-o-que-seu-filho-realmente-precisa\/#breadcrumb"},"inLanguage":"pt-BR","potentialAction":[{"@type":"ReadAction","target":["https:\/\/www.correiobraziliense.com.br\/cbradar\/dizer-nao-o-tempo-todo-pode-nao-ensinar-o-que-seu-filho-realmente-precisa\/"]}]},{"@type":"ImageObject","inLanguage":"pt-BR","@id":"https:\/\/www.correiobraziliense.com.br\/cbradar\/dizer-nao-o-tempo-todo-pode-nao-ensinar-o-que-seu-filho-realmente-precisa\/#primaryimage","url":"https:\/\/www.correiobraziliense.com.br\/cbradar\/wp-content\/uploads\/2026\/04\/freepik_during-a-foggy-winter-mor_2864462702.jpeg","contentUrl":"https:\/\/www.correiobraziliense.com.br\/cbradar\/wp-content\/uploads\/2026\/04\/freepik_during-a-foggy-winter-mor_2864462702.jpeg","width":1376,"height":768,"caption":"Uma postura educativa baseada no di\u00e1logo prepara o indiv\u00edduo para lidar com as frustra\u00e7\u00f5es da vida adulta de maneira resiliente"},{"@type":"BreadcrumbList","@id":"https:\/\/www.correiobraziliense.com.br\/cbradar\/dizer-nao-o-tempo-todo-pode-nao-ensinar-o-que-seu-filho-realmente-precisa\/#breadcrumb","itemListElement":[{"@type":"ListItem","position":1,"name":"In\u00edcio","item":"https:\/\/www.correiobraziliense.com.br\/cbradar\/"},{"@type":"ListItem","position":2,"name":"Dizer \u201cn\u00e3o\u201d o tempo todo pode n\u00e3o ensinar o que seu filho realmente precisa"}]},{"@type":"WebSite","@id":"https:\/\/www.correiobraziliense.com.br\/cbradar\/#website","url":"https:\/\/www.correiobraziliense.com.br\/cbradar\/","name":"Correio Braziliense - Radar","description":"Acompanhe as \u00faltimas not\u00edcias e fique bem informado sobre tudo o que acontece no Brasil e no mundo.","potentialAction":[{"@type":"SearchAction","target":{"@type":"EntryPoint","urlTemplate":"https:\/\/www.correiobraziliense.com.br\/cbradar\/?s={search_term_string}"},"query-input":{"@type":"PropertyValueSpecification","valueRequired":true,"valueName":"search_term_string"}}],"inLanguage":"pt-BR"},{"@type":"Person","@id":"https:\/\/www.correiobraziliense.com.br\/cbradar\/#\/schema\/person\/7356666e12ec0ee53f348ee5db227032","name":"Daniely Cardoso","image":{"@type":"ImageObject","inLanguage":"pt-BR","@id":"https:\/\/www.correiobraziliense.com.br\/cbradar\/#\/schema\/person\/image\/","url":"https:\/\/secure.gravatar.com\/avatar\/4b80ddbd124d1f071b626d52d62e5dff?s=96&d=mm&r=g","contentUrl":"https:\/\/secure.gravatar.com\/avatar\/4b80ddbd124d1f071b626d52d62e5dff?s=96&d=mm&r=g","caption":"Daniely Cardoso"},"description":"Redatora nos portais CB Radar e EM Foco, formada pela Universidade Federal de Goi\u00e1s, em Goi\u00e2nia. Apaixonada por comunica\u00e7\u00e3o, arte, decora\u00e7\u00e3o e tend\u00eancias, atuo na produ\u00e7\u00e3o de conte\u00fados envolventes sobre curiosidades, moda, beleza e paisagismo, sempre com um olhar atento \u00e0s novidades do momento.","sameAs":["https:\/\/www.correiobraziliense.com.br\/cbradar"],"url":"https:\/\/www.correiobraziliense.com.br\/cbradar\/author\/danielymyth\/"}]}},"_links":{"self":[{"href":"https:\/\/www.correiobraziliense.com.br\/cbradar\/wp-json\/wp\/v2\/posts\/231203","targetHints":{"allow":["GET"]}}],"collection":[{"href":"https:\/\/www.correiobraziliense.com.br\/cbradar\/wp-json\/wp\/v2\/posts"}],"about":[{"href":"https:\/\/www.correiobraziliense.com.br\/cbradar\/wp-json\/wp\/v2\/types\/post"}],"author":[{"embeddable":true,"href":"https:\/\/www.correiobraziliense.com.br\/cbradar\/wp-json\/wp\/v2\/users\/9"}],"replies":[{"embeddable":true,"href":"https:\/\/www.correiobraziliense.com.br\/cbradar\/wp-json\/wp\/v2\/comments?post=231203"}],"version-history":[{"count":1,"href":"https:\/\/www.correiobraziliense.com.br\/cbradar\/wp-json\/wp\/v2\/posts\/231203\/revisions"}],"predecessor-version":[{"id":231206,"href":"https:\/\/www.correiobraziliense.com.br\/cbradar\/wp-json\/wp\/v2\/posts\/231203\/revisions\/231206"}],"wp:featuredmedia":[{"embeddable":true,"href":"https:\/\/www.correiobraziliense.com.br\/cbradar\/wp-json\/wp\/v2\/media\/232014"}],"wp:attachment":[{"href":"https:\/\/www.correiobraziliense.com.br\/cbradar\/wp-json\/wp\/v2\/media?parent=231203"}],"wp:term":[{"taxonomy":"category","embeddable":true,"href":"https:\/\/www.correiobraziliense.com.br\/cbradar\/wp-json\/wp\/v2\/categories?post=231203"},{"taxonomy":"post_tag","embeddable":true,"href":"https:\/\/www.correiobraziliense.com.br\/cbradar\/wp-json\/wp\/v2\/post_tag?post=231203"}],"curies":[{"name":"wp","href":"https:\/\/api.w.org\/{rel}","templated":true}]}}