{"id":231207,"date":"2026-04-26T19:55:00","date_gmt":"2026-04-26T22:55:00","guid":{"rendered":"https:\/\/www.correiobraziliense.com.br\/cbradar\/?p=231207"},"modified":"2026-04-25T15:14:55","modified_gmt":"2026-04-25T18:14:55","slug":"criancas-que-convivem-com-avos-desenvolvem-habilidades-importantes-que-vao-alem-da-sala-de-aula","status":"publish","type":"post","link":"https:\/\/www.correiobraziliense.com.br\/cbradar\/criancas-que-convivem-com-avos-desenvolvem-habilidades-importantes-que-vao-alem-da-sala-de-aula\/","title":{"rendered":"Crian\u00e7as que convivem com av\u00f3s desenvolvem habilidades importantes que v\u00e3o al\u00e9m da sala de aula"},"content":{"rendered":"\n<p>A conviv\u00eancia entre gera\u00e7\u00f5es distintas \u00e9 um dos pilares mais ricos para a forma\u00e7\u00e3o do car\u00e1ter e da intelig\u00eancia emocional na inf\u00e2ncia. Quando os pequenos compartilham tempo com os av\u00f3s, eles acessam um universo de aprendizados que as telas ou os livros did\u00e1ticos raramente conseguem proporcionar de forma t\u00e3o profunda. Essa conex\u00e3o vai muito al\u00e9m do afeto, transformando-se em um poderoso motor de <strong>desenvolvimento cognitivo<\/strong> e social.<\/p>\n\n\n\n<h2 class=\"wp-block-heading\">O fortalecimento da intelig\u00eancia emocional atrav\u00e9s do conv\u00edvio geracional<\/h2>\n\n\n\n<p>Crian\u00e7as que mant\u00eam contato frequente com os av\u00f3s costumam apresentar uma capacidade superior de <strong>empatia e paci\u00eancia<\/strong> no cotidiano. A percep\u00e7\u00e3o de que os mais velhos possuem ritmos e necessidades diferentes ensina o jovem a ajustar seu comportamento, desenvolvendo uma sensibilidade social que ser\u00e1 \u00fatil em todas as \u00e1reas da vida adulta.<\/p>\n\n\n\n<p>O ambiente proporcionado pelos av\u00f3s geralmente \u00e9 focado na escuta e na valida\u00e7\u00e3o dos sentimentos, o que fortalece a <strong>seguran\u00e7a emocional<\/strong> do neto. Esse suporte atua como um porto seguro, permitindo que a crian\u00e7a explore o mundo com a confian\u00e7a de que \u00e9 compreendida e amada por sua ess\u00eancia, e n\u00e3o apenas por seu desempenho escolar.<\/p>\n\n\n<div class=\"wp-block-image\">\n<figure class=\"aligncenter size-full\"><img decoding=\"async\" width=\"1280\" height=\"720\" src=\"https:\/\/www.correiobraziliense.com.br\/cbradar\/wp-content\/uploads\/2026\/04\/avos-e-netos-_1777008120330.jpg\" alt=\"\" class=\"wp-image-231215\" srcset=\"https:\/\/www.correiobraziliense.com.br\/cbradar\/wp-content\/uploads\/2026\/04\/avos-e-netos-_1777008120330.jpg 1280w, https:\/\/www.correiobraziliense.com.br\/cbradar\/wp-content\/uploads\/2026\/04\/avos-e-netos-_1777008120330-300x169.jpg 300w, https:\/\/www.correiobraziliense.com.br\/cbradar\/wp-content\/uploads\/2026\/04\/avos-e-netos-_1777008120330-768x432.jpg 768w, https:\/\/www.correiobraziliense.com.br\/cbradar\/wp-content\/uploads\/2026\/04\/avos-e-netos-_1777008120330-750x422.jpg 750w, https:\/\/www.correiobraziliense.com.br\/cbradar\/wp-content\/uploads\/2026\/04\/avos-e-netos-_1777008120330-1140x641.jpg 1140w\" sizes=\"(max-width: 1280px) 100vw, 1280px\" \/><figcaption class=\"wp-element-caption\">Crian\u00e7as que mant\u00eam contato frequente com os av\u00f3s costumam apresentar uma capacidade superior de empatia e paci\u00eancia no cotidiano &#8211; Cr\u00e9ditos: depositphotos.com \/ stu99<\/figcaption><\/figure><\/div>\n\n\n<p>Leia tamb\u00e9m: <a href=\"https:\/\/www.correiobraziliense.com.br\/cbradar\/?p=229107\" target=\"_blank\" rel=\"noreferrer noopener\">Seu filho vai mal na escola e o problema pode n\u00e3o estar nos estudos<\/a><\/p>\n\n\n\n<h2 class=\"wp-block-heading\">Desenvolvimento da linguagem e resgate da mem\u00f3ria cultural<\/h2>\n\n\n\n<p>A intera\u00e7\u00e3o constante com a terceira idade \u00e9 um est\u00edmulo direto para a <strong>expans\u00e3o do vocabul\u00e1rio<\/strong> e o aprimoramento das habilidades de comunica\u00e7\u00e3o verbal. Por meio da conta\u00e7\u00e3o de hist\u00f3rias e de relatos sobre o passado, a crian\u00e7a entra em contato com estruturas narrativas complexas e termos que enriquecem sua capacidade de express\u00e3o.<\/p>\n\n\n\n<p>Al\u00e9m do aspecto lingu\u00edstico, esse conv\u00edvio promove o <strong>resgate hist\u00f3rico<\/strong>, conectando o indiv\u00edduo \u00e0s suas ra\u00edzes familiares e tradi\u00e7\u00f5es culturais de forma org\u00e2nica. Compreender a \u00e1rvore geneal\u00f3gica e as transforma\u00e7\u00f5es da sociedade em pa\u00edses como o <strong>Brasil<\/strong> ajuda o pequeno a construir uma identidade s\u00f3lida e consciente do seu lugar no mundo.<\/p>\n\n\n\n<h2 class=\"wp-block-heading\">Habilidades pr\u00e1ticas e o aprendizado pela observa\u00e7\u00e3o direta<\/h2>\n\n\n\n<p>Muitas vezes, as li\u00e7\u00f5es mais valiosas ocorrem em momentos de lazer ou durante a execu\u00e7\u00e3o de tarefas manuais que os av\u00f3s dominam com maestria. Seja aprendendo a cuidar de um jardim ou participando do preparo de uma receita de fam\u00edlia, a crian\u00e7a desenvolve a <strong>coordena\u00e7\u00e3o motora<\/strong> e o racioc\u00ednio l\u00f3gico aplicado a situa\u00e7\u00f5es reais.<\/p>\n\n\n\n<link href=\"https:\/\/fonts.googleapis.com\/css2?family=Inter:wght@400;600;700;800&#038;display=swap\" rel=\"stylesheet\">\n<style>\n\/* Prote\u00e7\u00e3o contra inje\u00e7\u00e3o do \"Veja Tamb\u00e9m\" (JNews inline related posts) *\/\n.rdp-pontos-wrapper .jnews_inline_related_post_wrapper,\n.rdp-pontos-wrapper .jnews_inline_related_post,\n.rdp-pontos-wrapper .jeg_postblock,\n.rdp-pontos-wrapper [class*=\"jnews_inline\"],\n.rdp-pontos-wrapper [class*=\"jeg_postblock\"],\n.rdp-pontos-wrapper [class*=\"jeg_block\"] {\n  display: none !important;\n  height: 0 !important;\n  max-height: 0 !important;\n  overflow: hidden !important;\n  visibility: hidden !important;\n  margin: 0 !important;\n  padding: 0 !important;\n  border: none !important;\n  font-size: 0 !important;\n  line-height: 0 !important;\n}\n.rdp-pontos-wrapper {\n  max-width: 100%;\n  margin: 32px 0;\n  background: #F4F7F2; \/* Verde s\u00e1lvia muito p\u00e1lido *\/\n  border: 1px solid #DCE3D9;\n  border-radius: 12px;\n  padding: 28px 28px 20px;\n  font-family: 'Inter', sans-serif;\n  box-shadow: 0 4px 20px rgba(85,107,47,0.06);\n  overflow: hidden;\n  contain: layout style;\n  isolation: isolate;\n  position: relative;\n  z-index: 1;\n}\n.rdp-pontos-wrapper > *:not(.rdp-pontos-title):not(.rdp-pontos-grid) {\n  display: none !important;\n  height: 0 !important;\n  overflow: hidden !important;\n  margin: 0 !important;\n  padding: 0 !important;\n  border: none !important;\n}\n.rdp-pontos-title {\n  font-family: 'Inter', sans-serif;\n  font-size: 20px;\n  font-weight: 800;\n  color: #3B4D36;\n  margin: 0 0 20px 0;\n  line-height: 1.3;\n  text-align: center;\n}\n.rdp-pontos-grid {\n  display: grid;\n  grid-template-columns: repeat(3, 1fr);\n  gap: 18px;\n}\n.rdp-pontos-item {\n  background: #FFFFFF;\n  border: 1px solid #DCE3D9;\n  border-top: 3px solid #7B8F74; \/* S\u00e1lvia m\u00e9dio *\/\n  border-radius: 10px;\n  padding: 22px 20px;\n  box-shadow: 0 2px 10px rgba(0,0,0,0.02);\n  transition: box-shadow 0.3s ease, border-color 0.3s ease;\n  text-align: center;\n}\n.rdp-pontos-item:hover {\n  box-shadow: 0 4px 20px rgba(123,143,116,0.15);\n  border-color: #7B8F74;\n}\n.rdp-pontos-emoji {\n  font-size: 32px;\n  line-height: 1;\n  margin-bottom: 12px;\n  display: block;\n  text-align: center;\n}\n.rdp-pontos-item-title {\n  font-size: 15px;\n  font-weight: 700;\n  color: #1A1A1A;\n  margin-bottom: 8px;\n  line-height: 1.3;\n}\n.rdp-pontos-item-desc {\n  font-size: 14px;\n  color: #4A4A4A;\n  line-height: 1.6;\n  margin: 0;\n}\n@media (max-width: 768px) {\n  .rdp-pontos-wrapper {\n    padding: 20px 16px 14px;\n  }\n  .rdp-pontos-grid {\n    grid-template-columns: 1fr;\n    gap: 14px;\n  }\n  .rdp-pontos-title {\n    font-size: 18px;\n  }\n}\n<\/style>\n\n<div class=\"rdp-pontos-wrapper\">\n  <div class=\"rdp-pontos-title\">Impactos Positivos do Conv\u00edvio Intergeracional<\/div>\n  <div class=\"rdp-pontos-grid\">\n    <div class=\"rdp-pontos-item\">\n      <span class=\"rdp-pontos-emoji\">\ud83d\udee0\ufe0f<\/span>\n      <div class=\"rdp-pontos-item-title\">Solu\u00e7\u00f5es Pr\u00e1ticas<\/div>\n      <p class=\"rdp-pontos-item-desc\">Melhora na capacidade de resolver problemas cotidianos sem o uso imediato de tecnologia.<\/p>\n    <\/div>\n    <div class=\"rdp-pontos-item\">\n      <span class=\"rdp-pontos-emoji\">\ud83d\udc8e<\/span>\n      <div class=\"rdp-pontos-item-title\">Valores Reais<\/div>\n      <p class=\"rdp-pontos-item-desc\">Aprendizado de perseveran\u00e7a e resili\u00eancia atrav\u00e9s de exemplos e hist\u00f3rias de vida reais.<\/p>\n    <\/div>\n    <div class=\"rdp-pontos-item\">\n      <span class=\"rdp-pontos-emoji\">\ud83e\udd1d<\/span>\n      <div class=\"rdp-pontos-item-title\">Responsabilidade<\/div>\n      <p class=\"rdp-pontos-item-desc\">Aumento do senso de cuidado ao interagir e compreender as limita\u00e7\u00f5es naturais dos idosos.<\/p>\n    <\/div>\n    <div class=\"rdp-pontos-item\">\n      <span class=\"rdp-pontos-emoji\">\ud83d\udcdc<\/span>\n      <div class=\"rdp-pontos-item-title\">Curiosidade Hist\u00f3rica<\/div>\n      <p class=\"rdp-pontos-item-desc\">Est\u00edmulo \u00e0 valoriza\u00e7\u00e3o das experi\u00eancias de vida alheias e do contexto hist\u00f3rico familiar.<\/p>\n    <\/div>\n    <div class=\"rdp-pontos-item\">\n      <span class=\"rdp-pontos-emoji\">\ud83c\udfa8<\/span>\n      <div class=\"rdp-pontos-item-title\">Foco e Habilidades<\/div>\n      <p class=\"rdp-pontos-item-desc\">Desenvolvimento de hobbies e habilidades manuais que promovem a concentra\u00e7\u00e3o e o foco.<\/p>\n    <\/div>\n  <\/div>\n<\/div>\n<div style=\"clear:both;height:0;overflow:hidden;\"><\/div>\n\n\n\n<h2 class=\"wp-block-heading\">O impacto da conviv\u00eancia na redu\u00e7\u00e3o de preconceitos e na toler\u00e2ncia<\/h2>\n\n\n\n<p>A proximidade com o processo de envelhecimento naturaliza as etapas da vida e combate o <strong>etarismo<\/strong> desde os primeiros anos de forma\u00e7\u00e3o. Crian\u00e7as que convivem com av\u00f3s tendem a ser mais tolerantes \u00e0s diferen\u00e7as e demonstram maior facilidade em lidar com o que \u00e9 diverso ou inesperado em sua pr\u00f3pria trajet\u00f3ria.<\/p>\n\n\n\n<p>Essa conviv\u00eancia ensina que o conhecimento n\u00e3o est\u00e1 restrito aos ambientes formais, mas sim distribu\u00eddo em cada conversa e troca de experi\u00eancias. Valorizar o tempo de qualidade com os mais velhos \u00e9 uma forma eficaz de garantir que o <strong>crescimento pessoal<\/strong> do seu filho seja completo e humano.<\/p>\n\n\n<div class=\"wp-block-image\">\n<figure class=\"aligncenter size-full\"><img decoding=\"async\" width=\"1280\" height=\"720\" src=\"https:\/\/www.correiobraziliense.com.br\/cbradar\/wp-content\/uploads\/2026\/04\/avos-e-netos-escola_1777007709761.jpg\" alt=\"\" class=\"wp-image-231213\" srcset=\"https:\/\/www.correiobraziliense.com.br\/cbradar\/wp-content\/uploads\/2026\/04\/avos-e-netos-escola_1777007709761.jpg 1280w, https:\/\/www.correiobraziliense.com.br\/cbradar\/wp-content\/uploads\/2026\/04\/avos-e-netos-escola_1777007709761-300x169.jpg 300w, https:\/\/www.correiobraziliense.com.br\/cbradar\/wp-content\/uploads\/2026\/04\/avos-e-netos-escola_1777007709761-768x432.jpg 768w, https:\/\/www.correiobraziliense.com.br\/cbradar\/wp-content\/uploads\/2026\/04\/avos-e-netos-escola_1777007709761-750x422.jpg 750w, https:\/\/www.correiobraziliense.com.br\/cbradar\/wp-content\/uploads\/2026\/04\/avos-e-netos-escola_1777007709761-1140x641.jpg 1140w\" sizes=\"(max-width: 1280px) 100vw, 1280px\" \/><figcaption class=\"wp-element-caption\">A participa\u00e7\u00e3o da terceira idade na rotina educacional n\u00e3o beneficia apenas a crian\u00e7a, mas revitaliza o ambiente escolar com valores \u00e9ticos &#8211; Cr\u00e9ditos: depositphotos.com \/ VBaleha<\/figcaption><\/figure><\/div>\n\n\n<h2 class=\"wp-block-heading\">Conex\u00e3o intergeracional como base para adultos mais resilientes<\/h2>\n\n\n\n<p>Investir na rela\u00e7\u00e3o entre netos e av\u00f3s \u00e9 garantir que a crian\u00e7a cres\u00e7a com uma vis\u00e3o mais ampla e generosa sobre a pr\u00f3pria exist\u00eancia. O equil\u00edbrio entre a energia da juventude e a <strong>calma da maturidade<\/strong> cria um ambiente f\u00e9rtil para que habilidades socioemocionais se consolidem de maneira natural e duradoura.<\/p>\n\n\n\n<p>Ao incentivar esses momentos de troca, os pais oferecem aos filhos uma base de apoio que reflete diretamente na sa\u00fade mental e na capacidade de lidar com frustra\u00e7\u00f5es. O resultado \u00e9 a forma\u00e7\u00e3o de indiv\u00edduos que, no futuro, saber\u00e3o valorizar o passado enquanto constroem um caminho inovador e cheio de significado.<\/p>\n","protected":false},"excerpt":{"rendered":"<p>A conviv\u00eancia entre gera\u00e7\u00f5es distintas \u00e9 um dos pilares mais ricos para a forma\u00e7\u00e3o do car\u00e1ter e da intelig\u00eancia emocional na inf\u00e2ncia. Quando os pequenos compartilham tempo com os av\u00f3s, eles acessam um universo de aprendizados que as telas ou os livros did\u00e1ticos raramente conseguem proporcionar de forma t\u00e3o profunda. Essa conex\u00e3o vai muito al\u00e9m [&hellip;]<\/p>\n","protected":false},"author":9,"featured_media":232030,"comment_status":"open","ping_status":"open","sticky":false,"template":"","format":"standard","meta":{"_yoast_wpseo_focuskw":"crian\u00e7a crescendo com av\u00f3s","_yoast_wpseo_title":"","_yoast_wpseo_metadesc":"A conviv\u00eancia com av\u00f3s fortalece a empatia, melhora a comunica\u00e7\u00e3o e contribui para o desenvolvimento emocional e social das crian\u00e7as.","jnews-multi-image_gallery":[],"jnews_single_post":{"format":"standard"},"jnews_primary_category":[],"jnews_social_meta":[],"jnews_override_counter":[],"footnotes":""},"categories":[112],"post_tag":[],"class_list":["post-231207","post","type-post","status-publish","format-standard","has-post-thumbnail","hentry","category-curiosidades"],"yoast_head":"<!-- This site is optimized with the Yoast SEO plugin v24.6 - https:\/\/yoast.com\/wordpress\/plugins\/seo\/ -->\n<title>Crian\u00e7as que convivem com av\u00f3s desenvolvem habilidades importantes que v\u00e3o al\u00e9m da sala de aula - Correio Braziliense - Radar<\/title>\n<meta name=\"description\" content=\"A conviv\u00eancia com av\u00f3s fortalece a empatia, melhora a comunica\u00e7\u00e3o e contribui para o desenvolvimento emocional e social das crian\u00e7as.\" \/>\n<meta name=\"robots\" content=\"index, follow, max-snippet:-1, max-image-preview:large, max-video-preview:-1\" \/>\n<link rel=\"canonical\" href=\"https:\/\/www.correiobraziliense.com.br\/cbradar\/criancas-que-convivem-com-avos-desenvolvem-habilidades-importantes-que-vao-alem-da-sala-de-aula\/\" \/>\n<meta property=\"og:locale\" content=\"pt_BR\" \/>\n<meta property=\"og:type\" content=\"article\" \/>\n<meta property=\"og:title\" content=\"Crian\u00e7as que convivem com av\u00f3s desenvolvem habilidades importantes que v\u00e3o al\u00e9m da sala de aula - Correio Braziliense - Radar\" \/>\n<meta property=\"og:description\" content=\"A conviv\u00eancia com av\u00f3s fortalece a empatia, melhora a comunica\u00e7\u00e3o e contribui para o desenvolvimento emocional e social das crian\u00e7as.\" \/>\n<meta property=\"og:url\" content=\"https:\/\/www.correiobraziliense.com.br\/cbradar\/criancas-que-convivem-com-avos-desenvolvem-habilidades-importantes-que-vao-alem-da-sala-de-aula\/\" \/>\n<meta property=\"og:site_name\" content=\"Correio Braziliense - Radar\" \/>\n<meta property=\"article:published_time\" content=\"2026-04-26T22:55:00+00:00\" \/>\n<meta property=\"og:image\" content=\"https:\/\/www.correiobraziliense.com.br\/cbradar\/wp-content\/uploads\/2026\/04\/freepik_idosa-avo-sentada-em-uma-_2864569709.jpeg\" \/>\n\t<meta property=\"og:image:width\" content=\"1376\" \/>\n\t<meta property=\"og:image:height\" content=\"768\" \/>\n\t<meta property=\"og:image:type\" content=\"image\/jpeg\" \/>\n<meta name=\"author\" content=\"Daniely Cardoso\" \/>\n<meta name=\"twitter:card\" content=\"summary_large_image\" \/>\n<meta name=\"twitter:label1\" content=\"Escrito por\" \/>\n\t<meta name=\"twitter:data1\" content=\"Daniely Cardoso\" \/>\n\t<meta name=\"twitter:label2\" content=\"Est. tempo de leitura\" \/>\n\t<meta name=\"twitter:data2\" content=\"5 minutos\" \/>\n<!-- \/ Yoast SEO plugin. -->","yoast_head_json":{"title":"Crian\u00e7as que convivem com av\u00f3s desenvolvem habilidades importantes que v\u00e3o al\u00e9m da sala de aula - Correio Braziliense - Radar","description":"A conviv\u00eancia com av\u00f3s fortalece a empatia, melhora a comunica\u00e7\u00e3o e contribui para o desenvolvimento emocional e social das crian\u00e7as.","robots":{"index":"index","follow":"follow","max-snippet":"max-snippet:-1","max-image-preview":"max-image-preview:large","max-video-preview":"max-video-preview:-1"},"canonical":"https:\/\/www.correiobraziliense.com.br\/cbradar\/criancas-que-convivem-com-avos-desenvolvem-habilidades-importantes-que-vao-alem-da-sala-de-aula\/","og_locale":"pt_BR","og_type":"article","og_title":"Crian\u00e7as que convivem com av\u00f3s desenvolvem habilidades importantes que v\u00e3o al\u00e9m da sala de aula - Correio Braziliense - Radar","og_description":"A conviv\u00eancia com av\u00f3s fortalece a empatia, melhora a comunica\u00e7\u00e3o e contribui para o desenvolvimento emocional e social das crian\u00e7as.","og_url":"https:\/\/www.correiobraziliense.com.br\/cbradar\/criancas-que-convivem-com-avos-desenvolvem-habilidades-importantes-que-vao-alem-da-sala-de-aula\/","og_site_name":"Correio Braziliense - Radar","article_published_time":"2026-04-26T22:55:00+00:00","og_image":[{"width":1376,"height":768,"url":"https:\/\/www.correiobraziliense.com.br\/cbradar\/wp-content\/uploads\/2026\/04\/freepik_idosa-avo-sentada-em-uma-_2864569709.jpeg","type":"image\/jpeg"}],"author":"Daniely Cardoso","twitter_card":"summary_large_image","twitter_misc":{"Escrito por":"Daniely Cardoso","Est. tempo de leitura":"5 minutos"},"schema":{"@context":"https:\/\/schema.org","@graph":[{"@type":"WebPage","@id":"https:\/\/www.correiobraziliense.com.br\/cbradar\/criancas-que-convivem-com-avos-desenvolvem-habilidades-importantes-que-vao-alem-da-sala-de-aula\/","url":"https:\/\/www.correiobraziliense.com.br\/cbradar\/criancas-que-convivem-com-avos-desenvolvem-habilidades-importantes-que-vao-alem-da-sala-de-aula\/","name":"Crian\u00e7as que convivem com av\u00f3s desenvolvem habilidades importantes que v\u00e3o al\u00e9m da sala de aula - Correio Braziliense - Radar","isPartOf":{"@id":"https:\/\/www.correiobraziliense.com.br\/cbradar\/#website"},"primaryImageOfPage":{"@id":"https:\/\/www.correiobraziliense.com.br\/cbradar\/criancas-que-convivem-com-avos-desenvolvem-habilidades-importantes-que-vao-alem-da-sala-de-aula\/#primaryimage"},"image":{"@id":"https:\/\/www.correiobraziliense.com.br\/cbradar\/criancas-que-convivem-com-avos-desenvolvem-habilidades-importantes-que-vao-alem-da-sala-de-aula\/#primaryimage"},"thumbnailUrl":"https:\/\/www.correiobraziliense.com.br\/cbradar\/wp-content\/uploads\/2026\/04\/freepik_idosa-avo-sentada-em-uma-_2864569709.jpeg","datePublished":"2026-04-26T22:55:00+00:00","author":{"@id":"https:\/\/www.correiobraziliense.com.br\/cbradar\/#\/schema\/person\/7356666e12ec0ee53f348ee5db227032"},"description":"A conviv\u00eancia com av\u00f3s fortalece a empatia, melhora a comunica\u00e7\u00e3o e contribui para o desenvolvimento emocional e social das crian\u00e7as.","breadcrumb":{"@id":"https:\/\/www.correiobraziliense.com.br\/cbradar\/criancas-que-convivem-com-avos-desenvolvem-habilidades-importantes-que-vao-alem-da-sala-de-aula\/#breadcrumb"},"inLanguage":"pt-BR","potentialAction":[{"@type":"ReadAction","target":["https:\/\/www.correiobraziliense.com.br\/cbradar\/criancas-que-convivem-com-avos-desenvolvem-habilidades-importantes-que-vao-alem-da-sala-de-aula\/"]}]},{"@type":"ImageObject","inLanguage":"pt-BR","@id":"https:\/\/www.correiobraziliense.com.br\/cbradar\/criancas-que-convivem-com-avos-desenvolvem-habilidades-importantes-que-vao-alem-da-sala-de-aula\/#primaryimage","url":"https:\/\/www.correiobraziliense.com.br\/cbradar\/wp-content\/uploads\/2026\/04\/freepik_idosa-avo-sentada-em-uma-_2864569709.jpeg","contentUrl":"https:\/\/www.correiobraziliense.com.br\/cbradar\/wp-content\/uploads\/2026\/04\/freepik_idosa-avo-sentada-em-uma-_2864569709.jpeg","width":1376,"height":768,"caption":"O ambiente proporcionado pelos av\u00f3s geralmente \u00e9 focado na escuta e na valida\u00e7\u00e3o dos sentimentos"},{"@type":"BreadcrumbList","@id":"https:\/\/www.correiobraziliense.com.br\/cbradar\/criancas-que-convivem-com-avos-desenvolvem-habilidades-importantes-que-vao-alem-da-sala-de-aula\/#breadcrumb","itemListElement":[{"@type":"ListItem","position":1,"name":"In\u00edcio","item":"https:\/\/www.correiobraziliense.com.br\/cbradar\/"},{"@type":"ListItem","position":2,"name":"Crian\u00e7as que convivem com av\u00f3s desenvolvem habilidades importantes que v\u00e3o al\u00e9m da sala de aula"}]},{"@type":"WebSite","@id":"https:\/\/www.correiobraziliense.com.br\/cbradar\/#website","url":"https:\/\/www.correiobraziliense.com.br\/cbradar\/","name":"Correio Braziliense - Radar","description":"Acompanhe as \u00faltimas not\u00edcias e fique bem informado sobre tudo o que acontece no Brasil e no mundo.","potentialAction":[{"@type":"SearchAction","target":{"@type":"EntryPoint","urlTemplate":"https:\/\/www.correiobraziliense.com.br\/cbradar\/?s={search_term_string}"},"query-input":{"@type":"PropertyValueSpecification","valueRequired":true,"valueName":"search_term_string"}}],"inLanguage":"pt-BR"},{"@type":"Person","@id":"https:\/\/www.correiobraziliense.com.br\/cbradar\/#\/schema\/person\/7356666e12ec0ee53f348ee5db227032","name":"Daniely Cardoso","image":{"@type":"ImageObject","inLanguage":"pt-BR","@id":"https:\/\/www.correiobraziliense.com.br\/cbradar\/#\/schema\/person\/image\/","url":"https:\/\/secure.gravatar.com\/avatar\/4b80ddbd124d1f071b626d52d62e5dff?s=96&d=mm&r=g","contentUrl":"https:\/\/secure.gravatar.com\/avatar\/4b80ddbd124d1f071b626d52d62e5dff?s=96&d=mm&r=g","caption":"Daniely Cardoso"},"description":"Redatora nos portais CB Radar e EM Foco, formada pela Universidade Federal de Goi\u00e1s, em Goi\u00e2nia. Apaixonada por comunica\u00e7\u00e3o, arte, decora\u00e7\u00e3o e tend\u00eancias, atuo na produ\u00e7\u00e3o de conte\u00fados envolventes sobre curiosidades, moda, beleza e paisagismo, sempre com um olhar atento \u00e0s novidades do momento.","sameAs":["https:\/\/www.correiobraziliense.com.br\/cbradar"],"url":"https:\/\/www.correiobraziliense.com.br\/cbradar\/author\/danielymyth\/"}]}},"_links":{"self":[{"href":"https:\/\/www.correiobraziliense.com.br\/cbradar\/wp-json\/wp\/v2\/posts\/231207","targetHints":{"allow":["GET"]}}],"collection":[{"href":"https:\/\/www.correiobraziliense.com.br\/cbradar\/wp-json\/wp\/v2\/posts"}],"about":[{"href":"https:\/\/www.correiobraziliense.com.br\/cbradar\/wp-json\/wp\/v2\/types\/post"}],"author":[{"embeddable":true,"href":"https:\/\/www.correiobraziliense.com.br\/cbradar\/wp-json\/wp\/v2\/users\/9"}],"replies":[{"embeddable":true,"href":"https:\/\/www.correiobraziliense.com.br\/cbradar\/wp-json\/wp\/v2\/comments?post=231207"}],"version-history":[{"count":1,"href":"https:\/\/www.correiobraziliense.com.br\/cbradar\/wp-json\/wp\/v2\/posts\/231207\/revisions"}],"predecessor-version":[{"id":231216,"href":"https:\/\/www.correiobraziliense.com.br\/cbradar\/wp-json\/wp\/v2\/posts\/231207\/revisions\/231216"}],"wp:featuredmedia":[{"embeddable":true,"href":"https:\/\/www.correiobraziliense.com.br\/cbradar\/wp-json\/wp\/v2\/media\/232030"}],"wp:attachment":[{"href":"https:\/\/www.correiobraziliense.com.br\/cbradar\/wp-json\/wp\/v2\/media?parent=231207"}],"wp:term":[{"taxonomy":"category","embeddable":true,"href":"https:\/\/www.correiobraziliense.com.br\/cbradar\/wp-json\/wp\/v2\/categories?post=231207"},{"taxonomy":"post_tag","embeddable":true,"href":"https:\/\/www.correiobraziliense.com.br\/cbradar\/wp-json\/wp\/v2\/post_tag?post=231207"}],"curies":[{"name":"wp","href":"https:\/\/api.w.org\/{rel}","templated":true}]}}