{"id":231208,"date":"2026-04-26T11:55:00","date_gmt":"2026-04-26T14:55:00","guid":{"rendered":"https:\/\/www.correiobraziliense.com.br\/cbradar\/?p=231208"},"modified":"2026-04-25T14:55:13","modified_gmt":"2026-04-25T17:55:13","slug":"proteger-demais-pode-atrapalhar-e-muitos-pais-so-percebem-isso-com-o-tempo","status":"publish","type":"post","link":"https:\/\/www.correiobraziliense.com.br\/cbradar\/proteger-demais-pode-atrapalhar-e-muitos-pais-so-percebem-isso-com-o-tempo\/","title":{"rendered":"Proteger demais pode atrapalhar e muitos pais s\u00f3 percebem isso com o tempo"},"content":{"rendered":"\n<p>A preocupa\u00e7\u00e3o constante com a seguran\u00e7a e o bem-estar dos pequenos \u00e9 uma caracter\u00edstica intr\u00ednseca da paternidade moderna. No entanto, o limite entre o cuidado saud\u00e1vel e a <strong>superprote\u00e7\u00e3o<\/strong> \u00e9 t\u00eanue e pode impactar diretamente o desenvolvimento emocional das crian\u00e7as. Entender como o excesso de zelo interfere na maturidade ajuda a construir rela\u00e7\u00f5es mais equilibradas e saud\u00e1veis.<\/p>\n\n\n\n<h2 class=\"wp-block-heading\">Impactos da superprote\u00e7\u00e3o no desenvolvimento emocional infantil<\/h2>\n\n\n\n<p>Quando os pais tentam evitar qualquer tipo de frustra\u00e7\u00e3o ou erro, eles impedem que a <strong>crian\u00e7a desenvolva resili\u00eancia<\/strong> necess\u00e1ria para enfrentar a vida adulta. A aus\u00eancia de desafios pr\u00e1ticos faz com que o jovem cres\u00e7a sem as ferramentas psicol\u00f3gicas b\u00e1sicas para lidar com perdas ou cr\u00edticas construtivas.<\/p>\n\n\n\n<p>A <strong>superprote\u00e7\u00e3o<\/strong> cria uma redoma que, embora pare\u00e7a segura, limita a percep\u00e7\u00e3o de compet\u00eancia pr\u00f3pria e gera uma depend\u00eancia emocional paralisante. Ao assumir todas as responsabilidades que caberiam ao filho, os respons\u00e1veis acabam transmitindo uma mensagem impl\u00edcita de que ele n\u00e3o \u00e9 capaz de agir sozinho.<\/p>\n\n\n<div class=\"wp-block-image\">\n<figure class=\"aligncenter size-full\"><img decoding=\"async\" width=\"1280\" height=\"720\" src=\"https:\/\/www.correiobraziliense.com.br\/cbradar\/wp-content\/uploads\/2026\/04\/pai-protegendo-o-filho.jpg\" alt=\"\" class=\"wp-image-231210\" srcset=\"https:\/\/www.correiobraziliense.com.br\/cbradar\/wp-content\/uploads\/2026\/04\/pai-protegendo-o-filho.jpg 1280w, https:\/\/www.correiobraziliense.com.br\/cbradar\/wp-content\/uploads\/2026\/04\/pai-protegendo-o-filho-300x169.jpg 300w, https:\/\/www.correiobraziliense.com.br\/cbradar\/wp-content\/uploads\/2026\/04\/pai-protegendo-o-filho-768x432.jpg 768w, https:\/\/www.correiobraziliense.com.br\/cbradar\/wp-content\/uploads\/2026\/04\/pai-protegendo-o-filho-750x422.jpg 750w, https:\/\/www.correiobraziliense.com.br\/cbradar\/wp-content\/uploads\/2026\/04\/pai-protegendo-o-filho-1140x641.jpg 1140w\" sizes=\"(max-width: 1280px) 100vw, 1280px\" \/><figcaption class=\"wp-element-caption\">Quando os pais tentam evitar qualquer tipo de frustra\u00e7\u00e3o ou erro, eles impedem que a crian\u00e7a desenvolva resili\u00eancia necess\u00e1ria <\/figcaption><\/figure><\/div>\n\n\n<p>Leia tamb\u00e9m: <a href=\"https:\/\/www.correiobraziliense.com.br\/cbradar\/?p=229107\" target=\"_blank\" rel=\"noreferrer noopener\">Seu filho vai mal na escola e o problema pode n\u00e3o estar nos estudos<\/a><\/p>\n\n\n\n<h2 class=\"wp-block-heading\">Como o excesso de cuidado gera inseguran\u00e7a na vida adulta<\/h2>\n\n\n\n<p>A falta de autonomia na inf\u00e2ncia costuma se manifestar anos depois atrav\u00e9s de uma <strong>baixa autoestima<\/strong> e dificuldade extrema em tomar decis\u00f5es simples. Indiv\u00edduos que foram excessivamente poupados de riscos tendem a apresentar n\u00edveis mais elevados de ansiedade ao sa\u00edrem do n\u00facleo familiar para o mercado de trabalho.<\/p>\n\n\n\n<p>O medo constante de errar se torna um bloqueio criativo e social, j\u00e1 que o adulto busca sempre a aprova\u00e7\u00e3o externa que recebia em casa. Ajustar as expectativas e permitir pequenos erros agora evita que o medo do fracasso se torne um tra\u00e7o dominante da personalidade em <strong>Portugal<\/strong> ou em qualquer lugar do mundo.<\/p>\n\n\n\n<h2 class=\"wp-block-heading\">Estrat\u00e9gias pr\u00e1ticas para incentivar a independ\u00eancia gradualmente<\/h2>\n\n\n\n<p>Para reverter esse ciclo, \u00e9 fundamental delegar tarefas que condizem com a faixa et\u00e1ria, permitindo que a <strong>autonomia infantil<\/strong> flores\u00e7a em ambiente controlado. Errar o caminho de uma brincadeira ou esquecer um material escolar s\u00e3o li\u00e7\u00f5es valiosas sobre causa e consequ\u00eancia que ensinam mais do que serm\u00f5es te\u00f3ricos.<\/p>\n\n\n\n<p>Um ponto de aten\u00e7\u00e3o fundamental \u00e9 observar o momento de recuar para que o filho possa avan\u00e7ar e descobrir suas pr\u00f3prias habilidades manuais e cognitivas. Estimular a resolu\u00e7\u00e3o de problemas dom\u00e9sticos simples fortalece a confian\u00e7a necess\u00e1ria para que ele se sinta seguro ao explorar novos horizontes sem a presen\u00e7a constante dos tutores.<\/p>\n\n\n\n<link href=\"https:\/\/fonts.googleapis.com\/css2?family=Inter:wght@400;600;700;800&#038;display=swap\" rel=\"stylesheet\">\n<style>\n\/* Prote\u00e7\u00e3o contra inje\u00e7\u00e3o do \"Veja Tamb\u00e9m\" (JNews inline related posts) *\/\n.rdp-pontos-wrapper .jnews_inline_related_post_wrapper,\n.rdp-pontos-wrapper .jnews_inline_related_post,\n.rdp-pontos-wrapper .jeg_postblock,\n.rdp-pontos-wrapper [class*=\"jnews_inline\"],\n.rdp-pontos-wrapper [class*=\"jeg_postblock\"],\n.rdp-pontos-wrapper [class*=\"jeg_block\"] {\n  display: none !important;\n  height: 0 !important;\n  max-height: 0 !important;\n  overflow: hidden !important;\n  visibility: hidden !important;\n  margin: 0 !important;\n  padding: 0 !important;\n  border: none !important;\n  font-size: 0 !important;\n  line-height: 0 !important;\n}\n.rdp-pontos-wrapper {\n  max-width: 100%;\n  margin: 32px 0;\n  background: #F7F9F2; \/* Verde p\u00e1lido natural *\/\n  border: 1px solid #E2E8D8;\n  border-radius: 12px;\n  padding: 28px 28px 20px;\n  font-family: 'Inter', sans-serif;\n  box-shadow: 0 4px 20px rgba(76,175,80,0.06);\n  overflow: hidden;\n  contain: layout style;\n  isolation: isolate;\n  position: relative;\n  z-index: 1;\n}\n.rdp-pontos-wrapper > *:not(.rdp-pontos-title):not(.rdp-pontos-grid) {\n  display: none !important;\n  height: 0 !important;\n  overflow: hidden !important;\n  margin: 0 !important;\n  padding: 0 !important;\n  border: none !important;\n}\n.rdp-pontos-title {\n  font-family: 'Inter', sans-serif;\n  font-size: 20px;\n  font-weight: 800;\n  color: #2D4A22;\n  margin: 0 0 20px 0;\n  line-height: 1.3;\n  text-align: center;\n}\n.rdp-pontos-grid {\n  display: grid;\n  grid-template-columns: repeat(3, 1fr);\n  gap: 18px;\n}\n.rdp-pontos-item {\n  background: #FFFFFF;\n  border: 1px solid #E2E8D8;\n  border-top: 3px solid #689F38; \/* Verde oliva m\u00e9dio *\/\n  border-radius: 10px;\n  padding: 22px 20px;\n  box-shadow: 0 2px 10px rgba(0,0,0,0.02);\n  transition: box-shadow 0.3s ease, border-color 0.3s ease;\n  text-align: center;\n}\n.rdp-pontos-item:hover {\n  box-shadow: 0 4px 20px rgba(104,159,56,0.15);\n  border-color: #689F38;\n}\n.rdp-pontos-emoji {\n  font-size: 32px;\n  line-height: 1;\n  margin-bottom: 12px;\n  display: block;\n  text-align: center;\n}\n.rdp-pontos-item-title {\n  font-size: 15px;\n  font-weight: 700;\n  color: #1A1A1A;\n  margin-bottom: 8px;\n  line-height: 1.3;\n}\n.rdp-pontos-item-desc {\n  font-size: 14px;\n  color: #4A4A4A;\n  line-height: 1.6;\n  margin: 0;\n}\n@media (max-width: 768px) {\n  .rdp-pontos-wrapper {\n    padding: 20px 16px 14px;\n  }\n  .rdp-pontos-grid {\n    grid-template-columns: 1fr;\n    gap: 14px;\n  }\n  .rdp-pontos-title {\n    font-size: 18px;\n  }\n}\n<\/style>\n\n<div class=\"rdp-pontos-wrapper\">\n  <div class=\"rdp-pontos-title\">Estrat\u00e9gias para Estimular a Autonomia Infantil<\/div>\n  <div class=\"rdp-pontos-grid\">\n    <div class=\"rdp-pontos-item\">\n      <span class=\"rdp-pontos-emoji\">\ud83d\udc55<\/span>\n      <div class=\"rdp-pontos-item-title\">Poder de Decis\u00e3o<\/div>\n      <p class=\"rdp-pontos-item-desc\">Deixe que a crian\u00e7a escolha suas pr\u00f3prias roupas para fortalecer a autoconfian\u00e7a.<\/p>\n    <\/div>\n    <div class=\"rdp-pontos-item\">\n      <span class=\"rdp-pontos-emoji\">\ud83c\udf4e<\/span>\n      <div class=\"rdp-pontos-item-title\">Ajuda na Cozinha<\/div>\n      <p class=\"rdp-pontos-item-desc\">Permita que ela ajude em tarefas simples, como lavar frutas, sob sua supervis\u00e3o.<\/p>\n    <\/div>\n    <div class=\"rdp-pontos-item\">\n      <span class=\"rdp-pontos-emoji\">\ud83e\uddf8<\/span>\n      <div class=\"rdp-pontos-item-title\">Responsabilidade<\/div>\n      <p class=\"rdp-pontos-item-desc\">Incentive a arruma\u00e7\u00e3o dos brinquedos ap\u00f3s o uso para criar senso de organiza\u00e7\u00e3o.<\/p>\n    <\/div>\n    <div class=\"rdp-pontos-item\">\n      <span class=\"rdp-pontos-emoji\">\ud83e\udd1d<\/span>\n      <div class=\"rdp-pontos-item-title\">Media\u00e7\u00e3o Social<\/div>\n      <p class=\"rdp-pontos-item-desc\">Deixe que resolva pequenos conflitos com colegas antes de intervir diretamente.<\/p>\n    <\/div>\n    <div class=\"rdp-pontos-item\">\n      <span class=\"rdp-pontos-emoji\">\ud83c\udf92<\/span>\n      <div class=\"rdp-pontos-item-title\">H\u00e1bito de Preparo<\/div>\n      <p class=\"rdp-pontos-item-desc\">Estimule o h\u00e1bito de preparar a mochila escolar na noite anterior ao dia de aula.<\/p>\n    <\/div>\n  <\/div>\n<\/div>\n<div style=\"clear:both;height:0;overflow:hidden;\"><\/div>\n\n\n\n<h2 class=\"wp-block-heading\">Sinais de que o controle parental est\u00e1 ultrapassando os limites saud\u00e1veis<\/h2>\n\n\n\n<p>Muitas vezes, a <strong>hiperpaternidade<\/strong> se manifesta na tentativa de controlar as amizades, os hobbys e at\u00e9 os sentimentos dos filhos de maneira invasiva. Se voc\u00ea se percebe justificando cada falha do seu filho perante os outros, pode ser o momento de refletir sobre o espa\u00e7o de crescimento que ele est\u00e1 perdendo.<\/p>\n\n\n\n<p>O equil\u00edbrio vem da capacidade de oferecer suporte emocional sem remover os obst\u00e1culos naturais que a vida imp\u00f5e ao longo do tempo. Observar o progresso individual sem a necessidade de interferir em cada detalhe \u00e9 o maior presente que um educador pode oferecer para o sucesso de longo prazo.<\/p>\n\n\n<div class=\"wp-block-image\">\n<figure class=\"aligncenter size-full\"><img decoding=\"async\" width=\"1280\" height=\"720\" src=\"https:\/\/www.correiobraziliense.com.br\/cbradar\/wp-content\/uploads\/2026\/04\/frustracao-.jpg\" alt=\"\" class=\"wp-image-229756\" srcset=\"https:\/\/www.correiobraziliense.com.br\/cbradar\/wp-content\/uploads\/2026\/04\/frustracao-.jpg 1280w, https:\/\/www.correiobraziliense.com.br\/cbradar\/wp-content\/uploads\/2026\/04\/frustracao--300x169.jpg 300w, https:\/\/www.correiobraziliense.com.br\/cbradar\/wp-content\/uploads\/2026\/04\/frustracao--768x432.jpg 768w, https:\/\/www.correiobraziliense.com.br\/cbradar\/wp-content\/uploads\/2026\/04\/frustracao--750x422.jpg 750w, https:\/\/www.correiobraziliense.com.br\/cbradar\/wp-content\/uploads\/2026\/04\/frustracao--1140x641.jpg 1140w\" sizes=\"(max-width: 1280px) 100vw, 1280px\" \/><figcaption class=\"wp-element-caption\">A frustra\u00e7\u00e3o saud\u00e1vel \u00e9 um componente vital do crescimento psicol\u00f3gico, pois ensina a crian\u00e7a a desenvolver resili\u00eancia <\/figcaption><\/figure><\/div>\n\n\n<h2 class=\"wp-block-heading\">Equil\u00edbrio entre apoio e liberdade fortalece la\u00e7os familiares duradouros<\/h2>\n\n\n\n<p>Permitir que os filhos voem exige coragem dos pais, mas \u00e9 o passo essencial para que eles se tornem <strong>adultos funcionais<\/strong> e emocionalmente est\u00e1veis. A seguran\u00e7a verdadeira n\u00e3o vem da aus\u00eancia de perigo, mas sim da certeza de que se possui a capacidade interna para superar as dificuldades do cotidiano.<\/p>\n\n\n\n<p>Ao cultivar um ambiente onde o esfor\u00e7o \u00e9 mais valorizado do que a perfei\u00e7\u00e3o, a fam\u00edlia constr\u00f3i uma base s\u00f3lida de confian\u00e7a m\u00fatua e respeito. Promover a liberdade assistida garante que as pr\u00f3ximas gera\u00e7\u00f5es enfrentem o mundo com a cabe\u00e7a erguida e o cora\u00e7\u00e3o pronto para as grandes conquistas.<\/p>\n","protected":false},"excerpt":{"rendered":"<p>A preocupa\u00e7\u00e3o constante com a seguran\u00e7a e o bem-estar dos pequenos \u00e9 uma caracter\u00edstica intr\u00ednseca da paternidade moderna. No entanto, o limite entre o cuidado saud\u00e1vel e a superprote\u00e7\u00e3o \u00e9 t\u00eanue e pode impactar diretamente o desenvolvimento emocional das crian\u00e7as. Entender como o excesso de zelo interfere na maturidade ajuda a construir rela\u00e7\u00f5es mais equilibradas [&hellip;]<\/p>\n","protected":false},"author":9,"featured_media":232017,"comment_status":"open","ping_status":"open","sticky":false,"template":"","format":"standard","meta":{"_yoast_wpseo_focuskw":"desenvolvimento emocional infantil","_yoast_wpseo_title":"","_yoast_wpseo_metadesc":"O excesso de prote\u00e7\u00e3o pode limitar a autonomia e afetar a confian\u00e7a das crian\u00e7as, impactando seu desenvolvimento emocional ao longo da vida","jnews-multi-image_gallery":[],"jnews_single_post":{"format":"standard"},"jnews_primary_category":[],"jnews_social_meta":[],"jnews_override_counter":[],"footnotes":""},"categories":[112],"post_tag":[],"class_list":["post-231208","post","type-post","status-publish","format-standard","has-post-thumbnail","hentry","category-curiosidades"],"yoast_head":"<!-- This site is optimized with the Yoast SEO plugin v24.6 - https:\/\/yoast.com\/wordpress\/plugins\/seo\/ -->\n<title>Proteger demais pode atrapalhar e muitos pais s\u00f3 percebem isso com o tempo - Correio Braziliense - Radar<\/title>\n<meta name=\"description\" content=\"O excesso de prote\u00e7\u00e3o pode limitar a autonomia e afetar a confian\u00e7a das crian\u00e7as, impactando seu desenvolvimento emocional ao longo da vida\" \/>\n<meta name=\"robots\" content=\"index, follow, max-snippet:-1, max-image-preview:large, max-video-preview:-1\" \/>\n<link rel=\"canonical\" href=\"https:\/\/www.correiobraziliense.com.br\/cbradar\/proteger-demais-pode-atrapalhar-e-muitos-pais-so-percebem-isso-com-o-tempo\/\" \/>\n<meta property=\"og:locale\" content=\"pt_BR\" \/>\n<meta property=\"og:type\" content=\"article\" \/>\n<meta property=\"og:title\" content=\"Proteger demais pode atrapalhar e muitos pais s\u00f3 percebem isso com o tempo - Correio Braziliense - Radar\" \/>\n<meta property=\"og:description\" content=\"O excesso de prote\u00e7\u00e3o pode limitar a autonomia e afetar a confian\u00e7a das crian\u00e7as, impactando seu desenvolvimento emocional ao longo da vida\" \/>\n<meta property=\"og:url\" content=\"https:\/\/www.correiobraziliense.com.br\/cbradar\/proteger-demais-pode-atrapalhar-e-muitos-pais-so-percebem-isso-com-o-tempo\/\" \/>\n<meta property=\"og:site_name\" content=\"Correio Braziliense - Radar\" \/>\n<meta property=\"article:published_time\" content=\"2026-04-26T14:55:00+00:00\" \/>\n<meta property=\"og:image\" content=\"https:\/\/www.correiobraziliense.com.br\/cbradar\/wp-content\/uploads\/2026\/04\/freepik_a-6yearold-brazilian-chil_2864502052.jpeg\" \/>\n\t<meta property=\"og:image:width\" content=\"1376\" \/>\n\t<meta property=\"og:image:height\" content=\"768\" \/>\n\t<meta property=\"og:image:type\" content=\"image\/jpeg\" \/>\n<meta name=\"author\" content=\"Daniely Cardoso\" \/>\n<meta name=\"twitter:card\" content=\"summary_large_image\" \/>\n<meta name=\"twitter:label1\" content=\"Escrito por\" \/>\n\t<meta name=\"twitter:data1\" content=\"Daniely Cardoso\" \/>\n\t<meta name=\"twitter:label2\" content=\"Est. tempo de leitura\" \/>\n\t<meta name=\"twitter:data2\" content=\"5 minutos\" \/>\n<!-- \/ Yoast SEO plugin. -->","yoast_head_json":{"title":"Proteger demais pode atrapalhar e muitos pais s\u00f3 percebem isso com o tempo - Correio Braziliense - Radar","description":"O excesso de prote\u00e7\u00e3o pode limitar a autonomia e afetar a confian\u00e7a das crian\u00e7as, impactando seu desenvolvimento emocional ao longo da vida","robots":{"index":"index","follow":"follow","max-snippet":"max-snippet:-1","max-image-preview":"max-image-preview:large","max-video-preview":"max-video-preview:-1"},"canonical":"https:\/\/www.correiobraziliense.com.br\/cbradar\/proteger-demais-pode-atrapalhar-e-muitos-pais-so-percebem-isso-com-o-tempo\/","og_locale":"pt_BR","og_type":"article","og_title":"Proteger demais pode atrapalhar e muitos pais s\u00f3 percebem isso com o tempo - Correio Braziliense - Radar","og_description":"O excesso de prote\u00e7\u00e3o pode limitar a autonomia e afetar a confian\u00e7a das crian\u00e7as, impactando seu desenvolvimento emocional ao longo da vida","og_url":"https:\/\/www.correiobraziliense.com.br\/cbradar\/proteger-demais-pode-atrapalhar-e-muitos-pais-so-percebem-isso-com-o-tempo\/","og_site_name":"Correio Braziliense - Radar","article_published_time":"2026-04-26T14:55:00+00:00","og_image":[{"width":1376,"height":768,"url":"https:\/\/www.correiobraziliense.com.br\/cbradar\/wp-content\/uploads\/2026\/04\/freepik_a-6yearold-brazilian-chil_2864502052.jpeg","type":"image\/jpeg"}],"author":"Daniely Cardoso","twitter_card":"summary_large_image","twitter_misc":{"Escrito por":"Daniely Cardoso","Est. tempo de leitura":"5 minutos"},"schema":{"@context":"https:\/\/schema.org","@graph":[{"@type":"WebPage","@id":"https:\/\/www.correiobraziliense.com.br\/cbradar\/proteger-demais-pode-atrapalhar-e-muitos-pais-so-percebem-isso-com-o-tempo\/","url":"https:\/\/www.correiobraziliense.com.br\/cbradar\/proteger-demais-pode-atrapalhar-e-muitos-pais-so-percebem-isso-com-o-tempo\/","name":"Proteger demais pode atrapalhar e muitos pais s\u00f3 percebem isso com o tempo - Correio Braziliense - Radar","isPartOf":{"@id":"https:\/\/www.correiobraziliense.com.br\/cbradar\/#website"},"primaryImageOfPage":{"@id":"https:\/\/www.correiobraziliense.com.br\/cbradar\/proteger-demais-pode-atrapalhar-e-muitos-pais-so-percebem-isso-com-o-tempo\/#primaryimage"},"image":{"@id":"https:\/\/www.correiobraziliense.com.br\/cbradar\/proteger-demais-pode-atrapalhar-e-muitos-pais-so-percebem-isso-com-o-tempo\/#primaryimage"},"thumbnailUrl":"https:\/\/www.correiobraziliense.com.br\/cbradar\/wp-content\/uploads\/2026\/04\/freepik_a-6yearold-brazilian-chil_2864502052.jpeg","datePublished":"2026-04-26T14:55:00+00:00","author":{"@id":"https:\/\/www.correiobraziliense.com.br\/cbradar\/#\/schema\/person\/7356666e12ec0ee53f348ee5db227032"},"description":"O excesso de prote\u00e7\u00e3o pode limitar a autonomia e afetar a confian\u00e7a das crian\u00e7as, impactando seu desenvolvimento emocional ao longo da vida","breadcrumb":{"@id":"https:\/\/www.correiobraziliense.com.br\/cbradar\/proteger-demais-pode-atrapalhar-e-muitos-pais-so-percebem-isso-com-o-tempo\/#breadcrumb"},"inLanguage":"pt-BR","potentialAction":[{"@type":"ReadAction","target":["https:\/\/www.correiobraziliense.com.br\/cbradar\/proteger-demais-pode-atrapalhar-e-muitos-pais-so-percebem-isso-com-o-tempo\/"]}]},{"@type":"ImageObject","inLanguage":"pt-BR","@id":"https:\/\/www.correiobraziliense.com.br\/cbradar\/proteger-demais-pode-atrapalhar-e-muitos-pais-so-percebem-isso-com-o-tempo\/#primaryimage","url":"https:\/\/www.correiobraziliense.com.br\/cbradar\/wp-content\/uploads\/2026\/04\/freepik_a-6yearold-brazilian-chil_2864502052.jpeg","contentUrl":"https:\/\/www.correiobraziliense.com.br\/cbradar\/wp-content\/uploads\/2026\/04\/freepik_a-6yearold-brazilian-chil_2864502052.jpeg","width":1376,"height":768,"caption":"A falta de autonomia na inf\u00e2ncia costuma se manifestar anos depois atrav\u00e9s de uma baixa autoestima"},{"@type":"BreadcrumbList","@id":"https:\/\/www.correiobraziliense.com.br\/cbradar\/proteger-demais-pode-atrapalhar-e-muitos-pais-so-percebem-isso-com-o-tempo\/#breadcrumb","itemListElement":[{"@type":"ListItem","position":1,"name":"In\u00edcio","item":"https:\/\/www.correiobraziliense.com.br\/cbradar\/"},{"@type":"ListItem","position":2,"name":"Proteger demais pode atrapalhar e muitos pais s\u00f3 percebem isso com o tempo"}]},{"@type":"WebSite","@id":"https:\/\/www.correiobraziliense.com.br\/cbradar\/#website","url":"https:\/\/www.correiobraziliense.com.br\/cbradar\/","name":"Correio Braziliense - Radar","description":"Acompanhe as \u00faltimas not\u00edcias e fique bem informado sobre tudo o que acontece no Brasil e no mundo.","potentialAction":[{"@type":"SearchAction","target":{"@type":"EntryPoint","urlTemplate":"https:\/\/www.correiobraziliense.com.br\/cbradar\/?s={search_term_string}"},"query-input":{"@type":"PropertyValueSpecification","valueRequired":true,"valueName":"search_term_string"}}],"inLanguage":"pt-BR"},{"@type":"Person","@id":"https:\/\/www.correiobraziliense.com.br\/cbradar\/#\/schema\/person\/7356666e12ec0ee53f348ee5db227032","name":"Daniely Cardoso","image":{"@type":"ImageObject","inLanguage":"pt-BR","@id":"https:\/\/www.correiobraziliense.com.br\/cbradar\/#\/schema\/person\/image\/","url":"https:\/\/secure.gravatar.com\/avatar\/4b80ddbd124d1f071b626d52d62e5dff?s=96&d=mm&r=g","contentUrl":"https:\/\/secure.gravatar.com\/avatar\/4b80ddbd124d1f071b626d52d62e5dff?s=96&d=mm&r=g","caption":"Daniely Cardoso"},"description":"Redatora nos portais CB Radar e EM Foco, formada pela Universidade Federal de Goi\u00e1s, em Goi\u00e2nia. Apaixonada por comunica\u00e7\u00e3o, arte, decora\u00e7\u00e3o e tend\u00eancias, atuo na produ\u00e7\u00e3o de conte\u00fados envolventes sobre curiosidades, moda, beleza e paisagismo, sempre com um olhar atento \u00e0s novidades do momento.","sameAs":["https:\/\/www.correiobraziliense.com.br\/cbradar"],"url":"https:\/\/www.correiobraziliense.com.br\/cbradar\/author\/danielymyth\/"}]}},"_links":{"self":[{"href":"https:\/\/www.correiobraziliense.com.br\/cbradar\/wp-json\/wp\/v2\/posts\/231208","targetHints":{"allow":["GET"]}}],"collection":[{"href":"https:\/\/www.correiobraziliense.com.br\/cbradar\/wp-json\/wp\/v2\/posts"}],"about":[{"href":"https:\/\/www.correiobraziliense.com.br\/cbradar\/wp-json\/wp\/v2\/types\/post"}],"author":[{"embeddable":true,"href":"https:\/\/www.correiobraziliense.com.br\/cbradar\/wp-json\/wp\/v2\/users\/9"}],"replies":[{"embeddable":true,"href":"https:\/\/www.correiobraziliense.com.br\/cbradar\/wp-json\/wp\/v2\/comments?post=231208"}],"version-history":[{"count":1,"href":"https:\/\/www.correiobraziliense.com.br\/cbradar\/wp-json\/wp\/v2\/posts\/231208\/revisions"}],"predecessor-version":[{"id":231211,"href":"https:\/\/www.correiobraziliense.com.br\/cbradar\/wp-json\/wp\/v2\/posts\/231208\/revisions\/231211"}],"wp:featuredmedia":[{"embeddable":true,"href":"https:\/\/www.correiobraziliense.com.br\/cbradar\/wp-json\/wp\/v2\/media\/232017"}],"wp:attachment":[{"href":"https:\/\/www.correiobraziliense.com.br\/cbradar\/wp-json\/wp\/v2\/media?parent=231208"}],"wp:term":[{"taxonomy":"category","embeddable":true,"href":"https:\/\/www.correiobraziliense.com.br\/cbradar\/wp-json\/wp\/v2\/categories?post=231208"},{"taxonomy":"post_tag","embeddable":true,"href":"https:\/\/www.correiobraziliense.com.br\/cbradar\/wp-json\/wp\/v2\/post_tag?post=231208"}],"curies":[{"name":"wp","href":"https:\/\/api.w.org\/{rel}","templated":true}]}}