{"id":231209,"date":"2026-04-26T19:45:00","date_gmt":"2026-04-26T22:45:00","guid":{"rendered":"https:\/\/www.correiobraziliense.com.br\/cbradar\/?p=231209"},"modified":"2026-04-25T15:16:45","modified_gmt":"2026-04-25T18:16:45","slug":"avos-que-participam-da-rotina-escolar-das-criancas-contribuem-para-o-desempenho-e-a-disciplina","status":"publish","type":"post","link":"https:\/\/www.correiobraziliense.com.br\/cbradar\/avos-que-participam-da-rotina-escolar-das-criancas-contribuem-para-o-desempenho-e-a-disciplina\/","title":{"rendered":"Av\u00f3s que participam da rotina escolar das crian\u00e7as contribuem para o desempenho e a disciplina"},"content":{"rendered":"\n<p>A presen\u00e7a dos av\u00f3s no ambiente educacional tem se tornado um diferencial estrat\u00e9gico para o desenvolvimento comportamental das novas gera\u00e7\u00f5es. Mais do que um suporte log\u00edstico para os pais, essa participa\u00e7\u00e3o ativa cria uma ponte entre a tradi\u00e7\u00e3o e o aprendizado moderno, favorecendo a <strong>disciplina infantil<\/strong> de maneira afetiva. Entender como essa din\u00e2mica funciona \u00e9 essencial para fam\u00edlias que buscam um suporte educacional mais robusto.<\/p>\n\n\n\n<h2 class=\"wp-block-heading\">O papel dos av\u00f3s como figuras de autoridade e afeto na educa\u00e7\u00e3o<\/h2>\n\n\n\n<p>Diferente dos pais, que muitas vezes lidam com o estresse da rotina profissional, os av\u00f3s costumam oferecer uma <strong>escuta ativa<\/strong> e uma paci\u00eancia maior durante as atividades escolares. Essa estabilidade emocional permite que a crian\u00e7a compreenda regras e limites sem a press\u00e3o imediata do desempenho, facilitando a aceita\u00e7\u00e3o da rotina escolar di\u00e1ria.<\/p>\n\n\n\n<p>A figura do av\u00f4 ou da av\u00f3 funciona como um referencial de sabedoria, onde a <strong>autoridade afetiva<\/strong> substitui a imposi\u00e7\u00e3o r\u00edgida, gerando maior coopera\u00e7\u00e3o por parte do aluno. Quando os av\u00f3s participam de reuni\u00f5es ou eventos, eles refor\u00e7am a import\u00e2ncia da escola como uma extens\u00e3o da pr\u00f3pria hist\u00f3ria familiar, o que aumenta o respeito pela institui\u00e7\u00e3o.<\/p>\n\n\n<div class=\"wp-block-image\">\n<figure class=\"aligncenter size-full\"><img decoding=\"async\" width=\"1280\" height=\"720\" src=\"https:\/\/www.correiobraziliense.com.br\/cbradar\/wp-content\/uploads\/2026\/04\/avos-e-netos.jpg\" alt=\"\" class=\"wp-image-231212\" srcset=\"https:\/\/www.correiobraziliense.com.br\/cbradar\/wp-content\/uploads\/2026\/04\/avos-e-netos.jpg 1280w, https:\/\/www.correiobraziliense.com.br\/cbradar\/wp-content\/uploads\/2026\/04\/avos-e-netos-300x169.jpg 300w, https:\/\/www.correiobraziliense.com.br\/cbradar\/wp-content\/uploads\/2026\/04\/avos-e-netos-768x432.jpg 768w, https:\/\/www.correiobraziliense.com.br\/cbradar\/wp-content\/uploads\/2026\/04\/avos-e-netos-750x422.jpg 750w, https:\/\/www.correiobraziliense.com.br\/cbradar\/wp-content\/uploads\/2026\/04\/avos-e-netos-1140x641.jpg 1140w\" sizes=\"(max-width: 1280px) 100vw, 1280px\" \/><figcaption class=\"wp-element-caption\">Diferente dos pais, que muitas vezes lidam com o estresse da rotina profissional, os av\u00f3s costumam oferecer uma escuta ativa e uma paci\u00eancia maior <\/figcaption><\/figure><\/div>\n\n\n<p>Leia tamb\u00e9m: <a href=\"https:\/\/www.correiobraziliense.com.br\/cbradar\/?p=229107\" target=\"_blank\" rel=\"noreferrer noopener\">Seu filho vai mal na escola e o problema pode n\u00e3o estar nos estudos<\/a><\/p>\n\n\n\n<h2 class=\"wp-block-heading\">Como a conviv\u00eancia geracional impacta o foco e o desempenho acad\u00eamico<\/h2>\n\n\n\n<p>Estudos indicam que crian\u00e7as que convivem com os av\u00f3s no contexto escolar apresentam n\u00edveis reduzidos de ansiedade e maior <strong>concentra\u00e7\u00e3o nas tarefas<\/strong>. A transmiss\u00e3o de experi\u00eancias de vida ajuda a contextualizar os conte\u00fados te\u00f3ricos, tornando o aprendizado algo mais concreto e interessante para o estudante em fase de crescimento.<\/p>\n\n\n\n<p>O apoio no momento do dever de casa, focado na paci\u00eancia e no encorajamento, ajuda a consolidar o <strong>h\u00e1bito de estudo<\/strong> de forma menos traum\u00e1tica para os pequenos. Esse acompanhamento constante serve como um term\u00f4metro para identificar dificuldades de aprendizagem antes mesmo que elas se tornem problemas maiores dentro da sala de aula.<\/p>\n\n\n\n<h2 class=\"wp-block-heading\">Benef\u00edcios pr\u00e1ticos da participa\u00e7\u00e3o dos av\u00f3s no cotidiano estudantil<\/h2>\n\n\n\n<p>A log\u00edstica escolar ganha muito quando h\u00e1 uma rede de apoio que inclui a terceira idade, garantindo pontualidade e uma <strong>transi\u00e7\u00e3o suave<\/strong> entre a casa e a escola. Esse suporte pr\u00e1tico libera os pais para intera\u00e7\u00f5es de maior qualidade, enquanto os av\u00f3s se sentem integrados e produtivos na vida social da fam\u00edlia.<\/p>\n\n\n\n<link href=\"https:\/\/fonts.googleapis.com\/css2?family=Inter:wght@400;600;700;800&#038;display=swap\" rel=\"stylesheet\">\n<style>\n\/* Prote\u00e7\u00e3o contra inje\u00e7\u00e3o do \"Veja Tamb\u00e9m\" (JNews inline related posts) *\/\n.rdp-pontos-wrapper .jnews_inline_related_post_wrapper,\n.rdp-pontos-wrapper .jnews_inline_related_post,\n.rdp-pontos-wrapper .jeg_postblock,\n.rdp-pontos-wrapper [class*=\"jnews_inline\"],\n.rdp-pontos-wrapper [class*=\"jeg_postblock\"],\n.rdp-pontos-wrapper [class*=\"jeg_block\"] {\n  display: none !important;\n  height: 0 !important;\n  max-height: 0 !important;\n  overflow: hidden !important;\n  visibility: hidden !important;\n  margin: 0 !important;\n  padding: 0 !important;\n  border: none !important;\n  font-size: 0 !important;\n  line-height: 0 !important;\n}\n.rdp-pontos-wrapper {\n  max-width: 100%;\n  margin: 32px 0;\n  background: #FFFBF7; \/* Fundo off-white quente *\/\n  border: 1px solid #F3E4D5;\n  border-radius: 12px;\n  padding: 28px 28px 20px;\n  font-family: 'Inter', sans-serif;\n  box-shadow: 0 4px 20px rgba(139,69,19,0.06);\n  overflow: hidden;\n  contain: layout style;\n  isolation: isolate;\n  position: relative;\n  z-index: 1;\n}\n.rdp-pontos-wrapper > *:not(.rdp-pontos-title):not(.rdp-pontos-grid) {\n  display: none !important;\n  height: 0 !important;\n  overflow: hidden !important;\n  margin: 0 !important;\n  padding: 0 !important;\n  border: none !important;\n}\n.rdp-pontos-title {\n  font-family: 'Inter', sans-serif;\n  font-size: 20px;\n  font-weight: 800;\n  color: #7A3E17;\n  margin: 0 0 20px 0;\n  line-height: 1.3;\n  text-align: center;\n}\n.rdp-pontos-grid {\n  display: grid;\n  grid-template-columns: repeat(3, 1fr);\n  gap: 18px;\n}\n.rdp-pontos-item {\n  background: #FFFFFF;\n  border: 1px solid #F3E4D5;\n  border-top: 3px solid #D2691E; \/* Chocolate\/Terracota *\/\n  border-radius: 10px;\n  padding: 22px 20px;\n  box-shadow: 0 2px 10px rgba(0,0,0,0.02);\n  transition: box-shadow 0.3s ease, border-color 0.3s ease;\n  text-align: center;\n}\n.rdp-pontos-item:hover {\n  box-shadow: 0 4px 20px rgba(210,105,30,0.15);\n  border-color: #D2691E;\n}\n.rdp-pontos-emoji {\n  font-size: 32px;\n  line-height: 1;\n  margin-bottom: 12px;\n  display: block;\n  text-align: center;\n}\n.rdp-pontos-item-title {\n  font-size: 15px;\n  font-weight: 700;\n  color: #1A1A1A;\n  margin-bottom: 8px;\n  line-height: 1.3;\n}\n.rdp-pontos-item-desc {\n  font-size: 14px;\n  color: #4A4A4A;\n  line-height: 1.6;\n  margin: 0;\n}\n@media (max-width: 768px) {\n  .rdp-pontos-wrapper {\n    padding: 20px 16px 14px;\n  }\n  .rdp-pontos-grid {\n    grid-template-columns: 1fr;\n    gap: 14px;\n  }\n  .rdp-pontos-title {\n    font-size: 18px;\n  }\n}\n<\/style>\n\n<div class=\"rdp-pontos-wrapper\">\n  <div class=\"rdp-pontos-title\">Benef\u00edcios do Conv\u00edvio entre Crian\u00e7as e Idosos<\/div>\n  <div class=\"rdp-pontos-grid\">\n    <div class=\"rdp-pontos-item\">\n      <span class=\"rdp-pontos-emoji\">\ud83d\udcc9<\/span>\n      <div class=\"rdp-pontos-item-title\">Menor Resist\u00eancia<\/div>\n      <p class=\"rdp-pontos-item-desc\">Redu\u00e7\u00e3o da resist\u00eancia da crian\u00e7a ao cumprir hor\u00e1rios e normas disciplinares b\u00e1sicas.<\/p>\n    <\/div>\n    <div class=\"rdp-pontos-item\">\n      <span class=\"rdp-pontos-emoji\">\ud83d\udde3\ufe0f<\/span>\n      <div class=\"rdp-pontos-item-title\">Salto Lingu\u00edstico<\/div>\n      <p class=\"rdp-pontos-item-desc\">Melhora na comunica\u00e7\u00e3o verbal e no vocabul\u00e1rio atrav\u00e9s do conv\u00edvio constante.<\/p>\n    <\/div>\n    <div class=\"rdp-pontos-item\">\n      <span class=\"rdp-pontos-emoji\">\ud83d\udee1\ufe0f<\/span>\n      <div class=\"rdp-pontos-item-title\">Seguran\u00e7a Emocional<\/div>\n      <p class=\"rdp-pontos-item-desc\">Aumento do senso de pertencimento do aluno mesmo fora do ambiente familiar direto.<\/p>\n    <\/div>\n    <div class=\"rdp-pontos-item\">\n      <span class=\"rdp-pontos-emoji\">\ud83e\udd1d<\/span>\n      <div class=\"rdp-pontos-item-title\">Foco na Empatia<\/div>\n      <p class=\"rdp-pontos-item-desc\">Desenvolvimento da empatia ao observar e cuidar das necessidades dos mais velhos.<\/p>\n    <\/div>\n    <div class=\"rdp-pontos-item\">\n      <span class=\"rdp-pontos-emoji\">\ud83c\udf33<\/span>\n      <div class=\"rdp-pontos-item-title\">Conex\u00e3o Hist\u00f3rica<\/div>\n      <p class=\"rdp-pontos-item-desc\">Maior engajamento em projetos escolares sobre hist\u00f3rias de vida e \u00e1rvores geneal\u00f3gicas.<\/p>\n    <\/div>\n  <\/div>\n<\/div>\n<div style=\"clear:both;height:0;overflow:hidden;\"><\/div>\n\n\n\n<h2 class=\"wp-block-heading\">A influ\u00eancia da sabedoria dos av\u00f3s na resolu\u00e7\u00e3o de conflitos escolares<\/h2>\n\n\n\n<p>A media\u00e7\u00e3o de conflitos entre colegas muitas vezes \u00e9 facilitada quando a crian\u00e7a tem em casa o exemplo de <strong>resili\u00eancia e calma<\/strong> dos av\u00f3s. Eles ensinam, muitas vezes pelo exemplo, que nem toda frustra\u00e7\u00e3o exige uma rea\u00e7\u00e3o agressiva, promovendo um ambiente de paz no contexto pedag\u00f3gico e social.<\/p>\n\n\n\n<p>Ao compartilhar hist\u00f3rias sobre suas pr\u00f3prias dificuldades na inf\u00e2ncia, os av\u00f3s humanizam o processo de falha, reduzindo a autocr\u00edtica excessiva das crian\u00e7as modernas em <strong>S\u00e3o Paulo<\/strong> ou qualquer grande centro urbano. Essa perspectiva hist\u00f3rica d\u00e1 ao aluno a paci\u00eancia necess\u00e1ria para entender que o aprendizado \u00e9 um processo cont\u00ednuo e gradual.<\/p>\n\n\n<div class=\"wp-block-image\">\n<figure class=\"aligncenter size-full\"><img decoding=\"async\" width=\"1280\" height=\"720\" src=\"https:\/\/www.correiobraziliense.com.br\/cbradar\/wp-content\/uploads\/2026\/04\/avos-e-netos-escola_1777007709761.jpg\" alt=\"\" class=\"wp-image-231213\" srcset=\"https:\/\/www.correiobraziliense.com.br\/cbradar\/wp-content\/uploads\/2026\/04\/avos-e-netos-escola_1777007709761.jpg 1280w, https:\/\/www.correiobraziliense.com.br\/cbradar\/wp-content\/uploads\/2026\/04\/avos-e-netos-escola_1777007709761-300x169.jpg 300w, https:\/\/www.correiobraziliense.com.br\/cbradar\/wp-content\/uploads\/2026\/04\/avos-e-netos-escola_1777007709761-768x432.jpg 768w, https:\/\/www.correiobraziliense.com.br\/cbradar\/wp-content\/uploads\/2026\/04\/avos-e-netos-escola_1777007709761-750x422.jpg 750w, https:\/\/www.correiobraziliense.com.br\/cbradar\/wp-content\/uploads\/2026\/04\/avos-e-netos-escola_1777007709761-1140x641.jpg 1140w\" sizes=\"(max-width: 1280px) 100vw, 1280px\" \/><figcaption class=\"wp-element-caption\">A participa\u00e7\u00e3o da terceira idade na rotina educacional n\u00e3o beneficia apenas a crian\u00e7a, mas revitaliza o ambiente escolar com valores \u00e9ticos &#8211; Cr\u00e9ditos: depositphotos.com \/ VBaleha<\/figcaption><\/figure><\/div>\n\n\n<h2 class=\"wp-block-heading\">Presen\u00e7a dos av\u00f3s na escola solidifica a base moral dos estudantes<\/h2>\n\n\n\n<p>A participa\u00e7\u00e3o da terceira idade na rotina educacional n\u00e3o beneficia apenas a crian\u00e7a, mas revitaliza o ambiente escolar com <strong>valores \u00e9ticos<\/strong> e morais s\u00f3lidos. O testemunho de vida dos av\u00f3s serve como um guia silencioso para a forma\u00e7\u00e3o de cidad\u00e3os mais conscientes e disciplinados em suas escolhas futuras.<\/p>\n\n\n\n<p>Integrar os av\u00f3s \u00e9, acima de tudo, uma estrat\u00e9gia inteligente para humanizar a educa\u00e7\u00e3o e garantir que o aluno se sinta plenamente apoiado em sua jornada de conhecimento. Fam\u00edlias que estimulam essa conex\u00e3o colhem frutos que v\u00e3o muito al\u00e9m de boas notas, formando indiv\u00edduos emocionalmente inteligentes e preparados para os desafios sociais.<\/p>\n","protected":false},"excerpt":{"rendered":"<p>A presen\u00e7a dos av\u00f3s no ambiente educacional tem se tornado um diferencial estrat\u00e9gico para o desenvolvimento comportamental das novas gera\u00e7\u00f5es. Mais do que um suporte log\u00edstico para os pais, essa participa\u00e7\u00e3o ativa cria uma ponte entre a tradi\u00e7\u00e3o e o aprendizado moderno, favorecendo a disciplina infantil de maneira afetiva. Entender como essa din\u00e2mica funciona \u00e9 [&hellip;]<\/p>\n","protected":false},"author":9,"featured_media":232032,"comment_status":"open","ping_status":"open","sticky":false,"template":"","format":"standard","meta":{"_yoast_wpseo_focuskw":"av\u00f3s no ambiente educacional","_yoast_wpseo_title":"","_yoast_wpseo_metadesc":"A presen\u00e7a dos av\u00f3s fortalece a disciplina, reduz a ansiedade e contribui para o desenvolvimento emocional e escolar das crian\u00e7as.","jnews-multi-image_gallery":[],"jnews_single_post":{"format":"standard"},"jnews_primary_category":[],"jnews_social_meta":[],"jnews_override_counter":[],"footnotes":""},"categories":[112],"post_tag":[],"class_list":["post-231209","post","type-post","status-publish","format-standard","has-post-thumbnail","hentry","category-curiosidades"],"yoast_head":"<!-- This site is optimized with the Yoast SEO plugin v24.6 - https:\/\/yoast.com\/wordpress\/plugins\/seo\/ -->\n<title>Av\u00f3s que participam da rotina escolar das crian\u00e7as contribuem para o desempenho e a disciplina - Correio Braziliense - Radar<\/title>\n<meta name=\"description\" content=\"A presen\u00e7a dos av\u00f3s fortalece a disciplina, reduz a ansiedade e contribui para o desenvolvimento emocional e escolar das crian\u00e7as.\" \/>\n<meta name=\"robots\" content=\"index, follow, max-snippet:-1, max-image-preview:large, max-video-preview:-1\" \/>\n<link rel=\"canonical\" href=\"https:\/\/www.correiobraziliense.com.br\/cbradar\/avos-que-participam-da-rotina-escolar-das-criancas-contribuem-para-o-desempenho-e-a-disciplina\/\" \/>\n<meta property=\"og:locale\" content=\"pt_BR\" \/>\n<meta property=\"og:type\" content=\"article\" \/>\n<meta property=\"og:title\" content=\"Av\u00f3s que participam da rotina escolar das crian\u00e7as contribuem para o desempenho e a disciplina - Correio Braziliense - Radar\" \/>\n<meta property=\"og:description\" content=\"A presen\u00e7a dos av\u00f3s fortalece a disciplina, reduz a ansiedade e contribui para o desenvolvimento emocional e escolar das crian\u00e7as.\" \/>\n<meta property=\"og:url\" content=\"https:\/\/www.correiobraziliense.com.br\/cbradar\/avos-que-participam-da-rotina-escolar-das-criancas-contribuem-para-o-desempenho-e-a-disciplina\/\" \/>\n<meta property=\"og:site_name\" content=\"Correio Braziliense - Radar\" \/>\n<meta property=\"article:published_time\" content=\"2026-04-26T22:45:00+00:00\" \/>\n<meta property=\"og:image\" content=\"https:\/\/www.correiobraziliense.com.br\/cbradar\/wp-content\/uploads\/2026\/04\/freepik_an-elderly-afrobrazilian-_2864576113.jpeg\" \/>\n\t<meta property=\"og:image:width\" content=\"1376\" \/>\n\t<meta property=\"og:image:height\" content=\"768\" \/>\n\t<meta property=\"og:image:type\" content=\"image\/jpeg\" \/>\n<meta name=\"author\" content=\"Daniely Cardoso\" \/>\n<meta name=\"twitter:card\" content=\"summary_large_image\" \/>\n<meta name=\"twitter:label1\" content=\"Escrito por\" \/>\n\t<meta name=\"twitter:data1\" content=\"Daniely Cardoso\" \/>\n\t<meta name=\"twitter:label2\" content=\"Est. tempo de leitura\" \/>\n\t<meta name=\"twitter:data2\" content=\"5 minutos\" \/>\n<!-- \/ Yoast SEO plugin. -->","yoast_head_json":{"title":"Av\u00f3s que participam da rotina escolar das crian\u00e7as contribuem para o desempenho e a disciplina - Correio Braziliense - Radar","description":"A presen\u00e7a dos av\u00f3s fortalece a disciplina, reduz a ansiedade e contribui para o desenvolvimento emocional e escolar das crian\u00e7as.","robots":{"index":"index","follow":"follow","max-snippet":"max-snippet:-1","max-image-preview":"max-image-preview:large","max-video-preview":"max-video-preview:-1"},"canonical":"https:\/\/www.correiobraziliense.com.br\/cbradar\/avos-que-participam-da-rotina-escolar-das-criancas-contribuem-para-o-desempenho-e-a-disciplina\/","og_locale":"pt_BR","og_type":"article","og_title":"Av\u00f3s que participam da rotina escolar das crian\u00e7as contribuem para o desempenho e a disciplina - Correio Braziliense - Radar","og_description":"A presen\u00e7a dos av\u00f3s fortalece a disciplina, reduz a ansiedade e contribui para o desenvolvimento emocional e escolar das crian\u00e7as.","og_url":"https:\/\/www.correiobraziliense.com.br\/cbradar\/avos-que-participam-da-rotina-escolar-das-criancas-contribuem-para-o-desempenho-e-a-disciplina\/","og_site_name":"Correio Braziliense - Radar","article_published_time":"2026-04-26T22:45:00+00:00","og_image":[{"width":1376,"height":768,"url":"https:\/\/www.correiobraziliense.com.br\/cbradar\/wp-content\/uploads\/2026\/04\/freepik_an-elderly-afrobrazilian-_2864576113.jpeg","type":"image\/jpeg"}],"author":"Daniely Cardoso","twitter_card":"summary_large_image","twitter_misc":{"Escrito por":"Daniely Cardoso","Est. tempo de leitura":"5 minutos"},"schema":{"@context":"https:\/\/schema.org","@graph":[{"@type":"WebPage","@id":"https:\/\/www.correiobraziliense.com.br\/cbradar\/avos-que-participam-da-rotina-escolar-das-criancas-contribuem-para-o-desempenho-e-a-disciplina\/","url":"https:\/\/www.correiobraziliense.com.br\/cbradar\/avos-que-participam-da-rotina-escolar-das-criancas-contribuem-para-o-desempenho-e-a-disciplina\/","name":"Av\u00f3s que participam da rotina escolar das crian\u00e7as contribuem para o desempenho e a disciplina - Correio Braziliense - Radar","isPartOf":{"@id":"https:\/\/www.correiobraziliense.com.br\/cbradar\/#website"},"primaryImageOfPage":{"@id":"https:\/\/www.correiobraziliense.com.br\/cbradar\/avos-que-participam-da-rotina-escolar-das-criancas-contribuem-para-o-desempenho-e-a-disciplina\/#primaryimage"},"image":{"@id":"https:\/\/www.correiobraziliense.com.br\/cbradar\/avos-que-participam-da-rotina-escolar-das-criancas-contribuem-para-o-desempenho-e-a-disciplina\/#primaryimage"},"thumbnailUrl":"https:\/\/www.correiobraziliense.com.br\/cbradar\/wp-content\/uploads\/2026\/04\/freepik_an-elderly-afrobrazilian-_2864576113.jpeg","datePublished":"2026-04-26T22:45:00+00:00","author":{"@id":"https:\/\/www.correiobraziliense.com.br\/cbradar\/#\/schema\/person\/7356666e12ec0ee53f348ee5db227032"},"description":"A presen\u00e7a dos av\u00f3s fortalece a disciplina, reduz a ansiedade e contribui para o desenvolvimento emocional e escolar das crian\u00e7as.","breadcrumb":{"@id":"https:\/\/www.correiobraziliense.com.br\/cbradar\/avos-que-participam-da-rotina-escolar-das-criancas-contribuem-para-o-desempenho-e-a-disciplina\/#breadcrumb"},"inLanguage":"pt-BR","potentialAction":[{"@type":"ReadAction","target":["https:\/\/www.correiobraziliense.com.br\/cbradar\/avos-que-participam-da-rotina-escolar-das-criancas-contribuem-para-o-desempenho-e-a-disciplina\/"]}]},{"@type":"ImageObject","inLanguage":"pt-BR","@id":"https:\/\/www.correiobraziliense.com.br\/cbradar\/avos-que-participam-da-rotina-escolar-das-criancas-contribuem-para-o-desempenho-e-a-disciplina\/#primaryimage","url":"https:\/\/www.correiobraziliense.com.br\/cbradar\/wp-content\/uploads\/2026\/04\/freepik_an-elderly-afrobrazilian-_2864576113.jpeg","contentUrl":"https:\/\/www.correiobraziliense.com.br\/cbradar\/wp-content\/uploads\/2026\/04\/freepik_an-elderly-afrobrazilian-_2864576113.jpeg","width":1376,"height":768,"caption":"A figura do av\u00f4 ou da av\u00f3 funciona como um referencial de sabedoria, onde a autoridade afetiva substitui a imposi\u00e7\u00e3o r\u00edgida"},{"@type":"BreadcrumbList","@id":"https:\/\/www.correiobraziliense.com.br\/cbradar\/avos-que-participam-da-rotina-escolar-das-criancas-contribuem-para-o-desempenho-e-a-disciplina\/#breadcrumb","itemListElement":[{"@type":"ListItem","position":1,"name":"In\u00edcio","item":"https:\/\/www.correiobraziliense.com.br\/cbradar\/"},{"@type":"ListItem","position":2,"name":"Av\u00f3s que participam da rotina escolar das crian\u00e7as contribuem para o desempenho e a disciplina"}]},{"@type":"WebSite","@id":"https:\/\/www.correiobraziliense.com.br\/cbradar\/#website","url":"https:\/\/www.correiobraziliense.com.br\/cbradar\/","name":"Correio Braziliense - Radar","description":"Acompanhe as \u00faltimas not\u00edcias e fique bem informado sobre tudo o que acontece no Brasil e no mundo.","potentialAction":[{"@type":"SearchAction","target":{"@type":"EntryPoint","urlTemplate":"https:\/\/www.correiobraziliense.com.br\/cbradar\/?s={search_term_string}"},"query-input":{"@type":"PropertyValueSpecification","valueRequired":true,"valueName":"search_term_string"}}],"inLanguage":"pt-BR"},{"@type":"Person","@id":"https:\/\/www.correiobraziliense.com.br\/cbradar\/#\/schema\/person\/7356666e12ec0ee53f348ee5db227032","name":"Daniely Cardoso","image":{"@type":"ImageObject","inLanguage":"pt-BR","@id":"https:\/\/www.correiobraziliense.com.br\/cbradar\/#\/schema\/person\/image\/","url":"https:\/\/secure.gravatar.com\/avatar\/4b80ddbd124d1f071b626d52d62e5dff?s=96&d=mm&r=g","contentUrl":"https:\/\/secure.gravatar.com\/avatar\/4b80ddbd124d1f071b626d52d62e5dff?s=96&d=mm&r=g","caption":"Daniely Cardoso"},"description":"Redatora nos portais CB Radar e EM Foco, formada pela Universidade Federal de Goi\u00e1s, em Goi\u00e2nia. Apaixonada por comunica\u00e7\u00e3o, arte, decora\u00e7\u00e3o e tend\u00eancias, atuo na produ\u00e7\u00e3o de conte\u00fados envolventes sobre curiosidades, moda, beleza e paisagismo, sempre com um olhar atento \u00e0s novidades do momento.","sameAs":["https:\/\/www.correiobraziliense.com.br\/cbradar"],"url":"https:\/\/www.correiobraziliense.com.br\/cbradar\/author\/danielymyth\/"}]}},"_links":{"self":[{"href":"https:\/\/www.correiobraziliense.com.br\/cbradar\/wp-json\/wp\/v2\/posts\/231209","targetHints":{"allow":["GET"]}}],"collection":[{"href":"https:\/\/www.correiobraziliense.com.br\/cbradar\/wp-json\/wp\/v2\/posts"}],"about":[{"href":"https:\/\/www.correiobraziliense.com.br\/cbradar\/wp-json\/wp\/v2\/types\/post"}],"author":[{"embeddable":true,"href":"https:\/\/www.correiobraziliense.com.br\/cbradar\/wp-json\/wp\/v2\/users\/9"}],"replies":[{"embeddable":true,"href":"https:\/\/www.correiobraziliense.com.br\/cbradar\/wp-json\/wp\/v2\/comments?post=231209"}],"version-history":[{"count":1,"href":"https:\/\/www.correiobraziliense.com.br\/cbradar\/wp-json\/wp\/v2\/posts\/231209\/revisions"}],"predecessor-version":[{"id":231214,"href":"https:\/\/www.correiobraziliense.com.br\/cbradar\/wp-json\/wp\/v2\/posts\/231209\/revisions\/231214"}],"wp:featuredmedia":[{"embeddable":true,"href":"https:\/\/www.correiobraziliense.com.br\/cbradar\/wp-json\/wp\/v2\/media\/232032"}],"wp:attachment":[{"href":"https:\/\/www.correiobraziliense.com.br\/cbradar\/wp-json\/wp\/v2\/media?parent=231209"}],"wp:term":[{"taxonomy":"category","embeddable":true,"href":"https:\/\/www.correiobraziliense.com.br\/cbradar\/wp-json\/wp\/v2\/categories?post=231209"},{"taxonomy":"post_tag","embeddable":true,"href":"https:\/\/www.correiobraziliense.com.br\/cbradar\/wp-json\/wp\/v2\/post_tag?post=231209"}],"curies":[{"name":"wp","href":"https:\/\/api.w.org\/{rel}","templated":true}]}}