{"id":231217,"date":"2026-04-26T08:15:00","date_gmt":"2026-04-26T11:15:00","guid":{"rendered":"https:\/\/www.correiobraziliense.com.br\/cbradar\/?p=231217"},"modified":"2026-04-25T14:29:30","modified_gmt":"2026-04-25T17:29:30","slug":"racas-de-caes-mais-fortes-e-musculosas-do-mundo-conhecidas-pela-forca-fisica","status":"publish","type":"post","link":"https:\/\/www.correiobraziliense.com.br\/cbradar\/racas-de-caes-mais-fortes-e-musculosas-do-mundo-conhecidas-pela-forca-fisica\/","title":{"rendered":"Ra\u00e7as de c\u00e3es mais fortes e musculosas do mundo conhecidas pela for\u00e7a f\u00edsica"},"content":{"rendered":"\n<p>A impon\u00eancia de certas linhagens caninas desperta fasc\u00ednio e curiosidade em entusiastas de animais em todo o planeta. Mais do que apenas uma apar\u00eancia robusta, a for\u00e7a desses animais \u00e9 o resultado de uma combina\u00e7\u00e3o precisa entre sele\u00e7\u00e3o gen\u00e9tica e aptid\u00e3o para o trabalho pesado. Entender as caracter\u00edsticas das <strong>ra\u00e7as de c\u00e3es mais fortes<\/strong> \u00e9 o primeiro passo para respeitar a natureza desses exemplares impressionantes.<\/p>\n\n\n\n<h2 class=\"wp-block-heading\">A supremacia f\u00edsica do American Pit Bull Terrier e sua pot\u00eancia muscular<\/h2>\n\n\n\n<p>O <strong>American Pit Bull Terrier<\/strong> \u00e9 frequentemente citado como o expoente m\u00e1ximo da for\u00e7a em rela\u00e7\u00e3o ao pr\u00f3prio peso corporal. Sua estrutura f\u00edsica \u00e9 composta por uma <strong>musculatura canina<\/strong> densa, com ombros largos e mand\u00edbulas poderosas que refletem s\u00e9culos de sele\u00e7\u00e3o para resist\u00eancia e agilidade extrema. Esse c\u00e3o n\u00e3o exibe apenas volume, mas uma funcionalidade atl\u00e9tica invej\u00e1vel.<\/p>\n\n\n\n<p>Diferente do que muitos pensam, a for\u00e7a dessa ra\u00e7a exige um direcionamento correto por meio de exerc\u00edcios de baixo impacto e est\u00edmulo mental constante. A <strong>gen\u00e9tica e treinamento<\/strong> caminham juntos para garantir que o animal mantenha sua sa\u00fade articular enquanto desenvolve sua capacidade f\u00edsica m\u00e1xima. Em pa\u00edses como os <strong>Estados Unidos<\/strong>, o uso desses c\u00e3es em esportes de tra\u00e7\u00e3o demonstra seu vigor inigual\u00e1vel.<\/p>\n\n\n<div class=\"wp-block-image\">\n<figure class=\"aligncenter size-full\"><img decoding=\"async\" width=\"1280\" height=\"720\" src=\"https:\/\/www.correiobraziliense.com.br\/cbradar\/wp-content\/uploads\/2026\/04\/American-Pit-Bull-Terrier-_1777008575357.jpg\" alt=\"\" class=\"wp-image-231218\" srcset=\"https:\/\/www.correiobraziliense.com.br\/cbradar\/wp-content\/uploads\/2026\/04\/American-Pit-Bull-Terrier-_1777008575357.jpg 1280w, https:\/\/www.correiobraziliense.com.br\/cbradar\/wp-content\/uploads\/2026\/04\/American-Pit-Bull-Terrier-_1777008575357-300x169.jpg 300w, https:\/\/www.correiobraziliense.com.br\/cbradar\/wp-content\/uploads\/2026\/04\/American-Pit-Bull-Terrier-_1777008575357-768x432.jpg 768w, https:\/\/www.correiobraziliense.com.br\/cbradar\/wp-content\/uploads\/2026\/04\/American-Pit-Bull-Terrier-_1777008575357-750x422.jpg 750w, https:\/\/www.correiobraziliense.com.br\/cbradar\/wp-content\/uploads\/2026\/04\/American-Pit-Bull-Terrier-_1777008575357-1140x641.jpg 1140w\" sizes=\"(max-width: 1280px) 100vw, 1280px\" \/><figcaption class=\"wp-element-caption\">O American Pit Bull Terrier \u00e9 frequentemente citado como o expoente m\u00e1ximo da for\u00e7a em rela\u00e7\u00e3o ao pr\u00f3prio peso corporal &#8211; Cr\u00e9ditos: depositphotos.com \/ Drago_Nika<\/figcaption><\/figure><\/div>\n\n\n<p>Leia tamb\u00e9m: <a href=\"https:\/\/www.correiobraziliense.com.br\/cbradar\/racas-de-caes-protetores-que-defendem-a-casa-sem-latir-o-tempo-todo\/\" target=\"_blank\" rel=\"noreferrer noopener\">Ra\u00e7as de c\u00e3es protetores que defendem a casa sem latir o tempo todo<\/a><\/p>\n\n\n\n<h2 class=\"wp-block-heading\">Rottweiler e a combina\u00e7\u00e3o perfeita de for\u00e7a bruta e instinto de prote\u00e7\u00e3o<\/h2>\n\n\n\n<p>Origin\u00e1rio da <strong>Alemanha<\/strong>, o <strong>Rottweiler<\/strong> \u00e9 um gigante que carrega uma heran\u00e7a de c\u00e3o de guarda e pastoreio de gado. Sua musculatura \u00e9 visivelmente mais compacta e pesada, focada na explos\u00e3o de for\u00e7a necess\u00e1ria para imobilizar amea\u00e7as ou mover grandes cargas. A estrutura \u00f3ssea larga suporta uma massa muscular que impressiona at\u00e9 os criadores mais experientes.<\/p>\n\n\n\n<p>A for\u00e7a f\u00edsica desse animal \u00e9 complementada por uma intelig\u00eancia agu\u00e7ada, o que o torna um dos c\u00e3es de trabalho mais eficientes do mundo. Manter um <strong>Rottweiler<\/strong> ativo \u00e9 fundamental para evitar o sedentarismo, que pode mascarar sua pot\u00eancia f\u00edsica natural sob camadas de gordura. O treinamento de obedi\u00eancia ajuda a canalizar toda essa energia de forma equilibrada e segura para a conviv\u00eancia familiar.<\/p>\n\n\n\n<h2 class=\"wp-block-heading\">Agilidade e resist\u00eancia muscular do imponente Doberman Pinscher<\/h2>\n\n\n\n<p>Diferente das ra\u00e7as de estrutura mais pesada, o <strong>Doberman Pinscher<\/strong> apresenta uma musculatura longil\u00ednea, focada na velocidade e na resist\u00eancia aer\u00f3bica. Sua apar\u00eancia elegante esconde uma for\u00e7a de impacto surpreendente, capaz de percorrer grandes dist\u00e2ncias em poucos segundos sem sinais de fadiga imediata. \u00c9 o exemplo perfeito de como a <strong>musculatura canina<\/strong> pode ser otimizada para a agilidade.<\/p>\n\n\n\n<ul class=\"wp-block-list\">\n<li>Desenvolvimento de peitoral profundo para maior capacidade pulmonar durante o esfor\u00e7o.<\/li>\n\n\n\n<li>Membros posteriores extremamente fortes que garantem arranques r\u00e1pidos e precisos.<\/li>\n\n\n\n<li>Pele fina que permite uma visualiza\u00e7\u00e3o n\u00edtida da defini\u00e7\u00e3o muscular do animal.<\/li>\n\n\n\n<li>N\u00edvel de energia elevado que exige rotinas de exerc\u00edcios di\u00e1rios de alta intensidade.<\/li>\n\n\n\n<li>Foco excepcional em tarefas de prote\u00e7\u00e3o, utilizando o corpo como barreira f\u00edsica.<\/li>\n<\/ul>\n\n\n\n<figure class=\"wp-block-embed is-type-rich is-provider-pinterest wp-block-embed-pinterest\"><div class=\"wp-block-embed__wrapper\">\n<iframe loading=\"lazy\" title=\" \" src=\"https:\/\/assets.pinterest.com\/ext\/embed.html?id=683632418478546552&#038;src=oembed\" height=\"775\" width=\"450\" frameborder=\"0\" scrolling=\"no\" ><\/iframe>\n<\/div><\/figure>\n\n\n\n<h2 class=\"wp-block-heading\">A import\u00e2ncia da gen\u00e9tica e treinamento no desenvolvimento da massa canina<\/h2>\n\n\n\n<p>Embora a heran\u00e7a biol\u00f3gica seja o ponto de partida, o ambiente desempenha um papel crucial na defini\u00e7\u00e3o do f\u00edsico desses animais. Uma dieta rica em prote\u00ednas e amino\u00e1cidos \u00e9 a base para sustentar os tecidos musculares de ra\u00e7as como o <strong>Pit Bull<\/strong> ou o <strong>Rottweiler<\/strong>. Sem o suporte nutricional adequado, o potencial gen\u00e9tico do animal jamais ser\u00e1 atingido em sua totalidade.<\/p>\n\n\n\n<p>O treinamento de resist\u00eancia, como caminhadas em terrenos inclinados ou nata\u00e7\u00e3o, ajuda a fortalecer os ligamentos e prevenir les\u00f5es comuns em c\u00e3es pesados. \u00c9 importante lembrar que o <strong>condicionamento f\u00edsico<\/strong> deve ser introduzido gradualmente, respeitando as fases de crescimento do filhote para n\u00e3o sobrecarregar as ep\u00edfises \u00f3sseas. O acompanhamento profissional garante que a est\u00e9tica muscular seja apenas um reflexo de uma sa\u00fade de ferro.<\/p>\n\n\n\n<p>Se voc\u00ea gosta de curiosidades, separamos esse v\u00eddeo do canal  <a href=\"https:\/\/www.youtube.com\/@voceacreditanissocanal\" target=\"_blank\" rel=\"noreferrer noopener\">Voc\u00ea Acredita Nisso?<\/a> mostrando mais algumas ra\u00e7as de c\u00e3es fortes:<\/p>\n\n\n\n<figure class=\"wp-block-embed is-type-video is-provider-youtube wp-block-embed-youtube wp-embed-aspect-16-9 wp-has-aspect-ratio\"><div class=\"wp-block-embed__wrapper\">\n<div class=\"jeg_video_container jeg_video_content\"><iframe loading=\"lazy\" title=\"AS 10 RA\u00c7AS DE CACHORROS MAIS FORTES DO MUNDO!\" width=\"500\" height=\"281\" src=\"https:\/\/www.youtube.com\/embed\/X_JAZvaA90c?feature=oembed\" frameborder=\"0\" allow=\"accelerometer; autoplay; clipboard-write; encrypted-media; gyroscope; picture-in-picture; web-share\" referrerpolicy=\"strict-origin-when-cross-origin\" allowfullscreen><\/iframe><\/div>\n<\/div><\/figure>\n\n\n\n<h2 class=\"wp-block-heading\">Sa\u00fade e bem-estar s\u00e3o os pilares para manter c\u00e3es atl\u00e9ticos e potentes<\/h2>\n\n\n\n<p>Possuir um animal de grande porte e for\u00e7a f\u00edsica exige responsabilidade e conhecimento sobre as necessidades espec\u00edficas de cada linhagem. A <strong>for\u00e7a e resist\u00eancia f\u00edsica<\/strong> dessas ra\u00e7as s\u00f3 s\u00e3o admir\u00e1veis quando acompanhadas de um temperamento equilibrado e cuidados veterin\u00e1rios regulares. O bem-estar animal deve estar sempre acima da busca por padr\u00f5es est\u00e9ticos de musculatura extrema.<\/p>\n\n\n\n<p>Ao oferecer est\u00edmulos corretos e uma rotina disciplinada, o tutor permite que o c\u00e3o expresse sua natureza poderosa de maneira saud\u00e1vel e feliz. Valorizar a hist\u00f3ria e a funcionalidade dessas ra\u00e7as \u00e9 a melhor forma de garantir que elas continuem sendo vistas como os incr\u00edveis atletas do mundo animal. O respeito \u00e0 biologia de cada c\u00e3o \u00e9 o que define o sucesso na cria\u00e7\u00e3o dessas m\u00e1quinas de for\u00e7a natural.<\/p>\n","protected":false},"excerpt":{"rendered":"<p>A impon\u00eancia de certas linhagens caninas desperta fasc\u00ednio e curiosidade em entusiastas de animais em todo o planeta. Mais do que apenas uma apar\u00eancia robusta, a for\u00e7a desses animais \u00e9 o resultado de uma combina\u00e7\u00e3o precisa entre sele\u00e7\u00e3o gen\u00e9tica e aptid\u00e3o para o trabalho pesado. Entender as caracter\u00edsticas das ra\u00e7as de c\u00e3es mais fortes \u00e9 [&hellip;]<\/p>\n","protected":false},"author":9,"featured_media":232009,"comment_status":"open","ping_status":"open","sticky":false,"template":"","format":"standard","meta":{"_yoast_wpseo_focuskw":"c\u00e3es mais fortes","_yoast_wpseo_title":"","_yoast_wpseo_metadesc":"Algumas ra\u00e7as de c\u00e3es se destacam pela for\u00e7a, resist\u00eancia e intelig\u00eancia, revelando caracter\u00edsticas f\u00edsicas e comportamentais impressionantes.","jnews-multi-image_gallery":[],"jnews_single_post":{"format":"standard"},"jnews_primary_category":[],"jnews_social_meta":[],"jnews_override_counter":[],"footnotes":""},"categories":[112],"post_tag":[],"class_list":["post-231217","post","type-post","status-publish","format-standard","has-post-thumbnail","hentry","category-curiosidades"],"yoast_head":"<!-- This site is optimized with the Yoast SEO plugin v24.6 - https:\/\/yoast.com\/wordpress\/plugins\/seo\/ -->\n<title>Ra\u00e7as de c\u00e3es mais fortes e musculosas do mundo conhecidas pela for\u00e7a f\u00edsica - Correio Braziliense - Radar<\/title>\n<meta name=\"description\" content=\"Algumas ra\u00e7as de c\u00e3es se destacam pela for\u00e7a, resist\u00eancia e intelig\u00eancia, revelando caracter\u00edsticas f\u00edsicas e comportamentais impressionantes.\" \/>\n<meta name=\"robots\" content=\"index, follow, max-snippet:-1, max-image-preview:large, max-video-preview:-1\" \/>\n<link rel=\"canonical\" href=\"https:\/\/www.correiobraziliense.com.br\/cbradar\/racas-de-caes-mais-fortes-e-musculosas-do-mundo-conhecidas-pela-forca-fisica\/\" \/>\n<meta property=\"og:locale\" content=\"pt_BR\" \/>\n<meta property=\"og:type\" content=\"article\" \/>\n<meta property=\"og:title\" content=\"Ra\u00e7as de c\u00e3es mais fortes e musculosas do mundo conhecidas pela for\u00e7a f\u00edsica - Correio Braziliense - Radar\" \/>\n<meta property=\"og:description\" content=\"Algumas ra\u00e7as de c\u00e3es se destacam pela for\u00e7a, resist\u00eancia e intelig\u00eancia, revelando caracter\u00edsticas f\u00edsicas e comportamentais impressionantes.\" \/>\n<meta property=\"og:url\" content=\"https:\/\/www.correiobraziliense.com.br\/cbradar\/racas-de-caes-mais-fortes-e-musculosas-do-mundo-conhecidas-pela-forca-fisica\/\" \/>\n<meta property=\"og:site_name\" content=\"Correio Braziliense - Radar\" \/>\n<meta property=\"article:published_time\" content=\"2026-04-26T11:15:00+00:00\" \/>\n<meta property=\"og:image\" content=\"https:\/\/www.correiobraziliense.com.br\/cbradar\/wp-content\/uploads\/2026\/04\/freepik_cao-rottweiler-robusto-pu_2864413145.jpeg\" \/>\n\t<meta property=\"og:image:width\" content=\"1376\" \/>\n\t<meta property=\"og:image:height\" content=\"768\" \/>\n\t<meta property=\"og:image:type\" content=\"image\/jpeg\" \/>\n<meta name=\"author\" content=\"Daniely Cardoso\" \/>\n<meta name=\"twitter:card\" content=\"summary_large_image\" \/>\n<meta name=\"twitter:label1\" content=\"Escrito por\" \/>\n\t<meta name=\"twitter:data1\" content=\"Daniely Cardoso\" \/>\n\t<meta name=\"twitter:label2\" content=\"Est. tempo de leitura\" \/>\n\t<meta name=\"twitter:data2\" content=\"5 minutos\" \/>\n<!-- \/ Yoast SEO plugin. -->","yoast_head_json":{"title":"Ra\u00e7as de c\u00e3es mais fortes e musculosas do mundo conhecidas pela for\u00e7a f\u00edsica - Correio Braziliense - Radar","description":"Algumas ra\u00e7as de c\u00e3es se destacam pela for\u00e7a, resist\u00eancia e intelig\u00eancia, revelando caracter\u00edsticas f\u00edsicas e comportamentais impressionantes.","robots":{"index":"index","follow":"follow","max-snippet":"max-snippet:-1","max-image-preview":"max-image-preview:large","max-video-preview":"max-video-preview:-1"},"canonical":"https:\/\/www.correiobraziliense.com.br\/cbradar\/racas-de-caes-mais-fortes-e-musculosas-do-mundo-conhecidas-pela-forca-fisica\/","og_locale":"pt_BR","og_type":"article","og_title":"Ra\u00e7as de c\u00e3es mais fortes e musculosas do mundo conhecidas pela for\u00e7a f\u00edsica - Correio Braziliense - Radar","og_description":"Algumas ra\u00e7as de c\u00e3es se destacam pela for\u00e7a, resist\u00eancia e intelig\u00eancia, revelando caracter\u00edsticas f\u00edsicas e comportamentais impressionantes.","og_url":"https:\/\/www.correiobraziliense.com.br\/cbradar\/racas-de-caes-mais-fortes-e-musculosas-do-mundo-conhecidas-pela-forca-fisica\/","og_site_name":"Correio Braziliense - Radar","article_published_time":"2026-04-26T11:15:00+00:00","og_image":[{"width":1376,"height":768,"url":"https:\/\/www.correiobraziliense.com.br\/cbradar\/wp-content\/uploads\/2026\/04\/freepik_cao-rottweiler-robusto-pu_2864413145.jpeg","type":"image\/jpeg"}],"author":"Daniely Cardoso","twitter_card":"summary_large_image","twitter_misc":{"Escrito por":"Daniely Cardoso","Est. tempo de leitura":"5 minutos"},"schema":{"@context":"https:\/\/schema.org","@graph":[{"@type":"WebPage","@id":"https:\/\/www.correiobraziliense.com.br\/cbradar\/racas-de-caes-mais-fortes-e-musculosas-do-mundo-conhecidas-pela-forca-fisica\/","url":"https:\/\/www.correiobraziliense.com.br\/cbradar\/racas-de-caes-mais-fortes-e-musculosas-do-mundo-conhecidas-pela-forca-fisica\/","name":"Ra\u00e7as de c\u00e3es mais fortes e musculosas do mundo conhecidas pela for\u00e7a f\u00edsica - Correio Braziliense - Radar","isPartOf":{"@id":"https:\/\/www.correiobraziliense.com.br\/cbradar\/#website"},"primaryImageOfPage":{"@id":"https:\/\/www.correiobraziliense.com.br\/cbradar\/racas-de-caes-mais-fortes-e-musculosas-do-mundo-conhecidas-pela-forca-fisica\/#primaryimage"},"image":{"@id":"https:\/\/www.correiobraziliense.com.br\/cbradar\/racas-de-caes-mais-fortes-e-musculosas-do-mundo-conhecidas-pela-forca-fisica\/#primaryimage"},"thumbnailUrl":"https:\/\/www.correiobraziliense.com.br\/cbradar\/wp-content\/uploads\/2026\/04\/freepik_cao-rottweiler-robusto-pu_2864413145.jpeg","datePublished":"2026-04-26T11:15:00+00:00","author":{"@id":"https:\/\/www.correiobraziliense.com.br\/cbradar\/#\/schema\/person\/7356666e12ec0ee53f348ee5db227032"},"description":"Algumas ra\u00e7as de c\u00e3es se destacam pela for\u00e7a, resist\u00eancia e intelig\u00eancia, revelando caracter\u00edsticas f\u00edsicas e comportamentais impressionantes.","breadcrumb":{"@id":"https:\/\/www.correiobraziliense.com.br\/cbradar\/racas-de-caes-mais-fortes-e-musculosas-do-mundo-conhecidas-pela-forca-fisica\/#breadcrumb"},"inLanguage":"pt-BR","potentialAction":[{"@type":"ReadAction","target":["https:\/\/www.correiobraziliense.com.br\/cbradar\/racas-de-caes-mais-fortes-e-musculosas-do-mundo-conhecidas-pela-forca-fisica\/"]}]},{"@type":"ImageObject","inLanguage":"pt-BR","@id":"https:\/\/www.correiobraziliense.com.br\/cbradar\/racas-de-caes-mais-fortes-e-musculosas-do-mundo-conhecidas-pela-forca-fisica\/#primaryimage","url":"https:\/\/www.correiobraziliense.com.br\/cbradar\/wp-content\/uploads\/2026\/04\/freepik_cao-rottweiler-robusto-pu_2864413145.jpeg","contentUrl":"https:\/\/www.correiobraziliense.com.br\/cbradar\/wp-content\/uploads\/2026\/04\/freepik_cao-rottweiler-robusto-pu_2864413145.jpeg","width":1376,"height":768,"caption":"Origin\u00e1rio da Alemanha, o Rottweiler \u00e9 um gigante que carrega uma heran\u00e7a de c\u00e3o de guarda e pastoreio de gado"},{"@type":"BreadcrumbList","@id":"https:\/\/www.correiobraziliense.com.br\/cbradar\/racas-de-caes-mais-fortes-e-musculosas-do-mundo-conhecidas-pela-forca-fisica\/#breadcrumb","itemListElement":[{"@type":"ListItem","position":1,"name":"In\u00edcio","item":"https:\/\/www.correiobraziliense.com.br\/cbradar\/"},{"@type":"ListItem","position":2,"name":"Ra\u00e7as de c\u00e3es mais fortes e musculosas do mundo conhecidas pela for\u00e7a f\u00edsica"}]},{"@type":"WebSite","@id":"https:\/\/www.correiobraziliense.com.br\/cbradar\/#website","url":"https:\/\/www.correiobraziliense.com.br\/cbradar\/","name":"Correio Braziliense - Radar","description":"Acompanhe as \u00faltimas not\u00edcias e fique bem informado sobre tudo o que acontece no Brasil e no mundo.","potentialAction":[{"@type":"SearchAction","target":{"@type":"EntryPoint","urlTemplate":"https:\/\/www.correiobraziliense.com.br\/cbradar\/?s={search_term_string}"},"query-input":{"@type":"PropertyValueSpecification","valueRequired":true,"valueName":"search_term_string"}}],"inLanguage":"pt-BR"},{"@type":"Person","@id":"https:\/\/www.correiobraziliense.com.br\/cbradar\/#\/schema\/person\/7356666e12ec0ee53f348ee5db227032","name":"Daniely Cardoso","image":{"@type":"ImageObject","inLanguage":"pt-BR","@id":"https:\/\/www.correiobraziliense.com.br\/cbradar\/#\/schema\/person\/image\/","url":"https:\/\/secure.gravatar.com\/avatar\/4b80ddbd124d1f071b626d52d62e5dff?s=96&d=mm&r=g","contentUrl":"https:\/\/secure.gravatar.com\/avatar\/4b80ddbd124d1f071b626d52d62e5dff?s=96&d=mm&r=g","caption":"Daniely Cardoso"},"description":"Redatora nos portais CB Radar e EM Foco, formada pela Universidade Federal de Goi\u00e1s, em Goi\u00e2nia. Apaixonada por comunica\u00e7\u00e3o, arte, decora\u00e7\u00e3o e tend\u00eancias, atuo na produ\u00e7\u00e3o de conte\u00fados envolventes sobre curiosidades, moda, beleza e paisagismo, sempre com um olhar atento \u00e0s novidades do momento.","sameAs":["https:\/\/www.correiobraziliense.com.br\/cbradar"],"url":"https:\/\/www.correiobraziliense.com.br\/cbradar\/author\/danielymyth\/"}]}},"_links":{"self":[{"href":"https:\/\/www.correiobraziliense.com.br\/cbradar\/wp-json\/wp\/v2\/posts\/231217","targetHints":{"allow":["GET"]}}],"collection":[{"href":"https:\/\/www.correiobraziliense.com.br\/cbradar\/wp-json\/wp\/v2\/posts"}],"about":[{"href":"https:\/\/www.correiobraziliense.com.br\/cbradar\/wp-json\/wp\/v2\/types\/post"}],"author":[{"embeddable":true,"href":"https:\/\/www.correiobraziliense.com.br\/cbradar\/wp-json\/wp\/v2\/users\/9"}],"replies":[{"embeddable":true,"href":"https:\/\/www.correiobraziliense.com.br\/cbradar\/wp-json\/wp\/v2\/comments?post=231217"}],"version-history":[{"count":1,"href":"https:\/\/www.correiobraziliense.com.br\/cbradar\/wp-json\/wp\/v2\/posts\/231217\/revisions"}],"predecessor-version":[{"id":231219,"href":"https:\/\/www.correiobraziliense.com.br\/cbradar\/wp-json\/wp\/v2\/posts\/231217\/revisions\/231219"}],"wp:featuredmedia":[{"embeddable":true,"href":"https:\/\/www.correiobraziliense.com.br\/cbradar\/wp-json\/wp\/v2\/media\/232009"}],"wp:attachment":[{"href":"https:\/\/www.correiobraziliense.com.br\/cbradar\/wp-json\/wp\/v2\/media?parent=231217"}],"wp:term":[{"taxonomy":"category","embeddable":true,"href":"https:\/\/www.correiobraziliense.com.br\/cbradar\/wp-json\/wp\/v2\/categories?post=231217"},{"taxonomy":"post_tag","embeddable":true,"href":"https:\/\/www.correiobraziliense.com.br\/cbradar\/wp-json\/wp\/v2\/post_tag?post=231217"}],"curies":[{"name":"wp","href":"https:\/\/api.w.org\/{rel}","templated":true}]}}