{"id":231220,"date":"2026-04-26T10:45:00","date_gmt":"2026-04-26T13:45:00","guid":{"rendered":"https:\/\/www.correiobraziliense.com.br\/cbradar\/?p=231220"},"modified":"2026-04-25T14:47:55","modified_gmt":"2026-04-25T17:47:55","slug":"caes-mais-indicados-para-quem-busca-forca-e-lealdade-racas-musculosas-conhecidas-pela-protecao-e-vinculo-com-a-familia","status":"publish","type":"post","link":"https:\/\/www.correiobraziliense.com.br\/cbradar\/caes-mais-indicados-para-quem-busca-forca-e-lealdade-racas-musculosas-conhecidas-pela-protecao-e-vinculo-com-a-familia\/","title":{"rendered":"C\u00e3es mais indicados para quem busca for\u00e7a e lealdade: ra\u00e7as musculosas conhecidas pela prote\u00e7\u00e3o e v\u00ednculo com a fam\u00edlia"},"content":{"rendered":"\n<p>A busca por um companheiro que alie <strong>vigor f\u00edsico<\/strong> e instinto protetor leva muitos entusiastas ao universo das ra\u00e7as de trabalho pesado. Esses animais n\u00e3o apenas imp\u00f5em respeito pela musculatura definida, mas tamb\u00e9m desenvolvem uma conex\u00e3o profunda com seus tutores, equilibrando for\u00e7a bruta com uma sensibilidade surpreendente no ambiente dom\u00e9stico.<\/p>\n\n\n\n<h2 class=\"wp-block-heading\">Por que o Bullmastiff \u00e9 considerado o guardi\u00e3o ideal para casas espa\u00e7osas<\/h2>\n\n\n\n<p>O <strong>Bullmastiff<\/strong> destaca-se como uma for\u00e7a da natureza que prefere a observa\u00e7\u00e3o silenciosa ao latido excessivo para intimidar poss\u00edveis invasores. Desenvolvida originalmente na <strong>Inglaterra<\/strong>, essa ra\u00e7a carrega uma heran\u00e7a gen\u00e9tica focada na imobiliza\u00e7\u00e3o sem agressividade desnecess\u00e1ria, tornando-a uma sentinela de elite.<\/p>\n\n\n\n<p>Sua <strong>estrutura \u00f3ssea robusta<\/strong> e peitoral largo garantem uma presen\u00e7a f\u00edsica capaz de desencorajar amea\u00e7as apenas pela silhueta imponente em repouso. Manter esse gigante ativo com passeios estruturados ajuda a preservar sua sa\u00fade articular e refor\u00e7a o papel de l\u00edder do tutor durante o treinamento de obedi\u00eancia di\u00e1rio.<\/p>\n\n\n<div class=\"wp-block-image\">\n<figure class=\"aligncenter size-full\"><img decoding=\"async\" width=\"1280\" height=\"720\" src=\"https:\/\/www.correiobraziliense.com.br\/cbradar\/wp-content\/uploads\/2026\/04\/Bullmastiff-.jpg\" alt=\"\" class=\"wp-image-231221\" srcset=\"https:\/\/www.correiobraziliense.com.br\/cbradar\/wp-content\/uploads\/2026\/04\/Bullmastiff-.jpg 1280w, https:\/\/www.correiobraziliense.com.br\/cbradar\/wp-content\/uploads\/2026\/04\/Bullmastiff--300x169.jpg 300w, https:\/\/www.correiobraziliense.com.br\/cbradar\/wp-content\/uploads\/2026\/04\/Bullmastiff--768x432.jpg 768w, https:\/\/www.correiobraziliense.com.br\/cbradar\/wp-content\/uploads\/2026\/04\/Bullmastiff--750x422.jpg 750w, https:\/\/www.correiobraziliense.com.br\/cbradar\/wp-content\/uploads\/2026\/04\/Bullmastiff--1140x641.jpg 1140w\" sizes=\"(max-width: 1280px) 100vw, 1280px\" \/><figcaption class=\"wp-element-caption\">O Bullmastiff destaca-se como uma for\u00e7a da natureza que prefere a observa\u00e7\u00e3o silenciosa ao latido excessivo para intimidar poss\u00edveis invasores<\/figcaption><\/figure><\/div>\n\n\n<p>Leia tamb\u00e9m: <a href=\"https:\/\/www.correiobraziliense.com.br\/cbradar\/racas-de-caes-protetores-que-defendem-a-casa-sem-latir-o-tempo-todo\/\" target=\"_blank\" rel=\"noreferrer noopener\">Ra\u00e7as de c\u00e3es protetores que defendem a casa sem latir o tempo todo<\/a><\/p>\n\n\n\n<h2 class=\"wp-block-heading\">Cane Corso e a versatilidade do antigo guerreiro italiano<\/h2>\n\n\n\n<p>O <strong>Cane Corso<\/strong> representa a evolu\u00e7\u00e3o do antigo &#8220;Canis Pugnax&#8221; de <strong>Roma<\/strong>, servindo hoje como um dos c\u00e3es de guarda mais inteligentes e atl\u00e9ticos do mundo. Essa ra\u00e7a italiana exige um propriet\u00e1rio que compreenda a necessidade de <strong>est\u00edmulo mental constante<\/strong>, prevenindo que sua energia se transforme em comportamentos destrutivos ou t\u00e9dio.<\/p>\n\n\n\n<p>Diferente de outras linhagens, o <strong>Cane Corso<\/strong> apresenta uma agilidade invej\u00e1vel para seu peso, sendo capaz de patrulhar per\u00edmetros extensos com velocidade e precis\u00e3o t\u00e9cnica. Investir em socializa\u00e7\u00e3o precoce garante que esse protetor nato saiba diferenciar situa\u00e7\u00f5es cotidianas de riscos reais, mantendo a harmonia entre os moradores da resid\u00eancia.<\/p>\n\n\n\n<h2 class=\"wp-block-heading\">Principais caracter\u00edsticas funcionais das ra\u00e7as musculosas de trabalho<\/h2>\n\n\n\n<p>Para quem planeja integrar um c\u00e3o de <strong>grande porte<\/strong> \u00e0 rotina, \u00e9 fundamental entender que a musculatura desses animais exige uma nutri\u00e7\u00e3o espec\u00edfica de alta performance. O metabolismo de ra\u00e7as como o <strong>Bullmastiff<\/strong> demanda prote\u00ednas de qualidade para sustentar a densidade das fibras musculares sem causar sobrecarga nos \u00f3rg\u00e3os vitais ao longo dos anos.<\/p>\n\n\n\n<link href=\"https:\/\/fonts.googleapis.com\/css2?family=Inter:wght@400;600;700;800&#038;display=swap\" rel=\"stylesheet\">\n<style>\n\/* Prote\u00e7\u00e3o contra inje\u00e7\u00e3o do \"Veja Tamb\u00e9m\" (JNews inline related posts) *\/\n.rdp-pontos-wrapper .jnews_inline_related_post_wrapper,\n.rdp-pontos-wrapper .jnews_inline_related_post,\n.rdp-pontos-wrapper .jeg_postblock,\n.rdp-pontos-wrapper [class*=\"jnews_inline\"],\n.rdp-pontos-wrapper [class*=\"jeg_postblock\"],\n.rdp-pontos-wrapper [class*=\"jeg_block\"] {\n  display: none !important;\n  height: 0 !important;\n  max-height: 0 !important;\n  overflow: hidden !important;\n  visibility: hidden !important;\n  margin: 0 !important;\n  padding: 0 !important;\n  border: none !important;\n  font-size: 0 !important;\n  line-height: 0 !important;\n}\n.rdp-pontos-wrapper {\n  max-width: 100%;\n  margin: 32px 0;\n  background: #F8F9FA; \/* Cinza claro neutro *\/\n  border: 1px solid #E9ECEF;\n  border-radius: 12px;\n  padding: 28px 28px 20px;\n  font-family: 'Inter', sans-serif;\n  box-shadow: 0 4px 20px rgba(33,37,41,0.08);\n  overflow: hidden;\n  contain: layout style;\n  isolation: isolate;\n  position: relative;\n  z-index: 1;\n}\n.rdp-pontos-wrapper > *:not(.rdp-pontos-title):not(.rdp-pontos-grid) {\n  display: none !important;\n  height: 0 !important;\n  overflow: hidden !important;\n  margin: 0 !important;\n  padding: 0 !important;\n  border: none !important;\n}\n.rdp-pontos-title {\n  font-family: 'Inter', sans-serif;\n  font-size: 20px;\n  font-weight: 800;\n  color: #343A40;\n  margin: 0 0 20px 0;\n  line-height: 1.3;\n  text-align: center;\n}\n.rdp-pontos-grid {\n  display: grid;\n  grid-template-columns: repeat(3, 1fr);\n  gap: 18px;\n}\n.rdp-pontos-item {\n  background: #FFFFFF;\n  border: 1px solid #E9ECEF;\n  border-top: 3px solid #B08968; \/* Tom ocre terroso *\/\n  border-radius: 10px;\n  padding: 22px 20px;\n  box-shadow: 0 2px 10px rgba(0,0,0,0.02);\n  transition: box-shadow 0.3s ease, border-color 0.3s ease;\n  text-align: center;\n}\n.rdp-pontos-item:hover {\n  box-shadow: 0 4px 20px rgba(176,137,104,0.15);\n  border-color: #B08968;\n}\n.rdp-pontos-emoji {\n  font-size: 32px;\n  line-height: 1;\n  margin-bottom: 12px;\n  display: block;\n  text-align: center;\n}\n.rdp-pontos-item-title {\n  font-size: 15px;\n  font-weight: 700;\n  color: #212529;\n  margin-bottom: 8px;\n  line-height: 1.3;\n}\n.rdp-pontos-item-desc {\n  font-size: 14px;\n  color: #495057;\n  line-height: 1.6;\n  margin: 0;\n}\n@media (max-width: 768px) {\n  .rdp-pontos-wrapper {\n    padding: 20px 16px 14px;\n  }\n  .rdp-pontos-grid {\n    grid-template-columns: 1fr;\n    gap: 14px;\n  }\n  .rdp-pontos-title {\n    font-size: 18px;\n  }\n}\n<\/style>\n\n<div class=\"rdp-pontos-wrapper\">\n  <div class=\"rdp-pontos-title\">Atributos de Performance e Conviv\u00eancia Canina<\/div>\n  <div class=\"rdp-pontos-grid\">\n    <div class=\"rdp-pontos-item\">\n      <span class=\"rdp-pontos-emoji\">\u26a1<\/span>\n      <div class=\"rdp-pontos-item-title\">Vigor F\u00edsico<\/div>\n      <p class=\"rdp-pontos-item-desc\">Resist\u00eancia f\u00edsica superior ideal para atividades de impacto moderado e rotinas ativas.<\/p>\n    <\/div>\n    <div class=\"rdp-pontos-item\">\n      <span class=\"rdp-pontos-emoji\">\ud83e\udde0<\/span>\n      <div class=\"rdp-pontos-item-title\">Discernimento<\/div>\n      <p class=\"rdp-pontos-item-desc\">Elevada capacidade de leitura situacional em ambientes controlados e familiares.<\/p>\n    <\/div>\n    <div class=\"rdp-pontos-item\">\n      <span class=\"rdp-pontos-emoji\">\ud83e\uddfc<\/span>\n      <div class=\"rdp-pontos-item-title\">Praticidade<\/div>\n      <p class=\"rdp-pontos-item-desc\">Baixa manuten\u00e7\u00e3o de pelagem, facilitando a higiene e o manejo no dia a dia.<\/p>\n    <\/div>\n    <div class=\"rdp-pontos-item\">\n      <span class=\"rdp-pontos-emoji\">\u2764\ufe0f<\/span>\n      <div class=\"rdp-pontos-item-title\">Foco Afetivo<\/div>\n      <p class=\"rdp-pontos-item-desc\">V\u00ednculo extremamente forte com crian\u00e7as e idosos, oferecendo suporte emocional.<\/p>\n    <\/div>\n    <div class=\"rdp-pontos-item\">\n      <span class=\"rdp-pontos-emoji\">\ud83d\udee1\ufe0f<\/span>\n      <div class=\"rdp-pontos-item-title\">Guarda e Prote\u00e7\u00e3o<\/div>\n      <p class=\"rdp-pontos-item-desc\">Facilidade de adapta\u00e7\u00e3o a treinamentos profissionais de vigil\u00e2ncia e guarda patrimonial.<\/p>\n    <\/div>\n  <\/div>\n<\/div>\n<div style=\"clear:both;height:0;overflow:hidden;\"><\/div>\n\n\n\n<p>A <strong>lealdade canina<\/strong> nestas ra\u00e7as \u00e9 manifestada atrav\u00e9s do contato f\u00edsico constante e da necessidade de estar sempre no mesmo c\u00f4modo que a fam\u00edlia. Ignorar essa demanda social pode afetar o temperamento do animal, que floresce quando sente que possui uma fun\u00e7\u00e3o clara e reconhecida dentro da hierarquia do seu grupo humano.<\/p>\n\n\n\n<h2 class=\"wp-block-heading\">Como garantir o bem estar de c\u00e3es com alto t\u00f4nus muscular<\/h2>\n\n\n\n<p>A manuten\u00e7\u00e3o de um <strong>f\u00edsico escultural<\/strong> n\u00e3o acontece por acaso e exige uma rotina de exerc\u00edcios que v\u00e1 al\u00e9m da simples caminhada no quarteir\u00e3o de lazer. Atividades que envolvam tra\u00e7\u00e3o controlada ou nata\u00e7\u00e3o s\u00e3o excelentes formas de gastar a energia do <strong>Cane Corso<\/strong> sem causar impacto excessivo nos ligamentos de suas patas poderosas.<\/p>\n\n\n\n<p>Vale lembrar que o <strong>descanso regenerativo<\/strong> \u00e9 t\u00e3o importante quanto o treino, exigindo camas ortop\u00e9dicas que suportem o peso de c\u00e3es que podem ultrapassar os 50 quilos. Monitorar o ganho de peso \u00e9 uma tarefa cr\u00edtica, pois a obesidade em c\u00e3es de guarda compromete a agilidade necess\u00e1ria para o desempenho de suas fun\u00e7\u00f5es natas.<\/p>\n\n\n\n<p>Se voc\u00ea gosta de curiosidades, separamos esse v\u00eddeo do <a href=\"https:\/\/www.youtube.com\/@RichardRasmussenSelvagem\" target=\"_blank\" rel=\"noreferrer noopener\">Richard Rasmussen<\/a> falando mais do Cane Corso:<\/p>\n\n\n\n<figure class=\"wp-block-embed is-type-video is-provider-youtube wp-block-embed-youtube wp-embed-aspect-16-9 wp-has-aspect-ratio\"><div class=\"wp-block-embed__wrapper\">\n<div class=\"jeg_video_container jeg_video_content\"><iframe loading=\"lazy\" title=\"CANE CORSO: UM VERDADEIRO GUARDI\u00c3O ROMANO!\" width=\"500\" height=\"281\" src=\"https:\/\/www.youtube.com\/embed\/z6vMu2GPdao?feature=oembed\" frameborder=\"0\" allow=\"accelerometer; autoplay; clipboard-write; encrypted-media; gyroscope; picture-in-picture; web-share\" referrerpolicy=\"strict-origin-when-cross-origin\" allowfullscreen><\/iframe><\/div>\n<\/div><\/figure>\n\n\n\n<h2 class=\"wp-block-heading\">A import\u00e2ncia da lideran\u00e7a clara no conv\u00edvio com molossos potentes<\/h2>\n\n\n\n<p>O sucesso na cria\u00e7\u00e3o de ra\u00e7as com <strong>perfil dominante<\/strong> reside na capacidade do tutor em estabelecer regras claras e consistentes desde os primeiros meses de vida. O <strong>Bullmastiff<\/strong> responde melhor a m\u00e9todos de refor\u00e7o positivo, onde a coopera\u00e7\u00e3o \u00e9 valorizada acima da puni\u00e7\u00e3o, criando um elo de confian\u00e7a m\u00fatua inquebr\u00e1vel entre c\u00e3o e dono.<\/p>\n\n\n\n<p>Escolher um c\u00e3o de <strong>prote\u00e7\u00e3o familiar<\/strong> exige responsabilidade e o compromisso de oferecer um ambiente onde a for\u00e7a f\u00edsica seja canalizada para o bem estar coletivo. Ao respeitar a gen\u00e9tica e a hist\u00f3ria dessas linhagens, voc\u00ea garante n\u00e3o apenas um vigia eficiente, mas um parceiro devotado que dar\u00e1 a vida pela seguran\u00e7a do seu lar.<\/p>\n","protected":false},"excerpt":{"rendered":"<p>A busca por um companheiro que alie vigor f\u00edsico e instinto protetor leva muitos entusiastas ao universo das ra\u00e7as de trabalho pesado. Esses animais n\u00e3o apenas imp\u00f5em respeito pela musculatura definida, mas tamb\u00e9m desenvolvem uma conex\u00e3o profunda com seus tutores, equilibrando for\u00e7a bruta com uma sensibilidade surpreendente no ambiente dom\u00e9stico. Por que o Bullmastiff \u00e9 [&hellip;]<\/p>\n","protected":false},"author":9,"featured_media":232016,"comment_status":"open","ping_status":"open","sticky":false,"template":"","format":"standard","meta":{"_yoast_wpseo_focuskw":"c\u00e3es leais","_yoast_wpseo_title":"","_yoast_wpseo_metadesc":"Algumas ra\u00e7as de c\u00e3es unem for\u00e7a, intelig\u00eancia e instinto protetor, sendo ideais para seguran\u00e7a e conviv\u00eancia familiar equilibrada.","jnews-multi-image_gallery":[],"jnews_single_post":{"format":"standard"},"jnews_primary_category":[],"jnews_social_meta":[],"jnews_override_counter":[],"footnotes":""},"categories":[112],"post_tag":[],"class_list":["post-231220","post","type-post","status-publish","format-standard","has-post-thumbnail","hentry","category-curiosidades"],"yoast_head":"<!-- This site is optimized with the Yoast SEO plugin v24.6 - https:\/\/yoast.com\/wordpress\/plugins\/seo\/ -->\n<title>C\u00e3es mais indicados para quem busca for\u00e7a e lealdade: ra\u00e7as musculosas conhecidas pela prote\u00e7\u00e3o e v\u00ednculo com a fam\u00edlia - Correio Braziliense - Radar<\/title>\n<meta name=\"description\" content=\"Algumas ra\u00e7as de c\u00e3es unem for\u00e7a, intelig\u00eancia e instinto protetor, sendo ideais para seguran\u00e7a e conviv\u00eancia familiar equilibrada.\" \/>\n<meta name=\"robots\" content=\"index, follow, max-snippet:-1, max-image-preview:large, max-video-preview:-1\" \/>\n<link rel=\"canonical\" href=\"https:\/\/www.correiobraziliense.com.br\/cbradar\/caes-mais-indicados-para-quem-busca-forca-e-lealdade-racas-musculosas-conhecidas-pela-protecao-e-vinculo-com-a-familia\/\" \/>\n<meta property=\"og:locale\" content=\"pt_BR\" \/>\n<meta property=\"og:type\" content=\"article\" \/>\n<meta property=\"og:title\" content=\"C\u00e3es mais indicados para quem busca for\u00e7a e lealdade: ra\u00e7as musculosas conhecidas pela prote\u00e7\u00e3o e v\u00ednculo com a fam\u00edlia - Correio Braziliense - Radar\" \/>\n<meta property=\"og:description\" content=\"Algumas ra\u00e7as de c\u00e3es unem for\u00e7a, intelig\u00eancia e instinto protetor, sendo ideais para seguran\u00e7a e conviv\u00eancia familiar equilibrada.\" \/>\n<meta property=\"og:url\" content=\"https:\/\/www.correiobraziliense.com.br\/cbradar\/caes-mais-indicados-para-quem-busca-forca-e-lealdade-racas-musculosas-conhecidas-pela-protecao-e-vinculo-com-a-familia\/\" \/>\n<meta property=\"og:site_name\" content=\"Correio Braziliense - Radar\" \/>\n<meta property=\"article:published_time\" content=\"2026-04-26T13:45:00+00:00\" \/>\n<meta property=\"og:image\" content=\"https:\/\/www.correiobraziliense.com.br\/cbradar\/wp-content\/uploads\/2026\/04\/freepik_a-powerful-cane-corso-dog_2864473233.jpeg\" \/>\n\t<meta property=\"og:image:width\" content=\"1376\" \/>\n\t<meta property=\"og:image:height\" content=\"768\" \/>\n\t<meta property=\"og:image:type\" content=\"image\/jpeg\" \/>\n<meta name=\"author\" content=\"Daniely Cardoso\" \/>\n<meta name=\"twitter:card\" content=\"summary_large_image\" \/>\n<meta name=\"twitter:label1\" content=\"Escrito por\" \/>\n\t<meta name=\"twitter:data1\" content=\"Daniely Cardoso\" \/>\n\t<meta name=\"twitter:label2\" content=\"Est. tempo de leitura\" \/>\n\t<meta name=\"twitter:data2\" content=\"5 minutos\" \/>\n<!-- \/ Yoast SEO plugin. -->","yoast_head_json":{"title":"C\u00e3es mais indicados para quem busca for\u00e7a e lealdade: ra\u00e7as musculosas conhecidas pela prote\u00e7\u00e3o e v\u00ednculo com a fam\u00edlia - Correio Braziliense - Radar","description":"Algumas ra\u00e7as de c\u00e3es unem for\u00e7a, intelig\u00eancia e instinto protetor, sendo ideais para seguran\u00e7a e conviv\u00eancia familiar equilibrada.","robots":{"index":"index","follow":"follow","max-snippet":"max-snippet:-1","max-image-preview":"max-image-preview:large","max-video-preview":"max-video-preview:-1"},"canonical":"https:\/\/www.correiobraziliense.com.br\/cbradar\/caes-mais-indicados-para-quem-busca-forca-e-lealdade-racas-musculosas-conhecidas-pela-protecao-e-vinculo-com-a-familia\/","og_locale":"pt_BR","og_type":"article","og_title":"C\u00e3es mais indicados para quem busca for\u00e7a e lealdade: ra\u00e7as musculosas conhecidas pela prote\u00e7\u00e3o e v\u00ednculo com a fam\u00edlia - Correio Braziliense - Radar","og_description":"Algumas ra\u00e7as de c\u00e3es unem for\u00e7a, intelig\u00eancia e instinto protetor, sendo ideais para seguran\u00e7a e conviv\u00eancia familiar equilibrada.","og_url":"https:\/\/www.correiobraziliense.com.br\/cbradar\/caes-mais-indicados-para-quem-busca-forca-e-lealdade-racas-musculosas-conhecidas-pela-protecao-e-vinculo-com-a-familia\/","og_site_name":"Correio Braziliense - Radar","article_published_time":"2026-04-26T13:45:00+00:00","og_image":[{"width":1376,"height":768,"url":"https:\/\/www.correiobraziliense.com.br\/cbradar\/wp-content\/uploads\/2026\/04\/freepik_a-powerful-cane-corso-dog_2864473233.jpeg","type":"image\/jpeg"}],"author":"Daniely Cardoso","twitter_card":"summary_large_image","twitter_misc":{"Escrito por":"Daniely Cardoso","Est. tempo de leitura":"5 minutos"},"schema":{"@context":"https:\/\/schema.org","@graph":[{"@type":"WebPage","@id":"https:\/\/www.correiobraziliense.com.br\/cbradar\/caes-mais-indicados-para-quem-busca-forca-e-lealdade-racas-musculosas-conhecidas-pela-protecao-e-vinculo-com-a-familia\/","url":"https:\/\/www.correiobraziliense.com.br\/cbradar\/caes-mais-indicados-para-quem-busca-forca-e-lealdade-racas-musculosas-conhecidas-pela-protecao-e-vinculo-com-a-familia\/","name":"C\u00e3es mais indicados para quem busca for\u00e7a e lealdade: ra\u00e7as musculosas conhecidas pela prote\u00e7\u00e3o e v\u00ednculo com a fam\u00edlia - Correio Braziliense - Radar","isPartOf":{"@id":"https:\/\/www.correiobraziliense.com.br\/cbradar\/#website"},"primaryImageOfPage":{"@id":"https:\/\/www.correiobraziliense.com.br\/cbradar\/caes-mais-indicados-para-quem-busca-forca-e-lealdade-racas-musculosas-conhecidas-pela-protecao-e-vinculo-com-a-familia\/#primaryimage"},"image":{"@id":"https:\/\/www.correiobraziliense.com.br\/cbradar\/caes-mais-indicados-para-quem-busca-forca-e-lealdade-racas-musculosas-conhecidas-pela-protecao-e-vinculo-com-a-familia\/#primaryimage"},"thumbnailUrl":"https:\/\/www.correiobraziliense.com.br\/cbradar\/wp-content\/uploads\/2026\/04\/freepik_a-powerful-cane-corso-dog_2864473233.jpeg","datePublished":"2026-04-26T13:45:00+00:00","author":{"@id":"https:\/\/www.correiobraziliense.com.br\/cbradar\/#\/schema\/person\/7356666e12ec0ee53f348ee5db227032"},"description":"Algumas ra\u00e7as de c\u00e3es unem for\u00e7a, intelig\u00eancia e instinto protetor, sendo ideais para seguran\u00e7a e conviv\u00eancia familiar equilibrada.","breadcrumb":{"@id":"https:\/\/www.correiobraziliense.com.br\/cbradar\/caes-mais-indicados-para-quem-busca-forca-e-lealdade-racas-musculosas-conhecidas-pela-protecao-e-vinculo-com-a-familia\/#breadcrumb"},"inLanguage":"pt-BR","potentialAction":[{"@type":"ReadAction","target":["https:\/\/www.correiobraziliense.com.br\/cbradar\/caes-mais-indicados-para-quem-busca-forca-e-lealdade-racas-musculosas-conhecidas-pela-protecao-e-vinculo-com-a-familia\/"]}]},{"@type":"ImageObject","inLanguage":"pt-BR","@id":"https:\/\/www.correiobraziliense.com.br\/cbradar\/caes-mais-indicados-para-quem-busca-forca-e-lealdade-racas-musculosas-conhecidas-pela-protecao-e-vinculo-com-a-familia\/#primaryimage","url":"https:\/\/www.correiobraziliense.com.br\/cbradar\/wp-content\/uploads\/2026\/04\/freepik_a-powerful-cane-corso-dog_2864473233.jpeg","contentUrl":"https:\/\/www.correiobraziliense.com.br\/cbradar\/wp-content\/uploads\/2026\/04\/freepik_a-powerful-cane-corso-dog_2864473233.jpeg","width":1376,"height":768,"caption":"O sucesso na cria\u00e7\u00e3o de ra\u00e7as com perfil dominante reside na capacidade do tutor em estabelecer regras claras"},{"@type":"BreadcrumbList","@id":"https:\/\/www.correiobraziliense.com.br\/cbradar\/caes-mais-indicados-para-quem-busca-forca-e-lealdade-racas-musculosas-conhecidas-pela-protecao-e-vinculo-com-a-familia\/#breadcrumb","itemListElement":[{"@type":"ListItem","position":1,"name":"In\u00edcio","item":"https:\/\/www.correiobraziliense.com.br\/cbradar\/"},{"@type":"ListItem","position":2,"name":"C\u00e3es mais indicados para quem busca for\u00e7a e lealdade: ra\u00e7as musculosas conhecidas pela prote\u00e7\u00e3o e v\u00ednculo com a fam\u00edlia"}]},{"@type":"WebSite","@id":"https:\/\/www.correiobraziliense.com.br\/cbradar\/#website","url":"https:\/\/www.correiobraziliense.com.br\/cbradar\/","name":"Correio Braziliense - Radar","description":"Acompanhe as \u00faltimas not\u00edcias e fique bem informado sobre tudo o que acontece no Brasil e no mundo.","potentialAction":[{"@type":"SearchAction","target":{"@type":"EntryPoint","urlTemplate":"https:\/\/www.correiobraziliense.com.br\/cbradar\/?s={search_term_string}"},"query-input":{"@type":"PropertyValueSpecification","valueRequired":true,"valueName":"search_term_string"}}],"inLanguage":"pt-BR"},{"@type":"Person","@id":"https:\/\/www.correiobraziliense.com.br\/cbradar\/#\/schema\/person\/7356666e12ec0ee53f348ee5db227032","name":"Daniely Cardoso","image":{"@type":"ImageObject","inLanguage":"pt-BR","@id":"https:\/\/www.correiobraziliense.com.br\/cbradar\/#\/schema\/person\/image\/","url":"https:\/\/secure.gravatar.com\/avatar\/4b80ddbd124d1f071b626d52d62e5dff?s=96&d=mm&r=g","contentUrl":"https:\/\/secure.gravatar.com\/avatar\/4b80ddbd124d1f071b626d52d62e5dff?s=96&d=mm&r=g","caption":"Daniely Cardoso"},"description":"Redatora nos portais CB Radar e EM Foco, formada pela Universidade Federal de Goi\u00e1s, em Goi\u00e2nia. Apaixonada por comunica\u00e7\u00e3o, arte, decora\u00e7\u00e3o e tend\u00eancias, atuo na produ\u00e7\u00e3o de conte\u00fados envolventes sobre curiosidades, moda, beleza e paisagismo, sempre com um olhar atento \u00e0s novidades do momento.","sameAs":["https:\/\/www.correiobraziliense.com.br\/cbradar"],"url":"https:\/\/www.correiobraziliense.com.br\/cbradar\/author\/danielymyth\/"}]}},"_links":{"self":[{"href":"https:\/\/www.correiobraziliense.com.br\/cbradar\/wp-json\/wp\/v2\/posts\/231220","targetHints":{"allow":["GET"]}}],"collection":[{"href":"https:\/\/www.correiobraziliense.com.br\/cbradar\/wp-json\/wp\/v2\/posts"}],"about":[{"href":"https:\/\/www.correiobraziliense.com.br\/cbradar\/wp-json\/wp\/v2\/types\/post"}],"author":[{"embeddable":true,"href":"https:\/\/www.correiobraziliense.com.br\/cbradar\/wp-json\/wp\/v2\/users\/9"}],"replies":[{"embeddable":true,"href":"https:\/\/www.correiobraziliense.com.br\/cbradar\/wp-json\/wp\/v2\/comments?post=231220"}],"version-history":[{"count":1,"href":"https:\/\/www.correiobraziliense.com.br\/cbradar\/wp-json\/wp\/v2\/posts\/231220\/revisions"}],"predecessor-version":[{"id":231222,"href":"https:\/\/www.correiobraziliense.com.br\/cbradar\/wp-json\/wp\/v2\/posts\/231220\/revisions\/231222"}],"wp:featuredmedia":[{"embeddable":true,"href":"https:\/\/www.correiobraziliense.com.br\/cbradar\/wp-json\/wp\/v2\/media\/232016"}],"wp:attachment":[{"href":"https:\/\/www.correiobraziliense.com.br\/cbradar\/wp-json\/wp\/v2\/media?parent=231220"}],"wp:term":[{"taxonomy":"category","embeddable":true,"href":"https:\/\/www.correiobraziliense.com.br\/cbradar\/wp-json\/wp\/v2\/categories?post=231220"},{"taxonomy":"post_tag","embeddable":true,"href":"https:\/\/www.correiobraziliense.com.br\/cbradar\/wp-json\/wp\/v2\/post_tag?post=231220"}],"curies":[{"name":"wp","href":"https:\/\/api.w.org\/{rel}","templated":true}]}}