{"id":231226,"date":"2026-04-26T16:35:00","date_gmt":"2026-04-26T19:35:00","guid":{"rendered":"https:\/\/www.correiobraziliense.com.br\/cbradar\/?p=231226"},"modified":"2026-04-25T15:20:13","modified_gmt":"2026-04-25T18:20:13","slug":"animais-de-estimacao-ideais-para-quem-mora-em-apartamento-com-filhos-especies-silenciosas-e-faceis-que-ajudam-na-companhia-diaria","status":"publish","type":"post","link":"https:\/\/www.correiobraziliense.com.br\/cbradar\/animais-de-estimacao-ideais-para-quem-mora-em-apartamento-com-filhos-especies-silenciosas-e-faceis-que-ajudam-na-companhia-diaria\/","title":{"rendered":"Animais de estima\u00e7\u00e3o ideais para quem mora em apartamento com filhos, esp\u00e9cies silenciosas e f\u00e1ceis que ajudam na companhia di\u00e1ria"},"content":{"rendered":"\n<p>A escolha de um animal de estima\u00e7\u00e3o para ambientes verticais requer equil\u00edbrio entre o espa\u00e7o dispon\u00edvel e a capacidade de intera\u00e7\u00e3o das crian\u00e7as com a nova companhia. Optar por esp\u00e9cies que demandam cuidados pr\u00e1ticos e possuem temperamento tranquilo \u00e9 o segredo para integrar a natureza ao lar sem comprometer a organiza\u00e7\u00e3o da casa.<\/p>\n\n\n\n<h2 class=\"wp-block-heading\">As vantagens de escolher o peixinho dourado para o ambiente familiar<\/h2>\n\n\n\n<p>O <strong>Carassius auratus<\/strong>, popularmente conhecido como peixinho dourado, \u00e9 uma das melhores op\u00e7\u00f5es para introduzir a responsabilidade do cuidado animal aos filhos de forma gradual. Por ser um animal que habita um ecossistema controlado, ele n\u00e3o ocupa \u00e1reas comuns da casa e oferece um efeito visual relaxante que beneficia o <strong>equil\u00edbrio emocional<\/strong> de todos os moradores.<\/p>\n\n\n\n<p>Manter um aqu\u00e1rio bem planejado para o <strong>Peixe Dourado<\/strong> exige pouco tempo di\u00e1rio, focando apenas na alimenta\u00e7\u00e3o correta e na observa\u00e7\u00e3o da qualidade da \u00e1gua. Essa esp\u00e9cie \u00e9 extremamente silenciosa e n\u00e3o gera res\u00edduos fora de seu habitat, tornando-se uma solu\u00e7\u00e3o higi\u00eanica e pr\u00e1tica para quem busca <strong>companhia contemplativa<\/strong> sem o barulho excessivo de outras mascotes convencionais.<\/p>\n\n\n<div class=\"wp-block-image\">\n<figure class=\"aligncenter size-full\"><img decoding=\"async\" width=\"1280\" height=\"720\" src=\"https:\/\/www.correiobraziliense.com.br\/cbradar\/wp-content\/uploads\/2026\/04\/peixe-dourado.jpg\" alt=\"\" class=\"wp-image-231228\" srcset=\"https:\/\/www.correiobraziliense.com.br\/cbradar\/wp-content\/uploads\/2026\/04\/peixe-dourado.jpg 1280w, https:\/\/www.correiobraziliense.com.br\/cbradar\/wp-content\/uploads\/2026\/04\/peixe-dourado-300x169.jpg 300w, https:\/\/www.correiobraziliense.com.br\/cbradar\/wp-content\/uploads\/2026\/04\/peixe-dourado-768x432.jpg 768w, https:\/\/www.correiobraziliense.com.br\/cbradar\/wp-content\/uploads\/2026\/04\/peixe-dourado-750x422.jpg 750w, https:\/\/www.correiobraziliense.com.br\/cbradar\/wp-content\/uploads\/2026\/04\/peixe-dourado-1140x641.jpg 1140w\" sizes=\"(max-width: 1280px) 100vw, 1280px\" \/><figcaption class=\"wp-element-caption\">Manter um aqu\u00e1rio bem planejado para o Peixe Dourado exige pouco tempo di\u00e1rio<\/figcaption><\/figure><\/div>\n\n\n<p>Leia tamb\u00e9m: <a href=\"https:\/\/www.correiobraziliense.com.br\/cbradar\/racas-de-caes-protetores-que-defendem-a-casa-sem-latir-o-tempo-todo\/\" target=\"_blank\" rel=\"noreferrer noopener\">Ra\u00e7as de c\u00e3es protetores que defendem a casa sem latir o tempo todo<\/a><\/p>\n\n\n\n<h2 class=\"wp-block-heading\">O periquito-australiano como uma op\u00e7\u00e3o de intera\u00e7\u00e3o alegre e compacta<\/h2>\n\n\n\n<p>O <strong>Melopsittacus undulatus<\/strong>, ou periquito-australiano, destaca-se como uma das aves mais adapt\u00e1veis para a vida em apartamentos devido ao seu tamanho reduzido e facilidade de manejo. Sua <strong>socializa\u00e7\u00e3o constante<\/strong> permite que as crian\u00e7as desenvolvam um v\u00ednculo afetivo real, observando o comportamento inteligente e as cores vibrantes dessa esp\u00e9cie que alegra o ambiente sem exigir grandes \u00e1reas externas.<\/p>\n\n\n\n<p>Diferente de aves maiores, o <strong>Periquito<\/strong> adapta-se bem a gaiolas espa\u00e7osas com brinquedos que estimulam sua curiosidade natural e mant\u00e9m o gasto energ\u00e9tico sob controle. A limpeza da \u00e1rea da ave \u00e9 simplificada com o uso de forros adequados, garantindo que a rotina de manuten\u00e7\u00e3o seja r\u00e1pida o suficiente para caber em qualquer <strong>planejamento semanal<\/strong> atarefado das fam\u00edlias modernas.<\/p>\n\n\n\n<figure class=\"wp-block-embed is-type-rich is-provider-pinterest wp-block-embed-pinterest\"><div class=\"wp-block-embed__wrapper\">\n<iframe loading=\"lazy\" title=\" \" src=\"https:\/\/assets.pinterest.com\/ext\/embed.html?id=658651514259671846&#038;src=oembed\" height=\"806\" width=\"450\" frameborder=\"0\" scrolling=\"no\" ><\/iframe>\n<\/div><\/figure>\n\n\n\n<h2 class=\"wp-block-heading\">Por que o coelho \u00e9 o mam\u00edfero perfeito para apartamentos pequenos<\/h2>\n\n\n\n<p>O <strong>Oryctolagus cuniculus<\/strong>, o coelho dom\u00e9stico, oferece a maciez e o afeto de um mam\u00edfero com a conveni\u00eancia de um animal que pode ser treinado para usar caixas de areia. Sua natureza silenciosa \u00e9 um grande diferencial para quem mora em condom\u00ednios, permitindo que o <strong>Coelho<\/strong> circule pela sala sob supervis\u00e3o, promovendo momentos de ternura e divers\u00e3o segura para os pequenos.<\/p>\n\n\n\n<p>A alimenta\u00e7\u00e3o baseada em feno e vegetais frescos torna o trato di\u00e1rio muito intuitivo, evitando odores fortes desde que a higieniza\u00e7\u00e3o do espa\u00e7o seja mantida com regularidade m\u00ednima. O <strong>Oryctolagus cuniculus<\/strong> n\u00e3o precisa de passeios na rua, o que economiza tempo precioso e evita a entrada de sujeira externa nos quartos e \u00e1reas de lazer das crian\u00e7as.<\/p>\n\n\n\n<ul class=\"wp-block-list\">\n<li><strong>Ocupa\u00e7\u00e3o inteligente de espa\u00e7o<\/strong>, respeitando as metragens limitadas de apartamentos urbanos.<\/li>\n\n\n\n<li><strong>Baixo n\u00edvel de ru\u00eddo<\/strong>, evitando conflitos com vizinhos e garantindo noites de sono tranquilas.<\/li>\n\n\n\n<li>Est\u00edmulo ao <strong>senso de responsabilidade<\/strong> infantil atrav\u00e9s de tarefas simples de alimenta\u00e7\u00e3o.<\/li>\n\n\n\n<li>Manuten\u00e7\u00e3o de higiene concentrada em \u00e1reas espec\u00edficas e f\u00e1ceis de limpar.<\/li>\n\n\n\n<li>Custo de manuten\u00e7\u00e3o mensal reduzido em compara\u00e7\u00e3o a c\u00e3es de grande porte.<\/li>\n<\/ul>\n\n\n\n<h2 class=\"wp-block-heading\">Como garantir a sa\u00fade de animais que vivem em espa\u00e7os fechados<\/h2>\n\n\n\n<p>Proporcionar um ambiente enriquecido \u00e9 fundamental para que o <strong>Melopsittacus undulatus<\/strong> e o <strong>Oryctolagus cuniculus<\/strong> mantenham o bem-estar psicol\u00f3gico sem acesso a jardins. Utilizar t\u00faneis para o coelho ou poleiros de diferentes texturas para o periquito simula desafios naturais, mantendo o <strong>t\u00f4nus muscular<\/strong> e a agilidade dessas esp\u00e9cies mesmo em ambientes internos controlados.<\/p>\n\n\n<div class=\"wp-block-image\">\n<figure class=\"aligncenter size-large\"><img decoding=\"async\" width=\"1024\" height=\"576\" src=\"https:\/\/www.correiobraziliense.com.br\/cbradar\/wp-content\/uploads\/2025\/11\/coelho_1761933037816-1024x576.jpg\" alt=\"\" class=\"wp-image-128926\" srcset=\"https:\/\/www.correiobraziliense.com.br\/cbradar\/wp-content\/uploads\/2025\/11\/coelho_1761933037816-1024x576.jpg 1024w, https:\/\/www.correiobraziliense.com.br\/cbradar\/wp-content\/uploads\/2025\/11\/coelho_1761933037816-300x169.jpg 300w, https:\/\/www.correiobraziliense.com.br\/cbradar\/wp-content\/uploads\/2025\/11\/coelho_1761933037816-768x432.jpg 768w, https:\/\/www.correiobraziliense.com.br\/cbradar\/wp-content\/uploads\/2025\/11\/coelho_1761933037816-750x422.jpg 750w, https:\/\/www.correiobraziliense.com.br\/cbradar\/wp-content\/uploads\/2025\/11\/coelho_1761933037816-1140x641.jpg 1140w, https:\/\/www.correiobraziliense.com.br\/cbradar\/wp-content\/uploads\/2025\/11\/coelho_1761933037816.jpg 1280w\" sizes=\"(max-width: 1024px) 100vw, 1024px\" \/><figcaption class=\"wp-element-caption\">Realizar uma viagem a trabalho e tirar f\u00e9rias logo ap\u00f3s finalizar os compromissos profissionais no local &#8211; Cr\u00e9ditos: depositphotos.com \/ amenic181<\/figcaption><\/figure><\/div>\n\n\n<p>A ventila\u00e7\u00e3o adequada e a incid\u00eancia indireta de luz solar s\u00e3o essenciais para que o <strong>Carassius auratus<\/strong> e os demais pets processem nutrientes essenciais para sua longevidade. Criar um cronograma visual de cuidados ajuda a envolver os filhos na rotina, transformando a posse respons\u00e1vel em um aprendizado l\u00fadico sobre a <strong>biologia animal<\/strong> e o respeito \u00e0 vida silvestre adaptada ao lar.<\/p>\n\n\n\n<h2 class=\"wp-block-heading\">A harmonia familiar com animais de estima\u00e7\u00e3o de baixa demanda<\/h2>\n\n\n\n<p>Integrar um pet com <strong>rotina leve<\/strong> \u00e0 din\u00e2mica de um apartamento transforma a atmosfera da casa, trazendo vida e movimento sem gerar estresse log\u00edstico aos pais. Esp\u00e9cies como o <strong>Peixe Dourado<\/strong> e o <strong>Coelho<\/strong> provam que \u00e9 poss\u00edvel desfrutar da amizade animal sem abrir m\u00e3o da praticidade necess\u00e1ria para gerir uma resid\u00eancia com crian\u00e7as e compromissos profissionais.<\/p>\n\n\n\n<p>Ao escolher o companheiro ideal, voc\u00ea garante que a experi\u00eancia de ter um animal seja focada nos benef\u00edcios terap\u00eauticos e na alegria da conviv\u00eancia m\u00fatua di\u00e1ria. Priorizar animais com <strong>perfil adapt\u00e1vel<\/strong> \u00e9 o passo mais importante para consolidar um lar harmonioso, onde a natureza e a modernidade coexistem em total sintonia e respeito m\u00fatuo.<\/p>\n","protected":false},"excerpt":{"rendered":"<p>A escolha de um animal de estima\u00e7\u00e3o para ambientes verticais requer equil\u00edbrio entre o espa\u00e7o dispon\u00edvel e a capacidade de intera\u00e7\u00e3o das crian\u00e7as com a nova companhia. Optar por esp\u00e9cies que demandam cuidados pr\u00e1ticos e possuem temperamento tranquilo \u00e9 o segredo para integrar a natureza ao lar sem comprometer a organiza\u00e7\u00e3o da casa. As vantagens [&hellip;]<\/p>\n","protected":false},"author":9,"featured_media":232039,"comment_status":"open","ping_status":"open","sticky":false,"template":"","format":"standard","meta":{"_yoast_wpseo_focuskw":"Animais de estima\u00e7\u00e3o","_yoast_wpseo_title":"","_yoast_wpseo_metadesc":"Alguns pets s\u00e3o f\u00e1ceis de cuidar, ideais para crian\u00e7as e ajudam a ensinar responsabilidade sem exigir tempo ou esfor\u00e7o excessivo","jnews-multi-image_gallery":[],"jnews_single_post":{"format":"standard"},"jnews_primary_category":[],"jnews_social_meta":[],"jnews_override_counter":[],"footnotes":""},"categories":[112],"post_tag":[],"class_list":["post-231226","post","type-post","status-publish","format-standard","has-post-thumbnail","hentry","category-curiosidades"],"yoast_head":"<!-- This site is optimized with the Yoast SEO plugin v24.6 - https:\/\/yoast.com\/wordpress\/plugins\/seo\/ -->\n<title>Animais de estima\u00e7\u00e3o ideais para quem mora em apartamento com filhos, esp\u00e9cies silenciosas e f\u00e1ceis que ajudam na companhia di\u00e1ria - Correio Braziliense - Radar<\/title>\n<meta name=\"description\" content=\"Alguns pets s\u00e3o f\u00e1ceis de cuidar, ideais para crian\u00e7as e ajudam a ensinar responsabilidade sem exigir tempo ou esfor\u00e7o excessivo\" \/>\n<meta name=\"robots\" content=\"index, follow, max-snippet:-1, max-image-preview:large, max-video-preview:-1\" \/>\n<link rel=\"canonical\" href=\"https:\/\/www.correiobraziliense.com.br\/cbradar\/animais-de-estimacao-ideais-para-quem-mora-em-apartamento-com-filhos-especies-silenciosas-e-faceis-que-ajudam-na-companhia-diaria\/\" \/>\n<meta property=\"og:locale\" content=\"pt_BR\" \/>\n<meta property=\"og:type\" content=\"article\" \/>\n<meta property=\"og:title\" content=\"Animais de estima\u00e7\u00e3o ideais para quem mora em apartamento com filhos, esp\u00e9cies silenciosas e f\u00e1ceis que ajudam na companhia di\u00e1ria - Correio Braziliense - Radar\" \/>\n<meta property=\"og:description\" content=\"Alguns pets s\u00e3o f\u00e1ceis de cuidar, ideais para crian\u00e7as e ajudam a ensinar responsabilidade sem exigir tempo ou esfor\u00e7o excessivo\" \/>\n<meta property=\"og:url\" content=\"https:\/\/www.correiobraziliense.com.br\/cbradar\/animais-de-estimacao-ideais-para-quem-mora-em-apartamento-com-filhos-especies-silenciosas-e-faceis-que-ajudam-na-companhia-diaria\/\" \/>\n<meta property=\"og:site_name\" content=\"Correio Braziliense - Radar\" \/>\n<meta property=\"article:published_time\" content=\"2026-04-26T19:35:00+00:00\" \/>\n<meta property=\"og:image\" content=\"https:\/\/www.correiobraziliense.com.br\/cbradar\/wp-content\/uploads\/2026\/04\/freepik_coelho-domestico-branco-e_2864587138.jpeg\" \/>\n\t<meta property=\"og:image:width\" content=\"1376\" \/>\n\t<meta property=\"og:image:height\" content=\"768\" \/>\n\t<meta property=\"og:image:type\" content=\"image\/jpeg\" \/>\n<meta name=\"author\" content=\"Daniely Cardoso\" \/>\n<meta name=\"twitter:card\" content=\"summary_large_image\" \/>\n<meta name=\"twitter:label1\" content=\"Escrito por\" \/>\n\t<meta name=\"twitter:data1\" content=\"Daniely Cardoso\" \/>\n\t<meta name=\"twitter:label2\" content=\"Est. tempo de leitura\" \/>\n\t<meta name=\"twitter:data2\" content=\"5 minutos\" \/>\n<!-- \/ Yoast SEO plugin. -->","yoast_head_json":{"title":"Animais de estima\u00e7\u00e3o ideais para quem mora em apartamento com filhos, esp\u00e9cies silenciosas e f\u00e1ceis que ajudam na companhia di\u00e1ria - Correio Braziliense - Radar","description":"Alguns pets s\u00e3o f\u00e1ceis de cuidar, ideais para crian\u00e7as e ajudam a ensinar responsabilidade sem exigir tempo ou esfor\u00e7o excessivo","robots":{"index":"index","follow":"follow","max-snippet":"max-snippet:-1","max-image-preview":"max-image-preview:large","max-video-preview":"max-video-preview:-1"},"canonical":"https:\/\/www.correiobraziliense.com.br\/cbradar\/animais-de-estimacao-ideais-para-quem-mora-em-apartamento-com-filhos-especies-silenciosas-e-faceis-que-ajudam-na-companhia-diaria\/","og_locale":"pt_BR","og_type":"article","og_title":"Animais de estima\u00e7\u00e3o ideais para quem mora em apartamento com filhos, esp\u00e9cies silenciosas e f\u00e1ceis que ajudam na companhia di\u00e1ria - Correio Braziliense - Radar","og_description":"Alguns pets s\u00e3o f\u00e1ceis de cuidar, ideais para crian\u00e7as e ajudam a ensinar responsabilidade sem exigir tempo ou esfor\u00e7o excessivo","og_url":"https:\/\/www.correiobraziliense.com.br\/cbradar\/animais-de-estimacao-ideais-para-quem-mora-em-apartamento-com-filhos-especies-silenciosas-e-faceis-que-ajudam-na-companhia-diaria\/","og_site_name":"Correio Braziliense - Radar","article_published_time":"2026-04-26T19:35:00+00:00","og_image":[{"width":1376,"height":768,"url":"https:\/\/www.correiobraziliense.com.br\/cbradar\/wp-content\/uploads\/2026\/04\/freepik_coelho-domestico-branco-e_2864587138.jpeg","type":"image\/jpeg"}],"author":"Daniely Cardoso","twitter_card":"summary_large_image","twitter_misc":{"Escrito por":"Daniely Cardoso","Est. tempo de leitura":"5 minutos"},"schema":{"@context":"https:\/\/schema.org","@graph":[{"@type":"WebPage","@id":"https:\/\/www.correiobraziliense.com.br\/cbradar\/animais-de-estimacao-ideais-para-quem-mora-em-apartamento-com-filhos-especies-silenciosas-e-faceis-que-ajudam-na-companhia-diaria\/","url":"https:\/\/www.correiobraziliense.com.br\/cbradar\/animais-de-estimacao-ideais-para-quem-mora-em-apartamento-com-filhos-especies-silenciosas-e-faceis-que-ajudam-na-companhia-diaria\/","name":"Animais de estima\u00e7\u00e3o ideais para quem mora em apartamento com filhos, esp\u00e9cies silenciosas e f\u00e1ceis que ajudam na companhia di\u00e1ria - Correio Braziliense - Radar","isPartOf":{"@id":"https:\/\/www.correiobraziliense.com.br\/cbradar\/#website"},"primaryImageOfPage":{"@id":"https:\/\/www.correiobraziliense.com.br\/cbradar\/animais-de-estimacao-ideais-para-quem-mora-em-apartamento-com-filhos-especies-silenciosas-e-faceis-que-ajudam-na-companhia-diaria\/#primaryimage"},"image":{"@id":"https:\/\/www.correiobraziliense.com.br\/cbradar\/animais-de-estimacao-ideais-para-quem-mora-em-apartamento-com-filhos-especies-silenciosas-e-faceis-que-ajudam-na-companhia-diaria\/#primaryimage"},"thumbnailUrl":"https:\/\/www.correiobraziliense.com.br\/cbradar\/wp-content\/uploads\/2026\/04\/freepik_coelho-domestico-branco-e_2864587138.jpeg","datePublished":"2026-04-26T19:35:00+00:00","author":{"@id":"https:\/\/www.correiobraziliense.com.br\/cbradar\/#\/schema\/person\/7356666e12ec0ee53f348ee5db227032"},"description":"Alguns pets s\u00e3o f\u00e1ceis de cuidar, ideais para crian\u00e7as e ajudam a ensinar responsabilidade sem exigir tempo ou esfor\u00e7o excessivo","breadcrumb":{"@id":"https:\/\/www.correiobraziliense.com.br\/cbradar\/animais-de-estimacao-ideais-para-quem-mora-em-apartamento-com-filhos-especies-silenciosas-e-faceis-que-ajudam-na-companhia-diaria\/#breadcrumb"},"inLanguage":"pt-BR","potentialAction":[{"@type":"ReadAction","target":["https:\/\/www.correiobraziliense.com.br\/cbradar\/animais-de-estimacao-ideais-para-quem-mora-em-apartamento-com-filhos-especies-silenciosas-e-faceis-que-ajudam-na-companhia-diaria\/"]}]},{"@type":"ImageObject","inLanguage":"pt-BR","@id":"https:\/\/www.correiobraziliense.com.br\/cbradar\/animais-de-estimacao-ideais-para-quem-mora-em-apartamento-com-filhos-especies-silenciosas-e-faceis-que-ajudam-na-companhia-diaria\/#primaryimage","url":"https:\/\/www.correiobraziliense.com.br\/cbradar\/wp-content\/uploads\/2026\/04\/freepik_coelho-domestico-branco-e_2864587138.jpeg","contentUrl":"https:\/\/www.correiobraziliense.com.br\/cbradar\/wp-content\/uploads\/2026\/04\/freepik_coelho-domestico-branco-e_2864587138.jpeg","width":1376,"height":768,"caption":"Integrar um pet com rotina leve \u00e0 din\u00e2mica de um apartamento transforma a atmosfera da casa"},{"@type":"BreadcrumbList","@id":"https:\/\/www.correiobraziliense.com.br\/cbradar\/animais-de-estimacao-ideais-para-quem-mora-em-apartamento-com-filhos-especies-silenciosas-e-faceis-que-ajudam-na-companhia-diaria\/#breadcrumb","itemListElement":[{"@type":"ListItem","position":1,"name":"In\u00edcio","item":"https:\/\/www.correiobraziliense.com.br\/cbradar\/"},{"@type":"ListItem","position":2,"name":"Animais de estima\u00e7\u00e3o ideais para quem mora em apartamento com filhos, esp\u00e9cies silenciosas e f\u00e1ceis que ajudam na companhia di\u00e1ria"}]},{"@type":"WebSite","@id":"https:\/\/www.correiobraziliense.com.br\/cbradar\/#website","url":"https:\/\/www.correiobraziliense.com.br\/cbradar\/","name":"Correio Braziliense - Radar","description":"Acompanhe as \u00faltimas not\u00edcias e fique bem informado sobre tudo o que acontece no Brasil e no mundo.","potentialAction":[{"@type":"SearchAction","target":{"@type":"EntryPoint","urlTemplate":"https:\/\/www.correiobraziliense.com.br\/cbradar\/?s={search_term_string}"},"query-input":{"@type":"PropertyValueSpecification","valueRequired":true,"valueName":"search_term_string"}}],"inLanguage":"pt-BR"},{"@type":"Person","@id":"https:\/\/www.correiobraziliense.com.br\/cbradar\/#\/schema\/person\/7356666e12ec0ee53f348ee5db227032","name":"Daniely Cardoso","image":{"@type":"ImageObject","inLanguage":"pt-BR","@id":"https:\/\/www.correiobraziliense.com.br\/cbradar\/#\/schema\/person\/image\/","url":"https:\/\/secure.gravatar.com\/avatar\/4b80ddbd124d1f071b626d52d62e5dff?s=96&d=mm&r=g","contentUrl":"https:\/\/secure.gravatar.com\/avatar\/4b80ddbd124d1f071b626d52d62e5dff?s=96&d=mm&r=g","caption":"Daniely Cardoso"},"description":"Redatora nos portais CB Radar e EM Foco, formada pela Universidade Federal de Goi\u00e1s, em Goi\u00e2nia. Apaixonada por comunica\u00e7\u00e3o, arte, decora\u00e7\u00e3o e tend\u00eancias, atuo na produ\u00e7\u00e3o de conte\u00fados envolventes sobre curiosidades, moda, beleza e paisagismo, sempre com um olhar atento \u00e0s novidades do momento.","sameAs":["https:\/\/www.correiobraziliense.com.br\/cbradar"],"url":"https:\/\/www.correiobraziliense.com.br\/cbradar\/author\/danielymyth\/"}]}},"_links":{"self":[{"href":"https:\/\/www.correiobraziliense.com.br\/cbradar\/wp-json\/wp\/v2\/posts\/231226","targetHints":{"allow":["GET"]}}],"collection":[{"href":"https:\/\/www.correiobraziliense.com.br\/cbradar\/wp-json\/wp\/v2\/posts"}],"about":[{"href":"https:\/\/www.correiobraziliense.com.br\/cbradar\/wp-json\/wp\/v2\/types\/post"}],"author":[{"embeddable":true,"href":"https:\/\/www.correiobraziliense.com.br\/cbradar\/wp-json\/wp\/v2\/users\/9"}],"replies":[{"embeddable":true,"href":"https:\/\/www.correiobraziliense.com.br\/cbradar\/wp-json\/wp\/v2\/comments?post=231226"}],"version-history":[{"count":1,"href":"https:\/\/www.correiobraziliense.com.br\/cbradar\/wp-json\/wp\/v2\/posts\/231226\/revisions"}],"predecessor-version":[{"id":231229,"href":"https:\/\/www.correiobraziliense.com.br\/cbradar\/wp-json\/wp\/v2\/posts\/231226\/revisions\/231229"}],"wp:featuredmedia":[{"embeddable":true,"href":"https:\/\/www.correiobraziliense.com.br\/cbradar\/wp-json\/wp\/v2\/media\/232039"}],"wp:attachment":[{"href":"https:\/\/www.correiobraziliense.com.br\/cbradar\/wp-json\/wp\/v2\/media?parent=231226"}],"wp:term":[{"taxonomy":"category","embeddable":true,"href":"https:\/\/www.correiobraziliense.com.br\/cbradar\/wp-json\/wp\/v2\/categories?post=231226"},{"taxonomy":"post_tag","embeddable":true,"href":"https:\/\/www.correiobraziliense.com.br\/cbradar\/wp-json\/wp\/v2\/post_tag?post=231226"}],"curies":[{"name":"wp","href":"https:\/\/api.w.org\/{rel}","templated":true}]}}