{"id":231302,"date":"2026-04-25T01:30:00","date_gmt":"2026-04-25T04:30:00","guid":{"rendered":"https:\/\/www.correiobraziliense.com.br\/cbradar\/?p=231302"},"modified":"2026-04-24T17:42:12","modified_gmt":"2026-04-24T20:42:12","slug":"a-parte-mais-dificil-de-crescer-ouvindo-que-voce-era-dramatico-demais-nao-e-o-rotulo-em-si-e-passar-a-vida-inteira-pedindo-desculpas-por-sentir-tudo-com-intensidade","status":"publish","type":"post","link":"https:\/\/www.correiobraziliense.com.br\/cbradar\/a-parte-mais-dificil-de-crescer-ouvindo-que-voce-era-dramatico-demais-nao-e-o-rotulo-em-si-e-passar-a-vida-inteira-pedindo-desculpas-por-sentir-tudo-com-intensidade\/","title":{"rendered":"A parte mais dif\u00edcil de crescer ouvindo que voc\u00ea era \u201cdram\u00e1tico demais\u201d n\u00e3o \u00e9 o r\u00f3tulo em si, \u00e9 passar a vida inteira pedindo desculpas por sentir tudo com intensidade"},"content":{"rendered":"\n<p>Crescer em ambientes onde as emo\u00e7\u00f5es intensas s\u00e3o invalidadas gera marcas profundas na constru\u00e7\u00e3o da identidade adulta. Muitas crian\u00e7as aprendem que expressar sentimentos \u00e9 um erro, transformando a sensibilidade em uma fonte constante de vergonha. Compreender as ra\u00edzes desse trauma psicol\u00f3gico ajuda a resgatar a autoestima e a validar a pr\u00f3pria ess\u00eancia emocional.<\/p>\n\n\n\n<h2 class=\"wp-block-heading\">Por que a invalida\u00e7\u00e3o emocional na inf\u00e2ncia silencia o adulto?<\/h2>\n\n\n\n<p>Quando uma <strong><a href=\"https:\/\/www.correiobraziliense.com.br\/cbradar\/a-psicologia-diz-que-geracoes-dos-anos-60-e-70-tornaram-se-mais-resilientes-nao-por-melhor-criacao-mas-por-negligencia-benigna-que-obrigou-as-criancas-a-se-auto-regular-e-resolver-problemas\/\" target=\"_blank\" rel=\"noreferrer noopener\">crian\u00e7a <\/a><\/strong>ouve repetidamente que suas rea\u00e7\u00f5es s\u00e3o exageradas, ela come\u00e7a a desconfiar dos pr\u00f3prios instintos mais b\u00e1sicos. Esse processo de silenciamento interno faz com que o indiv\u00edduo passe a filtrar cada emo\u00e7\u00e3o antes de demonstr\u00e1-la ao mundo exterior. A necessidade de se adequar ao padr\u00e3o de frieza alheio acaba sufocando a espontaneidade necess\u00e1ria.<\/p>\n\n\n\n<p>O resultado desse comportamento \u00e9 um adulto que se sente constantemente inadequado em situa\u00e7\u00f5es sociais ou \u00edntimas. A pessoa passa a acreditar que sua intensidade \u00e9 um defeito que precisa ser corrigido a qualquer custo para manter a paz. Essa vigil\u00e2ncia constante impede a forma\u00e7\u00e3o de v\u00ednculos profundos baseados na transpar\u00eancia e na aceita\u00e7\u00e3o m\u00fatua entre os indiv\u00edduos.<\/p>\n\n\n\n<figure class=\"wp-block-image size-full\"><img decoding=\"async\" width=\"1280\" height=\"720\" src=\"https:\/\/www.correiobraziliense.com.br\/cbradar\/wp-content\/uploads\/2026\/04\/Gemini_Generated_Image_oagmrfoagmrfoagm-1-1.png\" alt=\"A parte mais dif\u00edcil de crescer ouvindo que voc\u00ea era \u201cdram\u00e1tico demais\u201d n\u00e3o \u00e9 o r\u00f3tulo em si, \u00e9 passar a vida inteira pedindo desculpas por sentir tudo com intensidade\" class=\"wp-image-231307\" srcset=\"https:\/\/www.correiobraziliense.com.br\/cbradar\/wp-content\/uploads\/2026\/04\/Gemini_Generated_Image_oagmrfoagmrfoagm-1-1.png 1280w, https:\/\/www.correiobraziliense.com.br\/cbradar\/wp-content\/uploads\/2026\/04\/Gemini_Generated_Image_oagmrfoagmrfoagm-1-1-300x169.png 300w, https:\/\/www.correiobraziliense.com.br\/cbradar\/wp-content\/uploads\/2026\/04\/Gemini_Generated_Image_oagmrfoagmrfoagm-1-1-768x432.png 768w, https:\/\/www.correiobraziliense.com.br\/cbradar\/wp-content\/uploads\/2026\/04\/Gemini_Generated_Image_oagmrfoagmrfoagm-1-1-750x422.png 750w, https:\/\/www.correiobraziliense.com.br\/cbradar\/wp-content\/uploads\/2026\/04\/Gemini_Generated_Image_oagmrfoagmrfoagm-1-1-1140x641.png 1140w\" sizes=\"(max-width: 1280px) 100vw, 1280px\" \/><figcaption class=\"wp-element-caption\">Invalida\u00e7\u00e3o emocional na inf\u00e2ncia afeta sensibilidade e autoestima na vida adulta<\/figcaption><\/figure>\n\n\n\n<h2 class=\"wp-block-heading\">Qual o impacto de pedir desculpas constantes por sentir?<\/h2>\n\n\n\n<p>O h\u00e1bito de se desculpar por estar triste ou feliz revela uma profunda inseguran\u00e7a sobre o direito de ocupar espa\u00e7o. Esse pedido de perd\u00e3o autom\u00e1tico serve como uma tentativa desesperada de evitar o julgamento de quem rotulou a pessoa como dram\u00e1tica no passado. \u00c9 um mecanismo de defesa que busca neutralizar poss\u00edveis conflitos antes mesmo que eles comecem a surgir.<\/p>\n\n\n\n<p>Ao longo do tempo, esse comportamento refor\u00e7a a ideia de que o sentir \u00e9 algo inconveniente para os outros. A pessoa gasta uma energia mental imensa tentando ser menos do que realmente \u00e9, apenas para n\u00e3o incomodar o ambiente ao redor. Esse sacrif\u00edcio da pr\u00f3pria identidade gera um vazio emocional que dificulta a busca por uma vida verdadeiramente plena.<\/p>\n\n\n\n<h2 class=\"wp-block-heading\">Como identificar comportamentos de quem foi rotulado como exagerado?<\/h2>\n\n\n\n<p>Existem sinais claros que demonstram como o passado de invalida\u00e7\u00e3o ainda dita as regras do presente emocional. Observar essas rea\u00e7\u00f5es ajuda a mapear os gatilhos que disparam a necessidade de se desculpar por simplesmente existir com intensidade. Reconhecer esses padr\u00f5es \u00e9 o primeiro passo para come\u00e7ar a desconstruir as barreiras invis\u00edveis que impedem a express\u00e3o do seu verdadeiro eu.<\/p>\n\n\n\n<p>Para entender melhor como essas marcas se manifestam na rotina adulta e prejudicam a autoconfian\u00e7a de maneira silenciosa, observe os seguintes tra\u00e7os:<\/p>\n\n\n\n<ul class=\"wp-block-list\">\n<li>Necessidade compulsiva de explicar o motivo de estar emocionado.<\/li>\n\n\n\n<li>Sensa\u00e7\u00e3o de que qualquer demonstra\u00e7\u00e3o de afeto \u00e9 um erro.<\/li>\n\n\n\n<li>Medo paralisante de ser visto como uma pessoa dif\u00edcil ou inst\u00e1vel.<\/li>\n\n\n\n<li>H\u00e1bito de minimizar as pr\u00f3prias conquistas para n\u00e3o parecer arrogante.<\/li>\n\n\n\n<li>Dificuldade em aceitar elogios sinceros sem sentir uma ponta de culpa.<\/li>\n<\/ul>\n\n\n\n<h2 class=\"wp-block-heading\">\u00c9 poss\u00edvel transformar a sensibilidade em uma for\u00e7a pessoal?<\/h2>\n\n\n\n<p>A intensidade emocional, quando bem canalizada, torna-se uma ferramenta poderosa de empatia e criatividade no cotidiano. Pessoas que sentem tudo profundamente possuem uma capacidade \u00fanica de ler o ambiente e compreender as dores alheias com facilidade. Transformar o fardo do drama em um dom exige aceita\u00e7\u00e3o e a coragem de parar de se desculpar por ser humano.<\/p>\n\n\n\n<p>Aceitar que a sua forma de ver o mundo \u00e9 leg\u00edtima permite que voc\u00ea pare de lutar contra si mesmo. Quando voc\u00ea abra\u00e7a sua natureza emocional, a necessidade de aprova\u00e7\u00e3o externa diminui drasticamente, abrindo espa\u00e7o para escolhas muito mais conscientes. Voc\u00ea descobre que a intensidade n\u00e3o \u00e9 um problema de personalidade, mas sim uma caracter\u00edstica valiosa que enriquece suas experi\u00eancias.<\/p>\n\n\n\n<figure class=\"wp-block-image size-full\"><img decoding=\"async\" width=\"1280\" height=\"720\" src=\"https:\/\/www.correiobraziliense.com.br\/cbradar\/wp-content\/uploads\/2026\/04\/Gemini_Generated_Image_ajfid7ajfid7ajfi-1-1.png\" alt=\"A parte mais dif\u00edcil de crescer ouvindo que voc\u00ea era \u201cdram\u00e1tico demais\u201d n\u00e3o \u00e9 o r\u00f3tulo em si, \u00e9 passar a vida inteira pedindo desculpas por sentir tudo com intensidade\" class=\"wp-image-231309\" srcset=\"https:\/\/www.correiobraziliense.com.br\/cbradar\/wp-content\/uploads\/2026\/04\/Gemini_Generated_Image_ajfid7ajfid7ajfi-1-1.png 1280w, https:\/\/www.correiobraziliense.com.br\/cbradar\/wp-content\/uploads\/2026\/04\/Gemini_Generated_Image_ajfid7ajfid7ajfi-1-1-300x169.png 300w, https:\/\/www.correiobraziliense.com.br\/cbradar\/wp-content\/uploads\/2026\/04\/Gemini_Generated_Image_ajfid7ajfid7ajfi-1-1-768x432.png 768w, https:\/\/www.correiobraziliense.com.br\/cbradar\/wp-content\/uploads\/2026\/04\/Gemini_Generated_Image_ajfid7ajfid7ajfi-1-1-750x422.png 750w, https:\/\/www.correiobraziliense.com.br\/cbradar\/wp-content\/uploads\/2026\/04\/Gemini_Generated_Image_ajfid7ajfid7ajfi-1-1-1140x641.png 1140w\" sizes=\"(max-width: 1280px) 100vw, 1280px\" \/><figcaption class=\"wp-element-caption\">Invalida\u00e7\u00e3o emocional na inf\u00e2ncia afeta sensibilidade e autoestima na vida adulta<\/figcaption><\/figure>\n\n\n\n<h2 class=\"wp-block-heading\">Como a psicologia moderna aborda a regula\u00e7\u00e3o das emo\u00e7\u00f5es intensas?<\/h2>\n\n\n\n<p>As abordagens terap\u00eauticas atuais focam na valida\u00e7\u00e3o do sentimento como base para o desenvolvimento de uma sa\u00fade mental s\u00f3lida. Segundo orienta\u00e7\u00f5es do <strong>National Institute of Mental Health<\/strong> (<a target=\"_blank\" rel=\"noreferrer noopener\" href=\"https:\/\/www.nimh.nih.gov\/health\/topics\/child-and-adolescent-mental-health\">NIMH<\/a>), apoiar o desenvolvimento emocional saud\u00e1vel desde a inf\u00e2ncia previne traumas complexos que afetam a vida adulta. Aprender a nomear as emo\u00e7\u00f5es sem julgamento moral \u00e9 essencial para o equil\u00edbrio.<\/p>\n\n\n\n<p>Entender que as emo\u00e7\u00f5es s\u00e3o sinais informativos ajuda a reduzir a carga de culpa que o r\u00f3tulo de dram\u00e1tico costuma carregar. Em vez de reprimir o que sente, o indiv\u00edduo aprende a observar a sensa\u00e7\u00e3o e a decidir como agir de forma produtiva. Esse processo de autoconhecimento transforma a rela\u00e7\u00e3o com a sensibilidade, permitindo uma conviv\u00eancia muito mais pac\u00edfica.<\/p>\n","protected":false},"excerpt":{"rendered":"<p>Crescer em ambientes onde as emo\u00e7\u00f5es intensas s\u00e3o invalidadas gera marcas profundas na constru\u00e7\u00e3o da identidade adulta. Muitas crian\u00e7as aprendem que expressar sentimentos \u00e9 um erro, transformando a sensibilidade em uma fonte constante de vergonha. Compreender as ra\u00edzes desse trauma psicol\u00f3gico ajuda a resgatar a autoestima e a validar a pr\u00f3pria ess\u00eancia emocional. Por que [&hellip;]<\/p>\n","protected":false},"author":21,"featured_media":231305,"comment_status":"open","ping_status":"open","sticky":false,"template":"","format":"standard","meta":{"jnews-multi-image_gallery":[],"jnews_single_post":{"format":"standard"},"jnews_primary_category":[],"jnews_social_meta":[],"jnews_override_counter":[],"footnotes":""},"categories":[112],"post_tag":[],"class_list":["post-231302","post","type-post","status-publish","format-standard","has-post-thumbnail","hentry","category-curiosidades"],"yoast_head":"<!-- This site is optimized with the Yoast SEO plugin v24.6 - https:\/\/yoast.com\/wordpress\/plugins\/seo\/ -->\n<title>A parte mais dif\u00edcil de crescer ouvindo que voc\u00ea era \u201cdram\u00e1tico demais\u201d n\u00e3o \u00e9 o r\u00f3tulo em si, \u00e9 passar a vida inteira pedindo desculpas por sentir tudo com intensidade - Correio Braziliense - Radar<\/title>\n<meta name=\"description\" content=\"Ser chamado de exagerado pode deixar marcas que afetam sua forma de sentir. Esse padr\u00e3o revela algo importante sobre sua inf\u00e2ncia.\" \/>\n<meta name=\"robots\" content=\"index, follow, max-snippet:-1, max-image-preview:large, max-video-preview:-1\" \/>\n<link rel=\"canonical\" href=\"https:\/\/www.correiobraziliense.com.br\/cbradar\/a-parte-mais-dificil-de-crescer-ouvindo-que-voce-era-dramatico-demais-nao-e-o-rotulo-em-si-e-passar-a-vida-inteira-pedindo-desculpas-por-sentir-tudo-com-intensidade\/\" \/>\n<meta property=\"og:locale\" content=\"pt_BR\" \/>\n<meta property=\"og:type\" content=\"article\" \/>\n<meta property=\"og:title\" content=\"A parte mais dif\u00edcil de crescer ouvindo que voc\u00ea era \u201cdram\u00e1tico demais\u201d n\u00e3o \u00e9 o r\u00f3tulo em si, \u00e9 passar a vida inteira pedindo desculpas por sentir tudo com intensidade - Correio Braziliense - Radar\" \/>\n<meta property=\"og:description\" content=\"Ser chamado de exagerado pode deixar marcas que afetam sua forma de sentir. Esse padr\u00e3o revela algo importante sobre sua inf\u00e2ncia.\" \/>\n<meta property=\"og:url\" content=\"https:\/\/www.correiobraziliense.com.br\/cbradar\/a-parte-mais-dificil-de-crescer-ouvindo-que-voce-era-dramatico-demais-nao-e-o-rotulo-em-si-e-passar-a-vida-inteira-pedindo-desculpas-por-sentir-tudo-com-intensidade\/\" \/>\n<meta property=\"og:site_name\" content=\"Correio Braziliense - Radar\" \/>\n<meta property=\"article:published_time\" content=\"2026-04-25T04:30:00+00:00\" \/>\n<meta property=\"og:image\" content=\"https:\/\/www.correiobraziliense.com.br\/cbradar\/wp-content\/uploads\/2026\/04\/Gemini_Generated_Image_4iszax4iszax4isz-1-1.png\" \/>\n\t<meta property=\"og:image:width\" content=\"1280\" \/>\n\t<meta property=\"og:image:height\" content=\"720\" \/>\n\t<meta property=\"og:image:type\" content=\"image\/png\" \/>\n<meta name=\"author\" content=\"Patrick Silva\" \/>\n<meta name=\"twitter:card\" content=\"summary_large_image\" \/>\n<meta name=\"twitter:label1\" content=\"Escrito por\" \/>\n\t<meta name=\"twitter:data1\" content=\"Patrick Silva\" \/>\n\t<meta name=\"twitter:label2\" content=\"Est. tempo de leitura\" \/>\n\t<meta name=\"twitter:data2\" content=\"5 minutos\" \/>\n<!-- \/ Yoast SEO plugin. -->","yoast_head_json":{"title":"A parte mais dif\u00edcil de crescer ouvindo que voc\u00ea era \u201cdram\u00e1tico demais\u201d n\u00e3o \u00e9 o r\u00f3tulo em si, \u00e9 passar a vida inteira pedindo desculpas por sentir tudo com intensidade - Correio Braziliense - Radar","description":"Ser chamado de exagerado pode deixar marcas que afetam sua forma de sentir. Esse padr\u00e3o revela algo importante sobre sua inf\u00e2ncia.","robots":{"index":"index","follow":"follow","max-snippet":"max-snippet:-1","max-image-preview":"max-image-preview:large","max-video-preview":"max-video-preview:-1"},"canonical":"https:\/\/www.correiobraziliense.com.br\/cbradar\/a-parte-mais-dificil-de-crescer-ouvindo-que-voce-era-dramatico-demais-nao-e-o-rotulo-em-si-e-passar-a-vida-inteira-pedindo-desculpas-por-sentir-tudo-com-intensidade\/","og_locale":"pt_BR","og_type":"article","og_title":"A parte mais dif\u00edcil de crescer ouvindo que voc\u00ea era \u201cdram\u00e1tico demais\u201d n\u00e3o \u00e9 o r\u00f3tulo em si, \u00e9 passar a vida inteira pedindo desculpas por sentir tudo com intensidade - Correio Braziliense - Radar","og_description":"Ser chamado de exagerado pode deixar marcas que afetam sua forma de sentir. Esse padr\u00e3o revela algo importante sobre sua inf\u00e2ncia.","og_url":"https:\/\/www.correiobraziliense.com.br\/cbradar\/a-parte-mais-dificil-de-crescer-ouvindo-que-voce-era-dramatico-demais-nao-e-o-rotulo-em-si-e-passar-a-vida-inteira-pedindo-desculpas-por-sentir-tudo-com-intensidade\/","og_site_name":"Correio Braziliense - Radar","article_published_time":"2026-04-25T04:30:00+00:00","og_image":[{"width":1280,"height":720,"url":"https:\/\/www.correiobraziliense.com.br\/cbradar\/wp-content\/uploads\/2026\/04\/Gemini_Generated_Image_4iszax4iszax4isz-1-1.png","type":"image\/png"}],"author":"Patrick Silva","twitter_card":"summary_large_image","twitter_misc":{"Escrito por":"Patrick Silva","Est. tempo de leitura":"5 minutos"},"schema":{"@context":"https:\/\/schema.org","@graph":[{"@type":"WebPage","@id":"https:\/\/www.correiobraziliense.com.br\/cbradar\/a-parte-mais-dificil-de-crescer-ouvindo-que-voce-era-dramatico-demais-nao-e-o-rotulo-em-si-e-passar-a-vida-inteira-pedindo-desculpas-por-sentir-tudo-com-intensidade\/","url":"https:\/\/www.correiobraziliense.com.br\/cbradar\/a-parte-mais-dificil-de-crescer-ouvindo-que-voce-era-dramatico-demais-nao-e-o-rotulo-em-si-e-passar-a-vida-inteira-pedindo-desculpas-por-sentir-tudo-com-intensidade\/","name":"A parte mais dif\u00edcil de crescer ouvindo que voc\u00ea era \u201cdram\u00e1tico demais\u201d n\u00e3o \u00e9 o r\u00f3tulo em si, \u00e9 passar a vida inteira pedindo desculpas por sentir tudo com intensidade - Correio Braziliense - Radar","isPartOf":{"@id":"https:\/\/www.correiobraziliense.com.br\/cbradar\/#website"},"primaryImageOfPage":{"@id":"https:\/\/www.correiobraziliense.com.br\/cbradar\/a-parte-mais-dificil-de-crescer-ouvindo-que-voce-era-dramatico-demais-nao-e-o-rotulo-em-si-e-passar-a-vida-inteira-pedindo-desculpas-por-sentir-tudo-com-intensidade\/#primaryimage"},"image":{"@id":"https:\/\/www.correiobraziliense.com.br\/cbradar\/a-parte-mais-dificil-de-crescer-ouvindo-que-voce-era-dramatico-demais-nao-e-o-rotulo-em-si-e-passar-a-vida-inteira-pedindo-desculpas-por-sentir-tudo-com-intensidade\/#primaryimage"},"thumbnailUrl":"https:\/\/www.correiobraziliense.com.br\/cbradar\/wp-content\/uploads\/2026\/04\/Gemini_Generated_Image_4iszax4iszax4isz-1-1.png","datePublished":"2026-04-25T04:30:00+00:00","author":{"@id":"https:\/\/www.correiobraziliense.com.br\/cbradar\/#\/schema\/person\/5440b72be9c7eb74f446c846479dc4da"},"description":"Ser chamado de exagerado pode deixar marcas que afetam sua forma de sentir. Esse padr\u00e3o revela algo importante sobre sua inf\u00e2ncia.","breadcrumb":{"@id":"https:\/\/www.correiobraziliense.com.br\/cbradar\/a-parte-mais-dificil-de-crescer-ouvindo-que-voce-era-dramatico-demais-nao-e-o-rotulo-em-si-e-passar-a-vida-inteira-pedindo-desculpas-por-sentir-tudo-com-intensidade\/#breadcrumb"},"inLanguage":"pt-BR","potentialAction":[{"@type":"ReadAction","target":["https:\/\/www.correiobraziliense.com.br\/cbradar\/a-parte-mais-dificil-de-crescer-ouvindo-que-voce-era-dramatico-demais-nao-e-o-rotulo-em-si-e-passar-a-vida-inteira-pedindo-desculpas-por-sentir-tudo-com-intensidade\/"]}]},{"@type":"ImageObject","inLanguage":"pt-BR","@id":"https:\/\/www.correiobraziliense.com.br\/cbradar\/a-parte-mais-dificil-de-crescer-ouvindo-que-voce-era-dramatico-demais-nao-e-o-rotulo-em-si-e-passar-a-vida-inteira-pedindo-desculpas-por-sentir-tudo-com-intensidade\/#primaryimage","url":"https:\/\/www.correiobraziliense.com.br\/cbradar\/wp-content\/uploads\/2026\/04\/Gemini_Generated_Image_4iszax4iszax4isz-1-1.png","contentUrl":"https:\/\/www.correiobraziliense.com.br\/cbradar\/wp-content\/uploads\/2026\/04\/Gemini_Generated_Image_4iszax4iszax4isz-1-1.png","width":1280,"height":720,"caption":"Invalida\u00e7\u00e3o emocional na inf\u00e2ncia afeta sensibilidade e autoestima na vida adulta"},{"@type":"BreadcrumbList","@id":"https:\/\/www.correiobraziliense.com.br\/cbradar\/a-parte-mais-dificil-de-crescer-ouvindo-que-voce-era-dramatico-demais-nao-e-o-rotulo-em-si-e-passar-a-vida-inteira-pedindo-desculpas-por-sentir-tudo-com-intensidade\/#breadcrumb","itemListElement":[{"@type":"ListItem","position":1,"name":"In\u00edcio","item":"https:\/\/www.correiobraziliense.com.br\/cbradar\/"},{"@type":"ListItem","position":2,"name":"A parte mais dif\u00edcil de crescer ouvindo que voc\u00ea era \u201cdram\u00e1tico demais\u201d n\u00e3o \u00e9 o r\u00f3tulo em si, \u00e9 passar a vida inteira pedindo desculpas por sentir tudo com intensidade"}]},{"@type":"WebSite","@id":"https:\/\/www.correiobraziliense.com.br\/cbradar\/#website","url":"https:\/\/www.correiobraziliense.com.br\/cbradar\/","name":"Correio Braziliense - Radar","description":"Acompanhe as \u00faltimas not\u00edcias e fique bem informado sobre tudo o que acontece no Brasil e no mundo.","potentialAction":[{"@type":"SearchAction","target":{"@type":"EntryPoint","urlTemplate":"https:\/\/www.correiobraziliense.com.br\/cbradar\/?s={search_term_string}"},"query-input":{"@type":"PropertyValueSpecification","valueRequired":true,"valueName":"search_term_string"}}],"inLanguage":"pt-BR"},{"@type":"Person","@id":"https:\/\/www.correiobraziliense.com.br\/cbradar\/#\/schema\/person\/5440b72be9c7eb74f446c846479dc4da","name":"Patrick Silva","image":{"@type":"ImageObject","inLanguage":"pt-BR","@id":"https:\/\/www.correiobraziliense.com.br\/cbradar\/#\/schema\/person\/image\/","url":"https:\/\/secure.gravatar.com\/avatar\/944109df296fc087785c9715fd5f80b2?s=96&d=mm&r=g","contentUrl":"https:\/\/secure.gravatar.com\/avatar\/944109df296fc087785c9715fd5f80b2?s=96&d=mm&r=g","caption":"Patrick Silva"},"sameAs":["https:\/\/www.correiobraziliense.com.br\/cbradar\/"],"url":"https:\/\/www.correiobraziliense.com.br\/cbradar\/author\/patrick-silva\/"}]}},"_links":{"self":[{"href":"https:\/\/www.correiobraziliense.com.br\/cbradar\/wp-json\/wp\/v2\/posts\/231302","targetHints":{"allow":["GET"]}}],"collection":[{"href":"https:\/\/www.correiobraziliense.com.br\/cbradar\/wp-json\/wp\/v2\/posts"}],"about":[{"href":"https:\/\/www.correiobraziliense.com.br\/cbradar\/wp-json\/wp\/v2\/types\/post"}],"author":[{"embeddable":true,"href":"https:\/\/www.correiobraziliense.com.br\/cbradar\/wp-json\/wp\/v2\/users\/21"}],"replies":[{"embeddable":true,"href":"https:\/\/www.correiobraziliense.com.br\/cbradar\/wp-json\/wp\/v2\/comments?post=231302"}],"version-history":[{"count":4,"href":"https:\/\/www.correiobraziliense.com.br\/cbradar\/wp-json\/wp\/v2\/posts\/231302\/revisions"}],"predecessor-version":[{"id":231311,"href":"https:\/\/www.correiobraziliense.com.br\/cbradar\/wp-json\/wp\/v2\/posts\/231302\/revisions\/231311"}],"wp:featuredmedia":[{"embeddable":true,"href":"https:\/\/www.correiobraziliense.com.br\/cbradar\/wp-json\/wp\/v2\/media\/231305"}],"wp:attachment":[{"href":"https:\/\/www.correiobraziliense.com.br\/cbradar\/wp-json\/wp\/v2\/media?parent=231302"}],"wp:term":[{"taxonomy":"category","embeddable":true,"href":"https:\/\/www.correiobraziliense.com.br\/cbradar\/wp-json\/wp\/v2\/categories?post=231302"},{"taxonomy":"post_tag","embeddable":true,"href":"https:\/\/www.correiobraziliense.com.br\/cbradar\/wp-json\/wp\/v2\/post_tag?post=231302"}],"curies":[{"name":"wp","href":"https:\/\/api.w.org\/{rel}","templated":true}]}}