{"id":231389,"date":"2026-04-25T04:00:00","date_gmt":"2026-04-25T07:00:00","guid":{"rendered":"https:\/\/www.correiobraziliense.com.br\/cbradar\/?p=231389"},"modified":"2026-04-24T17:42:31","modified_gmt":"2026-04-24T20:42:31","slug":"existe-uma-forma-de-invisibilidade-que-atinge-pessoas-muito-queridas-por-todos-e-ela-nao-acontece-porque-foram-deixadas-de-lado-acontece-porque-se-tornaram-tao-estaveis-por-fora-que-ninguem-imagina","status":"publish","type":"post","link":"https:\/\/www.correiobraziliense.com.br\/cbradar\/existe-uma-forma-de-invisibilidade-que-atinge-pessoas-muito-queridas-por-todos-e-ela-nao-acontece-porque-foram-deixadas-de-lado-acontece-porque-se-tornaram-tao-estaveis-por-fora-que-ninguem-imagina\/","title":{"rendered":"Existe uma forma de invisibilidade que atinge pessoas muito queridas por todos, e ela n\u00e3o acontece porque foram deixadas de lado, acontece porque se tornaram t\u00e3o est\u00e1veis por fora que ningu\u00e9m imagina que tamb\u00e9m precisam ser cuidadas"},"content":{"rendered":"\n<p>Muitas pessoas ocupam um papel central em seus c\u00edrculos sociais, oferecendo suporte e estabilidade para todos ao redor de forma constante. No entanto, essa for\u00e7a aparente muitas vezes esconde uma necessidade silenciosa de afeto e reconhecimento que passa despercebida pelos amigos. Entender essa din\u00e2mica \u00e9 fundamental para construir relacionamentos saud\u00e1veis e gratificantes.<\/p>\n\n\n\n<h2 class=\"wp-block-heading\">Por que o excesso de estabilidade emocional acaba gerando uma solid\u00e3o invis\u00edvel?<\/h2>\n\n\n\n<p>Para entender esse fen\u00f4meno, precisamos observar como as pessoas ao redor projetam suas pr\u00f3prias necessidades em quem parece inabal\u00e1vel. Quando algu\u00e9m nunca reclama ou pede ajuda, o c\u00edrculo social presume erroneamente que essa pessoa possui recursos emocionais infinitos e inesgot\u00e1veis. Essa percep\u00e7\u00e3o distorcida cria uma barreira de sil\u00eancio que impede a oferta de cuidados b\u00e1sicos di\u00e1rios.<\/p>\n\n\n\n<p>Muitos indiv\u00edduos est\u00e1veis acabam sendo v\u00edtimas do seu pr\u00f3prio sucesso na gest\u00e3o de crises alheias durante toda a vida produtiva. Eles se tornam o porto seguro de todos, mas raramente encontram um lugar para ancorar suas pr\u00f3prias vulnerabilidades e medos. Essa <strong>invisibilidade emocional<\/strong> \u00e9 extremamente desgastante, pois exige a manuten\u00e7\u00e3o de uma fachada de for\u00e7a absoluta e permanente.<\/p>\n\n\n\n<figure class=\"wp-block-image size-full\"><img decoding=\"async\" width=\"1280\" height=\"720\" src=\"https:\/\/www.correiobraziliense.com.br\/cbradar\/wp-content\/uploads\/2026\/04\/Gemini_Generated_Image_jek93ijek93ijek9-1-1.png\" alt=\"Existe uma forma de invisibilidade que atinge pessoas muito queridas por todos, e ela n\u00e3o acontece porque foram deixadas de lado, acontece porque se tornaram t\u00e3o est\u00e1veis por fora que ningu\u00e9m imagina que tamb\u00e9m precisam ser cuidadas\" class=\"wp-image-231397\" srcset=\"https:\/\/www.correiobraziliense.com.br\/cbradar\/wp-content\/uploads\/2026\/04\/Gemini_Generated_Image_jek93ijek93ijek9-1-1.png 1280w, https:\/\/www.correiobraziliense.com.br\/cbradar\/wp-content\/uploads\/2026\/04\/Gemini_Generated_Image_jek93ijek93ijek9-1-1-300x169.png 300w, https:\/\/www.correiobraziliense.com.br\/cbradar\/wp-content\/uploads\/2026\/04\/Gemini_Generated_Image_jek93ijek93ijek9-1-1-768x432.png 768w, https:\/\/www.correiobraziliense.com.br\/cbradar\/wp-content\/uploads\/2026\/04\/Gemini_Generated_Image_jek93ijek93ijek9-1-1-750x422.png 750w, https:\/\/www.correiobraziliense.com.br\/cbradar\/wp-content\/uploads\/2026\/04\/Gemini_Generated_Image_jek93ijek93ijek9-1-1-1140x641.png 1140w\" sizes=\"(max-width: 1280px) 100vw, 1280px\" \/><figcaption class=\"wp-element-caption\">Pessoas fortes podem esconder solid\u00e3o e necessidade de afeto que poucos percebem<\/figcaption><\/figure>\n\n\n\n<h2 class=\"wp-block-heading\">Como o papel de pilar da fam\u00edlia pode silenciar as necessidades individuais?<\/h2>\n\n\n\n<p>Dentro da din\u00e2mica familiar, o pilar \u00e9 aquele indiv\u00edduo que resolve conflitos e sustenta o bem-estar de todos sem hesitar. Esse papel her\u00f3ico acaba desumanizando a pessoa, transformando-a em uma fun\u00e7\u00e3o utilit\u00e1ria em vez de um ser humano com fragilidades. A fam\u00edlia esquece que at\u00e9 os alicerces mais fortes precisam de manuten\u00e7\u00e3o e aten\u00e7\u00e3o para n\u00e3o ru\u00edrem.<\/p>\n\n\n\n<p>Esse silenciamento ocorre porque ningu\u00e9m quer acreditar que o seu her\u00f3i particular tamb\u00e9m pode sofrer ou precisar de colo urgente. O medo de perder a seguran\u00e7a oferecida por essa pessoa faz com que os outros ignorem sinais sutis de esgotamento ou tristeza profunda. Reconhecer essa fragilidade exige uma mudan\u00e7a de postura de todos os membros do grupo.<\/p>\n\n\n\n<p>Leia tamb\u00e9m: <a href=\"https:\/\/www.correiobraziliense.com.br\/cbradar\/psicologos-afirmam-que-pessoas-que-evitam-conflitos-o-tempo-todo-podem-ter-aprendido-isso-em-ambientes-familiares-instaveis\/\" target=\"_blank\" rel=\"noreferrer noopener\">Psic\u00f3logos afirmam que pessoas que evitam conflitos o tempo todo podem ter aprendido isso em ambientes familiares inst\u00e1veis<\/a><\/p>\n\n\n\n<h2 class=\"wp-block-heading\">Quais sinais indicam que uma pessoa forte est\u00e1 precisando de acolhimento urgente?<\/h2>\n\n\n\n<p>Identificar o momento em que a for\u00e7a se torna um peso insuport\u00e1vel \u00e9 essencial para preservar os relacionamentos mais queridos agora. Muitas vezes, o pedido de ajuda n\u00e3o vem em palavras diretas, mas em sil\u00eancios prolongados ou mudan\u00e7as sutis de comportamento. Estar atento a esses pequenos detalhes pode salvar o bem-estar de quem voc\u00ea mais ama e admira.<\/p>\n\n\n\n<p>Para compreender melhor como esse comportamento se manifesta na rotina e prejudica a sua capacidade de construir conex\u00f5es profundas:<\/p>\n\n\n\n<ul class=\"wp-block-list\">\n<li>Diminui\u00e7\u00e3o s\u00fabita no entusiasmo ao ajudar os outros.<\/li>\n\n\n\n<li>Aumento da irritabilidade em situa\u00e7\u00f5es de press\u00e3o rotineira.<\/li>\n\n\n\n<li>Isolamento social frequente, mesmo estando presente fisicamente.<\/li>\n\n\n\n<li>H\u00e1bito de minimizar as pr\u00f3prias dores ao ser questionado.<\/li>\n\n\n\n<li>Cansa\u00e7o f\u00edsico persistente que n\u00e3o melhora com o sono.<\/li>\n<\/ul>\n\n\n\n<h2 class=\"wp-block-heading\">\u00c9 poss\u00edvel quebrar o ciclo da autossufici\u00eancia extrema para receber afeto real?<\/h2>\n\n\n\n<p>Romper a barreira da estabilidade exige a coragem de ser vulner\u00e1vel diante daqueles que est\u00e3o acostumados com sua for\u00e7a constante. Come\u00e7ar a expressar pequenas necessidades di\u00e1rias ajuda os outros a perceberem que voc\u00ea tamb\u00e9m \u00e9 humano e sens\u00edvel. Esse processo de abertura fortalece os v\u00ednculos, permitindo que a troca de cuidados seja muito mais equilibrada e justa.<\/p>\n\n\n\n<p>A autossufici\u00eancia extrema \u00e9, muitas vezes, um mecanismo de defesa contra a decep\u00e7\u00e3o ou o sentimento de fardo pesado. No entanto, permitir que os outros cuidem de voc\u00ea \u00e9 um ato de generosidade que fortalece a confian\u00e7a m\u00fatua. Voc\u00ea descobre que sua import\u00e2ncia n\u00e3o depende apenas do que voc\u00ea faz, mas de quem voc\u00ea realmente \u00e9 internamente.<\/p>\n\n\n\n<figure class=\"wp-block-image size-full\"><img decoding=\"async\" width=\"1280\" height=\"720\" src=\"https:\/\/www.correiobraziliense.com.br\/cbradar\/wp-content\/uploads\/2026\/04\/Gemini_Generated_Image_9f41t29f41t29f41-1-1.png\" alt=\"Existe uma forma de invisibilidade que atinge pessoas muito queridas por todos, e ela n\u00e3o acontece porque foram deixadas de lado, acontece porque se tornaram t\u00e3o est\u00e1veis por fora que ningu\u00e9m imagina que tamb\u00e9m precisam ser cuidadas\" class=\"wp-image-231394\" srcset=\"https:\/\/www.correiobraziliense.com.br\/cbradar\/wp-content\/uploads\/2026\/04\/Gemini_Generated_Image_9f41t29f41t29f41-1-1.png 1280w, https:\/\/www.correiobraziliense.com.br\/cbradar\/wp-content\/uploads\/2026\/04\/Gemini_Generated_Image_9f41t29f41t29f41-1-1-300x169.png 300w, https:\/\/www.correiobraziliense.com.br\/cbradar\/wp-content\/uploads\/2026\/04\/Gemini_Generated_Image_9f41t29f41t29f41-1-1-768x432.png 768w, https:\/\/www.correiobraziliense.com.br\/cbradar\/wp-content\/uploads\/2026\/04\/Gemini_Generated_Image_9f41t29f41t29f41-1-1-750x422.png 750w, https:\/\/www.correiobraziliense.com.br\/cbradar\/wp-content\/uploads\/2026\/04\/Gemini_Generated_Image_9f41t29f41t29f41-1-1-1140x641.png 1140w\" sizes=\"(max-width: 1280px) 100vw, 1280px\" \/><figcaption class=\"wp-element-caption\">Pessoas fortes podem esconder solid\u00e3o e necessidade de afeto que poucos percebem<\/figcaption><\/figure>\n\n\n\n<h2 class=\"wp-block-heading\">Como a psicologia moderna define a import\u00e2ncia do suporte social rec\u00edproco?<\/h2>\n\n\n\n<p>O suporte social \u00e9 um dos pilares fundamentais para a manuten\u00e7\u00e3o da sa\u00fade mental e f\u00edsica de qualquer ser humano adulto. Segundo diretrizes da <a href=\"https:\/\/www.mentalhealth.org.uk\/explore-mental-health\/stories\/hs-story-how-healthy-relationships-are-important-my-mental-health\" target=\"_blank\" rel=\"noreferrer noopener\">Mental Health Foundation<\/a>, relacionamentos rec\u00edprocos protegem o indiv\u00edduo contra a ansiedade e aumentam a resili\u00eancia diante de traumas severos. Garantir que todos recebam cuidado \u00e9 vital para a harmonia social.<\/p>\n\n\n\n<p>Promover uma cultura de cuidado m\u00fatuo evita que as pessoas mais queridas se sintam sozinhas em meio \u00e0 multid\u00e3o barulhenta. Valorizar a vulnerabilidade tanto quanto a for\u00e7a \u00e9 o segredo para construir comunidades resilientes e emp\u00e1ticas. Ao cuidar de quem sempre cuida, voc\u00ea garante que os la\u00e7os de afeto permane\u00e7am verdadeiramente <strong>nutritivos e duradouros<\/strong> para todas as pessoas.<\/p>\n","protected":false},"excerpt":{"rendered":"<p>Muitas pessoas ocupam um papel central em seus c\u00edrculos sociais, oferecendo suporte e estabilidade para todos ao redor de forma constante. No entanto, essa for\u00e7a aparente muitas vezes esconde uma necessidade silenciosa de afeto e reconhecimento que passa despercebida pelos amigos. Entender essa din\u00e2mica \u00e9 fundamental para construir relacionamentos saud\u00e1veis e gratificantes. Por que o [&hellip;]<\/p>\n","protected":false},"author":21,"featured_media":231392,"comment_status":"open","ping_status":"open","sticky":false,"template":"","format":"standard","meta":{"jnews-multi-image_gallery":[],"jnews_single_post":{"format":"standard"},"jnews_primary_category":[],"jnews_social_meta":[],"jnews_override_counter":[],"footnotes":""},"categories":[112],"post_tag":[],"class_list":["post-231389","post","type-post","status-publish","format-standard","has-post-thumbnail","hentry","category-curiosidades"],"yoast_head":"<!-- This site is optimized with the Yoast SEO plugin v24.6 - https:\/\/yoast.com\/wordpress\/plugins\/seo\/ -->\n<title>Existe uma forma de invisibilidade que atinge pessoas muito queridas por todos, e ela n\u00e3o acontece porque foram deixadas de lado, acontece porque se tornaram t\u00e3o est\u00e1veis por fora que ningu\u00e9m imagina que tamb\u00e9m precisam ser cuidadas - Correio Braziliense - Radar<\/title>\n<meta name=\"description\" content=\"Pessoas fortes podem esconder uma solid\u00e3o que poucos percebem. Um padr\u00e3o emocional explica essa falta de acolhimento.\" \/>\n<meta name=\"robots\" content=\"index, follow, max-snippet:-1, max-image-preview:large, max-video-preview:-1\" \/>\n<link rel=\"canonical\" href=\"https:\/\/www.correiobraziliense.com.br\/cbradar\/existe-uma-forma-de-invisibilidade-que-atinge-pessoas-muito-queridas-por-todos-e-ela-nao-acontece-porque-foram-deixadas-de-lado-acontece-porque-se-tornaram-tao-estaveis-por-fora-que-ninguem-imagina\/\" \/>\n<meta property=\"og:locale\" content=\"pt_BR\" \/>\n<meta property=\"og:type\" content=\"article\" \/>\n<meta property=\"og:title\" content=\"Existe uma forma de invisibilidade que atinge pessoas muito queridas por todos, e ela n\u00e3o acontece porque foram deixadas de lado, acontece porque se tornaram t\u00e3o est\u00e1veis por fora que ningu\u00e9m imagina que tamb\u00e9m precisam ser cuidadas - Correio Braziliense - Radar\" \/>\n<meta property=\"og:description\" content=\"Pessoas fortes podem esconder uma solid\u00e3o que poucos percebem. Um padr\u00e3o emocional explica essa falta de acolhimento.\" \/>\n<meta property=\"og:url\" content=\"https:\/\/www.correiobraziliense.com.br\/cbradar\/existe-uma-forma-de-invisibilidade-que-atinge-pessoas-muito-queridas-por-todos-e-ela-nao-acontece-porque-foram-deixadas-de-lado-acontece-porque-se-tornaram-tao-estaveis-por-fora-que-ninguem-imagina\/\" \/>\n<meta property=\"og:site_name\" content=\"Correio Braziliense - Radar\" \/>\n<meta property=\"article:published_time\" content=\"2026-04-25T07:00:00+00:00\" \/>\n<meta property=\"og:image\" content=\"https:\/\/www.correiobraziliense.com.br\/cbradar\/wp-content\/uploads\/2026\/04\/Gemini_Generated_Image_76qvt876qvt876qv-1-1-1.png\" \/>\n\t<meta property=\"og:image:width\" content=\"1280\" \/>\n\t<meta property=\"og:image:height\" content=\"720\" \/>\n\t<meta property=\"og:image:type\" content=\"image\/png\" \/>\n<meta name=\"author\" content=\"Patrick Silva\" \/>\n<meta name=\"twitter:card\" content=\"summary_large_image\" \/>\n<meta name=\"twitter:label1\" content=\"Escrito por\" \/>\n\t<meta name=\"twitter:data1\" content=\"Patrick Silva\" \/>\n\t<meta name=\"twitter:label2\" content=\"Est. tempo de leitura\" \/>\n\t<meta name=\"twitter:data2\" content=\"5 minutos\" \/>\n<!-- \/ Yoast SEO plugin. -->","yoast_head_json":{"title":"Existe uma forma de invisibilidade que atinge pessoas muito queridas por todos, e ela n\u00e3o acontece porque foram deixadas de lado, acontece porque se tornaram t\u00e3o est\u00e1veis por fora que ningu\u00e9m imagina que tamb\u00e9m precisam ser cuidadas - Correio Braziliense - Radar","description":"Pessoas fortes podem esconder uma solid\u00e3o que poucos percebem. Um padr\u00e3o emocional explica essa falta de acolhimento.","robots":{"index":"index","follow":"follow","max-snippet":"max-snippet:-1","max-image-preview":"max-image-preview:large","max-video-preview":"max-video-preview:-1"},"canonical":"https:\/\/www.correiobraziliense.com.br\/cbradar\/existe-uma-forma-de-invisibilidade-que-atinge-pessoas-muito-queridas-por-todos-e-ela-nao-acontece-porque-foram-deixadas-de-lado-acontece-porque-se-tornaram-tao-estaveis-por-fora-que-ninguem-imagina\/","og_locale":"pt_BR","og_type":"article","og_title":"Existe uma forma de invisibilidade que atinge pessoas muito queridas por todos, e ela n\u00e3o acontece porque foram deixadas de lado, acontece porque se tornaram t\u00e3o est\u00e1veis por fora que ningu\u00e9m imagina que tamb\u00e9m precisam ser cuidadas - Correio Braziliense - Radar","og_description":"Pessoas fortes podem esconder uma solid\u00e3o que poucos percebem. Um padr\u00e3o emocional explica essa falta de acolhimento.","og_url":"https:\/\/www.correiobraziliense.com.br\/cbradar\/existe-uma-forma-de-invisibilidade-que-atinge-pessoas-muito-queridas-por-todos-e-ela-nao-acontece-porque-foram-deixadas-de-lado-acontece-porque-se-tornaram-tao-estaveis-por-fora-que-ninguem-imagina\/","og_site_name":"Correio Braziliense - Radar","article_published_time":"2026-04-25T07:00:00+00:00","og_image":[{"width":1280,"height":720,"url":"https:\/\/www.correiobraziliense.com.br\/cbradar\/wp-content\/uploads\/2026\/04\/Gemini_Generated_Image_76qvt876qvt876qv-1-1-1.png","type":"image\/png"}],"author":"Patrick Silva","twitter_card":"summary_large_image","twitter_misc":{"Escrito por":"Patrick Silva","Est. tempo de leitura":"5 minutos"},"schema":{"@context":"https:\/\/schema.org","@graph":[{"@type":"WebPage","@id":"https:\/\/www.correiobraziliense.com.br\/cbradar\/existe-uma-forma-de-invisibilidade-que-atinge-pessoas-muito-queridas-por-todos-e-ela-nao-acontece-porque-foram-deixadas-de-lado-acontece-porque-se-tornaram-tao-estaveis-por-fora-que-ninguem-imagina\/","url":"https:\/\/www.correiobraziliense.com.br\/cbradar\/existe-uma-forma-de-invisibilidade-que-atinge-pessoas-muito-queridas-por-todos-e-ela-nao-acontece-porque-foram-deixadas-de-lado-acontece-porque-se-tornaram-tao-estaveis-por-fora-que-ninguem-imagina\/","name":"Existe uma forma de invisibilidade que atinge pessoas muito queridas por todos, e ela n\u00e3o acontece porque foram deixadas de lado, acontece porque se tornaram t\u00e3o est\u00e1veis por fora que ningu\u00e9m imagina que tamb\u00e9m precisam ser cuidadas - Correio Braziliense - Radar","isPartOf":{"@id":"https:\/\/www.correiobraziliense.com.br\/cbradar\/#website"},"primaryImageOfPage":{"@id":"https:\/\/www.correiobraziliense.com.br\/cbradar\/existe-uma-forma-de-invisibilidade-que-atinge-pessoas-muito-queridas-por-todos-e-ela-nao-acontece-porque-foram-deixadas-de-lado-acontece-porque-se-tornaram-tao-estaveis-por-fora-que-ninguem-imagina\/#primaryimage"},"image":{"@id":"https:\/\/www.correiobraziliense.com.br\/cbradar\/existe-uma-forma-de-invisibilidade-que-atinge-pessoas-muito-queridas-por-todos-e-ela-nao-acontece-porque-foram-deixadas-de-lado-acontece-porque-se-tornaram-tao-estaveis-por-fora-que-ninguem-imagina\/#primaryimage"},"thumbnailUrl":"https:\/\/www.correiobraziliense.com.br\/cbradar\/wp-content\/uploads\/2026\/04\/Gemini_Generated_Image_76qvt876qvt876qv-1-1-1.png","datePublished":"2026-04-25T07:00:00+00:00","author":{"@id":"https:\/\/www.correiobraziliense.com.br\/cbradar\/#\/schema\/person\/5440b72be9c7eb74f446c846479dc4da"},"description":"Pessoas fortes podem esconder uma solid\u00e3o que poucos percebem. Um padr\u00e3o emocional explica essa falta de acolhimento.","breadcrumb":{"@id":"https:\/\/www.correiobraziliense.com.br\/cbradar\/existe-uma-forma-de-invisibilidade-que-atinge-pessoas-muito-queridas-por-todos-e-ela-nao-acontece-porque-foram-deixadas-de-lado-acontece-porque-se-tornaram-tao-estaveis-por-fora-que-ninguem-imagina\/#breadcrumb"},"inLanguage":"pt-BR","potentialAction":[{"@type":"ReadAction","target":["https:\/\/www.correiobraziliense.com.br\/cbradar\/existe-uma-forma-de-invisibilidade-que-atinge-pessoas-muito-queridas-por-todos-e-ela-nao-acontece-porque-foram-deixadas-de-lado-acontece-porque-se-tornaram-tao-estaveis-por-fora-que-ninguem-imagina\/"]}]},{"@type":"ImageObject","inLanguage":"pt-BR","@id":"https:\/\/www.correiobraziliense.com.br\/cbradar\/existe-uma-forma-de-invisibilidade-que-atinge-pessoas-muito-queridas-por-todos-e-ela-nao-acontece-porque-foram-deixadas-de-lado-acontece-porque-se-tornaram-tao-estaveis-por-fora-que-ninguem-imagina\/#primaryimage","url":"https:\/\/www.correiobraziliense.com.br\/cbradar\/wp-content\/uploads\/2026\/04\/Gemini_Generated_Image_76qvt876qvt876qv-1-1-1.png","contentUrl":"https:\/\/www.correiobraziliense.com.br\/cbradar\/wp-content\/uploads\/2026\/04\/Gemini_Generated_Image_76qvt876qvt876qv-1-1-1.png","width":1280,"height":720,"caption":"Pessoas fortes podem esconder solid\u00e3o e necessidade de afeto que poucos percebem"},{"@type":"BreadcrumbList","@id":"https:\/\/www.correiobraziliense.com.br\/cbradar\/existe-uma-forma-de-invisibilidade-que-atinge-pessoas-muito-queridas-por-todos-e-ela-nao-acontece-porque-foram-deixadas-de-lado-acontece-porque-se-tornaram-tao-estaveis-por-fora-que-ninguem-imagina\/#breadcrumb","itemListElement":[{"@type":"ListItem","position":1,"name":"In\u00edcio","item":"https:\/\/www.correiobraziliense.com.br\/cbradar\/"},{"@type":"ListItem","position":2,"name":"Existe uma forma de invisibilidade que atinge pessoas muito queridas por todos, e ela n\u00e3o acontece porque foram deixadas de lado, acontece porque se tornaram t\u00e3o est\u00e1veis por fora que ningu\u00e9m imagina que tamb\u00e9m precisam ser cuidadas"}]},{"@type":"WebSite","@id":"https:\/\/www.correiobraziliense.com.br\/cbradar\/#website","url":"https:\/\/www.correiobraziliense.com.br\/cbradar\/","name":"Correio Braziliense - Radar","description":"Acompanhe as \u00faltimas not\u00edcias e fique bem informado sobre tudo o que acontece no Brasil e no mundo.","potentialAction":[{"@type":"SearchAction","target":{"@type":"EntryPoint","urlTemplate":"https:\/\/www.correiobraziliense.com.br\/cbradar\/?s={search_term_string}"},"query-input":{"@type":"PropertyValueSpecification","valueRequired":true,"valueName":"search_term_string"}}],"inLanguage":"pt-BR"},{"@type":"Person","@id":"https:\/\/www.correiobraziliense.com.br\/cbradar\/#\/schema\/person\/5440b72be9c7eb74f446c846479dc4da","name":"Patrick Silva","image":{"@type":"ImageObject","inLanguage":"pt-BR","@id":"https:\/\/www.correiobraziliense.com.br\/cbradar\/#\/schema\/person\/image\/","url":"https:\/\/secure.gravatar.com\/avatar\/944109df296fc087785c9715fd5f80b2?s=96&d=mm&r=g","contentUrl":"https:\/\/secure.gravatar.com\/avatar\/944109df296fc087785c9715fd5f80b2?s=96&d=mm&r=g","caption":"Patrick Silva"},"sameAs":["https:\/\/www.correiobraziliense.com.br\/cbradar\/"],"url":"https:\/\/www.correiobraziliense.com.br\/cbradar\/author\/patrick-silva\/"}]}},"_links":{"self":[{"href":"https:\/\/www.correiobraziliense.com.br\/cbradar\/wp-json\/wp\/v2\/posts\/231389","targetHints":{"allow":["GET"]}}],"collection":[{"href":"https:\/\/www.correiobraziliense.com.br\/cbradar\/wp-json\/wp\/v2\/posts"}],"about":[{"href":"https:\/\/www.correiobraziliense.com.br\/cbradar\/wp-json\/wp\/v2\/types\/post"}],"author":[{"embeddable":true,"href":"https:\/\/www.correiobraziliense.com.br\/cbradar\/wp-json\/wp\/v2\/users\/21"}],"replies":[{"embeddable":true,"href":"https:\/\/www.correiobraziliense.com.br\/cbradar\/wp-json\/wp\/v2\/comments?post=231389"}],"version-history":[{"count":7,"href":"https:\/\/www.correiobraziliense.com.br\/cbradar\/wp-json\/wp\/v2\/posts\/231389\/revisions"}],"predecessor-version":[{"id":231399,"href":"https:\/\/www.correiobraziliense.com.br\/cbradar\/wp-json\/wp\/v2\/posts\/231389\/revisions\/231399"}],"wp:featuredmedia":[{"embeddable":true,"href":"https:\/\/www.correiobraziliense.com.br\/cbradar\/wp-json\/wp\/v2\/media\/231392"}],"wp:attachment":[{"href":"https:\/\/www.correiobraziliense.com.br\/cbradar\/wp-json\/wp\/v2\/media?parent=231389"}],"wp:term":[{"taxonomy":"category","embeddable":true,"href":"https:\/\/www.correiobraziliense.com.br\/cbradar\/wp-json\/wp\/v2\/categories?post=231389"},{"taxonomy":"post_tag","embeddable":true,"href":"https:\/\/www.correiobraziliense.com.br\/cbradar\/wp-json\/wp\/v2\/post_tag?post=231389"}],"curies":[{"name":"wp","href":"https:\/\/api.w.org\/{rel}","templated":true}]}}