{"id":231468,"date":"2026-04-25T03:30:00","date_gmt":"2026-04-25T06:30:00","guid":{"rendered":"https:\/\/www.correiobraziliense.com.br\/cbradar\/?p=231468"},"modified":"2026-04-24T17:42:26","modified_gmt":"2026-04-24T20:42:26","slug":"como-a-caminhada-diaria-ajuda-voce-a-envelhecer-com-mais-mobilidade-e-disposicao","status":"publish","type":"post","link":"https:\/\/www.correiobraziliense.com.br\/cbradar\/como-a-caminhada-diaria-ajuda-voce-a-envelhecer-com-mais-mobilidade-e-disposicao\/","title":{"rendered":"Como a caminhada di\u00e1ria ajuda voc\u00ea a envelhecer com mais mobilidade e disposi\u00e7\u00e3o"},"content":{"rendered":"\n<p>A pr\u00e1tica constante de caminhar todos os dias representa uma das formas mais acess\u00edveis e eficazes de garantir a autonomia f\u00edsica ao longo dos anos. Movimentar o corpo de maneira r\u00edtmica fortalece as articula\u00e7\u00f5es e melhora a circula\u00e7\u00e3o sangu\u00ednea de forma natural e segura. Esse h\u00e1bito simples transforma a rotina, proporcionando uma sensa\u00e7\u00e3o renovada de energia e bem-estar.<\/p>\n\n\n\n<h2 class=\"wp-block-heading\">Por que a caminhada preserva a sa\u00fade das articula\u00e7\u00f5es?<\/h2>\n\n\n\n<p>Manter as cartilagens e os ligamentos em movimento constante evita o enrijecimento precoce que costuma limitar os movimentos durante a maturidade avan\u00e7ada. A press\u00e3o suave exercida sobre os ossos estimula a renova\u00e7\u00e3o celular e aumenta a lubrifica\u00e7\u00e3o interna necess\u00e1ria para evitar dores cr\u00f4nicas inc\u00f4modas. O exerc\u00edcio regular atua como uma prote\u00e7\u00e3o biol\u00f3gica eficiente para manter a flexibilidade corporal.<\/p>\n\n\n\n<p>Al\u00e9m de fortalecer a estrutura f\u00edsica, caminhar ajuda a manter o equil\u00edbrio e a coordena\u00e7\u00e3o motora essenciais para prevenir quedas acidentais perigosas. Quando os m\u00fasculos das pernas est\u00e3o condicionados, a estabilidade do tronco aumenta significativamente, permitindo que as tarefas di\u00e1rias sejam realizadas com seguran\u00e7a. O corpo humano recupera a agilidade perdida ao investir em passos curtos e frequentes.<\/p>\n\n\n\n<figure class=\"wp-block-image size-full\"><img decoding=\"async\" width=\"1280\" height=\"720\" src=\"https:\/\/www.correiobraziliense.com.br\/cbradar\/wp-content\/uploads\/2026\/04\/Gemini_Generated_Image_giic7zgiic7zgiic-1-1.png\" alt=\"Como a caminhada di\u00e1ria ajuda voc\u00ea a envelhecer com mais mobilidade e disposi\u00e7\u00e3o\" class=\"wp-image-231474\" srcset=\"https:\/\/www.correiobraziliense.com.br\/cbradar\/wp-content\/uploads\/2026\/04\/Gemini_Generated_Image_giic7zgiic7zgiic-1-1.png 1280w, https:\/\/www.correiobraziliense.com.br\/cbradar\/wp-content\/uploads\/2026\/04\/Gemini_Generated_Image_giic7zgiic7zgiic-1-1-300x169.png 300w, https:\/\/www.correiobraziliense.com.br\/cbradar\/wp-content\/uploads\/2026\/04\/Gemini_Generated_Image_giic7zgiic7zgiic-1-1-768x432.png 768w, https:\/\/www.correiobraziliense.com.br\/cbradar\/wp-content\/uploads\/2026\/04\/Gemini_Generated_Image_giic7zgiic7zgiic-1-1-750x422.png 750w, https:\/\/www.correiobraziliense.com.br\/cbradar\/wp-content\/uploads\/2026\/04\/Gemini_Generated_Image_giic7zgiic7zgiic-1-1-1140x641.png 1140w\" sizes=\"(max-width: 1280px) 100vw, 1280px\" \/><figcaption class=\"wp-element-caption\">Caminhar diariamente fortalece o corpo melhora a mente e ajuda a manter autonomia ao longo dos anos<\/figcaption><\/figure>\n\n\n\n<h2 class=\"wp-block-heading\">Como o exerc\u00edcio di\u00e1rio aumenta a disposi\u00e7\u00e3o mental?<\/h2>\n\n\n\n<p>A atividade f\u00edsica libera subst\u00e2ncias qu\u00edmicas naturais que promovem o relaxamento e combatem o des\u00e2nimo que pode surgir em fases de transi\u00e7\u00e3o. Caminhar ao ar livre permite que a mente se desligue das preocupa\u00e7\u00f5es rotineiras, favorecendo um estado de clareza e criatividade renovada. O aumento do fluxo sangu\u00edneo no c\u00e9rebro melhora a mem\u00f3ria e as fun\u00e7\u00f5es cognitivas superiores.<\/p>\n\n\n\n<p>Muitas pessoas percebem que a fadiga matinal desaparece ap\u00f3s alguns minutos de movimento cont\u00ednuo sob a luz do sol de forma prazerosa. Essa pr\u00e1tica regula o ciclo biol\u00f3gico do sono, garantindo noites mais profundas e reparadoras para o sistema nervoso central descansar. Sentir-se capaz de realizar percursos mais longos eleva a autoconfian\u00e7a e a vontade de viver plenamente.<\/p>\n\n\n\n<h2 class=\"wp-block-heading\">Quais s\u00e3o os benef\u00edcios sist\u00eamicos da caminhada frequente?<\/h2>\n\n\n\n<p>O h\u00e1bito de caminhar regularmente gera uma cascata de efeitos positivos que atingem todos os \u00f3rg\u00e3os vitais do corpo de maneira equilibrada. Al\u00e9m de fortalecer o cora\u00e7\u00e3o, o exerc\u00edcio suave auxilia na regula\u00e7\u00e3o dos n\u00edveis de a\u00e7\u00facar e colesterol presentes no sangue diariamente. Manter o corpo em movimento \u00e9 a melhor estrat\u00e9gia para prevenir complica\u00e7\u00f5es e garantir vitalidade.<\/p>\n\n\n\n<p>Vantagens fundamentais para a manuten\u00e7\u00e3o da sa\u00fade f\u00edsica:<\/p>\n\n\n\n<ul class=\"wp-block-list\">\n<li>Melhora da capacidade respirat\u00f3ria e oxigena\u00e7\u00e3o celular.<\/li>\n\n\n\n<li>Fortalecimento do sistema imunol\u00f3gico contra agentes externos.<\/li>\n\n\n\n<li>Redu\u00e7\u00e3o da press\u00e3o arterial de forma gradual e segura.<\/li>\n\n\n\n<li>Manuten\u00e7\u00e3o do peso corporal adequado sem restri\u00e7\u00f5es severas.<\/li>\n\n\n\n<li>Aumento da resist\u00eancia muscular em todo o tronco.<\/li>\n\n\n\n<li>Prote\u00e7\u00e3o das fun\u00e7\u00f5es card\u00edacas durante o esfor\u00e7o f\u00edsico.<\/li>\n<\/ul>\n\n\n\n<h2 class=\"wp-block-heading\">De que maneira a caminhada auxilia na densidade \u00f3ssea?<\/h2>\n\n\n\n<p>O est\u00edmulo mec\u00e2nico provocado pelo contato constante dos p\u00e9s com o solo envia sinais para que o organismo reforce a estrutura \u00f3ssea interna. Esse processo natural \u00e9 vital para evitar a perda excessiva de minerais que ocorre com o passar do tempo em todas as pessoas. Ossos mais densos oferecem uma base segura para os m\u00fasculos trabalharem.<\/p>\n\n\n\n<p>Integrar a caminhada na agenda di\u00e1ria ajuda a prevenir fraturas e les\u00f5es que poderiam comprometer a independ\u00eancia f\u00edsica durante a velhice de forma definitiva. O corpo se adapta ao esfor\u00e7o moderado tornando-se mais resiliente aos pequenos impactos e desafios encontrados nas cal\u00e7adas das cidades. Cuidar da estrutura \u00f3ssea garante um futuro com movimentos amplos e sem limita\u00e7\u00f5es severas.<\/p>\n\n\n\n<figure class=\"wp-block-image size-full\"><img decoding=\"async\" width=\"1280\" height=\"720\" src=\"https:\/\/www.correiobraziliense.com.br\/cbradar\/wp-content\/uploads\/2026\/04\/Gemini_Generated_Image_dof0j5dof0j5dof0-1-1-1.png\" alt=\"Como a caminhada di\u00e1ria ajuda voc\u00ea a envelhecer com mais mobilidade e disposi\u00e7\u00e3o\" class=\"wp-image-231475\" srcset=\"https:\/\/www.correiobraziliense.com.br\/cbradar\/wp-content\/uploads\/2026\/04\/Gemini_Generated_Image_dof0j5dof0j5dof0-1-1-1.png 1280w, https:\/\/www.correiobraziliense.com.br\/cbradar\/wp-content\/uploads\/2026\/04\/Gemini_Generated_Image_dof0j5dof0j5dof0-1-1-1-300x169.png 300w, https:\/\/www.correiobraziliense.com.br\/cbradar\/wp-content\/uploads\/2026\/04\/Gemini_Generated_Image_dof0j5dof0j5dof0-1-1-1-768x432.png 768w, https:\/\/www.correiobraziliense.com.br\/cbradar\/wp-content\/uploads\/2026\/04\/Gemini_Generated_Image_dof0j5dof0j5dof0-1-1-1-750x422.png 750w, https:\/\/www.correiobraziliense.com.br\/cbradar\/wp-content\/uploads\/2026\/04\/Gemini_Generated_Image_dof0j5dof0j5dof0-1-1-1-1140x641.png 1140w\" sizes=\"(max-width: 1280px) 100vw, 1280px\" \/><figcaption class=\"wp-element-caption\">Caminhar diariamente fortalece o corpo melhora a mente e ajuda a manter autonomia ao longo dos anos<\/figcaption><\/figure>\n\n\n\n<p>Leia tamb\u00e9m: <a href=\"https:\/\/www.correiobraziliense.com.br\/cbradar\/beber-cha-antes-de-dormir-quais-sao-os-melhores-tipos-recomendados-por-especialistas-para-relaxar\/\" target=\"_blank\" rel=\"noreferrer noopener\">Beber ch\u00e1 antes de dormir: quais s\u00e3o os melhores tipos recomendados por especialistas para relaxar<\/a><\/p>\n\n\n\n<h2 class=\"wp-block-heading\">Quais s\u00e3o as evid\u00eancias sobre os resultados da caminhada?<\/h2>\n\n\n\n<p>Manter um ritmo constante de passos di\u00e1rios contribui para a longevidade e para a redu\u00e7\u00e3o de riscos associados ao sedentarismo prolongado na vida adulta. O fortalecimento muscular progressivo sustenta a postura e evita o desgaste prematuro dos discos intervertebrais presentes na coluna. Viver com mobilidade plena \u00e9 o resultado direto de escolhas simples feitas com disciplina e dedica\u00e7\u00e3o.<\/p>\n\n\n\n<p>Organiza\u00e7\u00f5es como a <strong>World Health Organization<\/strong> destacam que a atividade f\u00edsica regular \u00e9 fundamental para prevenir doen\u00e7as n\u00e3o transmiss\u00edveis e promover a sa\u00fade f\u00edsica. Adotar esse h\u00e1bito \u00e9 essencial para quem deseja alcan\u00e7ar um <a target=\"_blank\" rel=\"noreferrer noopener\" href=\"https:\/\/www.who.int\/news-room\/fact-sheets\/detail\/physical-activity\">envelhecimento ativo<\/a> e manter a autonomia funcional necess\u00e1ria por muito tempo. Investir na sa\u00fade preventiva \u00e9 a melhor decis\u00e3o para todos os indiv\u00edduos saud\u00e1veis.<\/p>\n","protected":false},"excerpt":{"rendered":"<p>A pr\u00e1tica constante de caminhar todos os dias representa uma das formas mais acess\u00edveis e eficazes de garantir a autonomia f\u00edsica ao longo dos anos. Movimentar o corpo de maneira r\u00edtmica fortalece as articula\u00e7\u00f5es e melhora a circula\u00e7\u00e3o sangu\u00ednea de forma natural e segura. Esse h\u00e1bito simples transforma a rotina, proporcionando uma sensa\u00e7\u00e3o renovada de [&hellip;]<\/p>\n","protected":false},"author":21,"featured_media":231473,"comment_status":"open","ping_status":"open","sticky":false,"template":"","format":"standard","meta":{"jnews-multi-image_gallery":[],"jnews_single_post":{"format":"standard"},"jnews_primary_category":[],"jnews_social_meta":[],"jnews_override_counter":[],"footnotes":""},"categories":[119],"post_tag":[],"class_list":["post-231468","post","type-post","status-publish","format-standard","has-post-thumbnail","hentry","category-bem-estar"],"yoast_head":"<!-- This site is optimized with the Yoast SEO plugin v24.6 - https:\/\/yoast.com\/wordpress\/plugins\/seo\/ -->\n<title>Como a caminhada di\u00e1ria ajuda voc\u00ea a envelhecer com mais mobilidade e disposi\u00e7\u00e3o - Correio Braziliense - Radar<\/title>\n<meta name=\"description\" content=\"Um h\u00e1bito simples pode transformar sua disposi\u00e7\u00e3o e mobilidade ao longo dos anos com benef\u00edcios que v\u00e3o al\u00e9m do que muitos imaginam\" \/>\n<meta name=\"robots\" content=\"index, follow, max-snippet:-1, max-image-preview:large, max-video-preview:-1\" \/>\n<link rel=\"canonical\" href=\"https:\/\/www.correiobraziliense.com.br\/cbradar\/como-a-caminhada-diaria-ajuda-voce-a-envelhecer-com-mais-mobilidade-e-disposicao\/\" \/>\n<meta property=\"og:locale\" content=\"pt_BR\" \/>\n<meta property=\"og:type\" content=\"article\" \/>\n<meta property=\"og:title\" content=\"Como a caminhada di\u00e1ria ajuda voc\u00ea a envelhecer com mais mobilidade e disposi\u00e7\u00e3o - Correio Braziliense - Radar\" \/>\n<meta property=\"og:description\" content=\"Um h\u00e1bito simples pode transformar sua disposi\u00e7\u00e3o e mobilidade ao longo dos anos com benef\u00edcios que v\u00e3o al\u00e9m do que muitos imaginam\" \/>\n<meta property=\"og:url\" content=\"https:\/\/www.correiobraziliense.com.br\/cbradar\/como-a-caminhada-diaria-ajuda-voce-a-envelhecer-com-mais-mobilidade-e-disposicao\/\" \/>\n<meta property=\"og:site_name\" content=\"Correio Braziliense - Radar\" \/>\n<meta property=\"article:published_time\" content=\"2026-04-25T06:30:00+00:00\" \/>\n<meta property=\"og:image\" content=\"https:\/\/www.correiobraziliense.com.br\/cbradar\/wp-content\/uploads\/2026\/04\/Gemini_Generated_Image_za6rgza6rgza6rgz-1-1.png\" \/>\n\t<meta property=\"og:image:width\" content=\"1280\" \/>\n\t<meta property=\"og:image:height\" content=\"720\" \/>\n\t<meta property=\"og:image:type\" content=\"image\/png\" \/>\n<meta name=\"author\" content=\"Patrick Silva\" \/>\n<meta name=\"twitter:card\" content=\"summary_large_image\" \/>\n<meta name=\"twitter:label1\" content=\"Escrito por\" \/>\n\t<meta name=\"twitter:data1\" content=\"Patrick Silva\" \/>\n\t<meta name=\"twitter:label2\" content=\"Est. tempo de leitura\" \/>\n\t<meta name=\"twitter:data2\" content=\"5 minutos\" \/>\n<!-- \/ Yoast SEO plugin. -->","yoast_head_json":{"title":"Como a caminhada di\u00e1ria ajuda voc\u00ea a envelhecer com mais mobilidade e disposi\u00e7\u00e3o - Correio Braziliense - Radar","description":"Um h\u00e1bito simples pode transformar sua disposi\u00e7\u00e3o e mobilidade ao longo dos anos com benef\u00edcios que v\u00e3o al\u00e9m do que muitos imaginam","robots":{"index":"index","follow":"follow","max-snippet":"max-snippet:-1","max-image-preview":"max-image-preview:large","max-video-preview":"max-video-preview:-1"},"canonical":"https:\/\/www.correiobraziliense.com.br\/cbradar\/como-a-caminhada-diaria-ajuda-voce-a-envelhecer-com-mais-mobilidade-e-disposicao\/","og_locale":"pt_BR","og_type":"article","og_title":"Como a caminhada di\u00e1ria ajuda voc\u00ea a envelhecer com mais mobilidade e disposi\u00e7\u00e3o - Correio Braziliense - Radar","og_description":"Um h\u00e1bito simples pode transformar sua disposi\u00e7\u00e3o e mobilidade ao longo dos anos com benef\u00edcios que v\u00e3o al\u00e9m do que muitos imaginam","og_url":"https:\/\/www.correiobraziliense.com.br\/cbradar\/como-a-caminhada-diaria-ajuda-voce-a-envelhecer-com-mais-mobilidade-e-disposicao\/","og_site_name":"Correio Braziliense - Radar","article_published_time":"2026-04-25T06:30:00+00:00","og_image":[{"width":1280,"height":720,"url":"https:\/\/www.correiobraziliense.com.br\/cbradar\/wp-content\/uploads\/2026\/04\/Gemini_Generated_Image_za6rgza6rgza6rgz-1-1.png","type":"image\/png"}],"author":"Patrick Silva","twitter_card":"summary_large_image","twitter_misc":{"Escrito por":"Patrick Silva","Est. tempo de leitura":"5 minutos"},"schema":{"@context":"https:\/\/schema.org","@graph":[{"@type":"WebPage","@id":"https:\/\/www.correiobraziliense.com.br\/cbradar\/como-a-caminhada-diaria-ajuda-voce-a-envelhecer-com-mais-mobilidade-e-disposicao\/","url":"https:\/\/www.correiobraziliense.com.br\/cbradar\/como-a-caminhada-diaria-ajuda-voce-a-envelhecer-com-mais-mobilidade-e-disposicao\/","name":"Como a caminhada di\u00e1ria ajuda voc\u00ea a envelhecer com mais mobilidade e disposi\u00e7\u00e3o - Correio Braziliense - Radar","isPartOf":{"@id":"https:\/\/www.correiobraziliense.com.br\/cbradar\/#website"},"primaryImageOfPage":{"@id":"https:\/\/www.correiobraziliense.com.br\/cbradar\/como-a-caminhada-diaria-ajuda-voce-a-envelhecer-com-mais-mobilidade-e-disposicao\/#primaryimage"},"image":{"@id":"https:\/\/www.correiobraziliense.com.br\/cbradar\/como-a-caminhada-diaria-ajuda-voce-a-envelhecer-com-mais-mobilidade-e-disposicao\/#primaryimage"},"thumbnailUrl":"https:\/\/www.correiobraziliense.com.br\/cbradar\/wp-content\/uploads\/2026\/04\/Gemini_Generated_Image_za6rgza6rgza6rgz-1-1.png","datePublished":"2026-04-25T06:30:00+00:00","author":{"@id":"https:\/\/www.correiobraziliense.com.br\/cbradar\/#\/schema\/person\/5440b72be9c7eb74f446c846479dc4da"},"description":"Um h\u00e1bito simples pode transformar sua disposi\u00e7\u00e3o e mobilidade ao longo dos anos com benef\u00edcios que v\u00e3o al\u00e9m do que muitos imaginam","breadcrumb":{"@id":"https:\/\/www.correiobraziliense.com.br\/cbradar\/como-a-caminhada-diaria-ajuda-voce-a-envelhecer-com-mais-mobilidade-e-disposicao\/#breadcrumb"},"inLanguage":"pt-BR","potentialAction":[{"@type":"ReadAction","target":["https:\/\/www.correiobraziliense.com.br\/cbradar\/como-a-caminhada-diaria-ajuda-voce-a-envelhecer-com-mais-mobilidade-e-disposicao\/"]}]},{"@type":"ImageObject","inLanguage":"pt-BR","@id":"https:\/\/www.correiobraziliense.com.br\/cbradar\/como-a-caminhada-diaria-ajuda-voce-a-envelhecer-com-mais-mobilidade-e-disposicao\/#primaryimage","url":"https:\/\/www.correiobraziliense.com.br\/cbradar\/wp-content\/uploads\/2026\/04\/Gemini_Generated_Image_za6rgza6rgza6rgz-1-1.png","contentUrl":"https:\/\/www.correiobraziliense.com.br\/cbradar\/wp-content\/uploads\/2026\/04\/Gemini_Generated_Image_za6rgza6rgza6rgz-1-1.png","width":1280,"height":720,"caption":"Caminhar diariamente fortalece o corpo melhora a mente e ajuda a manter autonomia ao longo dos anos"},{"@type":"BreadcrumbList","@id":"https:\/\/www.correiobraziliense.com.br\/cbradar\/como-a-caminhada-diaria-ajuda-voce-a-envelhecer-com-mais-mobilidade-e-disposicao\/#breadcrumb","itemListElement":[{"@type":"ListItem","position":1,"name":"In\u00edcio","item":"https:\/\/www.correiobraziliense.com.br\/cbradar\/"},{"@type":"ListItem","position":2,"name":"Como a caminhada di\u00e1ria ajuda voc\u00ea a envelhecer com mais mobilidade e disposi\u00e7\u00e3o"}]},{"@type":"WebSite","@id":"https:\/\/www.correiobraziliense.com.br\/cbradar\/#website","url":"https:\/\/www.correiobraziliense.com.br\/cbradar\/","name":"Correio Braziliense - Radar","description":"Acompanhe as \u00faltimas not\u00edcias e fique bem informado sobre tudo o que acontece no Brasil e no mundo.","potentialAction":[{"@type":"SearchAction","target":{"@type":"EntryPoint","urlTemplate":"https:\/\/www.correiobraziliense.com.br\/cbradar\/?s={search_term_string}"},"query-input":{"@type":"PropertyValueSpecification","valueRequired":true,"valueName":"search_term_string"}}],"inLanguage":"pt-BR"},{"@type":"Person","@id":"https:\/\/www.correiobraziliense.com.br\/cbradar\/#\/schema\/person\/5440b72be9c7eb74f446c846479dc4da","name":"Patrick Silva","image":{"@type":"ImageObject","inLanguage":"pt-BR","@id":"https:\/\/www.correiobraziliense.com.br\/cbradar\/#\/schema\/person\/image\/","url":"https:\/\/secure.gravatar.com\/avatar\/944109df296fc087785c9715fd5f80b2?s=96&d=mm&r=g","contentUrl":"https:\/\/secure.gravatar.com\/avatar\/944109df296fc087785c9715fd5f80b2?s=96&d=mm&r=g","caption":"Patrick Silva"},"sameAs":["https:\/\/www.correiobraziliense.com.br\/cbradar\/"],"url":"https:\/\/www.correiobraziliense.com.br\/cbradar\/author\/patrick-silva\/"}]}},"_links":{"self":[{"href":"https:\/\/www.correiobraziliense.com.br\/cbradar\/wp-json\/wp\/v2\/posts\/231468","targetHints":{"allow":["GET"]}}],"collection":[{"href":"https:\/\/www.correiobraziliense.com.br\/cbradar\/wp-json\/wp\/v2\/posts"}],"about":[{"href":"https:\/\/www.correiobraziliense.com.br\/cbradar\/wp-json\/wp\/v2\/types\/post"}],"author":[{"embeddable":true,"href":"https:\/\/www.correiobraziliense.com.br\/cbradar\/wp-json\/wp\/v2\/users\/21"}],"replies":[{"embeddable":true,"href":"https:\/\/www.correiobraziliense.com.br\/cbradar\/wp-json\/wp\/v2\/comments?post=231468"}],"version-history":[{"count":1,"href":"https:\/\/www.correiobraziliense.com.br\/cbradar\/wp-json\/wp\/v2\/posts\/231468\/revisions"}],"predecessor-version":[{"id":231476,"href":"https:\/\/www.correiobraziliense.com.br\/cbradar\/wp-json\/wp\/v2\/posts\/231468\/revisions\/231476"}],"wp:featuredmedia":[{"embeddable":true,"href":"https:\/\/www.correiobraziliense.com.br\/cbradar\/wp-json\/wp\/v2\/media\/231473"}],"wp:attachment":[{"href":"https:\/\/www.correiobraziliense.com.br\/cbradar\/wp-json\/wp\/v2\/media?parent=231468"}],"wp:term":[{"taxonomy":"category","embeddable":true,"href":"https:\/\/www.correiobraziliense.com.br\/cbradar\/wp-json\/wp\/v2\/categories?post=231468"},{"taxonomy":"post_tag","embeddable":true,"href":"https:\/\/www.correiobraziliense.com.br\/cbradar\/wp-json\/wp\/v2\/post_tag?post=231468"}],"curies":[{"name":"wp","href":"https:\/\/api.w.org\/{rel}","templated":true}]}}