{"id":231481,"date":"2026-04-26T23:05:00","date_gmt":"2026-04-27T02:05:00","guid":{"rendered":"https:\/\/www.correiobraziliense.com.br\/cbradar\/?p=231481"},"modified":"2026-04-26T08:08:20","modified_gmt":"2026-04-26T11:08:20","slug":"a-gramado-mineira-encanta-com-uma-vila-a-1-500m-de-altitude-onde-casinhas-coloridas-simples-neblina-e-a-lareira-ditam-o-ritmo","status":"publish","type":"post","link":"https:\/\/www.correiobraziliense.com.br\/cbradar\/a-gramado-mineira-encanta-com-uma-vila-a-1-500m-de-altitude-onde-casinhas-coloridas-simples-neblina-e-a-lareira-ditam-o-ritmo\/","title":{"rendered":"A &#8220;Gramado Mineira&#8221; encanta com uma vila a 1.500m de altitude onde casinhas coloridas simples, neblina e a lareira ditam o ritmo"},"content":{"rendered":"\n<p>A neblina cobre o largo da capela antes das sete da manh\u00e3 em <strong>Lavras Novas<\/strong>, distrito de <strong>Ouro Preto<\/strong> encravado na <strong>Serra do Espinha\u00e7o<\/strong>. Pouco conhecida, foi chamda por muitos de a &#8220;Gramado Mineira&#8221;, mas hoje vivem mais de mil moradores que dividem ruas de pedra com um sil\u00eancio que virou artigo raro em <strong>Minas Gerais<\/strong>.<\/p>\n\n\n\n<h2 class=\"wp-block-heading\">A origem ligada ao ouro e a uma lenda que resiste ao tempo<\/h2>\n\n\n\n<p>Quando as minas de <strong>Vila Rica<\/strong> come\u00e7avam a se esgotar no fim do s\u00e9culo XVIII, novas expedi\u00e7\u00f5es encontraram jazidas aur\u00edferas na serra ao sul. O arraial recebeu o nome justamente por causa dessa descoberta tardia, lavras novas diante das mais antigas.<\/p>\n\n\n\n<p>A <a href=\"https:\/\/www.ouropreto.mg.gov.br\/turismo\/distrito\/32\" target=\"_blank\" rel=\"noreferrer noopener\"><strong>Prefeitura de Ouro Preto<\/strong><\/a> registra que a <strong>Capela de Nossa Senhora dos Prazeres<\/strong>, erguida em <strong>1762<\/strong>, \u00e9 o ponto em torno do qual nasceu o arruamento. A devo\u00e7\u00e3o \u00e9 incomum no estado, o que refor\u00e7a o ar de exce\u00e7\u00e3o do lugar.<\/p>\n\n\n\n<p>A tradi\u00e7\u00e3o oral conta que o povoado seria um antigo quilombo, j\u00e1 que a maioria da popula\u00e7\u00e3o \u00e9 negra. Historiadores n\u00e3o encontraram comprova\u00e7\u00e3o documental, mas a hip\u00f3tese ainda circula entre moradores e virou parte da identidade local.<\/p>\n\n\n<div class=\"wp-block-image\">\n<figure class=\"aligncenter size-large\"><img decoding=\"async\" width=\"1024\" height=\"576\" src=\"https:\/\/www.correiobraziliense.com.br\/cbradar\/wp-content\/uploads\/2025\/12\/G-100-1024x576.png\" alt=\"A vila encantadora a 1.300 metros de altitude com 1.500 moradores que se esconde nas montanhas de Minas Gerais e atra\u00ed visitantes com seu sossego e ar puro\" class=\"wp-image-148172\" srcset=\"https:\/\/www.correiobraziliense.com.br\/cbradar\/wp-content\/uploads\/2025\/12\/G-100-1024x576.png 1024w, https:\/\/www.correiobraziliense.com.br\/cbradar\/wp-content\/uploads\/2025\/12\/G-100-300x169.png 300w, https:\/\/www.correiobraziliense.com.br\/cbradar\/wp-content\/uploads\/2025\/12\/G-100-768x432.png 768w, https:\/\/www.correiobraziliense.com.br\/cbradar\/wp-content\/uploads\/2025\/12\/G-100-750x422.png 750w, https:\/\/www.correiobraziliense.com.br\/cbradar\/wp-content\/uploads\/2025\/12\/G-100-1140x641.png 1140w, https:\/\/www.correiobraziliense.com.br\/cbradar\/wp-content\/uploads\/2025\/12\/G-100.png 1280w\" sizes=\"(max-width: 1024px) 100vw, 1024px\" \/><figcaption class=\"wp-element-caption\">Lavras Novas \u00e9 um distrito hist\u00f3rico pr\u00f3ximo a Ouro Preto, em Minas Gerais, conhecido por suas cachoeiras e trilhas. \/\/ Cr\u00e9ditos: Wikimedia Commons<\/figcaption><\/figure><\/div>\n\n\n<h2 class=\"wp-block-heading\">Como \u00e9 a vida numa das vilas mais frias de Minas Gerais?<\/h2>\n\n\n\n<p><strong>A 1.500 metros de altitude, as noites de inverno t\u00eam lareira acesa at\u00e9 em maio.<\/strong> O clima \u00e9 ameno o ano inteiro, mesmo no ver\u00e3o as madrugadas pedem casaco.<\/p>\n\n\n\n<p>A rotina \u00e9 lenta. Galinhas atravessam o caminho, cavalos s\u00e3o deixados soltos na rua principal e o sinal de celular some em pontos do vilarejo. Segundo a <a href=\"https:\/\/pt.wikipedia.org\/wiki\/Lavras_Novas\" target=\"_blank\" rel=\"noreferrer noopener\"><strong>Wikipedia<\/strong><\/a>, a popula\u00e7\u00e3o sextuplica durante feriados prolongados, e os moradores convivem com essa oscila\u00e7\u00e3o h\u00e1 tr\u00eas d\u00e9cadas.<\/p>\n\n\n\n<p>O artesanato em taquara, outrora feito por quase toda a comunidade, hoje sobrevive em cerca de dez fam\u00edlias. Boa parte dos moradores trabalha em pousadas, restaurantes ou se desloca diariamente para o centro de Ouro Preto.<\/p>\n\n\n\n<p>Este v\u00eddeo do canal <strong>De fora em Juiz de Fora<\/strong> apresenta um guia completo sobre <strong>Lavras Novas<\/strong>, um distrito charmoso de Ouro Preto, Minas Gerais, ideal para quem busca tranquilidade, natureza e gastronomia.<\/p>\n\n\n\n<figure class=\"wp-block-embed aligncenter is-type-video is-provider-youtube wp-block-embed-youtube wp-embed-aspect-16-9 wp-has-aspect-ratio\"><div class=\"wp-block-embed__wrapper\">\n<div class=\"jeg_video_container jeg_video_content\"><iframe loading=\"lazy\" title=\"LAVRAS NOVAS MG: Para\u00edso perdido em Ouro Preto - Minas Gerais\" width=\"500\" height=\"281\" src=\"https:\/\/www.youtube.com\/embed\/-bGHDXgRf2k?feature=oembed\" frameborder=\"0\" allow=\"accelerometer; autoplay; clipboard-write; encrypted-media; gyroscope; picture-in-picture; web-share\" referrerpolicy=\"strict-origin-when-cross-origin\" allowfullscreen><\/iframe><\/div>\n<\/div><\/figure>\n\n\n\n<h2 class=\"wp-block-heading\">O que fazer no distrito cercado por cachoeiras?<\/h2>\n\n\n\n<p><strong>Lavras Novas concentra uma das maiores densidades de cachoeiras da regi\u00e3o central mineira.<\/strong> Parte das trilhas sai do pr\u00f3prio centro hist\u00f3rico, outras exigem carro ou cavalgada.<\/p>\n\n\n\n<ul class=\"wp-block-list\">\n<li><strong>Cachoeira dos Namorados<\/strong>: queda de f\u00e1cil acesso, cercada por mata e com po\u00e7o para banho. Trilha curta e familiar.<\/li>\n\n\n\n<li><strong>Cachoeira Tr\u00eas Pingos<\/strong>: forma\u00e7\u00e3o em tr\u00eas quedas paralelas, uma das imagens mais fotografadas do <a href=\"https:\/\/www.minasgerais.com.br\/pt\/roteiros\/lavras-novas\" target=\"_blank\" rel=\"noreferrer noopener\"><strong>Turismo de Minas Gerais<\/strong><\/a>.<\/li>\n\n\n\n<li><strong>Mirante da Pedra<\/strong>: plataforma natural de onde se v\u00ea o vilarejo inteiro, a igreja e os campos em volta.<\/li>\n\n\n\n<li><strong>Represa do Cust\u00f3dio<\/strong>: espelho d&#8217;\u00e1gua com mirante em c\u00e2nion, boa para fotos no fim de tarde.<\/li>\n\n\n\n<li><strong>Serra do Trov\u00e3o<\/strong>: uma das eleva\u00e7\u00f5es mais altas da regi\u00e3o, ponto de partida para caminhadas longas.<\/li>\n<\/ul>\n\n\n\n<h2 class=\"wp-block-heading\">A gastronomia que mistura fog\u00e3o a lenha e m\u00fasica ao vivo<\/h2>\n\n\n\n<p>A comida mineira aparece em quase todas as mesas, com panelas de ferro e fog\u00e3o a lenha como parte do cen\u00e1rio. Os bares da rua principal mant\u00eam m\u00fasica ao vivo nos fins de semana.<\/p>\n\n\n\n<ul class=\"wp-block-list\">\n<li><strong>Feij\u00e3o tropeiro<\/strong>: prato obrigat\u00f3rio nas casas que servem comida caseira, feito com farinha, lingui\u00e7a e couve.<\/li>\n\n\n\n<li><strong>Frango com quiabo e angu<\/strong>: cl\u00e1ssico mineiro servido em panela preta sobre o fog\u00e3o a lenha.<\/li>\n\n\n\n<li><strong>P\u00e3o de queijo da serra<\/strong>: massa pesada, servido quente nos caf\u00e9s da manh\u00e3 das pousadas.<\/li>\n\n\n\n<li><strong>Doce de leite caseiro<\/strong>: vendido em tachos pequenos nas lojinhas de artesanato espalhadas pela vila.<\/li>\n<\/ul>\n\n\n<div class=\"wp-block-image\">\n<figure class=\"aligncenter size-large\"><img decoding=\"async\" width=\"1024\" height=\"576\" src=\"https:\/\/www.correiobraziliense.com.br\/cbradar\/wp-content\/uploads\/2025\/12\/G-2025-12-01T133041.351-1024x576.png\" alt=\"Os 2 melhores vilarejos para visitar no Brasil e viver experi\u00eancias aut\u00eanticas\" class=\"wp-image-148167\" srcset=\"https:\/\/www.correiobraziliense.com.br\/cbradar\/wp-content\/uploads\/2025\/12\/G-2025-12-01T133041.351-1024x576.png 1024w, https:\/\/www.correiobraziliense.com.br\/cbradar\/wp-content\/uploads\/2025\/12\/G-2025-12-01T133041.351-300x169.png 300w, https:\/\/www.correiobraziliense.com.br\/cbradar\/wp-content\/uploads\/2025\/12\/G-2025-12-01T133041.351-768x432.png 768w, https:\/\/www.correiobraziliense.com.br\/cbradar\/wp-content\/uploads\/2025\/12\/G-2025-12-01T133041.351-750x422.png 750w, https:\/\/www.correiobraziliense.com.br\/cbradar\/wp-content\/uploads\/2025\/12\/G-2025-12-01T133041.351-1140x641.png 1140w, https:\/\/www.correiobraziliense.com.br\/cbradar\/wp-content\/uploads\/2025\/12\/G-2025-12-01T133041.351.png 1280w\" sizes=\"(max-width: 1024px) 100vw, 1024px\" \/><figcaption class=\"wp-element-caption\">Curta pousadas charmosas, bares com m\u00fasica ao vivo e trilhas surpreendentes em Lavras Novas, perfeita para descanso e divers\u00e3o. \/\/ Cr\u00e9ditos: YouTube Boa Sorte Viajante \u2014 Matheus Boa Sorte.<\/figcaption><\/figure><\/div>\n\n\n<p><strong>Leia tamb\u00e9m: <a href=\"https:\/\/www.correiobraziliense.com.br\/cbradar\/como-a-primeira-capital-planejada-do-brasil-nasceu-de-um-tabuleiro-de-xadrez-e-encantou-com-sua-organizacao-a-366-km-do-mar\/\" target=\"_blank\" rel=\"noreferrer noopener\">Como a primeira capital planejada do Brasil nasceu de um tabuleiro de xadrez e encantou com sua organiza\u00e7\u00e3o a 366 km do mar.<\/a><\/strong><\/p>\n\n\n\n<h2 class=\"wp-block-heading\">Quando o clima favorece cada tipo de passeio?<\/h2>\n\n\n\n<p><strong>O inverno seco \u00e9 a alta temporada, com noites frias e dias de c\u00e9u limpo. <\/strong>No ver\u00e3o, as chuvas fortes d\u00e3o lugar a manh\u00e3s abertas e tardes inst\u00e1veis.<\/p>\n\n\n\n<style>\n  \/* --- CONTAINER BLINDADO (PADR\u00c3O REGISTRADO) --- *\/\n  .clima-grid-final {\n    font-family: -apple-system, BlinkMacSystemFont, \"Segoe UI\", Roboto, Arial, sans-serif !important;\n    width: 100% !important;\n    max-width: 1200px !important;\n    margin: 20px auto !important;\n    display: grid !important;\n    \/* FOR\u00c7A 4 COLUNAS NO DESKTOP *\/\n    grid-template-columns: repeat(4, 1fr) !important; \n    gap: 15px !important;\n    box-sizing: border-box !important;\n  }\n\n  .clima-grid-final * {\n    box-sizing: border-box !important;\n  }\n\n  \/* --- BLINDAGEM CONTRA ADS E PLUGINS INTRUSOS --- *\/\n  .clima-grid-final > :not(.card-clima) {\n    display: none !important;\n    width: 0 !important;\n    height: 0 !important;\n    opacity: 0 !important;\n  }\n\n  \/* --- CARD AZUL --- *\/\n  .card-clima {\n    background: #ffffff !important;\n    border: 1px solid #e3f2fd !important;\n    border-radius: 20px !important;\n    padding: 20px 10px !important;\n    text-align: center !important;\n    display: flex !important;\n    flex-direction: column !important;\n    align-items: center !important;\n    box-shadow: 0 4px 10px rgba(13, 71, 161, 0.05) !important;\n    min-width: 0 !important; \n    transition: transform 0.2s ease !important;\n    overflow: hidden !important;\n    height: 100% !important;\n  }\n\n  .card-clima:hover {\n    transform: translateY(-5px) !important;\n    border-color: #90caf9 !important;\n  }\n\n  \/* --- CONTE\u00daDO --- *\/\n  .estacao-nome { \n    font-size: 14px !important; \n    font-weight: 800 !important; \n    color: #0d47a1 !important; \n    text-transform: uppercase !important; \n    margin: 0 0 5px 0 !important; \n  }\n  \n  .estacao-meses { \n    font-size: 10px !important; \n    font-weight: 700 !important; \n    color: #1565c0 !important; \n    text-transform: uppercase !important; \n    margin-bottom: 15px !important; \n    display: block !important;\n  }\n  \n  .temp-valor { \n    font-size: 24px !important; \n    font-weight: 800 !important; \n    color: #01579b !important; \n    line-height: 1.1 !important; \n    margin: 0 !important;\n  }\n  \n  .temp-label { \n    font-size: 9px !important; \n    font-weight: 600 !important; \n    color: #0288d1 !important; \n    text-transform: uppercase !important; \n    margin-bottom: 15px !important; \n    display: block !important;\n  }\n  \n  .clima-desc { \n    font-size: 12px !important; \n    line-height: 1.4 !important; \n    color: #37474f !important; \n    margin-bottom: 15px !important; \n    flex-grow: 1 !important; \n  }\n\n  .tag-status {\n    background-color: #e1f5fe !important;\n    border: 1px solid #b3e5fc !important;\n    color: #0d47a1 !important;\n    padding: 5px 12px !important;\n    border-radius: 20px !important;\n    font-size: 9px !important;\n    font-weight: 800 !important;\n    text-transform: uppercase !important;\n    margin-top: auto !important;\n  }\n\n  \/* --- RESPONSIVIDADE --- *\/\n  @media (max-width: 800px) {\n    .clima-grid-final {\n      grid-template-columns: 1fr !important; \n    }\n    .card-clima {\n      padding: 25px 20px !important;\n    }\n  }\n<\/style>\n\n<div class=\"google-auto-ads-ignore clima-grid-final\">\n  \n  <div class=\"card-clima\">\n    <div class=\"estacao-nome\">\u2600\ufe0f Ver\u00e3o<\/div>\n    <span class=\"estacao-meses\">Dez &#8211; Fev<\/span>\n    <div class=\"temp-valor\">16-26\u00b0C<\/div>\n    <span class=\"temp-label\">M\u00e9dia<\/span>\n    <div class=\"clima-desc\">Com a chuva em alta, as quedas d&#8217;\u00e1gua ficam exuberantes; aproveite para visitar as <b>cachoeiras pela manh\u00e3<\/b>, antes das pancadas de tarde.<\/div>\n    <div class=\"tag-status\">\ud83d\udca6 Natureza<\/div>\n  <\/div>\n\n  <div class=\"card-clima\">\n    <div class=\"estacao-nome\">\ud83c\udf42 Outono<\/div>\n    <span class=\"estacao-meses\">Mar &#8211; Mai<\/span>\n    <div class=\"temp-valor\">12-24\u00b0C<\/div>\n    <span class=\"temp-label\">M\u00e9dia<\/span>\n    <div class=\"clima-desc\">O clima ameno e a pluviosidade moderada criam o cen\u00e1rio ideal para percorrer as <b>trilhas<\/b> locais ou realizar <b>cavalgadas<\/b> serranas.<\/div>\n    <div class=\"tag-status\">\ud83c\udfc7 Aventura<\/div>\n  <\/div>\n\n  <div class=\"card-clima\">\n    <div class=\"estacao-nome\">\ud83e\udde3 Inverno<\/div>\n    <span class=\"estacao-meses\">Jun &#8211; Ago<\/span>\n    <div class=\"temp-valor\">6-20\u00b0C<\/div>\n    <span class=\"temp-label\">M\u00e9dia<\/span>\n    <div class=\"clima-desc\">Na esta\u00e7\u00e3o mais seca, o frio convida ao aconchego da <b>lareira<\/b> e \u00e0 rica <b>gastronomia<\/b> de altitude, t\u00edpica das montanhas.<\/div>\n    <div class=\"tag-status\">\ud83d\udd25 Inverno<\/div>\n  <\/div>\n\n  <div class=\"card-clima\">\n    <div class=\"estacao-nome\">\ud83c\udf38 Primavera<\/div>\n    <span class=\"estacao-meses\">Set &#8211; Nov<\/span>\n    <div class=\"temp-valor\">12-24\u00b0C<\/div>\n    <span class=\"temp-label\">M\u00e9dia<\/span>\n    <div class=\"clima-desc\">Aproveite a boa visibilidade para visitar os <b>mirantes<\/b>; a luz da esta\u00e7\u00e3o \u00e9 perfeita para os entusiastas de <b>fotografia<\/b> de paisagem.<\/div>\n    <div class=\"tag-status\">\ud83d\udcf8 Mirantes<\/div>\n  <\/div>\n\n<\/div>\n\n\n\n<p><em>Temperaturas aproximadas com base no <a href=\"https:\/\/www.climatempo.com.br\/previsao-do-tempo\/cidade\/3121\/lavrasnovas-mg\" target=\"_blank\" rel=\"noreferrer noopener\"><strong>Climatempo<\/strong><\/a>. Condi\u00e7\u00f5es podem variar.<\/em><\/p>\n\n\n\n<h2 class=\"wp-block-heading\">Como chegar ao distrito saindo de Belo Horizonte?<\/h2>\n\n\n\n<p>Lavras Novas fica a cerca de 120 km de <strong>Belo Horizonte<\/strong>, pouco mais de 1h30 de carro pela <strong>BR-356<\/strong> e <strong>MG-129<\/strong>. Da sede de Ouro Preto s\u00e3o apenas 19 km, com trecho final em estrada de terra. N\u00e3o h\u00e1 postos de combust\u00edvel no distrito, recomenda-se abastecer antes.<\/p>\n\n\n\n<h2 class=\"wp-block-heading\">V\u00e1 conhecer a vila que o tempo esqueceu<\/h2>\n\n\n\n<p>A serra guarda um lugar raro, onde o sil\u00eancio, as cachoeiras e o ar de ro\u00e7a resistem \u00e0 press\u00e3o dos feriados. Lavras Novas n\u00e3o tenta ser nada al\u00e9m do que \u00e9, um arraial que amanhece com neblina e dorme cedo.<\/p>\n\n\n\n<p>Voc\u00ea precisa subir at\u00e9 Lavras Novas e passar uma noite ouvindo o vento na serra, num canto de Minas que ainda cabe em pouco mais de mil pessoas.<\/p>\n","protected":false},"excerpt":{"rendered":"<p>A neblina cobre o largo da capela antes das sete da manh\u00e3 em Lavras Novas, distrito de Ouro Preto encravado na Serra do Espinha\u00e7o. Pouco conhecida, foi chamda por muitos de a &#8220;Gramado Mineira&#8221;, mas hoje vivem mais de mil moradores que dividem ruas de pedra com um sil\u00eancio que virou artigo raro em Minas [&hellip;]<\/p>\n","protected":false},"author":8,"featured_media":191256,"comment_status":"open","ping_status":"open","sticky":false,"template":"","format":"standard","meta":{"_yoast_wpseo_focuskw":"Gramado Mineira","_yoast_wpseo_title":"","_yoast_wpseo_metadesc":"Uma vila a 1.500m encanta com casinhas coloridas, neblina e clima frio perfeito para lareira est\u00e1 sendo comparada a \u201cGramado Mineira\u201d.","jnews-multi-image_gallery":[],"jnews_single_post":{"format":"standard"},"jnews_primary_category":[],"jnews_social_meta":[],"jnews_override_counter":[],"footnotes":""},"categories":[108,111],"post_tag":[],"class_list":["post-231481","post","type-post","status-publish","format-standard","has-post-thumbnail","hentry","category-cidades","category-turismo"],"yoast_head":"<!-- This site is optimized with the Yoast SEO plugin v24.6 - https:\/\/yoast.com\/wordpress\/plugins\/seo\/ -->\n<title>A &quot;Gramado Mineira&quot; encanta com uma vila a 1.500m de altitude onde casinhas coloridas simples, neblina e a lareira ditam o ritmo - Correio Braziliense - Radar<\/title>\n<meta name=\"description\" content=\"Uma vila a 1.500m encanta com casinhas coloridas, neblina e clima frio perfeito para lareira est\u00e1 sendo comparada a \u201cGramado Mineira\u201d.\" \/>\n<meta name=\"robots\" content=\"index, follow, max-snippet:-1, max-image-preview:large, max-video-preview:-1\" \/>\n<link rel=\"canonical\" href=\"https:\/\/www.correiobraziliense.com.br\/cbradar\/a-gramado-mineira-encanta-com-uma-vila-a-1-500m-de-altitude-onde-casinhas-coloridas-simples-neblina-e-a-lareira-ditam-o-ritmo\/\" \/>\n<meta property=\"og:locale\" content=\"pt_BR\" \/>\n<meta property=\"og:type\" content=\"article\" \/>\n<meta property=\"og:title\" content=\"A &quot;Gramado Mineira&quot; encanta com uma vila a 1.500m de altitude onde casinhas coloridas simples, neblina e a lareira ditam o ritmo - Correio Braziliense - Radar\" \/>\n<meta property=\"og:description\" content=\"Uma vila a 1.500m encanta com casinhas coloridas, neblina e clima frio perfeito para lareira est\u00e1 sendo comparada a \u201cGramado Mineira\u201d.\" \/>\n<meta property=\"og:url\" content=\"https:\/\/www.correiobraziliense.com.br\/cbradar\/a-gramado-mineira-encanta-com-uma-vila-a-1-500m-de-altitude-onde-casinhas-coloridas-simples-neblina-e-a-lareira-ditam-o-ritmo\/\" \/>\n<meta property=\"og:site_name\" content=\"Correio Braziliense - Radar\" \/>\n<meta property=\"article:published_time\" content=\"2026-04-27T02:05:00+00:00\" \/>\n<meta property=\"og:image\" content=\"https:\/\/www.correiobraziliense.com.br\/cbradar\/wp-content\/uploads\/2026\/02\/aaa-2026-02-11T005050.035.png\" \/>\n\t<meta property=\"og:image:width\" content=\"1280\" \/>\n\t<meta property=\"og:image:height\" content=\"720\" \/>\n\t<meta property=\"og:image:type\" content=\"image\/png\" \/>\n<meta name=\"author\" content=\"Maura Pereira\" \/>\n<meta name=\"twitter:card\" content=\"summary_large_image\" \/>\n<meta name=\"twitter:label1\" content=\"Escrito por\" \/>\n\t<meta name=\"twitter:data1\" content=\"Maura Pereira\" \/>\n\t<meta name=\"twitter:label2\" content=\"Est. tempo de leitura\" \/>\n\t<meta name=\"twitter:data2\" content=\"6 minutos\" \/>\n<!-- \/ Yoast SEO plugin. -->","yoast_head_json":{"title":"A \"Gramado Mineira\" encanta com uma vila a 1.500m de altitude onde casinhas coloridas simples, neblina e a lareira ditam o ritmo - Correio Braziliense - Radar","description":"Uma vila a 1.500m encanta com casinhas coloridas, neblina e clima frio perfeito para lareira est\u00e1 sendo comparada a \u201cGramado Mineira\u201d.","robots":{"index":"index","follow":"follow","max-snippet":"max-snippet:-1","max-image-preview":"max-image-preview:large","max-video-preview":"max-video-preview:-1"},"canonical":"https:\/\/www.correiobraziliense.com.br\/cbradar\/a-gramado-mineira-encanta-com-uma-vila-a-1-500m-de-altitude-onde-casinhas-coloridas-simples-neblina-e-a-lareira-ditam-o-ritmo\/","og_locale":"pt_BR","og_type":"article","og_title":"A \"Gramado Mineira\" encanta com uma vila a 1.500m de altitude onde casinhas coloridas simples, neblina e a lareira ditam o ritmo - Correio Braziliense - Radar","og_description":"Uma vila a 1.500m encanta com casinhas coloridas, neblina e clima frio perfeito para lareira est\u00e1 sendo comparada a \u201cGramado Mineira\u201d.","og_url":"https:\/\/www.correiobraziliense.com.br\/cbradar\/a-gramado-mineira-encanta-com-uma-vila-a-1-500m-de-altitude-onde-casinhas-coloridas-simples-neblina-e-a-lareira-ditam-o-ritmo\/","og_site_name":"Correio Braziliense - Radar","article_published_time":"2026-04-27T02:05:00+00:00","og_image":[{"width":1280,"height":720,"url":"https:\/\/www.correiobraziliense.com.br\/cbradar\/wp-content\/uploads\/2026\/02\/aaa-2026-02-11T005050.035.png","type":"image\/png"}],"author":"Maura Pereira","twitter_card":"summary_large_image","twitter_misc":{"Escrito por":"Maura Pereira","Est. tempo de leitura":"6 minutos"},"schema":{"@context":"https:\/\/schema.org","@graph":[{"@type":"WebPage","@id":"https:\/\/www.correiobraziliense.com.br\/cbradar\/a-gramado-mineira-encanta-com-uma-vila-a-1-500m-de-altitude-onde-casinhas-coloridas-simples-neblina-e-a-lareira-ditam-o-ritmo\/","url":"https:\/\/www.correiobraziliense.com.br\/cbradar\/a-gramado-mineira-encanta-com-uma-vila-a-1-500m-de-altitude-onde-casinhas-coloridas-simples-neblina-e-a-lareira-ditam-o-ritmo\/","name":"A \"Gramado Mineira\" encanta com uma vila a 1.500m de altitude onde casinhas coloridas simples, neblina e a lareira ditam o ritmo - Correio Braziliense - Radar","isPartOf":{"@id":"https:\/\/www.correiobraziliense.com.br\/cbradar\/#website"},"primaryImageOfPage":{"@id":"https:\/\/www.correiobraziliense.com.br\/cbradar\/a-gramado-mineira-encanta-com-uma-vila-a-1-500m-de-altitude-onde-casinhas-coloridas-simples-neblina-e-a-lareira-ditam-o-ritmo\/#primaryimage"},"image":{"@id":"https:\/\/www.correiobraziliense.com.br\/cbradar\/a-gramado-mineira-encanta-com-uma-vila-a-1-500m-de-altitude-onde-casinhas-coloridas-simples-neblina-e-a-lareira-ditam-o-ritmo\/#primaryimage"},"thumbnailUrl":"https:\/\/www.correiobraziliense.com.br\/cbradar\/wp-content\/uploads\/2026\/02\/aaa-2026-02-11T005050.035.png","datePublished":"2026-04-27T02:05:00+00:00","author":{"@id":"https:\/\/www.correiobraziliense.com.br\/cbradar\/#\/schema\/person\/4053c651a9bfc785afc6f4cbc9032fd3"},"description":"Uma vila a 1.500m encanta com casinhas coloridas, neblina e clima frio perfeito para lareira est\u00e1 sendo comparada a \u201cGramado Mineira\u201d.","breadcrumb":{"@id":"https:\/\/www.correiobraziliense.com.br\/cbradar\/a-gramado-mineira-encanta-com-uma-vila-a-1-500m-de-altitude-onde-casinhas-coloridas-simples-neblina-e-a-lareira-ditam-o-ritmo\/#breadcrumb"},"inLanguage":"pt-BR","potentialAction":[{"@type":"ReadAction","target":["https:\/\/www.correiobraziliense.com.br\/cbradar\/a-gramado-mineira-encanta-com-uma-vila-a-1-500m-de-altitude-onde-casinhas-coloridas-simples-neblina-e-a-lareira-ditam-o-ritmo\/"]}]},{"@type":"ImageObject","inLanguage":"pt-BR","@id":"https:\/\/www.correiobraziliense.com.br\/cbradar\/a-gramado-mineira-encanta-com-uma-vila-a-1-500m-de-altitude-onde-casinhas-coloridas-simples-neblina-e-a-lareira-ditam-o-ritmo\/#primaryimage","url":"https:\/\/www.correiobraziliense.com.br\/cbradar\/wp-content\/uploads\/2026\/02\/aaa-2026-02-11T005050.035.png","contentUrl":"https:\/\/www.correiobraziliense.com.br\/cbradar\/wp-content\/uploads\/2026\/02\/aaa-2026-02-11T005050.035.png","width":1280,"height":720,"caption":"Lavras Novas vive um momento crucial de preserva\u00e7\u00e3o de sua identidade hist\u00f3rica e paisag\u00edstica. \/ Imagem ilustrativa"},{"@type":"BreadcrumbList","@id":"https:\/\/www.correiobraziliense.com.br\/cbradar\/a-gramado-mineira-encanta-com-uma-vila-a-1-500m-de-altitude-onde-casinhas-coloridas-simples-neblina-e-a-lareira-ditam-o-ritmo\/#breadcrumb","itemListElement":[{"@type":"ListItem","position":1,"name":"In\u00edcio","item":"https:\/\/www.correiobraziliense.com.br\/cbradar\/"},{"@type":"ListItem","position":2,"name":"A &#8220;Gramado Mineira&#8221; encanta com uma vila a 1.500m de altitude onde casinhas coloridas simples, neblina e a lareira ditam o ritmo"}]},{"@type":"WebSite","@id":"https:\/\/www.correiobraziliense.com.br\/cbradar\/#website","url":"https:\/\/www.correiobraziliense.com.br\/cbradar\/","name":"Correio Braziliense - Radar","description":"Acompanhe as \u00faltimas not\u00edcias e fique bem informado sobre tudo o que acontece no Brasil e no mundo.","potentialAction":[{"@type":"SearchAction","target":{"@type":"EntryPoint","urlTemplate":"https:\/\/www.correiobraziliense.com.br\/cbradar\/?s={search_term_string}"},"query-input":{"@type":"PropertyValueSpecification","valueRequired":true,"valueName":"search_term_string"}}],"inLanguage":"pt-BR"},{"@type":"Person","@id":"https:\/\/www.correiobraziliense.com.br\/cbradar\/#\/schema\/person\/4053c651a9bfc785afc6f4cbc9032fd3","name":"Maura Pereira","image":{"@type":"ImageObject","inLanguage":"pt-BR","@id":"https:\/\/www.correiobraziliense.com.br\/cbradar\/#\/schema\/person\/image\/","url":"https:\/\/secure.gravatar.com\/avatar\/3effd6bdadfa447f15089c7f7144eaa6?s=96&d=mm&r=g","contentUrl":"https:\/\/secure.gravatar.com\/avatar\/3effd6bdadfa447f15089c7f7144eaa6?s=96&d=mm&r=g","caption":"Maura Pereira"},"sameAs":["https:\/\/www.correiobraziliense.com.br\/"],"url":"https:\/\/www.correiobraziliense.com.br\/cbradar\/author\/mauramyth\/"}]}},"_links":{"self":[{"href":"https:\/\/www.correiobraziliense.com.br\/cbradar\/wp-json\/wp\/v2\/posts\/231481","targetHints":{"allow":["GET"]}}],"collection":[{"href":"https:\/\/www.correiobraziliense.com.br\/cbradar\/wp-json\/wp\/v2\/posts"}],"about":[{"href":"https:\/\/www.correiobraziliense.com.br\/cbradar\/wp-json\/wp\/v2\/types\/post"}],"author":[{"embeddable":true,"href":"https:\/\/www.correiobraziliense.com.br\/cbradar\/wp-json\/wp\/v2\/users\/8"}],"replies":[{"embeddable":true,"href":"https:\/\/www.correiobraziliense.com.br\/cbradar\/wp-json\/wp\/v2\/comments?post=231481"}],"version-history":[{"count":9,"href":"https:\/\/www.correiobraziliense.com.br\/cbradar\/wp-json\/wp\/v2\/posts\/231481\/revisions"}],"predecessor-version":[{"id":232576,"href":"https:\/\/www.correiobraziliense.com.br\/cbradar\/wp-json\/wp\/v2\/posts\/231481\/revisions\/232576"}],"wp:featuredmedia":[{"embeddable":true,"href":"https:\/\/www.correiobraziliense.com.br\/cbradar\/wp-json\/wp\/v2\/media\/191256"}],"wp:attachment":[{"href":"https:\/\/www.correiobraziliense.com.br\/cbradar\/wp-json\/wp\/v2\/media?parent=231481"}],"wp:term":[{"taxonomy":"category","embeddable":true,"href":"https:\/\/www.correiobraziliense.com.br\/cbradar\/wp-json\/wp\/v2\/categories?post=231481"},{"taxonomy":"post_tag","embeddable":true,"href":"https:\/\/www.correiobraziliense.com.br\/cbradar\/wp-json\/wp\/v2\/post_tag?post=231481"}],"curies":[{"name":"wp","href":"https:\/\/api.w.org\/{rel}","templated":true}]}}