{"id":231554,"date":"2026-04-27T20:55:00","date_gmt":"2026-04-27T23:55:00","guid":{"rendered":"https:\/\/www.correiobraziliense.com.br\/cbradar\/?p=231554"},"modified":"2026-04-24T22:32:09","modified_gmt":"2026-04-25T01:32:09","slug":"os-exercicios-mais-indicados-para-ganhar-disposicao-e-queimar-mais-energia-ao-longo-do-dia","status":"publish","type":"post","link":"https:\/\/www.correiobraziliense.com.br\/cbradar\/os-exercicios-mais-indicados-para-ganhar-disposicao-e-queimar-mais-energia-ao-longo-do-dia\/","title":{"rendered":"Os exerc\u00edcios mais indicados para ganhar disposi\u00e7\u00e3o e queimar mais energia ao longo do dia"},"content":{"rendered":"\n<p>A pr\u00e1tica regular de exerc\u00edcios f\u00edsicos influencia diretamente os n\u00edveis de energia e disposi\u00e7\u00e3o ao longo do dia. Al\u00e9m de contribuir para a sa\u00fade cardiovascular, certos treinos estimulam o metabolismo e melhoram a efici\u00eancia do corpo no uso de energia. Escolher atividades adequadas pode aumentar o rendimento di\u00e1rio e reduzir a sensa\u00e7\u00e3o de cansa\u00e7o persistente.<\/p>\n\n\n\n<h2 class=\"wp-block-heading\">Quais exerc\u00edcios ajudam a aumentar a disposi\u00e7\u00e3o di\u00e1ria?<\/h2>\n\n\n\n<p>Atividades aer\u00f3bicas moderadas, como caminhada r\u00e1pida e <a href=\"https:\/\/www.correiobraziliense.com.br\/cbradar\/ciclismo-ou-caminhada-especialistas-explicam-qual-e-melhor-para-perder-peso\/\" target=\"_blank\" rel=\"noreferrer noopener\">ciclismo<\/a>, s\u00e3o eficazes para estimular a circula\u00e7\u00e3o e melhorar a oxigena\u00e7\u00e3o do corpo. Esses exerc\u00edcios ativam sistemas energ\u00e9ticos de forma equilibrada, promovendo sensa\u00e7\u00e3o de alerta e reduzindo a <a href=\"https:\/\/www.health.harvard.edu\/exercise-and-fitness\/does-exercise-really-boost-energy-levels\" target=\"_blank\" rel=\"noreferrer noopener\">fadiga <\/a>ao longo do dia.<\/p>\n\n\n\n<p>Al\u00e9m disso, exerc\u00edcios regulares ajudam a regular horm\u00f4nios ligados ao bem-estar, como <strong>endorfina<\/strong> e <strong>dopamina<\/strong>. Isso cria um efeito cumulativo, no qual a pr\u00e1tica constante resulta em mais energia dispon\u00edvel. A consist\u00eancia \u00e9 mais relevante do que a intensidade isolada em muitos casos.<\/p>\n\n\n\n<figure class=\"wp-block-image size-full\"><img decoding=\"async\" width=\"1280\" height=\"720\" src=\"https:\/\/www.correiobraziliense.com.br\/cbradar\/wp-content\/uploads\/2026\/04\/download-2026-04-24T222940.379-1.png\" alt=\"\" class=\"wp-image-231556\" srcset=\"https:\/\/www.correiobraziliense.com.br\/cbradar\/wp-content\/uploads\/2026\/04\/download-2026-04-24T222940.379-1.png 1280w, https:\/\/www.correiobraziliense.com.br\/cbradar\/wp-content\/uploads\/2026\/04\/download-2026-04-24T222940.379-1-300x169.png 300w, https:\/\/www.correiobraziliense.com.br\/cbradar\/wp-content\/uploads\/2026\/04\/download-2026-04-24T222940.379-1-768x432.png 768w, https:\/\/www.correiobraziliense.com.br\/cbradar\/wp-content\/uploads\/2026\/04\/download-2026-04-24T222940.379-1-750x422.png 750w, https:\/\/www.correiobraziliense.com.br\/cbradar\/wp-content\/uploads\/2026\/04\/download-2026-04-24T222940.379-1-1140x641.png 1140w\" sizes=\"(max-width: 1280px) 100vw, 1280px\" \/><figcaption class=\"wp-element-caption\">O treino certo pode transformar sua energia di\u00e1ria<\/figcaption><\/figure>\n\n\n\n<h2 class=\"wp-block-heading\">Como o exerc\u00edcio influencia o gasto energ\u00e9tico di\u00e1rio?<\/h2>\n\n\n\n<p>O corpo humano continua gastando energia mesmo ap\u00f3s o t\u00e9rmino da atividade f\u00edsica. Esse efeito, conhecido como aumento do metabolismo basal, ocorre principalmente ap\u00f3s exerc\u00edcios mais intensos. Quanto maior a massa muscular envolvida, maior tende a ser o consumo energ\u00e9tico ao longo do dia.<\/p>\n\n\n\n<p>Outro fator importante \u00e9 a melhora da efici\u00eancia metab\u00f3lica. Com o tempo, o organismo se adapta ao esfor\u00e7o f\u00edsico, utilizando melhor os nutrientes ingeridos. Isso reduz picos de fadiga e contribui para uma distribui\u00e7\u00e3o mais equilibrada da energia durante as atividades di\u00e1rias.<\/p>\n\n\n\n<h2 class=\"wp-block-heading\">Quais exerc\u00edcios s\u00e3o mais indicados para gastar mais energia?<\/h2>\n\n\n\n<p>Alguns tipos de treino apresentam maior impacto no gasto cal\u00f3rico e na ativa\u00e7\u00e3o metab\u00f3lica. Eles combinam intensidade e envolvimento de grandes grupos musculares, tornando-se eficientes para quem busca mais disposi\u00e7\u00e3o e maior consumo energ\u00e9tico ao longo do dia.<\/p>\n\n\n\n<p>A seguir, veja op\u00e7\u00f5es recomendadas:<\/p>\n\n\n\n<ul class=\"wp-block-list\">\n<li><strong>Treinamento intervalado de alta intensidade<\/strong>, com altern\u00e2ncia de esfor\u00e7o e recupera\u00e7\u00e3o<\/li>\n\n\n\n<li><strong>Corrida<\/strong> ou caminhada em ritmo acelerado<\/li>\n\n\n\n<li><strong>Muscula\u00e7\u00e3o<\/strong>, focada em exerc\u00edcios compostos<\/li>\n\n\n\n<li><strong>Pular corda<\/strong>, que ativa v\u00e1rios m\u00fasculos simultaneamente<\/li>\n\n\n\n<li><strong>Treinos funcionais<\/strong>, com movimentos din\u00e2micos e variados<\/li>\n\n\n\n<li><strong>Nata\u00e7\u00e3o<\/strong>, que exige esfor\u00e7o cont\u00ednuo e coordena\u00e7\u00e3o corporal<\/li>\n<\/ul>\n\n\n\n<h2 class=\"wp-block-heading\">Qual \u00e9 o melhor hor\u00e1rio para praticar esses exerc\u00edcios?<\/h2>\n\n\n\n<p>O hor\u00e1rio ideal pode variar conforme a rotina individual, mas exerc\u00edcios realizados pela manh\u00e3 tendem a aumentar a disposi\u00e7\u00e3o ao longo do dia. Essa pr\u00e1tica estimula o metabolismo desde cedo, contribuindo para maior produtividade e foco nas atividades di\u00e1rias.<\/p>\n\n\n\n<p>Por outro lado, treinar no per\u00edodo da tarde tamb\u00e9m pode ser eficiente, especialmente para quem apresenta melhor desempenho f\u00edsico nesse hor\u00e1rio. O mais importante \u00e9 manter regularidade e escolher um momento que favore\u00e7a a consist\u00eancia, evitando longos per\u00edodos de inatividade.<\/p>\n\n\n\n<p>Este v\u00eddeo do canal <strong>Renan Gon\u00e7alves &#8211; Treino em casa<\/strong>, que j\u00e1 re\u00fane 599 mil inscritos, foi selecionado especialmente para voc\u00ea que quer um treino r\u00e1pido e eficiente para gastar calorias sem sair de casa. A proposta \u00e9 pr\u00e1tica e ajuda a encaixar atividade f\u00edsica mesmo na rotina corrida.<\/p>\n\n\n\n<figure class=\"wp-block-embed is-type-video is-provider-youtube wp-block-embed-youtube wp-embed-aspect-16-9 wp-has-aspect-ratio\"><div class=\"wp-block-embed__wrapper\">\n<div class=\"jeg_video_container jeg_video_content\"><iframe loading=\"lazy\" title=\"TREINO F\u00c1CIL para GASTAR \ud83d\udd25500 calorias | INICIANTES | 15 minutos | HIIT\" width=\"500\" height=\"281\" src=\"https:\/\/www.youtube.com\/embed\/tocO-kjPWgQ?feature=oembed\" frameborder=\"0\" allow=\"accelerometer; autoplay; clipboard-write; encrypted-media; gyroscope; picture-in-picture; web-share\" referrerpolicy=\"strict-origin-when-cross-origin\" allowfullscreen><\/iframe><\/div>\n<\/div><\/figure>\n\n\n\n<h2 class=\"wp-block-heading\">A regularidade \u00e9 mais importante do que a intensidade?<\/h2>\n\n\n\n<p>A consist\u00eancia na pr\u00e1tica de exerc\u00edcios tem impacto maior do que sess\u00f5es intensas e espor\u00e1dicas. Manter uma rotina equilibrada permite que o corpo se adapte progressivamente, melhorando a resist\u00eancia, o condicionamento e a capacidade de gerar energia de forma cont\u00ednua.<\/p>\n\n\n\n<p>Exagerar na intensidade sem preparo pode levar ao efeito contr\u00e1rio, causando fadiga e reduzindo a disposi\u00e7\u00e3o. Por isso, o ideal \u00e9 combinar intensidade moderada com frequ\u00eancia adequada. Essa abordagem promove resultados mais sustent\u00e1veis e melhora o desempenho ao longo do tempo.<\/p>\n","protected":false},"excerpt":{"rendered":"<p>Voc\u00ea pode estar ignorando exerc\u00edcios que aumentam a disposi\u00e7\u00e3o. Veja como melhorar seu metabolismo e reduzir o cansa\u00e7o<\/p>\n","protected":false},"author":23,"featured_media":231555,"comment_status":"open","ping_status":"open","sticky":false,"template":"","format":"standard","meta":{"_yoast_wpseo_focuskw":"Queimar mais energia","_yoast_wpseo_title":"","_yoast_wpseo_metadesc":"Voc\u00ea pode estar ignorando exerc\u00edcios que aumentam a disposi\u00e7\u00e3o. Veja como melhorar seu metabolismo e reduzir o cansa\u00e7o","jnews-multi-image_gallery":[],"jnews_single_post":{"format":"standard"},"jnews_primary_category":[],"jnews_social_meta":[],"jnews_override_counter":[],"footnotes":""},"categories":[4404],"post_tag":[],"class_list":["post-231554","post","type-post","status-publish","format-standard","has-post-thumbnail","hentry","category-saude"],"yoast_head":"<!-- This site is optimized with the Yoast SEO plugin v24.6 - https:\/\/yoast.com\/wordpress\/plugins\/seo\/ -->\n<title>Os exerc\u00edcios mais indicados para ganhar disposi\u00e7\u00e3o e queimar mais energia ao longo do dia - Correio Braziliense - Radar<\/title>\n<meta name=\"description\" content=\"Voc\u00ea pode estar ignorando exerc\u00edcios que aumentam a disposi\u00e7\u00e3o. Veja como melhorar seu metabolismo e reduzir o cansa\u00e7o\" \/>\n<meta name=\"robots\" content=\"index, follow, max-snippet:-1, max-image-preview:large, max-video-preview:-1\" \/>\n<link rel=\"canonical\" href=\"https:\/\/www.correiobraziliense.com.br\/cbradar\/os-exercicios-mais-indicados-para-ganhar-disposicao-e-queimar-mais-energia-ao-longo-do-dia\/\" \/>\n<meta property=\"og:locale\" content=\"pt_BR\" \/>\n<meta property=\"og:type\" content=\"article\" \/>\n<meta property=\"og:title\" content=\"Os exerc\u00edcios mais indicados para ganhar disposi\u00e7\u00e3o e queimar mais energia ao longo do dia - Correio Braziliense - Radar\" \/>\n<meta property=\"og:description\" content=\"Voc\u00ea pode estar ignorando exerc\u00edcios que aumentam a disposi\u00e7\u00e3o. Veja como melhorar seu metabolismo e reduzir o cansa\u00e7o\" \/>\n<meta property=\"og:url\" content=\"https:\/\/www.correiobraziliense.com.br\/cbradar\/os-exercicios-mais-indicados-para-ganhar-disposicao-e-queimar-mais-energia-ao-longo-do-dia\/\" \/>\n<meta property=\"og:site_name\" content=\"Correio Braziliense - Radar\" \/>\n<meta property=\"article:published_time\" content=\"2026-04-27T23:55:00+00:00\" \/>\n<meta property=\"og:image\" content=\"https:\/\/www.correiobraziliense.com.br\/cbradar\/wp-content\/uploads\/2026\/04\/download-2026-04-24T222935.070-1.png\" \/>\n\t<meta property=\"og:image:width\" content=\"1280\" \/>\n\t<meta property=\"og:image:height\" content=\"720\" \/>\n\t<meta property=\"og:image:type\" content=\"image\/png\" \/>\n<meta name=\"author\" content=\"Nicolas Otto\" \/>\n<meta name=\"twitter:card\" content=\"summary_large_image\" \/>\n<meta name=\"twitter:label1\" content=\"Escrito por\" \/>\n\t<meta name=\"twitter:data1\" content=\"Nicolas Otto\" \/>\n\t<meta name=\"twitter:label2\" content=\"Est. tempo de leitura\" \/>\n\t<meta name=\"twitter:data2\" content=\"4 minutos\" \/>\n<!-- \/ Yoast SEO plugin. -->","yoast_head_json":{"title":"Os exerc\u00edcios mais indicados para ganhar disposi\u00e7\u00e3o e queimar mais energia ao longo do dia - Correio Braziliense - Radar","description":"Voc\u00ea pode estar ignorando exerc\u00edcios que aumentam a disposi\u00e7\u00e3o. Veja como melhorar seu metabolismo e reduzir o cansa\u00e7o","robots":{"index":"index","follow":"follow","max-snippet":"max-snippet:-1","max-image-preview":"max-image-preview:large","max-video-preview":"max-video-preview:-1"},"canonical":"https:\/\/www.correiobraziliense.com.br\/cbradar\/os-exercicios-mais-indicados-para-ganhar-disposicao-e-queimar-mais-energia-ao-longo-do-dia\/","og_locale":"pt_BR","og_type":"article","og_title":"Os exerc\u00edcios mais indicados para ganhar disposi\u00e7\u00e3o e queimar mais energia ao longo do dia - Correio Braziliense - Radar","og_description":"Voc\u00ea pode estar ignorando exerc\u00edcios que aumentam a disposi\u00e7\u00e3o. Veja como melhorar seu metabolismo e reduzir o cansa\u00e7o","og_url":"https:\/\/www.correiobraziliense.com.br\/cbradar\/os-exercicios-mais-indicados-para-ganhar-disposicao-e-queimar-mais-energia-ao-longo-do-dia\/","og_site_name":"Correio Braziliense - Radar","article_published_time":"2026-04-27T23:55:00+00:00","og_image":[{"width":1280,"height":720,"url":"https:\/\/www.correiobraziliense.com.br\/cbradar\/wp-content\/uploads\/2026\/04\/download-2026-04-24T222935.070-1.png","type":"image\/png"}],"author":"Nicolas Otto","twitter_card":"summary_large_image","twitter_misc":{"Escrito por":"Nicolas Otto","Est. tempo de leitura":"4 minutos"},"schema":{"@context":"https:\/\/schema.org","@graph":[{"@type":"WebPage","@id":"https:\/\/www.correiobraziliense.com.br\/cbradar\/os-exercicios-mais-indicados-para-ganhar-disposicao-e-queimar-mais-energia-ao-longo-do-dia\/","url":"https:\/\/www.correiobraziliense.com.br\/cbradar\/os-exercicios-mais-indicados-para-ganhar-disposicao-e-queimar-mais-energia-ao-longo-do-dia\/","name":"Os exerc\u00edcios mais indicados para ganhar disposi\u00e7\u00e3o e queimar mais energia ao longo do dia - Correio Braziliense - Radar","isPartOf":{"@id":"https:\/\/www.correiobraziliense.com.br\/cbradar\/#website"},"primaryImageOfPage":{"@id":"https:\/\/www.correiobraziliense.com.br\/cbradar\/os-exercicios-mais-indicados-para-ganhar-disposicao-e-queimar-mais-energia-ao-longo-do-dia\/#primaryimage"},"image":{"@id":"https:\/\/www.correiobraziliense.com.br\/cbradar\/os-exercicios-mais-indicados-para-ganhar-disposicao-e-queimar-mais-energia-ao-longo-do-dia\/#primaryimage"},"thumbnailUrl":"https:\/\/www.correiobraziliense.com.br\/cbradar\/wp-content\/uploads\/2026\/04\/download-2026-04-24T222935.070-1.png","datePublished":"2026-04-27T23:55:00+00:00","author":{"@id":"https:\/\/www.correiobraziliense.com.br\/cbradar\/#\/schema\/person\/3221b250518e74ac52c442d1c1236aaa"},"description":"Voc\u00ea pode estar ignorando exerc\u00edcios que aumentam a disposi\u00e7\u00e3o. Veja como melhorar seu metabolismo e reduzir o cansa\u00e7o","breadcrumb":{"@id":"https:\/\/www.correiobraziliense.com.br\/cbradar\/os-exercicios-mais-indicados-para-ganhar-disposicao-e-queimar-mais-energia-ao-longo-do-dia\/#breadcrumb"},"inLanguage":"pt-BR","potentialAction":[{"@type":"ReadAction","target":["https:\/\/www.correiobraziliense.com.br\/cbradar\/os-exercicios-mais-indicados-para-ganhar-disposicao-e-queimar-mais-energia-ao-longo-do-dia\/"]}]},{"@type":"ImageObject","inLanguage":"pt-BR","@id":"https:\/\/www.correiobraziliense.com.br\/cbradar\/os-exercicios-mais-indicados-para-ganhar-disposicao-e-queimar-mais-energia-ao-longo-do-dia\/#primaryimage","url":"https:\/\/www.correiobraziliense.com.br\/cbradar\/wp-content\/uploads\/2026\/04\/download-2026-04-24T222935.070-1.png","contentUrl":"https:\/\/www.correiobraziliense.com.br\/cbradar\/wp-content\/uploads\/2026\/04\/download-2026-04-24T222935.070-1.png","width":1280,"height":720,"caption":"O treino certo pode transformar sua energia di\u00e1ria"},{"@type":"BreadcrumbList","@id":"https:\/\/www.correiobraziliense.com.br\/cbradar\/os-exercicios-mais-indicados-para-ganhar-disposicao-e-queimar-mais-energia-ao-longo-do-dia\/#breadcrumb","itemListElement":[{"@type":"ListItem","position":1,"name":"In\u00edcio","item":"https:\/\/www.correiobraziliense.com.br\/cbradar\/"},{"@type":"ListItem","position":2,"name":"Os exerc\u00edcios mais indicados para ganhar disposi\u00e7\u00e3o e queimar mais energia ao longo do dia"}]},{"@type":"WebSite","@id":"https:\/\/www.correiobraziliense.com.br\/cbradar\/#website","url":"https:\/\/www.correiobraziliense.com.br\/cbradar\/","name":"Correio Braziliense - Radar","description":"Acompanhe as \u00faltimas not\u00edcias e fique bem informado sobre tudo o que acontece no Brasil e no mundo.","potentialAction":[{"@type":"SearchAction","target":{"@type":"EntryPoint","urlTemplate":"https:\/\/www.correiobraziliense.com.br\/cbradar\/?s={search_term_string}"},"query-input":{"@type":"PropertyValueSpecification","valueRequired":true,"valueName":"search_term_string"}}],"inLanguage":"pt-BR"},{"@type":"Person","@id":"https:\/\/www.correiobraziliense.com.br\/cbradar\/#\/schema\/person\/3221b250518e74ac52c442d1c1236aaa","name":"Nicolas Otto","image":{"@type":"ImageObject","inLanguage":"pt-BR","@id":"https:\/\/www.correiobraziliense.com.br\/cbradar\/#\/schema\/person\/image\/","url":"https:\/\/secure.gravatar.com\/avatar\/05925f730d72f0ea0df144f236adfb18?s=96&d=mm&r=g","contentUrl":"https:\/\/secure.gravatar.com\/avatar\/05925f730d72f0ea0df144f236adfb18?s=96&d=mm&r=g","caption":"Nicolas Otto"},"sameAs":["https:\/\/www.correiobraziliense.com.br\/cbradar\/"],"url":"https:\/\/www.correiobraziliense.com.br\/cbradar\/author\/nicolas-otto\/"}]}},"_links":{"self":[{"href":"https:\/\/www.correiobraziliense.com.br\/cbradar\/wp-json\/wp\/v2\/posts\/231554","targetHints":{"allow":["GET"]}}],"collection":[{"href":"https:\/\/www.correiobraziliense.com.br\/cbradar\/wp-json\/wp\/v2\/posts"}],"about":[{"href":"https:\/\/www.correiobraziliense.com.br\/cbradar\/wp-json\/wp\/v2\/types\/post"}],"author":[{"embeddable":true,"href":"https:\/\/www.correiobraziliense.com.br\/cbradar\/wp-json\/wp\/v2\/users\/23"}],"replies":[{"embeddable":true,"href":"https:\/\/www.correiobraziliense.com.br\/cbradar\/wp-json\/wp\/v2\/comments?post=231554"}],"version-history":[{"count":1,"href":"https:\/\/www.correiobraziliense.com.br\/cbradar\/wp-json\/wp\/v2\/posts\/231554\/revisions"}],"predecessor-version":[{"id":231557,"href":"https:\/\/www.correiobraziliense.com.br\/cbradar\/wp-json\/wp\/v2\/posts\/231554\/revisions\/231557"}],"wp:featuredmedia":[{"embeddable":true,"href":"https:\/\/www.correiobraziliense.com.br\/cbradar\/wp-json\/wp\/v2\/media\/231555"}],"wp:attachment":[{"href":"https:\/\/www.correiobraziliense.com.br\/cbradar\/wp-json\/wp\/v2\/media?parent=231554"}],"wp:term":[{"taxonomy":"category","embeddable":true,"href":"https:\/\/www.correiobraziliense.com.br\/cbradar\/wp-json\/wp\/v2\/categories?post=231554"},{"taxonomy":"post_tag","embeddable":true,"href":"https:\/\/www.correiobraziliense.com.br\/cbradar\/wp-json\/wp\/v2\/post_tag?post=231554"}],"curies":[{"name":"wp","href":"https:\/\/api.w.org\/{rel}","templated":true}]}}