{"id":231558,"date":"2026-04-27T20:05:00","date_gmt":"2026-04-27T23:05:00","guid":{"rendered":"https:\/\/www.correiobraziliense.com.br\/cbradar\/?p=231558"},"modified":"2026-04-24T22:43:52","modified_gmt":"2026-04-25T01:43:52","slug":"os-costumes-depois-do-almoco-que-podem-favorecer-o-acumulo-de-gordura-visceral","status":"publish","type":"post","link":"https:\/\/www.correiobraziliense.com.br\/cbradar\/os-costumes-depois-do-almoco-que-podem-favorecer-o-acumulo-de-gordura-visceral\/","title":{"rendered":"Os costumes depois do almo\u00e7o que podem favorecer o ac\u00famulo de gordura visceral"},"content":{"rendered":"\n<p>Ap\u00f3s o almo\u00e7o, o organismo entra em um per\u00edodo de digest\u00e3o que exige ajustes metab\u00f3licos importantes. Certos comportamentos nesse momento podem interferir na forma como o corpo utiliza energia, favorecendo o ac\u00famulo de gordura visceral. Pequenas escolhas ao longo da tarde influenciam diretamente o equil\u00edbrio hormonal e a efici\u00eancia metab\u00f3lica ao longo do dia.<\/p>\n\n\n\n<h2 class=\"wp-block-heading\">Quais h\u00e1bitos ap\u00f3s o almo\u00e7o favorecem o ac\u00famulo de gordura?<\/h2>\n\n\n\n<p>Alguns costumes comuns impactam negativamente o <a href=\"https:\/\/www.correiobraziliense.com.br\/cbradar\/o-que-o-gengibre-em-jejum-faz-na-inflamacao-e-no-metabolismo\/\" target=\"_blank\" rel=\"noreferrer noopener\">metabolismo <\/a>ap\u00f3s as refei\u00e7\u00f5es. Permanecer totalmente inativo, consumir sobremesas ricas em a\u00e7\u00facar e ingerir bebidas cal\u00f3ricas aumentam <a href=\"https:\/\/www.sciencedirect.com\/science\/article\/pii\/S0022227520319544\" target=\"_blank\" rel=\"noreferrer noopener\">picos de <strong>insulina<\/strong><\/a>, favorecendo o armazenamento de gordura. Esse efeito \u00e9 mais relevante quando ocorre de forma frequente.<\/p>\n\n\n\n<p>Al\u00e9m disso, refei\u00e7\u00f5es muito volumosas seguidas de descanso imediato dificultam o uso eficiente da energia ingerida. O corpo tende a armazenar o excesso, especialmente na regi\u00e3o abdominal. A repeti\u00e7\u00e3o desses comportamentos ao longo do tempo contribui para o ac\u00famulo de gordura visceral.<\/p>\n\n\n\n<figure class=\"wp-block-image size-full\"><img decoding=\"async\" width=\"1280\" height=\"720\" src=\"https:\/\/www.correiobraziliense.com.br\/cbradar\/wp-content\/uploads\/2026\/04\/pessoa-almocando_1777081391758.jpg\" alt=\"Os costumes depois do almo\u00e7o que podem favorecer o ac\u00famulo de gordura visceral\" class=\"wp-image-231562\" srcset=\"https:\/\/www.correiobraziliense.com.br\/cbradar\/wp-content\/uploads\/2026\/04\/pessoa-almocando_1777081391758.jpg 1280w, https:\/\/www.correiobraziliense.com.br\/cbradar\/wp-content\/uploads\/2026\/04\/pessoa-almocando_1777081391758-300x169.jpg 300w, https:\/\/www.correiobraziliense.com.br\/cbradar\/wp-content\/uploads\/2026\/04\/pessoa-almocando_1777081391758-768x432.jpg 768w, https:\/\/www.correiobraziliense.com.br\/cbradar\/wp-content\/uploads\/2026\/04\/pessoa-almocando_1777081391758-750x422.jpg 750w, https:\/\/www.correiobraziliense.com.br\/cbradar\/wp-content\/uploads\/2026\/04\/pessoa-almocando_1777081391758-1140x641.jpg 1140w\" sizes=\"(max-width: 1280px) 100vw, 1280px\" \/><figcaption class=\"wp-element-caption\">O que voc\u00ea faz ap\u00f3s o almo\u00e7o pode te surpreender &#8211; Cr\u00e9ditos: depositphotos.com \/ psphotography<\/figcaption><\/figure>\n\n\n\n<h2 class=\"wp-block-heading\">Por que a digest\u00e3o influencia o armazenamento de gordura?<\/h2>\n\n\n\n<p>Durante a digest\u00e3o, o organismo direciona energia para processar nutrientes e equilibrar n\u00edveis de glicose no sangue. Quando h\u00e1 excesso de carboidratos simples, ocorre maior libera\u00e7\u00e3o de <strong>insulina<\/strong>, horm\u00f4nio respons\u00e1vel por armazenar energia. Esse processo favorece o ac\u00famulo de gordura quando n\u00e3o h\u00e1 gasto energ\u00e9tico adequado.<\/p>\n\n\n\n<p>Outro fator relevante \u00e9 a sensibilidade \u00e0 insulina, que pode ser reduzida por h\u00e1bitos inadequados. Isso faz com que o corpo tenha mais dificuldade em utilizar a glicose como fonte de energia. Como consequ\u00eancia, parte desse excesso \u00e9 convertido em gordura, especialmente na regi\u00e3o abdominal.<\/p>\n\n\n\n<h2 class=\"wp-block-heading\">Quais comportamentos devem ser evitados ap\u00f3s o almo\u00e7o?<\/h2>\n\n\n\n<p>Algumas atitudes simples podem fazer diferen\u00e7a significativa no controle metab\u00f3lico ap\u00f3s as refei\u00e7\u00f5es. Evitar padr\u00f5es que favorecem o armazenamento energ\u00e9tico excessivo contribui para manter o equil\u00edbrio e reduzir riscos associados ao ac\u00famulo de gordura visceral.<\/p>\n\n\n\n<p>Veja pr\u00e1ticas que devem ser evitadas nesse per\u00edodo:<\/p>\n\n\n\n<figure class=\"wp-block-image size-large\"><img decoding=\"async\" width=\"1176\" height=\"720\" src=\"https:\/\/www.correiobraziliense.com.br\/cbradar\/wp-content\/uploads\/2026\/04\/convertido-12-3-1176x720.jpg\" alt=\"\" class=\"wp-image-231561\" srcset=\"https:\/\/www.correiobraziliense.com.br\/cbradar\/wp-content\/uploads\/2026\/04\/convertido-12-3-1176x720.jpg 1176w, https:\/\/www.correiobraziliense.com.br\/cbradar\/wp-content\/uploads\/2026\/04\/convertido-12-3-300x184.jpg 300w, https:\/\/www.correiobraziliense.com.br\/cbradar\/wp-content\/uploads\/2026\/04\/convertido-12-3-768x470.jpg 768w, https:\/\/www.correiobraziliense.com.br\/cbradar\/wp-content\/uploads\/2026\/04\/convertido-12-3-750x459.jpg 750w, https:\/\/www.correiobraziliense.com.br\/cbradar\/wp-content\/uploads\/2026\/04\/convertido-12-3-1140x698.jpg 1140w, https:\/\/www.correiobraziliense.com.br\/cbradar\/wp-content\/uploads\/2026\/04\/convertido-12-3.jpg 1280w\" sizes=\"(max-width: 1176px) 100vw, 1176px\" \/><\/figure>\n\n\n\n<h2 class=\"wp-block-heading\">O que fazer ap\u00f3s o almo\u00e7o para melhorar o metabolismo?<\/h2>\n\n\n\n<p>Adotar h\u00e1bitos simples pode melhorar a resposta do organismo ap\u00f3s as refei\u00e7\u00f5es. Caminhadas leves ajudam na utiliza\u00e7\u00e3o da glicose, reduzindo picos de <strong>insulina<\/strong> e favorecendo o equil\u00edbrio energ\u00e9tico. Pequenos movimentos ao longo da tarde contribuem para manter o metabolismo mais ativo.<\/p>\n\n\n\n<p>Outra estrat\u00e9gia eficiente \u00e9 manter refei\u00e7\u00f5es equilibradas, com fibras, prote\u00ednas e gorduras saud\u00e1veis. Essa combina\u00e7\u00e3o reduz a velocidade de absor\u00e7\u00e3o dos nutrientes, evitando oscila\u00e7\u00f5es bruscas de energia. Com isso, o corpo utiliza melhor os recursos dispon\u00edveis, sem favorecer o armazenamento excessivo.<\/p>\n\n\n\n<p><br>Este v\u00eddeo do canal <strong>Marcio Atalla<\/strong>, que j\u00e1 re\u00fane 466 mil inscritos, foi selecionado especialmente para voc\u00ea que quer entender como acelerar o metabolismo de forma saud\u00e1vel. A explica\u00e7\u00e3o \u00e9 direta e traz orienta\u00e7\u00f5es pr\u00e1ticas para melhorar sua rotina e seus resultados no dia a dia.<\/p>\n\n\n\n<figure class=\"wp-block-embed is-type-video is-provider-youtube wp-block-embed-youtube wp-embed-aspect-16-9 wp-has-aspect-ratio\"><div class=\"wp-block-embed__wrapper\">\n<div class=\"jeg_video_container jeg_video_content\"><iframe loading=\"lazy\" title=\"Como acelerar o METABOLISMO? | MARCIO ATALLA\" width=\"500\" height=\"281\" src=\"https:\/\/www.youtube.com\/embed\/toslTzI1ZNk?feature=oembed\" frameborder=\"0\" allow=\"accelerometer; autoplay; clipboard-write; encrypted-media; gyroscope; picture-in-picture; web-share\" referrerpolicy=\"strict-origin-when-cross-origin\" allowfullscreen><\/iframe><\/div>\n<\/div><\/figure>\n\n\n\n<h2 class=\"wp-block-heading\">Pequenas mudan\u00e7as realmente impactam a gordura visceral?<\/h2>\n\n\n\n<p>A consist\u00eancia nas escolhas di\u00e1rias tem impacto direto na composi\u00e7\u00e3o corporal. Ajustes simples ap\u00f3s o almo\u00e7o, quando mantidos ao longo do tempo, influenciam positivamente o metabolismo e reduzem o ac\u00famulo de gordura visceral. O efeito n\u00e3o depende de mudan\u00e7as extremas, mas de regularidade.<\/p>\n\n\n\n<p>Ao alinhar alimenta\u00e7\u00e3o, movimento e rotina, o organismo responde de forma mais eficiente. Isso melhora n\u00e3o apenas a distribui\u00e7\u00e3o de gordura, mas tamb\u00e9m a disposi\u00e7\u00e3o geral. O foco deve estar na constru\u00e7\u00e3o de h\u00e1bitos sustent\u00e1veis, que possam ser mantidos sem esfor\u00e7o excessivo.<\/p>\n","protected":false},"excerpt":{"rendered":"<p>Alguns h\u00e1bitos ap\u00f3s o almo\u00e7o parecem inofensivos, mas impactam sua gordura abdominal. Entenda o que mudar hoje mesmo<\/p>\n","protected":false},"author":23,"featured_media":231559,"comment_status":"open","ping_status":"open","sticky":false,"template":"","format":"standard","meta":{"_yoast_wpseo_focuskw":"Ac\u00famulo de gordura","_yoast_wpseo_title":"","_yoast_wpseo_metadesc":"Alguns h\u00e1bitos ap\u00f3s o almo\u00e7o parecem inofensivos, mas impactam sua gordura abdominal. Entenda o que mudar hoje mesmo","jnews-multi-image_gallery":[],"jnews_single_post":{"format":"standard"},"jnews_primary_category":[],"jnews_social_meta":[],"jnews_override_counter":[],"footnotes":""},"categories":[112],"post_tag":[],"class_list":["post-231558","post","type-post","status-publish","format-standard","has-post-thumbnail","hentry","category-curiosidades"],"yoast_head":"<!-- This site is optimized with the Yoast SEO plugin v24.6 - https:\/\/yoast.com\/wordpress\/plugins\/seo\/ -->\n<title>Os costumes depois do almo\u00e7o que podem favorecer o ac\u00famulo de gordura visceral - Correio Braziliense - Radar<\/title>\n<meta name=\"description\" content=\"Alguns h\u00e1bitos ap\u00f3s o almo\u00e7o parecem inofensivos, mas impactam sua gordura abdominal. Entenda o que mudar hoje mesmo\" \/>\n<meta name=\"robots\" content=\"index, follow, max-snippet:-1, max-image-preview:large, max-video-preview:-1\" \/>\n<link rel=\"canonical\" href=\"https:\/\/www.correiobraziliense.com.br\/cbradar\/os-costumes-depois-do-almoco-que-podem-favorecer-o-acumulo-de-gordura-visceral\/\" \/>\n<meta property=\"og:locale\" content=\"pt_BR\" \/>\n<meta property=\"og:type\" content=\"article\" \/>\n<meta property=\"og:title\" content=\"Os costumes depois do almo\u00e7o que podem favorecer o ac\u00famulo de gordura visceral - Correio Braziliense - Radar\" \/>\n<meta property=\"og:description\" content=\"Alguns h\u00e1bitos ap\u00f3s o almo\u00e7o parecem inofensivos, mas impactam sua gordura abdominal. Entenda o que mudar hoje mesmo\" \/>\n<meta property=\"og:url\" content=\"https:\/\/www.correiobraziliense.com.br\/cbradar\/os-costumes-depois-do-almoco-que-podem-favorecer-o-acumulo-de-gordura-visceral\/\" \/>\n<meta property=\"og:site_name\" content=\"Correio Braziliense - Radar\" \/>\n<meta property=\"article:published_time\" content=\"2026-04-27T23:05:00+00:00\" \/>\n<meta property=\"og:image\" content=\"https:\/\/www.correiobraziliense.com.br\/cbradar\/wp-content\/uploads\/2026\/04\/download-2026-04-24T223731.232-1.png\" \/>\n\t<meta property=\"og:image:width\" content=\"1280\" \/>\n\t<meta property=\"og:image:height\" content=\"720\" \/>\n\t<meta property=\"og:image:type\" content=\"image\/png\" \/>\n<meta name=\"author\" content=\"Nicolas Otto\" \/>\n<meta name=\"twitter:card\" content=\"summary_large_image\" \/>\n<meta name=\"twitter:label1\" content=\"Escrito por\" \/>\n\t<meta name=\"twitter:data1\" content=\"Nicolas Otto\" \/>\n\t<meta name=\"twitter:label2\" content=\"Est. tempo de leitura\" \/>\n\t<meta name=\"twitter:data2\" content=\"4 minutos\" \/>\n<!-- \/ Yoast SEO plugin. -->","yoast_head_json":{"title":"Os costumes depois do almo\u00e7o que podem favorecer o ac\u00famulo de gordura visceral - Correio Braziliense - Radar","description":"Alguns h\u00e1bitos ap\u00f3s o almo\u00e7o parecem inofensivos, mas impactam sua gordura abdominal. Entenda o que mudar hoje mesmo","robots":{"index":"index","follow":"follow","max-snippet":"max-snippet:-1","max-image-preview":"max-image-preview:large","max-video-preview":"max-video-preview:-1"},"canonical":"https:\/\/www.correiobraziliense.com.br\/cbradar\/os-costumes-depois-do-almoco-que-podem-favorecer-o-acumulo-de-gordura-visceral\/","og_locale":"pt_BR","og_type":"article","og_title":"Os costumes depois do almo\u00e7o que podem favorecer o ac\u00famulo de gordura visceral - Correio Braziliense - Radar","og_description":"Alguns h\u00e1bitos ap\u00f3s o almo\u00e7o parecem inofensivos, mas impactam sua gordura abdominal. Entenda o que mudar hoje mesmo","og_url":"https:\/\/www.correiobraziliense.com.br\/cbradar\/os-costumes-depois-do-almoco-que-podem-favorecer-o-acumulo-de-gordura-visceral\/","og_site_name":"Correio Braziliense - Radar","article_published_time":"2026-04-27T23:05:00+00:00","og_image":[{"width":1280,"height":720,"url":"https:\/\/www.correiobraziliense.com.br\/cbradar\/wp-content\/uploads\/2026\/04\/download-2026-04-24T223731.232-1.png","type":"image\/png"}],"author":"Nicolas Otto","twitter_card":"summary_large_image","twitter_misc":{"Escrito por":"Nicolas Otto","Est. tempo de leitura":"4 minutos"},"schema":{"@context":"https:\/\/schema.org","@graph":[{"@type":"WebPage","@id":"https:\/\/www.correiobraziliense.com.br\/cbradar\/os-costumes-depois-do-almoco-que-podem-favorecer-o-acumulo-de-gordura-visceral\/","url":"https:\/\/www.correiobraziliense.com.br\/cbradar\/os-costumes-depois-do-almoco-que-podem-favorecer-o-acumulo-de-gordura-visceral\/","name":"Os costumes depois do almo\u00e7o que podem favorecer o ac\u00famulo de gordura visceral - Correio Braziliense - Radar","isPartOf":{"@id":"https:\/\/www.correiobraziliense.com.br\/cbradar\/#website"},"primaryImageOfPage":{"@id":"https:\/\/www.correiobraziliense.com.br\/cbradar\/os-costumes-depois-do-almoco-que-podem-favorecer-o-acumulo-de-gordura-visceral\/#primaryimage"},"image":{"@id":"https:\/\/www.correiobraziliense.com.br\/cbradar\/os-costumes-depois-do-almoco-que-podem-favorecer-o-acumulo-de-gordura-visceral\/#primaryimage"},"thumbnailUrl":"https:\/\/www.correiobraziliense.com.br\/cbradar\/wp-content\/uploads\/2026\/04\/download-2026-04-24T223731.232-1.png","datePublished":"2026-04-27T23:05:00+00:00","author":{"@id":"https:\/\/www.correiobraziliense.com.br\/cbradar\/#\/schema\/person\/3221b250518e74ac52c442d1c1236aaa"},"description":"Alguns h\u00e1bitos ap\u00f3s o almo\u00e7o parecem inofensivos, mas impactam sua gordura abdominal. Entenda o que mudar hoje mesmo","breadcrumb":{"@id":"https:\/\/www.correiobraziliense.com.br\/cbradar\/os-costumes-depois-do-almoco-que-podem-favorecer-o-acumulo-de-gordura-visceral\/#breadcrumb"},"inLanguage":"pt-BR","potentialAction":[{"@type":"ReadAction","target":["https:\/\/www.correiobraziliense.com.br\/cbradar\/os-costumes-depois-do-almoco-que-podem-favorecer-o-acumulo-de-gordura-visceral\/"]}]},{"@type":"ImageObject","inLanguage":"pt-BR","@id":"https:\/\/www.correiobraziliense.com.br\/cbradar\/os-costumes-depois-do-almoco-que-podem-favorecer-o-acumulo-de-gordura-visceral\/#primaryimage","url":"https:\/\/www.correiobraziliense.com.br\/cbradar\/wp-content\/uploads\/2026\/04\/download-2026-04-24T223731.232-1.png","contentUrl":"https:\/\/www.correiobraziliense.com.br\/cbradar\/wp-content\/uploads\/2026\/04\/download-2026-04-24T223731.232-1.png","width":1280,"height":720,"caption":"O que voc\u00ea faz ap\u00f3s o almo\u00e7o pode te surpreender"},{"@type":"BreadcrumbList","@id":"https:\/\/www.correiobraziliense.com.br\/cbradar\/os-costumes-depois-do-almoco-que-podem-favorecer-o-acumulo-de-gordura-visceral\/#breadcrumb","itemListElement":[{"@type":"ListItem","position":1,"name":"In\u00edcio","item":"https:\/\/www.correiobraziliense.com.br\/cbradar\/"},{"@type":"ListItem","position":2,"name":"Os costumes depois do almo\u00e7o que podem favorecer o ac\u00famulo de gordura visceral"}]},{"@type":"WebSite","@id":"https:\/\/www.correiobraziliense.com.br\/cbradar\/#website","url":"https:\/\/www.correiobraziliense.com.br\/cbradar\/","name":"Correio Braziliense - Radar","description":"Acompanhe as \u00faltimas not\u00edcias e fique bem informado sobre tudo o que acontece no Brasil e no mundo.","potentialAction":[{"@type":"SearchAction","target":{"@type":"EntryPoint","urlTemplate":"https:\/\/www.correiobraziliense.com.br\/cbradar\/?s={search_term_string}"},"query-input":{"@type":"PropertyValueSpecification","valueRequired":true,"valueName":"search_term_string"}}],"inLanguage":"pt-BR"},{"@type":"Person","@id":"https:\/\/www.correiobraziliense.com.br\/cbradar\/#\/schema\/person\/3221b250518e74ac52c442d1c1236aaa","name":"Nicolas Otto","image":{"@type":"ImageObject","inLanguage":"pt-BR","@id":"https:\/\/www.correiobraziliense.com.br\/cbradar\/#\/schema\/person\/image\/","url":"https:\/\/secure.gravatar.com\/avatar\/05925f730d72f0ea0df144f236adfb18?s=96&d=mm&r=g","contentUrl":"https:\/\/secure.gravatar.com\/avatar\/05925f730d72f0ea0df144f236adfb18?s=96&d=mm&r=g","caption":"Nicolas Otto"},"sameAs":["https:\/\/www.correiobraziliense.com.br\/cbradar\/"],"url":"https:\/\/www.correiobraziliense.com.br\/cbradar\/author\/nicolas-otto\/"}]}},"_links":{"self":[{"href":"https:\/\/www.correiobraziliense.com.br\/cbradar\/wp-json\/wp\/v2\/posts\/231558","targetHints":{"allow":["GET"]}}],"collection":[{"href":"https:\/\/www.correiobraziliense.com.br\/cbradar\/wp-json\/wp\/v2\/posts"}],"about":[{"href":"https:\/\/www.correiobraziliense.com.br\/cbradar\/wp-json\/wp\/v2\/types\/post"}],"author":[{"embeddable":true,"href":"https:\/\/www.correiobraziliense.com.br\/cbradar\/wp-json\/wp\/v2\/users\/23"}],"replies":[{"embeddable":true,"href":"https:\/\/www.correiobraziliense.com.br\/cbradar\/wp-json\/wp\/v2\/comments?post=231558"}],"version-history":[{"count":1,"href":"https:\/\/www.correiobraziliense.com.br\/cbradar\/wp-json\/wp\/v2\/posts\/231558\/revisions"}],"predecessor-version":[{"id":231563,"href":"https:\/\/www.correiobraziliense.com.br\/cbradar\/wp-json\/wp\/v2\/posts\/231558\/revisions\/231563"}],"wp:featuredmedia":[{"embeddable":true,"href":"https:\/\/www.correiobraziliense.com.br\/cbradar\/wp-json\/wp\/v2\/media\/231559"}],"wp:attachment":[{"href":"https:\/\/www.correiobraziliense.com.br\/cbradar\/wp-json\/wp\/v2\/media?parent=231558"}],"wp:term":[{"taxonomy":"category","embeddable":true,"href":"https:\/\/www.correiobraziliense.com.br\/cbradar\/wp-json\/wp\/v2\/categories?post=231558"},{"taxonomy":"post_tag","embeddable":true,"href":"https:\/\/www.correiobraziliense.com.br\/cbradar\/wp-json\/wp\/v2\/post_tag?post=231558"}],"curies":[{"name":"wp","href":"https:\/\/api.w.org\/{rel}","templated":true}]}}