{"id":231564,"date":"2026-04-27T19:45:00","date_gmt":"2026-04-27T22:45:00","guid":{"rendered":"https:\/\/www.correiobraziliense.com.br\/cbradar\/?p=231564"},"modified":"2026-04-24T22:51:55","modified_gmt":"2026-04-25T01:51:55","slug":"as-frutas-com-mais-fibra-do-que-a-maca-para-incluir-na-rotina-sem-complicacao","status":"publish","type":"post","link":"https:\/\/www.correiobraziliense.com.br\/cbradar\/as-frutas-com-mais-fibra-do-que-a-maca-para-incluir-na-rotina-sem-complicacao\/","title":{"rendered":"As frutas com mais fibra do que a ma\u00e7\u00e3 para incluir na rotina sem complica\u00e7\u00e3o"},"content":{"rendered":"\n<p>As fibras alimentares desempenham papel essencial na sa\u00fade digestiva e no controle glic\u00eamico, sendo frequentemente associadas \u00e0 ma\u00e7\u00e3. No entanto, diversas frutas apresentam quantidades iguais ou superiores desse nutriente, permitindo ampliar o card\u00e1pio sem complica\u00e7\u00e3o. Incluir essas op\u00e7\u00f5es na rotina favorece saciedade, equil\u00edbrio metab\u00f3lico e melhor funcionamento intestinal ao longo do dia.<\/p>\n\n\n\n<h2 class=\"wp-block-heading\">Quais frutas t\u00eam mais fibra do que a ma\u00e7\u00e3?<\/h2>\n\n\n\n<p>Embora a <a href=\"https:\/\/www.correiobraziliense.com.br\/cbradar\/o-que-o-vinagre-de-maca-faz-no-intestino-e-no-acucar-no-sangue\/\" target=\"_blank\" rel=\"noreferrer noopener\">ma\u00e7\u00e3 <\/a>seja popular pela presen\u00e7a de fibras, outras frutas oferecem<a href=\"https:\/\/www.health.com\/foods-with-more-fiber-than-an-apple-11904959\"> <\/a><a href=\"https:\/\/www.health.com\/foods-with-more-fiber-than-an-apple-11904959\" target=\"_blank\" rel=\"noreferrer noopener\">concentra\u00e7\u00f5es ainda maiores por por\u00e7\u00e3o<\/a>. Exemplos como <strong>pera<\/strong>, <strong>framboesa<\/strong> e <strong>goiaba<\/strong> se destacam por sua densidade nutricional. Essas alternativas contribuem para o aumento da ingest\u00e3o di\u00e1ria de fibras sem exigir mudan\u00e7as complexas na alimenta\u00e7\u00e3o.<\/p>\n\n\n\n<p>Al\u00e9m disso, muitas dessas frutas combinam fibras sol\u00faveis e insol\u00faveis, o que potencializa seus efeitos no organismo. Esse equil\u00edbrio auxilia tanto na digest\u00e3o quanto no controle do colesterol e da glicose. A diversidade tamb\u00e9m favorece uma alimenta\u00e7\u00e3o mais interessante e sustent\u00e1vel ao longo do tempo.<\/p>\n\n\n\n<figure class=\"wp-block-image size-full\"><img decoding=\"async\" width=\"1280\" height=\"720\" src=\"https:\/\/www.correiobraziliense.com.br\/cbradar\/wp-content\/uploads\/2026\/04\/download-2026-04-24T224916.819-1.png\" alt=\"\" class=\"wp-image-231577\" srcset=\"https:\/\/www.correiobraziliense.com.br\/cbradar\/wp-content\/uploads\/2026\/04\/download-2026-04-24T224916.819-1.png 1280w, https:\/\/www.correiobraziliense.com.br\/cbradar\/wp-content\/uploads\/2026\/04\/download-2026-04-24T224916.819-1-300x169.png 300w, https:\/\/www.correiobraziliense.com.br\/cbradar\/wp-content\/uploads\/2026\/04\/download-2026-04-24T224916.819-1-768x432.png 768w, https:\/\/www.correiobraziliense.com.br\/cbradar\/wp-content\/uploads\/2026\/04\/download-2026-04-24T224916.819-1-750x422.png 750w, https:\/\/www.correiobraziliense.com.br\/cbradar\/wp-content\/uploads\/2026\/04\/download-2026-04-24T224916.819-1-1140x641.png 1140w\" sizes=\"(max-width: 1280px) 100vw, 1280px\" \/><figcaption class=\"wp-element-caption\">Voc\u00ea n\u00e3o imagina quais frutas superam a ma\u00e7\u00e3<\/figcaption><\/figure>\n\n\n\n<h2 class=\"wp-block-heading\">Por que aumentar o consumo de fibras \u00e9 importante?<\/h2>\n\n\n\n<p>As fibras atuam diretamente no funcionamento intestinal, ajudando na forma\u00e7\u00e3o do bolo fecal e na regularidade digestiva. Tamb\u00e9m promovem maior sensa\u00e7\u00e3o de saciedade, o que pode contribuir para o controle do apetite e da ingest\u00e3o cal\u00f3rica ao longo do dia.<\/p>\n\n\n\n<p>Outro benef\u00edcio relevante est\u00e1 na modula\u00e7\u00e3o da microbiota intestinal. As fibras servem como substrato para bact\u00e9rias ben\u00e9ficas, melhorando o equil\u00edbrio interno. Esse processo impacta n\u00e3o apenas a digest\u00e3o, mas tamb\u00e9m aspectos metab\u00f3licos e imunol\u00f3gicos importantes para a sa\u00fade geral.<\/p>\n\n\n\n<h2 class=\"wp-block-heading\">Quais frutas pr\u00e1ticas podem substituir a ma\u00e7\u00e3 no dia a dia?<\/h2>\n\n\n\n<p>Existem frutas acess\u00edveis e f\u00e1ceis de incluir na rotina que oferecem excelente teor de fibras. Muitas podem ser consumidas in natura, em lanches r\u00e1pidos ou adicionadas a prepara\u00e7\u00f5es simples, sem necessidade de planejamento complexo.<\/p>\n\n\n\n<p>Veja algumas op\u00e7\u00f5es eficientes para variar o consumo:<\/p>\n\n\n\n<figure class=\"wp-block-image size-large\"><img decoding=\"async\" width=\"1069\" height=\"720\" src=\"https:\/\/www.correiobraziliense.com.br\/cbradar\/wp-content\/uploads\/2026\/04\/convertido-13-3-1069x720.jpg\" alt=\"\" class=\"wp-image-231569\" srcset=\"https:\/\/www.correiobraziliense.com.br\/cbradar\/wp-content\/uploads\/2026\/04\/convertido-13-3-1069x720.jpg 1069w, https:\/\/www.correiobraziliense.com.br\/cbradar\/wp-content\/uploads\/2026\/04\/convertido-13-3-300x202.jpg 300w, https:\/\/www.correiobraziliense.com.br\/cbradar\/wp-content\/uploads\/2026\/04\/convertido-13-3-768x517.jpg 768w, https:\/\/www.correiobraziliense.com.br\/cbradar\/wp-content\/uploads\/2026\/04\/convertido-13-3-750x505.jpg 750w, https:\/\/www.correiobraziliense.com.br\/cbradar\/wp-content\/uploads\/2026\/04\/convertido-13-3-1140x768.jpg 1140w, https:\/\/www.correiobraziliense.com.br\/cbradar\/wp-content\/uploads\/2026\/04\/convertido-13-3.jpg 1280w\" sizes=\"(max-width: 1069px) 100vw, 1069px\" \/><\/figure>\n\n\n\n<h2 class=\"wp-block-heading\">Como incluir essas frutas sem complicar a rotina?<\/h2>\n\n\n\n<p>A inclus\u00e3o pode ser feita de forma gradual, substituindo lanches tradicionais por frutas ricas em fibras. Combinar essas op\u00e7\u00f5es com iogurtes, cereais ou sementes tamb\u00e9m aumenta o valor nutricional das refei\u00e7\u00f5es sem exigir mudan\u00e7as bruscas nos h\u00e1bitos alimentares.<\/p>\n\n\n\n<p>Outra estrat\u00e9gia eficiente \u00e9 manter essas frutas sempre dispon\u00edveis e prontas para consumo. Isso reduz a depend\u00eancia de alimentos industrializados e facilita escolhas mais equilibradas. A praticidade \u00e9 um fator decisivo para manter a consist\u00eancia ao longo do tempo.<\/p>\n\n\n\n<p><br>Este v\u00eddeo do canal <strong>Nutricionista Patricia Leite,<\/strong> que j\u00e1 re\u00fane 8,17 milh\u00f5es de inscritos, foi selecionado especialmente para voc\u00ea que quer incluir o abacate na dieta de forma pr\u00e1tica e variada. As sugest\u00f5es s\u00e3o simples e ajudam a aproveitar melhor os benef\u00edcios desse alimento no dia a dia.<\/p>\n\n\n\n<figure class=\"wp-block-embed is-type-video is-provider-youtube wp-block-embed-youtube wp-embed-aspect-16-9 wp-has-aspect-ratio\"><div class=\"wp-block-embed__wrapper\">\n<div class=\"jeg_video_container jeg_video_content\"><iframe loading=\"lazy\" title=\"10 Formas de Usar Abacate na Dieta [SUPER DICAS e RECEITAS]\" width=\"500\" height=\"281\" src=\"https:\/\/www.youtube.com\/embed\/jRZGqeVb6E4?feature=oembed\" frameborder=\"0\" allow=\"accelerometer; autoplay; clipboard-write; encrypted-media; gyroscope; picture-in-picture; web-share\" referrerpolicy=\"strict-origin-when-cross-origin\" allowfullscreen><\/iframe><\/div>\n<\/div><\/figure>\n\n\n\n<h2 class=\"wp-block-heading\">A troca da ma\u00e7\u00e3 por outras frutas faz diferen\u00e7a?<\/h2>\n\n\n\n<p>Variar as fontes de fibras contribui para um perfil nutricional mais completo, sem depender de um \u00fanico alimento. Essa diversidade melhora a ingest\u00e3o de vitaminas, minerais e compostos bioativos, ampliando os benef\u00edcios para o organismo de forma geral.<\/p>\n\n\n\n<p>A mudan\u00e7a n\u00e3o precisa ser radical para gerar impacto. Pequenas substitui\u00e7\u00f5es, quando mantidas com regularidade, j\u00e1 promovem melhorias no funcionamento digestivo e no equil\u00edbrio metab\u00f3lico. O foco deve estar na consist\u00eancia e na variedade alimentar.<\/p>\n","protected":false},"excerpt":{"rendered":"<p>Voc\u00ea pode estar ignorando frutas com mais fibras que a ma\u00e7\u00e3. Veja alternativas pr\u00e1ticas que fazem diferen\u00e7a no dia a dia<\/p>\n","protected":false},"author":23,"featured_media":231576,"comment_status":"open","ping_status":"open","sticky":false,"template":"","format":"standard","meta":{"_yoast_wpseo_focuskw":"Fruta com mais fibra","_yoast_wpseo_title":"","_yoast_wpseo_metadesc":"Voc\u00ea pode estar ignorando frutas com mais fibras que a ma\u00e7\u00e3. Veja alternativas pr\u00e1ticas que fazem diferen\u00e7a no dia a dia","jnews-multi-image_gallery":[],"jnews_single_post":{"format":"standard"},"jnews_primary_category":[],"jnews_social_meta":[],"jnews_override_counter":[],"footnotes":""},"categories":[112],"post_tag":[],"class_list":["post-231564","post","type-post","status-publish","format-standard","has-post-thumbnail","hentry","category-curiosidades"],"yoast_head":"<!-- This site is optimized with the Yoast SEO plugin v24.6 - https:\/\/yoast.com\/wordpress\/plugins\/seo\/ -->\n<title>As frutas com mais fibra do que a ma\u00e7\u00e3 para incluir na rotina sem complica\u00e7\u00e3o - Correio Braziliense - Radar<\/title>\n<meta name=\"description\" content=\"Voc\u00ea pode estar ignorando frutas com mais fibras que a ma\u00e7\u00e3. Veja alternativas pr\u00e1ticas que fazem diferen\u00e7a no dia a dia\" \/>\n<meta name=\"robots\" content=\"index, follow, max-snippet:-1, max-image-preview:large, max-video-preview:-1\" \/>\n<link rel=\"canonical\" href=\"https:\/\/www.correiobraziliense.com.br\/cbradar\/as-frutas-com-mais-fibra-do-que-a-maca-para-incluir-na-rotina-sem-complicacao\/\" \/>\n<meta property=\"og:locale\" content=\"pt_BR\" \/>\n<meta property=\"og:type\" content=\"article\" \/>\n<meta property=\"og:title\" content=\"As frutas com mais fibra do que a ma\u00e7\u00e3 para incluir na rotina sem complica\u00e7\u00e3o - Correio Braziliense - Radar\" \/>\n<meta property=\"og:description\" content=\"Voc\u00ea pode estar ignorando frutas com mais fibras que a ma\u00e7\u00e3. Veja alternativas pr\u00e1ticas que fazem diferen\u00e7a no dia a dia\" \/>\n<meta property=\"og:url\" content=\"https:\/\/www.correiobraziliense.com.br\/cbradar\/as-frutas-com-mais-fibra-do-que-a-maca-para-incluir-na-rotina-sem-complicacao\/\" \/>\n<meta property=\"og:site_name\" content=\"Correio Braziliense - Radar\" \/>\n<meta property=\"article:published_time\" content=\"2026-04-27T22:45:00+00:00\" \/>\n<meta property=\"og:image\" content=\"https:\/\/www.correiobraziliense.com.br\/cbradar\/wp-content\/uploads\/2026\/04\/download-2026-04-24T224904.196-1.png\" \/>\n\t<meta property=\"og:image:width\" content=\"1280\" \/>\n\t<meta property=\"og:image:height\" content=\"720\" \/>\n\t<meta property=\"og:image:type\" content=\"image\/png\" \/>\n<meta name=\"author\" content=\"Nicolas Otto\" \/>\n<meta name=\"twitter:card\" content=\"summary_large_image\" \/>\n<meta name=\"twitter:label1\" content=\"Escrito por\" \/>\n\t<meta name=\"twitter:data1\" content=\"Nicolas Otto\" \/>\n\t<meta name=\"twitter:label2\" content=\"Est. tempo de leitura\" \/>\n\t<meta name=\"twitter:data2\" content=\"4 minutos\" \/>\n<!-- \/ Yoast SEO plugin. -->","yoast_head_json":{"title":"As frutas com mais fibra do que a ma\u00e7\u00e3 para incluir na rotina sem complica\u00e7\u00e3o - Correio Braziliense - Radar","description":"Voc\u00ea pode estar ignorando frutas com mais fibras que a ma\u00e7\u00e3. Veja alternativas pr\u00e1ticas que fazem diferen\u00e7a no dia a dia","robots":{"index":"index","follow":"follow","max-snippet":"max-snippet:-1","max-image-preview":"max-image-preview:large","max-video-preview":"max-video-preview:-1"},"canonical":"https:\/\/www.correiobraziliense.com.br\/cbradar\/as-frutas-com-mais-fibra-do-que-a-maca-para-incluir-na-rotina-sem-complicacao\/","og_locale":"pt_BR","og_type":"article","og_title":"As frutas com mais fibra do que a ma\u00e7\u00e3 para incluir na rotina sem complica\u00e7\u00e3o - Correio Braziliense - Radar","og_description":"Voc\u00ea pode estar ignorando frutas com mais fibras que a ma\u00e7\u00e3. Veja alternativas pr\u00e1ticas que fazem diferen\u00e7a no dia a dia","og_url":"https:\/\/www.correiobraziliense.com.br\/cbradar\/as-frutas-com-mais-fibra-do-que-a-maca-para-incluir-na-rotina-sem-complicacao\/","og_site_name":"Correio Braziliense - Radar","article_published_time":"2026-04-27T22:45:00+00:00","og_image":[{"width":1280,"height":720,"url":"https:\/\/www.correiobraziliense.com.br\/cbradar\/wp-content\/uploads\/2026\/04\/download-2026-04-24T224904.196-1.png","type":"image\/png"}],"author":"Nicolas Otto","twitter_card":"summary_large_image","twitter_misc":{"Escrito por":"Nicolas Otto","Est. tempo de leitura":"4 minutos"},"schema":{"@context":"https:\/\/schema.org","@graph":[{"@type":"WebPage","@id":"https:\/\/www.correiobraziliense.com.br\/cbradar\/as-frutas-com-mais-fibra-do-que-a-maca-para-incluir-na-rotina-sem-complicacao\/","url":"https:\/\/www.correiobraziliense.com.br\/cbradar\/as-frutas-com-mais-fibra-do-que-a-maca-para-incluir-na-rotina-sem-complicacao\/","name":"As frutas com mais fibra do que a ma\u00e7\u00e3 para incluir na rotina sem complica\u00e7\u00e3o - Correio Braziliense - Radar","isPartOf":{"@id":"https:\/\/www.correiobraziliense.com.br\/cbradar\/#website"},"primaryImageOfPage":{"@id":"https:\/\/www.correiobraziliense.com.br\/cbradar\/as-frutas-com-mais-fibra-do-que-a-maca-para-incluir-na-rotina-sem-complicacao\/#primaryimage"},"image":{"@id":"https:\/\/www.correiobraziliense.com.br\/cbradar\/as-frutas-com-mais-fibra-do-que-a-maca-para-incluir-na-rotina-sem-complicacao\/#primaryimage"},"thumbnailUrl":"https:\/\/www.correiobraziliense.com.br\/cbradar\/wp-content\/uploads\/2026\/04\/download-2026-04-24T224904.196-1.png","datePublished":"2026-04-27T22:45:00+00:00","author":{"@id":"https:\/\/www.correiobraziliense.com.br\/cbradar\/#\/schema\/person\/3221b250518e74ac52c442d1c1236aaa"},"description":"Voc\u00ea pode estar ignorando frutas com mais fibras que a ma\u00e7\u00e3. Veja alternativas pr\u00e1ticas que fazem diferen\u00e7a no dia a dia","breadcrumb":{"@id":"https:\/\/www.correiobraziliense.com.br\/cbradar\/as-frutas-com-mais-fibra-do-que-a-maca-para-incluir-na-rotina-sem-complicacao\/#breadcrumb"},"inLanguage":"pt-BR","potentialAction":[{"@type":"ReadAction","target":["https:\/\/www.correiobraziliense.com.br\/cbradar\/as-frutas-com-mais-fibra-do-que-a-maca-para-incluir-na-rotina-sem-complicacao\/"]}]},{"@type":"ImageObject","inLanguage":"pt-BR","@id":"https:\/\/www.correiobraziliense.com.br\/cbradar\/as-frutas-com-mais-fibra-do-que-a-maca-para-incluir-na-rotina-sem-complicacao\/#primaryimage","url":"https:\/\/www.correiobraziliense.com.br\/cbradar\/wp-content\/uploads\/2026\/04\/download-2026-04-24T224904.196-1.png","contentUrl":"https:\/\/www.correiobraziliense.com.br\/cbradar\/wp-content\/uploads\/2026\/04\/download-2026-04-24T224904.196-1.png","width":1280,"height":720,"caption":"Voc\u00ea n\u00e3o imagina quais frutas superam a ma\u00e7\u00e3"},{"@type":"BreadcrumbList","@id":"https:\/\/www.correiobraziliense.com.br\/cbradar\/as-frutas-com-mais-fibra-do-que-a-maca-para-incluir-na-rotina-sem-complicacao\/#breadcrumb","itemListElement":[{"@type":"ListItem","position":1,"name":"In\u00edcio","item":"https:\/\/www.correiobraziliense.com.br\/cbradar\/"},{"@type":"ListItem","position":2,"name":"As frutas com mais fibra do que a ma\u00e7\u00e3 para incluir na rotina sem complica\u00e7\u00e3o"}]},{"@type":"WebSite","@id":"https:\/\/www.correiobraziliense.com.br\/cbradar\/#website","url":"https:\/\/www.correiobraziliense.com.br\/cbradar\/","name":"Correio Braziliense - Radar","description":"Acompanhe as \u00faltimas not\u00edcias e fique bem informado sobre tudo o que acontece no Brasil e no mundo.","potentialAction":[{"@type":"SearchAction","target":{"@type":"EntryPoint","urlTemplate":"https:\/\/www.correiobraziliense.com.br\/cbradar\/?s={search_term_string}"},"query-input":{"@type":"PropertyValueSpecification","valueRequired":true,"valueName":"search_term_string"}}],"inLanguage":"pt-BR"},{"@type":"Person","@id":"https:\/\/www.correiobraziliense.com.br\/cbradar\/#\/schema\/person\/3221b250518e74ac52c442d1c1236aaa","name":"Nicolas Otto","image":{"@type":"ImageObject","inLanguage":"pt-BR","@id":"https:\/\/www.correiobraziliense.com.br\/cbradar\/#\/schema\/person\/image\/","url":"https:\/\/secure.gravatar.com\/avatar\/05925f730d72f0ea0df144f236adfb18?s=96&d=mm&r=g","contentUrl":"https:\/\/secure.gravatar.com\/avatar\/05925f730d72f0ea0df144f236adfb18?s=96&d=mm&r=g","caption":"Nicolas Otto"},"sameAs":["https:\/\/www.correiobraziliense.com.br\/cbradar\/"],"url":"https:\/\/www.correiobraziliense.com.br\/cbradar\/author\/nicolas-otto\/"}]}},"_links":{"self":[{"href":"https:\/\/www.correiobraziliense.com.br\/cbradar\/wp-json\/wp\/v2\/posts\/231564","targetHints":{"allow":["GET"]}}],"collection":[{"href":"https:\/\/www.correiobraziliense.com.br\/cbradar\/wp-json\/wp\/v2\/posts"}],"about":[{"href":"https:\/\/www.correiobraziliense.com.br\/cbradar\/wp-json\/wp\/v2\/types\/post"}],"author":[{"embeddable":true,"href":"https:\/\/www.correiobraziliense.com.br\/cbradar\/wp-json\/wp\/v2\/users\/23"}],"replies":[{"embeddable":true,"href":"https:\/\/www.correiobraziliense.com.br\/cbradar\/wp-json\/wp\/v2\/comments?post=231564"}],"version-history":[{"count":1,"href":"https:\/\/www.correiobraziliense.com.br\/cbradar\/wp-json\/wp\/v2\/posts\/231564\/revisions"}],"predecessor-version":[{"id":231580,"href":"https:\/\/www.correiobraziliense.com.br\/cbradar\/wp-json\/wp\/v2\/posts\/231564\/revisions\/231580"}],"wp:featuredmedia":[{"embeddable":true,"href":"https:\/\/www.correiobraziliense.com.br\/cbradar\/wp-json\/wp\/v2\/media\/231576"}],"wp:attachment":[{"href":"https:\/\/www.correiobraziliense.com.br\/cbradar\/wp-json\/wp\/v2\/media?parent=231564"}],"wp:term":[{"taxonomy":"category","embeddable":true,"href":"https:\/\/www.correiobraziliense.com.br\/cbradar\/wp-json\/wp\/v2\/categories?post=231564"},{"taxonomy":"post_tag","embeddable":true,"href":"https:\/\/www.correiobraziliense.com.br\/cbradar\/wp-json\/wp\/v2\/post_tag?post=231564"}],"curies":[{"name":"wp","href":"https:\/\/api.w.org\/{rel}","templated":true}]}}