{"id":231622,"date":"2026-04-28T16:55:00","date_gmt":"2026-04-28T19:55:00","guid":{"rendered":"https:\/\/www.correiobraziliense.com.br\/cbradar\/?p=231622"},"modified":"2026-04-27T13:18:51","modified_gmt":"2026-04-27T16:18:51","slug":"cozinhas-mais-inteligentes-quais-tecnologias-estao-transformando-os-ambientes-domesticos-em-2026","status":"publish","type":"post","link":"https:\/\/www.correiobraziliense.com.br\/cbradar\/cozinhas-mais-inteligentes-quais-tecnologias-estao-transformando-os-ambientes-domesticos-em-2026\/","title":{"rendered":"Cozinhas mais inteligentes: quais tecnologias est\u00e3o transformando os ambientes dom\u00e9sticos em 2026"},"content":{"rendered":"\n<p>Voc\u00ea j\u00e1 imaginou abrir a geladeira e ela sugerir uma receita com os ingredientes que est\u00e3o prestes a vencer? As <strong>cozinhas inteligentes 2026<\/strong> fazem exatamente isso. O que antes era apenas um espa\u00e7o de preparo virou um <strong>ecossistema conectado<\/strong>, onde intelig\u00eancia artificial, sensores e automa\u00e7\u00e3o trabalham juntos para reduzir o desperd\u00edcio e facilitar cada etapa do preparo das refei\u00e7\u00f5es.<\/p>\n\n\n\n<h2 class=\"wp-block-heading\">Por que as cozinhas inteligentes deixaram de ser artigo de luxo?<\/h2>\n\n\n\n<p>O mercado de <strong>eletrodom\u00e9sticos inteligentes<\/strong> atingiu <strong>US$ 54,7 bilh\u00f5es<\/strong> globalmente em 2026 e a proje\u00e7\u00e3o \u00e9 que alcance <strong>US$ 166,8 bilh\u00f5es at\u00e9 2034<\/strong>. Os pre\u00e7os est\u00e3o mais acess\u00edveis: uma air fryer com IA j\u00e1 pode ser encontrada por cerca de <strong>R$ 719<\/strong> no varejo brasileiro.<\/p>\n\n\n\n<p>O movimento n\u00e3o \u00e9 mais sobre exibi\u00e7\u00e3o tecnol\u00f3gica. Empresas como <strong>Samsung<\/strong>, <strong>LG<\/strong> e <strong>Brastemp<\/strong> competem para entregar fun\u00e7\u00f5es que economizam tempo real no preparo de alimentos e na conserva\u00e7\u00e3o de ingredientes.<\/p>\n\n\n<div class=\"wp-block-image\">\n<figure class=\"aligncenter size-full\"><img decoding=\"async\" width=\"1280\" height=\"720\" src=\"https:\/\/www.correiobraziliense.com.br\/cbradar\/wp-content\/uploads\/2026\/04\/IMAGEM_720p_1777088173030.jpg\" alt=\"Apresentar as principais inova\u00e7\u00f5es tecnol\u00f3gicas que est\u00e3o redefinindo as cozinhas dom\u00e9sticas em 2026\" class=\"wp-image-231623\" srcset=\"https:\/\/www.correiobraziliense.com.br\/cbradar\/wp-content\/uploads\/2026\/04\/IMAGEM_720p_1777088173030.jpg 1280w, https:\/\/www.correiobraziliense.com.br\/cbradar\/wp-content\/uploads\/2026\/04\/IMAGEM_720p_1777088173030-300x169.jpg 300w, https:\/\/www.correiobraziliense.com.br\/cbradar\/wp-content\/uploads\/2026\/04\/IMAGEM_720p_1777088173030-768x432.jpg 768w, https:\/\/www.correiobraziliense.com.br\/cbradar\/wp-content\/uploads\/2026\/04\/IMAGEM_720p_1777088173030-750x422.jpg 750w, https:\/\/www.correiobraziliense.com.br\/cbradar\/wp-content\/uploads\/2026\/04\/IMAGEM_720p_1777088173030-1140x641.jpg 1140w\" sizes=\"(max-width: 1280px) 100vw, 1280px\" \/><figcaption class=\"wp-element-caption\">Apresentar as principais inova\u00e7\u00f5es tecnol\u00f3gicas que est\u00e3o redefinindo as cozinhas dom\u00e9sticas em 2026<\/figcaption><\/figure><\/div>\n\n\n<h2 class=\"wp-block-heading\">Como a intelig\u00eancia artificial est\u00e1 mudando o preparo das refei\u00e7\u00f5es?<\/h2>\n\n\n\n<p>Em 2026, a geladeira deixou de ser um simples refrigerador. O modelo <strong>Family Hub da Samsung<\/strong> reconhece at\u00e9 <strong>37 tipos de alimentos frescos<\/strong> por c\u00e2meras internas, monitora datas de validade e monta listas de compras que podem ser sincronizadas com aplicativos de mercado.<\/p>\n\n\n\n<p>Do outro lado do fog\u00e3o, a intelig\u00eancia artificial tamb\u00e9m toma decis\u00f5es. Na feira <strong>World IT Show 2026<\/strong>, em Seul, a LG demonstrou um cooktop que detecta quando o caldo est\u00e1 prestes a ferver e ajusta a temperatura automaticamente para evitar que transborde. O forno, por sua vez, usa vis\u00e3o computacional para identificar o alimento colocado na assadeira e sugerir o tempo e a temperatura ideais de preparo.<\/p>\n\n\n\n<h2 class=\"wp-block-heading\">Os eletrodom\u00e9sticos inteligentes gastam menos energia?<\/h2>\n\n\n\n<p>A economia de energia \u00e9 um dos pilares da nova gera\u00e7\u00e3o de cozinhas inteligentes. A linha <strong>B= Smart da Brastemp<\/strong> utiliza sensores com IA para manter a temperatura est\u00e1vel mesmo com o abre-e-fecha constante das portas, o que prolonga a conserva\u00e7\u00e3o e reduz o consumo el\u00e9trico em at\u00e9 <strong>25%<\/strong>.<\/p>\n\n\n\n<p>O gerenciamento inteligente de recursos tamb\u00e9m aparece nas lava-lou\u00e7as e nos fornos. O ecossistema <strong>HomeWhiz<\/strong>, adotado por marcas como <strong>Beko<\/strong> e <strong>Whirlpool<\/strong>, permite acompanhar pelo celular o consumo di\u00e1rio, semanal e mensal de \u00e1gua e energia de cada eletrodom\u00e9stico. Essa granularidade de dados permite que as fam\u00edlias ajustem h\u00e1bitos e cortem gastos com precis\u00e3o.<\/p>\n\n\n\n<p>Leia tamb\u00e9m: <a href=\"https:\/\/www.correiobraziliense.com.br\/cbradar\/a-psicologia-aponta-que-adultos-que-evitam-conflitos-nao-sao-mais-maduros-mas-aprenderam-na-infancia-que-expressar-emocoes-gerava-punicao\/\" target=\"_blank\" rel=\"noreferrer noopener\">A psicologia aponta que adultos que evitam conflitos n\u00e3o s\u00e3o mais maduros, mas aprenderam na inf\u00e2ncia que expressar emo\u00e7\u00f5es gerava puni\u00e7\u00e3o<\/a><\/p>\n\n\n\n<h2 class=\"wp-block-heading\">O que s\u00e3o os eletrodom\u00e9sticos &#8220;invis\u00edveis&#8221; que est\u00e3o dominando as cozinhas?<\/h2>\n\n\n\n<p>A est\u00e9tica tamb\u00e9m entrou na equa\u00e7\u00e3o tecnol\u00f3gica. Na <strong>EuroCucina 2026<\/strong>, em Mil\u00e3o, LG e Samsung apresentaram linhas de eletrodom\u00e9sticos que se integram visualmente aos m\u00f3veis. Geladeiras, lava-lou\u00e7as e fornos embutidos ficam ocultos atr\u00e1s de portas de madeira, com comandos que s\u00f3 aparecem quando ativados por toque ou aproxima\u00e7\u00e3o.<\/p>\n\n\n\n<p>A <a href=\"https:\/\/www.techtudo.com.br\/listas\/2026\/04\/eletrodomesticos-inteligentes-para-deixar-sua-cozinha-mais-conectada-edqualcomprarlb.ghtml\" target=\"_blank\" rel=\"noreferrer noopener\"><strong>TechTudo<\/strong><\/a> destacou que essa tend\u00eancia de &#8220;cozinha oculta&#8221; j\u00e1 chegou ao varejo brasileiro. As coifas inteligentes tamb\u00e9m acompanham o movimento: modelos com sensores de fuma\u00e7a e controle touch substitu\u00edram os exaustores barulhentos, operando com suc\u00e7\u00e3o de at\u00e9 <strong>1200 m\u00b3\/h<\/strong> com o dobro de sil\u00eancio.<\/p>\n\n\n<div class=\"wp-block-image\">\n<figure class=\"aligncenter size-full\"><img decoding=\"async\" width=\"1280\" height=\"720\" src=\"https:\/\/www.correiobraziliense.com.br\/cbradar\/wp-content\/uploads\/2026\/04\/IMAGEM_720p_1777088175986.jpg\" alt=\"Apresentar as principais inova\u00e7\u00f5es tecnol\u00f3gicas que est\u00e3o redefinindo as cozinhas dom\u00e9sticas em 2026\" class=\"wp-image-231624\" srcset=\"https:\/\/www.correiobraziliense.com.br\/cbradar\/wp-content\/uploads\/2026\/04\/IMAGEM_720p_1777088175986.jpg 1280w, https:\/\/www.correiobraziliense.com.br\/cbradar\/wp-content\/uploads\/2026\/04\/IMAGEM_720p_1777088175986-300x169.jpg 300w, https:\/\/www.correiobraziliense.com.br\/cbradar\/wp-content\/uploads\/2026\/04\/IMAGEM_720p_1777088175986-768x432.jpg 768w, https:\/\/www.correiobraziliense.com.br\/cbradar\/wp-content\/uploads\/2026\/04\/IMAGEM_720p_1777088175986-750x422.jpg 750w, https:\/\/www.correiobraziliense.com.br\/cbradar\/wp-content\/uploads\/2026\/04\/IMAGEM_720p_1777088175986-1140x641.jpg 1140w\" sizes=\"(max-width: 1280px) 100vw, 1280px\" \/><figcaption class=\"wp-element-caption\">Apresentar as principais inova\u00e7\u00f5es tecnol\u00f3gicas que est\u00e3o redefinindo as cozinhas dom\u00e9sticas em 2026<\/figcaption><\/figure><\/div>\n\n\n<h2 class=\"wp-block-heading\">Os rob\u00f4s v\u00e3o substituir o cozinheiro em casa?<\/h2>\n\n\n\n<p>Em 2026, a rob\u00f3tica est\u00e1 mais perto do fog\u00e3o dom\u00e9stico, mas ainda n\u00e3o tomou conta dele. Na feira <strong>AWE 2026<\/strong>, em Xangai, a fabricante <strong>Fangtai<\/strong> demonstrou o primeiro rob\u00f4 de cozinha capaz de executar sozinho o ciclo completo: preparar ingredientes, cozinhar, servir e limpar. Ainda \u00e9 um prot\u00f3tipo comercial, mas o avan\u00e7o indica que a tecnologia est\u00e1 amadurecendo.<\/p>\n\n\n\n<p>Para o uso dom\u00e9stico imediato, a aposta est\u00e1 em aparelhos multifuncionais com alguma dose de automa\u00e7\u00e3o. Fornos compactos <strong>6 em 1<\/strong> re\u00fanem air fryer, vapor, micro-ondas e outros modos, enquanto assistentes de voz integrados permitem acionar temporizadores, ajustar temperaturas e consultar receitas com as m\u00e3os ocupadas.<\/p>\n\n\n\n<h2 class=\"wp-block-heading\">O pre\u00e7o dessas inova\u00e7\u00f5es compensa para o consumidor brasileiro?<\/h2>\n\n\n\n<p>A ado\u00e7\u00e3o em massa no Brasil ainda esbarra no custo inicial, mas o cen\u00e1rio est\u00e1 mudando r\u00e1pido. Uma <strong>geladeira smart com IA<\/strong> pode ser encontrada a partir de <strong>R$ 4.802<\/strong>, enquanto op\u00e7\u00f5es mais enxutas em conectividade j\u00e1 aparecem na faixa dos <strong>R$ 3.000<\/strong>.<\/p>\n\n\n\n<p>O que torna o investimento mais palat\u00e1vel em 2026 \u00e9 a economia gerada ao longo do uso. A combina\u00e7\u00e3o de <strong>conserva\u00e7\u00e3o prolongada de alimentos<\/strong>, <strong>efici\u00eancia energ\u00e9tica aprimorada<\/strong> e <strong>redu\u00e7\u00e3o do desperd\u00edcio<\/strong> faz com que a conta feche no m\u00e9dio prazo. O antigo sonho de uma cozinha que pensa junto com voc\u00ea est\u00e1, enfim, virando realidade acess\u00edvel.<\/p>\n","protected":false},"excerpt":{"rendered":"<p>Voc\u00ea j\u00e1 imaginou abrir a geladeira e ela sugerir uma receita com os ingredientes que est\u00e3o prestes a vencer? As cozinhas inteligentes 2026 fazem exatamente isso. O que antes era apenas um espa\u00e7o de preparo virou um ecossistema conectado, onde intelig\u00eancia artificial, sensores e automa\u00e7\u00e3o trabalham juntos para reduzir o desperd\u00edcio e facilitar cada etapa [&hellip;]<\/p>\n","protected":false},"author":11,"featured_media":233184,"comment_status":"open","ping_status":"open","sticky":false,"template":"","format":"standard","meta":{"_yoast_wpseo_focuskw":"cozinhas inteligentes 2026","_yoast_wpseo_title":"","_yoast_wpseo_metadesc":"Sua cozinha j\u00e1 sabe o que voc\u00ea vai jantar? Em 2026, geladeiras com IA, cooktops que preveem acidentes e eletrodom\u00e9sticos que se camuflam nos m\u00f3veis n\u00e3o s\u00e3o mais fic\u00e7\u00e3o.","jnews-multi-image_gallery":[],"jnews_single_post":{"format":"standard"},"jnews_primary_category":[],"jnews_social_meta":[],"jnews_override_counter":[],"footnotes":""},"categories":[143],"post_tag":[],"class_list":["post-231622","post","type-post","status-publish","format-standard","has-post-thumbnail","hentry","category-casa-e-decoracao"],"yoast_head":"<!-- This site is optimized with the Yoast SEO plugin v24.6 - https:\/\/yoast.com\/wordpress\/plugins\/seo\/ -->\n<title>Cozinhas mais inteligentes: quais tecnologias est\u00e3o transformando os ambientes dom\u00e9sticos em 2026 - Correio Braziliense - Radar<\/title>\n<meta name=\"description\" content=\"Sua cozinha j\u00e1 sabe o que voc\u00ea vai jantar? Em 2026, geladeiras com IA, cooktops que preveem acidentes e eletrodom\u00e9sticos que se camuflam nos m\u00f3veis n\u00e3o s\u00e3o mais fic\u00e7\u00e3o.\" \/>\n<meta name=\"robots\" content=\"index, follow, max-snippet:-1, max-image-preview:large, max-video-preview:-1\" \/>\n<link rel=\"canonical\" href=\"https:\/\/www.correiobraziliense.com.br\/cbradar\/cozinhas-mais-inteligentes-quais-tecnologias-estao-transformando-os-ambientes-domesticos-em-2026\/\" \/>\n<meta property=\"og:locale\" content=\"pt_BR\" \/>\n<meta property=\"og:type\" content=\"article\" \/>\n<meta property=\"og:title\" content=\"Cozinhas mais inteligentes: quais tecnologias est\u00e3o transformando os ambientes dom\u00e9sticos em 2026 - Correio Braziliense - Radar\" \/>\n<meta property=\"og:description\" content=\"Sua cozinha j\u00e1 sabe o que voc\u00ea vai jantar? Em 2026, geladeiras com IA, cooktops que preveem acidentes e eletrodom\u00e9sticos que se camuflam nos m\u00f3veis n\u00e3o s\u00e3o mais fic\u00e7\u00e3o.\" \/>\n<meta property=\"og:url\" content=\"https:\/\/www.correiobraziliense.com.br\/cbradar\/cozinhas-mais-inteligentes-quais-tecnologias-estao-transformando-os-ambientes-domesticos-em-2026\/\" \/>\n<meta property=\"og:site_name\" content=\"Correio Braziliense - Radar\" \/>\n<meta property=\"article:published_time\" content=\"2026-04-28T19:55:00+00:00\" \/>\n<meta property=\"og:image\" content=\"https:\/\/www.correiobraziliense.com.br\/cbradar\/wp-content\/uploads\/2026\/04\/Cozinha_moderna_com_202604271306.jpeg\" \/>\n\t<meta property=\"og:image:width\" content=\"1280\" \/>\n\t<meta property=\"og:image:height\" content=\"720\" \/>\n\t<meta property=\"og:image:type\" content=\"image\/jpeg\" \/>\n<meta name=\"author\" content=\"Paulo Custodio\" \/>\n<meta name=\"twitter:card\" content=\"summary_large_image\" \/>\n<meta name=\"twitter:label1\" content=\"Escrito por\" \/>\n\t<meta name=\"twitter:data1\" content=\"Paulo Custodio\" \/>\n\t<meta name=\"twitter:label2\" content=\"Est. tempo de leitura\" \/>\n\t<meta name=\"twitter:data2\" content=\"5 minutos\" \/>\n<!-- \/ Yoast SEO plugin. -->","yoast_head_json":{"title":"Cozinhas mais inteligentes: quais tecnologias est\u00e3o transformando os ambientes dom\u00e9sticos em 2026 - Correio Braziliense - Radar","description":"Sua cozinha j\u00e1 sabe o que voc\u00ea vai jantar? Em 2026, geladeiras com IA, cooktops que preveem acidentes e eletrodom\u00e9sticos que se camuflam nos m\u00f3veis n\u00e3o s\u00e3o mais fic\u00e7\u00e3o.","robots":{"index":"index","follow":"follow","max-snippet":"max-snippet:-1","max-image-preview":"max-image-preview:large","max-video-preview":"max-video-preview:-1"},"canonical":"https:\/\/www.correiobraziliense.com.br\/cbradar\/cozinhas-mais-inteligentes-quais-tecnologias-estao-transformando-os-ambientes-domesticos-em-2026\/","og_locale":"pt_BR","og_type":"article","og_title":"Cozinhas mais inteligentes: quais tecnologias est\u00e3o transformando os ambientes dom\u00e9sticos em 2026 - Correio Braziliense - Radar","og_description":"Sua cozinha j\u00e1 sabe o que voc\u00ea vai jantar? Em 2026, geladeiras com IA, cooktops que preveem acidentes e eletrodom\u00e9sticos que se camuflam nos m\u00f3veis n\u00e3o s\u00e3o mais fic\u00e7\u00e3o.","og_url":"https:\/\/www.correiobraziliense.com.br\/cbradar\/cozinhas-mais-inteligentes-quais-tecnologias-estao-transformando-os-ambientes-domesticos-em-2026\/","og_site_name":"Correio Braziliense - Radar","article_published_time":"2026-04-28T19:55:00+00:00","og_image":[{"width":1280,"height":720,"url":"https:\/\/www.correiobraziliense.com.br\/cbradar\/wp-content\/uploads\/2026\/04\/Cozinha_moderna_com_202604271306.jpeg","type":"image\/jpeg"}],"author":"Paulo Custodio","twitter_card":"summary_large_image","twitter_misc":{"Escrito por":"Paulo Custodio","Est. tempo de leitura":"5 minutos"},"schema":{"@context":"https:\/\/schema.org","@graph":[{"@type":"WebPage","@id":"https:\/\/www.correiobraziliense.com.br\/cbradar\/cozinhas-mais-inteligentes-quais-tecnologias-estao-transformando-os-ambientes-domesticos-em-2026\/","url":"https:\/\/www.correiobraziliense.com.br\/cbradar\/cozinhas-mais-inteligentes-quais-tecnologias-estao-transformando-os-ambientes-domesticos-em-2026\/","name":"Cozinhas mais inteligentes: quais tecnologias est\u00e3o transformando os ambientes dom\u00e9sticos em 2026 - Correio Braziliense - Radar","isPartOf":{"@id":"https:\/\/www.correiobraziliense.com.br\/cbradar\/#website"},"primaryImageOfPage":{"@id":"https:\/\/www.correiobraziliense.com.br\/cbradar\/cozinhas-mais-inteligentes-quais-tecnologias-estao-transformando-os-ambientes-domesticos-em-2026\/#primaryimage"},"image":{"@id":"https:\/\/www.correiobraziliense.com.br\/cbradar\/cozinhas-mais-inteligentes-quais-tecnologias-estao-transformando-os-ambientes-domesticos-em-2026\/#primaryimage"},"thumbnailUrl":"https:\/\/www.correiobraziliense.com.br\/cbradar\/wp-content\/uploads\/2026\/04\/Cozinha_moderna_com_202604271306.jpeg","datePublished":"2026-04-28T19:55:00+00:00","author":{"@id":"https:\/\/www.correiobraziliense.com.br\/cbradar\/#\/schema\/person\/4cec7857301a9a1a2ef249893cd908d3"},"description":"Sua cozinha j\u00e1 sabe o que voc\u00ea vai jantar? Em 2026, geladeiras com IA, cooktops que preveem acidentes e eletrodom\u00e9sticos que se camuflam nos m\u00f3veis n\u00e3o s\u00e3o mais fic\u00e7\u00e3o.","breadcrumb":{"@id":"https:\/\/www.correiobraziliense.com.br\/cbradar\/cozinhas-mais-inteligentes-quais-tecnologias-estao-transformando-os-ambientes-domesticos-em-2026\/#breadcrumb"},"inLanguage":"pt-BR","potentialAction":[{"@type":"ReadAction","target":["https:\/\/www.correiobraziliense.com.br\/cbradar\/cozinhas-mais-inteligentes-quais-tecnologias-estao-transformando-os-ambientes-domesticos-em-2026\/"]}]},{"@type":"ImageObject","inLanguage":"pt-BR","@id":"https:\/\/www.correiobraziliense.com.br\/cbradar\/cozinhas-mais-inteligentes-quais-tecnologias-estao-transformando-os-ambientes-domesticos-em-2026\/#primaryimage","url":"https:\/\/www.correiobraziliense.com.br\/cbradar\/wp-content\/uploads\/2026\/04\/Cozinha_moderna_com_202604271306.jpeg","contentUrl":"https:\/\/www.correiobraziliense.com.br\/cbradar\/wp-content\/uploads\/2026\/04\/Cozinha_moderna_com_202604271306.jpeg","width":1280,"height":720,"caption":"Automa\u00e7\u00e3o residencial est\u00e1 cada vez mais presente nas cozinhas modernas"},{"@type":"BreadcrumbList","@id":"https:\/\/www.correiobraziliense.com.br\/cbradar\/cozinhas-mais-inteligentes-quais-tecnologias-estao-transformando-os-ambientes-domesticos-em-2026\/#breadcrumb","itemListElement":[{"@type":"ListItem","position":1,"name":"In\u00edcio","item":"https:\/\/www.correiobraziliense.com.br\/cbradar\/"},{"@type":"ListItem","position":2,"name":"Cozinhas mais inteligentes: quais tecnologias est\u00e3o transformando os ambientes dom\u00e9sticos em 2026"}]},{"@type":"WebSite","@id":"https:\/\/www.correiobraziliense.com.br\/cbradar\/#website","url":"https:\/\/www.correiobraziliense.com.br\/cbradar\/","name":"Correio Braziliense - Radar","description":"Acompanhe as \u00faltimas not\u00edcias e fique bem informado sobre tudo o que acontece no Brasil e no mundo.","potentialAction":[{"@type":"SearchAction","target":{"@type":"EntryPoint","urlTemplate":"https:\/\/www.correiobraziliense.com.br\/cbradar\/?s={search_term_string}"},"query-input":{"@type":"PropertyValueSpecification","valueRequired":true,"valueName":"search_term_string"}}],"inLanguage":"pt-BR"},{"@type":"Person","@id":"https:\/\/www.correiobraziliense.com.br\/cbradar\/#\/schema\/person\/4cec7857301a9a1a2ef249893cd908d3","name":"Paulo Custodio","image":{"@type":"ImageObject","inLanguage":"pt-BR","@id":"https:\/\/www.correiobraziliense.com.br\/cbradar\/#\/schema\/person\/image\/","url":"https:\/\/secure.gravatar.com\/avatar\/bcd67168d1534e8fcf4f45c726a87cea?s=96&d=mm&r=g","contentUrl":"https:\/\/secure.gravatar.com\/avatar\/bcd67168d1534e8fcf4f45c726a87cea?s=96&d=mm&r=g","caption":"Paulo Custodio"},"sameAs":["https:\/\/www.correiobraziliense.com.br\/cbradar"],"url":"https:\/\/www.correiobraziliense.com.br\/cbradar\/author\/paulomyth\/"}]}},"_links":{"self":[{"href":"https:\/\/www.correiobraziliense.com.br\/cbradar\/wp-json\/wp\/v2\/posts\/231622","targetHints":{"allow":["GET"]}}],"collection":[{"href":"https:\/\/www.correiobraziliense.com.br\/cbradar\/wp-json\/wp\/v2\/posts"}],"about":[{"href":"https:\/\/www.correiobraziliense.com.br\/cbradar\/wp-json\/wp\/v2\/types\/post"}],"author":[{"embeddable":true,"href":"https:\/\/www.correiobraziliense.com.br\/cbradar\/wp-json\/wp\/v2\/users\/11"}],"replies":[{"embeddable":true,"href":"https:\/\/www.correiobraziliense.com.br\/cbradar\/wp-json\/wp\/v2\/comments?post=231622"}],"version-history":[{"count":1,"href":"https:\/\/www.correiobraziliense.com.br\/cbradar\/wp-json\/wp\/v2\/posts\/231622\/revisions"}],"predecessor-version":[{"id":231625,"href":"https:\/\/www.correiobraziliense.com.br\/cbradar\/wp-json\/wp\/v2\/posts\/231622\/revisions\/231625"}],"wp:featuredmedia":[{"embeddable":true,"href":"https:\/\/www.correiobraziliense.com.br\/cbradar\/wp-json\/wp\/v2\/media\/233184"}],"wp:attachment":[{"href":"https:\/\/www.correiobraziliense.com.br\/cbradar\/wp-json\/wp\/v2\/media?parent=231622"}],"wp:term":[{"taxonomy":"category","embeddable":true,"href":"https:\/\/www.correiobraziliense.com.br\/cbradar\/wp-json\/wp\/v2\/categories?post=231622"},{"taxonomy":"post_tag","embeddable":true,"href":"https:\/\/www.correiobraziliense.com.br\/cbradar\/wp-json\/wp\/v2\/post_tag?post=231622"}],"curies":[{"name":"wp","href":"https:\/\/api.w.org\/{rel}","templated":true}]}}