{"id":231626,"date":"2026-04-28T20:55:00","date_gmt":"2026-04-28T23:55:00","guid":{"rendered":"https:\/\/www.correiobraziliense.com.br\/cbradar\/?p=231626"},"modified":"2026-04-27T13:18:02","modified_gmt":"2026-04-27T16:18:02","slug":"adeus-paredes-brancas-quais-sao-as-novas-cores-que-estao-dominando-a-decoracao-de-interiores-em-2026","status":"publish","type":"post","link":"https:\/\/www.correiobraziliense.com.br\/cbradar\/adeus-paredes-brancas-quais-sao-as-novas-cores-que-estao-dominando-a-decoracao-de-interiores-em-2026\/","title":{"rendered":"Adeus paredes brancas: quais s\u00e3o as novas cores que est\u00e3o dominando a decora\u00e7\u00e3o de interiores em 2026"},"content":{"rendered":"\n<p>Voc\u00ea j\u00e1 reparou que cada vez mais salas e quartos est\u00e3o deixando o branco de lado? As <strong>cores decora\u00e7\u00e3o 2026<\/strong> n\u00e3o s\u00e3o apenas uma mudan\u00e7a est\u00e9tica: elas refletem a busca por ref\u00fagio e aconchego. A t\u00e9cnica do <strong>color drenching<\/strong> e as paletas eleitas por <strong>Pantone<\/strong> e <strong>Suvinil<\/strong> mostram que o neutro cedeu lugar a tons que envolvem, emocionam e contam hist\u00f3rias dentro de casa.<\/p>\n\n\n\n<h2 class=\"wp-block-heading\">O que \u00e9 color drenching e por que ele substitui as paredes brancas?<\/h2>\n\n\n\n<p>Color drenching \u2014 literalmente &#8220;banho de cor&#8221; \u2014 consiste em aplicar a mesma tonalidade em paredes, teto, portas, rodap\u00e9s e at\u00e9 m\u00f3veis. A t\u00e9cnica elimina contrastes bruscos e cria uma atmosfera cont\u00ednua e envolvente, efeito que o branco raramente alcan\u00e7a.<\/p>\n\n\n\n<p>A <a href=\"https:\/\/pt.wikipedia.org\/wiki\/Psicologia_das_cores\" target=\"_blank\" rel=\"noreferrer noopener\"><strong>psicologia das cores<\/strong><\/a> explica por que a tend\u00eancia ganhou for\u00e7a: a imers\u00e3o crom\u00e1tica reduz a fadiga visual e transmite seguran\u00e7a. Designers afirmam que o color drenching responde ao cansa\u00e7o com ambientes impessoais e transforma a casa em um abrigo sensorial, n\u00e3o apenas em um espa\u00e7o funcional.<\/p>\n\n\n<div class=\"wp-block-image\">\n<figure class=\"aligncenter size-full\"><img decoding=\"async\" width=\"1280\" height=\"720\" src=\"https:\/\/www.correiobraziliense.com.br\/cbradar\/wp-content\/uploads\/2026\/04\/IMAGEM_720p_1777088565702.jpg\" alt=\"As tend\u00eancias crom\u00e1ticas que est\u00e3o substituindo as paredes brancas\" class=\"wp-image-231629\" srcset=\"https:\/\/www.correiobraziliense.com.br\/cbradar\/wp-content\/uploads\/2026\/04\/IMAGEM_720p_1777088565702.jpg 1280w, https:\/\/www.correiobraziliense.com.br\/cbradar\/wp-content\/uploads\/2026\/04\/IMAGEM_720p_1777088565702-300x169.jpg 300w, https:\/\/www.correiobraziliense.com.br\/cbradar\/wp-content\/uploads\/2026\/04\/IMAGEM_720p_1777088565702-768x432.jpg 768w, https:\/\/www.correiobraziliense.com.br\/cbradar\/wp-content\/uploads\/2026\/04\/IMAGEM_720p_1777088565702-750x422.jpg 750w, https:\/\/www.correiobraziliense.com.br\/cbradar\/wp-content\/uploads\/2026\/04\/IMAGEM_720p_1777088565702-1140x641.jpg 1140w\" sizes=\"(max-width: 1280px) 100vw, 1280px\" \/><figcaption class=\"wp-element-caption\">As tend\u00eancias crom\u00e1ticas que est\u00e3o substituindo as paredes brancas<\/figcaption><\/figure><\/div>\n\n\n<h2 class=\"wp-block-heading\">Quais s\u00e3o as cores que dominam os projetos em 2026?<\/h2>\n\n\n\n<p>Os tons que mais aparecem nos projetos deste ano t\u00eam raiz na natureza, mas tamb\u00e9m abra\u00e7am a ousadia. A busca por equil\u00edbrio e acolhimento empurrou os neutros para segundo plano e abriu espa\u00e7o para cores com personalidade.<\/p>\n\n\n\n<p>Veja as tonalidades que est\u00e3o ditando as regras:<\/p>\n\n\n\n<ul class=\"wp-block-list\">\n<li><strong>Verde-oliva e verde-musgo<\/strong>: conex\u00e3o com o natural, ideal para salas amplas.<\/li>\n\n\n\n<li><strong>Azul profundo e azul-petr\u00f3leo<\/strong>: serenidade e eleg\u00e2ncia, muito usado em escrit\u00f3rios.<\/li>\n\n\n\n<li><strong>Terracota e argila clara<\/strong>: calor sem pesar, perfeito para espa\u00e7os integrados.<\/li>\n\n\n\n<li><strong>Vinho e berinjela<\/strong>: impacto dram\u00e1tico que valoriza a ilumina\u00e7\u00e3o indireta.<\/li>\n\n\n\n<li><strong>Caramelo e marrom queimado<\/strong>: sofistica\u00e7\u00e3o atemporal, f\u00e1cil de combinar.<\/li>\n<\/ul>\n\n\n\n<h2 class=\"wp-block-heading\">Quais cores a Pantone, a Suvinil e a Sherwin-Williams elegeram para 2026?<\/h2>\n\n\n\n<p>Os principais fabricantes globais de tintas funcionam como b\u00fassolas do mercado. Quando <strong>Pantone<\/strong>, <strong>Suvinil<\/strong> e <strong>Sherwin-Williams<\/strong> anunciam suas escolhas, arquitetos e designers ouvem com aten\u00e7\u00e3o. Em 2026, as elei\u00e7\u00f5es refor\u00e7am o movimento pendular entre leveza e profundidade.<\/p>\n\n\n\n<p>Confira a sele\u00e7\u00e3o dos tr\u00eas gigantes:<\/p>\n\n\n\n<figure class=\"wp-block-table\"><table class=\"has-fixed-layout\"><tbody><tr><th>Fabricante<\/th><th>Cor do ano 2026<\/th><th>Tom<\/th><th>Proposta<\/th><\/tr><tr><td><strong>Pantone<\/strong><\/td><td><strong>Cloud Dancer (11-4201)<\/strong><\/td><td>Branco et\u00e9reo<\/td><td>Calma, foco e criatividade<\/td><\/tr><tr><td><strong>Suvinil<\/strong><\/td><td><strong>Tempestade<\/strong><\/td><td>Rosa acinzentado<\/td><td>Drama suave e individualidade<\/td><\/tr><tr><td><strong>Suvinil<\/strong><\/td><td><strong>Cip\u00f3 da Amaz\u00f4nia<\/strong><\/td><td>Verde-amarelado<\/td><td>Frescor org\u00e2nico e conex\u00e3o coletiva<\/td><\/tr><tr><td><strong>Sherwin-Williams<\/strong><\/td><td><strong>Universal Khaki (SW 6150)<\/strong><\/td><td>Caqui neutro<\/td><td>Simplicidade e longevidade<\/td><\/tr><\/tbody><\/table><\/figure>\n\n\n\n<p>O <a href=\"https:\/\/www.pantone.com\/color-of-the-year\/2026\" target=\"_blank\" rel=\"noreferrer noopener\"><strong>Pantone Color Institute<\/strong><\/a> descreveu o Cloud Dancer como &#8220;um neutro branco elevado, cuja presen\u00e7a arejada funciona como um sussurro de calma e paz em um mundo barulhento&#8221;. Pela primeira vez desde 1999, um branco assume o posto, mas a leitura n\u00e3o \u00e9 de neutralidade passiva \u2014 \u00e9 de ref\u00fagio ativo.<\/p>\n\n\n\n<p>Leia tamb\u00e9m: <a href=\"https:\/\/www.correiobraziliense.com.br\/cbradar\/a-psicologia-aponta-que-adultos-que-evitam-conflitos-nao-sao-mais-maduros-mas-aprenderam-na-infancia-que-expressar-emocoes-gerava-punicao\/\" target=\"_blank\" rel=\"noreferrer noopener\">A psicologia aponta que adultos que evitam conflitos n\u00e3o s\u00e3o mais maduros, mas aprenderam na inf\u00e2ncia que expressar emo\u00e7\u00f5es gerava puni\u00e7\u00e3o<\/a><\/p>\n\n\n\n<h2 class=\"wp-block-heading\">Como usar cores escuras sem deixar o ambiente pesado?<\/h2>\n\n\n\n<p>O medo de errar nos tons fechados ainda trava muita gente. A sa\u00edda est\u00e1 em tr\u00eas pilares: textura, ilumina\u00e7\u00e3o e propor\u00e7\u00e3o. A mesma cor em acabamento fosco na parede e acetinado no rodap\u00e9 gera profundidade, mesmo sendo id\u00eantica.<\/p>\n\n\n\n<p>Luzes indiretas em sancas ou arandelas impedem que o ambiente escuro vire uma caverna. E a presen\u00e7a de madeira, pedra ou metal quebra a monotonia e ancora o espa\u00e7o no mundo real. O ideal \u00e9 testar a cor em uma parede antes de mergulhar o c\u00f4modo inteiro.<\/p>\n\n\n\n<h3 class=\"wp-block-heading\">Quais acabamentos valorizam as cores profundas?<\/h3>\n\n\n\n<p>O acabamento fosco absorve a luz e deixa o tom mais intenso, enquanto o acetinado reflete e suaviza. A dica dos designers \u00e9 usar fosco em grandes superf\u00edcies (paredes, teto) e acetinado em detalhes arquitet\u00f4nicos (portas, molduras).<\/p>\n\n\n<div class=\"wp-block-image\">\n<figure class=\"aligncenter size-full\"><img decoding=\"async\" width=\"1280\" height=\"720\" src=\"https:\/\/www.correiobraziliense.com.br\/cbradar\/wp-content\/uploads\/2026\/04\/IMAGEM_720p_1777088563713.jpg\" alt=\"As tend\u00eancias crom\u00e1ticas que est\u00e3o substituindo as paredes brancas\" class=\"wp-image-231630\" srcset=\"https:\/\/www.correiobraziliense.com.br\/cbradar\/wp-content\/uploads\/2026\/04\/IMAGEM_720p_1777088563713.jpg 1280w, https:\/\/www.correiobraziliense.com.br\/cbradar\/wp-content\/uploads\/2026\/04\/IMAGEM_720p_1777088563713-300x169.jpg 300w, https:\/\/www.correiobraziliense.com.br\/cbradar\/wp-content\/uploads\/2026\/04\/IMAGEM_720p_1777088563713-768x432.jpg 768w, https:\/\/www.correiobraziliense.com.br\/cbradar\/wp-content\/uploads\/2026\/04\/IMAGEM_720p_1777088563713-750x422.jpg 750w, https:\/\/www.correiobraziliense.com.br\/cbradar\/wp-content\/uploads\/2026\/04\/IMAGEM_720p_1777088563713-1140x641.jpg 1140w\" sizes=\"(max-width: 1280px) 100vw, 1280px\" \/><figcaption class=\"wp-element-caption\">As tend\u00eancias crom\u00e1ticas que est\u00e3o substituindo as paredes brancas<\/figcaption><\/figure><\/div>\n\n\n<h2 class=\"wp-block-heading\">Em quais c\u00f4modos as novas cores entregam o melhor resultado?<\/h2>\n\n\n\n<p>Salas de estar ganham impon\u00eancia com verdes ou azuis profundos, que estimulam a perman\u00eancia. Quartos pedem cores que relaxam: terracota e caramelo criam a sensa\u00e7\u00e3o de casulo. Lavabos e corredores s\u00e3o os melhores laborat\u00f3rios para testar tons ousados, porque o impacto visual em \u00e1reas de passagem impressiona sem cansar.<\/p>\n\n\n\n<p>Escrit\u00f3rios dom\u00e9sticos se beneficiam do azul, que favorece a concentra\u00e7\u00e3o. J\u00e1 cozinhas integradas combinam com terracota ou verde-musgo, que dialogam com madeira e pedra. O segredo \u00e9 pensar no c\u00f4modo como uma experi\u00eancia sensorial completa \u2014 cor, luz e textura precisam caminhar juntas para o ambiente n\u00e3o gritar, mas sussurrar personalidade.<\/p>\n","protected":false},"excerpt":{"rendered":"<p>Voc\u00ea j\u00e1 reparou que cada vez mais salas e quartos est\u00e3o deixando o branco de lado? As cores decora\u00e7\u00e3o 2026 n\u00e3o s\u00e3o apenas uma mudan\u00e7a est\u00e9tica: elas refletem a busca por ref\u00fagio e aconchego. A t\u00e9cnica do color drenching e as paletas eleitas por Pantone e Suvinil mostram que o neutro cedeu lugar a tons [&hellip;]<\/p>\n","protected":false},"author":11,"featured_media":233192,"comment_status":"open","ping_status":"open","sticky":false,"template":"","format":"standard","meta":{"_yoast_wpseo_focuskw":"cores decora\u00e7\u00e3o 2026","_yoast_wpseo_title":"","_yoast_wpseo_metadesc":"O branco saiu de cena? Conhe\u00e7a as cores que est\u00e3o dominando a decora\u00e7\u00e3o em 2026, a t\u00e9cnica do color drenching e como usar tons escuros sem errar.","jnews-multi-image_gallery":[],"jnews_single_post":{"format":"standard"},"jnews_primary_category":[],"jnews_social_meta":[],"jnews_override_counter":[],"footnotes":""},"categories":[143],"post_tag":[],"class_list":["post-231626","post","type-post","status-publish","format-standard","has-post-thumbnail","hentry","category-casa-e-decoracao"],"yoast_head":"<!-- This site is optimized with the Yoast SEO plugin v24.6 - https:\/\/yoast.com\/wordpress\/plugins\/seo\/ -->\n<title>Adeus paredes brancas: quais s\u00e3o as novas cores que est\u00e3o dominando a decora\u00e7\u00e3o de interiores em 2026 - Correio Braziliense - Radar<\/title>\n<meta name=\"description\" content=\"O branco saiu de cena? Conhe\u00e7a as cores que est\u00e3o dominando a decora\u00e7\u00e3o em 2026, a t\u00e9cnica do color drenching e como usar tons escuros sem errar.\" \/>\n<meta name=\"robots\" content=\"index, follow, max-snippet:-1, max-image-preview:large, max-video-preview:-1\" \/>\n<link rel=\"canonical\" href=\"https:\/\/www.correiobraziliense.com.br\/cbradar\/adeus-paredes-brancas-quais-sao-as-novas-cores-que-estao-dominando-a-decoracao-de-interiores-em-2026\/\" \/>\n<meta property=\"og:locale\" content=\"pt_BR\" \/>\n<meta property=\"og:type\" content=\"article\" \/>\n<meta property=\"og:title\" content=\"Adeus paredes brancas: quais s\u00e3o as novas cores que est\u00e3o dominando a decora\u00e7\u00e3o de interiores em 2026 - Correio Braziliense - Radar\" \/>\n<meta property=\"og:description\" content=\"O branco saiu de cena? Conhe\u00e7a as cores que est\u00e3o dominando a decora\u00e7\u00e3o em 2026, a t\u00e9cnica do color drenching e como usar tons escuros sem errar.\" \/>\n<meta property=\"og:url\" content=\"https:\/\/www.correiobraziliense.com.br\/cbradar\/adeus-paredes-brancas-quais-sao-as-novas-cores-que-estao-dominando-a-decoracao-de-interiores-em-2026\/\" \/>\n<meta property=\"og:site_name\" content=\"Correio Braziliense - Radar\" \/>\n<meta property=\"article:published_time\" content=\"2026-04-28T23:55:00+00:00\" \/>\n<meta property=\"og:image\" content=\"https:\/\/www.correiobraziliense.com.br\/cbradar\/wp-content\/uploads\/2026\/04\/Sala_de_estar_202604271305.jpeg\" \/>\n\t<meta property=\"og:image:width\" content=\"1280\" \/>\n\t<meta property=\"og:image:height\" content=\"720\" \/>\n\t<meta property=\"og:image:type\" content=\"image\/jpeg\" \/>\n<meta name=\"author\" content=\"Paulo Custodio\" \/>\n<meta name=\"twitter:card\" content=\"summary_large_image\" \/>\n<meta name=\"twitter:label1\" content=\"Escrito por\" \/>\n\t<meta name=\"twitter:data1\" content=\"Paulo Custodio\" \/>\n\t<meta name=\"twitter:label2\" content=\"Est. tempo de leitura\" \/>\n\t<meta name=\"twitter:data2\" content=\"5 minutos\" \/>\n<!-- \/ Yoast SEO plugin. -->","yoast_head_json":{"title":"Adeus paredes brancas: quais s\u00e3o as novas cores que est\u00e3o dominando a decora\u00e7\u00e3o de interiores em 2026 - Correio Braziliense - Radar","description":"O branco saiu de cena? Conhe\u00e7a as cores que est\u00e3o dominando a decora\u00e7\u00e3o em 2026, a t\u00e9cnica do color drenching e como usar tons escuros sem errar.","robots":{"index":"index","follow":"follow","max-snippet":"max-snippet:-1","max-image-preview":"max-image-preview:large","max-video-preview":"max-video-preview:-1"},"canonical":"https:\/\/www.correiobraziliense.com.br\/cbradar\/adeus-paredes-brancas-quais-sao-as-novas-cores-que-estao-dominando-a-decoracao-de-interiores-em-2026\/","og_locale":"pt_BR","og_type":"article","og_title":"Adeus paredes brancas: quais s\u00e3o as novas cores que est\u00e3o dominando a decora\u00e7\u00e3o de interiores em 2026 - Correio Braziliense - Radar","og_description":"O branco saiu de cena? Conhe\u00e7a as cores que est\u00e3o dominando a decora\u00e7\u00e3o em 2026, a t\u00e9cnica do color drenching e como usar tons escuros sem errar.","og_url":"https:\/\/www.correiobraziliense.com.br\/cbradar\/adeus-paredes-brancas-quais-sao-as-novas-cores-que-estao-dominando-a-decoracao-de-interiores-em-2026\/","og_site_name":"Correio Braziliense - Radar","article_published_time":"2026-04-28T23:55:00+00:00","og_image":[{"width":1280,"height":720,"url":"https:\/\/www.correiobraziliense.com.br\/cbradar\/wp-content\/uploads\/2026\/04\/Sala_de_estar_202604271305.jpeg","type":"image\/jpeg"}],"author":"Paulo Custodio","twitter_card":"summary_large_image","twitter_misc":{"Escrito por":"Paulo Custodio","Est. tempo de leitura":"5 minutos"},"schema":{"@context":"https:\/\/schema.org","@graph":[{"@type":"WebPage","@id":"https:\/\/www.correiobraziliense.com.br\/cbradar\/adeus-paredes-brancas-quais-sao-as-novas-cores-que-estao-dominando-a-decoracao-de-interiores-em-2026\/","url":"https:\/\/www.correiobraziliense.com.br\/cbradar\/adeus-paredes-brancas-quais-sao-as-novas-cores-que-estao-dominando-a-decoracao-de-interiores-em-2026\/","name":"Adeus paredes brancas: quais s\u00e3o as novas cores que est\u00e3o dominando a decora\u00e7\u00e3o de interiores em 2026 - Correio Braziliense - Radar","isPartOf":{"@id":"https:\/\/www.correiobraziliense.com.br\/cbradar\/#website"},"primaryImageOfPage":{"@id":"https:\/\/www.correiobraziliense.com.br\/cbradar\/adeus-paredes-brancas-quais-sao-as-novas-cores-que-estao-dominando-a-decoracao-de-interiores-em-2026\/#primaryimage"},"image":{"@id":"https:\/\/www.correiobraziliense.com.br\/cbradar\/adeus-paredes-brancas-quais-sao-as-novas-cores-que-estao-dominando-a-decoracao-de-interiores-em-2026\/#primaryimage"},"thumbnailUrl":"https:\/\/www.correiobraziliense.com.br\/cbradar\/wp-content\/uploads\/2026\/04\/Sala_de_estar_202604271305.jpeg","datePublished":"2026-04-28T23:55:00+00:00","author":{"@id":"https:\/\/www.correiobraziliense.com.br\/cbradar\/#\/schema\/person\/4cec7857301a9a1a2ef249893cd908d3"},"description":"O branco saiu de cena? Conhe\u00e7a as cores que est\u00e3o dominando a decora\u00e7\u00e3o em 2026, a t\u00e9cnica do color drenching e como usar tons escuros sem errar.","breadcrumb":{"@id":"https:\/\/www.correiobraziliense.com.br\/cbradar\/adeus-paredes-brancas-quais-sao-as-novas-cores-que-estao-dominando-a-decoracao-de-interiores-em-2026\/#breadcrumb"},"inLanguage":"pt-BR","potentialAction":[{"@type":"ReadAction","target":["https:\/\/www.correiobraziliense.com.br\/cbradar\/adeus-paredes-brancas-quais-sao-as-novas-cores-que-estao-dominando-a-decoracao-de-interiores-em-2026\/"]}]},{"@type":"ImageObject","inLanguage":"pt-BR","@id":"https:\/\/www.correiobraziliense.com.br\/cbradar\/adeus-paredes-brancas-quais-sao-as-novas-cores-que-estao-dominando-a-decoracao-de-interiores-em-2026\/#primaryimage","url":"https:\/\/www.correiobraziliense.com.br\/cbradar\/wp-content\/uploads\/2026\/04\/Sala_de_estar_202604271305.jpeg","contentUrl":"https:\/\/www.correiobraziliense.com.br\/cbradar\/wp-content\/uploads\/2026\/04\/Sala_de_estar_202604271305.jpeg","width":1280,"height":720,"caption":"A escolha das cores influencia diretamente na sensa\u00e7\u00e3o de conforto do ambiente"},{"@type":"BreadcrumbList","@id":"https:\/\/www.correiobraziliense.com.br\/cbradar\/adeus-paredes-brancas-quais-sao-as-novas-cores-que-estao-dominando-a-decoracao-de-interiores-em-2026\/#breadcrumb","itemListElement":[{"@type":"ListItem","position":1,"name":"In\u00edcio","item":"https:\/\/www.correiobraziliense.com.br\/cbradar\/"},{"@type":"ListItem","position":2,"name":"Adeus paredes brancas: quais s\u00e3o as novas cores que est\u00e3o dominando a decora\u00e7\u00e3o de interiores em 2026"}]},{"@type":"WebSite","@id":"https:\/\/www.correiobraziliense.com.br\/cbradar\/#website","url":"https:\/\/www.correiobraziliense.com.br\/cbradar\/","name":"Correio Braziliense - Radar","description":"Acompanhe as \u00faltimas not\u00edcias e fique bem informado sobre tudo o que acontece no Brasil e no mundo.","potentialAction":[{"@type":"SearchAction","target":{"@type":"EntryPoint","urlTemplate":"https:\/\/www.correiobraziliense.com.br\/cbradar\/?s={search_term_string}"},"query-input":{"@type":"PropertyValueSpecification","valueRequired":true,"valueName":"search_term_string"}}],"inLanguage":"pt-BR"},{"@type":"Person","@id":"https:\/\/www.correiobraziliense.com.br\/cbradar\/#\/schema\/person\/4cec7857301a9a1a2ef249893cd908d3","name":"Paulo Custodio","image":{"@type":"ImageObject","inLanguage":"pt-BR","@id":"https:\/\/www.correiobraziliense.com.br\/cbradar\/#\/schema\/person\/image\/","url":"https:\/\/secure.gravatar.com\/avatar\/bcd67168d1534e8fcf4f45c726a87cea?s=96&d=mm&r=g","contentUrl":"https:\/\/secure.gravatar.com\/avatar\/bcd67168d1534e8fcf4f45c726a87cea?s=96&d=mm&r=g","caption":"Paulo Custodio"},"sameAs":["https:\/\/www.correiobraziliense.com.br\/cbradar"],"url":"https:\/\/www.correiobraziliense.com.br\/cbradar\/author\/paulomyth\/"}]}},"_links":{"self":[{"href":"https:\/\/www.correiobraziliense.com.br\/cbradar\/wp-json\/wp\/v2\/posts\/231626","targetHints":{"allow":["GET"]}}],"collection":[{"href":"https:\/\/www.correiobraziliense.com.br\/cbradar\/wp-json\/wp\/v2\/posts"}],"about":[{"href":"https:\/\/www.correiobraziliense.com.br\/cbradar\/wp-json\/wp\/v2\/types\/post"}],"author":[{"embeddable":true,"href":"https:\/\/www.correiobraziliense.com.br\/cbradar\/wp-json\/wp\/v2\/users\/11"}],"replies":[{"embeddable":true,"href":"https:\/\/www.correiobraziliense.com.br\/cbradar\/wp-json\/wp\/v2\/comments?post=231626"}],"version-history":[{"count":1,"href":"https:\/\/www.correiobraziliense.com.br\/cbradar\/wp-json\/wp\/v2\/posts\/231626\/revisions"}],"predecessor-version":[{"id":231635,"href":"https:\/\/www.correiobraziliense.com.br\/cbradar\/wp-json\/wp\/v2\/posts\/231626\/revisions\/231635"}],"wp:featuredmedia":[{"embeddable":true,"href":"https:\/\/www.correiobraziliense.com.br\/cbradar\/wp-json\/wp\/v2\/media\/233192"}],"wp:attachment":[{"href":"https:\/\/www.correiobraziliense.com.br\/cbradar\/wp-json\/wp\/v2\/media?parent=231626"}],"wp:term":[{"taxonomy":"category","embeddable":true,"href":"https:\/\/www.correiobraziliense.com.br\/cbradar\/wp-json\/wp\/v2\/categories?post=231626"},{"taxonomy":"post_tag","embeddable":true,"href":"https:\/\/www.correiobraziliense.com.br\/cbradar\/wp-json\/wp\/v2\/post_tag?post=231626"}],"curies":[{"name":"wp","href":"https:\/\/api.w.org\/{rel}","templated":true}]}}