{"id":231640,"date":"2026-04-28T22:55:00","date_gmt":"2026-04-29T01:55:00","guid":{"rendered":"https:\/\/www.correiobraziliense.com.br\/cbradar\/?p=231640"},"modified":"2026-04-27T13:17:39","modified_gmt":"2026-04-27T16:17:39","slug":"adeus-chuveiro-eletrico-qual-e-a-alternativa-mais-economica-e-sustentavel-que-esta-virando-tendencia-nas-casas","status":"publish","type":"post","link":"https:\/\/www.correiobraziliense.com.br\/cbradar\/adeus-chuveiro-eletrico-qual-e-a-alternativa-mais-economica-e-sustentavel-que-esta-virando-tendencia-nas-casas\/","title":{"rendered":"Adeus chuveiro el\u00e9trico: qual \u00e9 a alternativa mais econ\u00f4mica e sustent\u00e1vel que est\u00e1 virando tend\u00eancia nas casas"},"content":{"rendered":"\n<p>Quanto do seu or\u00e7amento vai pelo ralo durante o banho? Para milh\u00f5es de brasileiros, a resposta assusta. O <strong>chuveiro el\u00e9trico<\/strong>, presente na maioria dos lares, \u00e9 o grande vil\u00e3o da conta de luz. A alternativa mais sustent\u00e1vel e econ\u00f4mica que desponta em <strong>2026<\/strong> atende pelo nome de <strong>chuveiro h\u00edbrido<\/strong>, um sistema que mescla eletricidade, energia solar e g\u00e1s para cortar o consumo.<\/p>\n\n\n\n<h2 class=\"wp-block-heading\">O que \u00e9 o chuveiro h\u00edbrido que promete aposentar o modelo el\u00e9trico?<\/h2>\n\n\n\n<p>Enquanto o chuveiro tradicional aquece a \u00e1gua por meio de uma resist\u00eancia el\u00e9trica, o <strong>chuveiro h\u00edbrido<\/strong> funciona como uma pequena central de energia. Ele combina duas ou mais fontes, como a eletricidade, o g\u00e1s e a <a href=\"https:\/\/pt.wikipedia.org\/wiki\/Energia_solar_termica\" target=\"_blank\" rel=\"noreferrer noopener\"><strong>energia solar t\u00e9rmica<\/strong><\/a>, alternando entre elas de forma inteligente.<\/p>\n\n\n\n<p>Seu segredo est\u00e1 na gest\u00e3o autom\u00e1tica. O sistema utiliza uma carga el\u00e9trica r\u00e1pida apenas para o aquecimento inicial, garantindo que a \u00e1gua n\u00e3o saia fria. Em seguida, ele migra instantaneamente para a fonte de energia mais barata dispon\u00edvel, seja o calor do sol ou o g\u00e1s encanado, estabilizando a temperatura sem que o usu\u00e1rio perceba a troca.<\/p>\n\n\n<div class=\"wp-block-image\">\n<figure class=\"aligncenter size-full\"><img decoding=\"async\" width=\"1280\" height=\"720\" src=\"https:\/\/www.correiobraziliense.com.br\/cbradar\/wp-content\/uploads\/2026\/04\/IMAGEM_720p_1777089422056.jpg\" alt=\"As tecnologias que est\u00e3o substituindo o chuveiro el\u00e9trico tradicional, com foco no chuveiro h\u00edbrido\" class=\"wp-image-231650\" srcset=\"https:\/\/www.correiobraziliense.com.br\/cbradar\/wp-content\/uploads\/2026\/04\/IMAGEM_720p_1777089422056.jpg 1280w, https:\/\/www.correiobraziliense.com.br\/cbradar\/wp-content\/uploads\/2026\/04\/IMAGEM_720p_1777089422056-300x169.jpg 300w, https:\/\/www.correiobraziliense.com.br\/cbradar\/wp-content\/uploads\/2026\/04\/IMAGEM_720p_1777089422056-768x432.jpg 768w, https:\/\/www.correiobraziliense.com.br\/cbradar\/wp-content\/uploads\/2026\/04\/IMAGEM_720p_1777089422056-750x422.jpg 750w, https:\/\/www.correiobraziliense.com.br\/cbradar\/wp-content\/uploads\/2026\/04\/IMAGEM_720p_1777089422056-1140x641.jpg 1140w\" sizes=\"(max-width: 1280px) 100vw, 1280px\" \/><figcaption class=\"wp-element-caption\">As tecnologias que est\u00e3o substituindo o chuveiro el\u00e9trico tradicional, com foco no chuveiro h\u00edbrido<\/figcaption><\/figure><\/div>\n\n\n<h2 class=\"wp-block-heading\">Quanto o chuveiro h\u00edbrido realmente economiza na conta de luz?<\/h2>\n\n\n\n<p>A economia aparece j\u00e1 na primeira fatura. Um chuveiro el\u00e9trico de <strong>6.800 W<\/strong> usado por 20 minutos consome <strong>2,26 kWh<\/strong> por banho. No sistema h\u00edbrido, a resist\u00eancia atua poucos segundos e cede lugar a fontes de custo mais baixo, derrubando a m\u00e9dia de consumo.<\/p>\n\n\n\n<p>Em resid\u00eancias com v\u00e1rias pessoas, a diferen\u00e7a acumulada ao longo do ano pode ultrapassar a casa dos milhares de reais. Esse valor reduz o tempo de retorno do investimento inicial, que varia entre <strong>um e tr\u00eas anos<\/strong> conforme o perfil de uso da fam\u00edlia.<\/p>\n\n\n\n<p>Leia tamb\u00e9m: <a href=\"https:\/\/www.correiobraziliense.com.br\/cbradar\/a-psicologia-aponta-que-adultos-que-evitam-conflitos-nao-sao-mais-maduros-mas-aprenderam-na-infancia-que-expressar-emocoes-gerava-punicao\/\" target=\"_blank\" rel=\"noreferrer noopener\">A psicologia aponta que adultos que evitam conflitos n\u00e3o s\u00e3o mais maduros, mas aprenderam na inf\u00e2ncia que expressar emo\u00e7\u00f5es gerava puni\u00e7\u00e3o<\/a><\/p>\n\n\n\n<h2 class=\"wp-block-heading\">O chuveiro a g\u00e1s ou o solar isolado n\u00e3o s\u00e3o melhores?<\/h2>\n\n\n\n<p>Isoladamente, cada sistema tem suas limita\u00e7\u00f5es. O <strong>aquecimento a g\u00e1s<\/strong> garante alta vaz\u00e3o e conforto, mas eleva o consumo de \u00e1gua e tem um custo de instala\u00e7\u00e3o que pode assustar. Al\u00e9m disso, a previs\u00e3o de reajustes no <strong>GLP em 2026<\/strong> pressiona o or\u00e7amento dom\u00e9stico.<\/p>\n\n\n\n<p>J\u00e1 o <strong>aquecedor solar<\/strong> capta energia gratuita dos pain\u00e9is, mas depende da incid\u00eancia do sol. Em dias nublados ou chuvosos, a efici\u00eancia cai drasticamente. A intelig\u00eancia do sistema h\u00edbrido est\u00e1 justamente em eliminar essas lacunas de cobertura, garantindo o banho aquecido sem sustos, fa\u00e7a chuva ou fa\u00e7a sol.<\/p>\n\n\n\n<h2 class=\"wp-block-heading\">Por que o sistema h\u00edbrido \u00e9 considerado a op\u00e7\u00e3o mais sustent\u00e1vel?<\/h2>\n\n\n\n<p>Ao aproveitar <strong>energia solar<\/strong> e outras fontes renov\u00e1veis, o chuveiro h\u00edbrido diminui a press\u00e3o sobre o sistema el\u00e9trico nacional justamente no <strong>hor\u00e1rio de ponta<\/strong>, per\u00edodo em que as fam\u00edlias ligam o chuveiro quase ao mesmo tempo e as termel\u00e9tricas s\u00e3o acionadas. Essa redu\u00e7\u00e3o de pico alivia a matriz energ\u00e9tica.<\/p>\n\n\n\n<p>Os chuveiros el\u00e9tricos chegam a responder por <a href=\"https:\/\/www.gov.br\/mme\/pt-br\/assuntos\/secretarias\/spe\/procel\" target=\"_blank\" rel=\"noreferrer noopener\"><strong>at\u00e9 40% da energia consumida nas resid\u00eancias<\/strong><\/a> durante o pico de demanda. Troc\u00e1-los por sistemas h\u00edbridos significa cortar uma fatia expressiva da pegada de carbono dom\u00e9stica, colaborando com as metas de redu\u00e7\u00e3o de emiss\u00f5es.<\/p>\n\n\n<div class=\"wp-block-image\">\n<figure class=\"aligncenter size-full\"><img decoding=\"async\" width=\"1280\" height=\"720\" src=\"https:\/\/www.correiobraziliense.com.br\/cbradar\/wp-content\/uploads\/2026\/04\/IMAGEM_720p_1777089423878.jpg\" alt=\"As tecnologias que est\u00e3o substituindo o chuveiro el\u00e9trico tradicional, com foco no chuveiro h\u00edbrido\" class=\"wp-image-231649\" srcset=\"https:\/\/www.correiobraziliense.com.br\/cbradar\/wp-content\/uploads\/2026\/04\/IMAGEM_720p_1777089423878.jpg 1280w, https:\/\/www.correiobraziliense.com.br\/cbradar\/wp-content\/uploads\/2026\/04\/IMAGEM_720p_1777089423878-300x169.jpg 300w, https:\/\/www.correiobraziliense.com.br\/cbradar\/wp-content\/uploads\/2026\/04\/IMAGEM_720p_1777089423878-768x432.jpg 768w, https:\/\/www.correiobraziliense.com.br\/cbradar\/wp-content\/uploads\/2026\/04\/IMAGEM_720p_1777089423878-750x422.jpg 750w, https:\/\/www.correiobraziliense.com.br\/cbradar\/wp-content\/uploads\/2026\/04\/IMAGEM_720p_1777089423878-1140x641.jpg 1140w\" sizes=\"(max-width: 1280px) 100vw, 1280px\" \/><figcaption class=\"wp-element-caption\">As tecnologias que est\u00e3o substituindo o chuveiro el\u00e9trico tradicional, com foco no chuveiro h\u00edbrido<\/figcaption><\/figure><\/div>\n\n\n<h2 class=\"wp-block-heading\">O investimento no chuveiro h\u00edbrido j\u00e1 est\u00e1 acess\u00edvel ao consumidor m\u00e9dio?<\/h2>\n\n\n\n<p>O custo inicial de um sistema h\u00edbrido ainda \u00e9 maior do que o de um chuveiro el\u00e9trico comum. No entanto, a conta n\u00e3o deve ser feita apenas no curto prazo. Com a economia gerada, o investimento se paga no m\u00e9dio prazo, especialmente em fam\u00edlias maiores ou em regi\u00f5es com tarifas elevadas.<\/p>\n\n\n\n<p>Existem modelos para diferentes faixas de or\u00e7amento. A recomenda\u00e7\u00e3o de especialistas \u00e9 considerar o perfil da fam\u00edlia e a regi\u00e3o antes de escolher.<\/p>\n\n\n\n<p>Confira os pontos que mais pesam na decis\u00e3o final:<\/p>\n\n\n\n<ul class=\"wp-block-list\">\n<li><strong>Investimento inicial<\/strong>: o el\u00e9trico \u00e9 mais barato, mas o h\u00edbrido se paga sozinho com o tempo.<\/li>\n\n\n\n<li><strong>Custo mensal<\/strong>: o h\u00edbrido reduz a conta de luz de forma consistente.<\/li>\n\n\n\n<li><strong>Conforto<\/strong>: o h\u00edbrido entrega temperatura est\u00e1vel e boa vaz\u00e3o.<\/li>\n\n\n\n<li><strong>Manuten\u00e7\u00e3o<\/strong>: ambos exigem cuidados, mas o h\u00edbrido tem maior vida \u00fatil.<\/li>\n\n\n\n<li><strong>Sustentabilidade<\/strong>: o h\u00edbrido reduz a pegada de carbono da sua casa.<\/li>\n<\/ul>\n\n\n\n<p>A busca por um banho mais barato e consciente est\u00e1 mais viva do que nunca. Seja por meio da energia solar, do g\u00e1s ou da integra\u00e7\u00e3o inteligente de fontes, a tecnologia avan\u00e7a para provar que o chuveiro el\u00e9trico pode, em breve, ser apenas uma lembran\u00e7a nas casas brasileiras.<\/p>\n","protected":false},"excerpt":{"rendered":"<p>Quanto do seu or\u00e7amento vai pelo ralo durante o banho? Para milh\u00f5es de brasileiros, a resposta assusta. O chuveiro el\u00e9trico, presente na maioria dos lares, \u00e9 o grande vil\u00e3o da conta de luz. A alternativa mais sustent\u00e1vel e econ\u00f4mica que desponta em 2026 atende pelo nome de chuveiro h\u00edbrido, um sistema que mescla eletricidade, energia [&hellip;]<\/p>\n","protected":false},"author":11,"featured_media":233185,"comment_status":"open","ping_status":"open","sticky":false,"template":"","format":"standard","meta":{"_yoast_wpseo_focuskw":"chuveiro el\u00e9trico alternativa sustent\u00e1vel","_yoast_wpseo_title":"","_yoast_wpseo_metadesc":"Comer at\u00e9 40% da conta de luz, o chuveiro el\u00e9trico est\u00e1 com os dias contados? Descubra a tecnologia h\u00edbrida que combina sol e g\u00e1s e o que realmente compensa em 2026.","jnews-multi-image_gallery":[],"jnews_single_post":{"format":"standard"},"jnews_primary_category":[],"jnews_social_meta":[],"jnews_override_counter":[],"footnotes":""},"categories":[143],"post_tag":[],"class_list":["post-231640","post","type-post","status-publish","format-standard","has-post-thumbnail","hentry","category-casa-e-decoracao"],"yoast_head":"<!-- This site is optimized with the Yoast SEO plugin v24.6 - https:\/\/yoast.com\/wordpress\/plugins\/seo\/ -->\n<title>Adeus chuveiro el\u00e9trico: qual \u00e9 a alternativa mais econ\u00f4mica e sustent\u00e1vel que est\u00e1 virando tend\u00eancia nas casas - Correio Braziliense - Radar<\/title>\n<meta name=\"description\" content=\"Comer at\u00e9 40% da conta de luz, o chuveiro el\u00e9trico est\u00e1 com os dias contados? Descubra a tecnologia h\u00edbrida que combina sol e g\u00e1s e o que realmente compensa em 2026.\" \/>\n<meta name=\"robots\" content=\"index, follow, max-snippet:-1, max-image-preview:large, max-video-preview:-1\" \/>\n<link rel=\"canonical\" href=\"https:\/\/www.correiobraziliense.com.br\/cbradar\/adeus-chuveiro-eletrico-qual-e-a-alternativa-mais-economica-e-sustentavel-que-esta-virando-tendencia-nas-casas\/\" \/>\n<meta property=\"og:locale\" content=\"pt_BR\" \/>\n<meta property=\"og:type\" content=\"article\" \/>\n<meta property=\"og:title\" content=\"Adeus chuveiro el\u00e9trico: qual \u00e9 a alternativa mais econ\u00f4mica e sustent\u00e1vel que est\u00e1 virando tend\u00eancia nas casas - Correio Braziliense - Radar\" \/>\n<meta property=\"og:description\" content=\"Comer at\u00e9 40% da conta de luz, o chuveiro el\u00e9trico est\u00e1 com os dias contados? Descubra a tecnologia h\u00edbrida que combina sol e g\u00e1s e o que realmente compensa em 2026.\" \/>\n<meta property=\"og:url\" content=\"https:\/\/www.correiobraziliense.com.br\/cbradar\/adeus-chuveiro-eletrico-qual-e-a-alternativa-mais-economica-e-sustentavel-que-esta-virando-tendencia-nas-casas\/\" \/>\n<meta property=\"og:site_name\" content=\"Correio Braziliense - Radar\" \/>\n<meta property=\"article:published_time\" content=\"2026-04-29T01:55:00+00:00\" \/>\n<meta property=\"og:image\" content=\"https:\/\/www.correiobraziliense.com.br\/cbradar\/wp-content\/uploads\/2026\/04\/freepik_close-no-chuveiro-eletric_2875160699.jpeg\" \/>\n\t<meta property=\"og:image:width\" content=\"1280\" \/>\n\t<meta property=\"og:image:height\" content=\"720\" \/>\n\t<meta property=\"og:image:type\" content=\"image\/jpeg\" \/>\n<meta name=\"author\" content=\"Paulo Custodio\" \/>\n<meta name=\"twitter:card\" content=\"summary_large_image\" \/>\n<meta name=\"twitter:label1\" content=\"Escrito por\" \/>\n\t<meta name=\"twitter:data1\" content=\"Paulo Custodio\" \/>\n\t<meta name=\"twitter:label2\" content=\"Est. tempo de leitura\" \/>\n\t<meta name=\"twitter:data2\" content=\"5 minutos\" \/>\n<!-- \/ Yoast SEO plugin. -->","yoast_head_json":{"title":"Adeus chuveiro el\u00e9trico: qual \u00e9 a alternativa mais econ\u00f4mica e sustent\u00e1vel que est\u00e1 virando tend\u00eancia nas casas - Correio Braziliense - Radar","description":"Comer at\u00e9 40% da conta de luz, o chuveiro el\u00e9trico est\u00e1 com os dias contados? Descubra a tecnologia h\u00edbrida que combina sol e g\u00e1s e o que realmente compensa em 2026.","robots":{"index":"index","follow":"follow","max-snippet":"max-snippet:-1","max-image-preview":"max-image-preview:large","max-video-preview":"max-video-preview:-1"},"canonical":"https:\/\/www.correiobraziliense.com.br\/cbradar\/adeus-chuveiro-eletrico-qual-e-a-alternativa-mais-economica-e-sustentavel-que-esta-virando-tendencia-nas-casas\/","og_locale":"pt_BR","og_type":"article","og_title":"Adeus chuveiro el\u00e9trico: qual \u00e9 a alternativa mais econ\u00f4mica e sustent\u00e1vel que est\u00e1 virando tend\u00eancia nas casas - Correio Braziliense - Radar","og_description":"Comer at\u00e9 40% da conta de luz, o chuveiro el\u00e9trico est\u00e1 com os dias contados? Descubra a tecnologia h\u00edbrida que combina sol e g\u00e1s e o que realmente compensa em 2026.","og_url":"https:\/\/www.correiobraziliense.com.br\/cbradar\/adeus-chuveiro-eletrico-qual-e-a-alternativa-mais-economica-e-sustentavel-que-esta-virando-tendencia-nas-casas\/","og_site_name":"Correio Braziliense - Radar","article_published_time":"2026-04-29T01:55:00+00:00","og_image":[{"width":1280,"height":720,"url":"https:\/\/www.correiobraziliense.com.br\/cbradar\/wp-content\/uploads\/2026\/04\/freepik_close-no-chuveiro-eletric_2875160699.jpeg","type":"image\/jpeg"}],"author":"Paulo Custodio","twitter_card":"summary_large_image","twitter_misc":{"Escrito por":"Paulo Custodio","Est. tempo de leitura":"5 minutos"},"schema":{"@context":"https:\/\/schema.org","@graph":[{"@type":"WebPage","@id":"https:\/\/www.correiobraziliense.com.br\/cbradar\/adeus-chuveiro-eletrico-qual-e-a-alternativa-mais-economica-e-sustentavel-que-esta-virando-tendencia-nas-casas\/","url":"https:\/\/www.correiobraziliense.com.br\/cbradar\/adeus-chuveiro-eletrico-qual-e-a-alternativa-mais-economica-e-sustentavel-que-esta-virando-tendencia-nas-casas\/","name":"Adeus chuveiro el\u00e9trico: qual \u00e9 a alternativa mais econ\u00f4mica e sustent\u00e1vel que est\u00e1 virando tend\u00eancia nas casas - Correio Braziliense - Radar","isPartOf":{"@id":"https:\/\/www.correiobraziliense.com.br\/cbradar\/#website"},"primaryImageOfPage":{"@id":"https:\/\/www.correiobraziliense.com.br\/cbradar\/adeus-chuveiro-eletrico-qual-e-a-alternativa-mais-economica-e-sustentavel-que-esta-virando-tendencia-nas-casas\/#primaryimage"},"image":{"@id":"https:\/\/www.correiobraziliense.com.br\/cbradar\/adeus-chuveiro-eletrico-qual-e-a-alternativa-mais-economica-e-sustentavel-que-esta-virando-tendencia-nas-casas\/#primaryimage"},"thumbnailUrl":"https:\/\/www.correiobraziliense.com.br\/cbradar\/wp-content\/uploads\/2026\/04\/freepik_close-no-chuveiro-eletric_2875160699.jpeg","datePublished":"2026-04-29T01:55:00+00:00","author":{"@id":"https:\/\/www.correiobraziliense.com.br\/cbradar\/#\/schema\/person\/4cec7857301a9a1a2ef249893cd908d3"},"description":"Comer at\u00e9 40% da conta de luz, o chuveiro el\u00e9trico est\u00e1 com os dias contados? Descubra a tecnologia h\u00edbrida que combina sol e g\u00e1s e o que realmente compensa em 2026.","breadcrumb":{"@id":"https:\/\/www.correiobraziliense.com.br\/cbradar\/adeus-chuveiro-eletrico-qual-e-a-alternativa-mais-economica-e-sustentavel-que-esta-virando-tendencia-nas-casas\/#breadcrumb"},"inLanguage":"pt-BR","potentialAction":[{"@type":"ReadAction","target":["https:\/\/www.correiobraziliense.com.br\/cbradar\/adeus-chuveiro-eletrico-qual-e-a-alternativa-mais-economica-e-sustentavel-que-esta-virando-tendencia-nas-casas\/"]}]},{"@type":"ImageObject","inLanguage":"pt-BR","@id":"https:\/\/www.correiobraziliense.com.br\/cbradar\/adeus-chuveiro-eletrico-qual-e-a-alternativa-mais-economica-e-sustentavel-que-esta-virando-tendencia-nas-casas\/#primaryimage","url":"https:\/\/www.correiobraziliense.com.br\/cbradar\/wp-content\/uploads\/2026\/04\/freepik_close-no-chuveiro-eletric_2875160699.jpeg","contentUrl":"https:\/\/www.correiobraziliense.com.br\/cbradar\/wp-content\/uploads\/2026\/04\/freepik_close-no-chuveiro-eletric_2875160699.jpeg","width":1280,"height":720,"caption":"Chuveiro el\u00e9trico est\u00e1 entre os maiores vil\u00f5es da conta de luz no Brasil"},{"@type":"BreadcrumbList","@id":"https:\/\/www.correiobraziliense.com.br\/cbradar\/adeus-chuveiro-eletrico-qual-e-a-alternativa-mais-economica-e-sustentavel-que-esta-virando-tendencia-nas-casas\/#breadcrumb","itemListElement":[{"@type":"ListItem","position":1,"name":"In\u00edcio","item":"https:\/\/www.correiobraziliense.com.br\/cbradar\/"},{"@type":"ListItem","position":2,"name":"Adeus chuveiro el\u00e9trico: qual \u00e9 a alternativa mais econ\u00f4mica e sustent\u00e1vel que est\u00e1 virando tend\u00eancia nas casas"}]},{"@type":"WebSite","@id":"https:\/\/www.correiobraziliense.com.br\/cbradar\/#website","url":"https:\/\/www.correiobraziliense.com.br\/cbradar\/","name":"Correio Braziliense - Radar","description":"Acompanhe as \u00faltimas not\u00edcias e fique bem informado sobre tudo o que acontece no Brasil e no mundo.","potentialAction":[{"@type":"SearchAction","target":{"@type":"EntryPoint","urlTemplate":"https:\/\/www.correiobraziliense.com.br\/cbradar\/?s={search_term_string}"},"query-input":{"@type":"PropertyValueSpecification","valueRequired":true,"valueName":"search_term_string"}}],"inLanguage":"pt-BR"},{"@type":"Person","@id":"https:\/\/www.correiobraziliense.com.br\/cbradar\/#\/schema\/person\/4cec7857301a9a1a2ef249893cd908d3","name":"Paulo Custodio","image":{"@type":"ImageObject","inLanguage":"pt-BR","@id":"https:\/\/www.correiobraziliense.com.br\/cbradar\/#\/schema\/person\/image\/","url":"https:\/\/secure.gravatar.com\/avatar\/bcd67168d1534e8fcf4f45c726a87cea?s=96&d=mm&r=g","contentUrl":"https:\/\/secure.gravatar.com\/avatar\/bcd67168d1534e8fcf4f45c726a87cea?s=96&d=mm&r=g","caption":"Paulo Custodio"},"sameAs":["https:\/\/www.correiobraziliense.com.br\/cbradar"],"url":"https:\/\/www.correiobraziliense.com.br\/cbradar\/author\/paulomyth\/"}]}},"_links":{"self":[{"href":"https:\/\/www.correiobraziliense.com.br\/cbradar\/wp-json\/wp\/v2\/posts\/231640","targetHints":{"allow":["GET"]}}],"collection":[{"href":"https:\/\/www.correiobraziliense.com.br\/cbradar\/wp-json\/wp\/v2\/posts"}],"about":[{"href":"https:\/\/www.correiobraziliense.com.br\/cbradar\/wp-json\/wp\/v2\/types\/post"}],"author":[{"embeddable":true,"href":"https:\/\/www.correiobraziliense.com.br\/cbradar\/wp-json\/wp\/v2\/users\/11"}],"replies":[{"embeddable":true,"href":"https:\/\/www.correiobraziliense.com.br\/cbradar\/wp-json\/wp\/v2\/comments?post=231640"}],"version-history":[{"count":1,"href":"https:\/\/www.correiobraziliense.com.br\/cbradar\/wp-json\/wp\/v2\/posts\/231640\/revisions"}],"predecessor-version":[{"id":231651,"href":"https:\/\/www.correiobraziliense.com.br\/cbradar\/wp-json\/wp\/v2\/posts\/231640\/revisions\/231651"}],"wp:featuredmedia":[{"embeddable":true,"href":"https:\/\/www.correiobraziliense.com.br\/cbradar\/wp-json\/wp\/v2\/media\/233185"}],"wp:attachment":[{"href":"https:\/\/www.correiobraziliense.com.br\/cbradar\/wp-json\/wp\/v2\/media?parent=231640"}],"wp:term":[{"taxonomy":"category","embeddable":true,"href":"https:\/\/www.correiobraziliense.com.br\/cbradar\/wp-json\/wp\/v2\/categories?post=231640"},{"taxonomy":"post_tag","embeddable":true,"href":"https:\/\/www.correiobraziliense.com.br\/cbradar\/wp-json\/wp\/v2\/post_tag?post=231640"}],"curies":[{"name":"wp","href":"https:\/\/api.w.org\/{rel}","templated":true}]}}