{"id":231653,"date":"2026-04-28T07:25:00","date_gmt":"2026-04-28T10:25:00","guid":{"rendered":"https:\/\/www.correiobraziliense.com.br\/cbradar\/?p=231653"},"modified":"2026-04-27T13:23:40","modified_gmt":"2026-04-27T16:23:40","slug":"vitaminas-que-fortalecem-o-cabelo-quais-sao-as-mais-indicadas-para-evitar-queda-e-estimular-o-crescimento-saudavel","status":"publish","type":"post","link":"https:\/\/www.correiobraziliense.com.br\/cbradar\/vitaminas-que-fortalecem-o-cabelo-quais-sao-as-mais-indicadas-para-evitar-queda-e-estimular-o-crescimento-saudavel\/","title":{"rendered":"Vitaminas que fortalecem o cabelo: quais s\u00e3o as mais indicadas para evitar queda e estimular o crescimento saud\u00e1vel"},"content":{"rendered":"\n<p>Por que tanta gente gasta fortunas com produtos caros e ainda assim continua perdendo cabelo? A resposta quase sempre est\u00e1 na falta de <strong>vitaminas para o cabelo<\/strong> que o corpo precisa para manter o ciclo capilar funcionando. Sem os micronutrientes certos, os fios simplesmente n\u00e3o conseguem se regenerar.<\/p>\n\n\n\n<h2 class=\"wp-block-heading\">Por que as vitaminas influenciam tanto a sa\u00fade do cabelo?<\/h2>\n\n\n\n<p>O fol\u00edculo piloso \u00e9 uma das estruturas que mais se multiplicam no corpo humano. Para sustentar essa divis\u00e3o celular acelerada, ele consome uma quantidade consider\u00e1vel de energia e de mat\u00e9ria-prima vinda da corrente sangu\u00ednea.<\/p>\n\n\n\n<p>Quando falta algum micronutriente essencial, o organismo corta o fornecimento para os fios primeiro e prioriza \u00f3rg\u00e3os vitais. O resultado aparece r\u00e1pido: cabelo ralo, opaco e caindo al\u00e9m do normal.<\/p>\n\n\n<div class=\"wp-block-image\">\n<figure class=\"aligncenter size-full\"><img decoding=\"async\" width=\"1280\" height=\"720\" src=\"https:\/\/www.correiobraziliense.com.br\/cbradar\/wp-content\/uploads\/2026\/04\/IMAGEM_720p_1777091056140.jpg\" alt=\"Com rigor cient\u00edfico as vitaminas e minerais que de fato influenciam a sa\u00fade capilar, desfazendo mitos comuns\" class=\"wp-image-231655\" srcset=\"https:\/\/www.correiobraziliense.com.br\/cbradar\/wp-content\/uploads\/2026\/04\/IMAGEM_720p_1777091056140.jpg 1280w, https:\/\/www.correiobraziliense.com.br\/cbradar\/wp-content\/uploads\/2026\/04\/IMAGEM_720p_1777091056140-300x169.jpg 300w, https:\/\/www.correiobraziliense.com.br\/cbradar\/wp-content\/uploads\/2026\/04\/IMAGEM_720p_1777091056140-768x432.jpg 768w, https:\/\/www.correiobraziliense.com.br\/cbradar\/wp-content\/uploads\/2026\/04\/IMAGEM_720p_1777091056140-750x422.jpg 750w, https:\/\/www.correiobraziliense.com.br\/cbradar\/wp-content\/uploads\/2026\/04\/IMAGEM_720p_1777091056140-1140x641.jpg 1140w\" sizes=\"(max-width: 1280px) 100vw, 1280px\" \/><figcaption class=\"wp-element-caption\">Com rigor cient\u00edfico as vitaminas e minerais que de fato influenciam a sa\u00fade capilar, desfazendo mitos comuns<\/figcaption><\/figure><\/div>\n\n\n<h2 class=\"wp-block-heading\">Quais vitaminas s\u00e3o essenciais para evitar a queda?<\/h2>\n\n\n\n<p>N\u00e3o \u00e9 exagero dizer que quase todas as vitaminas do complexo B participam de alguma etapa da forma\u00e7\u00e3o da queratina. Algumas, no entanto, t\u00eam papel mais direto na estabilidade do ciclo capilar.<\/p>\n\n\n\n<p>As que acumulam mais evid\u00eancias cl\u00ednicas s\u00e3o estas:<\/p>\n\n\n\n<ul class=\"wp-block-list\">\n<li><strong>Vitamina D<\/strong>: regula o ciclo de crescimento e a diferencia\u00e7\u00e3o das c\u00e9lulas do fol\u00edculo.<\/li>\n\n\n\n<li><strong>Ferro<\/strong>: essencial para o transporte de oxig\u00eanio at\u00e9 a raiz do fio.<\/li>\n\n\n\n<li><strong>Zinco<\/strong>: participa da s\u00edntese proteica e da divis\u00e3o celular no bulbo.<\/li>\n\n\n\n<li><strong>Vitamina C<\/strong>: melhora a absor\u00e7\u00e3o do ferro e protege contra o estresse oxidativo.<\/li>\n\n\n\n<li><strong>Biotina (B7)<\/strong>: atua na produ\u00e7\u00e3o de queratina, embora sua defici\u00eancia seja rara.<\/li>\n<\/ul>\n\n\n\n<h2 class=\"wp-block-heading\">Biotina: ela realmente funciona para o crescimento capilar?<\/h2>\n\n\n\n<p>A <strong>biotina<\/strong> ganhou fama de vitamina milagrosa para o cabelo nas redes sociais. Basta abrir qualquer v\u00eddeo que o nome aparece associado a fios mais longos e grossos. A realidade cient\u00edfica, por\u00e9m, \u00e9 bem mais modesta.<\/p>\n\n\n\n<p>Segundo o <a href=\"https:\/\/ods.od.nih.gov\/news\/The_Scoop_-_Spring_2018.aspx#maincontent\" target=\"_blank\" rel=\"noreferrer noopener\"><strong>National Institutes of Health<\/strong><\/a>, a defici\u00eancia de biotina \u00e9 extremamente rara em pessoas saud\u00e1veis. Estudos mostram que a suplementa\u00e7\u00e3o s\u00f3 reverte a queda quando o organismo est\u00e1 de fato deficiente no nutriente, o que quase nunca acontece.<\/p>\n\n\n<div class=\"wp-block-image\">\n<figure class=\"aligncenter size-full\"><img decoding=\"async\" width=\"1280\" height=\"720\" src=\"https:\/\/www.correiobraziliense.com.br\/cbradar\/wp-content\/uploads\/2026\/04\/IMAGEM_720p_1777091054478.jpg\" alt=\"Com rigor cient\u00edfico as vitaminas e minerais que de fato influenciam a sa\u00fade capilar, desfazendo mitos comuns\" class=\"wp-image-231654\" srcset=\"https:\/\/www.correiobraziliense.com.br\/cbradar\/wp-content\/uploads\/2026\/04\/IMAGEM_720p_1777091054478.jpg 1280w, https:\/\/www.correiobraziliense.com.br\/cbradar\/wp-content\/uploads\/2026\/04\/IMAGEM_720p_1777091054478-300x169.jpg 300w, https:\/\/www.correiobraziliense.com.br\/cbradar\/wp-content\/uploads\/2026\/04\/IMAGEM_720p_1777091054478-768x432.jpg 768w, https:\/\/www.correiobraziliense.com.br\/cbradar\/wp-content\/uploads\/2026\/04\/IMAGEM_720p_1777091054478-750x422.jpg 750w, https:\/\/www.correiobraziliense.com.br\/cbradar\/wp-content\/uploads\/2026\/04\/IMAGEM_720p_1777091054478-1140x641.jpg 1140w\" sizes=\"(max-width: 1280px) 100vw, 1280px\" \/><figcaption class=\"wp-element-caption\">Com rigor cient\u00edfico as vitaminas e minerais que de fato influenciam a sa\u00fade capilar, desfazendo mitos comuns<\/figcaption><\/figure><\/div>\n\n\n<h2 class=\"wp-block-heading\">Vitamina D, ferro e zinco: qual a conex\u00e3o com os fios?<\/h2>\n\n\n\n<p>Diferente da biotina, a falta de <strong>vitamina D<\/strong>, <strong>ferro<\/strong> e <strong>zinco<\/strong> \u00e9 muito mais comum na popula\u00e7\u00e3o geral. Esses tr\u00eas nutrientes est\u00e3o entre as causas mais frequentes de queda capilar trat\u00e1vel.<\/p>\n\n\n\n<p>A vitamina D influencia diretamente a fase de crescimento do fio. J\u00e1 o ferro baixo, mesmo sem anemia diagnosticada, est\u00e1 associado ao efl\u00favio tel\u00f3geno, um tipo de queda difusa. O zinco, por sua vez, \u00e9 necess\u00e1rio para a renova\u00e7\u00e3o celular no bulbo capilar.<\/p>\n\n\n\n<p>No v\u00eddeo a seguir, o perfil do<strong><em> Felipe Dantas<\/em><\/strong>, com mais de 27 mil seguidores, fala um pouco sobre o assunto:<\/p>\n\n\n\n<blockquote class=\"instagram-media\" data-instgrm-captioned data-instgrm-permalink=\"https:\/\/www.instagram.com\/reel\/DXALwRuiNsz\/?utm_source=ig_embed&amp;utm_campaign=loading\" data-instgrm-version=\"14\" style=\" background:#FFF; border:0; border-radius:3px; box-shadow:0 0 1px 0 rgba(0,0,0,0.5),0 1px 10px 0 rgba(0,0,0,0.15); margin: 1px; max-width:540px; min-width:326px; padding:0; width:99.375%; width:-webkit-calc(100% - 2px); width:calc(100% - 2px);\"><div style=\"padding:16px;\"> <a href=\"https:\/\/www.instagram.com\/reel\/DXALwRuiNsz\/?utm_source=ig_embed&amp;utm_campaign=loading\" style=\" background:#FFFFFF; line-height:0; padding:0 0; text-align:center; text-decoration:none; width:100%;\" target=\"_blank\"> <div style=\" display: flex; flex-direction: row; align-items: center;\"> <div style=\"background-color: #F4F4F4; border-radius: 50%; flex-grow: 0; height: 40px; margin-right: 14px; width: 40px;\"><\/div> <div style=\"display: flex; flex-direction: column; flex-grow: 1; justify-content: center;\"> <div style=\" background-color: #F4F4F4; border-radius: 4px; flex-grow: 0; height: 14px; margin-bottom: 6px; width: 100px;\"><\/div> <div style=\" background-color: #F4F4F4; border-radius: 4px; flex-grow: 0; height: 14px; width: 60px;\"><\/div><\/div><\/div><div style=\"padding: 19% 0;\"><\/div> <div style=\"display:block; height:50px; margin:0 auto 12px; width:50px;\"><svg width=\"50px\" height=\"50px\" viewBox=\"0 0 60 60\" version=\"1.1\" xmlns=\"https:\/\/www.w3.org\/2000\/svg\" xmlns:xlink=\"https:\/\/www.w3.org\/1999\/xlink\"><g stroke=\"none\" stroke-width=\"1\" fill=\"none\" fill-rule=\"evenodd\"><g transform=\"translate(-511.000000, -20.000000)\" fill=\"#000000\"><g><path d=\"M556.869,30.41 C554.814,30.41 553.148,32.076 553.148,34.131 C553.148,36.186 554.814,37.852 556.869,37.852 C558.924,37.852 560.59,36.186 560.59,34.131 C560.59,32.076 558.924,30.41 556.869,30.41 M541,60.657 C535.114,60.657 530.342,55.887 530.342,50 C530.342,44.114 535.114,39.342 541,39.342 C546.887,39.342 551.658,44.114 551.658,50 C551.658,55.887 546.887,60.657 541,60.657 M541,33.886 C532.1,33.886 524.886,41.1 524.886,50 C524.886,58.899 532.1,66.113 541,66.113 C549.9,66.113 557.115,58.899 557.115,50 C557.115,41.1 549.9,33.886 541,33.886 M565.378,62.101 C565.244,65.022 564.756,66.606 564.346,67.663 C563.803,69.06 563.154,70.057 562.106,71.106 C561.058,72.155 560.06,72.803 558.662,73.347 C557.607,73.757 556.021,74.244 553.102,74.378 C549.944,74.521 548.997,74.552 541,74.552 C533.003,74.552 532.056,74.521 528.898,74.378 C525.979,74.244 524.393,73.757 523.338,73.347 C521.94,72.803 520.942,72.155 519.894,71.106 C518.846,70.057 518.197,69.06 517.654,67.663 C517.244,66.606 516.755,65.022 516.623,62.101 C516.479,58.943 516.448,57.996 516.448,50 C516.448,42.003 516.479,41.056 516.623,37.899 C516.755,34.978 517.244,33.391 517.654,32.338 C518.197,30.938 518.846,29.942 519.894,28.894 C520.942,27.846 521.94,27.196 523.338,26.654 C524.393,26.244 525.979,25.756 528.898,25.623 C532.057,25.479 533.004,25.448 541,25.448 C548.997,25.448 549.943,25.479 553.102,25.623 C556.021,25.756 557.607,26.244 558.662,26.654 C560.06,27.196 561.058,27.846 562.106,28.894 C563.154,29.942 563.803,30.938 564.346,32.338 C564.756,33.391 565.244,34.978 565.378,37.899 C565.522,41.056 565.552,42.003 565.552,50 C565.552,57.996 565.522,58.943 565.378,62.101 M570.82,37.631 C570.674,34.438 570.167,32.258 569.425,30.349 C568.659,28.377 567.633,26.702 565.965,25.035 C564.297,23.368 562.623,22.342 560.652,21.575 C558.743,20.834 556.562,20.326 553.369,20.18 C550.169,20.033 549.148,20 541,20 C532.853,20 531.831,20.033 528.631,20.18 C525.438,20.326 523.257,20.834 521.349,21.575 C519.376,22.342 517.703,23.368 516.035,25.035 C514.368,26.702 513.342,28.377 512.574,30.349 C511.834,32.258 511.326,34.438 511.181,37.631 C511.035,40.831 511,41.851 511,50 C511,58.147 511.035,59.17 511.181,62.369 C511.326,65.562 511.834,67.743 512.574,69.651 C513.342,71.625 514.368,73.296 516.035,74.965 C517.703,76.634 519.376,77.658 521.349,78.425 C523.257,79.167 525.438,79.673 528.631,79.82 C531.831,79.965 532.853,80.001 541,80.001 C549.148,80.001 550.169,79.965 553.369,79.82 C556.562,79.673 558.743,79.167 560.652,78.425 C562.623,77.658 564.297,76.634 565.965,74.965 C567.633,73.296 568.659,71.625 569.425,69.651 C570.167,67.743 570.674,65.562 570.82,62.369 C570.966,59.17 571,58.147 571,50 C571,41.851 570.966,40.831 570.82,37.631\"><\/path><\/g><\/g><\/g><\/svg><\/div><div style=\"padding-top: 8px;\"> <div style=\" color:#3897f0; font-family:Arial,sans-serif; font-size:14px; font-style:normal; font-weight:550; line-height:18px;\">Ver essa foto no Instagram<\/div><\/div><div style=\"padding: 12.5% 0;\"><\/div> <div style=\"display: flex; flex-direction: row; margin-bottom: 14px; align-items: center;\"><div> <div style=\"background-color: #F4F4F4; border-radius: 50%; height: 12.5px; width: 12.5px; transform: translateX(0px) translateY(7px);\"><\/div> <div style=\"background-color: #F4F4F4; height: 12.5px; transform: rotate(-45deg) translateX(3px) translateY(1px); width: 12.5px; flex-grow: 0; margin-right: 14px; margin-left: 2px;\"><\/div> <div style=\"background-color: #F4F4F4; border-radius: 50%; height: 12.5px; width: 12.5px; transform: translateX(9px) translateY(-18px);\"><\/div><\/div><div style=\"margin-left: 8px;\"> <div style=\" background-color: #F4F4F4; border-radius: 50%; flex-grow: 0; height: 20px; width: 20px;\"><\/div> <div style=\" width: 0; height: 0; border-top: 2px solid transparent; border-left: 6px solid #f4f4f4; border-bottom: 2px solid transparent; transform: translateX(16px) translateY(-4px) rotate(30deg)\"><\/div><\/div><div style=\"margin-left: auto;\"> <div style=\" width: 0px; border-top: 8px solid #F4F4F4; border-right: 8px solid transparent; transform: translateY(16px);\"><\/div> <div style=\" background-color: #F4F4F4; flex-grow: 0; height: 12px; width: 16px; transform: translateY(-4px);\"><\/div> <div style=\" width: 0; height: 0; border-top: 8px solid #F4F4F4; border-left: 8px solid transparent; transform: translateY(-4px) translateX(8px);\"><\/div><\/div><\/div> <div style=\"display: flex; flex-direction: column; flex-grow: 1; justify-content: center; margin-bottom: 24px;\"> <div style=\" background-color: #F4F4F4; border-radius: 4px; flex-grow: 0; height: 14px; margin-bottom: 6px; width: 224px;\"><\/div> <div style=\" background-color: #F4F4F4; border-radius: 4px; flex-grow: 0; height: 14px; width: 144px;\"><\/div><\/div><\/a><p style=\" color:#c9c8cd; font-family:Arial,sans-serif; font-size:14px; line-height:17px; margin-bottom:0; margin-top:8px; overflow:hidden; padding:8px 0 7px; text-align:center; text-overflow:ellipsis; white-space:nowrap;\"><a href=\"https:\/\/www.instagram.com\/reel\/DXALwRuiNsz\/?utm_source=ig_embed&amp;utm_campaign=loading\" style=\" color:#c9c8cd; font-family:Arial,sans-serif; font-size:14px; font-style:normal; font-weight:normal; line-height:17px; text-decoration:none;\" target=\"_blank\">Um post compartilhado por Felipe Dantas (@drfelipedantas)<\/a><\/p><\/div><\/blockquote>\n<script async src=\"\/\/www.instagram.com\/embed.js\"><\/script>\n\n\n\n<h2 class=\"wp-block-heading\">Como ajustar a alimenta\u00e7\u00e3o para ter um cabelo mais forte?<\/h2>\n\n\n\n<p>A melhor estrat\u00e9gia antes de pensar em suplementos \u00e9 rever o que vai ao prato. O <a href=\"https:\/\/pt.wikipedia.org\/wiki\/Biotina\" target=\"_blank\" rel=\"noreferrer noopener\">artigo sobre biotina<\/a> na Wikip\u00e9dia descreve as principais fontes naturais desses nutrientes.<\/p>\n\n\n\n<p>Alimentos ricos em ferro, como carnes magras e leguminosas, combinados com fontes de vitamina C, potencializam a absor\u00e7\u00e3o. O zinco aparece em sementes e oleaginosas, enquanto a vitamina D depende principalmente da exposi\u00e7\u00e3o solar e de peixes gordurosos.<\/p>\n\n\n\n<h2 class=\"wp-block-heading\">Quando a suplementa\u00e7\u00e3o \u00e9 realmente necess\u00e1ria?<\/h2>\n\n\n\n<p>Comprar vitaminas sem saber se o corpo precisa \u00e9 como atirar no escuro. Exames de sangue espec\u00edficos conseguem identificar defici\u00eancias reais e orientar a dose correta de cada nutriente.<\/p>\n\n\n\n<p>A suplementa\u00e7\u00e3o sem crit\u00e9rio pode mascarar problemas s\u00e9rios ou at\u00e9 desequilibrar outros minerais. Por isso, o caminho mais seguro \u00e9 investigar a causa da queda com um profissional antes de apostar todas as fichas nos frascos coloridos da farm\u00e1cia.<\/p>\n","protected":false},"excerpt":{"rendered":"<p>Por que tanta gente gasta fortunas com produtos caros e ainda assim continua perdendo cabelo? A resposta quase sempre est\u00e1 na falta de vitaminas para o cabelo que o corpo precisa para manter o ciclo capilar funcionando. Sem os micronutrientes certos, os fios simplesmente n\u00e3o conseguem se regenerar. Por que as vitaminas influenciam tanto a [&hellip;]<\/p>\n","protected":false},"author":11,"featured_media":233189,"comment_status":"open","ping_status":"open","sticky":false,"template":"","format":"standard","meta":{"_yoast_wpseo_focuskw":"vitaminas para o cabelo","_yoast_wpseo_title":"","_yoast_wpseo_metadesc":"Cansada de ver os fios no travesseiro? Entenda quais vitaminas realmente agem contra a queda e o que a ci\u00eancia diz sobre o crescimento saud\u00e1vel.","jnews-multi-image_gallery":[],"jnews_single_post":{"format":"standard"},"jnews_primary_category":[],"jnews_social_meta":[],"jnews_override_counter":[],"footnotes":""},"categories":[119],"post_tag":[],"class_list":["post-231653","post","type-post","status-publish","format-standard","has-post-thumbnail","hentry","category-bem-estar"],"yoast_head":"<!-- This site is optimized with the Yoast SEO plugin v24.6 - https:\/\/yoast.com\/wordpress\/plugins\/seo\/ -->\n<title>Vitaminas que fortalecem o cabelo: quais s\u00e3o as mais indicadas para evitar queda e estimular o crescimento saud\u00e1vel - Correio Braziliense - Radar<\/title>\n<meta name=\"description\" content=\"Cansada de ver os fios no travesseiro? Entenda quais vitaminas realmente agem contra a queda e o que a ci\u00eancia diz sobre o crescimento saud\u00e1vel.\" \/>\n<meta name=\"robots\" content=\"index, follow, max-snippet:-1, max-image-preview:large, max-video-preview:-1\" \/>\n<link rel=\"canonical\" href=\"https:\/\/www.correiobraziliense.com.br\/cbradar\/vitaminas-que-fortalecem-o-cabelo-quais-sao-as-mais-indicadas-para-evitar-queda-e-estimular-o-crescimento-saudavel\/\" \/>\n<meta property=\"og:locale\" content=\"pt_BR\" \/>\n<meta property=\"og:type\" content=\"article\" \/>\n<meta property=\"og:title\" content=\"Vitaminas que fortalecem o cabelo: quais s\u00e3o as mais indicadas para evitar queda e estimular o crescimento saud\u00e1vel - Correio Braziliense - Radar\" \/>\n<meta property=\"og:description\" content=\"Cansada de ver os fios no travesseiro? Entenda quais vitaminas realmente agem contra a queda e o que a ci\u00eancia diz sobre o crescimento saud\u00e1vel.\" \/>\n<meta property=\"og:url\" content=\"https:\/\/www.correiobraziliense.com.br\/cbradar\/vitaminas-que-fortalecem-o-cabelo-quais-sao-as-mais-indicadas-para-evitar-queda-e-estimular-o-crescimento-saudavel\/\" \/>\n<meta property=\"og:site_name\" content=\"Correio Braziliense - Radar\" \/>\n<meta property=\"article:published_time\" content=\"2026-04-28T10:25:00+00:00\" \/>\n<meta property=\"og:image\" content=\"https:\/\/www.correiobraziliense.com.br\/cbradar\/wp-content\/uploads\/2026\/04\/Mulher_horrorizada_com_202604271315.jpeg\" \/>\n\t<meta property=\"og:image:width\" content=\"1280\" \/>\n\t<meta property=\"og:image:height\" content=\"720\" \/>\n\t<meta property=\"og:image:type\" content=\"image\/jpeg\" \/>\n<meta name=\"author\" content=\"Paulo Custodio\" \/>\n<meta name=\"twitter:card\" content=\"summary_large_image\" \/>\n<meta name=\"twitter:label1\" content=\"Escrito por\" \/>\n\t<meta name=\"twitter:data1\" content=\"Paulo Custodio\" \/>\n\t<meta name=\"twitter:label2\" content=\"Est. tempo de leitura\" \/>\n\t<meta name=\"twitter:data2\" content=\"4 minutos\" \/>\n<!-- \/ Yoast SEO plugin. -->","yoast_head_json":{"title":"Vitaminas que fortalecem o cabelo: quais s\u00e3o as mais indicadas para evitar queda e estimular o crescimento saud\u00e1vel - Correio Braziliense - Radar","description":"Cansada de ver os fios no travesseiro? Entenda quais vitaminas realmente agem contra a queda e o que a ci\u00eancia diz sobre o crescimento saud\u00e1vel.","robots":{"index":"index","follow":"follow","max-snippet":"max-snippet:-1","max-image-preview":"max-image-preview:large","max-video-preview":"max-video-preview:-1"},"canonical":"https:\/\/www.correiobraziliense.com.br\/cbradar\/vitaminas-que-fortalecem-o-cabelo-quais-sao-as-mais-indicadas-para-evitar-queda-e-estimular-o-crescimento-saudavel\/","og_locale":"pt_BR","og_type":"article","og_title":"Vitaminas que fortalecem o cabelo: quais s\u00e3o as mais indicadas para evitar queda e estimular o crescimento saud\u00e1vel - Correio Braziliense - Radar","og_description":"Cansada de ver os fios no travesseiro? Entenda quais vitaminas realmente agem contra a queda e o que a ci\u00eancia diz sobre o crescimento saud\u00e1vel.","og_url":"https:\/\/www.correiobraziliense.com.br\/cbradar\/vitaminas-que-fortalecem-o-cabelo-quais-sao-as-mais-indicadas-para-evitar-queda-e-estimular-o-crescimento-saudavel\/","og_site_name":"Correio Braziliense - Radar","article_published_time":"2026-04-28T10:25:00+00:00","og_image":[{"width":1280,"height":720,"url":"https:\/\/www.correiobraziliense.com.br\/cbradar\/wp-content\/uploads\/2026\/04\/Mulher_horrorizada_com_202604271315.jpeg","type":"image\/jpeg"}],"author":"Paulo Custodio","twitter_card":"summary_large_image","twitter_misc":{"Escrito por":"Paulo Custodio","Est. tempo de leitura":"4 minutos"},"schema":{"@context":"https:\/\/schema.org","@graph":[{"@type":"WebPage","@id":"https:\/\/www.correiobraziliense.com.br\/cbradar\/vitaminas-que-fortalecem-o-cabelo-quais-sao-as-mais-indicadas-para-evitar-queda-e-estimular-o-crescimento-saudavel\/","url":"https:\/\/www.correiobraziliense.com.br\/cbradar\/vitaminas-que-fortalecem-o-cabelo-quais-sao-as-mais-indicadas-para-evitar-queda-e-estimular-o-crescimento-saudavel\/","name":"Vitaminas que fortalecem o cabelo: quais s\u00e3o as mais indicadas para evitar queda e estimular o crescimento saud\u00e1vel - Correio Braziliense - Radar","isPartOf":{"@id":"https:\/\/www.correiobraziliense.com.br\/cbradar\/#website"},"primaryImageOfPage":{"@id":"https:\/\/www.correiobraziliense.com.br\/cbradar\/vitaminas-que-fortalecem-o-cabelo-quais-sao-as-mais-indicadas-para-evitar-queda-e-estimular-o-crescimento-saudavel\/#primaryimage"},"image":{"@id":"https:\/\/www.correiobraziliense.com.br\/cbradar\/vitaminas-que-fortalecem-o-cabelo-quais-sao-as-mais-indicadas-para-evitar-queda-e-estimular-o-crescimento-saudavel\/#primaryimage"},"thumbnailUrl":"https:\/\/www.correiobraziliense.com.br\/cbradar\/wp-content\/uploads\/2026\/04\/Mulher_horrorizada_com_202604271315.jpeg","datePublished":"2026-04-28T10:25:00+00:00","author":{"@id":"https:\/\/www.correiobraziliense.com.br\/cbradar\/#\/schema\/person\/4cec7857301a9a1a2ef249893cd908d3"},"description":"Cansada de ver os fios no travesseiro? Entenda quais vitaminas realmente agem contra a queda e o que a ci\u00eancia diz sobre o crescimento saud\u00e1vel.","breadcrumb":{"@id":"https:\/\/www.correiobraziliense.com.br\/cbradar\/vitaminas-que-fortalecem-o-cabelo-quais-sao-as-mais-indicadas-para-evitar-queda-e-estimular-o-crescimento-saudavel\/#breadcrumb"},"inLanguage":"pt-BR","potentialAction":[{"@type":"ReadAction","target":["https:\/\/www.correiobraziliense.com.br\/cbradar\/vitaminas-que-fortalecem-o-cabelo-quais-sao-as-mais-indicadas-para-evitar-queda-e-estimular-o-crescimento-saudavel\/"]}]},{"@type":"ImageObject","inLanguage":"pt-BR","@id":"https:\/\/www.correiobraziliense.com.br\/cbradar\/vitaminas-que-fortalecem-o-cabelo-quais-sao-as-mais-indicadas-para-evitar-queda-e-estimular-o-crescimento-saudavel\/#primaryimage","url":"https:\/\/www.correiobraziliense.com.br\/cbradar\/wp-content\/uploads\/2026\/04\/Mulher_horrorizada_com_202604271315.jpeg","contentUrl":"https:\/\/www.correiobraziliense.com.br\/cbradar\/wp-content\/uploads\/2026\/04\/Mulher_horrorizada_com_202604271315.jpeg","width":1280,"height":720,"caption":"Alimenta\u00e7\u00e3o impacta diretamente na qualidade dos fios"},{"@type":"BreadcrumbList","@id":"https:\/\/www.correiobraziliense.com.br\/cbradar\/vitaminas-que-fortalecem-o-cabelo-quais-sao-as-mais-indicadas-para-evitar-queda-e-estimular-o-crescimento-saudavel\/#breadcrumb","itemListElement":[{"@type":"ListItem","position":1,"name":"In\u00edcio","item":"https:\/\/www.correiobraziliense.com.br\/cbradar\/"},{"@type":"ListItem","position":2,"name":"Vitaminas que fortalecem o cabelo: quais s\u00e3o as mais indicadas para evitar queda e estimular o crescimento saud\u00e1vel"}]},{"@type":"WebSite","@id":"https:\/\/www.correiobraziliense.com.br\/cbradar\/#website","url":"https:\/\/www.correiobraziliense.com.br\/cbradar\/","name":"Correio Braziliense - Radar","description":"Acompanhe as \u00faltimas not\u00edcias e fique bem informado sobre tudo o que acontece no Brasil e no mundo.","potentialAction":[{"@type":"SearchAction","target":{"@type":"EntryPoint","urlTemplate":"https:\/\/www.correiobraziliense.com.br\/cbradar\/?s={search_term_string}"},"query-input":{"@type":"PropertyValueSpecification","valueRequired":true,"valueName":"search_term_string"}}],"inLanguage":"pt-BR"},{"@type":"Person","@id":"https:\/\/www.correiobraziliense.com.br\/cbradar\/#\/schema\/person\/4cec7857301a9a1a2ef249893cd908d3","name":"Paulo Custodio","image":{"@type":"ImageObject","inLanguage":"pt-BR","@id":"https:\/\/www.correiobraziliense.com.br\/cbradar\/#\/schema\/person\/image\/","url":"https:\/\/secure.gravatar.com\/avatar\/bcd67168d1534e8fcf4f45c726a87cea?s=96&d=mm&r=g","contentUrl":"https:\/\/secure.gravatar.com\/avatar\/bcd67168d1534e8fcf4f45c726a87cea?s=96&d=mm&r=g","caption":"Paulo Custodio"},"sameAs":["https:\/\/www.correiobraziliense.com.br\/cbradar"],"url":"https:\/\/www.correiobraziliense.com.br\/cbradar\/author\/paulomyth\/"}]}},"_links":{"self":[{"href":"https:\/\/www.correiobraziliense.com.br\/cbradar\/wp-json\/wp\/v2\/posts\/231653","targetHints":{"allow":["GET"]}}],"collection":[{"href":"https:\/\/www.correiobraziliense.com.br\/cbradar\/wp-json\/wp\/v2\/posts"}],"about":[{"href":"https:\/\/www.correiobraziliense.com.br\/cbradar\/wp-json\/wp\/v2\/types\/post"}],"author":[{"embeddable":true,"href":"https:\/\/www.correiobraziliense.com.br\/cbradar\/wp-json\/wp\/v2\/users\/11"}],"replies":[{"embeddable":true,"href":"https:\/\/www.correiobraziliense.com.br\/cbradar\/wp-json\/wp\/v2\/comments?post=231653"}],"version-history":[{"count":1,"href":"https:\/\/www.correiobraziliense.com.br\/cbradar\/wp-json\/wp\/v2\/posts\/231653\/revisions"}],"predecessor-version":[{"id":231656,"href":"https:\/\/www.correiobraziliense.com.br\/cbradar\/wp-json\/wp\/v2\/posts\/231653\/revisions\/231656"}],"wp:featuredmedia":[{"embeddable":true,"href":"https:\/\/www.correiobraziliense.com.br\/cbradar\/wp-json\/wp\/v2\/media\/233189"}],"wp:attachment":[{"href":"https:\/\/www.correiobraziliense.com.br\/cbradar\/wp-json\/wp\/v2\/media?parent=231653"}],"wp:term":[{"taxonomy":"category","embeddable":true,"href":"https:\/\/www.correiobraziliense.com.br\/cbradar\/wp-json\/wp\/v2\/categories?post=231653"},{"taxonomy":"post_tag","embeddable":true,"href":"https:\/\/www.correiobraziliense.com.br\/cbradar\/wp-json\/wp\/v2\/post_tag?post=231653"}],"curies":[{"name":"wp","href":"https:\/\/api.w.org\/{rel}","templated":true}]}}