{"id":231662,"date":"2026-04-28T16:05:00","date_gmt":"2026-04-28T19:05:00","guid":{"rendered":"https:\/\/www.correiobraziliense.com.br\/cbradar\/?p=231662"},"modified":"2026-04-27T13:19:41","modified_gmt":"2026-04-27T16:19:41","slug":"melatonina-para-dormir-melhor-qual-e-o-horario-ideal-para-tomar-sem-prejudicar-o-ciclo-do-sono","status":"publish","type":"post","link":"https:\/\/www.correiobraziliense.com.br\/cbradar\/melatonina-para-dormir-melhor-qual-e-o-horario-ideal-para-tomar-sem-prejudicar-o-ciclo-do-sono\/","title":{"rendered":"Melatonina para dormir melhor: qual \u00e9 o hor\u00e1rio ideal para tomar sem prejudicar o ciclo do sono"},"content":{"rendered":"\n<p>Por que algumas pessoas tomam <strong>melatonina para dormir melhor<\/strong> e mesmo assim continuam rolando na cama at\u00e9 de madrugada? Na maioria das vezes, o problema n\u00e3o est\u00e1 na dose, mas no rel\u00f3gio: acertar o momento exato da ingest\u00e3o \u00e9 o que separa um sono natural de um ciclo bagun\u00e7ado e uma manh\u00e3 seguinte cheia de cansa\u00e7o.<\/p>\n\n\n\n<h2 class=\"wp-block-heading\">O que exatamente a melatonina faz no c\u00e9rebro?<\/h2>\n\n\n\n<p>A <strong>melatonina<\/strong> \u00e9 um horm\u00f4nio que atua como um mensageiro da escurid\u00e3o. Produzida pela <strong>gl\u00e2ndula pineal<\/strong>, ela n\u00e3o provoca o sono de forma for\u00e7ada como um sedativo, mas informa ao organismo que a noite chegou e \u00e9 hora de desacelerar o metabolismo.<\/p>\n\n\n\n<p>A melatonina \u00e9 uma indolamina sintetizada a partir do triptofano e liberada diretamente na corrente sangu\u00ednea assim que \u00e9 produzida. Seu papel principal \u00e9 regular o <strong>ciclo circadiano<\/strong>, o rel\u00f3gio interno que controla quando sentimos sono e quando despertamos.<\/p>\n\n\n<div class=\"wp-block-image\">\n<figure class=\"aligncenter size-full\"><img decoding=\"async\" width=\"1280\" height=\"720\" src=\"https:\/\/www.correiobraziliense.com.br\/cbradar\/wp-content\/uploads\/2026\/04\/IMAGEM_720p_1777092220687.jpg\" alt=\"O uso correto da melatonina, com foco no timing de ingest\u00e3o, para melhorar o sono e evitar a desregula\u00e7\u00e3o do ritmo circadiano\" class=\"wp-image-231664\" srcset=\"https:\/\/www.correiobraziliense.com.br\/cbradar\/wp-content\/uploads\/2026\/04\/IMAGEM_720p_1777092220687.jpg 1280w, https:\/\/www.correiobraziliense.com.br\/cbradar\/wp-content\/uploads\/2026\/04\/IMAGEM_720p_1777092220687-300x169.jpg 300w, https:\/\/www.correiobraziliense.com.br\/cbradar\/wp-content\/uploads\/2026\/04\/IMAGEM_720p_1777092220687-768x432.jpg 768w, https:\/\/www.correiobraziliense.com.br\/cbradar\/wp-content\/uploads\/2026\/04\/IMAGEM_720p_1777092220687-750x422.jpg 750w, https:\/\/www.correiobraziliense.com.br\/cbradar\/wp-content\/uploads\/2026\/04\/IMAGEM_720p_1777092220687-1140x641.jpg 1140w\" sizes=\"(max-width: 1280px) 100vw, 1280px\" \/><figcaption class=\"wp-element-caption\">O uso correto da melatonina, com foco no timing de ingest\u00e3o, para melhorar o sono e evitar a desregula\u00e7\u00e3o do ritmo circadiano<\/figcaption><\/figure><\/div>\n\n\n<h2 class=\"wp-block-heading\">Por que o hor\u00e1rio de tomar melatonina \u00e9 t\u00e3o cr\u00edtico?<\/h2>\n\n\n\n<p>O corpo segue um ciclo de 24 horas em que a produ\u00e7\u00e3o natural de melatonina come\u00e7a a subir cerca de duas horas antes do hor\u00e1rio habitual de dormir. Se a pessoa toma o suplemento fora dessa janela, o sinal qu\u00edmico chega ao c\u00e9rebro em descompasso com os demais ritmos biol\u00f3gicos.<\/p>\n\n\n\n<p>Tomar melatonina \u00e0s 20h quando o corpo est\u00e1 programado para dormir \u00e0s 23h pode adiantar o sono de forma artificial. J\u00e1 ingerir o comprimido muito perto da hora de deitar pode fazer com que o pico do horm\u00f4nio ocorra apenas de madrugada, atrasando o despertar e deixando uma sensa\u00e7\u00e3o de ressaca no dia seguinte.<\/p>\n\n\n\n<h2 class=\"wp-block-heading\">Qual \u00e9 o intervalo ideal entre a ingest\u00e3o e a hora de dormir?<\/h2>\n\n\n\n<p>Uma meta-an\u00e1lise publicada no <strong>Journal of Pineal Research<\/strong> em 2024 examinou 26 ensaios cl\u00ednicos randomizados e identificou que administrar a melatonina <strong>3 horas antes do hor\u00e1rio desejado de dormir<\/strong> otimiza tanto a redu\u00e7\u00e3o do tempo para adormecer quanto o aumento do tempo total de sono.<\/p>\n\n\n\n<p>Os dados, revisados por pesquisadores do <a href=\"https:\/\/pubmed.ncbi.nlm.nih.gov\/38888087\/\" target=\"_blank\" rel=\"noreferrer noopener\">National Institutes of Health<\/a>, mostraram que esse intervalo de 3 horas foi mais eficaz do que a pr\u00e1tica cl\u00ednica mais comum de tomar 2 mg apenas 30 minutos antes de deitar. O estudo tamb\u00e9m apontou que a dose de 4 mg por dia produziu os melhores resultados nessa janela de administra\u00e7\u00e3o.<\/p>\n\n\n<div class=\"wp-block-image\">\n<figure class=\"aligncenter size-full\"><img decoding=\"async\" width=\"1280\" height=\"720\" src=\"https:\/\/www.correiobraziliense.com.br\/cbradar\/wp-content\/uploads\/2026\/04\/IMAGEM_720p_1777092222963.jpg\" alt=\"O uso correto da melatonina, com foco no timing de ingest\u00e3o, para melhorar o sono e evitar a desregula\u00e7\u00e3o do ritmo circadiano\" class=\"wp-image-231663\" srcset=\"https:\/\/www.correiobraziliense.com.br\/cbradar\/wp-content\/uploads\/2026\/04\/IMAGEM_720p_1777092222963.jpg 1280w, https:\/\/www.correiobraziliense.com.br\/cbradar\/wp-content\/uploads\/2026\/04\/IMAGEM_720p_1777092222963-300x169.jpg 300w, https:\/\/www.correiobraziliense.com.br\/cbradar\/wp-content\/uploads\/2026\/04\/IMAGEM_720p_1777092222963-768x432.jpg 768w, https:\/\/www.correiobraziliense.com.br\/cbradar\/wp-content\/uploads\/2026\/04\/IMAGEM_720p_1777092222963-750x422.jpg 750w, https:\/\/www.correiobraziliense.com.br\/cbradar\/wp-content\/uploads\/2026\/04\/IMAGEM_720p_1777092222963-1140x641.jpg 1140w\" sizes=\"(max-width: 1280px) 100vw, 1280px\" \/><figcaption class=\"wp-element-caption\">O uso correto da melatonina, com foco no timing de ingest\u00e3o, para melhorar o sono e evitar a desregula\u00e7\u00e3o do ritmo circadiano<\/figcaption><\/figure><\/div>\n\n\n<h2 class=\"wp-block-heading\">Qual \u00e9 a dose mais indicada para come\u00e7ar?<\/h2>\n\n\n\n<p>Diferente do que sugere o marketing de suplementos com 5 mg ou 10 mg, a recomenda\u00e7\u00e3o mais segura \u00e9 iniciar com doses baixas. Estudos indicam que doses entre <strong>0,3 mg e 1 mg<\/strong> j\u00e1 s\u00e3o suficientes para imitar os n\u00edveis naturais do horm\u00f4nio, sobretudo em pessoas com mais idade.<\/p>\n\n\n\n<p>Doses acima de 3 mg n\u00e3o trouxeram benef\u00edcio adicional significativo para a maioria das pessoas e ainda aumentaram as chances de sonol\u00eancia diurna, dores de cabe\u00e7a e altera\u00e7\u00f5es nos n\u00edveis hormonais.<\/p>\n\n\n\n<p>No v\u00eddeo a seguir, o <strong>Dr Juliano Teles<\/strong>, com mais de 4 milh\u00f5es de inscritos, fala um pouco sobre o assunto:<\/p>\n\n\n\n<iframe loading=\"lazy\" width=\"342\" height=\"608\" src=\"https:\/\/www.youtube.com\/embed\/tYfF-ngZGIw\" title=\"Quanto de melatonina posso tomar?\" frameborder=\"0\" allow=\"accelerometer; autoplay; clipboard-write; encrypted-media; gyroscope; picture-in-picture; web-share\" referrerpolicy=\"strict-origin-when-cross-origin\" allowfullscreen><\/iframe>\n\n\n\n<h2 class=\"wp-block-heading\">O que atrapalha o efeito da melatonina mesmo na dose e no hor\u00e1rio certos?<\/h2>\n\n\n\n<p>A melatonina n\u00e3o age sozinha. A exposi\u00e7\u00e3o a <strong>telas brilhantes<\/strong> no per\u00edodo noturno suprime a produ\u00e7\u00e3o natural do horm\u00f4nio e enfraquece o sinal que o suplemento tenta refor\u00e7ar. A luz azul emitida por celulares e computadores \u00e9 particularmente prejudicial nesse sentido.<\/p>\n\n\n\n<p>O consumo de refei\u00e7\u00f5es muito pesadas ou de cafe\u00edna no fim da tarde tamb\u00e9m interfere no metabolismo hormonal. O ideal \u00e9 que, ap\u00f3s tomar a melatonina, o ambiente dom\u00e9stico comece a simular a chegada da noite, com luzes mais baixas e atividades tranquilas que preparem o c\u00e9rebro para o descanso que est\u00e1 por vir.<\/p>\n","protected":false},"excerpt":{"rendered":"<p>Por que algumas pessoas tomam melatonina para dormir melhor e mesmo assim continuam rolando na cama at\u00e9 de madrugada? Na maioria das vezes, o problema n\u00e3o est\u00e1 na dose, mas no rel\u00f3gio: acertar o momento exato da ingest\u00e3o \u00e9 o que separa um sono natural de um ciclo bagun\u00e7ado e uma manh\u00e3 seguinte cheia de [&hellip;]<\/p>\n","protected":false},"author":11,"featured_media":233183,"comment_status":"open","ping_status":"open","sticky":false,"template":"","format":"standard","meta":{"_yoast_wpseo_focuskw":"melatonina para dormir melhor","_yoast_wpseo_title":"","_yoast_wpseo_metadesc":"Descubra por que o hor\u00e1rio em que voc\u00ea toma melatonina pode ser mais importante que a dose para finalmente dormir melhor.","jnews-multi-image_gallery":[],"jnews_single_post":{"format":"standard"},"jnews_primary_category":[],"jnews_social_meta":[],"jnews_override_counter":[],"footnotes":""},"categories":[119],"post_tag":[],"class_list":["post-231662","post","type-post","status-publish","format-standard","has-post-thumbnail","hentry","category-bem-estar"],"yoast_head":"<!-- This site is optimized with the Yoast SEO plugin v24.6 - https:\/\/yoast.com\/wordpress\/plugins\/seo\/ -->\n<title>Melatonina para dormir melhor: qual \u00e9 o hor\u00e1rio ideal para tomar sem prejudicar o ciclo do sono - Correio Braziliense - Radar<\/title>\n<meta name=\"description\" content=\"Descubra por que o hor\u00e1rio em que voc\u00ea toma melatonina pode ser mais importante que a dose para finalmente dormir melhor.\" \/>\n<meta name=\"robots\" content=\"index, follow, max-snippet:-1, max-image-preview:large, max-video-preview:-1\" \/>\n<link rel=\"canonical\" href=\"https:\/\/www.correiobraziliense.com.br\/cbradar\/melatonina-para-dormir-melhor-qual-e-o-horario-ideal-para-tomar-sem-prejudicar-o-ciclo-do-sono\/\" \/>\n<meta property=\"og:locale\" content=\"pt_BR\" \/>\n<meta property=\"og:type\" content=\"article\" \/>\n<meta property=\"og:title\" content=\"Melatonina para dormir melhor: qual \u00e9 o hor\u00e1rio ideal para tomar sem prejudicar o ciclo do sono - Correio Braziliense - Radar\" \/>\n<meta property=\"og:description\" content=\"Descubra por que o hor\u00e1rio em que voc\u00ea toma melatonina pode ser mais importante que a dose para finalmente dormir melhor.\" \/>\n<meta property=\"og:url\" content=\"https:\/\/www.correiobraziliense.com.br\/cbradar\/melatonina-para-dormir-melhor-qual-e-o-horario-ideal-para-tomar-sem-prejudicar-o-ciclo-do-sono\/\" \/>\n<meta property=\"og:site_name\" content=\"Correio Braziliense - Radar\" \/>\n<meta property=\"article:published_time\" content=\"2026-04-28T19:05:00+00:00\" \/>\n<meta property=\"og:image\" content=\"https:\/\/www.correiobraziliense.com.br\/cbradar\/wp-content\/uploads\/2026\/04\/Brazilian_person_sleeping_202604271310.jpeg\" \/>\n\t<meta property=\"og:image:width\" content=\"1280\" \/>\n\t<meta property=\"og:image:height\" content=\"720\" \/>\n\t<meta property=\"og:image:type\" content=\"image\/jpeg\" \/>\n<meta name=\"author\" content=\"Paulo Custodio\" \/>\n<meta name=\"twitter:card\" content=\"summary_large_image\" \/>\n<meta name=\"twitter:label1\" content=\"Escrito por\" \/>\n\t<meta name=\"twitter:data1\" content=\"Paulo Custodio\" \/>\n\t<meta name=\"twitter:label2\" content=\"Est. tempo de leitura\" \/>\n\t<meta name=\"twitter:data2\" content=\"5 minutos\" \/>\n<!-- \/ Yoast SEO plugin. -->","yoast_head_json":{"title":"Melatonina para dormir melhor: qual \u00e9 o hor\u00e1rio ideal para tomar sem prejudicar o ciclo do sono - Correio Braziliense - Radar","description":"Descubra por que o hor\u00e1rio em que voc\u00ea toma melatonina pode ser mais importante que a dose para finalmente dormir melhor.","robots":{"index":"index","follow":"follow","max-snippet":"max-snippet:-1","max-image-preview":"max-image-preview:large","max-video-preview":"max-video-preview:-1"},"canonical":"https:\/\/www.correiobraziliense.com.br\/cbradar\/melatonina-para-dormir-melhor-qual-e-o-horario-ideal-para-tomar-sem-prejudicar-o-ciclo-do-sono\/","og_locale":"pt_BR","og_type":"article","og_title":"Melatonina para dormir melhor: qual \u00e9 o hor\u00e1rio ideal para tomar sem prejudicar o ciclo do sono - Correio Braziliense - Radar","og_description":"Descubra por que o hor\u00e1rio em que voc\u00ea toma melatonina pode ser mais importante que a dose para finalmente dormir melhor.","og_url":"https:\/\/www.correiobraziliense.com.br\/cbradar\/melatonina-para-dormir-melhor-qual-e-o-horario-ideal-para-tomar-sem-prejudicar-o-ciclo-do-sono\/","og_site_name":"Correio Braziliense - Radar","article_published_time":"2026-04-28T19:05:00+00:00","og_image":[{"width":1280,"height":720,"url":"https:\/\/www.correiobraziliense.com.br\/cbradar\/wp-content\/uploads\/2026\/04\/Brazilian_person_sleeping_202604271310.jpeg","type":"image\/jpeg"}],"author":"Paulo Custodio","twitter_card":"summary_large_image","twitter_misc":{"Escrito por":"Paulo Custodio","Est. tempo de leitura":"5 minutos"},"schema":{"@context":"https:\/\/schema.org","@graph":[{"@type":"WebPage","@id":"https:\/\/www.correiobraziliense.com.br\/cbradar\/melatonina-para-dormir-melhor-qual-e-o-horario-ideal-para-tomar-sem-prejudicar-o-ciclo-do-sono\/","url":"https:\/\/www.correiobraziliense.com.br\/cbradar\/melatonina-para-dormir-melhor-qual-e-o-horario-ideal-para-tomar-sem-prejudicar-o-ciclo-do-sono\/","name":"Melatonina para dormir melhor: qual \u00e9 o hor\u00e1rio ideal para tomar sem prejudicar o ciclo do sono - Correio Braziliense - Radar","isPartOf":{"@id":"https:\/\/www.correiobraziliense.com.br\/cbradar\/#website"},"primaryImageOfPage":{"@id":"https:\/\/www.correiobraziliense.com.br\/cbradar\/melatonina-para-dormir-melhor-qual-e-o-horario-ideal-para-tomar-sem-prejudicar-o-ciclo-do-sono\/#primaryimage"},"image":{"@id":"https:\/\/www.correiobraziliense.com.br\/cbradar\/melatonina-para-dormir-melhor-qual-e-o-horario-ideal-para-tomar-sem-prejudicar-o-ciclo-do-sono\/#primaryimage"},"thumbnailUrl":"https:\/\/www.correiobraziliense.com.br\/cbradar\/wp-content\/uploads\/2026\/04\/Brazilian_person_sleeping_202604271310.jpeg","datePublished":"2026-04-28T19:05:00+00:00","author":{"@id":"https:\/\/www.correiobraziliense.com.br\/cbradar\/#\/schema\/person\/4cec7857301a9a1a2ef249893cd908d3"},"description":"Descubra por que o hor\u00e1rio em que voc\u00ea toma melatonina pode ser mais importante que a dose para finalmente dormir melhor.","breadcrumb":{"@id":"https:\/\/www.correiobraziliense.com.br\/cbradar\/melatonina-para-dormir-melhor-qual-e-o-horario-ideal-para-tomar-sem-prejudicar-o-ciclo-do-sono\/#breadcrumb"},"inLanguage":"pt-BR","potentialAction":[{"@type":"ReadAction","target":["https:\/\/www.correiobraziliense.com.br\/cbradar\/melatonina-para-dormir-melhor-qual-e-o-horario-ideal-para-tomar-sem-prejudicar-o-ciclo-do-sono\/"]}]},{"@type":"ImageObject","inLanguage":"pt-BR","@id":"https:\/\/www.correiobraziliense.com.br\/cbradar\/melatonina-para-dormir-melhor-qual-e-o-horario-ideal-para-tomar-sem-prejudicar-o-ciclo-do-sono\/#primaryimage","url":"https:\/\/www.correiobraziliense.com.br\/cbradar\/wp-content\/uploads\/2026\/04\/Brazilian_person_sleeping_202604271310.jpeg","contentUrl":"https:\/\/www.correiobraziliense.com.br\/cbradar\/wp-content\/uploads\/2026\/04\/Brazilian_person_sleeping_202604271310.jpeg","width":1280,"height":720,"caption":"A produ\u00e7\u00e3o natural do horm\u00f4nio aumenta no per\u00edodo noturno"},{"@type":"BreadcrumbList","@id":"https:\/\/www.correiobraziliense.com.br\/cbradar\/melatonina-para-dormir-melhor-qual-e-o-horario-ideal-para-tomar-sem-prejudicar-o-ciclo-do-sono\/#breadcrumb","itemListElement":[{"@type":"ListItem","position":1,"name":"In\u00edcio","item":"https:\/\/www.correiobraziliense.com.br\/cbradar\/"},{"@type":"ListItem","position":2,"name":"Melatonina para dormir melhor: qual \u00e9 o hor\u00e1rio ideal para tomar sem prejudicar o ciclo do sono"}]},{"@type":"WebSite","@id":"https:\/\/www.correiobraziliense.com.br\/cbradar\/#website","url":"https:\/\/www.correiobraziliense.com.br\/cbradar\/","name":"Correio Braziliense - Radar","description":"Acompanhe as \u00faltimas not\u00edcias e fique bem informado sobre tudo o que acontece no Brasil e no mundo.","potentialAction":[{"@type":"SearchAction","target":{"@type":"EntryPoint","urlTemplate":"https:\/\/www.correiobraziliense.com.br\/cbradar\/?s={search_term_string}"},"query-input":{"@type":"PropertyValueSpecification","valueRequired":true,"valueName":"search_term_string"}}],"inLanguage":"pt-BR"},{"@type":"Person","@id":"https:\/\/www.correiobraziliense.com.br\/cbradar\/#\/schema\/person\/4cec7857301a9a1a2ef249893cd908d3","name":"Paulo Custodio","image":{"@type":"ImageObject","inLanguage":"pt-BR","@id":"https:\/\/www.correiobraziliense.com.br\/cbradar\/#\/schema\/person\/image\/","url":"https:\/\/secure.gravatar.com\/avatar\/bcd67168d1534e8fcf4f45c726a87cea?s=96&d=mm&r=g","contentUrl":"https:\/\/secure.gravatar.com\/avatar\/bcd67168d1534e8fcf4f45c726a87cea?s=96&d=mm&r=g","caption":"Paulo Custodio"},"sameAs":["https:\/\/www.correiobraziliense.com.br\/cbradar"],"url":"https:\/\/www.correiobraziliense.com.br\/cbradar\/author\/paulomyth\/"}]}},"_links":{"self":[{"href":"https:\/\/www.correiobraziliense.com.br\/cbradar\/wp-json\/wp\/v2\/posts\/231662","targetHints":{"allow":["GET"]}}],"collection":[{"href":"https:\/\/www.correiobraziliense.com.br\/cbradar\/wp-json\/wp\/v2\/posts"}],"about":[{"href":"https:\/\/www.correiobraziliense.com.br\/cbradar\/wp-json\/wp\/v2\/types\/post"}],"author":[{"embeddable":true,"href":"https:\/\/www.correiobraziliense.com.br\/cbradar\/wp-json\/wp\/v2\/users\/11"}],"replies":[{"embeddable":true,"href":"https:\/\/www.correiobraziliense.com.br\/cbradar\/wp-json\/wp\/v2\/comments?post=231662"}],"version-history":[{"count":1,"href":"https:\/\/www.correiobraziliense.com.br\/cbradar\/wp-json\/wp\/v2\/posts\/231662\/revisions"}],"predecessor-version":[{"id":231665,"href":"https:\/\/www.correiobraziliense.com.br\/cbradar\/wp-json\/wp\/v2\/posts\/231662\/revisions\/231665"}],"wp:featuredmedia":[{"embeddable":true,"href":"https:\/\/www.correiobraziliense.com.br\/cbradar\/wp-json\/wp\/v2\/media\/233183"}],"wp:attachment":[{"href":"https:\/\/www.correiobraziliense.com.br\/cbradar\/wp-json\/wp\/v2\/media?parent=231662"}],"wp:term":[{"taxonomy":"category","embeddable":true,"href":"https:\/\/www.correiobraziliense.com.br\/cbradar\/wp-json\/wp\/v2\/categories?post=231662"},{"taxonomy":"post_tag","embeddable":true,"href":"https:\/\/www.correiobraziliense.com.br\/cbradar\/wp-json\/wp\/v2\/post_tag?post=231662"}],"curies":[{"name":"wp","href":"https:\/\/api.w.org\/{rel}","templated":true}]}}