{"id":231666,"date":"2026-04-28T18:05:00","date_gmt":"2026-04-28T21:05:00","guid":{"rendered":"https:\/\/www.correiobraziliense.com.br\/cbradar\/?p=231666"},"modified":"2026-04-27T13:18:25","modified_gmt":"2026-04-27T16:18:25","slug":"alimentos-anti-inflamatorios-quais-sao-os-mais-adequados-para-reduzir-inchaco-e-melhorar-a-digestao-apos-os-40-anos","status":"publish","type":"post","link":"https:\/\/www.correiobraziliense.com.br\/cbradar\/alimentos-anti-inflamatorios-quais-sao-os-mais-adequados-para-reduzir-inchaco-e-melhorar-a-digestao-apos-os-40-anos\/","title":{"rendered":"Alimentos anti-inflamat\u00f3rios: quais s\u00e3o os mais adequados para reduzir incha\u00e7o e melhorar a digest\u00e3o ap\u00f3s os 40 anos"},"content":{"rendered":"\n<p>Por que o mesmo prato que aos 30 anos passava leve agora provoca uma sensa\u00e7\u00e3o de estufamento que dura horas? A chegada dos 40 coincide com um decl\u00ednio natural da diversidade da microbiota intestinal, e \u00e9 nesse momento que os <strong>alimentos anti-inflamat\u00f3rios<\/strong> deixam de ser apenas uma escolha saud\u00e1vel para se tornar uma ferramenta decisiva na redu\u00e7\u00e3o do incha\u00e7o e na recupera\u00e7\u00e3o de uma digest\u00e3o confort\u00e1vel.<\/p>\n\n\n\n<h2 class=\"wp-block-heading\">O que muda na digest\u00e3o depois dos 40 anos?<\/h2>\n\n\n\n<p>A partir da quarta d\u00e9cada, o intestino perde progressivamente a capacidade de resolver inflama\u00e7\u00f5es. A produ\u00e7\u00e3o de enzimas digestivas diminui, a renova\u00e7\u00e3o da mucosa fica mais lenta e a barreira intestinal se torna mais perme\u00e1vel.<\/p>\n\n\n\n<p>Esse conjunto de altera\u00e7\u00f5es recebe o nome de <strong>inflammaging<\/strong>, um estado de inflama\u00e7\u00e3o cr\u00f4nica de baixo grau que avan\u00e7a com a idade. O resultado pr\u00e1tico aparece no dia a dia: gases, distens\u00e3o abdominal e uma sensa\u00e7\u00e3o persistente de m\u00e1 digest\u00e3o.<\/p>\n\n\n<div class=\"wp-block-image\">\n<figure class=\"aligncenter size-full\"><img decoding=\"async\" width=\"1280\" height=\"720\" src=\"https:\/\/www.correiobraziliense.com.br\/cbradar\/wp-content\/uploads\/2026\/04\/IMAGEM_720p_1777092567077.jpg\" alt=\"Alimentos de fato contribuem para reduzir o incha\u00e7o abdominal e melhorar a digest\u00e3o a partir dos 40 anos\" class=\"wp-image-231675\" srcset=\"https:\/\/www.correiobraziliense.com.br\/cbradar\/wp-content\/uploads\/2026\/04\/IMAGEM_720p_1777092567077.jpg 1280w, https:\/\/www.correiobraziliense.com.br\/cbradar\/wp-content\/uploads\/2026\/04\/IMAGEM_720p_1777092567077-300x169.jpg 300w, https:\/\/www.correiobraziliense.com.br\/cbradar\/wp-content\/uploads\/2026\/04\/IMAGEM_720p_1777092567077-768x432.jpg 768w, https:\/\/www.correiobraziliense.com.br\/cbradar\/wp-content\/uploads\/2026\/04\/IMAGEM_720p_1777092567077-750x422.jpg 750w, https:\/\/www.correiobraziliense.com.br\/cbradar\/wp-content\/uploads\/2026\/04\/IMAGEM_720p_1777092567077-1140x641.jpg 1140w\" sizes=\"(max-width: 1280px) 100vw, 1280px\" \/><figcaption class=\"wp-element-caption\">Alimentos de fato contribuem para reduzir o incha\u00e7o abdominal e melhorar a digest\u00e3o a partir dos 40 anos<\/figcaption><\/figure><\/div>\n\n\n<h2 class=\"wp-block-heading\">Como os alimentos anti-inflamat\u00f3rios agem no intestino?<\/h2>\n\n\n\n<p>Os compostos bioativos presentes nesses alimentos atuam em duas frentes principais. A primeira \u00e9 a modula\u00e7\u00e3o das citocinas inflamat\u00f3rias, reduzindo os sinais qu\u00edmicos que irritam a mucosa intestinal e provocam incha\u00e7o.<\/p>\n\n\n\n<p>A segunda frente \u00e9 o est\u00edmulo \u00e0 produ\u00e7\u00e3o de <strong>\u00e1cidos graxos de cadeia curta<\/strong>, subst\u00e2ncias que nutrem as c\u00e9lulas do c\u00f3lon e refor\u00e7am a integridade da barreira intestinal. Com a mucosa mais \u00edntegra, part\u00edculas inflamat\u00f3rias n\u00e3o caem na corrente sangu\u00ednea, e os epis\u00f3dios de distens\u00e3o se tornam menos frequentes.<\/p>\n\n\n\n<p>No v\u00eddeo a seguir, o <strong>Dr. Fernando Lemos &#8211; Planeta Intestino<\/strong>, com mais de 7 milh\u00f5es de inscritos, fala um pouco do assunto:<\/p>\n\n\n\n<iframe loading=\"lazy\" width=\"342\" height=\"608\" src=\"https:\/\/www.youtube.com\/embed\/amvCH0ba2sQ\" title=\"Estes s\u00e3o os alimentos anti-inflamat\u00f3rios para uma sa\u00fade digestiva e intestinal saud\u00e1vel!\" frameborder=\"0\" allow=\"accelerometer; autoplay; clipboard-write; encrypted-media; gyroscope; picture-in-picture; web-share\" referrerpolicy=\"strict-origin-when-cross-origin\" allowfullscreen><\/iframe>\n\n\n\n<h2 class=\"wp-block-heading\">Quais s\u00e3o os alimentos anti-inflamat\u00f3rios mais eficazes para o incha\u00e7o?<\/h2>\n\n\n\n<p>Nem todo alimento saud\u00e1vel \u00e9 automaticamente um aliado da digest\u00e3o. Alguns, como os crus em excesso, podem fermentar mais do que o esperado. Os que re\u00fanem mais evid\u00eancias de benef\u00edcio digestivo depois dos 40 s\u00e3o estes:<\/p>\n\n\n\n<ul class=\"wp-block-list\">\n<li><strong>C\u00farcuma<\/strong>: o principal composto ativo \u00e9 a curcumina, que reduz a inflama\u00e7\u00e3o da mucosa intestinal e alivia a distens\u00e3o.<\/li>\n\n\n\n<li><strong>Gengibre<\/strong>: acelera o esvaziamento g\u00e1strico e reduz a fermenta\u00e7\u00e3o que gera gases.<\/li>\n\n\n\n<li><strong>Frutas vermelhas<\/strong>: ricas em polifen\u00f3is que nutrem bact\u00e9rias ben\u00e9ficas e fortalecem a barreira do intestino.<\/li>\n\n\n\n<li><strong>Peixes de \u00e1gua fria<\/strong>: o \u00f4mega-3 do salm\u00e3o e da sardinha atua como precursor de mol\u00e9culas que apagam a inflama\u00e7\u00e3o.<\/li>\n\n\n\n<li><strong>Vegetais folhosos cozidos<\/strong>: fornecem fibras pr\u00e9-bi\u00f3ticas sem sobrecarregar o intestino sens\u00edvel.<\/li>\n\n\n\n<li><strong>Kefir e iogurte natural<\/strong>: rep\u00f5em bact\u00e9rias vivas que melhoram o tr\u00e2nsito e reduzem a produ\u00e7\u00e3o de gases.<\/li>\n<\/ul>\n\n\n<div class=\"wp-block-image\">\n<figure class=\"aligncenter size-full\"><img decoding=\"async\" width=\"1280\" height=\"720\" src=\"https:\/\/www.correiobraziliense.com.br\/cbradar\/wp-content\/uploads\/2026\/04\/IMAGEM_720p_1777092570416.jpg\" alt=\"Alimentos de fato contribuem para reduzir o incha\u00e7o abdominal e melhorar a digest\u00e3o a partir dos 40 anos\" class=\"wp-image-231674\" srcset=\"https:\/\/www.correiobraziliense.com.br\/cbradar\/wp-content\/uploads\/2026\/04\/IMAGEM_720p_1777092570416.jpg 1280w, https:\/\/www.correiobraziliense.com.br\/cbradar\/wp-content\/uploads\/2026\/04\/IMAGEM_720p_1777092570416-300x169.jpg 300w, https:\/\/www.correiobraziliense.com.br\/cbradar\/wp-content\/uploads\/2026\/04\/IMAGEM_720p_1777092570416-768x432.jpg 768w, https:\/\/www.correiobraziliense.com.br\/cbradar\/wp-content\/uploads\/2026\/04\/IMAGEM_720p_1777092570416-750x422.jpg 750w, https:\/\/www.correiobraziliense.com.br\/cbradar\/wp-content\/uploads\/2026\/04\/IMAGEM_720p_1777092570416-1140x641.jpg 1140w\" sizes=\"(max-width: 1280px) 100vw, 1280px\" \/><figcaption class=\"wp-element-caption\">Alimentos de fato contribuem para reduzir o incha\u00e7o abdominal e melhorar a digest\u00e3o a partir dos 40 anos<\/figcaption><\/figure><\/div>\n\n\n<h2 class=\"wp-block-heading\">O que evitar para n\u00e3o sabotar a digest\u00e3o?<\/h2>\n\n\n\n<p>De acordo com o <a href=\"https:\/\/www.health.harvard.edu\/diet-and-nutrition\/quick-start-guide-to-an-antiinflammation-diet\" target=\"_blank\" rel=\"noreferrer noopener\">guia de dieta anti-inflamat\u00f3ria da <\/a><strong><a href=\"https:\/\/www.health.harvard.edu\/diet-and-nutrition\/quick-start-guide-to-an-antiinflammation-diet\" target=\"_blank\" rel=\"noreferrer noopener\">Harvard Medical School<\/a>,<\/strong> os ultraprocessados s\u00e3o os principais vil\u00f5es. Eles alteram a composi\u00e7\u00e3o da microbiota, danificam a mucosa intestinal e ativam genes inflamat\u00f3rios nas c\u00e9lulas do c\u00f3lon.<\/p>\n\n\n\n<p>Os maiores sabotadores do conforto digestivo s\u00e3o os refrigerantes, as carnes processadas, os salgadinhos de pacote e as gorduras vegetais hidrogenadas. Reduzir esses itens costuma trazer al\u00edvio mais r\u00e1pido do que simplesmente adicionar alimentos anti-inflamat\u00f3rios.<\/p>\n\n\n\n<h2 class=\"wp-block-heading\">Quanto tempo leva para sentir a diferen\u00e7a na digest\u00e3o?<\/h2>\n\n\n\n<p>Estudos cl\u00ednicos apontam que os primeiros sinais de melhora do incha\u00e7o abdominal e da regularidade intestinal costumam surgir entre uma e duas semanas ap\u00f3s a ado\u00e7\u00e3o de uma alimenta\u00e7\u00e3o anti-inflamat\u00f3ria consistente.<\/p>\n\n\n\n<p>Os benef\u00edcios mais profundos, como a redu\u00e7\u00e3o est\u00e1vel dos marcadores inflamat\u00f3rios sangu\u00edneos e a restaura\u00e7\u00e3o da diversidade da microbiota, exigem de dois a tr\u00eas meses de ades\u00e3o cont\u00ednua. A regularidade importa mais do que a perfei\u00e7\u00e3o.<\/p>\n\n\n<div class=\"wp-block-image\">\n<figure class=\"aligncenter size-full\"><img decoding=\"async\" width=\"1280\" height=\"720\" src=\"https:\/\/www.correiobraziliense.com.br\/cbradar\/wp-content\/uploads\/2026\/04\/IMAGEM_720p_1777092562651.jpg\" alt=\"Alimentos de fato contribuem para reduzir o incha\u00e7o abdominal e melhorar a digest\u00e3o a partir dos 40 anos\" class=\"wp-image-231673\" srcset=\"https:\/\/www.correiobraziliense.com.br\/cbradar\/wp-content\/uploads\/2026\/04\/IMAGEM_720p_1777092562651.jpg 1280w, https:\/\/www.correiobraziliense.com.br\/cbradar\/wp-content\/uploads\/2026\/04\/IMAGEM_720p_1777092562651-300x169.jpg 300w, https:\/\/www.correiobraziliense.com.br\/cbradar\/wp-content\/uploads\/2026\/04\/IMAGEM_720p_1777092562651-768x432.jpg 768w, https:\/\/www.correiobraziliense.com.br\/cbradar\/wp-content\/uploads\/2026\/04\/IMAGEM_720p_1777092562651-750x422.jpg 750w, https:\/\/www.correiobraziliense.com.br\/cbradar\/wp-content\/uploads\/2026\/04\/IMAGEM_720p_1777092562651-1140x641.jpg 1140w\" sizes=\"(max-width: 1280px) 100vw, 1280px\" \/><figcaption class=\"wp-element-caption\">Alimentos de fato contribuem para reduzir o incha\u00e7o abdominal e melhorar a digest\u00e3o a partir dos 40 anos<\/figcaption><\/figure><\/div>\n\n\n<p>Leia tamb\u00e9m: <a href=\"https:\/\/www.correiobraziliense.com.br\/cbradar\/a-psicologia-aponta-que-adultos-que-evitam-conflitos-nao-sao-mais-maduros-mas-aprenderam-na-infancia-que-expressar-emocoes-gerava-punicao\/\" target=\"_blank\" rel=\"noreferrer noopener\">A psicologia aponta que adultos que evitam conflitos n\u00e3o s\u00e3o mais maduros, mas aprenderam na inf\u00e2ncia que expressar emo\u00e7\u00f5es gerava puni\u00e7\u00e3o<\/a><\/p>\n\n\n\n<h2 class=\"wp-block-heading\">Como montar um prato anti-inflamat\u00f3rio no dia a dia?<\/h2>\n\n\n\n<p>A organiza\u00e7\u00e3o pr\u00e1tica do prato \u00e9 mais eficaz do que listas infinitas de superalimentos. Metade do prato deve conter vegetais coloridos cozidos ou refogados, um quarto de prote\u00edna magra ou peixe gordo e o \u00faltimo quarto de carboidrato integral, como arroz integral ou quinoa.<\/p>\n\n\n\n<p>A curcumina presente na c\u00farcuma, subst\u00e2ncia estudada em <a href=\"https:\/\/pt.wikipedia.org\/wiki\/Curcumina\" target=\"_blank\" rel=\"noreferrer noopener\">ensaios cl\u00ednicos sobre inflama\u00e7\u00e3o intestinal<\/a>, tem sua absor\u00e7\u00e3o multiplicada quando combinada com uma pitada de pimenta-do-reino. Temperar os preparos com c\u00farcuma e pimenta-preta \u00e9 uma estrat\u00e9gia simples que potencializa o efeito da refei\u00e7\u00e3o inteira. Manter esse padr\u00e3o na maioria dos almo\u00e7os e jantares j\u00e1 \u00e9 suficiente para notar a diferen\u00e7a no funcionamento intestinal e na sensa\u00e7\u00e3o de leveza ap\u00f3s as refei\u00e7\u00f5es.<\/p>\n","protected":false},"excerpt":{"rendered":"<p>Por que o mesmo prato que aos 30 anos passava leve agora provoca uma sensa\u00e7\u00e3o de estufamento que dura horas? A chegada dos 40 coincide com um decl\u00ednio natural da diversidade da microbiota intestinal, e \u00e9 nesse momento que os alimentos anti-inflamat\u00f3rios deixam de ser apenas uma escolha saud\u00e1vel para se tornar uma ferramenta decisiva [&hellip;]<\/p>\n","protected":false},"author":11,"featured_media":233188,"comment_status":"open","ping_status":"open","sticky":false,"template":"","format":"standard","meta":{"_yoast_wpseo_focuskw":"alimentos anti-inflamat\u00f3rios","_yoast_wpseo_title":"","_yoast_wpseo_metadesc":"Incha\u00e7o e digest\u00e3o lenta depois dos 40 t\u00eam rela\u00e7\u00e3o direta com o que voc\u00ea p\u00f5e no prato. Veja os alimentos que a ci\u00eancia recomenda.","jnews-multi-image_gallery":[],"jnews_single_post":{"format":"standard"},"jnews_primary_category":[],"jnews_social_meta":[],"jnews_override_counter":[],"footnotes":""},"categories":[1],"post_tag":[],"class_list":["post-231666","post","type-post","status-publish","format-standard","has-post-thumbnail","hentry","category-uncategorized"],"yoast_head":"<!-- This site is optimized with the Yoast SEO plugin v24.6 - https:\/\/yoast.com\/wordpress\/plugins\/seo\/ -->\n<title>Alimentos anti-inflamat\u00f3rios: quais s\u00e3o os mais adequados para reduzir incha\u00e7o e melhorar a digest\u00e3o ap\u00f3s os 40 anos - Correio Braziliense - Radar<\/title>\n<meta name=\"description\" content=\"Incha\u00e7o e digest\u00e3o lenta depois dos 40 t\u00eam rela\u00e7\u00e3o direta com o que voc\u00ea p\u00f5e no prato. Veja os alimentos que a ci\u00eancia recomenda.\" \/>\n<meta name=\"robots\" content=\"index, follow, max-snippet:-1, max-image-preview:large, max-video-preview:-1\" \/>\n<link rel=\"canonical\" href=\"https:\/\/www.correiobraziliense.com.br\/cbradar\/alimentos-anti-inflamatorios-quais-sao-os-mais-adequados-para-reduzir-inchaco-e-melhorar-a-digestao-apos-os-40-anos\/\" \/>\n<meta property=\"og:locale\" content=\"pt_BR\" \/>\n<meta property=\"og:type\" content=\"article\" \/>\n<meta property=\"og:title\" content=\"Alimentos anti-inflamat\u00f3rios: quais s\u00e3o os mais adequados para reduzir incha\u00e7o e melhorar a digest\u00e3o ap\u00f3s os 40 anos - Correio Braziliense - Radar\" \/>\n<meta property=\"og:description\" content=\"Incha\u00e7o e digest\u00e3o lenta depois dos 40 t\u00eam rela\u00e7\u00e3o direta com o que voc\u00ea p\u00f5e no prato. Veja os alimentos que a ci\u00eancia recomenda.\" \/>\n<meta property=\"og:url\" content=\"https:\/\/www.correiobraziliense.com.br\/cbradar\/alimentos-anti-inflamatorios-quais-sao-os-mais-adequados-para-reduzir-inchaco-e-melhorar-a-digestao-apos-os-40-anos\/\" \/>\n<meta property=\"og:site_name\" content=\"Correio Braziliense - Radar\" \/>\n<meta property=\"article:published_time\" content=\"2026-04-28T21:05:00+00:00\" \/>\n<meta property=\"og:image\" content=\"https:\/\/www.correiobraziliense.com.br\/cbradar\/wp-content\/uploads\/2026\/04\/Mulher_40_se_202604271307.jpeg\" \/>\n\t<meta property=\"og:image:width\" content=\"1280\" \/>\n\t<meta property=\"og:image:height\" content=\"720\" \/>\n\t<meta property=\"og:image:type\" content=\"image\/jpeg\" \/>\n<meta name=\"author\" content=\"Paulo Custodio\" \/>\n<meta name=\"twitter:card\" content=\"summary_large_image\" \/>\n<meta name=\"twitter:label1\" content=\"Escrito por\" \/>\n\t<meta name=\"twitter:data1\" content=\"Paulo Custodio\" \/>\n\t<meta name=\"twitter:label2\" content=\"Est. tempo de leitura\" \/>\n\t<meta name=\"twitter:data2\" content=\"5 minutos\" \/>\n<!-- \/ Yoast SEO plugin. -->","yoast_head_json":{"title":"Alimentos anti-inflamat\u00f3rios: quais s\u00e3o os mais adequados para reduzir incha\u00e7o e melhorar a digest\u00e3o ap\u00f3s os 40 anos - Correio Braziliense - Radar","description":"Incha\u00e7o e digest\u00e3o lenta depois dos 40 t\u00eam rela\u00e7\u00e3o direta com o que voc\u00ea p\u00f5e no prato. Veja os alimentos que a ci\u00eancia recomenda.","robots":{"index":"index","follow":"follow","max-snippet":"max-snippet:-1","max-image-preview":"max-image-preview:large","max-video-preview":"max-video-preview:-1"},"canonical":"https:\/\/www.correiobraziliense.com.br\/cbradar\/alimentos-anti-inflamatorios-quais-sao-os-mais-adequados-para-reduzir-inchaco-e-melhorar-a-digestao-apos-os-40-anos\/","og_locale":"pt_BR","og_type":"article","og_title":"Alimentos anti-inflamat\u00f3rios: quais s\u00e3o os mais adequados para reduzir incha\u00e7o e melhorar a digest\u00e3o ap\u00f3s os 40 anos - Correio Braziliense - Radar","og_description":"Incha\u00e7o e digest\u00e3o lenta depois dos 40 t\u00eam rela\u00e7\u00e3o direta com o que voc\u00ea p\u00f5e no prato. Veja os alimentos que a ci\u00eancia recomenda.","og_url":"https:\/\/www.correiobraziliense.com.br\/cbradar\/alimentos-anti-inflamatorios-quais-sao-os-mais-adequados-para-reduzir-inchaco-e-melhorar-a-digestao-apos-os-40-anos\/","og_site_name":"Correio Braziliense - Radar","article_published_time":"2026-04-28T21:05:00+00:00","og_image":[{"width":1280,"height":720,"url":"https:\/\/www.correiobraziliense.com.br\/cbradar\/wp-content\/uploads\/2026\/04\/Mulher_40_se_202604271307.jpeg","type":"image\/jpeg"}],"author":"Paulo Custodio","twitter_card":"summary_large_image","twitter_misc":{"Escrito por":"Paulo Custodio","Est. tempo de leitura":"5 minutos"},"schema":{"@context":"https:\/\/schema.org","@graph":[{"@type":"WebPage","@id":"https:\/\/www.correiobraziliense.com.br\/cbradar\/alimentos-anti-inflamatorios-quais-sao-os-mais-adequados-para-reduzir-inchaco-e-melhorar-a-digestao-apos-os-40-anos\/","url":"https:\/\/www.correiobraziliense.com.br\/cbradar\/alimentos-anti-inflamatorios-quais-sao-os-mais-adequados-para-reduzir-inchaco-e-melhorar-a-digestao-apos-os-40-anos\/","name":"Alimentos anti-inflamat\u00f3rios: quais s\u00e3o os mais adequados para reduzir incha\u00e7o e melhorar a digest\u00e3o ap\u00f3s os 40 anos - Correio Braziliense - Radar","isPartOf":{"@id":"https:\/\/www.correiobraziliense.com.br\/cbradar\/#website"},"primaryImageOfPage":{"@id":"https:\/\/www.correiobraziliense.com.br\/cbradar\/alimentos-anti-inflamatorios-quais-sao-os-mais-adequados-para-reduzir-inchaco-e-melhorar-a-digestao-apos-os-40-anos\/#primaryimage"},"image":{"@id":"https:\/\/www.correiobraziliense.com.br\/cbradar\/alimentos-anti-inflamatorios-quais-sao-os-mais-adequados-para-reduzir-inchaco-e-melhorar-a-digestao-apos-os-40-anos\/#primaryimage"},"thumbnailUrl":"https:\/\/www.correiobraziliense.com.br\/cbradar\/wp-content\/uploads\/2026\/04\/Mulher_40_se_202604271307.jpeg","datePublished":"2026-04-28T21:05:00+00:00","author":{"@id":"https:\/\/www.correiobraziliense.com.br\/cbradar\/#\/schema\/person\/4cec7857301a9a1a2ef249893cd908d3"},"description":"Incha\u00e7o e digest\u00e3o lenta depois dos 40 t\u00eam rela\u00e7\u00e3o direta com o que voc\u00ea p\u00f5e no prato. Veja os alimentos que a ci\u00eancia recomenda.","breadcrumb":{"@id":"https:\/\/www.correiobraziliense.com.br\/cbradar\/alimentos-anti-inflamatorios-quais-sao-os-mais-adequados-para-reduzir-inchaco-e-melhorar-a-digestao-apos-os-40-anos\/#breadcrumb"},"inLanguage":"pt-BR","potentialAction":[{"@type":"ReadAction","target":["https:\/\/www.correiobraziliense.com.br\/cbradar\/alimentos-anti-inflamatorios-quais-sao-os-mais-adequados-para-reduzir-inchaco-e-melhorar-a-digestao-apos-os-40-anos\/"]}]},{"@type":"ImageObject","inLanguage":"pt-BR","@id":"https:\/\/www.correiobraziliense.com.br\/cbradar\/alimentos-anti-inflamatorios-quais-sao-os-mais-adequados-para-reduzir-inchaco-e-melhorar-a-digestao-apos-os-40-anos\/#primaryimage","url":"https:\/\/www.correiobraziliense.com.br\/cbradar\/wp-content\/uploads\/2026\/04\/Mulher_40_se_202604271307.jpeg","contentUrl":"https:\/\/www.correiobraziliense.com.br\/cbradar\/wp-content\/uploads\/2026\/04\/Mulher_40_se_202604271307.jpeg","width":1280,"height":720,"caption":"Alimentos anti-inflamat\u00f3rios ajudam a reduzir incha\u00e7o abdominal"},{"@type":"BreadcrumbList","@id":"https:\/\/www.correiobraziliense.com.br\/cbradar\/alimentos-anti-inflamatorios-quais-sao-os-mais-adequados-para-reduzir-inchaco-e-melhorar-a-digestao-apos-os-40-anos\/#breadcrumb","itemListElement":[{"@type":"ListItem","position":1,"name":"In\u00edcio","item":"https:\/\/www.correiobraziliense.com.br\/cbradar\/"},{"@type":"ListItem","position":2,"name":"Alimentos anti-inflamat\u00f3rios: quais s\u00e3o os mais adequados para reduzir incha\u00e7o e melhorar a digest\u00e3o ap\u00f3s os 40 anos"}]},{"@type":"WebSite","@id":"https:\/\/www.correiobraziliense.com.br\/cbradar\/#website","url":"https:\/\/www.correiobraziliense.com.br\/cbradar\/","name":"Correio Braziliense - Radar","description":"Acompanhe as \u00faltimas not\u00edcias e fique bem informado sobre tudo o que acontece no Brasil e no mundo.","potentialAction":[{"@type":"SearchAction","target":{"@type":"EntryPoint","urlTemplate":"https:\/\/www.correiobraziliense.com.br\/cbradar\/?s={search_term_string}"},"query-input":{"@type":"PropertyValueSpecification","valueRequired":true,"valueName":"search_term_string"}}],"inLanguage":"pt-BR"},{"@type":"Person","@id":"https:\/\/www.correiobraziliense.com.br\/cbradar\/#\/schema\/person\/4cec7857301a9a1a2ef249893cd908d3","name":"Paulo Custodio","image":{"@type":"ImageObject","inLanguage":"pt-BR","@id":"https:\/\/www.correiobraziliense.com.br\/cbradar\/#\/schema\/person\/image\/","url":"https:\/\/secure.gravatar.com\/avatar\/bcd67168d1534e8fcf4f45c726a87cea?s=96&d=mm&r=g","contentUrl":"https:\/\/secure.gravatar.com\/avatar\/bcd67168d1534e8fcf4f45c726a87cea?s=96&d=mm&r=g","caption":"Paulo Custodio"},"sameAs":["https:\/\/www.correiobraziliense.com.br\/cbradar"],"url":"https:\/\/www.correiobraziliense.com.br\/cbradar\/author\/paulomyth\/"}]}},"_links":{"self":[{"href":"https:\/\/www.correiobraziliense.com.br\/cbradar\/wp-json\/wp\/v2\/posts\/231666","targetHints":{"allow":["GET"]}}],"collection":[{"href":"https:\/\/www.correiobraziliense.com.br\/cbradar\/wp-json\/wp\/v2\/posts"}],"about":[{"href":"https:\/\/www.correiobraziliense.com.br\/cbradar\/wp-json\/wp\/v2\/types\/post"}],"author":[{"embeddable":true,"href":"https:\/\/www.correiobraziliense.com.br\/cbradar\/wp-json\/wp\/v2\/users\/11"}],"replies":[{"embeddable":true,"href":"https:\/\/www.correiobraziliense.com.br\/cbradar\/wp-json\/wp\/v2\/comments?post=231666"}],"version-history":[{"count":1,"href":"https:\/\/www.correiobraziliense.com.br\/cbradar\/wp-json\/wp\/v2\/posts\/231666\/revisions"}],"predecessor-version":[{"id":231677,"href":"https:\/\/www.correiobraziliense.com.br\/cbradar\/wp-json\/wp\/v2\/posts\/231666\/revisions\/231677"}],"wp:featuredmedia":[{"embeddable":true,"href":"https:\/\/www.correiobraziliense.com.br\/cbradar\/wp-json\/wp\/v2\/media\/233188"}],"wp:attachment":[{"href":"https:\/\/www.correiobraziliense.com.br\/cbradar\/wp-json\/wp\/v2\/media?parent=231666"}],"wp:term":[{"taxonomy":"category","embeddable":true,"href":"https:\/\/www.correiobraziliense.com.br\/cbradar\/wp-json\/wp\/v2\/categories?post=231666"},{"taxonomy":"post_tag","embeddable":true,"href":"https:\/\/www.correiobraziliense.com.br\/cbradar\/wp-json\/wp\/v2\/post_tag?post=231666"}],"curies":[{"name":"wp","href":"https:\/\/api.w.org\/{rel}","templated":true}]}}