{"id":231701,"date":"2026-04-25T04:19:00","date_gmt":"2026-04-25T07:19:00","guid":{"rendered":"https:\/\/www.correiobraziliense.com.br\/cbradar\/?p=231701"},"modified":"2026-04-25T02:19:50","modified_gmt":"2026-04-25T05:19:50","slug":"nomes-de-meninas-inspirados-em-flores-raras-que-transbordam-leveza-e-encanto","status":"publish","type":"post","link":"https:\/\/www.correiobraziliense.com.br\/cbradar\/nomes-de-meninas-inspirados-em-flores-raras-que-transbordam-leveza-e-encanto\/","title":{"rendered":"Nomes de meninas inspirados em flores raras que transbordam leveza e encanto"},"content":{"rendered":"\n<p>Por que a natureza ainda \u00e9 o dicion\u00e1rio mais po\u00e9tico que existe quando o assunto \u00e9 dar nome a uma filha? As flores raras carregam uma combina\u00e7\u00e3o dif\u00edcil de encontrar em outro lugar: sonoridade delicada, significado profundo e uma sensa\u00e7\u00e3o de exclusividade que os <strong>nomes de meninas flores raras<\/strong> conseguem traduzir em poucas s\u00edlabas com uma eleg\u00e2ncia silenciosa que os nomes comuns raramente alcan\u00e7am.<\/p>\n\n\n\n<h2 class=\"wp-block-heading\">O que torna os nomes de flores raras t\u00e3o especiais?<\/h2>\n\n\n\n<p>Diferente das escolhas mais \u00f3bvias como Rosa ou Margarida, as flores raras carregam uma hist\u00f3ria de cultivo delicado e flora\u00e7\u00e3o breve. Esse ar de preciosidade se transfere para o nome, que soa diferente sem jamais parecer inventado ou for\u00e7ado.<\/p>\n\n\n\n<p>As fam\u00edlias que optam por esses nomes costumam buscar tr\u00eas qualidades principais: sonoridade suave, um significado que possa ser contado \u00e0 crian\u00e7a no futuro e uma certa exclusividade no c\u00edrculo social.<\/p>\n\n\n<div class=\"wp-block-image\">\n<figure class=\"aligncenter size-full\"><img decoding=\"async\" width=\"1280\" height=\"720\" src=\"https:\/\/www.correiobraziliense.com.br\/cbradar\/wp-content\/uploads\/2026\/04\/IMAGEM_720p_1777094189047.jpg\" alt=\"Curadoria de nomes femininos bot\u00e2nicos e raros, explicando origem, significado e a sensa\u00e7\u00e3o que cada um evoca, para ajudar fam\u00edlias na escolha\" class=\"wp-image-231710\" srcset=\"https:\/\/www.correiobraziliense.com.br\/cbradar\/wp-content\/uploads\/2026\/04\/IMAGEM_720p_1777094189047.jpg 1280w, https:\/\/www.correiobraziliense.com.br\/cbradar\/wp-content\/uploads\/2026\/04\/IMAGEM_720p_1777094189047-300x169.jpg 300w, https:\/\/www.correiobraziliense.com.br\/cbradar\/wp-content\/uploads\/2026\/04\/IMAGEM_720p_1777094189047-768x432.jpg 768w, https:\/\/www.correiobraziliense.com.br\/cbradar\/wp-content\/uploads\/2026\/04\/IMAGEM_720p_1777094189047-750x422.jpg 750w, https:\/\/www.correiobraziliense.com.br\/cbradar\/wp-content\/uploads\/2026\/04\/IMAGEM_720p_1777094189047-1140x641.jpg 1140w\" sizes=\"(max-width: 1280px) 100vw, 1280px\" \/><figcaption class=\"wp-element-caption\">Curadoria de nomes femininos bot\u00e2nicos e raros, explicando origem, significado e a sensa\u00e7\u00e3o que cada um evoca, para ajudar fam\u00edlias na escolha<\/figcaption><\/figure><\/div>\n\n\n<h2 class=\"wp-block-heading\">Lavanda: o nome que acalma s\u00f3 de pronunciar<\/h2>\n\n\n\n<p><strong>Lavanda<\/strong> vem do latim <em>lavare<\/em>, que significa lavar ou purificar. A planta, usada h\u00e1 s\u00e9culos em rituais de limpeza e relaxamento, empresta ao nome uma sensa\u00e7\u00e3o imediata de tranquilidade e frescor.<\/p>\n\n\n\n<p>O nome evoca os campos da Proven\u00e7a e carrega um tom lil\u00e1s suave. \u00c9 curto, f\u00e1cil de pronunciar em qualquer idioma e ainda raro o suficiente para que a menina Lavanda provavelmente seja a \u00fanica da turma. A <a href=\"https:\/\/pt.wikipedia.org\/wiki\/Lavandula\" target=\"_blank\" rel=\"noreferrer noopener\">descri\u00e7\u00e3o bot\u00e2nica da lavanda<\/a> mostra que a planta floresce mesmo em solos pobres, uma met\u00e1fora sutil de resili\u00eancia que muitas fam\u00edlias apreciam.<\/p>\n\n\n\n<h2 class=\"wp-block-heading\">Cam\u00e9lia: a flor da admira\u00e7\u00e3o silenciosa<\/h2>\n\n\n\n<p>A <strong>Cam\u00e9lia<\/strong> chegou \u00e0 Europa no s\u00e9culo XVIII pelas m\u00e3os de navegadores e rapidamente se tornou s\u00edmbolo de perfei\u00e7\u00e3o discreta. A flor n\u00e3o tem perfume, mas sua simetria impec\u00e1vel e suas p\u00e9talas aveludadas inspiraram s\u00e9culos de cultivo dedicado.<\/p>\n\n\n\n<p>Na linguagem vitoriana das flores, dar uma cam\u00e9lia significava dizer &#8220;minha admira\u00e7\u00e3o por voc\u00ea \u00e9 silenciosa e profunda&#8221;. Como nome feminino, Cam\u00e9lia carrega essa mesma eleg\u00e2ncia contida, sem alarde.<\/p>\n\n\n\n<h2 class=\"wp-block-heading\">\u00cdris: arco-\u00edris em forma de nome pr\u00f3prio<\/h2>\n\n\n\n<p>Poucas flores carregam tantos significados sobrepostos quanto a <strong>\u00cdris<\/strong>. Na mitologia grega, \u00cdris era a mensageira dos deuses que atravessava o c\u00e9u deixando um rastro colorido. Na bot\u00e2nica, a flor desabrocha em tonalidades que v\u00e3o do violeta profundo ao amarelo vibrante.<\/p>\n\n\n\n<p>O nome tem apenas quatro letras e duas s\u00edlabas, mas sua densidade simb\u00f3lica \u00e9 incomum. \u00cdris significa arco-\u00edris e tamb\u00e9m d\u00e1 nome \u00e0 parte colorida dos olhos, uma dupla camada de beleza que torna o nome ao mesmo tempo simples e sofisticado.<\/p>\n\n\n\n<h2 class=\"wp-block-heading\">Magn\u00f3lia: for\u00e7a com p\u00e9talas de seda<\/h2>\n\n\n\n<p>A <strong>Magn\u00f3lia<\/strong> \u00e9 uma das \u00e1rvores flor\u00edferas mais antigas do planeta, com f\u00f3sseis datados de 95 milh\u00f5es de anos. A flor \u00e9 grande, generosa e tem uma textura que lembra seda, mas a \u00e1rvore em si \u00e9 resistente e se adapta a diferentes climas com surpreendente facilidade.<\/p>\n\n\n\n<p>Batizar uma menina de Magn\u00f3lia \u00e9 evocar essa combina\u00e7\u00e3o de delicadeza externa e for\u00e7a interna. O nome \u00e9 mais longo, mas a sonoridade fluida e as quatro s\u00edlabas criam um ritmo agrad\u00e1vel que muitas fam\u00edlias consideram imponente na medida certa.<\/p>\n\n\n\n<p>Leia tamb\u00e9m:<a href=\"https:\/\/www.correiobraziliense.com.br\/cbradar\/estudos-mostram-que-criancas-que-conviviam-com-animais-estavam-desenvolvendo-niveis-mais-altos-de-empatia\/\" target=\"_blank\" rel=\"noreferrer noopener\"> Estudos mostram que crian\u00e7as que conviviam com animais estavam desenvolvendo n\u00edveis mais altos de empatia<\/a><\/p>\n\n\n\n<h2 class=\"wp-block-heading\">Azaleia: breve flora\u00e7\u00e3o, longa lembran\u00e7a<\/h2>\n\n\n\n<p>A <strong>Azaleia<\/strong> floresce intensamente por poucas semanas, mas quem v\u00ea um jardim coberto por ela nunca esquece o espet\u00e1culo. A flor \u00e9 parente do rododendro e muito cultivada em jardins orientais, onde simboliza o amor pela natureza e a alegria contida.<\/p>\n\n\n\n<p>Como nome, Azaleia tem um qu\u00ea retr\u00f4 que voltou a ser moderno. A termina\u00e7\u00e3o em &#8220;eia&#8221; confere suavidade, e o som inicial forte cria um contraste interessante que equilibra o nome entre o marcante e o delicado.<\/p>\n\n\n<div class=\"wp-block-image\">\n<figure class=\"aligncenter size-full\"><img decoding=\"async\" width=\"1280\" height=\"720\" src=\"https:\/\/www.correiobraziliense.com.br\/cbradar\/wp-content\/uploads\/2026\/04\/IMAGEM_720p_1777094191252.jpg\" alt=\"Curadoria de nomes femininos bot\u00e2nicos e raros, explicando origem, significado e a sensa\u00e7\u00e3o que cada um evoca, para ajudar fam\u00edlias na escolha\" class=\"wp-image-231711\" srcset=\"https:\/\/www.correiobraziliense.com.br\/cbradar\/wp-content\/uploads\/2026\/04\/IMAGEM_720p_1777094191252.jpg 1280w, https:\/\/www.correiobraziliense.com.br\/cbradar\/wp-content\/uploads\/2026\/04\/IMAGEM_720p_1777094191252-300x169.jpg 300w, https:\/\/www.correiobraziliense.com.br\/cbradar\/wp-content\/uploads\/2026\/04\/IMAGEM_720p_1777094191252-768x432.jpg 768w, https:\/\/www.correiobraziliense.com.br\/cbradar\/wp-content\/uploads\/2026\/04\/IMAGEM_720p_1777094191252-750x422.jpg 750w, https:\/\/www.correiobraziliense.com.br\/cbradar\/wp-content\/uploads\/2026\/04\/IMAGEM_720p_1777094191252-1140x641.jpg 1140w\" sizes=\"(max-width: 1280px) 100vw, 1280px\" \/><figcaption class=\"wp-element-caption\">Curadoria de nomes femininos bot\u00e2nicos e raros, explicando origem, significado e a sensa\u00e7\u00e3o que cada um evoca, para ajudar fam\u00edlias na escolha<\/figcaption><\/figure><\/div>\n\n\n<h2 class=\"wp-block-heading\">Como escolher entre esses nomes com tanta personalidade?<\/h2>\n\n\n\n<p>A decis\u00e3o final costuma passar por tr\u00eas crit\u00e9rios pr\u00e1ticos. O primeiro \u00e9 a <strong>sonoridade com o sobrenome<\/strong>: nomes mais longos como Magn\u00f3lia pedem sobrenomes curtos, enquanto \u00cdris e Lavanda se adaptam bem a sobrenomes compostos.<\/p>\n\n\n\n<p>O segundo crit\u00e9rio \u00e9 o <strong>significado afetivo<\/strong> que a fam\u00edlia quer entregar \u00e0 crian\u00e7a. Se a ideia for transmitir calma, Lavanda ser\u00e1 mais certeira. Se o desejo for evocar for\u00e7a silenciosa, Magn\u00f3lia ou Cam\u00e9lia falam mais alto. <\/p>\n","protected":false},"excerpt":{"rendered":"<p>Por que a natureza ainda \u00e9 o dicion\u00e1rio mais po\u00e9tico que existe quando o assunto \u00e9 dar nome a uma filha? As flores raras carregam uma combina\u00e7\u00e3o dif\u00edcil de encontrar em outro lugar: sonoridade delicada, significado profundo e uma sensa\u00e7\u00e3o de exclusividade que os nomes de meninas flores raras conseguem traduzir em poucas s\u00edlabas com [&hellip;]<\/p>\n","protected":false},"author":11,"featured_media":231709,"comment_status":"open","ping_status":"open","sticky":false,"template":"","format":"standard","meta":{"jnews-multi-image_gallery":[],"jnews_single_post":{"format":"standard"},"jnews_primary_category":[],"jnews_social_meta":[],"jnews_override_counter":[],"footnotes":""},"categories":[112],"post_tag":[18157,17820,7907,18158],"class_list":["post-231701","post","type-post","status-publish","format-standard","has-post-thumbnail","hentry","category-curiosidades","tag-flores-raras","tag-nomes-botanicos","tag-nomes-femininos","tag-nomes-para-bebes"],"yoast_head":"<!-- This site is optimized with the Yoast SEO plugin v24.6 - https:\/\/yoast.com\/wordpress\/plugins\/seo\/ -->\n<title>Nomes de meninas inspirados em flores raras que transbordam leveza e encanto - Correio Braziliense - Radar<\/title>\n<meta name=\"description\" content=\"Encanto da lavanda, mist\u00e9rio da cam\u00e9lia ou for\u00e7a da magn\u00f3lia? Veja 6 nomes de meninas tirados de flores raras e cheios de significado. %\" \/>\n<meta name=\"robots\" content=\"index, follow, max-snippet:-1, max-image-preview:large, max-video-preview:-1\" \/>\n<link rel=\"canonical\" href=\"https:\/\/www.correiobraziliense.com.br\/cbradar\/nomes-de-meninas-inspirados-em-flores-raras-que-transbordam-leveza-e-encanto\/\" \/>\n<meta property=\"og:locale\" content=\"pt_BR\" \/>\n<meta property=\"og:type\" content=\"article\" \/>\n<meta property=\"og:title\" content=\"Nomes de meninas inspirados em flores raras que transbordam leveza e encanto - Correio Braziliense - Radar\" \/>\n<meta property=\"og:description\" content=\"Encanto da lavanda, mist\u00e9rio da cam\u00e9lia ou for\u00e7a da magn\u00f3lia? Veja 6 nomes de meninas tirados de flores raras e cheios de significado. %\" \/>\n<meta property=\"og:url\" content=\"https:\/\/www.correiobraziliense.com.br\/cbradar\/nomes-de-meninas-inspirados-em-flores-raras-que-transbordam-leveza-e-encanto\/\" \/>\n<meta property=\"og:site_name\" content=\"Correio Braziliense - Radar\" \/>\n<meta property=\"article:published_time\" content=\"2026-04-25T07:19:00+00:00\" \/>\n<meta property=\"og:image\" content=\"https:\/\/www.correiobraziliense.com.br\/cbradar\/wp-content\/uploads\/2026\/04\/IMAGEM_720p_1777094186679.jpg\" \/>\n\t<meta property=\"og:image:width\" content=\"1280\" \/>\n\t<meta property=\"og:image:height\" content=\"720\" \/>\n\t<meta property=\"og:image:type\" content=\"image\/jpeg\" \/>\n<meta name=\"author\" content=\"Paulo Custodio\" \/>\n<meta name=\"twitter:card\" content=\"summary_large_image\" \/>\n<meta name=\"twitter:label1\" content=\"Escrito por\" \/>\n\t<meta name=\"twitter:data1\" content=\"Paulo Custodio\" \/>\n\t<meta name=\"twitter:label2\" content=\"Est. tempo de leitura\" \/>\n\t<meta name=\"twitter:data2\" content=\"5 minutos\" \/>\n<!-- \/ Yoast SEO plugin. -->","yoast_head_json":{"title":"Nomes de meninas inspirados em flores raras que transbordam leveza e encanto - Correio Braziliense - Radar","description":"Encanto da lavanda, mist\u00e9rio da cam\u00e9lia ou for\u00e7a da magn\u00f3lia? Veja 6 nomes de meninas tirados de flores raras e cheios de significado. %","robots":{"index":"index","follow":"follow","max-snippet":"max-snippet:-1","max-image-preview":"max-image-preview:large","max-video-preview":"max-video-preview:-1"},"canonical":"https:\/\/www.correiobraziliense.com.br\/cbradar\/nomes-de-meninas-inspirados-em-flores-raras-que-transbordam-leveza-e-encanto\/","og_locale":"pt_BR","og_type":"article","og_title":"Nomes de meninas inspirados em flores raras que transbordam leveza e encanto - Correio Braziliense - Radar","og_description":"Encanto da lavanda, mist\u00e9rio da cam\u00e9lia ou for\u00e7a da magn\u00f3lia? Veja 6 nomes de meninas tirados de flores raras e cheios de significado. %","og_url":"https:\/\/www.correiobraziliense.com.br\/cbradar\/nomes-de-meninas-inspirados-em-flores-raras-que-transbordam-leveza-e-encanto\/","og_site_name":"Correio Braziliense - Radar","article_published_time":"2026-04-25T07:19:00+00:00","og_image":[{"width":1280,"height":720,"url":"https:\/\/www.correiobraziliense.com.br\/cbradar\/wp-content\/uploads\/2026\/04\/IMAGEM_720p_1777094186679.jpg","type":"image\/jpeg"}],"author":"Paulo Custodio","twitter_card":"summary_large_image","twitter_misc":{"Escrito por":"Paulo Custodio","Est. tempo de leitura":"5 minutos"},"schema":{"@context":"https:\/\/schema.org","@graph":[{"@type":"WebPage","@id":"https:\/\/www.correiobraziliense.com.br\/cbradar\/nomes-de-meninas-inspirados-em-flores-raras-que-transbordam-leveza-e-encanto\/","url":"https:\/\/www.correiobraziliense.com.br\/cbradar\/nomes-de-meninas-inspirados-em-flores-raras-que-transbordam-leveza-e-encanto\/","name":"Nomes de meninas inspirados em flores raras que transbordam leveza e encanto - Correio Braziliense - Radar","isPartOf":{"@id":"https:\/\/www.correiobraziliense.com.br\/cbradar\/#website"},"primaryImageOfPage":{"@id":"https:\/\/www.correiobraziliense.com.br\/cbradar\/nomes-de-meninas-inspirados-em-flores-raras-que-transbordam-leveza-e-encanto\/#primaryimage"},"image":{"@id":"https:\/\/www.correiobraziliense.com.br\/cbradar\/nomes-de-meninas-inspirados-em-flores-raras-que-transbordam-leveza-e-encanto\/#primaryimage"},"thumbnailUrl":"https:\/\/www.correiobraziliense.com.br\/cbradar\/wp-content\/uploads\/2026\/04\/IMAGEM_720p_1777094186679.jpg","datePublished":"2026-04-25T07:19:00+00:00","author":{"@id":"https:\/\/www.correiobraziliense.com.br\/cbradar\/#\/schema\/person\/4cec7857301a9a1a2ef249893cd908d3"},"description":"Encanto da lavanda, mist\u00e9rio da cam\u00e9lia ou for\u00e7a da magn\u00f3lia? Veja 6 nomes de meninas tirados de flores raras e cheios de significado. %","breadcrumb":{"@id":"https:\/\/www.correiobraziliense.com.br\/cbradar\/nomes-de-meninas-inspirados-em-flores-raras-que-transbordam-leveza-e-encanto\/#breadcrumb"},"inLanguage":"pt-BR","potentialAction":[{"@type":"ReadAction","target":["https:\/\/www.correiobraziliense.com.br\/cbradar\/nomes-de-meninas-inspirados-em-flores-raras-que-transbordam-leveza-e-encanto\/"]}]},{"@type":"ImageObject","inLanguage":"pt-BR","@id":"https:\/\/www.correiobraziliense.com.br\/cbradar\/nomes-de-meninas-inspirados-em-flores-raras-que-transbordam-leveza-e-encanto\/#primaryimage","url":"https:\/\/www.correiobraziliense.com.br\/cbradar\/wp-content\/uploads\/2026\/04\/IMAGEM_720p_1777094186679.jpg","contentUrl":"https:\/\/www.correiobraziliense.com.br\/cbradar\/wp-content\/uploads\/2026\/04\/IMAGEM_720p_1777094186679.jpg","width":1280,"height":720,"caption":"Curadoria de nomes femininos bot\u00e2nicos e raros, explicando origem, significado e a sensa\u00e7\u00e3o que cada um evoca, para ajudar fam\u00edlias na escolha"},{"@type":"BreadcrumbList","@id":"https:\/\/www.correiobraziliense.com.br\/cbradar\/nomes-de-meninas-inspirados-em-flores-raras-que-transbordam-leveza-e-encanto\/#breadcrumb","itemListElement":[{"@type":"ListItem","position":1,"name":"In\u00edcio","item":"https:\/\/www.correiobraziliense.com.br\/cbradar\/"},{"@type":"ListItem","position":2,"name":"Nomes de meninas inspirados em flores raras que transbordam leveza e encanto"}]},{"@type":"WebSite","@id":"https:\/\/www.correiobraziliense.com.br\/cbradar\/#website","url":"https:\/\/www.correiobraziliense.com.br\/cbradar\/","name":"Correio Braziliense - Radar","description":"Acompanhe as \u00faltimas not\u00edcias e fique bem informado sobre tudo o que acontece no Brasil e no mundo.","potentialAction":[{"@type":"SearchAction","target":{"@type":"EntryPoint","urlTemplate":"https:\/\/www.correiobraziliense.com.br\/cbradar\/?s={search_term_string}"},"query-input":{"@type":"PropertyValueSpecification","valueRequired":true,"valueName":"search_term_string"}}],"inLanguage":"pt-BR"},{"@type":"Person","@id":"https:\/\/www.correiobraziliense.com.br\/cbradar\/#\/schema\/person\/4cec7857301a9a1a2ef249893cd908d3","name":"Paulo Custodio","image":{"@type":"ImageObject","inLanguage":"pt-BR","@id":"https:\/\/www.correiobraziliense.com.br\/cbradar\/#\/schema\/person\/image\/","url":"https:\/\/secure.gravatar.com\/avatar\/bcd67168d1534e8fcf4f45c726a87cea?s=96&d=mm&r=g","contentUrl":"https:\/\/secure.gravatar.com\/avatar\/bcd67168d1534e8fcf4f45c726a87cea?s=96&d=mm&r=g","caption":"Paulo Custodio"},"sameAs":["https:\/\/www.correiobraziliense.com.br\/cbradar"],"url":"https:\/\/www.correiobraziliense.com.br\/cbradar\/author\/paulomyth\/"}]}},"_links":{"self":[{"href":"https:\/\/www.correiobraziliense.com.br\/cbradar\/wp-json\/wp\/v2\/posts\/231701","targetHints":{"allow":["GET"]}}],"collection":[{"href":"https:\/\/www.correiobraziliense.com.br\/cbradar\/wp-json\/wp\/v2\/posts"}],"about":[{"href":"https:\/\/www.correiobraziliense.com.br\/cbradar\/wp-json\/wp\/v2\/types\/post"}],"author":[{"embeddable":true,"href":"https:\/\/www.correiobraziliense.com.br\/cbradar\/wp-json\/wp\/v2\/users\/11"}],"replies":[{"embeddable":true,"href":"https:\/\/www.correiobraziliense.com.br\/cbradar\/wp-json\/wp\/v2\/comments?post=231701"}],"version-history":[{"count":2,"href":"https:\/\/www.correiobraziliense.com.br\/cbradar\/wp-json\/wp\/v2\/posts\/231701\/revisions"}],"predecessor-version":[{"id":231715,"href":"https:\/\/www.correiobraziliense.com.br\/cbradar\/wp-json\/wp\/v2\/posts\/231701\/revisions\/231715"}],"wp:featuredmedia":[{"embeddable":true,"href":"https:\/\/www.correiobraziliense.com.br\/cbradar\/wp-json\/wp\/v2\/media\/231709"}],"wp:attachment":[{"href":"https:\/\/www.correiobraziliense.com.br\/cbradar\/wp-json\/wp\/v2\/media?parent=231701"}],"wp:term":[{"taxonomy":"category","embeddable":true,"href":"https:\/\/www.correiobraziliense.com.br\/cbradar\/wp-json\/wp\/v2\/categories?post=231701"},{"taxonomy":"post_tag","embeddable":true,"href":"https:\/\/www.correiobraziliense.com.br\/cbradar\/wp-json\/wp\/v2\/post_tag?post=231701"}],"curies":[{"name":"wp","href":"https:\/\/api.w.org\/{rel}","templated":true}]}}