{"id":231817,"date":"2026-04-26T17:05:00","date_gmt":"2026-04-26T20:05:00","guid":{"rendered":"https:\/\/www.correiobraziliense.com.br\/cbradar\/?p=231817"},"modified":"2026-04-25T09:52:32","modified_gmt":"2026-04-25T12:52:32","slug":"por-que-sentimos-culpa-ao-dizer-nao-segundo-a-psicologia","status":"publish","type":"post","link":"https:\/\/www.correiobraziliense.com.br\/cbradar\/por-que-sentimos-culpa-ao-dizer-nao-segundo-a-psicologia\/","title":{"rendered":"Por que sentimos culpa ao dizer n\u00e3o, segundo a psicologia"},"content":{"rendered":"\n<p>Sentir um peso no peito ao recusar um pedido \u00e9 um dilema comum que afeta milhares de pessoas diariamente. A psicologia explica que esse desconforto nasce de cren\u00e7as antigas sobre aceita\u00e7\u00e3o e pertencimento social. Entender as ra\u00edzes dessa culpa ajuda a construir limites saud\u00e1veis, promovendo um bem-estar emocional muito mais equilibrado.<\/p>\n\n\n\n<h2 class=\"wp-block-heading\">Por que a necessidade de aprova\u00e7\u00e3o gera esse desconforto?<\/h2>\n\n\n\n<p>Para entender esse fen\u00f4meno, precisamos analisar como o c\u00e9rebro humano processa a rejei\u00e7\u00e3o social como uma amea\u00e7a real. Desde os tempos ancestrais, ser aceito pelo grupo era fundamental para a sobreviv\u00eancia f\u00edsica e emocional de cada indiv\u00edduo. Por isso, dizer n\u00e3o dispara um alerta interno de que podemos ser exclu\u00eddos ou julgados negativamente.<\/p>\n\n\n\n<p>Muitas vezes, a culpa atua como um mecanismo de defesa para evitar que decepcionemos as expectativas de quem amamos. O medo de parecer ego\u00edsta ou insens\u00edvel nos empurra para uma complac\u00eancia que prejudica a nossa pr\u00f3pria sa\u00fade mental a longo prazo. Aprender a diferenciar <strong>autocuidado de ego\u00edsmo<\/strong> \u00e9 o primeiro passo para uma vida muito mais livre.<\/p>\n\n\n\n<figure class=\"wp-block-image size-full\"><img decoding=\"async\" width=\"1280\" height=\"720\" src=\"https:\/\/www.correiobraziliense.com.br\/cbradar\/wp-content\/uploads\/2026\/04\/Gemini_Generated_Image_hf0ns2hf0ns2hf0n-1-1-1.png\" alt=\"Por que sentimos culpa ao dizer n\u00e3o, segundo a psicologia\" class=\"wp-image-231821\" srcset=\"https:\/\/www.correiobraziliense.com.br\/cbradar\/wp-content\/uploads\/2026\/04\/Gemini_Generated_Image_hf0ns2hf0ns2hf0n-1-1-1.png 1280w, https:\/\/www.correiobraziliense.com.br\/cbradar\/wp-content\/uploads\/2026\/04\/Gemini_Generated_Image_hf0ns2hf0ns2hf0n-1-1-1-300x169.png 300w, https:\/\/www.correiobraziliense.com.br\/cbradar\/wp-content\/uploads\/2026\/04\/Gemini_Generated_Image_hf0ns2hf0ns2hf0n-1-1-1-768x432.png 768w, https:\/\/www.correiobraziliense.com.br\/cbradar\/wp-content\/uploads\/2026\/04\/Gemini_Generated_Image_hf0ns2hf0ns2hf0n-1-1-1-750x422.png 750w, https:\/\/www.correiobraziliense.com.br\/cbradar\/wp-content\/uploads\/2026\/04\/Gemini_Generated_Image_hf0ns2hf0ns2hf0n-1-1-1-1140x641.png 1140w\" sizes=\"(max-width: 1280px) 100vw, 1280px\" \/><figcaption class=\"wp-element-caption\">Dizer n\u00e3o pode ativar culpa e medo de rejei\u00e7\u00e3o emocional profunda<\/figcaption><\/figure>\n\n\n\n<h2 class=\"wp-block-heading\">Qual o papel da cria\u00e7\u00e3o na forma\u00e7\u00e3o desse sentimento?<\/h2>\n\n\n\n<p>A inf\u00e2ncia exerce um papel determinante na forma como lidamos com a nega\u00e7\u00e3o e os limites pessoais na vida adulta. Crian\u00e7as que cresceram em ambientes onde o afeto era condicionado \u00e0 obedi\u00eancia tendem a associar o n\u00e3o ao abandono. Essa <strong>cren\u00e7a limitante<\/strong> faz com que o adulto sinta que deve agradar sempre para ser digno de amor.<\/p>\n\n\n\n<p>Se voc\u00ea foi punido ou silenciado ao expressar suas pr\u00f3prias vontades, seu sistema nervoso aprendeu a temer o conflito. Hoje, recusar uma tarefa simples no trabalho ou um convite social parece uma transgress\u00e3o grave contra as normas de conviv\u00eancia. Romper esse ciclo exige paci\u00eancia para reprogramar como voc\u00ea percebe o valor das suas pr\u00f3prias necessidades b\u00e1sicas.<\/p>\n\n\n\n<p>Leia tamb\u00e9m: <a href=\"https:\/\/www.correiobraziliense.com.br\/cbradar\/existe-uma-forma-de-invisibilidade-que-atinge-pessoas-muito-queridas-por-todos-e-ela-nao-acontece-porque-foram-deixadas-de-lado-acontece-porque-se-tornaram-tao-estaveis-por-fora-que-ninguem-imagina\/\" target=\"_blank\" rel=\"noreferrer noopener\">Existe uma forma de invisibilidade que atinge pessoas muito queridas por todos, e ela n\u00e3o acontece porque foram deixadas de lado, acontece porque se tornaram t\u00e3o est\u00e1veis por fora que ningu\u00e9m imagina que tamb\u00e9m precisam ser cuidadas<\/a><\/p>\n\n\n\n<h2 class=\"wp-block-heading\">Como a falta de limites claros sobrecarrega a nossa mente?<\/h2>\n\n\n\n<p>Aceitar demandas excessivas apenas para evitar o desconforto da nega\u00e7\u00e3o gera um estado de esgotamento f\u00edsico e mental persistente. Sem barreiras bem definidas, sua energia \u00e9 drenada por situa\u00e7\u00f5es que n\u00e3o agregam valor real aos seus objetivos de vida pessoais. Para compreender melhor os motivos desse peso emocional e como ele afeta as nossas decis\u00f5es cotidianas:<\/p>\n\n\n\n<ul class=\"wp-block-list\">\n<li>Medo paralisante de decepcionar figuras de autoridade ou amigos.<\/li>\n\n\n\n<li>Necessidade compulsiva de explicar exaustivamente o motivo da recusa.<\/li>\n\n\n\n<li>Sensa\u00e7\u00e3o de que sua utilidade define o seu valor humano.<\/li>\n\n\n\n<li>Ansiedade elevada ao pensar nas poss\u00edveis consequ\u00eancias negativas do n\u00e3o.<\/li>\n\n\n\n<li>H\u00e1bito de priorizar o bem-estar alheio em detrimento do pr\u00f3prio.<\/li>\n<\/ul>\n\n\n\n<h2 class=\"wp-block-heading\">Existe um caminho para dizer n\u00e3o sem sentir remorso?<\/h2>\n\n\n\n<p>A psicologia cognitiva sugere que a pr\u00e1tica da assertividade ajuda a reduzir o peso da culpa ao estabelecer limites necess\u00e1rios. Entender que voc\u00ea n\u00e3o \u00e9 respons\u00e1vel pela felicidade ou pelas rea\u00e7\u00f5es emocionais dos outros traz um al\u00edvio indescrit\u00edvel para a alma. Dizer n\u00e3o a algo externo significa, muitas vezes, dizer um <strong>sim fundamental<\/strong> para si mesmo e sua paz.<\/p>\n\n\n\n<p>Comece com pequenas recusas em situa\u00e7\u00f5es de baixo risco para treinar seu c\u00e9rebro a lidar com o desconforto inicial. Com o tempo, a sensa\u00e7\u00e3o de erro ser\u00e1 substitu\u00edda por um sentimento de integridade e respeito pr\u00f3prio muito mais forte. Lembre-se que limites saud\u00e1veis s\u00e3o a base de qualquer relacionamento equilibrado e honesto que voc\u00ea deseja construir.<\/p>\n\n\n\n<figure class=\"wp-block-image size-full\"><img decoding=\"async\" width=\"1280\" height=\"720\" src=\"https:\/\/www.correiobraziliense.com.br\/cbradar\/wp-content\/uploads\/2026\/04\/Gemini_Generated_Image_ermt96ermt96ermt-1-1.png\" alt=\"Por que sentimos culpa ao dizer n\u00e3o, segundo a psicologia\" class=\"wp-image-231823\" srcset=\"https:\/\/www.correiobraziliense.com.br\/cbradar\/wp-content\/uploads\/2026\/04\/Gemini_Generated_Image_ermt96ermt96ermt-1-1.png 1280w, https:\/\/www.correiobraziliense.com.br\/cbradar\/wp-content\/uploads\/2026\/04\/Gemini_Generated_Image_ermt96ermt96ermt-1-1-300x169.png 300w, https:\/\/www.correiobraziliense.com.br\/cbradar\/wp-content\/uploads\/2026\/04\/Gemini_Generated_Image_ermt96ermt96ermt-1-1-768x432.png 768w, https:\/\/www.correiobraziliense.com.br\/cbradar\/wp-content\/uploads\/2026\/04\/Gemini_Generated_Image_ermt96ermt96ermt-1-1-750x422.png 750w, https:\/\/www.correiobraziliense.com.br\/cbradar\/wp-content\/uploads\/2026\/04\/Gemini_Generated_Image_ermt96ermt96ermt-1-1-1140x641.png 1140w\" sizes=\"(max-width: 1280px) 100vw, 1280px\" \/><figcaption class=\"wp-element-caption\">Dizer n\u00e3o pode ativar culpa e medo de rejei\u00e7\u00e3o emocional profunda<\/figcaption><\/figure>\n\n\n\n<h2 class=\"wp-block-heading\">Como a intelig\u00eancia emocional transforma a nossa percep\u00e7\u00e3o social?<\/h2>\n\n\n\n<p>Desenvolver a consci\u00eancia sobre seus pr\u00f3prios gatilhos permite que voc\u00ea responda aos pedidos de forma ponderada e menos impulsiva. Ao reconhecer que o desconforto \u00e9 apenas uma resposta autom\u00e1tica, voc\u00ea ganha o poder de agir conforme seus valores reais. A maturidade emocional nos ensina que a nega\u00e7\u00e3o respeitosa \u00e9 uma ferramenta de preserva\u00e7\u00e3o de sa\u00fade mental.<\/p>\n\n\n\n<p>Segundo diretrizes detalhadas pela <strong><a href=\"https:\/\/www.psychologicalhealthcare.com.au\" target=\"_blank\" rel=\"noreferrer noopener\">Psychological Health Care,<\/a><\/strong> estabelecer limites \u00e9 um componente vital para evitar o estresse e o esgotamento severo nas rela\u00e7\u00f5es. Priorizar o autocuidado garante que voc\u00ea tenha energia suficiente para ajudar os outros de forma genu\u00edna e sem ressentimentos futuros. O segredo da longevidade emocional reside em <strong>respeitar os pr\u00f3prios limites<\/strong> di\u00e1rios.<\/p>\n","protected":false},"excerpt":{"rendered":"<p>Sentir um peso no peito ao recusar um pedido \u00e9 um dilema comum que afeta milhares de pessoas diariamente. A psicologia explica que esse desconforto nasce de cren\u00e7as antigas sobre aceita\u00e7\u00e3o e pertencimento social. Entender as ra\u00edzes dessa culpa ajuda a construir limites saud\u00e1veis, promovendo um bem-estar emocional muito mais equilibrado. Por que a necessidade [&hellip;]<\/p>\n","protected":false},"author":21,"featured_media":231820,"comment_status":"open","ping_status":"open","sticky":false,"template":"","format":"standard","meta":{"_yoast_wpseo_focuskw":"culpa ao dizer n\u00e3o e limites emocionais","_yoast_wpseo_title":"","_yoast_wpseo_metadesc":"Sentir culpa ao dizer n\u00e3o tem ra\u00edzes profundas. Um padr\u00e3o explica por que recusar pedidos causa tanto desconforto emocional.","jnews-multi-image_gallery":[],"jnews_single_post":{"format":"standard"},"jnews_primary_category":[],"jnews_social_meta":[],"jnews_override_counter":[],"footnotes":""},"categories":[112],"post_tag":[],"class_list":["post-231817","post","type-post","status-publish","format-standard","has-post-thumbnail","hentry","category-curiosidades"],"yoast_head":"<!-- This site is optimized with the Yoast SEO plugin v24.6 - https:\/\/yoast.com\/wordpress\/plugins\/seo\/ -->\n<title>Por que sentimos culpa ao dizer n\u00e3o, segundo a psicologia - Correio Braziliense - Radar<\/title>\n<meta name=\"description\" content=\"Sentir culpa ao dizer n\u00e3o tem ra\u00edzes profundas. Um padr\u00e3o explica por que recusar pedidos causa tanto desconforto emocional.\" \/>\n<meta name=\"robots\" content=\"index, follow, max-snippet:-1, max-image-preview:large, max-video-preview:-1\" \/>\n<link rel=\"canonical\" href=\"https:\/\/www.correiobraziliense.com.br\/cbradar\/por-que-sentimos-culpa-ao-dizer-nao-segundo-a-psicologia\/\" \/>\n<meta property=\"og:locale\" content=\"pt_BR\" \/>\n<meta property=\"og:type\" content=\"article\" \/>\n<meta property=\"og:title\" content=\"Por que sentimos culpa ao dizer n\u00e3o, segundo a psicologia - Correio Braziliense - Radar\" \/>\n<meta property=\"og:description\" content=\"Sentir culpa ao dizer n\u00e3o tem ra\u00edzes profundas. Um padr\u00e3o explica por que recusar pedidos causa tanto desconforto emocional.\" \/>\n<meta property=\"og:url\" content=\"https:\/\/www.correiobraziliense.com.br\/cbradar\/por-que-sentimos-culpa-ao-dizer-nao-segundo-a-psicologia\/\" \/>\n<meta property=\"og:site_name\" content=\"Correio Braziliense - Radar\" \/>\n<meta property=\"article:published_time\" content=\"2026-04-26T20:05:00+00:00\" \/>\n<meta property=\"og:image\" content=\"https:\/\/www.correiobraziliense.com.br\/cbradar\/wp-content\/uploads\/2026\/04\/Gemini_Generated_Image_1skzyn1skzyn1skz-1-1.png\" \/>\n\t<meta property=\"og:image:width\" content=\"1280\" \/>\n\t<meta property=\"og:image:height\" content=\"720\" \/>\n\t<meta property=\"og:image:type\" content=\"image\/png\" \/>\n<meta name=\"author\" content=\"Patrick Silva\" \/>\n<meta name=\"twitter:card\" content=\"summary_large_image\" \/>\n<meta name=\"twitter:label1\" content=\"Escrito por\" \/>\n\t<meta name=\"twitter:data1\" content=\"Patrick Silva\" \/>\n\t<meta name=\"twitter:label2\" content=\"Est. tempo de leitura\" \/>\n\t<meta name=\"twitter:data2\" content=\"5 minutos\" \/>\n<!-- \/ Yoast SEO plugin. -->","yoast_head_json":{"title":"Por que sentimos culpa ao dizer n\u00e3o, segundo a psicologia - Correio Braziliense - Radar","description":"Sentir culpa ao dizer n\u00e3o tem ra\u00edzes profundas. Um padr\u00e3o explica por que recusar pedidos causa tanto desconforto emocional.","robots":{"index":"index","follow":"follow","max-snippet":"max-snippet:-1","max-image-preview":"max-image-preview:large","max-video-preview":"max-video-preview:-1"},"canonical":"https:\/\/www.correiobraziliense.com.br\/cbradar\/por-que-sentimos-culpa-ao-dizer-nao-segundo-a-psicologia\/","og_locale":"pt_BR","og_type":"article","og_title":"Por que sentimos culpa ao dizer n\u00e3o, segundo a psicologia - Correio Braziliense - Radar","og_description":"Sentir culpa ao dizer n\u00e3o tem ra\u00edzes profundas. Um padr\u00e3o explica por que recusar pedidos causa tanto desconforto emocional.","og_url":"https:\/\/www.correiobraziliense.com.br\/cbradar\/por-que-sentimos-culpa-ao-dizer-nao-segundo-a-psicologia\/","og_site_name":"Correio Braziliense - Radar","article_published_time":"2026-04-26T20:05:00+00:00","og_image":[{"width":1280,"height":720,"url":"https:\/\/www.correiobraziliense.com.br\/cbradar\/wp-content\/uploads\/2026\/04\/Gemini_Generated_Image_1skzyn1skzyn1skz-1-1.png","type":"image\/png"}],"author":"Patrick Silva","twitter_card":"summary_large_image","twitter_misc":{"Escrito por":"Patrick Silva","Est. tempo de leitura":"5 minutos"},"schema":{"@context":"https:\/\/schema.org","@graph":[{"@type":"WebPage","@id":"https:\/\/www.correiobraziliense.com.br\/cbradar\/por-que-sentimos-culpa-ao-dizer-nao-segundo-a-psicologia\/","url":"https:\/\/www.correiobraziliense.com.br\/cbradar\/por-que-sentimos-culpa-ao-dizer-nao-segundo-a-psicologia\/","name":"Por que sentimos culpa ao dizer n\u00e3o, segundo a psicologia - Correio Braziliense - Radar","isPartOf":{"@id":"https:\/\/www.correiobraziliense.com.br\/cbradar\/#website"},"primaryImageOfPage":{"@id":"https:\/\/www.correiobraziliense.com.br\/cbradar\/por-que-sentimos-culpa-ao-dizer-nao-segundo-a-psicologia\/#primaryimage"},"image":{"@id":"https:\/\/www.correiobraziliense.com.br\/cbradar\/por-que-sentimos-culpa-ao-dizer-nao-segundo-a-psicologia\/#primaryimage"},"thumbnailUrl":"https:\/\/www.correiobraziliense.com.br\/cbradar\/wp-content\/uploads\/2026\/04\/Gemini_Generated_Image_1skzyn1skzyn1skz-1-1.png","datePublished":"2026-04-26T20:05:00+00:00","author":{"@id":"https:\/\/www.correiobraziliense.com.br\/cbradar\/#\/schema\/person\/5440b72be9c7eb74f446c846479dc4da"},"description":"Sentir culpa ao dizer n\u00e3o tem ra\u00edzes profundas. Um padr\u00e3o explica por que recusar pedidos causa tanto desconforto emocional.","breadcrumb":{"@id":"https:\/\/www.correiobraziliense.com.br\/cbradar\/por-que-sentimos-culpa-ao-dizer-nao-segundo-a-psicologia\/#breadcrumb"},"inLanguage":"pt-BR","potentialAction":[{"@type":"ReadAction","target":["https:\/\/www.correiobraziliense.com.br\/cbradar\/por-que-sentimos-culpa-ao-dizer-nao-segundo-a-psicologia\/"]}]},{"@type":"ImageObject","inLanguage":"pt-BR","@id":"https:\/\/www.correiobraziliense.com.br\/cbradar\/por-que-sentimos-culpa-ao-dizer-nao-segundo-a-psicologia\/#primaryimage","url":"https:\/\/www.correiobraziliense.com.br\/cbradar\/wp-content\/uploads\/2026\/04\/Gemini_Generated_Image_1skzyn1skzyn1skz-1-1.png","contentUrl":"https:\/\/www.correiobraziliense.com.br\/cbradar\/wp-content\/uploads\/2026\/04\/Gemini_Generated_Image_1skzyn1skzyn1skz-1-1.png","width":1280,"height":720,"caption":"Dizer n\u00e3o pode ativar culpa e medo de rejei\u00e7\u00e3o emocional profunda"},{"@type":"BreadcrumbList","@id":"https:\/\/www.correiobraziliense.com.br\/cbradar\/por-que-sentimos-culpa-ao-dizer-nao-segundo-a-psicologia\/#breadcrumb","itemListElement":[{"@type":"ListItem","position":1,"name":"In\u00edcio","item":"https:\/\/www.correiobraziliense.com.br\/cbradar\/"},{"@type":"ListItem","position":2,"name":"Por que sentimos culpa ao dizer n\u00e3o, segundo a psicologia"}]},{"@type":"WebSite","@id":"https:\/\/www.correiobraziliense.com.br\/cbradar\/#website","url":"https:\/\/www.correiobraziliense.com.br\/cbradar\/","name":"Correio Braziliense - Radar","description":"Acompanhe as \u00faltimas not\u00edcias e fique bem informado sobre tudo o que acontece no Brasil e no mundo.","potentialAction":[{"@type":"SearchAction","target":{"@type":"EntryPoint","urlTemplate":"https:\/\/www.correiobraziliense.com.br\/cbradar\/?s={search_term_string}"},"query-input":{"@type":"PropertyValueSpecification","valueRequired":true,"valueName":"search_term_string"}}],"inLanguage":"pt-BR"},{"@type":"Person","@id":"https:\/\/www.correiobraziliense.com.br\/cbradar\/#\/schema\/person\/5440b72be9c7eb74f446c846479dc4da","name":"Patrick Silva","image":{"@type":"ImageObject","inLanguage":"pt-BR","@id":"https:\/\/www.correiobraziliense.com.br\/cbradar\/#\/schema\/person\/image\/","url":"https:\/\/secure.gravatar.com\/avatar\/944109df296fc087785c9715fd5f80b2?s=96&d=mm&r=g","contentUrl":"https:\/\/secure.gravatar.com\/avatar\/944109df296fc087785c9715fd5f80b2?s=96&d=mm&r=g","caption":"Patrick Silva"},"sameAs":["https:\/\/www.correiobraziliense.com.br\/cbradar\/"],"url":"https:\/\/www.correiobraziliense.com.br\/cbradar\/author\/patrick-silva\/"}]}},"_links":{"self":[{"href":"https:\/\/www.correiobraziliense.com.br\/cbradar\/wp-json\/wp\/v2\/posts\/231817","targetHints":{"allow":["GET"]}}],"collection":[{"href":"https:\/\/www.correiobraziliense.com.br\/cbradar\/wp-json\/wp\/v2\/posts"}],"about":[{"href":"https:\/\/www.correiobraziliense.com.br\/cbradar\/wp-json\/wp\/v2\/types\/post"}],"author":[{"embeddable":true,"href":"https:\/\/www.correiobraziliense.com.br\/cbradar\/wp-json\/wp\/v2\/users\/21"}],"replies":[{"embeddable":true,"href":"https:\/\/www.correiobraziliense.com.br\/cbradar\/wp-json\/wp\/v2\/comments?post=231817"}],"version-history":[{"count":3,"href":"https:\/\/www.correiobraziliense.com.br\/cbradar\/wp-json\/wp\/v2\/posts\/231817\/revisions"}],"predecessor-version":[{"id":231827,"href":"https:\/\/www.correiobraziliense.com.br\/cbradar\/wp-json\/wp\/v2\/posts\/231817\/revisions\/231827"}],"wp:featuredmedia":[{"embeddable":true,"href":"https:\/\/www.correiobraziliense.com.br\/cbradar\/wp-json\/wp\/v2\/media\/231820"}],"wp:attachment":[{"href":"https:\/\/www.correiobraziliense.com.br\/cbradar\/wp-json\/wp\/v2\/media?parent=231817"}],"wp:term":[{"taxonomy":"category","embeddable":true,"href":"https:\/\/www.correiobraziliense.com.br\/cbradar\/wp-json\/wp\/v2\/categories?post=231817"},{"taxonomy":"post_tag","embeddable":true,"href":"https:\/\/www.correiobraziliense.com.br\/cbradar\/wp-json\/wp\/v2\/post_tag?post=231817"}],"curies":[{"name":"wp","href":"https:\/\/api.w.org\/{rel}","templated":true}]}}