{"id":231824,"date":"2026-04-26T18:45:00","date_gmt":"2026-04-26T21:45:00","guid":{"rendered":"https:\/\/www.correiobraziliense.com.br\/cbradar\/?p=231824"},"modified":"2026-04-25T09:57:57","modified_gmt":"2026-04-25T12:57:57","slug":"pessoas-que-chegam-a-velhice-com-mais-disposicao-geralmente-evitam-estas-7-escolhas-de-estilo-de-vida","status":"publish","type":"post","link":"https:\/\/www.correiobraziliense.com.br\/cbradar\/pessoas-que-chegam-a-velhice-com-mais-disposicao-geralmente-evitam-estas-7-escolhas-de-estilo-de-vida\/","title":{"rendered":"Pessoas que chegam \u00e0 velhice com mais disposi\u00e7\u00e3o geralmente evitam estas 7 escolhas de estilo de vida"},"content":{"rendered":"\n<p>Chegar \u00e0 terceira idade com energia e vitalidade \u00e9 o resultado de decis\u00f5es conscientes tomadas ao longo de toda a maturidade. Muitas pessoas ignoram que pequenos h\u00e1bitos negativos aceleram o envelhecimento celular de forma silenciosa e constante. Entender quais caminhos evitar garante uma longevidade muito mais ativa e livre de limita\u00e7\u00f5es f\u00edsicas precoces.<\/p>\n\n\n\n<h2 class=\"wp-block-heading\">Como o sedentarismo prolongado destr\u00f3i a sua vitalidade futura?<\/h2>\n\n\n\n<p>Evitar o movimento f\u00edsico regular \u00e9 uma das escolhas mais perigosas para quem deseja manter a autonomia nos anos vindouros. A inatividade prolongada enfraquece a musculatura esquel\u00e9tica e reduz a densidade \u00f3ssea, facilitando o surgimento de quedas e fraturas graves. Manter o corpo ativo \u00e9 um <strong>seguro de vida biol\u00f3gico<\/strong> contra a fragilidade f\u00edsica na velhice.<\/p>\n\n\n\n<p>Al\u00e9m do impacto muscular, a falta de exerc\u00edcios aer\u00f3bicos compromete severamente a efici\u00eancia do sistema cardiovascular e respirat\u00f3rio. O cora\u00e7\u00e3o precisa de est\u00edmulos constantes para bombear o sangue com vigor, garantindo a oxigena\u00e7\u00e3o cerebral necess\u00e1ria para a clareza mental. Abandonar o sof\u00e1 \u00e9 o primeiro passo para conquistar uma <strong>longevidade vibrante e cheia de autonomia<\/strong>.<\/p>\n\n\n\n<figure class=\"wp-block-image size-full\"><img decoding=\"async\" width=\"1280\" height=\"720\" src=\"https:\/\/www.correiobraziliense.com.br\/cbradar\/wp-content\/uploads\/2026\/04\/Gemini_Generated_Image_wyvfk6wyvfk6wyvf-1-1-1.png\" alt=\"Pessoas que chegam \u00e0 velhice com mais disposi\u00e7\u00e3o geralmente evitam estas 7 escolhas de estilo de vida\" class=\"wp-image-231830\" srcset=\"https:\/\/www.correiobraziliense.com.br\/cbradar\/wp-content\/uploads\/2026\/04\/Gemini_Generated_Image_wyvfk6wyvfk6wyvf-1-1-1.png 1280w, https:\/\/www.correiobraziliense.com.br\/cbradar\/wp-content\/uploads\/2026\/04\/Gemini_Generated_Image_wyvfk6wyvfk6wyvf-1-1-1-300x169.png 300w, https:\/\/www.correiobraziliense.com.br\/cbradar\/wp-content\/uploads\/2026\/04\/Gemini_Generated_Image_wyvfk6wyvfk6wyvf-1-1-1-768x432.png 768w, https:\/\/www.correiobraziliense.com.br\/cbradar\/wp-content\/uploads\/2026\/04\/Gemini_Generated_Image_wyvfk6wyvfk6wyvf-1-1-1-750x422.png 750w, https:\/\/www.correiobraziliense.com.br\/cbradar\/wp-content\/uploads\/2026\/04\/Gemini_Generated_Image_wyvfk6wyvfk6wyvf-1-1-1-1140x641.png 1140w\" sizes=\"(max-width: 1280px) 100vw, 1280px\" \/><figcaption class=\"wp-element-caption\">H\u00e1bitos di\u00e1rios podem acelerar o envelhecimento e reduzir sua vitalidade<\/figcaption><\/figure>\n\n\n\n<h2 class=\"wp-block-heading\">Por que o isolamento social acelera o decl\u00ednio cognitivo humano?<\/h2>\n\n\n\n<p>Manter conex\u00f5es humanas genu\u00ednas atua como um poderoso est\u00edmulo para as redes neurais, prevenindo o isolamento emocional profundo. Pessoas que evitam o contato com amigos e familiares tendem a apresentar n\u00edveis mais elevados de cortisol, o horm\u00f4nio do estresse cr\u00f4nico. Essa solid\u00e3o invis\u00edvel desgasta a sa\u00fade mental, facilitando o aparecimento de quadros depressivos e ansiedade severa.<\/p>\n\n\n\n<p>O engajamento em conversas estimulantes e atividades em grupo promove a neuroplasticidade, mantendo o c\u00e9rebro jovem e resiliente aos danos. Cultivar relacionamentos saud\u00e1veis garante um suporte emocional vital durante os momentos de vulnerabilidade natural do envelhecimento. Valorizar os v\u00ednculos sociais \u00e9 uma <strong>estrat\u00e9gia essencial de prote\u00e7\u00e3o cognitiva<\/strong> para quem busca uma mente sempre l\u00facida e equilibrada.<\/p>\n\n\n\n<p>Leia tamb\u00e9m: <a href=\"https:\/\/www.correiobraziliense.com.br\/cbradar\/existe-uma-forma-de-invisibilidade-que-atinge-pessoas-muito-queridas-por-todos-e-ela-nao-acontece-porque-foram-deixadas-de-lado-acontece-porque-se-tornaram-tao-estaveis-por-fora-que-ninguem-imagina\/\" target=\"_blank\" rel=\"noreferrer noopener\">Existe uma forma de invisibilidade que atinge pessoas muito queridas por todos, e ela n\u00e3o acontece porque foram deixadas de lado, acontece porque se tornaram t\u00e3o est\u00e1veis por fora que ningu\u00e9m imagina que tamb\u00e9m precisam ser cuidadas<\/a><\/p>\n\n\n\n<h2 class=\"wp-block-heading\">Quais subst\u00e2ncias nocivas devem ser eliminadas da rotina di\u00e1ria?<\/h2>\n\n\n\n<p>Abandonar o consumo excessivo de a\u00e7\u00facares refinados e gorduras saturadas \u00e9 fundamental para evitar doen\u00e7as metab\u00f3licas cr\u00f4nicas e inflamat\u00f3rias. A alimenta\u00e7\u00e3o desequilibrada sobrecarrega os \u00f3rg\u00e3os internos, provocando um desgaste celular acelerado que se manifesta por meio do cansa\u00e7o e dores articulares. <\/p>\n\n\n\n<p>Para identificar melhor os comportamentos que sabotam sua disposi\u00e7\u00e3o e aceleram o processo de envelhecimento biol\u00f3gico:<\/p>\n\n\n\n<ul class=\"wp-block-list\">\n<li>Evitar o tabagismo e o consumo abusivo de \u00e1lcool.<\/li>\n\n\n\n<li>Reduzir drasticamente a ingest\u00e3o de alimentos ultraprocessados qu\u00edmicos.<\/li>\n\n\n\n<li>Priorizar o consumo regular de \u00e1gua mineral pura.<\/li>\n\n\n\n<li>Dormir pelo menos sete horas de sono reparador.<\/li>\n\n\n\n<li>Controlar o peso corporal atrav\u00e9s de dieta balanceada.<\/li>\n\n\n\n<li>Realizar exames preventivos de sangue com frequ\u00eancia anual.<\/li>\n\n\n\n<li>Praticar medita\u00e7\u00e3o ou t\u00e9cnicas de relaxamento mental profundo.<\/li>\n<\/ul>\n\n\n\n<h2 class=\"wp-block-heading\">Como a falta de sono reparador prejudica a regenera\u00e7\u00e3o celular?<\/h2>\n\n\n\n<p>Negligenciar o descanso noturno impede que o organismo realize a limpeza necess\u00e1ria de res\u00edduos metab\u00f3licos acumulados durante o dia. Durante o sono profundo, o corpo libera horm\u00f4nios fundamentais para a repara\u00e7\u00e3o dos tecidos musculares e fortalecimento do sistema imunol\u00f3gico. Dormir mal de forma cr\u00f4nica acelera o envelhecimento da pele e diminui a capacidade de regenera\u00e7\u00e3o dos \u00f3rg\u00e3os.<\/p>\n\n\n\n<p>A priva\u00e7\u00e3o de sono tamb\u00e9m impacta negativamente a regula\u00e7\u00e3o da glicose e do apetite, favorecendo o ac\u00famulo de gordura visceral. Manter uma rotina de sono consistente \u00e9 a forma mais barata e eficiente de <strong>preservar a juventude celular<\/strong> internamente. Priorizar a higiene do sono garante que voc\u00ea acorde com disposi\u00e7\u00e3o renovada para enfrentar os desafios cotidianos.<\/p>\n\n\n\n<figure class=\"wp-block-image size-full\"><img decoding=\"async\" width=\"1280\" height=\"720\" src=\"https:\/\/www.correiobraziliense.com.br\/cbradar\/wp-content\/uploads\/2026\/04\/Gemini_Generated_Image_h92174h92174h921-1-1.png\" alt=\"Pessoas que chegam \u00e0 velhice com mais disposi\u00e7\u00e3o geralmente evitam estas 7 escolhas de estilo de vida\" class=\"wp-image-231831\" srcset=\"https:\/\/www.correiobraziliense.com.br\/cbradar\/wp-content\/uploads\/2026\/04\/Gemini_Generated_Image_h92174h92174h921-1-1.png 1280w, https:\/\/www.correiobraziliense.com.br\/cbradar\/wp-content\/uploads\/2026\/04\/Gemini_Generated_Image_h92174h92174h921-1-1-300x169.png 300w, https:\/\/www.correiobraziliense.com.br\/cbradar\/wp-content\/uploads\/2026\/04\/Gemini_Generated_Image_h92174h92174h921-1-1-768x432.png 768w, https:\/\/www.correiobraziliense.com.br\/cbradar\/wp-content\/uploads\/2026\/04\/Gemini_Generated_Image_h92174h92174h921-1-1-750x422.png 750w, https:\/\/www.correiobraziliense.com.br\/cbradar\/wp-content\/uploads\/2026\/04\/Gemini_Generated_Image_h92174h92174h921-1-1-1140x641.png 1140w\" sizes=\"(max-width: 1280px) 100vw, 1280px\" \/><figcaption class=\"wp-element-caption\">H\u00e1bitos di\u00e1rios podem acelerar o envelhecimento e reduzir sua vitalidade<\/figcaption><\/figure>\n\n\n\n<h2 class=\"wp-block-heading\">Por que ignorar o estresse cr\u00f4nico compromete a sa\u00fade geral?<\/h2>\n\n\n\n<p>Viver em um estado constante de alerta mental provoca danos severos ao sistema cardiovascular e \u00e0 imunidade natural do corpo. O estresse n\u00e3o gerenciado libera subst\u00e2ncias inflamat\u00f3rias que danificam as paredes das art\u00e9rias, elevando o risco de doen\u00e7as card\u00edacas graves. Aprender a relaxar \u00e9 uma habilidade vital para quem deseja chegar aos oitenta anos com <strong>energia e sa\u00fade<\/strong>.<\/p>\n\n\n\n<p>De acordo com orienta\u00e7\u00f5es da <strong>World Health Organization<\/strong> (<a target=\"_blank\" rel=\"noreferrer noopener\" href=\"https:\/\/www.who.int\/news-room\/fact-sheets\/detail\/healthy-diet\">WHO<\/a>), adotar uma dieta nutritiva e gerenciar as tens\u00f5es di\u00e1rias s\u00e3o pilares para o envelhecimento saud\u00e1vel. Evitar o excesso de preocupa\u00e7\u00f5es in\u00fateis preserva a vitalidade e garante uma longevidade muito mais equilibrada. Focar na paz interior \u00e9 o melhor investimento que voc\u00ea pode fazer para o seu pr\u00f3prio futuro.<\/p>\n","protected":false},"excerpt":{"rendered":"<p>Chegar \u00e0 terceira idade com energia e vitalidade \u00e9 o resultado de decis\u00f5es conscientes tomadas ao longo de toda a maturidade. Muitas pessoas ignoram que pequenos h\u00e1bitos negativos aceleram o envelhecimento celular de forma silenciosa e constante. Entender quais caminhos evitar garante uma longevidade muito mais ativa e livre de limita\u00e7\u00f5es f\u00edsicas precoces. Como o [&hellip;]<\/p>\n","protected":false},"author":21,"featured_media":231829,"comment_status":"open","ping_status":"open","sticky":false,"template":"","format":"standard","meta":{"_yoast_wpseo_focuskw":"h\u00e1bitos que aceleram o envelhecimento","_yoast_wpseo_title":"","_yoast_wpseo_metadesc":"H\u00e1bitos simples podem acelerar o envelhecimento sem voc\u00ea perceber. Um erro comum pode comprometer sua vitalidade no futuro.","jnews-multi-image_gallery":[],"jnews_single_post":{"format":"standard"},"jnews_primary_category":[],"jnews_social_meta":[],"jnews_override_counter":[],"footnotes":""},"categories":[112],"post_tag":[],"class_list":["post-231824","post","type-post","status-publish","format-standard","has-post-thumbnail","hentry","category-curiosidades"],"yoast_head":"<!-- This site is optimized with the Yoast SEO plugin v24.6 - https:\/\/yoast.com\/wordpress\/plugins\/seo\/ -->\n<title>Pessoas que chegam \u00e0 velhice com mais disposi\u00e7\u00e3o geralmente evitam estas 7 escolhas de estilo de vida - Correio Braziliense - Radar<\/title>\n<meta name=\"description\" content=\"H\u00e1bitos simples podem acelerar o envelhecimento sem voc\u00ea perceber. Um erro comum pode comprometer sua vitalidade no futuro.\" \/>\n<meta name=\"robots\" content=\"index, follow, max-snippet:-1, max-image-preview:large, max-video-preview:-1\" \/>\n<link rel=\"canonical\" href=\"https:\/\/www.correiobraziliense.com.br\/cbradar\/pessoas-que-chegam-a-velhice-com-mais-disposicao-geralmente-evitam-estas-7-escolhas-de-estilo-de-vida\/\" \/>\n<meta property=\"og:locale\" content=\"pt_BR\" \/>\n<meta property=\"og:type\" content=\"article\" \/>\n<meta property=\"og:title\" content=\"Pessoas que chegam \u00e0 velhice com mais disposi\u00e7\u00e3o geralmente evitam estas 7 escolhas de estilo de vida - Correio Braziliense - Radar\" \/>\n<meta property=\"og:description\" content=\"H\u00e1bitos simples podem acelerar o envelhecimento sem voc\u00ea perceber. Um erro comum pode comprometer sua vitalidade no futuro.\" \/>\n<meta property=\"og:url\" content=\"https:\/\/www.correiobraziliense.com.br\/cbradar\/pessoas-que-chegam-a-velhice-com-mais-disposicao-geralmente-evitam-estas-7-escolhas-de-estilo-de-vida\/\" \/>\n<meta property=\"og:site_name\" content=\"Correio Braziliense - Radar\" \/>\n<meta property=\"article:published_time\" content=\"2026-04-26T21:45:00+00:00\" \/>\n<meta property=\"og:image\" content=\"https:\/\/www.correiobraziliense.com.br\/cbradar\/wp-content\/uploads\/2026\/04\/Gemini_Generated_Image_bgqnu9bgqnu9bgqn-1-1-1.png\" \/>\n\t<meta property=\"og:image:width\" content=\"1280\" \/>\n\t<meta property=\"og:image:height\" content=\"720\" \/>\n\t<meta property=\"og:image:type\" content=\"image\/png\" \/>\n<meta name=\"author\" content=\"Patrick Silva\" \/>\n<meta name=\"twitter:card\" content=\"summary_large_image\" \/>\n<meta name=\"twitter:label1\" content=\"Escrito por\" \/>\n\t<meta name=\"twitter:data1\" content=\"Patrick Silva\" \/>\n\t<meta name=\"twitter:label2\" content=\"Est. tempo de leitura\" \/>\n\t<meta name=\"twitter:data2\" content=\"5 minutos\" \/>\n<!-- \/ Yoast SEO plugin. -->","yoast_head_json":{"title":"Pessoas que chegam \u00e0 velhice com mais disposi\u00e7\u00e3o geralmente evitam estas 7 escolhas de estilo de vida - Correio Braziliense - Radar","description":"H\u00e1bitos simples podem acelerar o envelhecimento sem voc\u00ea perceber. Um erro comum pode comprometer sua vitalidade no futuro.","robots":{"index":"index","follow":"follow","max-snippet":"max-snippet:-1","max-image-preview":"max-image-preview:large","max-video-preview":"max-video-preview:-1"},"canonical":"https:\/\/www.correiobraziliense.com.br\/cbradar\/pessoas-que-chegam-a-velhice-com-mais-disposicao-geralmente-evitam-estas-7-escolhas-de-estilo-de-vida\/","og_locale":"pt_BR","og_type":"article","og_title":"Pessoas que chegam \u00e0 velhice com mais disposi\u00e7\u00e3o geralmente evitam estas 7 escolhas de estilo de vida - Correio Braziliense - Radar","og_description":"H\u00e1bitos simples podem acelerar o envelhecimento sem voc\u00ea perceber. Um erro comum pode comprometer sua vitalidade no futuro.","og_url":"https:\/\/www.correiobraziliense.com.br\/cbradar\/pessoas-que-chegam-a-velhice-com-mais-disposicao-geralmente-evitam-estas-7-escolhas-de-estilo-de-vida\/","og_site_name":"Correio Braziliense - Radar","article_published_time":"2026-04-26T21:45:00+00:00","og_image":[{"width":1280,"height":720,"url":"https:\/\/www.correiobraziliense.com.br\/cbradar\/wp-content\/uploads\/2026\/04\/Gemini_Generated_Image_bgqnu9bgqnu9bgqn-1-1-1.png","type":"image\/png"}],"author":"Patrick Silva","twitter_card":"summary_large_image","twitter_misc":{"Escrito por":"Patrick Silva","Est. tempo de leitura":"5 minutos"},"schema":{"@context":"https:\/\/schema.org","@graph":[{"@type":"WebPage","@id":"https:\/\/www.correiobraziliense.com.br\/cbradar\/pessoas-que-chegam-a-velhice-com-mais-disposicao-geralmente-evitam-estas-7-escolhas-de-estilo-de-vida\/","url":"https:\/\/www.correiobraziliense.com.br\/cbradar\/pessoas-que-chegam-a-velhice-com-mais-disposicao-geralmente-evitam-estas-7-escolhas-de-estilo-de-vida\/","name":"Pessoas que chegam \u00e0 velhice com mais disposi\u00e7\u00e3o geralmente evitam estas 7 escolhas de estilo de vida - Correio Braziliense - Radar","isPartOf":{"@id":"https:\/\/www.correiobraziliense.com.br\/cbradar\/#website"},"primaryImageOfPage":{"@id":"https:\/\/www.correiobraziliense.com.br\/cbradar\/pessoas-que-chegam-a-velhice-com-mais-disposicao-geralmente-evitam-estas-7-escolhas-de-estilo-de-vida\/#primaryimage"},"image":{"@id":"https:\/\/www.correiobraziliense.com.br\/cbradar\/pessoas-que-chegam-a-velhice-com-mais-disposicao-geralmente-evitam-estas-7-escolhas-de-estilo-de-vida\/#primaryimage"},"thumbnailUrl":"https:\/\/www.correiobraziliense.com.br\/cbradar\/wp-content\/uploads\/2026\/04\/Gemini_Generated_Image_bgqnu9bgqnu9bgqn-1-1-1.png","datePublished":"2026-04-26T21:45:00+00:00","author":{"@id":"https:\/\/www.correiobraziliense.com.br\/cbradar\/#\/schema\/person\/5440b72be9c7eb74f446c846479dc4da"},"description":"H\u00e1bitos simples podem acelerar o envelhecimento sem voc\u00ea perceber. Um erro comum pode comprometer sua vitalidade no futuro.","breadcrumb":{"@id":"https:\/\/www.correiobraziliense.com.br\/cbradar\/pessoas-que-chegam-a-velhice-com-mais-disposicao-geralmente-evitam-estas-7-escolhas-de-estilo-de-vida\/#breadcrumb"},"inLanguage":"pt-BR","potentialAction":[{"@type":"ReadAction","target":["https:\/\/www.correiobraziliense.com.br\/cbradar\/pessoas-que-chegam-a-velhice-com-mais-disposicao-geralmente-evitam-estas-7-escolhas-de-estilo-de-vida\/"]}]},{"@type":"ImageObject","inLanguage":"pt-BR","@id":"https:\/\/www.correiobraziliense.com.br\/cbradar\/pessoas-que-chegam-a-velhice-com-mais-disposicao-geralmente-evitam-estas-7-escolhas-de-estilo-de-vida\/#primaryimage","url":"https:\/\/www.correiobraziliense.com.br\/cbradar\/wp-content\/uploads\/2026\/04\/Gemini_Generated_Image_bgqnu9bgqnu9bgqn-1-1-1.png","contentUrl":"https:\/\/www.correiobraziliense.com.br\/cbradar\/wp-content\/uploads\/2026\/04\/Gemini_Generated_Image_bgqnu9bgqnu9bgqn-1-1-1.png","width":1280,"height":720,"caption":"H\u00e1bitos di\u00e1rios podem acelerar o envelhecimento e reduzir sua vitalidade"},{"@type":"BreadcrumbList","@id":"https:\/\/www.correiobraziliense.com.br\/cbradar\/pessoas-que-chegam-a-velhice-com-mais-disposicao-geralmente-evitam-estas-7-escolhas-de-estilo-de-vida\/#breadcrumb","itemListElement":[{"@type":"ListItem","position":1,"name":"In\u00edcio","item":"https:\/\/www.correiobraziliense.com.br\/cbradar\/"},{"@type":"ListItem","position":2,"name":"Pessoas que chegam \u00e0 velhice com mais disposi\u00e7\u00e3o geralmente evitam estas 7 escolhas de estilo de vida"}]},{"@type":"WebSite","@id":"https:\/\/www.correiobraziliense.com.br\/cbradar\/#website","url":"https:\/\/www.correiobraziliense.com.br\/cbradar\/","name":"Correio Braziliense - Radar","description":"Acompanhe as \u00faltimas not\u00edcias e fique bem informado sobre tudo o que acontece no Brasil e no mundo.","potentialAction":[{"@type":"SearchAction","target":{"@type":"EntryPoint","urlTemplate":"https:\/\/www.correiobraziliense.com.br\/cbradar\/?s={search_term_string}"},"query-input":{"@type":"PropertyValueSpecification","valueRequired":true,"valueName":"search_term_string"}}],"inLanguage":"pt-BR"},{"@type":"Person","@id":"https:\/\/www.correiobraziliense.com.br\/cbradar\/#\/schema\/person\/5440b72be9c7eb74f446c846479dc4da","name":"Patrick Silva","image":{"@type":"ImageObject","inLanguage":"pt-BR","@id":"https:\/\/www.correiobraziliense.com.br\/cbradar\/#\/schema\/person\/image\/","url":"https:\/\/secure.gravatar.com\/avatar\/944109df296fc087785c9715fd5f80b2?s=96&d=mm&r=g","contentUrl":"https:\/\/secure.gravatar.com\/avatar\/944109df296fc087785c9715fd5f80b2?s=96&d=mm&r=g","caption":"Patrick Silva"},"sameAs":["https:\/\/www.correiobraziliense.com.br\/cbradar\/"],"url":"https:\/\/www.correiobraziliense.com.br\/cbradar\/author\/patrick-silva\/"}]}},"_links":{"self":[{"href":"https:\/\/www.correiobraziliense.com.br\/cbradar\/wp-json\/wp\/v2\/posts\/231824","targetHints":{"allow":["GET"]}}],"collection":[{"href":"https:\/\/www.correiobraziliense.com.br\/cbradar\/wp-json\/wp\/v2\/posts"}],"about":[{"href":"https:\/\/www.correiobraziliense.com.br\/cbradar\/wp-json\/wp\/v2\/types\/post"}],"author":[{"embeddable":true,"href":"https:\/\/www.correiobraziliense.com.br\/cbradar\/wp-json\/wp\/v2\/users\/21"}],"replies":[{"embeddable":true,"href":"https:\/\/www.correiobraziliense.com.br\/cbradar\/wp-json\/wp\/v2\/comments?post=231824"}],"version-history":[{"count":4,"href":"https:\/\/www.correiobraziliense.com.br\/cbradar\/wp-json\/wp\/v2\/posts\/231824\/revisions"}],"predecessor-version":[{"id":231834,"href":"https:\/\/www.correiobraziliense.com.br\/cbradar\/wp-json\/wp\/v2\/posts\/231824\/revisions\/231834"}],"wp:featuredmedia":[{"embeddable":true,"href":"https:\/\/www.correiobraziliense.com.br\/cbradar\/wp-json\/wp\/v2\/media\/231829"}],"wp:attachment":[{"href":"https:\/\/www.correiobraziliense.com.br\/cbradar\/wp-json\/wp\/v2\/media?parent=231824"}],"wp:term":[{"taxonomy":"category","embeddable":true,"href":"https:\/\/www.correiobraziliense.com.br\/cbradar\/wp-json\/wp\/v2\/categories?post=231824"},{"taxonomy":"post_tag","embeddable":true,"href":"https:\/\/www.correiobraziliense.com.br\/cbradar\/wp-json\/wp\/v2\/post_tag?post=231824"}],"curies":[{"name":"wp","href":"https:\/\/api.w.org\/{rel}","templated":true}]}}