{"id":231832,"date":"2026-04-26T00:30:00","date_gmt":"2026-04-26T03:30:00","guid":{"rendered":"https:\/\/www.correiobraziliense.com.br\/cbradar\/?p=231832"},"modified":"2026-04-25T19:31:35","modified_gmt":"2026-04-25T22:31:35","slug":"pessoas-que-mantem-a-pele-com-aparencia-saudavel-por-mais-tempo-geralmente-evitam-estas-6-escolhas-de-estilo-de-vida","status":"publish","type":"post","link":"https:\/\/www.correiobraziliense.com.br\/cbradar\/pessoas-que-mantem-a-pele-com-aparencia-saudavel-por-mais-tempo-geralmente-evitam-estas-6-escolhas-de-estilo-de-vida\/","title":{"rendered":"Pessoas que mant\u00eam a pele com apar\u00eancia saud\u00e1vel por mais tempo geralmente evitam estas 6 escolhas de estilo de vida"},"content":{"rendered":"\n<p>Muitas mulheres, ao atingirem a maturidade, decidem interromper ciclos de complac\u00eancia que duraram d\u00e9cadas inteiras em suas vidas. Esse fen\u00f4meno psicol\u00f3gico representa o fim de uma vers\u00e3o moldada para agradar terceiros e o in\u00edcio de uma autenticidade necess\u00e1ria. Entender essa transi\u00e7\u00e3o ajuda a desmistificar a ideia de que elas est\u00e3o ficando dif\u00edceis.<\/p>\n\n\n\n<h2 class=\"wp-block-heading\">Por que o comportamento feminino muda drasticamente na maturidade?<\/h2>\n\n\n\n<p>Para entender essa mudan\u00e7a, \u00e9 preciso analisar como a sociedade molda o papel da mulher desde muito cedo. Durante a juventude, muitas s\u00e3o treinadas para priorizar o bem-estar alheio, acreditando que o afeto depende da total disponibilidade. Na maturidade, elas percebem que <strong>manter essa m\u00e1scara \u00e9 exaustivo<\/strong> e compromete seriamente sua pr\u00f3pria sa\u00fade f\u00edsica e mental.<\/p>\n\n\n\n<p>Essa transi\u00e7\u00e3o n\u00e3o ocorre por amargura, mas sim por uma necessidade emocional de preservar a energia vital restante. Ao dizerem n\u00e3o, elas est\u00e3o protegendo o tempo que antes era distribu\u00eddo sem crit\u00e9rios claros de reciprocidade. Abandonar o papel de salvadora permite que essas mulheres finalmente experimentem uma <strong>liberdade de escolha sem precedentes<\/strong> em seus relacionamentos.<\/p>\n\n\n\n<figure class=\"wp-block-image size-full\"><img decoding=\"async\" width=\"1280\" height=\"720\" src=\"https:\/\/www.correiobraziliense.com.br\/cbradar\/wp-content\/uploads\/2026\/04\/Gemini_Generated_Image_r8eon3r8eon3r8eo-1-1.png\" alt=\"Pessoas que mant\u00eam a pele com apar\u00eancia saud\u00e1vel por mais tempo geralmente evitam estas 6 escolhas de estilo de vida\" class=\"wp-image-231838\" srcset=\"https:\/\/www.correiobraziliense.com.br\/cbradar\/wp-content\/uploads\/2026\/04\/Gemini_Generated_Image_r8eon3r8eon3r8eo-1-1.png 1280w, https:\/\/www.correiobraziliense.com.br\/cbradar\/wp-content\/uploads\/2026\/04\/Gemini_Generated_Image_r8eon3r8eon3r8eo-1-1-300x169.png 300w, https:\/\/www.correiobraziliense.com.br\/cbradar\/wp-content\/uploads\/2026\/04\/Gemini_Generated_Image_r8eon3r8eon3r8eo-1-1-768x432.png 768w, https:\/\/www.correiobraziliense.com.br\/cbradar\/wp-content\/uploads\/2026\/04\/Gemini_Generated_Image_r8eon3r8eon3r8eo-1-1-750x422.png 750w, https:\/\/www.correiobraziliense.com.br\/cbradar\/wp-content\/uploads\/2026\/04\/Gemini_Generated_Image_r8eon3r8eon3r8eo-1-1-1140x641.png 1140w\" sizes=\"(max-width: 1280px) 100vw, 1280px\" \/><figcaption class=\"wp-element-caption\">Mulheres maduras priorizam a si mesmas e deixam de agradar todos<\/figcaption><\/figure>\n\n\n\n<h2 class=\"wp-block-heading\">Qual \u00e9 o peso emocional de carregar uma vers\u00e3o moldada para agradar?<\/h2>\n\n\n\n<p>Viver para satisfazer as expectativas de familiares e amigos cria uma desconex\u00e3o perigosa com os pr\u00f3prios desejos reais. Essa vers\u00e3o de sobreviv\u00eancia \u00e9 constru\u00edda sobre o medo da rejei\u00e7\u00e3o e a cren\u00e7a de que o amor depende da total obedi\u00eancia. Com o passar do tempo, esse fardo torna-se insuport\u00e1vel, exigindo uma <strong>ruptura dr\u00e1stica com os velhos padr\u00f5es<\/strong>.<\/p>\n\n\n\n<p>Quando uma mulher decide parar de sustentar essa fachada, o ambiente ao redor pode reagir com estranhamento ou cr\u00edticas severas. \u00c9 comum que pessoas acostumadas com sua passividade rotulem esse novo posicionamento como ego\u00edsmo ou agressividade. No entanto, o que est\u00e1 acontecendo \u00e9 a <strong>recupera\u00e7\u00e3o da identidade original<\/strong> que ficou silenciada por muitos anos seguidos.<\/p>\n\n\n\n<p>Leia tamb\u00e9m: <a href=\"https:\/\/www.correiobraziliense.com.br\/cbradar\/existe-uma-forma-de-invisibilidade-que-atinge-pessoas-muito-queridas-por-todos-e-ela-nao-acontece-porque-foram-deixadas-de-lado-acontece-porque-se-tornaram-tao-estaveis-por-fora-que-ninguem-imagina\/\" target=\"_blank\" rel=\"noreferrer noopener\">Existe uma forma de invisibilidade que atinge pessoas muito queridas por todos, e ela n\u00e3o acontece porque foram deixadas de lado, acontece porque se tornaram t\u00e3o est\u00e1veis por fora que ningu\u00e9m imagina que tamb\u00e9m precisam ser cuidadas<\/a><\/p>\n\n\n\n<h2 class=\"wp-block-heading\">Como identificar os sinais dessa liberta\u00e7\u00e3o emocional tardia?<\/h2>\n\n\n\n<p>Reconhecer que voc\u00ea est\u00e1 deixando de ser uma cuidadora compulsiva \u00e9 o primeiro passo para uma vida mais leve. Esse processo geralmente come\u00e7a com a recusa de convites cansativos e a express\u00e3o de opini\u00f5es que antes eram guardadas. Estar atento aos comportamentos repetitivos ajuda a mapear as \u00e1reas que foram mais afetadas pelo silenciamento emocional imposto.<\/p>\n\n\n\n<p>Para compreender melhor como essa nova postura se manifesta no cotidiano e sinaliza uma busca por respeito pr\u00f3prio:<\/p>\n\n\n\n<ul class=\"wp-block-list\">\n<li>Prioriza\u00e7\u00e3o do descanso pessoal sobre tarefas triviais.<\/li>\n\n\n\n<li>Diminui\u00e7\u00e3o da necessidade de justificar decis\u00f5es tomadas.<\/li>\n\n\n\n<li>Estabelecimento de limites claros em rela\u00e7\u00f5es familiares.<\/li>\n\n\n\n<li>Busca por hobbies que tragam prazer individual real.<\/li>\n\n\n\n<li>Menor toler\u00e2ncia para dramas ou conflitos desnecess\u00e1rios.<\/li>\n<\/ul>\n\n\n\n<h2 class=\"wp-block-heading\">Por que a sociedade rotula mulheres assertivas como pessoas dif\u00edceis?<\/h2>\n\n\n\n<p>O r\u00f3tulo de dif\u00edcil \u00e9 frequentemente usado para deslegitimar mulheres que pararam de ser convenientes para o sistema social vigente. Quando elas param de sorrir para tudo e come\u00e7am a questionar imposi\u00e7\u00f5es, o mundo ao redor sente-se amea\u00e7ado pela perda do controle. Essa resist\u00eancia externa \u00e9 uma prova clara de que os <strong>limites impostos est\u00e3o realmente funcionando<\/strong>.<\/p>\n\n\n\n<p>Aceitar que voc\u00ea n\u00e3o precisa da aprova\u00e7\u00e3o de todos \u00e9 um marco psicol\u00f3gico fundamental para o envelhecimento saud\u00e1vel. Mulheres que alcan\u00e7am essa clareza mental tornam-se refer\u00eancias de for\u00e7a para as gera\u00e7\u00f5es mais jovens que ainda sofrem press\u00f5es. Ser considerada dif\u00edcil torna-se, na verdade, um <strong>elogio \u00e0 sua integridade e coragem<\/strong> de ser quem realmente \u00e9 hoje.<\/p>\n\n\n\n<figure class=\"wp-block-image size-full\"><img decoding=\"async\" width=\"1280\" height=\"720\" src=\"https:\/\/www.correiobraziliense.com.br\/cbradar\/wp-content\/uploads\/2026\/04\/Gemini_Generated_Image_wurwiewurwiewurw-1-1.png\" alt=\"Pessoas que mant\u00eam a pele com apar\u00eancia saud\u00e1vel por mais tempo geralmente evitam estas 6 escolhas de estilo de vida\" class=\"wp-image-231840\" srcset=\"https:\/\/www.correiobraziliense.com.br\/cbradar\/wp-content\/uploads\/2026\/04\/Gemini_Generated_Image_wurwiewurwiewurw-1-1.png 1280w, https:\/\/www.correiobraziliense.com.br\/cbradar\/wp-content\/uploads\/2026\/04\/Gemini_Generated_Image_wurwiewurwiewurw-1-1-300x169.png 300w, https:\/\/www.correiobraziliense.com.br\/cbradar\/wp-content\/uploads\/2026\/04\/Gemini_Generated_Image_wurwiewurwiewurw-1-1-768x432.png 768w, https:\/\/www.correiobraziliense.com.br\/cbradar\/wp-content\/uploads\/2026\/04\/Gemini_Generated_Image_wurwiewurwiewurw-1-1-750x422.png 750w, https:\/\/www.correiobraziliense.com.br\/cbradar\/wp-content\/uploads\/2026\/04\/Gemini_Generated_Image_wurwiewurwiewurw-1-1-1140x641.png 1140w\" sizes=\"(max-width: 1280px) 100vw, 1280px\" \/><figcaption class=\"wp-element-caption\">Mulheres maduras priorizam a si mesmas e deixam de agradar todos<\/figcaption><\/figure>\n\n\n\n<h2 class=\"wp-block-heading\">Quais s\u00e3o as bases cient\u00edficas para essa busca por autenticidade?<\/h2>\n\n\n\n<p>A ci\u00eancia do comportamento sugere que a maturidade traz uma maior regula\u00e7\u00e3o emocional e clareza sobre a finitude da vida. Esse senso de urg\u00eancia motiva as mulheres a descartarem comportamentos que n\u00e3o trazem mais significado para sua exist\u00eancia. Focar no essencial torna-se uma prioridade biol\u00f3gica para garantir um envelhecimento com <strong>muito mais qualidade e dignidade<\/strong>.<\/p>\n\n\n\n<p>Segundo orienta\u00e7\u00f5es de sa\u00fade emocional da <strong>American Psychological Association<\/strong> (<a href=\"https:\/\/www.apa.org\/topics\/aging-older-adults\" target=\"_blank\" rel=\"noreferrer noopener\">APA<\/a>), promover a resili\u00eancia e o autocuidado \u00e9 vital para manter a funcionalidade cognitiva na terceira idade. Integrar o n\u00e3o como ferramenta de prote\u00e7\u00e3o ajuda a reduzir os n\u00edveis de estresse sist\u00eamico. Priorizar sua paz interior \u00e9 uma <strong>estrat\u00e9gia cient\u00edfica de longevidade<\/strong> totalmente eficaz e necess\u00e1ria hoje.<\/p>\n","protected":false},"excerpt":{"rendered":"<p>Muitas mulheres, ao atingirem a maturidade, decidem interromper ciclos de complac\u00eancia que duraram d\u00e9cadas inteiras em suas vidas. Esse fen\u00f4meno psicol\u00f3gico representa o fim de uma vers\u00e3o moldada para agradar terceiros e o in\u00edcio de uma autenticidade necess\u00e1ria. Entender essa transi\u00e7\u00e3o ajuda a desmistificar a ideia de que elas est\u00e3o ficando dif\u00edceis. Por que o [&hellip;]<\/p>\n","protected":false},"author":21,"featured_media":231837,"comment_status":"open","ping_status":"open","sticky":false,"template":"","format":"standard","meta":{"jnews-multi-image_gallery":[],"jnews_single_post":{"format":"standard"},"jnews_primary_category":[],"jnews_social_meta":[],"jnews_override_counter":[],"footnotes":""},"categories":[112],"post_tag":[],"class_list":["post-231832","post","type-post","status-publish","format-standard","has-post-thumbnail","hentry","category-curiosidades"],"yoast_head":"<!-- This site is optimized with the Yoast SEO plugin v24.6 - https:\/\/yoast.com\/wordpress\/plugins\/seo\/ -->\n<title>Pessoas que mant\u00eam a pele com apar\u00eancia saud\u00e1vel por mais tempo geralmente evitam estas 6 escolhas de estilo de vida - Correio Braziliense - Radar<\/title>\n<meta name=\"description\" content=\"Mudan\u00e7as na maturidade feminina n\u00e3o s\u00e3o acaso. Um fator explica por que muitas mulheres deixam de agradar e passam a priorizar a si mesmas.\" \/>\n<meta name=\"robots\" content=\"index, follow, max-snippet:-1, max-image-preview:large, max-video-preview:-1\" \/>\n<link rel=\"canonical\" href=\"https:\/\/www.correiobraziliense.com.br\/cbradar\/pessoas-que-mantem-a-pele-com-aparencia-saudavel-por-mais-tempo-geralmente-evitam-estas-6-escolhas-de-estilo-de-vida\/\" \/>\n<meta property=\"og:locale\" content=\"pt_BR\" \/>\n<meta property=\"og:type\" content=\"article\" \/>\n<meta property=\"og:title\" content=\"Pessoas que mant\u00eam a pele com apar\u00eancia saud\u00e1vel por mais tempo geralmente evitam estas 6 escolhas de estilo de vida - Correio Braziliense - Radar\" \/>\n<meta property=\"og:description\" content=\"Mudan\u00e7as na maturidade feminina n\u00e3o s\u00e3o acaso. Um fator explica por que muitas mulheres deixam de agradar e passam a priorizar a si mesmas.\" \/>\n<meta property=\"og:url\" content=\"https:\/\/www.correiobraziliense.com.br\/cbradar\/pessoas-que-mantem-a-pele-com-aparencia-saudavel-por-mais-tempo-geralmente-evitam-estas-6-escolhas-de-estilo-de-vida\/\" \/>\n<meta property=\"og:site_name\" content=\"Correio Braziliense - Radar\" \/>\n<meta property=\"article:published_time\" content=\"2026-04-26T03:30:00+00:00\" \/>\n<meta property=\"og:image\" content=\"https:\/\/www.correiobraziliense.com.br\/cbradar\/wp-content\/uploads\/2026\/04\/Gemini_Generated_Image_o87t03o87t03o87t-1-1.png\" \/>\n\t<meta property=\"og:image:width\" content=\"1280\" \/>\n\t<meta property=\"og:image:height\" content=\"720\" \/>\n\t<meta property=\"og:image:type\" content=\"image\/png\" \/>\n<meta name=\"author\" content=\"Patrick Silva\" \/>\n<meta name=\"twitter:card\" content=\"summary_large_image\" \/>\n<meta name=\"twitter:label1\" content=\"Escrito por\" \/>\n\t<meta name=\"twitter:data1\" content=\"Patrick Silva\" \/>\n\t<meta name=\"twitter:label2\" content=\"Est. tempo de leitura\" \/>\n\t<meta name=\"twitter:data2\" content=\"5 minutos\" \/>\n<!-- \/ Yoast SEO plugin. -->","yoast_head_json":{"title":"Pessoas que mant\u00eam a pele com apar\u00eancia saud\u00e1vel por mais tempo geralmente evitam estas 6 escolhas de estilo de vida - Correio Braziliense - Radar","description":"Mudan\u00e7as na maturidade feminina n\u00e3o s\u00e3o acaso. Um fator explica por que muitas mulheres deixam de agradar e passam a priorizar a si mesmas.","robots":{"index":"index","follow":"follow","max-snippet":"max-snippet:-1","max-image-preview":"max-image-preview:large","max-video-preview":"max-video-preview:-1"},"canonical":"https:\/\/www.correiobraziliense.com.br\/cbradar\/pessoas-que-mantem-a-pele-com-aparencia-saudavel-por-mais-tempo-geralmente-evitam-estas-6-escolhas-de-estilo-de-vida\/","og_locale":"pt_BR","og_type":"article","og_title":"Pessoas que mant\u00eam a pele com apar\u00eancia saud\u00e1vel por mais tempo geralmente evitam estas 6 escolhas de estilo de vida - Correio Braziliense - Radar","og_description":"Mudan\u00e7as na maturidade feminina n\u00e3o s\u00e3o acaso. Um fator explica por que muitas mulheres deixam de agradar e passam a priorizar a si mesmas.","og_url":"https:\/\/www.correiobraziliense.com.br\/cbradar\/pessoas-que-mantem-a-pele-com-aparencia-saudavel-por-mais-tempo-geralmente-evitam-estas-6-escolhas-de-estilo-de-vida\/","og_site_name":"Correio Braziliense - Radar","article_published_time":"2026-04-26T03:30:00+00:00","og_image":[{"width":1280,"height":720,"url":"https:\/\/www.correiobraziliense.com.br\/cbradar\/wp-content\/uploads\/2026\/04\/Gemini_Generated_Image_o87t03o87t03o87t-1-1.png","type":"image\/png"}],"author":"Patrick Silva","twitter_card":"summary_large_image","twitter_misc":{"Escrito por":"Patrick Silva","Est. tempo de leitura":"5 minutos"},"schema":{"@context":"https:\/\/schema.org","@graph":[{"@type":"WebPage","@id":"https:\/\/www.correiobraziliense.com.br\/cbradar\/pessoas-que-mantem-a-pele-com-aparencia-saudavel-por-mais-tempo-geralmente-evitam-estas-6-escolhas-de-estilo-de-vida\/","url":"https:\/\/www.correiobraziliense.com.br\/cbradar\/pessoas-que-mantem-a-pele-com-aparencia-saudavel-por-mais-tempo-geralmente-evitam-estas-6-escolhas-de-estilo-de-vida\/","name":"Pessoas que mant\u00eam a pele com apar\u00eancia saud\u00e1vel por mais tempo geralmente evitam estas 6 escolhas de estilo de vida - Correio Braziliense - Radar","isPartOf":{"@id":"https:\/\/www.correiobraziliense.com.br\/cbradar\/#website"},"primaryImageOfPage":{"@id":"https:\/\/www.correiobraziliense.com.br\/cbradar\/pessoas-que-mantem-a-pele-com-aparencia-saudavel-por-mais-tempo-geralmente-evitam-estas-6-escolhas-de-estilo-de-vida\/#primaryimage"},"image":{"@id":"https:\/\/www.correiobraziliense.com.br\/cbradar\/pessoas-que-mantem-a-pele-com-aparencia-saudavel-por-mais-tempo-geralmente-evitam-estas-6-escolhas-de-estilo-de-vida\/#primaryimage"},"thumbnailUrl":"https:\/\/www.correiobraziliense.com.br\/cbradar\/wp-content\/uploads\/2026\/04\/Gemini_Generated_Image_o87t03o87t03o87t-1-1.png","datePublished":"2026-04-26T03:30:00+00:00","author":{"@id":"https:\/\/www.correiobraziliense.com.br\/cbradar\/#\/schema\/person\/5440b72be9c7eb74f446c846479dc4da"},"description":"Mudan\u00e7as na maturidade feminina n\u00e3o s\u00e3o acaso. Um fator explica por que muitas mulheres deixam de agradar e passam a priorizar a si mesmas.","breadcrumb":{"@id":"https:\/\/www.correiobraziliense.com.br\/cbradar\/pessoas-que-mantem-a-pele-com-aparencia-saudavel-por-mais-tempo-geralmente-evitam-estas-6-escolhas-de-estilo-de-vida\/#breadcrumb"},"inLanguage":"pt-BR","potentialAction":[{"@type":"ReadAction","target":["https:\/\/www.correiobraziliense.com.br\/cbradar\/pessoas-que-mantem-a-pele-com-aparencia-saudavel-por-mais-tempo-geralmente-evitam-estas-6-escolhas-de-estilo-de-vida\/"]}]},{"@type":"ImageObject","inLanguage":"pt-BR","@id":"https:\/\/www.correiobraziliense.com.br\/cbradar\/pessoas-que-mantem-a-pele-com-aparencia-saudavel-por-mais-tempo-geralmente-evitam-estas-6-escolhas-de-estilo-de-vida\/#primaryimage","url":"https:\/\/www.correiobraziliense.com.br\/cbradar\/wp-content\/uploads\/2026\/04\/Gemini_Generated_Image_o87t03o87t03o87t-1-1.png","contentUrl":"https:\/\/www.correiobraziliense.com.br\/cbradar\/wp-content\/uploads\/2026\/04\/Gemini_Generated_Image_o87t03o87t03o87t-1-1.png","width":1280,"height":720,"caption":"Mulheres maduras priorizam a si mesmas e deixam de agradar todos"},{"@type":"BreadcrumbList","@id":"https:\/\/www.correiobraziliense.com.br\/cbradar\/pessoas-que-mantem-a-pele-com-aparencia-saudavel-por-mais-tempo-geralmente-evitam-estas-6-escolhas-de-estilo-de-vida\/#breadcrumb","itemListElement":[{"@type":"ListItem","position":1,"name":"In\u00edcio","item":"https:\/\/www.correiobraziliense.com.br\/cbradar\/"},{"@type":"ListItem","position":2,"name":"Pessoas que mant\u00eam a pele com apar\u00eancia saud\u00e1vel por mais tempo geralmente evitam estas 6 escolhas de estilo de vida"}]},{"@type":"WebSite","@id":"https:\/\/www.correiobraziliense.com.br\/cbradar\/#website","url":"https:\/\/www.correiobraziliense.com.br\/cbradar\/","name":"Correio Braziliense - Radar","description":"Acompanhe as \u00faltimas not\u00edcias e fique bem informado sobre tudo o que acontece no Brasil e no mundo.","potentialAction":[{"@type":"SearchAction","target":{"@type":"EntryPoint","urlTemplate":"https:\/\/www.correiobraziliense.com.br\/cbradar\/?s={search_term_string}"},"query-input":{"@type":"PropertyValueSpecification","valueRequired":true,"valueName":"search_term_string"}}],"inLanguage":"pt-BR"},{"@type":"Person","@id":"https:\/\/www.correiobraziliense.com.br\/cbradar\/#\/schema\/person\/5440b72be9c7eb74f446c846479dc4da","name":"Patrick Silva","image":{"@type":"ImageObject","inLanguage":"pt-BR","@id":"https:\/\/www.correiobraziliense.com.br\/cbradar\/#\/schema\/person\/image\/","url":"https:\/\/secure.gravatar.com\/avatar\/944109df296fc087785c9715fd5f80b2?s=96&d=mm&r=g","contentUrl":"https:\/\/secure.gravatar.com\/avatar\/944109df296fc087785c9715fd5f80b2?s=96&d=mm&r=g","caption":"Patrick Silva"},"sameAs":["https:\/\/www.correiobraziliense.com.br\/cbradar\/"],"url":"https:\/\/www.correiobraziliense.com.br\/cbradar\/author\/patrick-silva\/"}]}},"_links":{"self":[{"href":"https:\/\/www.correiobraziliense.com.br\/cbradar\/wp-json\/wp\/v2\/posts\/231832","targetHints":{"allow":["GET"]}}],"collection":[{"href":"https:\/\/www.correiobraziliense.com.br\/cbradar\/wp-json\/wp\/v2\/posts"}],"about":[{"href":"https:\/\/www.correiobraziliense.com.br\/cbradar\/wp-json\/wp\/v2\/types\/post"}],"author":[{"embeddable":true,"href":"https:\/\/www.correiobraziliense.com.br\/cbradar\/wp-json\/wp\/v2\/users\/21"}],"replies":[{"embeddable":true,"href":"https:\/\/www.correiobraziliense.com.br\/cbradar\/wp-json\/wp\/v2\/comments?post=231832"}],"version-history":[{"count":4,"href":"https:\/\/www.correiobraziliense.com.br\/cbradar\/wp-json\/wp\/v2\/posts\/231832\/revisions"}],"predecessor-version":[{"id":231841,"href":"https:\/\/www.correiobraziliense.com.br\/cbradar\/wp-json\/wp\/v2\/posts\/231832\/revisions\/231841"}],"wp:featuredmedia":[{"embeddable":true,"href":"https:\/\/www.correiobraziliense.com.br\/cbradar\/wp-json\/wp\/v2\/media\/231837"}],"wp:attachment":[{"href":"https:\/\/www.correiobraziliense.com.br\/cbradar\/wp-json\/wp\/v2\/media?parent=231832"}],"wp:term":[{"taxonomy":"category","embeddable":true,"href":"https:\/\/www.correiobraziliense.com.br\/cbradar\/wp-json\/wp\/v2\/categories?post=231832"},{"taxonomy":"post_tag","embeddable":true,"href":"https:\/\/www.correiobraziliense.com.br\/cbradar\/wp-json\/wp\/v2\/post_tag?post=231832"}],"curies":[{"name":"wp","href":"https:\/\/api.w.org\/{rel}","templated":true}]}}