{"id":231842,"date":"2026-04-26T02:30:00","date_gmt":"2026-04-26T05:30:00","guid":{"rendered":"https:\/\/www.correiobraziliense.com.br\/cbradar\/?p=231842"},"modified":"2026-04-25T19:31:53","modified_gmt":"2026-04-25T22:31:53","slug":"o-que-carl-jung-quis-dizer-quando-afirmou-que-ate-voce-se-tornar-consciente-o-inconsciente-ira-dirigir-sua-vida-e-voce-vai-chama-lo-de-destino","status":"publish","type":"post","link":"https:\/\/www.correiobraziliense.com.br\/cbradar\/o-que-carl-jung-quis-dizer-quando-afirmou-que-ate-voce-se-tornar-consciente-o-inconsciente-ira-dirigir-sua-vida-e-voce-vai-chama-lo-de-destino\/","title":{"rendered":"O que Carl Jung quis dizer quando afirmou que \u201cAt\u00e9 voc\u00ea se tornar consciente, o inconsciente ir\u00e1 dirigir sua vida e voc\u00ea vai cham\u00e1-lo de destino\u201d"},"content":{"rendered":"\n<p>A famosa frase do psiquiatra <strong>Carl Jung<\/strong> revela como impulsos autom\u00e1ticos moldam nossas decis\u00f5es di\u00e1rias sem que percebamos claramente. Muitas pessoas acreditam que a sorte ou o azar governam seus caminhos, ignorando as sombras internas que ditam padr\u00f5es repetitivos. Compreender esse conceito profundo permite retomar o controle sobre a pr\u00f3pria exist\u00eancia humana.<\/p>\n\n\n\n<h2 class=\"wp-block-heading\">Por que repetimos erros e culpamos a sorte?<\/h2>\n\n\n\n<p>Para entender a l\u00f3gica junguiana, imagine que sua mente funciona como um navio com um motor invis\u00edvel operando abaixo do conv\u00e9s. Se voc\u00ea n\u00e3o conhece as engrenagens que movem o leme, o barco seguir\u00e1 rotas indesejadas constantemente. O indiv\u00edduo acaba escolhendo os mesmos tipos de relacionamentos t\u00f3xicos ou empregos frustrantes, sem notar que o problema reside internamente.<\/p>\n\n\n\n<p>A mente subconsciente armazena mem\u00f3rias e traumas que influenciam cada pequena escolha feita no presente de forma silenciosa. Quando essas for\u00e7as n\u00e3o s\u00e3o trazidas \u00e0 luz da consci\u00eancia, elas agem como um roteiro r\u00edgido e pr\u00e9-definido. \u00c9 nesse momento que a pessoa sente que sua vida est\u00e1 fora de controle, atribuindo as falhas constantes ao azar externo.<\/p>\n\n\n\n<figure class=\"wp-block-image size-full\"><img decoding=\"async\" width=\"1280\" height=\"720\" src=\"https:\/\/www.correiobraziliense.com.br\/cbradar\/wp-content\/uploads\/2026\/04\/Gemini_Generated_Image_r4nkxmr4nkxmr4nk-1-1.png\" alt=\"O que Carl Jung quis dizer quando afirmou que \u201cAt\u00e9 voc\u00ea se tornar consciente, o inconsciente ir\u00e1 dirigir sua vida e voc\u00ea vai cham\u00e1-lo de destino\u201d\" class=\"wp-image-231848\" srcset=\"https:\/\/www.correiobraziliense.com.br\/cbradar\/wp-content\/uploads\/2026\/04\/Gemini_Generated_Image_r4nkxmr4nkxmr4nk-1-1.png 1280w, https:\/\/www.correiobraziliense.com.br\/cbradar\/wp-content\/uploads\/2026\/04\/Gemini_Generated_Image_r4nkxmr4nkxmr4nk-1-1-300x169.png 300w, https:\/\/www.correiobraziliense.com.br\/cbradar\/wp-content\/uploads\/2026\/04\/Gemini_Generated_Image_r4nkxmr4nkxmr4nk-1-1-768x432.png 768w, https:\/\/www.correiobraziliense.com.br\/cbradar\/wp-content\/uploads\/2026\/04\/Gemini_Generated_Image_r4nkxmr4nkxmr4nk-1-1-750x422.png 750w, https:\/\/www.correiobraziliense.com.br\/cbradar\/wp-content\/uploads\/2026\/04\/Gemini_Generated_Image_r4nkxmr4nkxmr4nk-1-1-1140x641.png 1140w\" sizes=\"(max-width: 1280px) 100vw, 1280px\" \/><figcaption class=\"wp-element-caption\">O inconsciente pode controlar decis\u00f5es e repetir padr\u00f5es sem voc\u00ea perceber<\/figcaption><\/figure>\n\n\n\n<h2 class=\"wp-block-heading\">Como a sombra pessoal atua em nosso cotidiano?<\/h2>\n\n\n\n<p>O conceito de sombra envolve todas as caracter\u00edsticas que negamos em n\u00f3s mesmos por medo do julgamento social intenso. Ao reprimir desejos ou defeitos, criamos uma press\u00e3o interna que acaba transbordando em comportamentos impulsivos e prejudiciais. Aceitar essas partes ocultas \u00e9 o \u00fanico caminho para evitar que elas dominem suas a\u00e7\u00f5es de maneira desgovernada e muitas vezes destrutiva.<\/p>\n\n\n\n<p>Integrar a sombra permite que o indiv\u00edduo deixe de projetar seus pr\u00f3prios medos e inseguran\u00e7as nas outras pessoas pr\u00f3ximas. Quando voc\u00ea reconhece que certa irrita\u00e7\u00e3o com o outro \u00e9 apenas um reflexo interno, o <strong>processo de individua\u00e7\u00e3o<\/strong> come\u00e7a. Esse amadurecimento psicol\u00f3gico \u00e9 vital para que a vontade consciente prevale\u00e7a sobre os impulsos primitivos que outrora pareciam ser invenc\u00edveis.<\/p>\n\n\n\n<p>Leia tamb\u00e9m: <a href=\"https:\/\/www.correiobraziliense.com.br\/cbradar\/a-citacao-de-hoje-e-de-carl-jung-aquilo-a-que-voce-resiste-persiste\/\" target=\"_blank\" rel=\"noreferrer noopener\">A cita\u00e7\u00e3o de hoje \u00e9 de Carl Jung: \u201cAquilo a que voc\u00ea resiste, persiste.\u201d<\/a><\/p>\n\n\n\n<h2 class=\"wp-block-heading\">Quais s\u00e3o as consequ\u00eancias de viver no piloto autom\u00e1tico?<\/h2>\n\n\n\n<p>escuro,Viver sem autoconhecimento \u00e9 como caminhar em um labirinto escuro acreditando que as paredes se movem sozinhas. A pessoa perde a capacidade de planejar o futuro, reagindo apenas aos est\u00edmulos externos com as velhas ferramentas do passado. Esse estado de aliena\u00e7\u00e3o mental impede o crescimento real e mant\u00e9m o sujeito preso em um ciclo vicioso de infelicidade constante.<\/p>\n\n\n\n<p>Para identificar se voc\u00ea est\u00e1 sendo guiado por for\u00e7as invis\u00edveis e come\u00e7ar a retomar as r\u00e9deas da sua jornada pessoal:<\/p>\n\n\n\n<ul class=\"wp-block-list\">\n<li>Dificuldade cr\u00f4nica em mudar h\u00e1bitos prejudiciais.<\/li>\n\n\n\n<li>Repeti\u00e7\u00e3o de padr\u00f5es amorosos emocionalmente desgastantes.<\/li>\n\n\n\n<li>Sentimento constante de que a vida acontece com voc\u00ea.<\/li>\n\n\n\n<li>Rea\u00e7\u00f5es emocionais desproporcionais a pequenos imprevistos.<\/li>\n\n\n\n<li>Sensa\u00e7\u00e3o de vazio mesmo ap\u00f3s atingir metas externas.<\/li>\n<\/ul>\n\n\n\n<h2 class=\"wp-block-heading\">De que forma o autoconhecimento transforma o destino em escolha?<\/h2>\n\n\n\n<p>O despertar da consci\u00eancia ocorre quando paramos de buscar culpados fora e olhamos para as motiva\u00e7\u00f5es que guiam nossos atos. Ao entender por que reagimos de certa forma, ganhamos o poder de escolher uma nova resposta mais alinhada com nossos valores. O destino deixa de ser uma maldi\u00e7\u00e3o heredit\u00e1ria e torna-se um campo aberto de possibilidades reais.<\/p>\n\n\n\n<p>Trazer o inconsciente para a luz exige um esfor\u00e7o honesto de autoan\u00e1lise e reflex\u00e3o sobre nossas rea\u00e7\u00f5es mais viscerais. Esse trabalho permite que a pessoa pare de ser ref\u00e9m de traumas passados ou medos irracionais herdados da inf\u00e2ncia. A verdadeira liberdade nasce da coragem de enfrentar o pr\u00f3prio interior para construir um caminho baseado na <strong>autonomia consciente<\/strong>.<\/p>\n\n\n\n<figure class=\"wp-block-image size-full\"><img decoding=\"async\" width=\"1280\" height=\"720\" src=\"https:\/\/www.correiobraziliense.com.br\/cbradar\/wp-content\/uploads\/2026\/04\/Gemini_Generated_Image_lktornlktornlkto-1-1-1.png\" alt=\"O que Carl Jung quis dizer quando afirmou que \u201cAt\u00e9 voc\u00ea se tornar consciente, o inconsciente ir\u00e1 dirigir sua vida e voc\u00ea vai cham\u00e1-lo de destino\u201d\" class=\"wp-image-231851\" srcset=\"https:\/\/www.correiobraziliense.com.br\/cbradar\/wp-content\/uploads\/2026\/04\/Gemini_Generated_Image_lktornlktornlkto-1-1-1.png 1280w, https:\/\/www.correiobraziliense.com.br\/cbradar\/wp-content\/uploads\/2026\/04\/Gemini_Generated_Image_lktornlktornlkto-1-1-1-300x169.png 300w, https:\/\/www.correiobraziliense.com.br\/cbradar\/wp-content\/uploads\/2026\/04\/Gemini_Generated_Image_lktornlktornlkto-1-1-1-768x432.png 768w, https:\/\/www.correiobraziliense.com.br\/cbradar\/wp-content\/uploads\/2026\/04\/Gemini_Generated_Image_lktornlktornlkto-1-1-1-750x422.png 750w, https:\/\/www.correiobraziliense.com.br\/cbradar\/wp-content\/uploads\/2026\/04\/Gemini_Generated_Image_lktornlktornlkto-1-1-1-1140x641.png 1140w\" sizes=\"(max-width: 1280px) 100vw, 1280px\" \/><figcaption class=\"wp-element-caption\">O inconsciente pode controlar decis\u00f5es e repetir padr\u00f5es sem voc\u00ea perceber<\/figcaption><\/figure>\n\n\n\n<h2 class=\"wp-block-heading\">Como a psicologia anal\u00edtica explica a busca pela plenitude?<\/h2>\n\n\n\n<p>O objetivo final de integrar o inconsciente \u00e9 alcan\u00e7ar um estado de equil\u00edbrio interno onde raz\u00e3o e emo\u00e7\u00e3o caminham juntas. Esse processo exige que o sujeito aceite tanto sua luz quanto suas partes mais sombrias de forma acolhedora. Ao fazer isso, a vida deixa de ser um combate contra for\u00e7as invis\u00edveis e torna-se uma jornada de <strong>autorrealiza\u00e7\u00e3o<\/strong>.<\/p>\n\n\n\n<p>Compreender esses mecanismos ajuda a mitigar o sofrimento causado pela sensa\u00e7\u00e3o de impot\u00eancia diante dos eventos que surgem na rotina. De acordo com informa\u00e7\u00f5es da prestigiada <strong><a href=\"https:\/\/iaap.org\" target=\"_blank\" rel=\"noreferrer noopener\">International Association for Analytical Psychology<\/a><\/strong>, o foco est\u00e1 na compreens\u00e3o do significado simb\u00f3lico de cada experi\u00eancia. Ao mapear o interior, voc\u00ea deixa de ser uma v\u00edtima das circunst\u00e2ncias externas e sociais.<\/p>\n","protected":false},"excerpt":{"rendered":"<p>A famosa frase do psiquiatra Carl Jung revela como impulsos autom\u00e1ticos moldam nossas decis\u00f5es di\u00e1rias sem que percebamos claramente. Muitas pessoas acreditam que a sorte ou o azar governam seus caminhos, ignorando as sombras internas que ditam padr\u00f5es repetitivos. Compreender esse conceito profundo permite retomar o controle sobre a pr\u00f3pria exist\u00eancia humana. Por que repetimos [&hellip;]<\/p>\n","protected":false},"author":21,"featured_media":231845,"comment_status":"open","ping_status":"open","sticky":false,"template":"","format":"standard","meta":{"_yoast_wpseo_focuskw":"inconsciente molda decis\u00f5es e padr\u00f5es","_yoast_wpseo_title":"","_yoast_wpseo_metadesc":"A frase de Carl Jung revela por que repetimos erros. Um fator explica como o inconsciente controla decis\u00f5es sem perceber.","jnews-multi-image_gallery":[],"jnews_single_post":{"format":"standard"},"jnews_primary_category":[],"jnews_social_meta":[],"jnews_override_counter":[],"footnotes":""},"categories":[112],"post_tag":[],"class_list":["post-231842","post","type-post","status-publish","format-standard","has-post-thumbnail","hentry","category-curiosidades"],"yoast_head":"<!-- This site is optimized with the Yoast SEO plugin v24.6 - https:\/\/yoast.com\/wordpress\/plugins\/seo\/ -->\n<title>O que Carl Jung quis dizer quando afirmou que \u201cAt\u00e9 voc\u00ea se tornar consciente, o inconsciente ir\u00e1 dirigir sua vida e voc\u00ea vai cham\u00e1-lo de destino\u201d - Correio Braziliense - Radar<\/title>\n<meta name=\"description\" content=\"A frase de Carl Jung revela por que repetimos erros. Um fator explica como o inconsciente controla decis\u00f5es sem perceber.\" \/>\n<meta name=\"robots\" content=\"index, follow, max-snippet:-1, max-image-preview:large, max-video-preview:-1\" \/>\n<link rel=\"canonical\" href=\"https:\/\/www.correiobraziliense.com.br\/cbradar\/o-que-carl-jung-quis-dizer-quando-afirmou-que-ate-voce-se-tornar-consciente-o-inconsciente-ira-dirigir-sua-vida-e-voce-vai-chama-lo-de-destino\/\" \/>\n<meta property=\"og:locale\" content=\"pt_BR\" \/>\n<meta property=\"og:type\" content=\"article\" \/>\n<meta property=\"og:title\" content=\"O que Carl Jung quis dizer quando afirmou que \u201cAt\u00e9 voc\u00ea se tornar consciente, o inconsciente ir\u00e1 dirigir sua vida e voc\u00ea vai cham\u00e1-lo de destino\u201d - Correio Braziliense - Radar\" \/>\n<meta property=\"og:description\" content=\"A frase de Carl Jung revela por que repetimos erros. Um fator explica como o inconsciente controla decis\u00f5es sem perceber.\" \/>\n<meta property=\"og:url\" content=\"https:\/\/www.correiobraziliense.com.br\/cbradar\/o-que-carl-jung-quis-dizer-quando-afirmou-que-ate-voce-se-tornar-consciente-o-inconsciente-ira-dirigir-sua-vida-e-voce-vai-chama-lo-de-destino\/\" \/>\n<meta property=\"og:site_name\" content=\"Correio Braziliense - Radar\" \/>\n<meta property=\"article:published_time\" content=\"2026-04-26T05:30:00+00:00\" \/>\n<meta property=\"og:image\" content=\"https:\/\/www.correiobraziliense.com.br\/cbradar\/wp-content\/uploads\/2026\/04\/Gemini_Generated_Image_yvjzugyvjzugyvjz-1-1-1.png\" \/>\n\t<meta property=\"og:image:width\" content=\"1280\" \/>\n\t<meta property=\"og:image:height\" content=\"720\" \/>\n\t<meta property=\"og:image:type\" content=\"image\/png\" \/>\n<meta name=\"author\" content=\"Patrick Silva\" \/>\n<meta name=\"twitter:card\" content=\"summary_large_image\" \/>\n<meta name=\"twitter:label1\" content=\"Escrito por\" \/>\n\t<meta name=\"twitter:data1\" content=\"Patrick Silva\" \/>\n\t<meta name=\"twitter:label2\" content=\"Est. tempo de leitura\" \/>\n\t<meta name=\"twitter:data2\" content=\"5 minutos\" \/>\n<!-- \/ Yoast SEO plugin. -->","yoast_head_json":{"title":"O que Carl Jung quis dizer quando afirmou que \u201cAt\u00e9 voc\u00ea se tornar consciente, o inconsciente ir\u00e1 dirigir sua vida e voc\u00ea vai cham\u00e1-lo de destino\u201d - Correio Braziliense - Radar","description":"A frase de Carl Jung revela por que repetimos erros. Um fator explica como o inconsciente controla decis\u00f5es sem perceber.","robots":{"index":"index","follow":"follow","max-snippet":"max-snippet:-1","max-image-preview":"max-image-preview:large","max-video-preview":"max-video-preview:-1"},"canonical":"https:\/\/www.correiobraziliense.com.br\/cbradar\/o-que-carl-jung-quis-dizer-quando-afirmou-que-ate-voce-se-tornar-consciente-o-inconsciente-ira-dirigir-sua-vida-e-voce-vai-chama-lo-de-destino\/","og_locale":"pt_BR","og_type":"article","og_title":"O que Carl Jung quis dizer quando afirmou que \u201cAt\u00e9 voc\u00ea se tornar consciente, o inconsciente ir\u00e1 dirigir sua vida e voc\u00ea vai cham\u00e1-lo de destino\u201d - Correio Braziliense - Radar","og_description":"A frase de Carl Jung revela por que repetimos erros. Um fator explica como o inconsciente controla decis\u00f5es sem perceber.","og_url":"https:\/\/www.correiobraziliense.com.br\/cbradar\/o-que-carl-jung-quis-dizer-quando-afirmou-que-ate-voce-se-tornar-consciente-o-inconsciente-ira-dirigir-sua-vida-e-voce-vai-chama-lo-de-destino\/","og_site_name":"Correio Braziliense - Radar","article_published_time":"2026-04-26T05:30:00+00:00","og_image":[{"width":1280,"height":720,"url":"https:\/\/www.correiobraziliense.com.br\/cbradar\/wp-content\/uploads\/2026\/04\/Gemini_Generated_Image_yvjzugyvjzugyvjz-1-1-1.png","type":"image\/png"}],"author":"Patrick Silva","twitter_card":"summary_large_image","twitter_misc":{"Escrito por":"Patrick Silva","Est. tempo de leitura":"5 minutos"},"schema":{"@context":"https:\/\/schema.org","@graph":[{"@type":"WebPage","@id":"https:\/\/www.correiobraziliense.com.br\/cbradar\/o-que-carl-jung-quis-dizer-quando-afirmou-que-ate-voce-se-tornar-consciente-o-inconsciente-ira-dirigir-sua-vida-e-voce-vai-chama-lo-de-destino\/","url":"https:\/\/www.correiobraziliense.com.br\/cbradar\/o-que-carl-jung-quis-dizer-quando-afirmou-que-ate-voce-se-tornar-consciente-o-inconsciente-ira-dirigir-sua-vida-e-voce-vai-chama-lo-de-destino\/","name":"O que Carl Jung quis dizer quando afirmou que \u201cAt\u00e9 voc\u00ea se tornar consciente, o inconsciente ir\u00e1 dirigir sua vida e voc\u00ea vai cham\u00e1-lo de destino\u201d - Correio Braziliense - Radar","isPartOf":{"@id":"https:\/\/www.correiobraziliense.com.br\/cbradar\/#website"},"primaryImageOfPage":{"@id":"https:\/\/www.correiobraziliense.com.br\/cbradar\/o-que-carl-jung-quis-dizer-quando-afirmou-que-ate-voce-se-tornar-consciente-o-inconsciente-ira-dirigir-sua-vida-e-voce-vai-chama-lo-de-destino\/#primaryimage"},"image":{"@id":"https:\/\/www.correiobraziliense.com.br\/cbradar\/o-que-carl-jung-quis-dizer-quando-afirmou-que-ate-voce-se-tornar-consciente-o-inconsciente-ira-dirigir-sua-vida-e-voce-vai-chama-lo-de-destino\/#primaryimage"},"thumbnailUrl":"https:\/\/www.correiobraziliense.com.br\/cbradar\/wp-content\/uploads\/2026\/04\/Gemini_Generated_Image_yvjzugyvjzugyvjz-1-1-1.png","datePublished":"2026-04-26T05:30:00+00:00","author":{"@id":"https:\/\/www.correiobraziliense.com.br\/cbradar\/#\/schema\/person\/5440b72be9c7eb74f446c846479dc4da"},"description":"A frase de Carl Jung revela por que repetimos erros. Um fator explica como o inconsciente controla decis\u00f5es sem perceber.","breadcrumb":{"@id":"https:\/\/www.correiobraziliense.com.br\/cbradar\/o-que-carl-jung-quis-dizer-quando-afirmou-que-ate-voce-se-tornar-consciente-o-inconsciente-ira-dirigir-sua-vida-e-voce-vai-chama-lo-de-destino\/#breadcrumb"},"inLanguage":"pt-BR","potentialAction":[{"@type":"ReadAction","target":["https:\/\/www.correiobraziliense.com.br\/cbradar\/o-que-carl-jung-quis-dizer-quando-afirmou-que-ate-voce-se-tornar-consciente-o-inconsciente-ira-dirigir-sua-vida-e-voce-vai-chama-lo-de-destino\/"]}]},{"@type":"ImageObject","inLanguage":"pt-BR","@id":"https:\/\/www.correiobraziliense.com.br\/cbradar\/o-que-carl-jung-quis-dizer-quando-afirmou-que-ate-voce-se-tornar-consciente-o-inconsciente-ira-dirigir-sua-vida-e-voce-vai-chama-lo-de-destino\/#primaryimage","url":"https:\/\/www.correiobraziliense.com.br\/cbradar\/wp-content\/uploads\/2026\/04\/Gemini_Generated_Image_yvjzugyvjzugyvjz-1-1-1.png","contentUrl":"https:\/\/www.correiobraziliense.com.br\/cbradar\/wp-content\/uploads\/2026\/04\/Gemini_Generated_Image_yvjzugyvjzugyvjz-1-1-1.png","width":1280,"height":720,"caption":"O inconsciente pode controlar decis\u00f5es e repetir padr\u00f5es sem voc\u00ea perceber"},{"@type":"BreadcrumbList","@id":"https:\/\/www.correiobraziliense.com.br\/cbradar\/o-que-carl-jung-quis-dizer-quando-afirmou-que-ate-voce-se-tornar-consciente-o-inconsciente-ira-dirigir-sua-vida-e-voce-vai-chama-lo-de-destino\/#breadcrumb","itemListElement":[{"@type":"ListItem","position":1,"name":"In\u00edcio","item":"https:\/\/www.correiobraziliense.com.br\/cbradar\/"},{"@type":"ListItem","position":2,"name":"O que Carl Jung quis dizer quando afirmou que \u201cAt\u00e9 voc\u00ea se tornar consciente, o inconsciente ir\u00e1 dirigir sua vida e voc\u00ea vai cham\u00e1-lo de destino\u201d"}]},{"@type":"WebSite","@id":"https:\/\/www.correiobraziliense.com.br\/cbradar\/#website","url":"https:\/\/www.correiobraziliense.com.br\/cbradar\/","name":"Correio Braziliense - Radar","description":"Acompanhe as \u00faltimas not\u00edcias e fique bem informado sobre tudo o que acontece no Brasil e no mundo.","potentialAction":[{"@type":"SearchAction","target":{"@type":"EntryPoint","urlTemplate":"https:\/\/www.correiobraziliense.com.br\/cbradar\/?s={search_term_string}"},"query-input":{"@type":"PropertyValueSpecification","valueRequired":true,"valueName":"search_term_string"}}],"inLanguage":"pt-BR"},{"@type":"Person","@id":"https:\/\/www.correiobraziliense.com.br\/cbradar\/#\/schema\/person\/5440b72be9c7eb74f446c846479dc4da","name":"Patrick Silva","image":{"@type":"ImageObject","inLanguage":"pt-BR","@id":"https:\/\/www.correiobraziliense.com.br\/cbradar\/#\/schema\/person\/image\/","url":"https:\/\/secure.gravatar.com\/avatar\/944109df296fc087785c9715fd5f80b2?s=96&d=mm&r=g","contentUrl":"https:\/\/secure.gravatar.com\/avatar\/944109df296fc087785c9715fd5f80b2?s=96&d=mm&r=g","caption":"Patrick Silva"},"sameAs":["https:\/\/www.correiobraziliense.com.br\/cbradar\/"],"url":"https:\/\/www.correiobraziliense.com.br\/cbradar\/author\/patrick-silva\/"}]}},"_links":{"self":[{"href":"https:\/\/www.correiobraziliense.com.br\/cbradar\/wp-json\/wp\/v2\/posts\/231842","targetHints":{"allow":["GET"]}}],"collection":[{"href":"https:\/\/www.correiobraziliense.com.br\/cbradar\/wp-json\/wp\/v2\/posts"}],"about":[{"href":"https:\/\/www.correiobraziliense.com.br\/cbradar\/wp-json\/wp\/v2\/types\/post"}],"author":[{"embeddable":true,"href":"https:\/\/www.correiobraziliense.com.br\/cbradar\/wp-json\/wp\/v2\/users\/21"}],"replies":[{"embeddable":true,"href":"https:\/\/www.correiobraziliense.com.br\/cbradar\/wp-json\/wp\/v2\/comments?post=231842"}],"version-history":[{"count":4,"href":"https:\/\/www.correiobraziliense.com.br\/cbradar\/wp-json\/wp\/v2\/posts\/231842\/revisions"}],"predecessor-version":[{"id":231854,"href":"https:\/\/www.correiobraziliense.com.br\/cbradar\/wp-json\/wp\/v2\/posts\/231842\/revisions\/231854"}],"wp:featuredmedia":[{"embeddable":true,"href":"https:\/\/www.correiobraziliense.com.br\/cbradar\/wp-json\/wp\/v2\/media\/231845"}],"wp:attachment":[{"href":"https:\/\/www.correiobraziliense.com.br\/cbradar\/wp-json\/wp\/v2\/media?parent=231842"}],"wp:term":[{"taxonomy":"category","embeddable":true,"href":"https:\/\/www.correiobraziliense.com.br\/cbradar\/wp-json\/wp\/v2\/categories?post=231842"},{"taxonomy":"post_tag","embeddable":true,"href":"https:\/\/www.correiobraziliense.com.br\/cbradar\/wp-json\/wp\/v2\/post_tag?post=231842"}],"curies":[{"name":"wp","href":"https:\/\/api.w.org\/{rel}","templated":true}]}}