{"id":231852,"date":"2026-04-27T11:25:00","date_gmt":"2026-04-27T14:25:00","guid":{"rendered":"https:\/\/www.correiobraziliense.com.br\/cbradar\/?p=231852"},"modified":"2026-04-25T10:15:52","modified_gmt":"2026-04-25T13:15:52","slug":"os-movimentos-que-voce-deve-fazer-todos-os-dias-para-reduzir-a-rigidez-no-quadril-e-na-lombar","status":"publish","type":"post","link":"https:\/\/www.correiobraziliense.com.br\/cbradar\/os-movimentos-que-voce-deve-fazer-todos-os-dias-para-reduzir-a-rigidez-no-quadril-e-na-lombar\/","title":{"rendered":"Os movimentos que voc\u00ea deve fazer todos os dias para reduzir a rigidez no quadril e na lombar"},"content":{"rendered":"\n<p>A rigidez no quadril e na lombar \u00e9 um problema comum em pessoas que permanecem muito tempo sentadas ou com pouca movimenta\u00e7\u00e3o di\u00e1ria. Pequenos exerc\u00edcios feitos de forma consistente ajudam a restaurar a mobilidade, reduzir desconfortos e melhorar a postura. A pr\u00e1tica regular tamb\u00e9m contribui para mais estabilidade corporal e desempenho funcional nas atividades do cotidiano.<\/p>\n\n\n\n<h2 class=\"wp-block-heading\">Quais movimentos reduzem rigidez no quadril e na lombar?<\/h2>\n\n\n\n<p>Movimentos leves e repetitivos ajudam a liberar tens\u00f5es acumuladas na regi\u00e3o do quadril e da lombar. Exerc\u00edcios como rota\u00e7\u00f5es p\u00e9lvicas e flex\u00f5es controladas estimulam a <a href=\"https:\/\/columna.com\/en\/relationship-between-lower-back-pain-and-hip-pain\/\" target=\"_blank\" rel=\"noreferrer noopener\">mobilidade articular<\/a> e reduzem a sensa\u00e7\u00e3o de travamento. A pr\u00e1tica constante favorece maior fluidez dos movimentos e melhora a capacidade do corpo de se adaptar \u00e0s demandas di\u00e1rias com mais conforto.<\/p>\n\n\n\n<p>Com a repeti\u00e7\u00e3o desses movimentos, ocorre uma melhora gradual na elasticidade muscular e na coordena\u00e7\u00e3o da regi\u00e3o central do corpo. Isso reduz sobrecargas na lombar e facilita tarefas simples como caminhar, levantar ou permanecer sentado por longos per\u00edodos sem desconforto significativo ao longo da <a href=\"https:\/\/www.correiobraziliense.com.br\/cbradar\/sua-rotina-ensina-mais-sobre-quem-voce-e-do-que-qualquer-conselho-que-voce-ja-recebeu\/\" target=\"_blank\" rel=\"noreferrer noopener\">rotina <\/a>di\u00e1ria de forma progressiva cont\u00ednua.<\/p>\n\n\n\n<figure class=\"wp-block-image size-full\"><img decoding=\"async\" width=\"1280\" height=\"720\" src=\"https:\/\/www.correiobraziliense.com.br\/cbradar\/wp-content\/uploads\/2026\/04\/download-2026-04-25T101412.141-1.png\" alt=\"\" class=\"wp-image-231863\" srcset=\"https:\/\/www.correiobraziliense.com.br\/cbradar\/wp-content\/uploads\/2026\/04\/download-2026-04-25T101412.141-1.png 1280w, https:\/\/www.correiobraziliense.com.br\/cbradar\/wp-content\/uploads\/2026\/04\/download-2026-04-25T101412.141-1-300x169.png 300w, https:\/\/www.correiobraziliense.com.br\/cbradar\/wp-content\/uploads\/2026\/04\/download-2026-04-25T101412.141-1-768x432.png 768w, https:\/\/www.correiobraziliense.com.br\/cbradar\/wp-content\/uploads\/2026\/04\/download-2026-04-25T101412.141-1-750x422.png 750w, https:\/\/www.correiobraziliense.com.br\/cbradar\/wp-content\/uploads\/2026\/04\/download-2026-04-25T101412.141-1-1140x641.png 1140w\" sizes=\"(max-width: 1280px) 100vw, 1280px\" \/><figcaption class=\"wp-element-caption\">Os melhores exerc\u00edcios para soltar a lombar travada<\/figcaption><\/figure>\n\n\n\n<h2 class=\"wp-block-heading\">Como alongamentos di\u00e1rios melhoram a mobilidade da regi\u00e3o lombar?<\/h2>\n\n\n\n<p>Alongamentos di\u00e1rios atuam diretamente na libera\u00e7\u00e3o de tens\u00f5es acumuladas na lombar, promovendo maior amplitude de movimento. Exerc\u00edcios como inclina\u00e7\u00e3o do tronco e extens\u00e3o suave ajudam a reduzir rigidez e aumentar a flexibilidade muscular. A pr\u00e1tica constante favorece uma postura mais equilibrada e diminui desconfortos relacionados \u00e0 imobilidade prolongada durante o dia.<\/p>\n\n\n\n<p>Com o tempo, os alongamentos tamb\u00e9m melhoram a circula\u00e7\u00e3o na regi\u00e3o lombar, contribuindo para uma recupera\u00e7\u00e3o mais eficiente dos tecidos musculares. Isso permite maior resist\u00eancia f\u00edsica e reduz a sensa\u00e7\u00e3o de fadiga em atividades simples do cotidiano realizadas com frequ\u00eancia constante e leve.<\/p>\n\n\n\n<h2 class=\"wp-block-heading\">Quais exerc\u00edcios devem ser feitos todos os dias para ativar o quadril?<\/h2>\n\n\n\n<p>Exerc\u00edcios di\u00e1rios de ativa\u00e7\u00e3o do quadril ajudam a manter a regi\u00e3o funcional e livre de rigidez. Movimentos como eleva\u00e7\u00e3o de pernas e rota\u00e7\u00f5es articulares estimulam m\u00fasculos profundos respons\u00e1veis pela estabilidade corporal. Esses exerc\u00edcios s\u00e3o simples, mas eficazes para melhorar a mobilidade e reduzir desconfortos associados \u00e0 inatividade prolongada.<\/p>\n\n\n\n<p>A execu\u00e7\u00e3o regular desses movimentos cria uma base s\u00f3lida de mobilidade que impacta diretamente a lombar e a postura geral. Para facilitar a aplica\u00e7\u00e3o pr\u00e1tica, alguns exerc\u00edcios podem ser incorporados \u00e0 rotina di\u00e1ria de forma simples e cont\u00ednua:<\/p>\n\n\n\n<ul class=\"wp-block-list\">\n<li>rota\u00e7\u00e3o de quadril em p\u00e9<\/li>\n\n\n\n<li>eleva\u00e7\u00e3o alternada de joelhos<\/li>\n\n\n\n<li>abertura lateral de pernas<\/li>\n\n\n\n<li>ponte de gl\u00fateos<\/li>\n<\/ul>\n\n\n\n<h2 class=\"wp-block-heading\">Como fortalecer a lombar ajuda a evitar rigidez e desconforto?<\/h2>\n\n\n\n<p>O fortalecimento da lombar contribui para maior estabilidade da coluna e reduz a sobrecarga em movimentos cotidianos. Exerc\u00edcios como extens\u00f5es leves e ativa\u00e7\u00e3o do core ajudam a sustentar melhor o tronco. Isso diminui o risco de rigidez e melhora a resist\u00eancia da regi\u00e3o em atividades que exigem esfor\u00e7o f\u00edsico moderado.<\/p>\n\n\n\n<p>Com a pr\u00e1tica cont\u00ednua, a musculatura lombar se torna mais eficiente na absor\u00e7\u00e3o de impacto e na manuten\u00e7\u00e3o da postura. Esse processo reduz desconfortos recorrentes e melhora a qualidade dos movimentos realizados ao longo do dia com mais seguran\u00e7a e equil\u00edbrio corporal constante.<\/p>\n\n\n\n<p>Este v\u00eddeo do canal<strong> Dr. Rodrigo Lopes &#8211; Fisioterapeuta<\/strong>, que j\u00e1 re\u00fane 1,21 milh\u00e3o de inscritos, foi selecionado especialmente para voc\u00ea que quer aliviar a dor lombar e fortalecer a coluna de forma segura. Os exerc\u00edcios s\u00e3o explicados de maneira pr\u00e1tica e ajudam a melhorar a postura e o bem-estar no dia a dia.<\/p>\n\n\n\n<figure class=\"wp-block-embed is-type-video is-provider-youtube wp-block-embed-youtube wp-embed-aspect-16-9 wp-has-aspect-ratio\"><div class=\"wp-block-embed__wrapper\">\n<div class=\"jeg_video_container jeg_video_content\"><iframe loading=\"lazy\" title=\"Adeus dor lombar - Exerc\u00edcios de fortalecimento da coluna lombar - Rodrigo lopes fisioterapeuta\" width=\"500\" height=\"281\" src=\"https:\/\/www.youtube.com\/embed\/7dEoi3p9p98?feature=oembed\" frameborder=\"0\" allow=\"accelerometer; autoplay; clipboard-write; encrypted-media; gyroscope; picture-in-picture; web-share\" referrerpolicy=\"strict-origin-when-cross-origin\" allowfullscreen><\/iframe><\/div>\n<\/div><\/figure>\n\n\n\n<h2 class=\"wp-block-heading\">Qual rotina di\u00e1ria ajuda a manter quadril e lombar soltos?<\/h2>\n\n\n\n<p>Uma rotina di\u00e1ria eficiente combina alongamentos, mobilidade e exerc\u00edcios de fortalecimento leve. A altern\u00e2ncia entre esses est\u00edmulos mant\u00e9m o quadril e a lombar ativos e menos suscet\u00edveis \u00e0 rigidez. A regularidade \u00e9 mais importante do que a intensidade, garantindo adapta\u00e7\u00e3o gradual do corpo sem sobrecarga desnecess\u00e1ria ao longo do tempo.<\/p>\n\n\n\n<p>A consist\u00eancia dessa rotina favorece melhorias cont\u00ednuas na postura, na flexibilidade e na capacidade funcional do corpo. Com o tempo, os movimentos se tornam mais naturais e menos limitados, permitindo maior liberdade nas atividades di\u00e1rias com sensa\u00e7\u00e3o constante de leveza corporal e estabilidade f\u00edsica.<\/p>\n","protected":false},"excerpt":{"rendered":"<p>Exerc\u00edcios para quadril e lombar podem transformar sua rotina e eliminar travamentos. Saiba como aplicar de forma simples<\/p>\n","protected":false},"author":23,"featured_media":231862,"comment_status":"open","ping_status":"open","sticky":false,"template":"","format":"standard","meta":{"_yoast_wpseo_focuskw":"Rigidez no quadril","_yoast_wpseo_title":"","_yoast_wpseo_metadesc":"Exerc\u00edcios para quadril e lombar podem transformar sua rotina e eliminar travamentos. Saiba como aplicar de forma simples","jnews-multi-image_gallery":[],"jnews_single_post":{"format":"standard"},"jnews_primary_category":[],"jnews_social_meta":[],"jnews_override_counter":[],"footnotes":""},"categories":[112],"post_tag":[],"class_list":["post-231852","post","type-post","status-publish","format-standard","has-post-thumbnail","hentry","category-curiosidades"],"yoast_head":"<!-- This site is optimized with the Yoast SEO plugin v24.6 - https:\/\/yoast.com\/wordpress\/plugins\/seo\/ -->\n<title>Os movimentos que voc\u00ea deve fazer todos os dias para reduzir a rigidez no quadril e na lombar - Correio Braziliense - Radar<\/title>\n<meta name=\"description\" content=\"Exerc\u00edcios para quadril e lombar podem transformar sua rotina e eliminar travamentos. Saiba como aplicar de forma simples\" \/>\n<meta name=\"robots\" content=\"index, follow, max-snippet:-1, max-image-preview:large, max-video-preview:-1\" \/>\n<link rel=\"canonical\" href=\"https:\/\/www.correiobraziliense.com.br\/cbradar\/os-movimentos-que-voce-deve-fazer-todos-os-dias-para-reduzir-a-rigidez-no-quadril-e-na-lombar\/\" \/>\n<meta property=\"og:locale\" content=\"pt_BR\" \/>\n<meta property=\"og:type\" content=\"article\" \/>\n<meta property=\"og:title\" content=\"Os movimentos que voc\u00ea deve fazer todos os dias para reduzir a rigidez no quadril e na lombar - Correio Braziliense - Radar\" \/>\n<meta property=\"og:description\" content=\"Exerc\u00edcios para quadril e lombar podem transformar sua rotina e eliminar travamentos. Saiba como aplicar de forma simples\" \/>\n<meta property=\"og:url\" content=\"https:\/\/www.correiobraziliense.com.br\/cbradar\/os-movimentos-que-voce-deve-fazer-todos-os-dias-para-reduzir-a-rigidez-no-quadril-e-na-lombar\/\" \/>\n<meta property=\"og:site_name\" content=\"Correio Braziliense - Radar\" \/>\n<meta property=\"article:published_time\" content=\"2026-04-27T14:25:00+00:00\" \/>\n<meta property=\"og:image\" content=\"https:\/\/www.correiobraziliense.com.br\/cbradar\/wp-content\/uploads\/2026\/04\/download-2026-04-25T101407.065-1.png\" \/>\n\t<meta property=\"og:image:width\" content=\"1280\" \/>\n\t<meta property=\"og:image:height\" content=\"720\" \/>\n\t<meta property=\"og:image:type\" content=\"image\/png\" \/>\n<meta name=\"author\" content=\"Nicolas Otto\" \/>\n<meta name=\"twitter:card\" content=\"summary_large_image\" \/>\n<meta name=\"twitter:label1\" content=\"Escrito por\" \/>\n\t<meta name=\"twitter:data1\" content=\"Nicolas Otto\" \/>\n\t<meta name=\"twitter:label2\" content=\"Est. tempo de leitura\" \/>\n\t<meta name=\"twitter:data2\" content=\"5 minutos\" \/>\n<!-- \/ Yoast SEO plugin. -->","yoast_head_json":{"title":"Os movimentos que voc\u00ea deve fazer todos os dias para reduzir a rigidez no quadril e na lombar - Correio Braziliense - Radar","description":"Exerc\u00edcios para quadril e lombar podem transformar sua rotina e eliminar travamentos. Saiba como aplicar de forma simples","robots":{"index":"index","follow":"follow","max-snippet":"max-snippet:-1","max-image-preview":"max-image-preview:large","max-video-preview":"max-video-preview:-1"},"canonical":"https:\/\/www.correiobraziliense.com.br\/cbradar\/os-movimentos-que-voce-deve-fazer-todos-os-dias-para-reduzir-a-rigidez-no-quadril-e-na-lombar\/","og_locale":"pt_BR","og_type":"article","og_title":"Os movimentos que voc\u00ea deve fazer todos os dias para reduzir a rigidez no quadril e na lombar - Correio Braziliense - Radar","og_description":"Exerc\u00edcios para quadril e lombar podem transformar sua rotina e eliminar travamentos. Saiba como aplicar de forma simples","og_url":"https:\/\/www.correiobraziliense.com.br\/cbradar\/os-movimentos-que-voce-deve-fazer-todos-os-dias-para-reduzir-a-rigidez-no-quadril-e-na-lombar\/","og_site_name":"Correio Braziliense - Radar","article_published_time":"2026-04-27T14:25:00+00:00","og_image":[{"width":1280,"height":720,"url":"https:\/\/www.correiobraziliense.com.br\/cbradar\/wp-content\/uploads\/2026\/04\/download-2026-04-25T101407.065-1.png","type":"image\/png"}],"author":"Nicolas Otto","twitter_card":"summary_large_image","twitter_misc":{"Escrito por":"Nicolas Otto","Est. tempo de leitura":"5 minutos"},"schema":{"@context":"https:\/\/schema.org","@graph":[{"@type":"WebPage","@id":"https:\/\/www.correiobraziliense.com.br\/cbradar\/os-movimentos-que-voce-deve-fazer-todos-os-dias-para-reduzir-a-rigidez-no-quadril-e-na-lombar\/","url":"https:\/\/www.correiobraziliense.com.br\/cbradar\/os-movimentos-que-voce-deve-fazer-todos-os-dias-para-reduzir-a-rigidez-no-quadril-e-na-lombar\/","name":"Os movimentos que voc\u00ea deve fazer todos os dias para reduzir a rigidez no quadril e na lombar - Correio Braziliense - Radar","isPartOf":{"@id":"https:\/\/www.correiobraziliense.com.br\/cbradar\/#website"},"primaryImageOfPage":{"@id":"https:\/\/www.correiobraziliense.com.br\/cbradar\/os-movimentos-que-voce-deve-fazer-todos-os-dias-para-reduzir-a-rigidez-no-quadril-e-na-lombar\/#primaryimage"},"image":{"@id":"https:\/\/www.correiobraziliense.com.br\/cbradar\/os-movimentos-que-voce-deve-fazer-todos-os-dias-para-reduzir-a-rigidez-no-quadril-e-na-lombar\/#primaryimage"},"thumbnailUrl":"https:\/\/www.correiobraziliense.com.br\/cbradar\/wp-content\/uploads\/2026\/04\/download-2026-04-25T101407.065-1.png","datePublished":"2026-04-27T14:25:00+00:00","author":{"@id":"https:\/\/www.correiobraziliense.com.br\/cbradar\/#\/schema\/person\/3221b250518e74ac52c442d1c1236aaa"},"description":"Exerc\u00edcios para quadril e lombar podem transformar sua rotina e eliminar travamentos. Saiba como aplicar de forma simples","breadcrumb":{"@id":"https:\/\/www.correiobraziliense.com.br\/cbradar\/os-movimentos-que-voce-deve-fazer-todos-os-dias-para-reduzir-a-rigidez-no-quadril-e-na-lombar\/#breadcrumb"},"inLanguage":"pt-BR","potentialAction":[{"@type":"ReadAction","target":["https:\/\/www.correiobraziliense.com.br\/cbradar\/os-movimentos-que-voce-deve-fazer-todos-os-dias-para-reduzir-a-rigidez-no-quadril-e-na-lombar\/"]}]},{"@type":"ImageObject","inLanguage":"pt-BR","@id":"https:\/\/www.correiobraziliense.com.br\/cbradar\/os-movimentos-que-voce-deve-fazer-todos-os-dias-para-reduzir-a-rigidez-no-quadril-e-na-lombar\/#primaryimage","url":"https:\/\/www.correiobraziliense.com.br\/cbradar\/wp-content\/uploads\/2026\/04\/download-2026-04-25T101407.065-1.png","contentUrl":"https:\/\/www.correiobraziliense.com.br\/cbradar\/wp-content\/uploads\/2026\/04\/download-2026-04-25T101407.065-1.png","width":1280,"height":720,"caption":"Os melhores exerc\u00edcios para soltar a lombar travada"},{"@type":"BreadcrumbList","@id":"https:\/\/www.correiobraziliense.com.br\/cbradar\/os-movimentos-que-voce-deve-fazer-todos-os-dias-para-reduzir-a-rigidez-no-quadril-e-na-lombar\/#breadcrumb","itemListElement":[{"@type":"ListItem","position":1,"name":"In\u00edcio","item":"https:\/\/www.correiobraziliense.com.br\/cbradar\/"},{"@type":"ListItem","position":2,"name":"Os movimentos que voc\u00ea deve fazer todos os dias para reduzir a rigidez no quadril e na lombar"}]},{"@type":"WebSite","@id":"https:\/\/www.correiobraziliense.com.br\/cbradar\/#website","url":"https:\/\/www.correiobraziliense.com.br\/cbradar\/","name":"Correio Braziliense - Radar","description":"Acompanhe as \u00faltimas not\u00edcias e fique bem informado sobre tudo o que acontece no Brasil e no mundo.","potentialAction":[{"@type":"SearchAction","target":{"@type":"EntryPoint","urlTemplate":"https:\/\/www.correiobraziliense.com.br\/cbradar\/?s={search_term_string}"},"query-input":{"@type":"PropertyValueSpecification","valueRequired":true,"valueName":"search_term_string"}}],"inLanguage":"pt-BR"},{"@type":"Person","@id":"https:\/\/www.correiobraziliense.com.br\/cbradar\/#\/schema\/person\/3221b250518e74ac52c442d1c1236aaa","name":"Nicolas Otto","image":{"@type":"ImageObject","inLanguage":"pt-BR","@id":"https:\/\/www.correiobraziliense.com.br\/cbradar\/#\/schema\/person\/image\/","url":"https:\/\/secure.gravatar.com\/avatar\/05925f730d72f0ea0df144f236adfb18?s=96&d=mm&r=g","contentUrl":"https:\/\/secure.gravatar.com\/avatar\/05925f730d72f0ea0df144f236adfb18?s=96&d=mm&r=g","caption":"Nicolas Otto"},"sameAs":["https:\/\/www.correiobraziliense.com.br\/cbradar\/"],"url":"https:\/\/www.correiobraziliense.com.br\/cbradar\/author\/nicolas-otto\/"}]}},"_links":{"self":[{"href":"https:\/\/www.correiobraziliense.com.br\/cbradar\/wp-json\/wp\/v2\/posts\/231852","targetHints":{"allow":["GET"]}}],"collection":[{"href":"https:\/\/www.correiobraziliense.com.br\/cbradar\/wp-json\/wp\/v2\/posts"}],"about":[{"href":"https:\/\/www.correiobraziliense.com.br\/cbradar\/wp-json\/wp\/v2\/types\/post"}],"author":[{"embeddable":true,"href":"https:\/\/www.correiobraziliense.com.br\/cbradar\/wp-json\/wp\/v2\/users\/23"}],"replies":[{"embeddable":true,"href":"https:\/\/www.correiobraziliense.com.br\/cbradar\/wp-json\/wp\/v2\/comments?post=231852"}],"version-history":[{"count":1,"href":"https:\/\/www.correiobraziliense.com.br\/cbradar\/wp-json\/wp\/v2\/posts\/231852\/revisions"}],"predecessor-version":[{"id":231866,"href":"https:\/\/www.correiobraziliense.com.br\/cbradar\/wp-json\/wp\/v2\/posts\/231852\/revisions\/231866"}],"wp:featuredmedia":[{"embeddable":true,"href":"https:\/\/www.correiobraziliense.com.br\/cbradar\/wp-json\/wp\/v2\/media\/231862"}],"wp:attachment":[{"href":"https:\/\/www.correiobraziliense.com.br\/cbradar\/wp-json\/wp\/v2\/media?parent=231852"}],"wp:term":[{"taxonomy":"category","embeddable":true,"href":"https:\/\/www.correiobraziliense.com.br\/cbradar\/wp-json\/wp\/v2\/categories?post=231852"},{"taxonomy":"post_tag","embeddable":true,"href":"https:\/\/www.correiobraziliense.com.br\/cbradar\/wp-json\/wp\/v2\/post_tag?post=231852"}],"curies":[{"name":"wp","href":"https:\/\/api.w.org\/{rel}","templated":true}]}}