{"id":231855,"date":"2026-04-26T17:35:00","date_gmt":"2026-04-26T20:35:00","guid":{"rendered":"https:\/\/www.correiobraziliense.com.br\/cbradar\/?p=231855"},"modified":"2026-04-25T10:16:22","modified_gmt":"2026-04-25T13:16:22","slug":"a-frase-de-confucio-que-pode-mudar-a-forma-como-voce-lida-com-os-proprios-erros","status":"publish","type":"post","link":"https:\/\/www.correiobraziliense.com.br\/cbradar\/a-frase-de-confucio-que-pode-mudar-a-forma-como-voce-lida-com-os-proprios-erros\/","title":{"rendered":"A frase de Conf\u00facio que pode mudar a forma como voc\u00ea lida com os pr\u00f3prios erros"},"content":{"rendered":"\n<p>Enfrentar as falhas cometidas ao longo da jornada pessoal exige uma postura de coragem e muita reflex\u00e3o interna constante. Muitas pessoas tentam esconder seus equ\u00edvocos por medo do julgamento, mas essa atitude apenas prolonga o sofrimento desnecess\u00e1rio. Aprender com o passado permite construir um futuro muito mais s\u00f3lido e equilibrado.<\/p>\n\n\n\n<h2 class=\"wp-block-heading\">Como a sabedoria chinesa antiga enxerga as nossas falhas?<\/h2>\n\n\n\n<p>O fil\u00f3sofo chin\u00eas <strong>Conf\u00facio<\/strong> afirmava que cometer um erro e n\u00e3o o corrigir \u00e9, na verdade, cometer um novo erro ainda mais grave. Essa vis\u00e3o milenar retira o peso da perfei\u00e7\u00e3o absoluta e coloca o foco na responsabilidade individual de melhoria cont\u00ednua. Entender que o aprendizado nasce da a\u00e7\u00e3o consciente transforma radicalmente a nossa produtividade emocional.<\/p>\n\n\n\n<p>Quando ignoramos uma falha, permitimos que ela se transforme em um h\u00e1bito destrutivo que compromete toda a nossa credibilidade futura. A sabedoria oriental sugere que a virtude n\u00e3o reside em nunca errar, mas na velocidade com que buscamos a repara\u00e7\u00e3o necess\u00e1ria. Tratar o erro como um professor severo ajuda a desenvolver uma maturidade psicol\u00f3gica muito mais profunda.<\/p>\n\n\n\n<figure class=\"wp-block-image size-full\"><img decoding=\"async\" width=\"1280\" height=\"720\" src=\"https:\/\/www.correiobraziliense.com.br\/cbradar\/wp-content\/uploads\/2026\/04\/Gemini_Generated_Image_rke9nkrke9nkrke9-1-1.png\" alt=\"A frase de Conf\u00facio que pode mudar a forma como voc\u00ea lida com os pr\u00f3prios erros\" class=\"wp-image-231860\" srcset=\"https:\/\/www.correiobraziliense.com.br\/cbradar\/wp-content\/uploads\/2026\/04\/Gemini_Generated_Image_rke9nkrke9nkrke9-1-1.png 1280w, https:\/\/www.correiobraziliense.com.br\/cbradar\/wp-content\/uploads\/2026\/04\/Gemini_Generated_Image_rke9nkrke9nkrke9-1-1-300x169.png 300w, https:\/\/www.correiobraziliense.com.br\/cbradar\/wp-content\/uploads\/2026\/04\/Gemini_Generated_Image_rke9nkrke9nkrke9-1-1-768x432.png 768w, https:\/\/www.correiobraziliense.com.br\/cbradar\/wp-content\/uploads\/2026\/04\/Gemini_Generated_Image_rke9nkrke9nkrke9-1-1-750x422.png 750w, https:\/\/www.correiobraziliense.com.br\/cbradar\/wp-content\/uploads\/2026\/04\/Gemini_Generated_Image_rke9nkrke9nkrke9-1-1-1140x641.png 1140w\" sizes=\"(max-width: 1280px) 100vw, 1280px\" \/><figcaption class=\"wp-element-caption\">Ignorar erros pode causar danos maiores do que a falha original<\/figcaption><\/figure>\n\n\n\n<h2 class=\"wp-block-heading\">Por que esconder um equ\u00edvoco pode ser pior do que a falha original?<\/h2>\n\n\n\n<p>A tentativa de ocultar um deslize consome uma energia mental imensa que poderia ser utilizada para criar solu\u00e7\u00f5es criativas e inovadoras. Esse comportamento gera uma tens\u00e3o constante, pois o medo de ser descoberto paralisa a capacidade de agir com transpar\u00eancia nas rela\u00e7\u00f5es interpessoais. Admitir o erro com rapidez demonstra uma seguran\u00e7a interna que \u00e9 admirada por l\u00edderes e parceiros.<\/p>\n\n\n\n<p>O ac\u00famulo de pequenas omiss\u00f5es cria uma bola de neve que pode destruir carreiras e relacionamentos s\u00f3lidos em pouco tempo. Ao enfrentar a realidade de frente, voc\u00ea interrompe o ciclo de mentiras e reconquista o respeito das pessoas ao seu redor imediatamente. A honestidade intelectual \u00e9 o <strong>alicerce fundamental para quem deseja crescer<\/strong> com integridade e muita paz de esp\u00edrito.<\/p>\n\n\n\n<p>Leia tamb\u00e9m: <a href=\"https:\/\/www.correiobraziliense.com.br\/cbradar\/a-citacao-de-hoje-e-de-carl-jung-aquilo-a-que-voce-resiste-persiste\/\" target=\"_blank\" rel=\"noreferrer noopener\">A cita\u00e7\u00e3o de hoje \u00e9 de Carl Jung: \u201cAquilo a que voc\u00ea resiste, persiste.\u201d<\/a><\/p>\n\n\n\n<h2 class=\"wp-block-heading\">Quais s\u00e3o os passos fundamentais para transformar um deslize em aprendizado?<\/h2>\n\n\n\n<p>Para evoluir de forma consistente, \u00e9 preciso adotar uma metodologia pr\u00e1tica que substitua a culpa paralisante pela an\u00e1lise cr\u00edtica e objetiva dos fatos. Identificar a causa raiz do problema evita que as mesmas situa\u00e7\u00f5es se repitam de maneira c\u00edclica e cansativa. <\/p>\n\n\n\n<p>Para compreender melhor como agir diante de uma falha e extrair li\u00e7\u00f5es valiosas para o seu crescimento:<\/p>\n\n\n\n<ul class=\"wp-block-list\">\n<li>Assumir a responsabilidade total pelo ocorrido sem buscar culpados externos.<\/li>\n\n\n\n<li>Analisar os fatores que levaram ao erro de forma t\u00e9cnica e fria.<\/li>\n\n\n\n<li>Pedir desculpas sinceras e imediatas para todas as pessoas afetadas pela falha.<\/li>\n\n\n\n<li>Elaborar um plano de a\u00e7\u00e3o detalhado para evitar a recorr\u00eancia do problema.<\/li>\n\n\n\n<li>Compartilhar o aprendizado com o grupo para fortalecer a cultura de confian\u00e7a.<\/li>\n<\/ul>\n\n\n\n<h2 class=\"wp-block-heading\">Como a autocompaix\u00e3o ajuda no processo de corre\u00e7\u00e3o das falhas?<\/h2>\n\n\n\n<p>Ser excessivamente duro consigo mesmo ap\u00f3s um erro pode gerar um bloqueio criativo que impede a busca por solu\u00e7\u00f5es eficazes. A autocompaix\u00e3o permite que voc\u00ea reconhe\u00e7a sua humanidade sem perder o foco na excel\u00eancia necess\u00e1ria para o sucesso profissional. Tratar-se com a mesma gentileza que voc\u00ea oferece a um amigo querido facilita a retomada r\u00e1pida das atividades produtivas.<\/p>\n\n\n\n<p>O equil\u00edbrio entre a cobran\u00e7a por resultados e o acolhimento das pr\u00f3prias limita\u00e7\u00f5es \u00e9 o segredo da longevidade emocional. Indiv\u00edduos que aceitam suas imperfei\u00e7\u00f5es conseguem arriscar mais e, consequentemente, alcan\u00e7am patamares de inova\u00e7\u00e3o que os perfeccionistas raramente conseguem atingir. A <strong>vulnerabilidade consciente<\/strong> \u00e9 uma ferramenta poderosa para construir uma trajet\u00f3ria baseada na verdade e no aprendizado constante.<\/p>\n\n\n\n<figure class=\"wp-block-image size-full\"><img decoding=\"async\" width=\"1280\" height=\"720\" src=\"https:\/\/www.correiobraziliense.com.br\/cbradar\/wp-content\/uploads\/2026\/04\/Gemini_Generated_Image_we7ksxwe7ksxwe7k-1-1.png\" alt=\"A frase de Conf\u00facio que pode mudar a forma como voc\u00ea lida com os pr\u00f3prios erros\" class=\"wp-image-231864\" srcset=\"https:\/\/www.correiobraziliense.com.br\/cbradar\/wp-content\/uploads\/2026\/04\/Gemini_Generated_Image_we7ksxwe7ksxwe7k-1-1.png 1280w, https:\/\/www.correiobraziliense.com.br\/cbradar\/wp-content\/uploads\/2026\/04\/Gemini_Generated_Image_we7ksxwe7ksxwe7k-1-1-300x169.png 300w, https:\/\/www.correiobraziliense.com.br\/cbradar\/wp-content\/uploads\/2026\/04\/Gemini_Generated_Image_we7ksxwe7ksxwe7k-1-1-768x432.png 768w, https:\/\/www.correiobraziliense.com.br\/cbradar\/wp-content\/uploads\/2026\/04\/Gemini_Generated_Image_we7ksxwe7ksxwe7k-1-1-750x422.png 750w, https:\/\/www.correiobraziliense.com.br\/cbradar\/wp-content\/uploads\/2026\/04\/Gemini_Generated_Image_we7ksxwe7ksxwe7k-1-1-1140x641.png 1140w\" sizes=\"(max-width: 1280px) 100vw, 1280px\" \/><figcaption class=\"wp-element-caption\">Ignorar erros pode causar danos maiores do que a falha original<\/figcaption><\/figure>\n\n\n\n<h2 class=\"wp-block-heading\">Qual o impacto da filosofia confucionista na lideran\u00e7a moderna?<\/h2>\n\n\n\n<p>L\u00edderes que aplicam os preceitos de <strong>Conf\u00facio<\/strong> criam ambientes de trabalho baseados na transpar\u00eancia e no incentivo ao desenvolvimento humano integral. Eles entendem que a corre\u00e7\u00e3o imediata de rumos \u00e9 muito mais valiosa do que a puni\u00e7\u00e3o severa por erros cometidos durante o processo criativo. Essa postura humanizada reduz a rotatividade de talentos e aumenta significativamente o engajamento das equipes multidisciplinares.<\/p>\n\n\n\n<p>A \u00e9tica oriental continua influenciando os estudos sobre governan\u00e7a e comportamento social em diversas institui\u00e7\u00f5es de renome global at\u00e9 os dias atuais. De acordo com as an\u00e1lises detalhadas no portal da <strong>Stanford Encyclopedia of Philosophy<\/strong> (<a target=\"_blank\" rel=\"noreferrer noopener\" href=\"https:\/\/plato.stanford.edu\/entries\/confucius\/\">Stanford<\/a>), o foco na retid\u00e3o e na corre\u00e7\u00e3o dos pr\u00f3prios atos \u00e9 o pilar central da harmonia comunit\u00e1ria. Priorizar a verdade garante uma exist\u00eancia equilibrada.<\/p>\n","protected":false},"excerpt":{"rendered":"<p>Enfrentar as falhas cometidas ao longo da jornada pessoal exige uma postura de coragem e muita reflex\u00e3o interna constante. Muitas pessoas tentam esconder seus equ\u00edvocos por medo do julgamento, mas essa atitude apenas prolonga o sofrimento desnecess\u00e1rio. Aprender com o passado permite construir um futuro muito mais s\u00f3lido e equilibrado. Como a sabedoria chinesa antiga [&hellip;]<\/p>\n","protected":false},"author":21,"featured_media":231859,"comment_status":"open","ping_status":"open","sticky":false,"template":"","format":"standard","meta":{"_yoast_wpseo_focuskw":"aprender com erros segundo Conf\u00facio","_yoast_wpseo_title":"","_yoast_wpseo_metadesc":"Conf\u00facio revela um erro que muitos cometem sem perceber. Um princ\u00edpio mostra por que ignorar falhas pode piorar sua vida.","jnews-multi-image_gallery":[],"jnews_single_post":{"format":"standard"},"jnews_primary_category":[],"jnews_social_meta":[],"jnews_override_counter":[],"footnotes":""},"categories":[112],"post_tag":[],"class_list":["post-231855","post","type-post","status-publish","format-standard","has-post-thumbnail","hentry","category-curiosidades"],"yoast_head":"<!-- This site is optimized with the Yoast SEO plugin v24.6 - https:\/\/yoast.com\/wordpress\/plugins\/seo\/ -->\n<title>A frase de Conf\u00facio que pode mudar a forma como voc\u00ea lida com os pr\u00f3prios erros - Correio Braziliense - Radar<\/title>\n<meta name=\"description\" content=\"Conf\u00facio revela um erro que muitos cometem sem perceber. Um princ\u00edpio mostra por que ignorar falhas pode piorar sua vida.\" \/>\n<meta name=\"robots\" content=\"index, follow, max-snippet:-1, max-image-preview:large, max-video-preview:-1\" \/>\n<link rel=\"canonical\" href=\"https:\/\/www.correiobraziliense.com.br\/cbradar\/a-frase-de-confucio-que-pode-mudar-a-forma-como-voce-lida-com-os-proprios-erros\/\" \/>\n<meta property=\"og:locale\" content=\"pt_BR\" \/>\n<meta property=\"og:type\" content=\"article\" \/>\n<meta property=\"og:title\" content=\"A frase de Conf\u00facio que pode mudar a forma como voc\u00ea lida com os pr\u00f3prios erros - Correio Braziliense - Radar\" \/>\n<meta property=\"og:description\" content=\"Conf\u00facio revela um erro que muitos cometem sem perceber. Um princ\u00edpio mostra por que ignorar falhas pode piorar sua vida.\" \/>\n<meta property=\"og:url\" content=\"https:\/\/www.correiobraziliense.com.br\/cbradar\/a-frase-de-confucio-que-pode-mudar-a-forma-como-voce-lida-com-os-proprios-erros\/\" \/>\n<meta property=\"og:site_name\" content=\"Correio Braziliense - Radar\" \/>\n<meta property=\"article:published_time\" content=\"2026-04-26T20:35:00+00:00\" \/>\n<meta property=\"og:image\" content=\"https:\/\/www.correiobraziliense.com.br\/cbradar\/wp-content\/uploads\/2026\/04\/Gemini_Generated_Image_99vmjo99vmjo99vm-1-1.png\" \/>\n\t<meta property=\"og:image:width\" content=\"1280\" \/>\n\t<meta property=\"og:image:height\" content=\"720\" \/>\n\t<meta property=\"og:image:type\" content=\"image\/png\" \/>\n<meta name=\"author\" content=\"Patrick Silva\" \/>\n<meta name=\"twitter:card\" content=\"summary_large_image\" \/>\n<meta name=\"twitter:label1\" content=\"Escrito por\" \/>\n\t<meta name=\"twitter:data1\" content=\"Patrick Silva\" \/>\n\t<meta name=\"twitter:label2\" content=\"Est. tempo de leitura\" \/>\n\t<meta name=\"twitter:data2\" content=\"5 minutos\" \/>\n<!-- \/ Yoast SEO plugin. -->","yoast_head_json":{"title":"A frase de Conf\u00facio que pode mudar a forma como voc\u00ea lida com os pr\u00f3prios erros - Correio Braziliense - Radar","description":"Conf\u00facio revela um erro que muitos cometem sem perceber. Um princ\u00edpio mostra por que ignorar falhas pode piorar sua vida.","robots":{"index":"index","follow":"follow","max-snippet":"max-snippet:-1","max-image-preview":"max-image-preview:large","max-video-preview":"max-video-preview:-1"},"canonical":"https:\/\/www.correiobraziliense.com.br\/cbradar\/a-frase-de-confucio-que-pode-mudar-a-forma-como-voce-lida-com-os-proprios-erros\/","og_locale":"pt_BR","og_type":"article","og_title":"A frase de Conf\u00facio que pode mudar a forma como voc\u00ea lida com os pr\u00f3prios erros - Correio Braziliense - Radar","og_description":"Conf\u00facio revela um erro que muitos cometem sem perceber. Um princ\u00edpio mostra por que ignorar falhas pode piorar sua vida.","og_url":"https:\/\/www.correiobraziliense.com.br\/cbradar\/a-frase-de-confucio-que-pode-mudar-a-forma-como-voce-lida-com-os-proprios-erros\/","og_site_name":"Correio Braziliense - Radar","article_published_time":"2026-04-26T20:35:00+00:00","og_image":[{"width":1280,"height":720,"url":"https:\/\/www.correiobraziliense.com.br\/cbradar\/wp-content\/uploads\/2026\/04\/Gemini_Generated_Image_99vmjo99vmjo99vm-1-1.png","type":"image\/png"}],"author":"Patrick Silva","twitter_card":"summary_large_image","twitter_misc":{"Escrito por":"Patrick Silva","Est. tempo de leitura":"5 minutos"},"schema":{"@context":"https:\/\/schema.org","@graph":[{"@type":"WebPage","@id":"https:\/\/www.correiobraziliense.com.br\/cbradar\/a-frase-de-confucio-que-pode-mudar-a-forma-como-voce-lida-com-os-proprios-erros\/","url":"https:\/\/www.correiobraziliense.com.br\/cbradar\/a-frase-de-confucio-que-pode-mudar-a-forma-como-voce-lida-com-os-proprios-erros\/","name":"A frase de Conf\u00facio que pode mudar a forma como voc\u00ea lida com os pr\u00f3prios erros - Correio Braziliense - Radar","isPartOf":{"@id":"https:\/\/www.correiobraziliense.com.br\/cbradar\/#website"},"primaryImageOfPage":{"@id":"https:\/\/www.correiobraziliense.com.br\/cbradar\/a-frase-de-confucio-que-pode-mudar-a-forma-como-voce-lida-com-os-proprios-erros\/#primaryimage"},"image":{"@id":"https:\/\/www.correiobraziliense.com.br\/cbradar\/a-frase-de-confucio-que-pode-mudar-a-forma-como-voce-lida-com-os-proprios-erros\/#primaryimage"},"thumbnailUrl":"https:\/\/www.correiobraziliense.com.br\/cbradar\/wp-content\/uploads\/2026\/04\/Gemini_Generated_Image_99vmjo99vmjo99vm-1-1.png","datePublished":"2026-04-26T20:35:00+00:00","author":{"@id":"https:\/\/www.correiobraziliense.com.br\/cbradar\/#\/schema\/person\/5440b72be9c7eb74f446c846479dc4da"},"description":"Conf\u00facio revela um erro que muitos cometem sem perceber. Um princ\u00edpio mostra por que ignorar falhas pode piorar sua vida.","breadcrumb":{"@id":"https:\/\/www.correiobraziliense.com.br\/cbradar\/a-frase-de-confucio-que-pode-mudar-a-forma-como-voce-lida-com-os-proprios-erros\/#breadcrumb"},"inLanguage":"pt-BR","potentialAction":[{"@type":"ReadAction","target":["https:\/\/www.correiobraziliense.com.br\/cbradar\/a-frase-de-confucio-que-pode-mudar-a-forma-como-voce-lida-com-os-proprios-erros\/"]}]},{"@type":"ImageObject","inLanguage":"pt-BR","@id":"https:\/\/www.correiobraziliense.com.br\/cbradar\/a-frase-de-confucio-que-pode-mudar-a-forma-como-voce-lida-com-os-proprios-erros\/#primaryimage","url":"https:\/\/www.correiobraziliense.com.br\/cbradar\/wp-content\/uploads\/2026\/04\/Gemini_Generated_Image_99vmjo99vmjo99vm-1-1.png","contentUrl":"https:\/\/www.correiobraziliense.com.br\/cbradar\/wp-content\/uploads\/2026\/04\/Gemini_Generated_Image_99vmjo99vmjo99vm-1-1.png","width":1280,"height":720,"caption":"Ignorar erros pode causar danos maiores do que a falha original"},{"@type":"BreadcrumbList","@id":"https:\/\/www.correiobraziliense.com.br\/cbradar\/a-frase-de-confucio-que-pode-mudar-a-forma-como-voce-lida-com-os-proprios-erros\/#breadcrumb","itemListElement":[{"@type":"ListItem","position":1,"name":"In\u00edcio","item":"https:\/\/www.correiobraziliense.com.br\/cbradar\/"},{"@type":"ListItem","position":2,"name":"A frase de Conf\u00facio que pode mudar a forma como voc\u00ea lida com os pr\u00f3prios erros"}]},{"@type":"WebSite","@id":"https:\/\/www.correiobraziliense.com.br\/cbradar\/#website","url":"https:\/\/www.correiobraziliense.com.br\/cbradar\/","name":"Correio Braziliense - Radar","description":"Acompanhe as \u00faltimas not\u00edcias e fique bem informado sobre tudo o que acontece no Brasil e no mundo.","potentialAction":[{"@type":"SearchAction","target":{"@type":"EntryPoint","urlTemplate":"https:\/\/www.correiobraziliense.com.br\/cbradar\/?s={search_term_string}"},"query-input":{"@type":"PropertyValueSpecification","valueRequired":true,"valueName":"search_term_string"}}],"inLanguage":"pt-BR"},{"@type":"Person","@id":"https:\/\/www.correiobraziliense.com.br\/cbradar\/#\/schema\/person\/5440b72be9c7eb74f446c846479dc4da","name":"Patrick Silva","image":{"@type":"ImageObject","inLanguage":"pt-BR","@id":"https:\/\/www.correiobraziliense.com.br\/cbradar\/#\/schema\/person\/image\/","url":"https:\/\/secure.gravatar.com\/avatar\/944109df296fc087785c9715fd5f80b2?s=96&d=mm&r=g","contentUrl":"https:\/\/secure.gravatar.com\/avatar\/944109df296fc087785c9715fd5f80b2?s=96&d=mm&r=g","caption":"Patrick Silva"},"sameAs":["https:\/\/www.correiobraziliense.com.br\/cbradar\/"],"url":"https:\/\/www.correiobraziliense.com.br\/cbradar\/author\/patrick-silva\/"}]}},"_links":{"self":[{"href":"https:\/\/www.correiobraziliense.com.br\/cbradar\/wp-json\/wp\/v2\/posts\/231855","targetHints":{"allow":["GET"]}}],"collection":[{"href":"https:\/\/www.correiobraziliense.com.br\/cbradar\/wp-json\/wp\/v2\/posts"}],"about":[{"href":"https:\/\/www.correiobraziliense.com.br\/cbradar\/wp-json\/wp\/v2\/types\/post"}],"author":[{"embeddable":true,"href":"https:\/\/www.correiobraziliense.com.br\/cbradar\/wp-json\/wp\/v2\/users\/21"}],"replies":[{"embeddable":true,"href":"https:\/\/www.correiobraziliense.com.br\/cbradar\/wp-json\/wp\/v2\/comments?post=231855"}],"version-history":[{"count":6,"href":"https:\/\/www.correiobraziliense.com.br\/cbradar\/wp-json\/wp\/v2\/posts\/231855\/revisions"}],"predecessor-version":[{"id":231867,"href":"https:\/\/www.correiobraziliense.com.br\/cbradar\/wp-json\/wp\/v2\/posts\/231855\/revisions\/231867"}],"wp:featuredmedia":[{"embeddable":true,"href":"https:\/\/www.correiobraziliense.com.br\/cbradar\/wp-json\/wp\/v2\/media\/231859"}],"wp:attachment":[{"href":"https:\/\/www.correiobraziliense.com.br\/cbradar\/wp-json\/wp\/v2\/media?parent=231855"}],"wp:term":[{"taxonomy":"category","embeddable":true,"href":"https:\/\/www.correiobraziliense.com.br\/cbradar\/wp-json\/wp\/v2\/categories?post=231855"},{"taxonomy":"post_tag","embeddable":true,"href":"https:\/\/www.correiobraziliense.com.br\/cbradar\/wp-json\/wp\/v2\/post_tag?post=231855"}],"curies":[{"name":"wp","href":"https:\/\/api.w.org\/{rel}","templated":true}]}}