{"id":231886,"date":"2026-04-26T08:45:00","date_gmt":"2026-04-26T11:45:00","guid":{"rendered":"https:\/\/www.correiobraziliense.com.br\/cbradar\/?p=231886"},"modified":"2026-04-25T12:05:59","modified_gmt":"2026-04-25T15:05:59","slug":"seje-ou-seja-qual-a-forma-correta-na-lingua-portuguesa-de-acordo-com-a-academia-brasileira-de-letras","status":"publish","type":"post","link":"https:\/\/www.correiobraziliense.com.br\/cbradar\/seje-ou-seja-qual-a-forma-correta-na-lingua-portuguesa-de-acordo-com-a-academia-brasileira-de-letras\/","title":{"rendered":"&#8220;Seje&#8221; ou &#8220;seja&#8221;, qual a forma correta na l\u00edngua portuguesa de acordo com a Academia Brasileira de Letras"},"content":{"rendered":"\n<p>Muitas d\u00favidas surgem quando o assunto \u00e9 o uso correto de termos verbais que ouvimos frequentemente em conversas informais do dia a dia. Compreender as normas gramaticais ajuda a transmitir mensagens com mais clareza e seguran\u00e7a em diferentes situa\u00e7\u00f5es sociais. A norma culta orienta sobre as formas aceitas para garantir uma comunica\u00e7\u00e3o eficiente e evitar mal-entendidos constantes.<\/p>\n\n\n\n<h2 class=\"wp-block-heading\">Qual \u00e9 a origem do uso dessa express\u00e3o no cotidiano?<\/h2>\n\n\n\n<p>O surgimento de varia\u00e7\u00f5es lingu\u00edsticas ocorre naturalmente quando as pessoas tentam adaptar a fala para tornar a comunica\u00e7\u00e3o mais fluida e r\u00e1pida. Muitas vezes, as termina\u00e7\u00f5es de outros verbos influenciam a conjuga\u00e7\u00e3o de palavras que seguem regras diferentes na gram\u00e1tica tradicional. Esse fen\u00f4meno \u00e9 comum em diversos idiomas e reflete a evolu\u00e7\u00e3o constante das intera\u00e7\u00f5es humanas sociais.<\/p>\n\n\n\n<p>Erros de conjuga\u00e7\u00e3o costumam se espalhar por meio da repeti\u00e7\u00e3o constante em ambientes em que a formalidade n\u00e3o \u00e9 uma prioridade imediata para os falantes. A semelhan\u00e7a sonora com outras formas verbais leg\u00edtimas cria uma confus\u00e3o mental que leva ao uso de express\u00f5es n\u00e3o reconhecidas pelos dicion\u00e1rios oficiais. A l\u00edngua \u00e9 viva, mas as regras estabelecem padr\u00f5es de clareza necess\u00e1rios.<\/p>\n\n\n\n<figure class=\"wp-block-image size-full\"><img decoding=\"async\" width=\"1280\" height=\"720\" src=\"https:\/\/www.correiobraziliense.com.br\/cbradar\/wp-content\/uploads\/2026\/04\/Gemini_Generated_Image_cj3fnmcj3fnmcj3f-1-1.png\" alt=\"&quot;Seje&quot; ou &quot;seja&quot;, qual a forma correta na l\u00edngua portuguesa de acordo com a Academia Brasileira de Letras\" class=\"wp-image-231899\" srcset=\"https:\/\/www.correiobraziliense.com.br\/cbradar\/wp-content\/uploads\/2026\/04\/Gemini_Generated_Image_cj3fnmcj3fnmcj3f-1-1.png 1280w, https:\/\/www.correiobraziliense.com.br\/cbradar\/wp-content\/uploads\/2026\/04\/Gemini_Generated_Image_cj3fnmcj3fnmcj3f-1-1-300x169.png 300w, https:\/\/www.correiobraziliense.com.br\/cbradar\/wp-content\/uploads\/2026\/04\/Gemini_Generated_Image_cj3fnmcj3fnmcj3f-1-1-768x432.png 768w, https:\/\/www.correiobraziliense.com.br\/cbradar\/wp-content\/uploads\/2026\/04\/Gemini_Generated_Image_cj3fnmcj3fnmcj3f-1-1-750x422.png 750w, https:\/\/www.correiobraziliense.com.br\/cbradar\/wp-content\/uploads\/2026\/04\/Gemini_Generated_Image_cj3fnmcj3fnmcj3f-1-1-1140x641.png 1140w\" sizes=\"(max-width: 1280px) 100vw, 1280px\" \/><figcaption class=\"wp-element-caption\">Usar corretamente o verbo ser melhora a comunica\u00e7\u00e3o e evita erros comuns na fala e na escrita<\/figcaption><\/figure>\n\n\n\n<h2 class=\"wp-block-heading\">O que a gram\u00e1tica oficial diz sobre o termo?<\/h2>\n\n\n\n<p>A norma padr\u00e3o da l\u00edngua portuguesa n\u00e3o reconhece essa palavra como uma forma leg\u00edtima de conjuga\u00e7\u00e3o para qualquer verbo existente atualmente. Trata-se de um v\u00edcio de linguagem que deve ser evitado em contextos que exigem maior seriedade ou profissionalismo durante a escrita. Manter a corre\u00e7\u00e3o gramatical demonstra respeito pelas normas que regem o idioma p\u00e1trio em todo o territ\u00f3rio.<\/p>\n\n\n\n<p>O verbo ser possui uma conjuga\u00e7\u00e3o irregular que exige aten\u00e7\u00e3o redobrada para que o falante n\u00e3o utilize formas equivocadas por puro h\u00e1bito. No modo subjuntivo, a flex\u00e3o correta \u00e9 curta e precisa, garantindo que a mensagem seja compreendida sem ru\u00eddos ou julgamentos externos sobre o n\u00edvel de instru\u00e7\u00e3o. A educa\u00e7\u00e3o lingu\u00edstica \u00e9 fundamental para o crescimento individual constante.<\/p>\n\n\n\n<h2 class=\"wp-block-heading\">Quais s\u00e3o as formas corretas de usar o verbo?<\/h2>\n\n\n\n<p>Dominar a flex\u00e3o verbal correta permite que o indiv\u00edduo se expresse com eleg\u00e2ncia e precis\u00e3o em reuni\u00f5es ou documentos importantes de trabalho. Substituir termos incorretos por formas padronizadas eleva o n\u00edvel do discurso e fortalece a autoridade de quem fala perante o p\u00fablico ou colegas. A pr\u00e1tica leva \u00e0 naturalidade necess\u00e1ria para uma comunica\u00e7\u00e3o fluida e muito eficiente.<\/p>\n\n\n\n<p>Exemplos de aplica\u00e7\u00f5es corretas para substituir o termo equivocado:<\/p>\n\n\n\n<ul class=\"wp-block-list\">\n<li>Que ele seja feliz.<\/li>\n\n\n\n<li>Talvez eu seja pontual.<\/li>\n\n\n\n<li>Embora voc\u00ea seja gentil.<\/li>\n\n\n\n<li>Caso ela seja convidada.<\/li>\n\n\n\n<li>Mesmo que o dia seja longo.<\/li>\n<\/ul>\n\n\n\n<h2 class=\"wp-block-heading\">Como evitar o uso de termos incorretos na fala?<\/h2>\n\n\n\n<p>Ler livros de qualidade e acompanhar conte\u00fados bem produzidos ajuda a fixar as estruturas gramaticais corretas no subconsciente de forma permanente e tranquila. O c\u00e9rebro humano aprende por exposi\u00e7\u00e3o, por isso o contato com bons textos facilita a corre\u00e7\u00e3o autom\u00e1tica de v\u00edcios de linguagem que foram adquiridos ao longo da vida. A leitura constante \u00e9 o melhor exerc\u00edcio mental.<\/p>\n\n\n\n<p>Praticar a escuta ativa e observar como oradores experientes constroem suas frases tamb\u00e9m \u00e9 uma maneira eficaz de aprimorar o vocabul\u00e1rio pessoal de modo org\u00e2nico. Ao notar um erro recorrente, \u00e9 importante fazer um esfor\u00e7o consciente para substitu\u00ed-lo pela forma adequada at\u00e9 que o novo h\u00e1bito se torne natural. O aperfei\u00e7oamento pessoal exige dedica\u00e7\u00e3o e muita paci\u00eancia di\u00e1ria.<\/p>\n\n\n\n<figure class=\"wp-block-image size-full\"><img decoding=\"async\" width=\"1280\" height=\"720\" src=\"https:\/\/www.correiobraziliense.com.br\/cbradar\/wp-content\/uploads\/2026\/04\/Gemini_Generated_Image_nyrpc2nyrpc2nyrp-1-1.png\" alt=\"&quot;Seje&quot; ou &quot;seja&quot;, qual a forma correta na l\u00edngua portuguesa de acordo com a Academia Brasileira de Letras\" class=\"wp-image-231900\" srcset=\"https:\/\/www.correiobraziliense.com.br\/cbradar\/wp-content\/uploads\/2026\/04\/Gemini_Generated_Image_nyrpc2nyrpc2nyrp-1-1.png 1280w, https:\/\/www.correiobraziliense.com.br\/cbradar\/wp-content\/uploads\/2026\/04\/Gemini_Generated_Image_nyrpc2nyrpc2nyrp-1-1-300x169.png 300w, https:\/\/www.correiobraziliense.com.br\/cbradar\/wp-content\/uploads\/2026\/04\/Gemini_Generated_Image_nyrpc2nyrpc2nyrp-1-1-768x432.png 768w, https:\/\/www.correiobraziliense.com.br\/cbradar\/wp-content\/uploads\/2026\/04\/Gemini_Generated_Image_nyrpc2nyrpc2nyrp-1-1-750x422.png 750w, https:\/\/www.correiobraziliense.com.br\/cbradar\/wp-content\/uploads\/2026\/04\/Gemini_Generated_Image_nyrpc2nyrpc2nyrp-1-1-1140x641.png 1140w\" sizes=\"(max-width: 1280px) 100vw, 1280px\" \/><figcaption class=\"wp-element-caption\">Usar corretamente o verbo ser melhora a comunica\u00e7\u00e3o e evita erros comuns na fala e na escrita<\/figcaption><\/figure>\n\n\n\n<p>Leia tamb\u00e9m: <a href=\"https:\/\/www.correiobraziliense.com.br\/cbradar\/eu-sei-como-voce-se-sente-a-frase-mais-dita-por-aqueles-que-menos-te-entendem-2\/\" target=\"_blank\" rel=\"noreferrer noopener\">\u201cEu sei como voc\u00ea se sente\u201d A frase mais dita por aqueles que menos te entendem<\/a><\/p>\n\n\n\n<h2 class=\"wp-block-heading\">Onde encontrar informa\u00e7\u00f5es confi\u00e1veis sobre o idioma?<\/h2>\n\n\n\n<p>Consultar fontes oficiais \u00e9 o caminho mais seguro para sanar d\u00favidas e garantir que a escrita esteja sempre de acordo com as leis vigentes. Dicion\u00e1rios renomados e portais acad\u00eamicos oferecem respostas precisas sobre a grafia e a conjuga\u00e7\u00e3o de cada termo utilizado na nossa comunica\u00e7\u00e3o. Ter acesso a dados verificados evita a propaga\u00e7\u00e3o de informa\u00e7\u00f5es erradas ou imprecisas.<\/p>\n\n\n\n<p>O <strong>Vocabul\u00e1rio Ortogr\u00e1fico da L\u00edngua Portuguesa<\/strong> \u00e9 uma ferramenta indispens\u00e1vel para quem deseja escrever com perfei\u00e7\u00e3o e evitar deslizes gramaticais em qualquer situa\u00e7\u00e3o. A <strong>Academia Brasileira de Letras<\/strong> disponibiliza recursos que auxiliam na busca pela excel\u00eancia lingu\u00edstica e promovem um <a target=\"_blank\" rel=\"noreferrer noopener\" href=\"https:\/\/www.academia.org.br\/nossa-lingua\/busca-no-vocabulario\">uso consciente do idioma<\/a>. Manter-se atualizado sobre as regras \u00e9 um dever de todo cidad\u00e3o que valoriza sua cultura nacional.<\/p>\n","protected":false},"excerpt":{"rendered":"<p>Muitas d\u00favidas surgem quando o assunto \u00e9 o uso correto de termos verbais que ouvimos frequentemente em conversas informais do dia a dia. Compreender as normas gramaticais ajuda a transmitir mensagens com mais clareza e seguran\u00e7a em diferentes situa\u00e7\u00f5es sociais. A norma culta orienta sobre as formas aceitas para garantir uma comunica\u00e7\u00e3o eficiente e evitar [&hellip;]<\/p>\n","protected":false},"author":21,"featured_media":231898,"comment_status":"open","ping_status":"open","sticky":false,"template":"","format":"standard","meta":{"_yoast_wpseo_focuskw":"conjuga\u00e7\u00e3o do verbo ser","_yoast_wpseo_title":"","_yoast_wpseo_metadesc":"D\u00favidas comuns sobre conjuga\u00e7\u00e3o verbal podem afetar sua comunica\u00e7\u00e3o e entender as formas corretas faz toda diferen\u00e7a no dia a dia","jnews-multi-image_gallery":[],"jnews_single_post":{"format":"standard"},"jnews_primary_category":[],"jnews_social_meta":[],"jnews_override_counter":[],"footnotes":""},"categories":[112],"post_tag":[],"class_list":["post-231886","post","type-post","status-publish","format-standard","has-post-thumbnail","hentry","category-curiosidades"],"yoast_head":"<!-- This site is optimized with the Yoast SEO plugin v24.6 - https:\/\/yoast.com\/wordpress\/plugins\/seo\/ -->\n<title>&quot;Seje&quot; ou &quot;seja&quot;, qual a forma correta na l\u00edngua portuguesa de acordo com a Academia Brasileira de Letras - Correio Braziliense - Radar<\/title>\n<meta name=\"description\" content=\"D\u00favidas comuns sobre conjuga\u00e7\u00e3o verbal podem afetar sua comunica\u00e7\u00e3o e entender as formas corretas faz toda diferen\u00e7a no dia a dia\" \/>\n<meta name=\"robots\" content=\"index, follow, max-snippet:-1, max-image-preview:large, max-video-preview:-1\" \/>\n<link rel=\"canonical\" href=\"https:\/\/www.correiobraziliense.com.br\/cbradar\/seje-ou-seja-qual-a-forma-correta-na-lingua-portuguesa-de-acordo-com-a-academia-brasileira-de-letras\/\" \/>\n<meta property=\"og:locale\" content=\"pt_BR\" \/>\n<meta property=\"og:type\" content=\"article\" \/>\n<meta property=\"og:title\" content=\"&quot;Seje&quot; ou &quot;seja&quot;, qual a forma correta na l\u00edngua portuguesa de acordo com a Academia Brasileira de Letras - Correio Braziliense - Radar\" \/>\n<meta property=\"og:description\" content=\"D\u00favidas comuns sobre conjuga\u00e7\u00e3o verbal podem afetar sua comunica\u00e7\u00e3o e entender as formas corretas faz toda diferen\u00e7a no dia a dia\" \/>\n<meta property=\"og:url\" content=\"https:\/\/www.correiobraziliense.com.br\/cbradar\/seje-ou-seja-qual-a-forma-correta-na-lingua-portuguesa-de-acordo-com-a-academia-brasileira-de-letras\/\" \/>\n<meta property=\"og:site_name\" content=\"Correio Braziliense - Radar\" \/>\n<meta property=\"article:published_time\" content=\"2026-04-26T11:45:00+00:00\" \/>\n<meta property=\"og:image\" content=\"https:\/\/www.correiobraziliense.com.br\/cbradar\/wp-content\/uploads\/2026\/04\/Gemini_Generated_Image_rofjxsrofjxsrofj-1-1.png\" \/>\n\t<meta property=\"og:image:width\" content=\"1280\" \/>\n\t<meta property=\"og:image:height\" content=\"720\" \/>\n\t<meta property=\"og:image:type\" content=\"image\/png\" \/>\n<meta name=\"author\" content=\"Patrick Silva\" \/>\n<meta name=\"twitter:card\" content=\"summary_large_image\" \/>\n<meta name=\"twitter:label1\" content=\"Escrito por\" \/>\n\t<meta name=\"twitter:data1\" content=\"Patrick Silva\" \/>\n\t<meta name=\"twitter:label2\" content=\"Est. tempo de leitura\" \/>\n\t<meta name=\"twitter:data2\" content=\"5 minutos\" \/>\n<!-- \/ Yoast SEO plugin. -->","yoast_head_json":{"title":"\"Seje\" ou \"seja\", qual a forma correta na l\u00edngua portuguesa de acordo com a Academia Brasileira de Letras - Correio Braziliense - Radar","description":"D\u00favidas comuns sobre conjuga\u00e7\u00e3o verbal podem afetar sua comunica\u00e7\u00e3o e entender as formas corretas faz toda diferen\u00e7a no dia a dia","robots":{"index":"index","follow":"follow","max-snippet":"max-snippet:-1","max-image-preview":"max-image-preview:large","max-video-preview":"max-video-preview:-1"},"canonical":"https:\/\/www.correiobraziliense.com.br\/cbradar\/seje-ou-seja-qual-a-forma-correta-na-lingua-portuguesa-de-acordo-com-a-academia-brasileira-de-letras\/","og_locale":"pt_BR","og_type":"article","og_title":"\"Seje\" ou \"seja\", qual a forma correta na l\u00edngua portuguesa de acordo com a Academia Brasileira de Letras - Correio Braziliense - Radar","og_description":"D\u00favidas comuns sobre conjuga\u00e7\u00e3o verbal podem afetar sua comunica\u00e7\u00e3o e entender as formas corretas faz toda diferen\u00e7a no dia a dia","og_url":"https:\/\/www.correiobraziliense.com.br\/cbradar\/seje-ou-seja-qual-a-forma-correta-na-lingua-portuguesa-de-acordo-com-a-academia-brasileira-de-letras\/","og_site_name":"Correio Braziliense - Radar","article_published_time":"2026-04-26T11:45:00+00:00","og_image":[{"width":1280,"height":720,"url":"https:\/\/www.correiobraziliense.com.br\/cbradar\/wp-content\/uploads\/2026\/04\/Gemini_Generated_Image_rofjxsrofjxsrofj-1-1.png","type":"image\/png"}],"author":"Patrick Silva","twitter_card":"summary_large_image","twitter_misc":{"Escrito por":"Patrick Silva","Est. tempo de leitura":"5 minutos"},"schema":{"@context":"https:\/\/schema.org","@graph":[{"@type":"WebPage","@id":"https:\/\/www.correiobraziliense.com.br\/cbradar\/seje-ou-seja-qual-a-forma-correta-na-lingua-portuguesa-de-acordo-com-a-academia-brasileira-de-letras\/","url":"https:\/\/www.correiobraziliense.com.br\/cbradar\/seje-ou-seja-qual-a-forma-correta-na-lingua-portuguesa-de-acordo-com-a-academia-brasileira-de-letras\/","name":"\"Seje\" ou \"seja\", qual a forma correta na l\u00edngua portuguesa de acordo com a Academia Brasileira de Letras - Correio Braziliense - Radar","isPartOf":{"@id":"https:\/\/www.correiobraziliense.com.br\/cbradar\/#website"},"primaryImageOfPage":{"@id":"https:\/\/www.correiobraziliense.com.br\/cbradar\/seje-ou-seja-qual-a-forma-correta-na-lingua-portuguesa-de-acordo-com-a-academia-brasileira-de-letras\/#primaryimage"},"image":{"@id":"https:\/\/www.correiobraziliense.com.br\/cbradar\/seje-ou-seja-qual-a-forma-correta-na-lingua-portuguesa-de-acordo-com-a-academia-brasileira-de-letras\/#primaryimage"},"thumbnailUrl":"https:\/\/www.correiobraziliense.com.br\/cbradar\/wp-content\/uploads\/2026\/04\/Gemini_Generated_Image_rofjxsrofjxsrofj-1-1.png","datePublished":"2026-04-26T11:45:00+00:00","author":{"@id":"https:\/\/www.correiobraziliense.com.br\/cbradar\/#\/schema\/person\/5440b72be9c7eb74f446c846479dc4da"},"description":"D\u00favidas comuns sobre conjuga\u00e7\u00e3o verbal podem afetar sua comunica\u00e7\u00e3o e entender as formas corretas faz toda diferen\u00e7a no dia a dia","breadcrumb":{"@id":"https:\/\/www.correiobraziliense.com.br\/cbradar\/seje-ou-seja-qual-a-forma-correta-na-lingua-portuguesa-de-acordo-com-a-academia-brasileira-de-letras\/#breadcrumb"},"inLanguage":"pt-BR","potentialAction":[{"@type":"ReadAction","target":["https:\/\/www.correiobraziliense.com.br\/cbradar\/seje-ou-seja-qual-a-forma-correta-na-lingua-portuguesa-de-acordo-com-a-academia-brasileira-de-letras\/"]}]},{"@type":"ImageObject","inLanguage":"pt-BR","@id":"https:\/\/www.correiobraziliense.com.br\/cbradar\/seje-ou-seja-qual-a-forma-correta-na-lingua-portuguesa-de-acordo-com-a-academia-brasileira-de-letras\/#primaryimage","url":"https:\/\/www.correiobraziliense.com.br\/cbradar\/wp-content\/uploads\/2026\/04\/Gemini_Generated_Image_rofjxsrofjxsrofj-1-1.png","contentUrl":"https:\/\/www.correiobraziliense.com.br\/cbradar\/wp-content\/uploads\/2026\/04\/Gemini_Generated_Image_rofjxsrofjxsrofj-1-1.png","width":1280,"height":720,"caption":"Usar corretamente o verbo ser melhora a comunica\u00e7\u00e3o e evita erros comuns na fala e na escrita"},{"@type":"BreadcrumbList","@id":"https:\/\/www.correiobraziliense.com.br\/cbradar\/seje-ou-seja-qual-a-forma-correta-na-lingua-portuguesa-de-acordo-com-a-academia-brasileira-de-letras\/#breadcrumb","itemListElement":[{"@type":"ListItem","position":1,"name":"In\u00edcio","item":"https:\/\/www.correiobraziliense.com.br\/cbradar\/"},{"@type":"ListItem","position":2,"name":"&#8220;Seje&#8221; ou &#8220;seja&#8221;, qual a forma correta na l\u00edngua portuguesa de acordo com a Academia Brasileira de Letras"}]},{"@type":"WebSite","@id":"https:\/\/www.correiobraziliense.com.br\/cbradar\/#website","url":"https:\/\/www.correiobraziliense.com.br\/cbradar\/","name":"Correio Braziliense - Radar","description":"Acompanhe as \u00faltimas not\u00edcias e fique bem informado sobre tudo o que acontece no Brasil e no mundo.","potentialAction":[{"@type":"SearchAction","target":{"@type":"EntryPoint","urlTemplate":"https:\/\/www.correiobraziliense.com.br\/cbradar\/?s={search_term_string}"},"query-input":{"@type":"PropertyValueSpecification","valueRequired":true,"valueName":"search_term_string"}}],"inLanguage":"pt-BR"},{"@type":"Person","@id":"https:\/\/www.correiobraziliense.com.br\/cbradar\/#\/schema\/person\/5440b72be9c7eb74f446c846479dc4da","name":"Patrick Silva","image":{"@type":"ImageObject","inLanguage":"pt-BR","@id":"https:\/\/www.correiobraziliense.com.br\/cbradar\/#\/schema\/person\/image\/","url":"https:\/\/secure.gravatar.com\/avatar\/944109df296fc087785c9715fd5f80b2?s=96&d=mm&r=g","contentUrl":"https:\/\/secure.gravatar.com\/avatar\/944109df296fc087785c9715fd5f80b2?s=96&d=mm&r=g","caption":"Patrick Silva"},"sameAs":["https:\/\/www.correiobraziliense.com.br\/cbradar\/"],"url":"https:\/\/www.correiobraziliense.com.br\/cbradar\/author\/patrick-silva\/"}]}},"_links":{"self":[{"href":"https:\/\/www.correiobraziliense.com.br\/cbradar\/wp-json\/wp\/v2\/posts\/231886","targetHints":{"allow":["GET"]}}],"collection":[{"href":"https:\/\/www.correiobraziliense.com.br\/cbradar\/wp-json\/wp\/v2\/posts"}],"about":[{"href":"https:\/\/www.correiobraziliense.com.br\/cbradar\/wp-json\/wp\/v2\/types\/post"}],"author":[{"embeddable":true,"href":"https:\/\/www.correiobraziliense.com.br\/cbradar\/wp-json\/wp\/v2\/users\/21"}],"replies":[{"embeddable":true,"href":"https:\/\/www.correiobraziliense.com.br\/cbradar\/wp-json\/wp\/v2\/comments?post=231886"}],"version-history":[{"count":1,"href":"https:\/\/www.correiobraziliense.com.br\/cbradar\/wp-json\/wp\/v2\/posts\/231886\/revisions"}],"predecessor-version":[{"id":231901,"href":"https:\/\/www.correiobraziliense.com.br\/cbradar\/wp-json\/wp\/v2\/posts\/231886\/revisions\/231901"}],"wp:featuredmedia":[{"embeddable":true,"href":"https:\/\/www.correiobraziliense.com.br\/cbradar\/wp-json\/wp\/v2\/media\/231898"}],"wp:attachment":[{"href":"https:\/\/www.correiobraziliense.com.br\/cbradar\/wp-json\/wp\/v2\/media?parent=231886"}],"wp:term":[{"taxonomy":"category","embeddable":true,"href":"https:\/\/www.correiobraziliense.com.br\/cbradar\/wp-json\/wp\/v2\/categories?post=231886"},{"taxonomy":"post_tag","embeddable":true,"href":"https:\/\/www.correiobraziliense.com.br\/cbradar\/wp-json\/wp\/v2\/post_tag?post=231886"}],"curies":[{"name":"wp","href":"https:\/\/api.w.org\/{rel}","templated":true}]}}