{"id":231887,"date":"2026-04-26T15:15:00","date_gmt":"2026-04-26T18:15:00","guid":{"rendered":"https:\/\/www.correiobraziliense.com.br\/cbradar\/?p=231887"},"modified":"2026-04-25T12:06:43","modified_gmt":"2026-04-25T15:06:43","slug":"ha-anos-ou-a-anos-a-regra-gramatical-por-tras-dessa-confusao","status":"publish","type":"post","link":"https:\/\/www.correiobraziliense.com.br\/cbradar\/ha-anos-ou-a-anos-a-regra-gramatical-por-tras-dessa-confusao\/","title":{"rendered":"\u201cH\u00e1 anos\u201d ou \u201cA anos\u201d? A regra gramatical por tr\u00e1s dessa confus\u00e3o"},"content":{"rendered":"\n<p>Muitas pessoas sentem d\u00favidas frequentes ao escrever sobre a passagem do tempo na l\u00edngua portuguesa de forma correta e clara. A distin\u00e7\u00e3o entre o uso do verbo haver e da preposi\u00e7\u00e3o exige aten\u00e7\u00e3o especial para garantir que a mensagem transmita profissionalismo e dom\u00ednio gramatical. Compreender essas pequenas diferen\u00e7as fundamentais melhora a qualidade da comunica\u00e7\u00e3o escrita em qualquer situa\u00e7\u00e3o.<\/p>\n\n\n\n<h2 class=\"wp-block-heading\">Por que o uso do verbo haver indica tempo decorrido?<\/h2>\n\n\n\n<p>A utiliza\u00e7\u00e3o da forma verbal para indicar acontecimentos que j\u00e1 passaram \u00e9 uma regra consolidada que remete \u00e0 exist\u00eancia de um intervalo temporal. Quando o objetivo \u00e9 expressar que algo aconteceu em um momento anterior ao presente, o emprego do verbo haver torna-se obrigat\u00f3rio. Esse conhecimento evita ambiguidades que podem comprometer a seriedade de textos profissionais ou acad\u00eamicos.<\/p>\n\n\n\n<p>Muitas vezes, a substitui\u00e7\u00e3o mental pelo verbo fazer ajuda a identificar se a constru\u00e7\u00e3o frasal exige o uso da letra inicial espec\u00edfica. Se for poss\u00edvel dizer que faz muito tempo desde um evento, a grafia correta deve conter obrigatoriamente a letra inicial que indica a a\u00e7\u00e3o. Essa t\u00e9cnica simples garante que a concord\u00e2ncia verbal esteja sempre alinhada perfeitamente.<\/p>\n\n\n\n<figure class=\"wp-block-image size-full\"><img decoding=\"async\" width=\"1280\" height=\"720\" src=\"https:\/\/www.correiobraziliense.com.br\/cbradar\/wp-content\/uploads\/2026\/04\/Gemini_Generated_Image_kqqv4kqqv4kqqv4k-1-1.png\" alt=\"\u201cH\u00e1 anos\u201d ou \u201cA anos\u201d? A regra gramatical por tr\u00e1s dessa confus\u00e3o\" class=\"wp-image-231907\" srcset=\"https:\/\/www.correiobraziliense.com.br\/cbradar\/wp-content\/uploads\/2026\/04\/Gemini_Generated_Image_kqqv4kqqv4kqqv4k-1-1.png 1280w, https:\/\/www.correiobraziliense.com.br\/cbradar\/wp-content\/uploads\/2026\/04\/Gemini_Generated_Image_kqqv4kqqv4kqqv4k-1-1-300x169.png 300w, https:\/\/www.correiobraziliense.com.br\/cbradar\/wp-content\/uploads\/2026\/04\/Gemini_Generated_Image_kqqv4kqqv4kqqv4k-1-1-768x432.png 768w, https:\/\/www.correiobraziliense.com.br\/cbradar\/wp-content\/uploads\/2026\/04\/Gemini_Generated_Image_kqqv4kqqv4kqqv4k-1-1-750x422.png 750w, https:\/\/www.correiobraziliense.com.br\/cbradar\/wp-content\/uploads\/2026\/04\/Gemini_Generated_Image_kqqv4kqqv4kqqv4k-1-1-1140x641.png 1140w\" sizes=\"(max-width: 1280px) 100vw, 1280px\" \/><figcaption class=\"wp-element-caption\">Saber usar h\u00e1 e a corretamente evita erros e melhora a clareza na comunica\u00e7\u00e3o escrita<\/figcaption><\/figure>\n\n\n\n<h2 class=\"wp-block-heading\">Quando a preposi\u00e7\u00e3o deve ser utilizada corretamente?<\/h2>\n\n\n\n<p>O emprego da vogal isolada ocorre principalmente para indicar situa\u00e7\u00f5es que ainda v\u00e3o acontecer ou dist\u00e2ncias f\u00edsicas entre dois pontos geogr\u00e1ficos distintos. Nesse contexto, a palavra atua como uma preposi\u00e7\u00e3o que conecta ideias de futuro ou de espa\u00e7o, sem qualquer rela\u00e7\u00e3o com a exist\u00eancia de tempo passado. Diferenciar esses usos \u00e9 fundamental para a clareza textual imediata.<\/p>\n\n\n\n<p>Utilizar a preposi\u00e7\u00e3o de forma equivocada para descrever fatos antigos \u00e9 um erro comum que pode ser corrigido com a observa\u00e7\u00e3o atenta do contexto. Quando a frase projeta uma a\u00e7\u00e3o para um momento que ainda vir\u00e1, a grafia simplificada \u00e9 a escolha adequada para manter a corre\u00e7\u00e3o gramatical necess\u00e1ria. O dom\u00ednio dessas regras b\u00e1sicas fortalece a autoridade escrita.<\/p>\n\n\n\n<h2 class=\"wp-block-heading\">Quais s\u00e3o os exemplos pr\u00e1ticos para diferenciar os termos?<\/h2>\n\n\n\n<p>Visualizar a aplica\u00e7\u00e3o das regras em frases cotidianas facilita a memoriza\u00e7\u00e3o e torna o processo de escrita muito mais intuitivo para o autor. A pr\u00e1tica constante de observar como as palavras se comportam em diferentes contextos temporais ajuda a fixar o conhecimento de maneira definitiva e natural. Ter clareza sobre essas varia\u00e7\u00f5es evita deslizes gramaticais comuns e desnecess\u00e1rios.<\/p>\n\n\n\n<p>Exemplos fundamentais para a correta aplica\u00e7\u00e3o das regras gramaticais:<\/p>\n\n\n\n<ul class=\"wp-block-list\">\n<li>Trabalho nesta empresa h\u00e1 cinco anos.<\/li>\n\n\n\n<li>O evento come\u00e7ar\u00e1 daqui a duas semanas.<\/li>\n\n\n\n<li>N\u00e3o visito minha cidade natal h\u00e1 d\u00e9cadas.<\/li>\n\n\n\n<li>A escola fica a poucos quil\u00f4metros daqui.<\/li>\n\n\n\n<li>O projeto ser\u00e1 entregue daqui a meses.<\/li>\n<\/ul>\n\n\n\n<h2 class=\"wp-block-heading\">Existe redund\u00e2ncia ao usar o termo passado junto ao verbo?<\/h2>\n\n\n\n<p>Um erro frequente na escrita envolve a repeti\u00e7\u00e3o desnecess\u00e1ria de palavras que possuem o mesmo significado dentro de uma \u00fanica frase curta. Como o verbo utilizado j\u00e1 carrega em si a ideia de tempo decorrido, adicionar palavras que refor\u00e7am o passado torna a constru\u00e7\u00e3o redundante e cansativa. Manter a economia de palavras contribui para um texto mais elegante.<\/p>\n\n\n\n<p>A eleg\u00e2ncia na escrita \u00e9 alcan\u00e7ada quando o autor consegue transmitir a mensagem de forma direta e sem repeti\u00e7\u00f5es que n\u00e3o agregam valor. Eliminar termos que apenas refor\u00e7am o que j\u00e1 foi dito pelo verbo principal \u00e9 uma pr\u00e1tica recomendada por especialistas em lingu\u00edstica moderna. O foco deve ser sempre a precis\u00e3o e a fluidez do racioc\u00ednio l\u00f3gico.<\/p>\n\n\n\n<figure class=\"wp-block-image size-full\"><img decoding=\"async\" width=\"1280\" height=\"720\" src=\"https:\/\/www.correiobraziliense.com.br\/cbradar\/wp-content\/uploads\/2026\/04\/Gemini_Generated_Image_q7txnmq7txnmq7tx-1-1.png\" alt=\"\u201cH\u00e1 anos\u201d ou \u201cA anos\u201d? A regra gramatical por tr\u00e1s dessa confus\u00e3o\" class=\"wp-image-231908\" srcset=\"https:\/\/www.correiobraziliense.com.br\/cbradar\/wp-content\/uploads\/2026\/04\/Gemini_Generated_Image_q7txnmq7txnmq7tx-1-1.png 1280w, https:\/\/www.correiobraziliense.com.br\/cbradar\/wp-content\/uploads\/2026\/04\/Gemini_Generated_Image_q7txnmq7txnmq7tx-1-1-300x169.png 300w, https:\/\/www.correiobraziliense.com.br\/cbradar\/wp-content\/uploads\/2026\/04\/Gemini_Generated_Image_q7txnmq7txnmq7tx-1-1-768x432.png 768w, https:\/\/www.correiobraziliense.com.br\/cbradar\/wp-content\/uploads\/2026\/04\/Gemini_Generated_Image_q7txnmq7txnmq7tx-1-1-750x422.png 750w, https:\/\/www.correiobraziliense.com.br\/cbradar\/wp-content\/uploads\/2026\/04\/Gemini_Generated_Image_q7txnmq7txnmq7tx-1-1-1140x641.png 1140w\" sizes=\"(max-width: 1280px) 100vw, 1280px\" \/><figcaption class=\"wp-element-caption\">Saber usar h\u00e1 e a corretamente evita erros e melhora a clareza na comunica\u00e7\u00e3o escrita<\/figcaption><\/figure>\n\n\n\n<p>Leia tamb\u00e9m: <a href=\"https:\/\/www.correiobraziliense.com.br\/cbradar\/eu-sei-como-voce-se-sente-a-frase-mais-dita-por-aqueles-que-menos-te-entendem-2\/\" target=\"_blank\" rel=\"noreferrer noopener\">\u201cEu sei como voc\u00ea se sente\u201d A frase mais dita por aqueles que menos te entendem<\/a><\/p>\n\n\n\n<h2 class=\"wp-block-heading\">Onde buscar orienta\u00e7\u00f5es oficiais sobre a norma culta?<\/h2>\n\n\n\n<p>Consultar dicion\u00e1rios e portais acad\u00eamicos reconhecidos \u00e9 a melhor maneira de sanar d\u00favidas e garantir que a produ\u00e7\u00e3o textual siga os padr\u00f5es exigidos. Ter acesso a informa\u00e7\u00f5es verificadas por institui\u00e7\u00f5es de ensino superior e \u00f3rg\u00e3os de linguagem ajuda a construir uma base s\u00f3lida de conhecimento lingu\u00edstico. A seguran\u00e7a na escrita nasce da busca por fontes confi\u00e1veis.<\/p>\n\n\n\n<p>O <strong>Vocabul\u00e1rio Ortogr\u00e1fico da L\u00edngua Portuguesa<\/strong> oferece um guia completo para quem deseja escrever corretamente e evitar confus\u00f5es entre termos semelhantes no dia a dia. A <strong>Academia Brasileira de Letras<\/strong> disponibiliza ferramentas digitais que facilitam a consulta r\u00e1pida e garantem que o <a target=\"_blank\" rel=\"noreferrer noopener\" href=\"https:\/\/www.academia.org.br\/nossa-lingua\/busca-no-vocabulario\">uso correto da gram\u00e1tica<\/a> seja preservado. Seguir essas normas valoriza a cultura do <strong>Brasil<\/strong>.<\/p>\n","protected":false},"excerpt":{"rendered":"<p>Muitas pessoas sentem d\u00favidas frequentes ao escrever sobre a passagem do tempo na l\u00edngua portuguesa de forma correta e clara. A distin\u00e7\u00e3o entre o uso do verbo haver e da preposi\u00e7\u00e3o exige aten\u00e7\u00e3o especial para garantir que a mensagem transmita profissionalismo e dom\u00ednio gramatical. Compreender essas pequenas diferen\u00e7as fundamentais melhora a qualidade da comunica\u00e7\u00e3o escrita [&hellip;]<\/p>\n","protected":false},"author":21,"featured_media":231906,"comment_status":"open","ping_status":"open","sticky":false,"template":"","format":"standard","meta":{"_yoast_wpseo_focuskw":"diferen\u00e7a entre h\u00e1 e a","_yoast_wpseo_title":"","_yoast_wpseo_metadesc":"Pequenos detalhes na escrita podem mudar totalmente o sentido das frases e dominar essas diferen\u00e7as evita erros comuns no dia a dia","jnews-multi-image_gallery":[],"jnews_single_post":{"format":"standard"},"jnews_primary_category":[],"jnews_social_meta":[],"jnews_override_counter":[],"footnotes":""},"categories":[112],"post_tag":[],"class_list":["post-231887","post","type-post","status-publish","format-standard","has-post-thumbnail","hentry","category-curiosidades"],"yoast_head":"<!-- This site is optimized with the Yoast SEO plugin v24.6 - https:\/\/yoast.com\/wordpress\/plugins\/seo\/ -->\n<title>\u201cH\u00e1 anos\u201d ou \u201cA anos\u201d? A regra gramatical por tr\u00e1s dessa confus\u00e3o - Correio Braziliense - Radar<\/title>\n<meta name=\"description\" content=\"Pequenos detalhes na escrita podem mudar totalmente o sentido das frases e dominar essas diferen\u00e7as evita erros comuns no dia a dia\" \/>\n<meta name=\"robots\" content=\"index, follow, max-snippet:-1, max-image-preview:large, max-video-preview:-1\" \/>\n<link rel=\"canonical\" href=\"https:\/\/www.correiobraziliense.com.br\/cbradar\/ha-anos-ou-a-anos-a-regra-gramatical-por-tras-dessa-confusao\/\" \/>\n<meta property=\"og:locale\" content=\"pt_BR\" \/>\n<meta property=\"og:type\" content=\"article\" \/>\n<meta property=\"og:title\" content=\"\u201cH\u00e1 anos\u201d ou \u201cA anos\u201d? A regra gramatical por tr\u00e1s dessa confus\u00e3o - Correio Braziliense - Radar\" \/>\n<meta property=\"og:description\" content=\"Pequenos detalhes na escrita podem mudar totalmente o sentido das frases e dominar essas diferen\u00e7as evita erros comuns no dia a dia\" \/>\n<meta property=\"og:url\" content=\"https:\/\/www.correiobraziliense.com.br\/cbradar\/ha-anos-ou-a-anos-a-regra-gramatical-por-tras-dessa-confusao\/\" \/>\n<meta property=\"og:site_name\" content=\"Correio Braziliense - Radar\" \/>\n<meta property=\"article:published_time\" content=\"2026-04-26T18:15:00+00:00\" \/>\n<meta property=\"og:image\" content=\"https:\/\/www.correiobraziliense.com.br\/cbradar\/wp-content\/uploads\/2026\/04\/Gemini_Generated_Image_44wxm244wxm244wx-1-1.png\" \/>\n\t<meta property=\"og:image:width\" content=\"1280\" \/>\n\t<meta property=\"og:image:height\" content=\"720\" \/>\n\t<meta property=\"og:image:type\" content=\"image\/png\" \/>\n<meta name=\"author\" content=\"Patrick Silva\" \/>\n<meta name=\"twitter:card\" content=\"summary_large_image\" \/>\n<meta name=\"twitter:label1\" content=\"Escrito por\" \/>\n\t<meta name=\"twitter:data1\" content=\"Patrick Silva\" \/>\n\t<meta name=\"twitter:label2\" content=\"Est. tempo de leitura\" \/>\n\t<meta name=\"twitter:data2\" content=\"5 minutos\" \/>\n<!-- \/ Yoast SEO plugin. -->","yoast_head_json":{"title":"\u201cH\u00e1 anos\u201d ou \u201cA anos\u201d? A regra gramatical por tr\u00e1s dessa confus\u00e3o - Correio Braziliense - Radar","description":"Pequenos detalhes na escrita podem mudar totalmente o sentido das frases e dominar essas diferen\u00e7as evita erros comuns no dia a dia","robots":{"index":"index","follow":"follow","max-snippet":"max-snippet:-1","max-image-preview":"max-image-preview:large","max-video-preview":"max-video-preview:-1"},"canonical":"https:\/\/www.correiobraziliense.com.br\/cbradar\/ha-anos-ou-a-anos-a-regra-gramatical-por-tras-dessa-confusao\/","og_locale":"pt_BR","og_type":"article","og_title":"\u201cH\u00e1 anos\u201d ou \u201cA anos\u201d? A regra gramatical por tr\u00e1s dessa confus\u00e3o - Correio Braziliense - Radar","og_description":"Pequenos detalhes na escrita podem mudar totalmente o sentido das frases e dominar essas diferen\u00e7as evita erros comuns no dia a dia","og_url":"https:\/\/www.correiobraziliense.com.br\/cbradar\/ha-anos-ou-a-anos-a-regra-gramatical-por-tras-dessa-confusao\/","og_site_name":"Correio Braziliense - Radar","article_published_time":"2026-04-26T18:15:00+00:00","og_image":[{"width":1280,"height":720,"url":"https:\/\/www.correiobraziliense.com.br\/cbradar\/wp-content\/uploads\/2026\/04\/Gemini_Generated_Image_44wxm244wxm244wx-1-1.png","type":"image\/png"}],"author":"Patrick Silva","twitter_card":"summary_large_image","twitter_misc":{"Escrito por":"Patrick Silva","Est. tempo de leitura":"5 minutos"},"schema":{"@context":"https:\/\/schema.org","@graph":[{"@type":"WebPage","@id":"https:\/\/www.correiobraziliense.com.br\/cbradar\/ha-anos-ou-a-anos-a-regra-gramatical-por-tras-dessa-confusao\/","url":"https:\/\/www.correiobraziliense.com.br\/cbradar\/ha-anos-ou-a-anos-a-regra-gramatical-por-tras-dessa-confusao\/","name":"\u201cH\u00e1 anos\u201d ou \u201cA anos\u201d? A regra gramatical por tr\u00e1s dessa confus\u00e3o - Correio Braziliense - Radar","isPartOf":{"@id":"https:\/\/www.correiobraziliense.com.br\/cbradar\/#website"},"primaryImageOfPage":{"@id":"https:\/\/www.correiobraziliense.com.br\/cbradar\/ha-anos-ou-a-anos-a-regra-gramatical-por-tras-dessa-confusao\/#primaryimage"},"image":{"@id":"https:\/\/www.correiobraziliense.com.br\/cbradar\/ha-anos-ou-a-anos-a-regra-gramatical-por-tras-dessa-confusao\/#primaryimage"},"thumbnailUrl":"https:\/\/www.correiobraziliense.com.br\/cbradar\/wp-content\/uploads\/2026\/04\/Gemini_Generated_Image_44wxm244wxm244wx-1-1.png","datePublished":"2026-04-26T18:15:00+00:00","author":{"@id":"https:\/\/www.correiobraziliense.com.br\/cbradar\/#\/schema\/person\/5440b72be9c7eb74f446c846479dc4da"},"description":"Pequenos detalhes na escrita podem mudar totalmente o sentido das frases e dominar essas diferen\u00e7as evita erros comuns no dia a dia","breadcrumb":{"@id":"https:\/\/www.correiobraziliense.com.br\/cbradar\/ha-anos-ou-a-anos-a-regra-gramatical-por-tras-dessa-confusao\/#breadcrumb"},"inLanguage":"pt-BR","potentialAction":[{"@type":"ReadAction","target":["https:\/\/www.correiobraziliense.com.br\/cbradar\/ha-anos-ou-a-anos-a-regra-gramatical-por-tras-dessa-confusao\/"]}]},{"@type":"ImageObject","inLanguage":"pt-BR","@id":"https:\/\/www.correiobraziliense.com.br\/cbradar\/ha-anos-ou-a-anos-a-regra-gramatical-por-tras-dessa-confusao\/#primaryimage","url":"https:\/\/www.correiobraziliense.com.br\/cbradar\/wp-content\/uploads\/2026\/04\/Gemini_Generated_Image_44wxm244wxm244wx-1-1.png","contentUrl":"https:\/\/www.correiobraziliense.com.br\/cbradar\/wp-content\/uploads\/2026\/04\/Gemini_Generated_Image_44wxm244wxm244wx-1-1.png","width":1280,"height":720,"caption":"Saber usar h\u00e1 e a corretamente evita erros e melhora a clareza na comunica\u00e7\u00e3o escrita"},{"@type":"BreadcrumbList","@id":"https:\/\/www.correiobraziliense.com.br\/cbradar\/ha-anos-ou-a-anos-a-regra-gramatical-por-tras-dessa-confusao\/#breadcrumb","itemListElement":[{"@type":"ListItem","position":1,"name":"In\u00edcio","item":"https:\/\/www.correiobraziliense.com.br\/cbradar\/"},{"@type":"ListItem","position":2,"name":"\u201cH\u00e1 anos\u201d ou \u201cA anos\u201d? A regra gramatical por tr\u00e1s dessa confus\u00e3o"}]},{"@type":"WebSite","@id":"https:\/\/www.correiobraziliense.com.br\/cbradar\/#website","url":"https:\/\/www.correiobraziliense.com.br\/cbradar\/","name":"Correio Braziliense - Radar","description":"Acompanhe as \u00faltimas not\u00edcias e fique bem informado sobre tudo o que acontece no Brasil e no mundo.","potentialAction":[{"@type":"SearchAction","target":{"@type":"EntryPoint","urlTemplate":"https:\/\/www.correiobraziliense.com.br\/cbradar\/?s={search_term_string}"},"query-input":{"@type":"PropertyValueSpecification","valueRequired":true,"valueName":"search_term_string"}}],"inLanguage":"pt-BR"},{"@type":"Person","@id":"https:\/\/www.correiobraziliense.com.br\/cbradar\/#\/schema\/person\/5440b72be9c7eb74f446c846479dc4da","name":"Patrick Silva","image":{"@type":"ImageObject","inLanguage":"pt-BR","@id":"https:\/\/www.correiobraziliense.com.br\/cbradar\/#\/schema\/person\/image\/","url":"https:\/\/secure.gravatar.com\/avatar\/944109df296fc087785c9715fd5f80b2?s=96&d=mm&r=g","contentUrl":"https:\/\/secure.gravatar.com\/avatar\/944109df296fc087785c9715fd5f80b2?s=96&d=mm&r=g","caption":"Patrick Silva"},"sameAs":["https:\/\/www.correiobraziliense.com.br\/cbradar\/"],"url":"https:\/\/www.correiobraziliense.com.br\/cbradar\/author\/patrick-silva\/"}]}},"_links":{"self":[{"href":"https:\/\/www.correiobraziliense.com.br\/cbradar\/wp-json\/wp\/v2\/posts\/231887","targetHints":{"allow":["GET"]}}],"collection":[{"href":"https:\/\/www.correiobraziliense.com.br\/cbradar\/wp-json\/wp\/v2\/posts"}],"about":[{"href":"https:\/\/www.correiobraziliense.com.br\/cbradar\/wp-json\/wp\/v2\/types\/post"}],"author":[{"embeddable":true,"href":"https:\/\/www.correiobraziliense.com.br\/cbradar\/wp-json\/wp\/v2\/users\/21"}],"replies":[{"embeddable":true,"href":"https:\/\/www.correiobraziliense.com.br\/cbradar\/wp-json\/wp\/v2\/comments?post=231887"}],"version-history":[{"count":1,"href":"https:\/\/www.correiobraziliense.com.br\/cbradar\/wp-json\/wp\/v2\/posts\/231887\/revisions"}],"predecessor-version":[{"id":231909,"href":"https:\/\/www.correiobraziliense.com.br\/cbradar\/wp-json\/wp\/v2\/posts\/231887\/revisions\/231909"}],"wp:featuredmedia":[{"embeddable":true,"href":"https:\/\/www.correiobraziliense.com.br\/cbradar\/wp-json\/wp\/v2\/media\/231906"}],"wp:attachment":[{"href":"https:\/\/www.correiobraziliense.com.br\/cbradar\/wp-json\/wp\/v2\/media?parent=231887"}],"wp:term":[{"taxonomy":"category","embeddable":true,"href":"https:\/\/www.correiobraziliense.com.br\/cbradar\/wp-json\/wp\/v2\/categories?post=231887"},{"taxonomy":"post_tag","embeddable":true,"href":"https:\/\/www.correiobraziliense.com.br\/cbradar\/wp-json\/wp\/v2\/post_tag?post=231887"}],"curies":[{"name":"wp","href":"https:\/\/api.w.org\/{rel}","templated":true}]}}