{"id":231890,"date":"2026-04-27T09:55:00","date_gmt":"2026-04-27T12:55:00","guid":{"rendered":"https:\/\/www.correiobraziliense.com.br\/cbradar\/?p=231890"},"modified":"2026-04-25T10:49:59","modified_gmt":"2026-04-25T13:49:59","slug":"o-alimento-comum-que-pode-atrapalhar-seu-sono-se-consumido-a-noite","status":"publish","type":"post","link":"https:\/\/www.correiobraziliense.com.br\/cbradar\/o-alimento-comum-que-pode-atrapalhar-seu-sono-se-consumido-a-noite\/","title":{"rendered":"O alimento comum que pode atrapalhar seu sono se consumido \u00e0 noite"},"content":{"rendered":"\n<p>Consumir determinados alimentos \u00e0 noite pode interferir diretamente na qualidade do sono e no funcionamento do organismo durante o descanso. Um dos mais comuns est\u00e1 presente no cotidiano e costuma passar despercebido. Entender seus efeitos ajuda a ajustar h\u00e1bitos alimentares e melhorar a recupera\u00e7\u00e3o noturna do corpo de forma consistente ao longo da rotina di\u00e1ria.<\/p>\n\n\n\n<h2 class=\"wp-block-heading\">Qual alimento comum pode prejudicar o sono quando consumido \u00e0 noite?<\/h2>\n\n\n\n<p>Entre os <a href=\"https:\/\/www.correiobraziliense.com.br\/cbradar\/cortar-alimentos-ultraprocessados-ajuda-muito-na-saude-mas-o-beneficio-real-so-aparece-apos-alguns-dias-de-adaptacao-do-organismo\/\" target=\"_blank\" rel=\"noreferrer noopener\">alimentos <\/a>mais associados \u00e0 piora do sono est\u00e1 o a\u00e7\u00facar refinado, presente em doces e bebidas industrializadas. Ele provoca <a href=\"https:\/\/sleep.me\/post\/how-sugar-affects-sleep\" target=\"_blank\" rel=\"noreferrer noopener\">picos de energia <\/a>seguidos de queda brusca, interferindo no relaxamento do corpo. Esse efeito pode dificultar o in\u00edcio do sono e reduzir sua qualidade ao longo da noite em diversas situa\u00e7\u00f5es comuns cotidianas frequentes.<\/p>\n\n\n\n<p>Esse tipo de alimento altera o equil\u00edbrio hormonal respons\u00e1vel pelo descanso noturno, afetando a produ\u00e7\u00e3o de melatonina e a regula\u00e7\u00e3o do ciclo circadiano. Quando consumido \u00e0 noite, o organismo permanece em estado de alerta, o que reduz a profundidade do sono e impacta a recupera\u00e7\u00e3o f\u00edsica e mental de forma significativa ao longo do tempo.<\/p>\n\n\n\n<figure class=\"wp-block-image size-full\"><img decoding=\"async\" width=\"1280\" height=\"720\" src=\"https:\/\/www.correiobraziliense.com.br\/cbradar\/wp-content\/uploads\/2026\/04\/download-2026-04-25T104738.412-1.png\" alt=\"\" class=\"wp-image-231915\" srcset=\"https:\/\/www.correiobraziliense.com.br\/cbradar\/wp-content\/uploads\/2026\/04\/download-2026-04-25T104738.412-1.png 1280w, https:\/\/www.correiobraziliense.com.br\/cbradar\/wp-content\/uploads\/2026\/04\/download-2026-04-25T104738.412-1-300x169.png 300w, https:\/\/www.correiobraziliense.com.br\/cbradar\/wp-content\/uploads\/2026\/04\/download-2026-04-25T104738.412-1-768x432.png 768w, https:\/\/www.correiobraziliense.com.br\/cbradar\/wp-content\/uploads\/2026\/04\/download-2026-04-25T104738.412-1-750x422.png 750w, https:\/\/www.correiobraziliense.com.br\/cbradar\/wp-content\/uploads\/2026\/04\/download-2026-04-25T104738.412-1-1140x641.png 1140w\" sizes=\"(max-width: 1280px) 100vw, 1280px\" \/><figcaption class=\"wp-element-caption\">Voc\u00ea pode estar comendo isso e n\u00e3o dormindo bem sem saber<\/figcaption><\/figure>\n\n\n\n<h2 class=\"wp-block-heading\">Como o a\u00e7\u00facar interfere na qualidade do sono noturno?<\/h2>\n\n\n\n<p>O consumo de a\u00e7\u00facar no per\u00edodo noturno estimula o sistema nervoso e aumenta a libera\u00e7\u00e3o de energia em momentos inadequados para o descanso. Esse processo dificulta o relaxamento natural do corpo e pode atrasar o in\u00edcio do sono, comprometendo a continuidade das fases mais profundas do ciclo noturno regular de forma bastante evidente geral.<\/p>\n\n\n\n<p>Al\u00e9m disso, o a\u00e7\u00facar contribui para varia\u00e7\u00f5es r\u00e1pidas de glicose no sangue, gerando despertares noturnos e sensa\u00e7\u00e3o de sono fragmentado. Esse impacto interfere diretamente na recupera\u00e7\u00e3o do organismo, reduz a efici\u00eancia do descanso e afeta o desempenho f\u00edsico e mental no dia seguinte de maneira percept\u00edvel e recorrente ao longo de todo per\u00edodo noturno geral.<\/p>\n\n\n\n<h2 class=\"wp-block-heading\">Quais efeitos o a\u00e7\u00facar provoca no organismo durante a noite?<\/h2>\n\n\n\n<p>Alguns alimentos comuns do cotidiano podem parecer inofensivos, mas quando consumidos \u00e0 noite interferem diretamente no processo de relaxamento necess\u00e1rio para o sono. Entre eles, o a\u00e7\u00facar refinado se destaca por afetar a estabilidade energ\u00e9tica do corpo, alterando padr\u00f5es fisiol\u00f3gicos importantes para o descanso adequado e cont\u00ednuo durante o per\u00edodo noturno de forma relevante geral.<\/p>\n\n\n\n<p>Efeitos principais observados no organismo ao consumir:<\/p>\n\n\n\n<figure class=\"wp-block-image size-full\"><img decoding=\"async\" width=\"1280\" height=\"705\" src=\"https:\/\/www.correiobraziliense.com.br\/cbradar\/wp-content\/uploads\/2026\/04\/convertido-15-4.jpg\" alt=\"\" class=\"wp-image-231892\" srcset=\"https:\/\/www.correiobraziliense.com.br\/cbradar\/wp-content\/uploads\/2026\/04\/convertido-15-4.jpg 1280w, https:\/\/www.correiobraziliense.com.br\/cbradar\/wp-content\/uploads\/2026\/04\/convertido-15-4-300x165.jpg 300w, https:\/\/www.correiobraziliense.com.br\/cbradar\/wp-content\/uploads\/2026\/04\/convertido-15-4-768x423.jpg 768w, https:\/\/www.correiobraziliense.com.br\/cbradar\/wp-content\/uploads\/2026\/04\/convertido-15-4-750x413.jpg 750w, https:\/\/www.correiobraziliense.com.br\/cbradar\/wp-content\/uploads\/2026\/04\/convertido-15-4-1140x628.jpg 1140w\" sizes=\"(max-width: 1280px) 100vw, 1280px\" \/><\/figure>\n\n\n\n<h2 class=\"wp-block-heading\">O que muda no sono ao reduzir o consumo de a\u00e7\u00facar \u00e0 noite?<\/h2>\n\n\n\n<p>A redu\u00e7\u00e3o do consumo de a\u00e7\u00facar no per\u00edodo noturno contribui para um sono mais est\u00e1vel e profundo, permitindo que o organismo mantenha seu ritmo natural de descanso. Esse ajuste alimentar favorece a recupera\u00e7\u00e3o celular e melhora o equil\u00edbrio hormonal, reduzindo interrup\u00e7\u00f5es frequentes durante as fases mais importantes do sono de forma cont\u00ednua leve geral.<\/p>\n\n\n\n<p>Com o tempo, a diminui\u00e7\u00e3o desse alimento tamb\u00e9m melhora a efici\u00eancia metab\u00f3lica durante a noite, permitindo que o corpo entre em estados mais profundos de repara\u00e7\u00e3o. Isso resulta em maior sensa\u00e7\u00e3o de disposi\u00e7\u00e3o ao acordar e menor sensa\u00e7\u00e3o de cansa\u00e7o acumulado ao longo do dia seguinte de forma consistente no organismo ao longo tempo geral.<\/p>\n\n\n\n<p><br>Este v\u00eddeo do canal <strong>Neurologia e Psiquiatria<\/strong>, que j\u00e1 re\u00fane 1,79 milh\u00e3o de inscritos, foi selecionado especialmente para voc\u00ea que quer entender se o a\u00e7\u00facar realmente causa sono e como ele afeta o c\u00e9rebro e a mem\u00f3ria. A explica\u00e7\u00e3o \u00e9 clara e ajuda a separar percep\u00e7\u00e3o comum de efeito biol\u00f3gico real no dia a dia.<\/p>\n\n\n\n<figure class=\"wp-block-embed is-type-video is-provider-youtube wp-block-embed-youtube wp-embed-aspect-16-9 wp-has-aspect-ratio\"><div class=\"wp-block-embed__wrapper\">\n<div class=\"jeg_video_container jeg_video_content\"><iframe loading=\"lazy\" title=\"A\u00e7\u00facar Causa Sono? Entenda o Efeito no C\u00e9rebro e na Mem\u00f3ria\" width=\"500\" height=\"281\" src=\"https:\/\/www.youtube.com\/embed\/3HB56ffB55k?feature=oembed\" frameborder=\"0\" allow=\"accelerometer; autoplay; clipboard-write; encrypted-media; gyroscope; picture-in-picture; web-share\" referrerpolicy=\"strict-origin-when-cross-origin\" allowfullscreen><\/iframe><\/div>\n<\/div><\/figure>\n\n\n\n<h2 class=\"wp-block-heading\">Como ajustar a alimenta\u00e7\u00e3o noturna para melhorar o sono?<\/h2>\n\n\n\n<p>Manter uma alimenta\u00e7\u00e3o leve no per\u00edodo noturno \u00e9 uma estrat\u00e9gia importante para preservar a qualidade do sono e evitar interfer\u00eancias no ciclo biol\u00f3gico. A escolha de alimentos adequados reduz est\u00edmulos desnecess\u00e1rios ao sistema nervoso e favorece um descanso mais profundo, contribuindo para melhor recupera\u00e7\u00e3o f\u00edsica e mental cont\u00ednua ao longo do tempo geral leve mais.<\/p>\n\n\n\n<p>A consist\u00eancia nesse h\u00e1bito alimentar cria condi\u00e7\u00f5es mais favor\u00e1veis para o funcionamento do organismo durante a noite, evitando picos de energia indesejados. Isso melhora a qualidade do sono e reduz despertares, garantindo maior equil\u00edbrio entre descanso e recupera\u00e7\u00e3o ao longo do ciclo di\u00e1rio de forma progressiva no organismo de forma cont\u00ednua leve geral tamb\u00e9m.<\/p>\n","protected":false},"excerpt":{"rendered":"<p>A\u00e7\u00facar e sono est\u00e3o diretamente ligados. Veja como esse alimento comum pode prejudicar seu descanso e afetar sua recupera\u00e7\u00e3o noturna<\/p>\n","protected":false},"author":23,"featured_media":231914,"comment_status":"open","ping_status":"open","sticky":false,"template":"","format":"standard","meta":{"_yoast_wpseo_focuskw":"Alimento comum","_yoast_wpseo_title":"","_yoast_wpseo_metadesc":"A\u00e7\u00facar e sono est\u00e3o diretamente ligados. Veja como esse alimento comum pode prejudicar seu descanso e afetar sua recupera\u00e7\u00e3o noturna","jnews-multi-image_gallery":[],"jnews_single_post":{"format":"standard"},"jnews_primary_category":[],"jnews_social_meta":[],"jnews_override_counter":[],"footnotes":""},"categories":[4404],"post_tag":[],"class_list":["post-231890","post","type-post","status-publish","format-standard","has-post-thumbnail","hentry","category-saude"],"yoast_head":"<!-- This site is optimized with the Yoast SEO plugin v24.6 - https:\/\/yoast.com\/wordpress\/plugins\/seo\/ -->\n<title>O alimento comum que pode atrapalhar seu sono se consumido \u00e0 noite - Correio Braziliense - Radar<\/title>\n<meta name=\"description\" content=\"A\u00e7\u00facar e sono est\u00e3o diretamente ligados. Veja como esse alimento comum pode prejudicar seu descanso e afetar sua recupera\u00e7\u00e3o noturna\" \/>\n<meta name=\"robots\" content=\"index, follow, max-snippet:-1, max-image-preview:large, max-video-preview:-1\" \/>\n<link rel=\"canonical\" href=\"https:\/\/www.correiobraziliense.com.br\/cbradar\/o-alimento-comum-que-pode-atrapalhar-seu-sono-se-consumido-a-noite\/\" \/>\n<meta property=\"og:locale\" content=\"pt_BR\" \/>\n<meta property=\"og:type\" content=\"article\" \/>\n<meta property=\"og:title\" content=\"O alimento comum que pode atrapalhar seu sono se consumido \u00e0 noite - Correio Braziliense - Radar\" \/>\n<meta property=\"og:description\" content=\"A\u00e7\u00facar e sono est\u00e3o diretamente ligados. Veja como esse alimento comum pode prejudicar seu descanso e afetar sua recupera\u00e7\u00e3o noturna\" \/>\n<meta property=\"og:url\" content=\"https:\/\/www.correiobraziliense.com.br\/cbradar\/o-alimento-comum-que-pode-atrapalhar-seu-sono-se-consumido-a-noite\/\" \/>\n<meta property=\"og:site_name\" content=\"Correio Braziliense - Radar\" \/>\n<meta property=\"article:published_time\" content=\"2026-04-27T12:55:00+00:00\" \/>\n<meta property=\"og:image\" content=\"https:\/\/www.correiobraziliense.com.br\/cbradar\/wp-content\/uploads\/2026\/04\/download-2026-04-25T104729.915-1.png\" \/>\n\t<meta property=\"og:image:width\" content=\"1280\" \/>\n\t<meta property=\"og:image:height\" content=\"720\" \/>\n\t<meta property=\"og:image:type\" content=\"image\/png\" \/>\n<meta name=\"author\" content=\"Nicolas Otto\" \/>\n<meta name=\"twitter:card\" content=\"summary_large_image\" \/>\n<meta name=\"twitter:label1\" content=\"Escrito por\" \/>\n\t<meta name=\"twitter:data1\" content=\"Nicolas Otto\" \/>\n\t<meta name=\"twitter:label2\" content=\"Est. tempo de leitura\" \/>\n\t<meta name=\"twitter:data2\" content=\"5 minutos\" \/>\n<!-- \/ Yoast SEO plugin. -->","yoast_head_json":{"title":"O alimento comum que pode atrapalhar seu sono se consumido \u00e0 noite - Correio Braziliense - Radar","description":"A\u00e7\u00facar e sono est\u00e3o diretamente ligados. Veja como esse alimento comum pode prejudicar seu descanso e afetar sua recupera\u00e7\u00e3o noturna","robots":{"index":"index","follow":"follow","max-snippet":"max-snippet:-1","max-image-preview":"max-image-preview:large","max-video-preview":"max-video-preview:-1"},"canonical":"https:\/\/www.correiobraziliense.com.br\/cbradar\/o-alimento-comum-que-pode-atrapalhar-seu-sono-se-consumido-a-noite\/","og_locale":"pt_BR","og_type":"article","og_title":"O alimento comum que pode atrapalhar seu sono se consumido \u00e0 noite - Correio Braziliense - Radar","og_description":"A\u00e7\u00facar e sono est\u00e3o diretamente ligados. Veja como esse alimento comum pode prejudicar seu descanso e afetar sua recupera\u00e7\u00e3o noturna","og_url":"https:\/\/www.correiobraziliense.com.br\/cbradar\/o-alimento-comum-que-pode-atrapalhar-seu-sono-se-consumido-a-noite\/","og_site_name":"Correio Braziliense - Radar","article_published_time":"2026-04-27T12:55:00+00:00","og_image":[{"width":1280,"height":720,"url":"https:\/\/www.correiobraziliense.com.br\/cbradar\/wp-content\/uploads\/2026\/04\/download-2026-04-25T104729.915-1.png","type":"image\/png"}],"author":"Nicolas Otto","twitter_card":"summary_large_image","twitter_misc":{"Escrito por":"Nicolas Otto","Est. tempo de leitura":"5 minutos"},"schema":{"@context":"https:\/\/schema.org","@graph":[{"@type":"WebPage","@id":"https:\/\/www.correiobraziliense.com.br\/cbradar\/o-alimento-comum-que-pode-atrapalhar-seu-sono-se-consumido-a-noite\/","url":"https:\/\/www.correiobraziliense.com.br\/cbradar\/o-alimento-comum-que-pode-atrapalhar-seu-sono-se-consumido-a-noite\/","name":"O alimento comum que pode atrapalhar seu sono se consumido \u00e0 noite - Correio Braziliense - Radar","isPartOf":{"@id":"https:\/\/www.correiobraziliense.com.br\/cbradar\/#website"},"primaryImageOfPage":{"@id":"https:\/\/www.correiobraziliense.com.br\/cbradar\/o-alimento-comum-que-pode-atrapalhar-seu-sono-se-consumido-a-noite\/#primaryimage"},"image":{"@id":"https:\/\/www.correiobraziliense.com.br\/cbradar\/o-alimento-comum-que-pode-atrapalhar-seu-sono-se-consumido-a-noite\/#primaryimage"},"thumbnailUrl":"https:\/\/www.correiobraziliense.com.br\/cbradar\/wp-content\/uploads\/2026\/04\/download-2026-04-25T104729.915-1.png","datePublished":"2026-04-27T12:55:00+00:00","author":{"@id":"https:\/\/www.correiobraziliense.com.br\/cbradar\/#\/schema\/person\/3221b250518e74ac52c442d1c1236aaa"},"description":"A\u00e7\u00facar e sono est\u00e3o diretamente ligados. Veja como esse alimento comum pode prejudicar seu descanso e afetar sua recupera\u00e7\u00e3o noturna","breadcrumb":{"@id":"https:\/\/www.correiobraziliense.com.br\/cbradar\/o-alimento-comum-que-pode-atrapalhar-seu-sono-se-consumido-a-noite\/#breadcrumb"},"inLanguage":"pt-BR","potentialAction":[{"@type":"ReadAction","target":["https:\/\/www.correiobraziliense.com.br\/cbradar\/o-alimento-comum-que-pode-atrapalhar-seu-sono-se-consumido-a-noite\/"]}]},{"@type":"ImageObject","inLanguage":"pt-BR","@id":"https:\/\/www.correiobraziliense.com.br\/cbradar\/o-alimento-comum-que-pode-atrapalhar-seu-sono-se-consumido-a-noite\/#primaryimage","url":"https:\/\/www.correiobraziliense.com.br\/cbradar\/wp-content\/uploads\/2026\/04\/download-2026-04-25T104729.915-1.png","contentUrl":"https:\/\/www.correiobraziliense.com.br\/cbradar\/wp-content\/uploads\/2026\/04\/download-2026-04-25T104729.915-1.png","width":1280,"height":720,"caption":"Voc\u00ea pode estar comendo isso e n\u00e3o dormindo bem sem saber"},{"@type":"BreadcrumbList","@id":"https:\/\/www.correiobraziliense.com.br\/cbradar\/o-alimento-comum-que-pode-atrapalhar-seu-sono-se-consumido-a-noite\/#breadcrumb","itemListElement":[{"@type":"ListItem","position":1,"name":"In\u00edcio","item":"https:\/\/www.correiobraziliense.com.br\/cbradar\/"},{"@type":"ListItem","position":2,"name":"O alimento comum que pode atrapalhar seu sono se consumido \u00e0 noite"}]},{"@type":"WebSite","@id":"https:\/\/www.correiobraziliense.com.br\/cbradar\/#website","url":"https:\/\/www.correiobraziliense.com.br\/cbradar\/","name":"Correio Braziliense - Radar","description":"Acompanhe as \u00faltimas not\u00edcias e fique bem informado sobre tudo o que acontece no Brasil e no mundo.","potentialAction":[{"@type":"SearchAction","target":{"@type":"EntryPoint","urlTemplate":"https:\/\/www.correiobraziliense.com.br\/cbradar\/?s={search_term_string}"},"query-input":{"@type":"PropertyValueSpecification","valueRequired":true,"valueName":"search_term_string"}}],"inLanguage":"pt-BR"},{"@type":"Person","@id":"https:\/\/www.correiobraziliense.com.br\/cbradar\/#\/schema\/person\/3221b250518e74ac52c442d1c1236aaa","name":"Nicolas Otto","image":{"@type":"ImageObject","inLanguage":"pt-BR","@id":"https:\/\/www.correiobraziliense.com.br\/cbradar\/#\/schema\/person\/image\/","url":"https:\/\/secure.gravatar.com\/avatar\/05925f730d72f0ea0df144f236adfb18?s=96&d=mm&r=g","contentUrl":"https:\/\/secure.gravatar.com\/avatar\/05925f730d72f0ea0df144f236adfb18?s=96&d=mm&r=g","caption":"Nicolas Otto"},"sameAs":["https:\/\/www.correiobraziliense.com.br\/cbradar\/"],"url":"https:\/\/www.correiobraziliense.com.br\/cbradar\/author\/nicolas-otto\/"}]}},"_links":{"self":[{"href":"https:\/\/www.correiobraziliense.com.br\/cbradar\/wp-json\/wp\/v2\/posts\/231890","targetHints":{"allow":["GET"]}}],"collection":[{"href":"https:\/\/www.correiobraziliense.com.br\/cbradar\/wp-json\/wp\/v2\/posts"}],"about":[{"href":"https:\/\/www.correiobraziliense.com.br\/cbradar\/wp-json\/wp\/v2\/types\/post"}],"author":[{"embeddable":true,"href":"https:\/\/www.correiobraziliense.com.br\/cbradar\/wp-json\/wp\/v2\/users\/23"}],"replies":[{"embeddable":true,"href":"https:\/\/www.correiobraziliense.com.br\/cbradar\/wp-json\/wp\/v2\/comments?post=231890"}],"version-history":[{"count":1,"href":"https:\/\/www.correiobraziliense.com.br\/cbradar\/wp-json\/wp\/v2\/posts\/231890\/revisions"}],"predecessor-version":[{"id":231917,"href":"https:\/\/www.correiobraziliense.com.br\/cbradar\/wp-json\/wp\/v2\/posts\/231890\/revisions\/231917"}],"wp:featuredmedia":[{"embeddable":true,"href":"https:\/\/www.correiobraziliense.com.br\/cbradar\/wp-json\/wp\/v2\/media\/231914"}],"wp:attachment":[{"href":"https:\/\/www.correiobraziliense.com.br\/cbradar\/wp-json\/wp\/v2\/media?parent=231890"}],"wp:term":[{"taxonomy":"category","embeddable":true,"href":"https:\/\/www.correiobraziliense.com.br\/cbradar\/wp-json\/wp\/v2\/categories?post=231890"},{"taxonomy":"post_tag","embeddable":true,"href":"https:\/\/www.correiobraziliense.com.br\/cbradar\/wp-json\/wp\/v2\/post_tag?post=231890"}],"curies":[{"name":"wp","href":"https:\/\/api.w.org\/{rel}","templated":true}]}}