{"id":231902,"date":"2026-04-26T18:15:00","date_gmt":"2026-04-26T21:15:00","guid":{"rendered":"https:\/\/www.correiobraziliense.com.br\/cbradar\/?p=231902"},"modified":"2026-04-25T12:06:51","modified_gmt":"2026-04-25T15:06:51","slug":"mas-ou-mais-como-identificar-a-diferenca-sem-travar-na-hora-de-escrever","status":"publish","type":"post","link":"https:\/\/www.correiobraziliense.com.br\/cbradar\/mas-ou-mais-como-identificar-a-diferenca-sem-travar-na-hora-de-escrever\/","title":{"rendered":"\u201cMas\u201d ou \u201cMais\u201d? Como identificar a diferen\u00e7a sem travar na hora de escrever"},"content":{"rendered":"\n<p>Muitas pessoas sentem uma inseguran\u00e7a natural ao redigir textos importantes devido \u00e0 semelhan\u00e7a sonora entre termos que possuem fun\u00e7\u00f5es gramaticais completamente distintas. Diferenciar o uso da oposi\u00e7\u00e3o e da intensidade \u00e9 fundamental para garantir que a mensagem seja transmitida com total clareza e profissionalismo. Dominar essas regras b\u00e1sicas fortalece a autoridade escrita e evita ru\u00eddos desnecess\u00e1rios.<\/p>\n\n\n\n<h2 class=\"wp-block-heading\">Por que ocorre a confus\u00e3o entre esses termos?<\/h2>\n\n\n\n<p>A semelhan\u00e7a na pron\u00fancia dessas palavras em diversos contextos informais acaba gerando uma d\u00favida recorrente no momento de registrar as ideias no papel ou no computador. Esse fen\u00f4meno lingu\u00edstico acontece porque a audi\u00e7\u00e3o nem sempre distingue a sutil diferen\u00e7a t\u00f4nica que separa o sentido de contrariedade do sentido de adi\u00e7\u00e3o num\u00e9rica. O c\u00e9rebro busca caminhos r\u00e1pidos.<\/p>\n\n\n\n<p>Al\u00e9m disso, o h\u00e1bito de abreviar comunica\u00e7\u00f5es em aplicativos de mensagens instant\u00e2neas contribui para que as regras da norma culta fiquem em segundo plano habitualmente. A falta de revis\u00e3o cuidadosa permite que deslizes ortogr\u00e1ficos se tornem autom\u00e1ticos, prejudicando a imagem de quem deseja demonstrar compet\u00eancia t\u00e9cnica elevada. Corrigir esses v\u00edcios exige aten\u00e7\u00e3o plena e pr\u00e1tica deliberada constante.<\/p>\n\n\n\n<figure class=\"wp-block-image size-full\"><img decoding=\"async\" width=\"1280\" height=\"720\" src=\"https:\/\/www.correiobraziliense.com.br\/cbradar\/wp-content\/uploads\/2026\/04\/Gemini_Generated_Image_bs1pu3bs1pu3bs1p-1-1.png\" alt=\"\u201cMas\u201d ou \u201cMais\u201d? Como identificar a diferen\u00e7a sem travar na hora de escrever\" class=\"wp-image-231913\" srcset=\"https:\/\/www.correiobraziliense.com.br\/cbradar\/wp-content\/uploads\/2026\/04\/Gemini_Generated_Image_bs1pu3bs1pu3bs1p-1-1.png 1280w, https:\/\/www.correiobraziliense.com.br\/cbradar\/wp-content\/uploads\/2026\/04\/Gemini_Generated_Image_bs1pu3bs1pu3bs1p-1-1-300x169.png 300w, https:\/\/www.correiobraziliense.com.br\/cbradar\/wp-content\/uploads\/2026\/04\/Gemini_Generated_Image_bs1pu3bs1pu3bs1p-1-1-768x432.png 768w, https:\/\/www.correiobraziliense.com.br\/cbradar\/wp-content\/uploads\/2026\/04\/Gemini_Generated_Image_bs1pu3bs1pu3bs1p-1-1-750x422.png 750w, https:\/\/www.correiobraziliense.com.br\/cbradar\/wp-content\/uploads\/2026\/04\/Gemini_Generated_Image_bs1pu3bs1pu3bs1p-1-1-1140x641.png 1140w\" sizes=\"(max-width: 1280px) 100vw, 1280px\" \/><figcaption class=\"wp-element-caption\">Saber usar mas e mais corretamente evita erros e melhora a clareza na escrita<\/figcaption><\/figure>\n\n\n\n<h2 class=\"wp-block-heading\">Qual \u00e9 a fun\u00e7\u00e3o da palavra sem a letra i?<\/h2>\n\n\n\n<p>O termo utilizado para ligar ora\u00e7\u00f5es que apresentam ideias opostas funciona como uma conjun\u00e7\u00e3o adversativa essencial para construir argumentos l\u00f3gicos e coerentes. Ele sinaliza que a informa\u00e7\u00e3o seguinte trar\u00e1 um contraste ou uma ressalva em rela\u00e7\u00e3o ao que foi dito anteriormente no texto. O uso correto preserva a inten\u00e7\u00e3o original do autor de forma precisa.<\/p>\n\n\n\n<p>Para verificar se a aplica\u00e7\u00e3o est\u00e1 correta, basta tentar substituir a palavra por termos equivalentes como por\u00e9m ou contudo sem alterar o sentido da frase montada. Essa t\u00e9cnica de substitui\u00e7\u00e3o mental \u00e9 infal\u00edvel para identificar se o contexto exige uma pausa que indique contradi\u00e7\u00e3o ou ressalva importante. Manter a coes\u00e3o textual depende diretamente dessa escolha gramatical bem feita.<\/p>\n\n\n\n<h2 class=\"wp-block-heading\">Quando deve-se utilizar o termo que indica adi\u00e7\u00e3o?<\/h2>\n\n\n\n<p>Quando o objetivo da frase \u00e9 expressar aumento, intensidade ou uma quantidade superior de elementos, a grafia com a vogal intermedi\u00e1ria torna-se a \u00fanica op\u00e7\u00e3o v\u00e1lida. Esse voc\u00e1bulo atua principalmente como um adv\u00e9rbio de intensidade ou pronome indefinido, sendo o oposto direto de menos em qualquer situa\u00e7\u00e3o. A clareza l\u00f3gica da senten\u00e7a depende desse detalhe visual.<\/p>\n\n\n\n<p>Exemplos claros de situa\u00e7\u00f5es que exigem o uso da forma de intensidade:<\/p>\n\n\n\n<ul class=\"wp-block-list\">\n<li>Ele quer ganhar mais dinheiro este ano.<\/li>\n\n\n\n<li>Ela \u00e9 a pessoa mais dedicada da equipe.<\/li>\n\n\n\n<li>Gostaria de mais uma x\u00edcara de caf\u00e9 quente.<\/li>\n\n\n\n<li>Este caminho \u00e9 muito mais longo que o outro.<\/li>\n\n\n\n<li>Eles viajaram para locais mais distantes e isolados.<\/li>\n\n\n\n<li>Preciso de mais tempo para concluir a tarefa.<\/li>\n<\/ul>\n\n\n\n<h2 class=\"wp-block-heading\">Como treinar o c\u00e9rebro para n\u00e3o errar mais?<\/h2>\n\n\n\n<p>A leitura constante de obras liter\u00e1rias e artigos informativos ajuda a fixar os padr\u00f5es visuais das palavras no subconsciente de maneira org\u00e2nica e muito eficaz. Ao observar como escritores experientes utilizam as conjun\u00e7\u00f5es e os adv\u00e9rbios, o leitor absorve as regras gramaticais sem a necessidade de memorizar tabelas complexas ou cansativas. O contato frequente educa o olhar.<\/p>\n\n\n\n<p>Escrever pequenos textos diariamente e realizar revis\u00f5es minuciosas tamb\u00e9m contribui para que o processo de escolha entre os termos se torne autom\u00e1tico e fluido. O esfor\u00e7o consciente de questionar a fun\u00e7\u00e3o da palavra antes de digit\u00e1-la cria novas conex\u00f5es neurais que facilitam a escrita correta. A disciplina \u00e9 o pilar para alcan\u00e7ar a excel\u00eancia comunicativa pretendida.<\/p>\n\n\n\n<figure class=\"wp-block-image size-full\"><img decoding=\"async\" width=\"1280\" height=\"720\" src=\"https:\/\/www.correiobraziliense.com.br\/cbradar\/wp-content\/uploads\/2026\/04\/Gemini_Generated_Image_upwcecupwcecupwc-1-1.png\" alt=\"\u201cMas\u201d ou \u201cMais\u201d? Como identificar a diferen\u00e7a sem travar na hora de escrever\" class=\"wp-image-231916\" srcset=\"https:\/\/www.correiobraziliense.com.br\/cbradar\/wp-content\/uploads\/2026\/04\/Gemini_Generated_Image_upwcecupwcecupwc-1-1.png 1280w, https:\/\/www.correiobraziliense.com.br\/cbradar\/wp-content\/uploads\/2026\/04\/Gemini_Generated_Image_upwcecupwcecupwc-1-1-300x169.png 300w, https:\/\/www.correiobraziliense.com.br\/cbradar\/wp-content\/uploads\/2026\/04\/Gemini_Generated_Image_upwcecupwcecupwc-1-1-768x432.png 768w, https:\/\/www.correiobraziliense.com.br\/cbradar\/wp-content\/uploads\/2026\/04\/Gemini_Generated_Image_upwcecupwcecupwc-1-1-750x422.png 750w, https:\/\/www.correiobraziliense.com.br\/cbradar\/wp-content\/uploads\/2026\/04\/Gemini_Generated_Image_upwcecupwcecupwc-1-1-1140x641.png 1140w\" sizes=\"(max-width: 1280px) 100vw, 1280px\" \/><figcaption class=\"wp-element-caption\">Saber usar mas e mais corretamente evita erros e melhora a clareza na escrita<\/figcaption><\/figure>\n\n\n\n<p>Leia tamb\u00e9m: <a href=\"https:\/\/www.correiobraziliense.com.br\/cbradar\/eu-sei-como-voce-se-sente-a-frase-mais-dita-por-aqueles-que-menos-te-entendem-2\/\" target=\"_blank\" rel=\"noreferrer noopener\">\u201cEu sei como voc\u00ea se sente\u201d A frase mais dita por aqueles que menos te entendem<\/a><\/p>\n\n\n\n<h2 class=\"wp-block-heading\">Onde encontrar suporte oficial para tirar d\u00favidas?<\/h2>\n\n\n\n<p>Consultar guias de refer\u00eancia produzidos por institui\u00e7\u00f5es que zelam pela integridade do idioma \u00e9 a melhor forma de garantir que a produ\u00e7\u00e3o textual esteja correta. Essas ferramentas oferecem explica\u00e7\u00f5es detalhadas e exemplos que sanam questionamentos sobre as normas vigentes em todo o territ\u00f3rio nacional. Ter acesso a informa\u00e7\u00f5es verificadas elimina a inseguran\u00e7a e promove o aprendizado cont\u00ednuo.<\/p>\n\n\n\n<p>O site da <strong>Academia Brasileira de Letras<\/strong> disponibiliza o <strong><a target=\"_blank\" rel=\"noreferrer noopener\" href=\"https:\/\/www.academia.org.br\/nossa-lingua\/busca-no-vocabulario\">Vocabul\u00e1rio Ortogr\u00e1fico da L\u00edngua Portuguesa<\/a><\/strong> para que qualquer pessoa possa validar a grafia de palavras complexas rapidamente. Seguir as orienta\u00e7\u00f5es de \u00f3rg\u00e3os oficiais assegura que o texto respeite a padroniza\u00e7\u00e3o necess\u00e1ria para ser bem compreendido por todos os leitores. A busca pela precis\u00e3o lingu\u00edstica valoriza a cultura e a identidade nacional.<\/p>\n","protected":false},"excerpt":{"rendered":"<p>Muitas pessoas sentem uma inseguran\u00e7a natural ao redigir textos importantes devido \u00e0 semelhan\u00e7a sonora entre termos que possuem fun\u00e7\u00f5es gramaticais completamente distintas. Diferenciar o uso da oposi\u00e7\u00e3o e da intensidade \u00e9 fundamental para garantir que a mensagem seja transmitida com total clareza e profissionalismo. Dominar essas regras b\u00e1sicas fortalece a autoridade escrita e evita ru\u00eddos [&hellip;]<\/p>\n","protected":false},"author":21,"featured_media":231911,"comment_status":"open","ping_status":"open","sticky":false,"template":"","format":"standard","meta":{"_yoast_wpseo_focuskw":"diferen\u00e7a entre mas e mais","_yoast_wpseo_title":"","_yoast_wpseo_metadesc":"Pequenos detalhes na escrita podem mudar o sentido das frases e dominar essa diferen\u00e7a evita erros comuns na comunica\u00e7\u00e3o di\u00e1ria","jnews-multi-image_gallery":[],"jnews_single_post":{"format":"standard"},"jnews_primary_category":[],"jnews_social_meta":[],"jnews_override_counter":[],"footnotes":""},"categories":[112],"post_tag":[],"class_list":["post-231902","post","type-post","status-publish","format-standard","has-post-thumbnail","hentry","category-curiosidades"],"yoast_head":"<!-- This site is optimized with the Yoast SEO plugin v24.6 - https:\/\/yoast.com\/wordpress\/plugins\/seo\/ -->\n<title>\u201cMas\u201d ou \u201cMais\u201d? Como identificar a diferen\u00e7a sem travar na hora de escrever - Correio Braziliense - Radar<\/title>\n<meta name=\"description\" content=\"Pequenos detalhes na escrita podem mudar o sentido das frases e dominar essa diferen\u00e7a evita erros comuns na comunica\u00e7\u00e3o di\u00e1ria\" \/>\n<meta name=\"robots\" content=\"index, follow, max-snippet:-1, max-image-preview:large, max-video-preview:-1\" \/>\n<link rel=\"canonical\" href=\"https:\/\/www.correiobraziliense.com.br\/cbradar\/mas-ou-mais-como-identificar-a-diferenca-sem-travar-na-hora-de-escrever\/\" \/>\n<meta property=\"og:locale\" content=\"pt_BR\" \/>\n<meta property=\"og:type\" content=\"article\" \/>\n<meta property=\"og:title\" content=\"\u201cMas\u201d ou \u201cMais\u201d? Como identificar a diferen\u00e7a sem travar na hora de escrever - Correio Braziliense - Radar\" \/>\n<meta property=\"og:description\" content=\"Pequenos detalhes na escrita podem mudar o sentido das frases e dominar essa diferen\u00e7a evita erros comuns na comunica\u00e7\u00e3o di\u00e1ria\" \/>\n<meta property=\"og:url\" content=\"https:\/\/www.correiobraziliense.com.br\/cbradar\/mas-ou-mais-como-identificar-a-diferenca-sem-travar-na-hora-de-escrever\/\" \/>\n<meta property=\"og:site_name\" content=\"Correio Braziliense - Radar\" \/>\n<meta property=\"article:published_time\" content=\"2026-04-26T21:15:00+00:00\" \/>\n<meta property=\"og:image\" content=\"https:\/\/www.correiobraziliense.com.br\/cbradar\/wp-content\/uploads\/2026\/04\/Gemini_Generated_Image_79gy8379gy8379gy-1-1.png\" \/>\n\t<meta property=\"og:image:width\" content=\"1280\" \/>\n\t<meta property=\"og:image:height\" content=\"720\" \/>\n\t<meta property=\"og:image:type\" content=\"image\/png\" \/>\n<meta name=\"author\" content=\"Patrick Silva\" \/>\n<meta name=\"twitter:card\" content=\"summary_large_image\" \/>\n<meta name=\"twitter:label1\" content=\"Escrito por\" \/>\n\t<meta name=\"twitter:data1\" content=\"Patrick Silva\" \/>\n\t<meta name=\"twitter:label2\" content=\"Est. tempo de leitura\" \/>\n\t<meta name=\"twitter:data2\" content=\"5 minutos\" \/>\n<!-- \/ Yoast SEO plugin. -->","yoast_head_json":{"title":"\u201cMas\u201d ou \u201cMais\u201d? Como identificar a diferen\u00e7a sem travar na hora de escrever - Correio Braziliense - Radar","description":"Pequenos detalhes na escrita podem mudar o sentido das frases e dominar essa diferen\u00e7a evita erros comuns na comunica\u00e7\u00e3o di\u00e1ria","robots":{"index":"index","follow":"follow","max-snippet":"max-snippet:-1","max-image-preview":"max-image-preview:large","max-video-preview":"max-video-preview:-1"},"canonical":"https:\/\/www.correiobraziliense.com.br\/cbradar\/mas-ou-mais-como-identificar-a-diferenca-sem-travar-na-hora-de-escrever\/","og_locale":"pt_BR","og_type":"article","og_title":"\u201cMas\u201d ou \u201cMais\u201d? Como identificar a diferen\u00e7a sem travar na hora de escrever - Correio Braziliense - Radar","og_description":"Pequenos detalhes na escrita podem mudar o sentido das frases e dominar essa diferen\u00e7a evita erros comuns na comunica\u00e7\u00e3o di\u00e1ria","og_url":"https:\/\/www.correiobraziliense.com.br\/cbradar\/mas-ou-mais-como-identificar-a-diferenca-sem-travar-na-hora-de-escrever\/","og_site_name":"Correio Braziliense - Radar","article_published_time":"2026-04-26T21:15:00+00:00","og_image":[{"width":1280,"height":720,"url":"https:\/\/www.correiobraziliense.com.br\/cbradar\/wp-content\/uploads\/2026\/04\/Gemini_Generated_Image_79gy8379gy8379gy-1-1.png","type":"image\/png"}],"author":"Patrick Silva","twitter_card":"summary_large_image","twitter_misc":{"Escrito por":"Patrick Silva","Est. tempo de leitura":"5 minutos"},"schema":{"@context":"https:\/\/schema.org","@graph":[{"@type":"WebPage","@id":"https:\/\/www.correiobraziliense.com.br\/cbradar\/mas-ou-mais-como-identificar-a-diferenca-sem-travar-na-hora-de-escrever\/","url":"https:\/\/www.correiobraziliense.com.br\/cbradar\/mas-ou-mais-como-identificar-a-diferenca-sem-travar-na-hora-de-escrever\/","name":"\u201cMas\u201d ou \u201cMais\u201d? Como identificar a diferen\u00e7a sem travar na hora de escrever - Correio Braziliense - Radar","isPartOf":{"@id":"https:\/\/www.correiobraziliense.com.br\/cbradar\/#website"},"primaryImageOfPage":{"@id":"https:\/\/www.correiobraziliense.com.br\/cbradar\/mas-ou-mais-como-identificar-a-diferenca-sem-travar-na-hora-de-escrever\/#primaryimage"},"image":{"@id":"https:\/\/www.correiobraziliense.com.br\/cbradar\/mas-ou-mais-como-identificar-a-diferenca-sem-travar-na-hora-de-escrever\/#primaryimage"},"thumbnailUrl":"https:\/\/www.correiobraziliense.com.br\/cbradar\/wp-content\/uploads\/2026\/04\/Gemini_Generated_Image_79gy8379gy8379gy-1-1.png","datePublished":"2026-04-26T21:15:00+00:00","author":{"@id":"https:\/\/www.correiobraziliense.com.br\/cbradar\/#\/schema\/person\/5440b72be9c7eb74f446c846479dc4da"},"description":"Pequenos detalhes na escrita podem mudar o sentido das frases e dominar essa diferen\u00e7a evita erros comuns na comunica\u00e7\u00e3o di\u00e1ria","breadcrumb":{"@id":"https:\/\/www.correiobraziliense.com.br\/cbradar\/mas-ou-mais-como-identificar-a-diferenca-sem-travar-na-hora-de-escrever\/#breadcrumb"},"inLanguage":"pt-BR","potentialAction":[{"@type":"ReadAction","target":["https:\/\/www.correiobraziliense.com.br\/cbradar\/mas-ou-mais-como-identificar-a-diferenca-sem-travar-na-hora-de-escrever\/"]}]},{"@type":"ImageObject","inLanguage":"pt-BR","@id":"https:\/\/www.correiobraziliense.com.br\/cbradar\/mas-ou-mais-como-identificar-a-diferenca-sem-travar-na-hora-de-escrever\/#primaryimage","url":"https:\/\/www.correiobraziliense.com.br\/cbradar\/wp-content\/uploads\/2026\/04\/Gemini_Generated_Image_79gy8379gy8379gy-1-1.png","contentUrl":"https:\/\/www.correiobraziliense.com.br\/cbradar\/wp-content\/uploads\/2026\/04\/Gemini_Generated_Image_79gy8379gy8379gy-1-1.png","width":1280,"height":720,"caption":"Saber usar mas e mais corretamente evita erros e melhora a clareza na escrita"},{"@type":"BreadcrumbList","@id":"https:\/\/www.correiobraziliense.com.br\/cbradar\/mas-ou-mais-como-identificar-a-diferenca-sem-travar-na-hora-de-escrever\/#breadcrumb","itemListElement":[{"@type":"ListItem","position":1,"name":"In\u00edcio","item":"https:\/\/www.correiobraziliense.com.br\/cbradar\/"},{"@type":"ListItem","position":2,"name":"\u201cMas\u201d ou \u201cMais\u201d? Como identificar a diferen\u00e7a sem travar na hora de escrever"}]},{"@type":"WebSite","@id":"https:\/\/www.correiobraziliense.com.br\/cbradar\/#website","url":"https:\/\/www.correiobraziliense.com.br\/cbradar\/","name":"Correio Braziliense - Radar","description":"Acompanhe as \u00faltimas not\u00edcias e fique bem informado sobre tudo o que acontece no Brasil e no mundo.","potentialAction":[{"@type":"SearchAction","target":{"@type":"EntryPoint","urlTemplate":"https:\/\/www.correiobraziliense.com.br\/cbradar\/?s={search_term_string}"},"query-input":{"@type":"PropertyValueSpecification","valueRequired":true,"valueName":"search_term_string"}}],"inLanguage":"pt-BR"},{"@type":"Person","@id":"https:\/\/www.correiobraziliense.com.br\/cbradar\/#\/schema\/person\/5440b72be9c7eb74f446c846479dc4da","name":"Patrick Silva","image":{"@type":"ImageObject","inLanguage":"pt-BR","@id":"https:\/\/www.correiobraziliense.com.br\/cbradar\/#\/schema\/person\/image\/","url":"https:\/\/secure.gravatar.com\/avatar\/944109df296fc087785c9715fd5f80b2?s=96&d=mm&r=g","contentUrl":"https:\/\/secure.gravatar.com\/avatar\/944109df296fc087785c9715fd5f80b2?s=96&d=mm&r=g","caption":"Patrick Silva"},"sameAs":["https:\/\/www.correiobraziliense.com.br\/cbradar\/"],"url":"https:\/\/www.correiobraziliense.com.br\/cbradar\/author\/patrick-silva\/"}]}},"_links":{"self":[{"href":"https:\/\/www.correiobraziliense.com.br\/cbradar\/wp-json\/wp\/v2\/posts\/231902","targetHints":{"allow":["GET"]}}],"collection":[{"href":"https:\/\/www.correiobraziliense.com.br\/cbradar\/wp-json\/wp\/v2\/posts"}],"about":[{"href":"https:\/\/www.correiobraziliense.com.br\/cbradar\/wp-json\/wp\/v2\/types\/post"}],"author":[{"embeddable":true,"href":"https:\/\/www.correiobraziliense.com.br\/cbradar\/wp-json\/wp\/v2\/users\/21"}],"replies":[{"embeddable":true,"href":"https:\/\/www.correiobraziliense.com.br\/cbradar\/wp-json\/wp\/v2\/comments?post=231902"}],"version-history":[{"count":1,"href":"https:\/\/www.correiobraziliense.com.br\/cbradar\/wp-json\/wp\/v2\/posts\/231902\/revisions"}],"predecessor-version":[{"id":231919,"href":"https:\/\/www.correiobraziliense.com.br\/cbradar\/wp-json\/wp\/v2\/posts\/231902\/revisions\/231919"}],"wp:featuredmedia":[{"embeddable":true,"href":"https:\/\/www.correiobraziliense.com.br\/cbradar\/wp-json\/wp\/v2\/media\/231911"}],"wp:attachment":[{"href":"https:\/\/www.correiobraziliense.com.br\/cbradar\/wp-json\/wp\/v2\/media?parent=231902"}],"wp:term":[{"taxonomy":"category","embeddable":true,"href":"https:\/\/www.correiobraziliense.com.br\/cbradar\/wp-json\/wp\/v2\/categories?post=231902"},{"taxonomy":"post_tag","embeddable":true,"href":"https:\/\/www.correiobraziliense.com.br\/cbradar\/wp-json\/wp\/v2\/post_tag?post=231902"}],"curies":[{"name":"wp","href":"https:\/\/api.w.org\/{rel}","templated":true}]}}