{"id":231912,"date":"2026-04-26T20:35:00","date_gmt":"2026-04-26T23:35:00","guid":{"rendered":"https:\/\/www.correiobraziliense.com.br\/cbradar\/?p=231912"},"modified":"2026-04-25T12:06:57","modified_gmt":"2026-04-25T15:06:57","slug":"perca-ou-perda-o-detalhe-gramatical-que-muda-completamente-o-sentido-da-frase","status":"publish","type":"post","link":"https:\/\/www.correiobraziliense.com.br\/cbradar\/perca-ou-perda-o-detalhe-gramatical-que-muda-completamente-o-sentido-da-frase\/","title":{"rendered":"\u201cPerca\u201d ou \u201cPerda\u201d? O detalhe gramatical que muda completamente o sentido da frase"},"content":{"rendered":"\n<p>Muitas pessoas sentem uma inseguran\u00e7a natural ao redigir mensagens importantes devido \u00e0 semelhan\u00e7a sonora entre termos que possuem fun\u00e7\u00f5es gramaticais completamente distintas. Diferenciar o uso do substantivo e do verbo \u00e9 fundamental para garantir que a mensagem seja transmitida com total clareza e profissionalismo. Dominar essas regras b\u00e1sicas fortalece a autoridade escrita e evita ru\u00eddos desnecess\u00e1rios.<\/p>\n\n\n\n<h2 class=\"wp-block-heading\">Por que ocorre a confus\u00e3o entre esses termos?<\/h2>\n\n\n\n<p>A semelhan\u00e7a na pron\u00fancia dessas palavras em diversos contextos informais acaba gerando uma d\u00favida recorrente no momento de registrar as ideias no papel ou no computador. Esse fen\u00f4meno lingu\u00edstico acontece porque a audi\u00e7\u00e3o nem sempre distingue a sutil diferen\u00e7a t\u00f4nica que separa o sentido de um objeto perdido de uma a\u00e7\u00e3o verbal em andamento. O c\u00e9rebro busca atalhos.<\/p>\n\n\n\n<p>Al\u00e9m disso, o h\u00e1bito de abreviar comunica\u00e7\u00f5es em aplicativos de mensagens instant\u00e2neas contribui para que as regras da norma culta fiquem em segundo plano frequentemente. A falta de revis\u00e3o cuidadosa permite que deslizes ortogr\u00e1ficos se tornem autom\u00e1ticos, prejudicando a imagem de quem deseja demonstrar compet\u00eancia t\u00e9cnica elevada. Corrigir esses v\u00edcios exige aten\u00e7\u00e3o plena e muita pr\u00e1tica deliberada.<\/p>\n\n\n\n<figure class=\"wp-block-image size-full\"><img decoding=\"async\" width=\"1280\" height=\"720\" src=\"https:\/\/www.correiobraziliense.com.br\/cbradar\/wp-content\/uploads\/2026\/04\/Gemini_Generated_Image_dt1j89dt1j89dt1j-1-1.png\" alt=\"\u201cPerca\u201d ou \u201cPerda\u201d? O detalhe gramatical que muda completamente o sentido da frase\" class=\"wp-image-231922\" srcset=\"https:\/\/www.correiobraziliense.com.br\/cbradar\/wp-content\/uploads\/2026\/04\/Gemini_Generated_Image_dt1j89dt1j89dt1j-1-1.png 1280w, https:\/\/www.correiobraziliense.com.br\/cbradar\/wp-content\/uploads\/2026\/04\/Gemini_Generated_Image_dt1j89dt1j89dt1j-1-1-300x169.png 300w, https:\/\/www.correiobraziliense.com.br\/cbradar\/wp-content\/uploads\/2026\/04\/Gemini_Generated_Image_dt1j89dt1j89dt1j-1-1-768x432.png 768w, https:\/\/www.correiobraziliense.com.br\/cbradar\/wp-content\/uploads\/2026\/04\/Gemini_Generated_Image_dt1j89dt1j89dt1j-1-1-750x422.png 750w, https:\/\/www.correiobraziliense.com.br\/cbradar\/wp-content\/uploads\/2026\/04\/Gemini_Generated_Image_dt1j89dt1j89dt1j-1-1-1140x641.png 1140w\" sizes=\"(max-width: 1280px) 100vw, 1280px\" \/><figcaption class=\"wp-element-caption\">Saber usar perda e perca corretamente evita erros e melhora a clareza na escrita<\/figcaption><\/figure>\n\n\n\n<h2 class=\"wp-block-heading\">Qual \u00e9 a fun\u00e7\u00e3o da palavra escrita com d?<\/h2>\n\n\n\n<p>O termo que utiliza a letra intermedi\u00e1ria funciona exclusivamente como um substantivo que indica o extravio ou o desaparecimento de algo valioso para o indiv\u00edduo. Ele deve ser utilizado sempre que vier acompanhado de artigos ou pronomes que determinam o objeto central da frase em quest\u00e3o. A clareza l\u00f3gica da senten\u00e7a depende desse detalhe visual e gramatical.<\/p>\n\n\n\n<p>Identificar essa fun\u00e7\u00e3o \u00e9 simples quando percebemos que a palavra representa um conceito est\u00e1tico e n\u00e3o um movimento ou pedido imediato para algu\u00e9m. Quando dizemos que algu\u00e9m sofreu um preju\u00edzo material, estamos lidando com um estado de priva\u00e7\u00e3o que exige o uso da forma nominal correta. O dom\u00ednio dessas estruturas b\u00e1sicas \u00e9 essencial para uma comunica\u00e7\u00e3o escrita eficaz.<\/p>\n\n\n\n<h2 class=\"wp-block-heading\">Como identificar o uso da forma verbal correta?<\/h2>\n\n\n\n<p>Quando o objetivo da frase \u00e9 expressar uma a\u00e7\u00e3o ou um desejo no modo subjuntivo, a grafia com a letra c torna-se a \u00fanica op\u00e7\u00e3o v\u00e1lida. Esse voc\u00e1bulo atua como uma flex\u00e3o do verbo perder, sendo utilizado em constru\u00e7\u00f5es que indicam possibilidade ou ordens diretas para o interlocutor. A inten\u00e7\u00e3o do autor fica evidente por meio desse detalhe.<\/p>\n\n\n\n<p>Exemplos claros de situa\u00e7\u00f5es que exigem o uso da forma de a\u00e7\u00e3o:<\/p>\n\n\n\n<ul class=\"wp-block-list\">\n<li>Que ele n\u00e3o perca a paci\u00eancia.<\/li>\n\n\n\n<li>Talvez eu perca o \u00f4nibus.<\/li>\n\n\n\n<li>Embora voc\u00ea perca o prazo.<\/li>\n\n\n\n<li>N\u00e3o perca esta oportunidade \u00fanica.<\/li>\n\n\n\n<li>Caso ela perca o documento.<\/li>\n\n\n\n<li>Mesmo que o time perca.<\/li>\n<\/ul>\n\n\n\n<h2 class=\"wp-block-heading\">Como treinar o c\u00e9rebro para n\u00e3o errar mais?<\/h2>\n\n\n\n<p>A leitura constante de obras liter\u00e1rias e artigos informativos ajuda a fixar os padr\u00f5es visuais das palavras no subconsciente de maneira org\u00e2nica e muito eficaz. Ao observar como escritores experientes utilizam os substantivos e os verbos, o leitor absorve as regras gramaticais sem a necessidade de memorizar tabelas complexas ou cansativas. O contato frequente educa o olhar.<\/p>\n\n\n\n<p>Escrever pequenos textos diariamente e realizar revis\u00f5es minuciosas tamb\u00e9m contribui para que o processo de escolha entre os termos se torne autom\u00e1tico e fluido. O esfor\u00e7o consciente de questionar a fun\u00e7\u00e3o da palavra antes de digit\u00e1-la cria novas conex\u00f5es neurais que facilitam a escrita correta. A disciplina \u00e9 o pilar para alcan\u00e7ar a excel\u00eancia comunicativa constante.<\/p>\n\n\n\n<figure class=\"wp-block-image size-full\"><img decoding=\"async\" width=\"1280\" height=\"720\" src=\"https:\/\/www.correiobraziliense.com.br\/cbradar\/wp-content\/uploads\/2026\/04\/Gemini_Generated_Image_rrl6rhrrl6rhrrl6-1-1.png\" alt=\"\u201cPerca\u201d ou \u201cPerda\u201d? O detalhe gramatical que muda completamente o sentido da frase\" class=\"wp-image-231924\" srcset=\"https:\/\/www.correiobraziliense.com.br\/cbradar\/wp-content\/uploads\/2026\/04\/Gemini_Generated_Image_rrl6rhrrl6rhrrl6-1-1.png 1280w, https:\/\/www.correiobraziliense.com.br\/cbradar\/wp-content\/uploads\/2026\/04\/Gemini_Generated_Image_rrl6rhrrl6rhrrl6-1-1-300x169.png 300w, https:\/\/www.correiobraziliense.com.br\/cbradar\/wp-content\/uploads\/2026\/04\/Gemini_Generated_Image_rrl6rhrrl6rhrrl6-1-1-768x432.png 768w, https:\/\/www.correiobraziliense.com.br\/cbradar\/wp-content\/uploads\/2026\/04\/Gemini_Generated_Image_rrl6rhrrl6rhrrl6-1-1-750x422.png 750w, https:\/\/www.correiobraziliense.com.br\/cbradar\/wp-content\/uploads\/2026\/04\/Gemini_Generated_Image_rrl6rhrrl6rhrrl6-1-1-1140x641.png 1140w\" sizes=\"(max-width: 1280px) 100vw, 1280px\" \/><figcaption class=\"wp-element-caption\">Saber usar perda e perca corretamente evita erros e melhora a clareza na escrita<\/figcaption><\/figure>\n\n\n\n<p>Leia tamb\u00e9m: <a href=\"https:\/\/www.correiobraziliense.com.br\/cbradar\/eu-sei-como-voce-se-sente-a-frase-mais-dita-por-aqueles-que-menos-te-entendem-2\/\" target=\"_blank\" rel=\"noreferrer noopener\">\u201cEu sei como voc\u00ea se sente\u201d A frase mais dita por aqueles que menos te entendem<\/a><\/p>\n\n\n\n<h2 class=\"wp-block-heading\">Onde encontrar suporte oficial para tirar d\u00favidas?<\/h2>\n\n\n\n<p>Consultar guias de refer\u00eancia produzidos por institui\u00e7\u00f5es que zelam pela integridade do idioma \u00e9 a melhor forma de garantir que a produ\u00e7\u00e3o textual esteja correta. Essas ferramentas oferecem explica\u00e7\u00f5es detalhadas e exemplos que sanam questionamentos sobre as normas vigentes em todo o territ\u00f3rio nacional. Ter acesso a informa\u00e7\u00f5es verificadas elimina a inseguran\u00e7a e promove o aprendizado cont\u00ednuo saud\u00e1vel.<\/p>\n\n\n\n<p>O site da <strong>Academia Brasileira de Letras<\/strong> disponibiliza o <strong><a target=\"_blank\" rel=\"noreferrer noopener\" href=\"https:\/\/www.academia.org.br\/nossa-lingua\/busca-no-vocabulario\">Vocabul\u00e1rio Ortogr\u00e1fico da L\u00edngua Portuguesa<\/a><\/strong> para que qualquer pessoa possa validar a grafia de palavras complexas rapidamente. Seguir as orienta\u00e7\u00f5es de \u00f3rg\u00e3os oficiais assegura que o texto respeite a padroniza\u00e7\u00e3o necess\u00e1ria para ser bem compreendido por todos os leitores. A busca pela precis\u00e3o lingu\u00edstica valoriza a cultura e a identidade nacional.<\/p>\n","protected":false},"excerpt":{"rendered":"<p>Muitas pessoas sentem uma inseguran\u00e7a natural ao redigir mensagens importantes devido \u00e0 semelhan\u00e7a sonora entre termos que possuem fun\u00e7\u00f5es gramaticais completamente distintas. Diferenciar o uso do substantivo e do verbo \u00e9 fundamental para garantir que a mensagem seja transmitida com total clareza e profissionalismo. Dominar essas regras b\u00e1sicas fortalece a autoridade escrita e evita ru\u00eddos [&hellip;]<\/p>\n","protected":false},"author":21,"featured_media":231918,"comment_status":"open","ping_status":"open","sticky":false,"template":"","format":"standard","meta":{"_yoast_wpseo_focuskw":"diferen\u00e7a entre perda e perca","_yoast_wpseo_title":"","_yoast_wpseo_metadesc":"D\u00favidas na escrita podem surgir com palavras parecidas e entender suas fun\u00e7\u00f5es evita erros que comprometem a clareza da comunica\u00e7\u00e3o","jnews-multi-image_gallery":[],"jnews_single_post":{"format":"standard"},"jnews_primary_category":[],"jnews_social_meta":[],"jnews_override_counter":[],"footnotes":""},"categories":[112],"post_tag":[],"class_list":["post-231912","post","type-post","status-publish","format-standard","has-post-thumbnail","hentry","category-curiosidades"],"yoast_head":"<!-- This site is optimized with the Yoast SEO plugin v24.6 - https:\/\/yoast.com\/wordpress\/plugins\/seo\/ -->\n<title>\u201cPerca\u201d ou \u201cPerda\u201d? O detalhe gramatical que muda completamente o sentido da frase - Correio Braziliense - Radar<\/title>\n<meta name=\"description\" content=\"D\u00favidas na escrita podem surgir com palavras parecidas e entender suas fun\u00e7\u00f5es evita erros que comprometem a clareza da comunica\u00e7\u00e3o\" \/>\n<meta name=\"robots\" content=\"index, follow, max-snippet:-1, max-image-preview:large, max-video-preview:-1\" \/>\n<link rel=\"canonical\" href=\"https:\/\/www.correiobraziliense.com.br\/cbradar\/perca-ou-perda-o-detalhe-gramatical-que-muda-completamente-o-sentido-da-frase\/\" \/>\n<meta property=\"og:locale\" content=\"pt_BR\" \/>\n<meta property=\"og:type\" content=\"article\" \/>\n<meta property=\"og:title\" content=\"\u201cPerca\u201d ou \u201cPerda\u201d? O detalhe gramatical que muda completamente o sentido da frase - Correio Braziliense - Radar\" \/>\n<meta property=\"og:description\" content=\"D\u00favidas na escrita podem surgir com palavras parecidas e entender suas fun\u00e7\u00f5es evita erros que comprometem a clareza da comunica\u00e7\u00e3o\" \/>\n<meta property=\"og:url\" content=\"https:\/\/www.correiobraziliense.com.br\/cbradar\/perca-ou-perda-o-detalhe-gramatical-que-muda-completamente-o-sentido-da-frase\/\" \/>\n<meta property=\"og:site_name\" content=\"Correio Braziliense - Radar\" \/>\n<meta property=\"article:published_time\" content=\"2026-04-26T23:35:00+00:00\" \/>\n<meta property=\"og:image\" content=\"https:\/\/www.correiobraziliense.com.br\/cbradar\/wp-content\/uploads\/2026\/04\/Gemini_Generated_Image_reo7rgreo7rgreo7-1-1.png\" \/>\n\t<meta property=\"og:image:width\" content=\"1280\" \/>\n\t<meta property=\"og:image:height\" content=\"720\" \/>\n\t<meta property=\"og:image:type\" content=\"image\/png\" \/>\n<meta name=\"author\" content=\"Patrick Silva\" \/>\n<meta name=\"twitter:card\" content=\"summary_large_image\" \/>\n<meta name=\"twitter:label1\" content=\"Escrito por\" \/>\n\t<meta name=\"twitter:data1\" content=\"Patrick Silva\" \/>\n\t<meta name=\"twitter:label2\" content=\"Est. tempo de leitura\" \/>\n\t<meta name=\"twitter:data2\" content=\"5 minutos\" \/>\n<!-- \/ Yoast SEO plugin. -->","yoast_head_json":{"title":"\u201cPerca\u201d ou \u201cPerda\u201d? O detalhe gramatical que muda completamente o sentido da frase - Correio Braziliense - Radar","description":"D\u00favidas na escrita podem surgir com palavras parecidas e entender suas fun\u00e7\u00f5es evita erros que comprometem a clareza da comunica\u00e7\u00e3o","robots":{"index":"index","follow":"follow","max-snippet":"max-snippet:-1","max-image-preview":"max-image-preview:large","max-video-preview":"max-video-preview:-1"},"canonical":"https:\/\/www.correiobraziliense.com.br\/cbradar\/perca-ou-perda-o-detalhe-gramatical-que-muda-completamente-o-sentido-da-frase\/","og_locale":"pt_BR","og_type":"article","og_title":"\u201cPerca\u201d ou \u201cPerda\u201d? O detalhe gramatical que muda completamente o sentido da frase - Correio Braziliense - Radar","og_description":"D\u00favidas na escrita podem surgir com palavras parecidas e entender suas fun\u00e7\u00f5es evita erros que comprometem a clareza da comunica\u00e7\u00e3o","og_url":"https:\/\/www.correiobraziliense.com.br\/cbradar\/perca-ou-perda-o-detalhe-gramatical-que-muda-completamente-o-sentido-da-frase\/","og_site_name":"Correio Braziliense - Radar","article_published_time":"2026-04-26T23:35:00+00:00","og_image":[{"width":1280,"height":720,"url":"https:\/\/www.correiobraziliense.com.br\/cbradar\/wp-content\/uploads\/2026\/04\/Gemini_Generated_Image_reo7rgreo7rgreo7-1-1.png","type":"image\/png"}],"author":"Patrick Silva","twitter_card":"summary_large_image","twitter_misc":{"Escrito por":"Patrick Silva","Est. tempo de leitura":"5 minutos"},"schema":{"@context":"https:\/\/schema.org","@graph":[{"@type":"WebPage","@id":"https:\/\/www.correiobraziliense.com.br\/cbradar\/perca-ou-perda-o-detalhe-gramatical-que-muda-completamente-o-sentido-da-frase\/","url":"https:\/\/www.correiobraziliense.com.br\/cbradar\/perca-ou-perda-o-detalhe-gramatical-que-muda-completamente-o-sentido-da-frase\/","name":"\u201cPerca\u201d ou \u201cPerda\u201d? O detalhe gramatical que muda completamente o sentido da frase - Correio Braziliense - Radar","isPartOf":{"@id":"https:\/\/www.correiobraziliense.com.br\/cbradar\/#website"},"primaryImageOfPage":{"@id":"https:\/\/www.correiobraziliense.com.br\/cbradar\/perca-ou-perda-o-detalhe-gramatical-que-muda-completamente-o-sentido-da-frase\/#primaryimage"},"image":{"@id":"https:\/\/www.correiobraziliense.com.br\/cbradar\/perca-ou-perda-o-detalhe-gramatical-que-muda-completamente-o-sentido-da-frase\/#primaryimage"},"thumbnailUrl":"https:\/\/www.correiobraziliense.com.br\/cbradar\/wp-content\/uploads\/2026\/04\/Gemini_Generated_Image_reo7rgreo7rgreo7-1-1.png","datePublished":"2026-04-26T23:35:00+00:00","author":{"@id":"https:\/\/www.correiobraziliense.com.br\/cbradar\/#\/schema\/person\/5440b72be9c7eb74f446c846479dc4da"},"description":"D\u00favidas na escrita podem surgir com palavras parecidas e entender suas fun\u00e7\u00f5es evita erros que comprometem a clareza da comunica\u00e7\u00e3o","breadcrumb":{"@id":"https:\/\/www.correiobraziliense.com.br\/cbradar\/perca-ou-perda-o-detalhe-gramatical-que-muda-completamente-o-sentido-da-frase\/#breadcrumb"},"inLanguage":"pt-BR","potentialAction":[{"@type":"ReadAction","target":["https:\/\/www.correiobraziliense.com.br\/cbradar\/perca-ou-perda-o-detalhe-gramatical-que-muda-completamente-o-sentido-da-frase\/"]}]},{"@type":"ImageObject","inLanguage":"pt-BR","@id":"https:\/\/www.correiobraziliense.com.br\/cbradar\/perca-ou-perda-o-detalhe-gramatical-que-muda-completamente-o-sentido-da-frase\/#primaryimage","url":"https:\/\/www.correiobraziliense.com.br\/cbradar\/wp-content\/uploads\/2026\/04\/Gemini_Generated_Image_reo7rgreo7rgreo7-1-1.png","contentUrl":"https:\/\/www.correiobraziliense.com.br\/cbradar\/wp-content\/uploads\/2026\/04\/Gemini_Generated_Image_reo7rgreo7rgreo7-1-1.png","width":1280,"height":720,"caption":"Saber usar perda e perca corretamente evita erros e melhora a clareza na escrita"},{"@type":"BreadcrumbList","@id":"https:\/\/www.correiobraziliense.com.br\/cbradar\/perca-ou-perda-o-detalhe-gramatical-que-muda-completamente-o-sentido-da-frase\/#breadcrumb","itemListElement":[{"@type":"ListItem","position":1,"name":"In\u00edcio","item":"https:\/\/www.correiobraziliense.com.br\/cbradar\/"},{"@type":"ListItem","position":2,"name":"\u201cPerca\u201d ou \u201cPerda\u201d? O detalhe gramatical que muda completamente o sentido da frase"}]},{"@type":"WebSite","@id":"https:\/\/www.correiobraziliense.com.br\/cbradar\/#website","url":"https:\/\/www.correiobraziliense.com.br\/cbradar\/","name":"Correio Braziliense - Radar","description":"Acompanhe as \u00faltimas not\u00edcias e fique bem informado sobre tudo o que acontece no Brasil e no mundo.","potentialAction":[{"@type":"SearchAction","target":{"@type":"EntryPoint","urlTemplate":"https:\/\/www.correiobraziliense.com.br\/cbradar\/?s={search_term_string}"},"query-input":{"@type":"PropertyValueSpecification","valueRequired":true,"valueName":"search_term_string"}}],"inLanguage":"pt-BR"},{"@type":"Person","@id":"https:\/\/www.correiobraziliense.com.br\/cbradar\/#\/schema\/person\/5440b72be9c7eb74f446c846479dc4da","name":"Patrick Silva","image":{"@type":"ImageObject","inLanguage":"pt-BR","@id":"https:\/\/www.correiobraziliense.com.br\/cbradar\/#\/schema\/person\/image\/","url":"https:\/\/secure.gravatar.com\/avatar\/944109df296fc087785c9715fd5f80b2?s=96&d=mm&r=g","contentUrl":"https:\/\/secure.gravatar.com\/avatar\/944109df296fc087785c9715fd5f80b2?s=96&d=mm&r=g","caption":"Patrick Silva"},"sameAs":["https:\/\/www.correiobraziliense.com.br\/cbradar\/"],"url":"https:\/\/www.correiobraziliense.com.br\/cbradar\/author\/patrick-silva\/"}]}},"_links":{"self":[{"href":"https:\/\/www.correiobraziliense.com.br\/cbradar\/wp-json\/wp\/v2\/posts\/231912","targetHints":{"allow":["GET"]}}],"collection":[{"href":"https:\/\/www.correiobraziliense.com.br\/cbradar\/wp-json\/wp\/v2\/posts"}],"about":[{"href":"https:\/\/www.correiobraziliense.com.br\/cbradar\/wp-json\/wp\/v2\/types\/post"}],"author":[{"embeddable":true,"href":"https:\/\/www.correiobraziliense.com.br\/cbradar\/wp-json\/wp\/v2\/users\/21"}],"replies":[{"embeddable":true,"href":"https:\/\/www.correiobraziliense.com.br\/cbradar\/wp-json\/wp\/v2\/comments?post=231912"}],"version-history":[{"count":1,"href":"https:\/\/www.correiobraziliense.com.br\/cbradar\/wp-json\/wp\/v2\/posts\/231912\/revisions"}],"predecessor-version":[{"id":231925,"href":"https:\/\/www.correiobraziliense.com.br\/cbradar\/wp-json\/wp\/v2\/posts\/231912\/revisions\/231925"}],"wp:featuredmedia":[{"embeddable":true,"href":"https:\/\/www.correiobraziliense.com.br\/cbradar\/wp-json\/wp\/v2\/media\/231918"}],"wp:attachment":[{"href":"https:\/\/www.correiobraziliense.com.br\/cbradar\/wp-json\/wp\/v2\/media?parent=231912"}],"wp:term":[{"taxonomy":"category","embeddable":true,"href":"https:\/\/www.correiobraziliense.com.br\/cbradar\/wp-json\/wp\/v2\/categories?post=231912"},{"taxonomy":"post_tag","embeddable":true,"href":"https:\/\/www.correiobraziliense.com.br\/cbradar\/wp-json\/wp\/v2\/post_tag?post=231912"}],"curies":[{"name":"wp","href":"https:\/\/api.w.org\/{rel}","templated":true}]}}