{"id":231920,"date":"2026-04-26T06:45:00","date_gmt":"2026-04-26T09:45:00","guid":{"rendered":"https:\/\/www.correiobraziliense.com.br\/cbradar\/?p=231920"},"modified":"2026-04-25T12:05:51","modified_gmt":"2026-04-25T15:05:51","slug":"os-nomes-irlandeses-para-meninos-que-mais-encantam-os-pais-em-2026","status":"publish","type":"post","link":"https:\/\/www.correiobraziliense.com.br\/cbradar\/os-nomes-irlandeses-para-meninos-que-mais-encantam-os-pais-em-2026\/","title":{"rendered":"Os nomes irlandeses para meninos que mais encantam os pais em 2026"},"content":{"rendered":"\n<p>Escolher o nome de um filho \u00e9 uma das decis\u00f5es mais emocionantes e significativas que os pais enfrentam durante a gesta\u00e7\u00e3o. Em dois mil e vinte e seis, as ra\u00edzes celtas ganham for\u00e7a por transmitirem for\u00e7a e conex\u00e3o com a natureza de forma \u00fanica. Esses nomes irlandeses conquistam fam\u00edlias que buscam sonoridades marcantes e significados repletos de hist\u00f3ria ancestral fascinante.<\/p>\n\n\n\n<h2 class=\"wp-block-heading\">Por que os nomes de origem celta est\u00e3o em alta?<\/h2>\n\n\n\n<p>A busca por nomes que carregam uma heran\u00e7a cultural profunda reflete o desejo de fam\u00edlias de honrar tradi\u00e7\u00f5es antigas em um mundo globalizado. Muitos pais encontram na cultura da <strong>Irlanda<\/strong> uma fonte inesgot\u00e1vel de inspira\u00e7\u00e3o que une for\u00e7a guerreira e sensibilidade po\u00e9tica de modo harmonioso. Essa tend\u00eancia cresce \u00e0 medida que a valoriza\u00e7\u00e3o da ancestralidade se torna fundamental.<\/p>\n\n\n\n<p>Al\u00e9m da hist\u00f3ria, a busca por originalidade impulsiona o uso de nomes que se destacam pela grafia diferenciada e pela pron\u00fancia que remete a lendas medievais famosas. Os nomes celtas oferecem uma alternativa sofisticada aos nomes tradicionais mais comuns encontrados nas listas brasileiras e internacionais atuais. Esse movimento consolida a prefer\u00eancia por identidades que carregam um prop\u00f3sito existencial valioso.<\/p>\n\n\n\n<figure class=\"wp-block-image size-full\"><img decoding=\"async\" width=\"1280\" height=\"720\" src=\"https:\/\/www.correiobraziliense.com.br\/cbradar\/wp-content\/uploads\/2026\/04\/Gemini_Generated_Image_5ot02a5ot02a5ot0-1-1.png\" alt=\"Os nomes irlandeses para meninos que mais encantam os pais em 2026\" class=\"wp-image-231927\" srcset=\"https:\/\/www.correiobraziliense.com.br\/cbradar\/wp-content\/uploads\/2026\/04\/Gemini_Generated_Image_5ot02a5ot02a5ot0-1-1.png 1280w, https:\/\/www.correiobraziliense.com.br\/cbradar\/wp-content\/uploads\/2026\/04\/Gemini_Generated_Image_5ot02a5ot02a5ot0-1-1-300x169.png 300w, https:\/\/www.correiobraziliense.com.br\/cbradar\/wp-content\/uploads\/2026\/04\/Gemini_Generated_Image_5ot02a5ot02a5ot0-1-1-768x432.png 768w, https:\/\/www.correiobraziliense.com.br\/cbradar\/wp-content\/uploads\/2026\/04\/Gemini_Generated_Image_5ot02a5ot02a5ot0-1-1-750x422.png 750w, https:\/\/www.correiobraziliense.com.br\/cbradar\/wp-content\/uploads\/2026\/04\/Gemini_Generated_Image_5ot02a5ot02a5ot0-1-1-1140x641.png 1140w\" sizes=\"(max-width: 1280px) 100vw, 1280px\" \/><figcaption class=\"wp-element-caption\">Nomes irlandeses masculinos ganham destaque por unir significado forte e sonoridade marcante<\/figcaption><\/figure>\n\n\n\n<h2 class=\"wp-block-heading\">Como a sonoridade ga\u00e9lica influencia a escolha moderna?<\/h2>\n\n\n\n<p>A melodia \u00fanica presente nos dialetos ga\u00e9licos proporciona uma experi\u00eancia auditiva agrad\u00e1vel e diferenciada para quem ouve o nome de uma crian\u00e7a pela primeira vez. Vogais suaves e consoantes fluidas criam um ritmo que transmite calma e autoridade de maneira equilibrada em diversos contextos sociais contempor\u00e2neos. A sonoridade \u00e9 um fator determinante para pais que valorizam a est\u00e9tica fon\u00e9tica.<\/p>\n\n\n\n<p>Integrar nomes com essa caracter\u00edstica fon\u00e9tica facilita a adapta\u00e7\u00e3o da crian\u00e7a em diferentes culturas, visto que muitas ra\u00edzes irlandesas possuem uma aceita\u00e7\u00e3o universal bastante ampla. A escolha reflete uma vis\u00e3o de mundo conectada e respeitosa com a diversidade lingu\u00edstica que enriquece a sociedade humana global de forma constante. Nomes bem pronunciados geram uma primeira impress\u00e3o positiva e duradoura sempre.<\/p>\n\n\n\n<h2 class=\"wp-block-heading\">Quais s\u00e3o os nomes mais populares para meninos?<\/h2>\n\n\n\n<p>A lista de op\u00e7\u00f5es favoritas das fam\u00edlias abrange desde nomes curtos e modernos at\u00e9 escolhas cl\u00e1ssicas que nunca perdem sua relev\u00e2ncia hist\u00f3rica e cultural profunda. Cada op\u00e7\u00e3o carrega uma simbologia espec\u00edfica que remete a elementos da natureza, como o mar, as montanhas e os campos verdes exuberantes. Essas escolhas garantem que o nome do menino seja memor\u00e1vel e atemporal.<\/p>\n\n\n\n<p>Nomes que se destacam pela popularidade e beleza est\u00e9tica:<\/p>\n\n\n\n<ul class=\"wp-block-list\">\n<li><strong>Liam<\/strong><\/li>\n\n\n\n<li><strong>Finn<\/strong><\/li>\n\n\n\n<li><strong>Cillian<\/strong><\/li>\n\n\n\n<li><strong>Aidan<\/strong><\/li>\n\n\n\n<li><strong>Sean<\/strong><\/li>\n\n\n\n<li><strong>Connor<\/strong><\/li>\n<\/ul>\n\n\n\n<h2 class=\"wp-block-heading\">De que maneira o significado dos nomes fortalece a identidade?<\/h2>\n\n\n\n<p>Atribuir um nome com significado de coragem ou prote\u00e7\u00e3o ajuda no desenvolvimento da autoconfian\u00e7a da crian\u00e7a desde os primeiros anos de vida escolar e familiar. Quando o menino entende que sua identidade est\u00e1 ligada a grandes l\u00edderes ou defensores da natureza, ele desenvolve um senso de prop\u00f3sito maior. A psicologia afirma que o nome molda parte da percep\u00e7\u00e3o.<\/p>\n\n\n\n<p>A conex\u00e3o simb\u00f3lica com o meio ambiente tamb\u00e9m estimula uma consci\u00eancia ecol\u00f3gica precoce, algo extremamente valorizado pelas gera\u00e7\u00f5es de pais que priorizam o bem-estar do planeta. Nomes que remetem ao fogo, \u00e0 luz ou \u00e0 terra criam uma \u00e2ncora emocional que fortalece o v\u00ednculo entre o ser humano e as suas origens mais naturais e puras.<\/p>\n\n\n\n<figure class=\"wp-block-image size-full\"><img decoding=\"async\" width=\"1280\" height=\"720\" src=\"https:\/\/www.correiobraziliense.com.br\/cbradar\/wp-content\/uploads\/2026\/04\/Gemini_Generated_Image_s3ssqss3ssqss3ss-1-1.png\" alt=\"Os nomes irlandeses para meninos que mais encantam os pais em 2026\" class=\"wp-image-231930\" srcset=\"https:\/\/www.correiobraziliense.com.br\/cbradar\/wp-content\/uploads\/2026\/04\/Gemini_Generated_Image_s3ssqss3ssqss3ss-1-1.png 1280w, https:\/\/www.correiobraziliense.com.br\/cbradar\/wp-content\/uploads\/2026\/04\/Gemini_Generated_Image_s3ssqss3ssqss3ss-1-1-300x169.png 300w, https:\/\/www.correiobraziliense.com.br\/cbradar\/wp-content\/uploads\/2026\/04\/Gemini_Generated_Image_s3ssqss3ssqss3ss-1-1-768x432.png 768w, https:\/\/www.correiobraziliense.com.br\/cbradar\/wp-content\/uploads\/2026\/04\/Gemini_Generated_Image_s3ssqss3ssqss3ss-1-1-750x422.png 750w, https:\/\/www.correiobraziliense.com.br\/cbradar\/wp-content\/uploads\/2026\/04\/Gemini_Generated_Image_s3ssqss3ssqss3ss-1-1-1140x641.png 1140w\" sizes=\"(max-width: 1280px) 100vw, 1280px\" \/><figcaption class=\"wp-element-caption\">Nomes irlandeses masculinos ganham destaque por unir significado forte e sonoridade marcante<\/figcaption><\/figure>\n\n\n\n<p>Leia tamb\u00e9m: <a href=\"https:\/\/www.correiobraziliense.com.br\/cbradar\/nomes-de-meninas-inspirados-em-flores-raras-que-transmitem-leveza-e-encanto\/\" target=\"_blank\" rel=\"noreferrer noopener\">Nomes de meninas inspirados em flores raras que transmitem leveza e encanto<\/a><\/p>\n\n\n\n<h2 class=\"wp-block-heading\">Onde encontrar as estat\u00edsticas oficiais sobre essas tend\u00eancias?<\/h2>\n\n\n\n<p>Acompanhar a evolu\u00e7\u00e3o das escolhas ajuda a compreender como os valores sociais mudam e como a cultura da <strong>Europa<\/strong> influencia o cotidiano no <strong>Brasil<\/strong>. Existem registros detalhados que mostram o crescimento de nomes espec\u00edficos em diversos pa\u00edses, permitindo que os pais fa\u00e7am escolhas embasadas em dados reais. A an\u00e1lise estat\u00edstica revela as prefer\u00eancias que dominam o cen\u00e1rio atual.<\/p>\n\n\n\n<p>O <strong>Central Statistics Office<\/strong> da <strong>Irlanda<\/strong> disponibiliza informa\u00e7\u00f5es completas sobre as tend\u00eancias anuais que ajudam a identificar o surgimento de novos nomes populares em todo o continente. Consultar esses registros \u00e9 uma forma segura de verificar a autenticidade e a popularidade de um <a href=\"https:\/\/www.cso.ie\/en\/statistics\/birthsdeathsandmarriages\/irishbabiesnames\/\" target=\"_blank\" rel=\"noreferrer noopener\">nome irland\u00eas<\/a> escolhido. Manter-se informado garante que a decis\u00e3o seja tomada com total clareza.<\/p>\n","protected":false},"excerpt":{"rendered":"<p>Escolher o nome de um filho \u00e9 uma das decis\u00f5es mais emocionantes e significativas que os pais enfrentam durante a gesta\u00e7\u00e3o. Em dois mil e vinte e seis, as ra\u00edzes celtas ganham for\u00e7a por transmitirem for\u00e7a e conex\u00e3o com a natureza de forma \u00fanica. Esses nomes irlandeses conquistam fam\u00edlias que buscam sonoridades marcantes e significados [&hellip;]<\/p>\n","protected":false},"author":21,"featured_media":231926,"comment_status":"open","ping_status":"open","sticky":false,"template":"","format":"standard","meta":{"_yoast_wpseo_focuskw":"nomes irlandeses masculinos","_yoast_wpseo_title":"","_yoast_wpseo_metadesc":"Nomes com ra\u00edzes antigas e sonoridade marcante ganham destaque e atraem pais que buscam identidade forte e significado profundo","jnews-multi-image_gallery":[],"jnews_single_post":{"format":"standard"},"jnews_primary_category":[],"jnews_social_meta":[],"jnews_override_counter":[],"footnotes":""},"categories":[112],"post_tag":[],"class_list":["post-231920","post","type-post","status-publish","format-standard","has-post-thumbnail","hentry","category-curiosidades"],"yoast_head":"<!-- This site is optimized with the Yoast SEO plugin v24.6 - https:\/\/yoast.com\/wordpress\/plugins\/seo\/ -->\n<title>Os nomes irlandeses para meninos que mais encantam os pais em 2026 - Correio Braziliense - Radar<\/title>\n<meta name=\"description\" content=\"Nomes com ra\u00edzes antigas e sonoridade marcante ganham destaque e atraem pais que buscam identidade forte e significado profundo\" \/>\n<meta name=\"robots\" content=\"index, follow, max-snippet:-1, max-image-preview:large, max-video-preview:-1\" \/>\n<link rel=\"canonical\" href=\"https:\/\/www.correiobraziliense.com.br\/cbradar\/os-nomes-irlandeses-para-meninos-que-mais-encantam-os-pais-em-2026\/\" \/>\n<meta property=\"og:locale\" content=\"pt_BR\" \/>\n<meta property=\"og:type\" content=\"article\" \/>\n<meta property=\"og:title\" content=\"Os nomes irlandeses para meninos que mais encantam os pais em 2026 - Correio Braziliense - Radar\" \/>\n<meta property=\"og:description\" content=\"Nomes com ra\u00edzes antigas e sonoridade marcante ganham destaque e atraem pais que buscam identidade forte e significado profundo\" \/>\n<meta property=\"og:url\" content=\"https:\/\/www.correiobraziliense.com.br\/cbradar\/os-nomes-irlandeses-para-meninos-que-mais-encantam-os-pais-em-2026\/\" \/>\n<meta property=\"og:site_name\" content=\"Correio Braziliense - Radar\" \/>\n<meta property=\"article:published_time\" content=\"2026-04-26T09:45:00+00:00\" \/>\n<meta property=\"og:image\" content=\"https:\/\/www.correiobraziliense.com.br\/cbradar\/wp-content\/uploads\/2026\/04\/Gemini_Generated_Image_ezwwjpezwwjpezww-1-1.png\" \/>\n\t<meta property=\"og:image:width\" content=\"1280\" \/>\n\t<meta property=\"og:image:height\" content=\"720\" \/>\n\t<meta property=\"og:image:type\" content=\"image\/png\" \/>\n<meta name=\"author\" content=\"Patrick Silva\" \/>\n<meta name=\"twitter:card\" content=\"summary_large_image\" \/>\n<meta name=\"twitter:label1\" content=\"Escrito por\" \/>\n\t<meta name=\"twitter:data1\" content=\"Patrick Silva\" \/>\n\t<meta name=\"twitter:label2\" content=\"Est. tempo de leitura\" \/>\n\t<meta name=\"twitter:data2\" content=\"5 minutos\" \/>\n<!-- \/ Yoast SEO plugin. -->","yoast_head_json":{"title":"Os nomes irlandeses para meninos que mais encantam os pais em 2026 - Correio Braziliense - Radar","description":"Nomes com ra\u00edzes antigas e sonoridade marcante ganham destaque e atraem pais que buscam identidade forte e significado profundo","robots":{"index":"index","follow":"follow","max-snippet":"max-snippet:-1","max-image-preview":"max-image-preview:large","max-video-preview":"max-video-preview:-1"},"canonical":"https:\/\/www.correiobraziliense.com.br\/cbradar\/os-nomes-irlandeses-para-meninos-que-mais-encantam-os-pais-em-2026\/","og_locale":"pt_BR","og_type":"article","og_title":"Os nomes irlandeses para meninos que mais encantam os pais em 2026 - Correio Braziliense - Radar","og_description":"Nomes com ra\u00edzes antigas e sonoridade marcante ganham destaque e atraem pais que buscam identidade forte e significado profundo","og_url":"https:\/\/www.correiobraziliense.com.br\/cbradar\/os-nomes-irlandeses-para-meninos-que-mais-encantam-os-pais-em-2026\/","og_site_name":"Correio Braziliense - Radar","article_published_time":"2026-04-26T09:45:00+00:00","og_image":[{"width":1280,"height":720,"url":"https:\/\/www.correiobraziliense.com.br\/cbradar\/wp-content\/uploads\/2026\/04\/Gemini_Generated_Image_ezwwjpezwwjpezww-1-1.png","type":"image\/png"}],"author":"Patrick Silva","twitter_card":"summary_large_image","twitter_misc":{"Escrito por":"Patrick Silva","Est. tempo de leitura":"5 minutos"},"schema":{"@context":"https:\/\/schema.org","@graph":[{"@type":"WebPage","@id":"https:\/\/www.correiobraziliense.com.br\/cbradar\/os-nomes-irlandeses-para-meninos-que-mais-encantam-os-pais-em-2026\/","url":"https:\/\/www.correiobraziliense.com.br\/cbradar\/os-nomes-irlandeses-para-meninos-que-mais-encantam-os-pais-em-2026\/","name":"Os nomes irlandeses para meninos que mais encantam os pais em 2026 - Correio Braziliense - Radar","isPartOf":{"@id":"https:\/\/www.correiobraziliense.com.br\/cbradar\/#website"},"primaryImageOfPage":{"@id":"https:\/\/www.correiobraziliense.com.br\/cbradar\/os-nomes-irlandeses-para-meninos-que-mais-encantam-os-pais-em-2026\/#primaryimage"},"image":{"@id":"https:\/\/www.correiobraziliense.com.br\/cbradar\/os-nomes-irlandeses-para-meninos-que-mais-encantam-os-pais-em-2026\/#primaryimage"},"thumbnailUrl":"https:\/\/www.correiobraziliense.com.br\/cbradar\/wp-content\/uploads\/2026\/04\/Gemini_Generated_Image_ezwwjpezwwjpezww-1-1.png","datePublished":"2026-04-26T09:45:00+00:00","author":{"@id":"https:\/\/www.correiobraziliense.com.br\/cbradar\/#\/schema\/person\/5440b72be9c7eb74f446c846479dc4da"},"description":"Nomes com ra\u00edzes antigas e sonoridade marcante ganham destaque e atraem pais que buscam identidade forte e significado profundo","breadcrumb":{"@id":"https:\/\/www.correiobraziliense.com.br\/cbradar\/os-nomes-irlandeses-para-meninos-que-mais-encantam-os-pais-em-2026\/#breadcrumb"},"inLanguage":"pt-BR","potentialAction":[{"@type":"ReadAction","target":["https:\/\/www.correiobraziliense.com.br\/cbradar\/os-nomes-irlandeses-para-meninos-que-mais-encantam-os-pais-em-2026\/"]}]},{"@type":"ImageObject","inLanguage":"pt-BR","@id":"https:\/\/www.correiobraziliense.com.br\/cbradar\/os-nomes-irlandeses-para-meninos-que-mais-encantam-os-pais-em-2026\/#primaryimage","url":"https:\/\/www.correiobraziliense.com.br\/cbradar\/wp-content\/uploads\/2026\/04\/Gemini_Generated_Image_ezwwjpezwwjpezww-1-1.png","contentUrl":"https:\/\/www.correiobraziliense.com.br\/cbradar\/wp-content\/uploads\/2026\/04\/Gemini_Generated_Image_ezwwjpezwwjpezww-1-1.png","width":1280,"height":720,"caption":"Nomes irlandeses masculinos ganham destaque por unir significado forte e sonoridade marcante"},{"@type":"BreadcrumbList","@id":"https:\/\/www.correiobraziliense.com.br\/cbradar\/os-nomes-irlandeses-para-meninos-que-mais-encantam-os-pais-em-2026\/#breadcrumb","itemListElement":[{"@type":"ListItem","position":1,"name":"In\u00edcio","item":"https:\/\/www.correiobraziliense.com.br\/cbradar\/"},{"@type":"ListItem","position":2,"name":"Os nomes irlandeses para meninos que mais encantam os pais em 2026"}]},{"@type":"WebSite","@id":"https:\/\/www.correiobraziliense.com.br\/cbradar\/#website","url":"https:\/\/www.correiobraziliense.com.br\/cbradar\/","name":"Correio Braziliense - Radar","description":"Acompanhe as \u00faltimas not\u00edcias e fique bem informado sobre tudo o que acontece no Brasil e no mundo.","potentialAction":[{"@type":"SearchAction","target":{"@type":"EntryPoint","urlTemplate":"https:\/\/www.correiobraziliense.com.br\/cbradar\/?s={search_term_string}"},"query-input":{"@type":"PropertyValueSpecification","valueRequired":true,"valueName":"search_term_string"}}],"inLanguage":"pt-BR"},{"@type":"Person","@id":"https:\/\/www.correiobraziliense.com.br\/cbradar\/#\/schema\/person\/5440b72be9c7eb74f446c846479dc4da","name":"Patrick Silva","image":{"@type":"ImageObject","inLanguage":"pt-BR","@id":"https:\/\/www.correiobraziliense.com.br\/cbradar\/#\/schema\/person\/image\/","url":"https:\/\/secure.gravatar.com\/avatar\/944109df296fc087785c9715fd5f80b2?s=96&d=mm&r=g","contentUrl":"https:\/\/secure.gravatar.com\/avatar\/944109df296fc087785c9715fd5f80b2?s=96&d=mm&r=g","caption":"Patrick Silva"},"sameAs":["https:\/\/www.correiobraziliense.com.br\/cbradar\/"],"url":"https:\/\/www.correiobraziliense.com.br\/cbradar\/author\/patrick-silva\/"}]}},"_links":{"self":[{"href":"https:\/\/www.correiobraziliense.com.br\/cbradar\/wp-json\/wp\/v2\/posts\/231920","targetHints":{"allow":["GET"]}}],"collection":[{"href":"https:\/\/www.correiobraziliense.com.br\/cbradar\/wp-json\/wp\/v2\/posts"}],"about":[{"href":"https:\/\/www.correiobraziliense.com.br\/cbradar\/wp-json\/wp\/v2\/types\/post"}],"author":[{"embeddable":true,"href":"https:\/\/www.correiobraziliense.com.br\/cbradar\/wp-json\/wp\/v2\/users\/21"}],"replies":[{"embeddable":true,"href":"https:\/\/www.correiobraziliense.com.br\/cbradar\/wp-json\/wp\/v2\/comments?post=231920"}],"version-history":[{"count":2,"href":"https:\/\/www.correiobraziliense.com.br\/cbradar\/wp-json\/wp\/v2\/posts\/231920\/revisions"}],"predecessor-version":[{"id":231977,"href":"https:\/\/www.correiobraziliense.com.br\/cbradar\/wp-json\/wp\/v2\/posts\/231920\/revisions\/231977"}],"wp:featuredmedia":[{"embeddable":true,"href":"https:\/\/www.correiobraziliense.com.br\/cbradar\/wp-json\/wp\/v2\/media\/231926"}],"wp:attachment":[{"href":"https:\/\/www.correiobraziliense.com.br\/cbradar\/wp-json\/wp\/v2\/media?parent=231920"}],"wp:term":[{"taxonomy":"category","embeddable":true,"href":"https:\/\/www.correiobraziliense.com.br\/cbradar\/wp-json\/wp\/v2\/categories?post=231920"},{"taxonomy":"post_tag","embeddable":true,"href":"https:\/\/www.correiobraziliense.com.br\/cbradar\/wp-json\/wp\/v2\/post_tag?post=231920"}],"curies":[{"name":"wp","href":"https:\/\/api.w.org\/{rel}","templated":true}]}}