{"id":231921,"date":"2026-04-26T12:05:00","date_gmt":"2026-04-26T15:05:00","guid":{"rendered":"https:\/\/www.correiobraziliense.com.br\/cbradar\/?p=231921"},"modified":"2026-04-25T12:06:15","modified_gmt":"2026-04-25T15:06:15","slug":"nomes-raros-de-meninos-da-mitologia-grega-que-ainda-soam-modernos-em-2026","status":"publish","type":"post","link":"https:\/\/www.correiobraziliense.com.br\/cbradar\/nomes-raros-de-meninos-da-mitologia-grega-que-ainda-soam-modernos-em-2026\/","title":{"rendered":"Nomes raros de meninos da mitologia grega que ainda soam modernos em 2026"},"content":{"rendered":"\n<p>Escolher o nome de um filho exige um equil\u00edbrio delicado entre a tradi\u00e7\u00e3o hist\u00f3rica e a originalidade necess\u00e1ria para os dias atuais. Em dois mil e vinte e seis, as figuras mitol\u00f3gicas ressurgem como fontes poderosas de inspira\u00e7\u00e3o para fam\u00edlias que buscam nomes curtos, marcantes e repletos de significados her\u00f3icos. Essa escolha garante uma identidade \u00fanica para a crian\u00e7a.<\/p>\n\n\n\n<h2 class=\"wp-block-heading\">Por que os nomes mitol\u00f3gicos voltaram a ganhar for\u00e7a?<\/h2>\n\n\n\n<p>A busca por identidades que carregam um prop\u00f3sito profundo reflete o desejo de conectar a nova gera\u00e7\u00e3o com narrativas de coragem e sabedoria milenar. Muitos pais encontram nessas lendas antigas a for\u00e7a necess\u00e1ria para batizar seus filhos com nomes que soam atuais, mas que preservam ra\u00edzes cl\u00e1ssicas inabal\u00e1veis. Essa tend\u00eancia demonstra uma valoriza\u00e7\u00e3o pela cultura cl\u00e1ssica universal.<\/p>\n\n\n\n<p>Al\u00e9m do peso hist\u00f3rico, a sonoridade dessas escolhas costuma ser limpa e f\u00e1cil de pronunciar em diferentes idiomas ao redor do globo. Nomes que antes eram vistos apenas em livros de literatura cl\u00e1ssica agora ocupam as listas de prefer\u00eancias de fam\u00edlias modernas que buscam sofistica\u00e7\u00e3o e autenticidade. A escolha de um nome cl\u00e1ssico \u00e9 um investimento na heran\u00e7a cultural.<\/p>\n\n\n\n<figure class=\"wp-block-image size-full\"><img decoding=\"async\" width=\"1280\" height=\"720\" src=\"https:\/\/www.correiobraziliense.com.br\/cbradar\/wp-content\/uploads\/2026\/04\/Gemini_Generated_Image_897t5s897t5s897t-1-1.png\" alt=\"Nomes raros de meninos da mitologia grega que ainda soam modernos em 2026\" class=\"wp-image-231934\" srcset=\"https:\/\/www.correiobraziliense.com.br\/cbradar\/wp-content\/uploads\/2026\/04\/Gemini_Generated_Image_897t5s897t5s897t-1-1.png 1280w, https:\/\/www.correiobraziliense.com.br\/cbradar\/wp-content\/uploads\/2026\/04\/Gemini_Generated_Image_897t5s897t5s897t-1-1-300x169.png 300w, https:\/\/www.correiobraziliense.com.br\/cbradar\/wp-content\/uploads\/2026\/04\/Gemini_Generated_Image_897t5s897t5s897t-1-1-768x432.png 768w, https:\/\/www.correiobraziliense.com.br\/cbradar\/wp-content\/uploads\/2026\/04\/Gemini_Generated_Image_897t5s897t5s897t-1-1-750x422.png 750w, https:\/\/www.correiobraziliense.com.br\/cbradar\/wp-content\/uploads\/2026\/04\/Gemini_Generated_Image_897t5s897t5s897t-1-1-1140x641.png 1140w\" sizes=\"(max-width: 1280px) 100vw, 1280px\" \/><figcaption class=\"wp-element-caption\">Nomes mitol\u00f3gicos masculinos unem significado forte e sonoridade marcante para escolhas \u00fanicas<\/figcaption><\/figure>\n\n\n\n<h2 class=\"wp-block-heading\">Como a sonoridade influencia a percep\u00e7\u00e3o de modernidade?<\/h2>\n\n\n\n<p>A est\u00e9tica fon\u00e9tica de nomes curtos com vogais fortes cria uma percep\u00e7\u00e3o de agilidade e dinamismo que combina perfeitamente com a vida contempor\u00e2nea. Escolher um nome que possua uma termina\u00e7\u00e3o suave facilita a socializa\u00e7\u00e3o da crian\u00e7a em diversos ambientes escolares e profissionais durante toda a jornada de crescimento pessoal. A harmonia sonora \u00e9 fundamental para uma identidade de sucesso.<\/p>\n\n\n\n<p>Termos que remetem a divindades ou her\u00f3is gregos trazem uma aura de autoridade natural sem parecerem datados ou excessivamente formais no cotidiano. Essa versatilidade permite que o nome seja usado com naturalidade em qualquer lugar do mundo, mantendo o charme e a eleg\u00e2ncia que as ra\u00edzes gregas proporcionam. A sonoridade bem escolhida \u00e9 o segredo para uma escolha equilibrada.<\/p>\n\n\n\n<h2 class=\"wp-block-heading\">Quais s\u00e3o as melhores op\u00e7\u00f5es de nomes raros para meninos?<\/h2>\n\n\n\n<p>Existem op\u00e7\u00f5es que unem a raridade de figuras menos exploradas pela cultura popular com uma grafia extremamente atraente para os tempos atuais. Esses nomes evocam elementos da natureza e virtudes humanas que continuam sendo admiradas por todas as sociedades ao redor do planeta vasto. Selecionar uma dessas denomina\u00e7\u00f5es garante que o menino possua uma assinatura pessoal forte e marcante.<\/p>\n\n\n\n<p>Nomes mitol\u00f3gicos que transmitem for\u00e7a e sofistica\u00e7\u00e3o:<\/p>\n\n\n\n<ul class=\"wp-block-list\">\n<li><strong>Ad\u00f4nis<\/strong><\/li>\n\n\n\n<li><strong>Evandro<\/strong><\/li>\n\n\n\n<li><strong>Heitor<\/strong><\/li>\n\n\n\n<li><strong>Leandro<\/strong><\/li>\n\n\n\n<li><strong>Linus<\/strong><\/li>\n\n\n\n<li><strong>Teseu<\/strong><\/li>\n<\/ul>\n\n\n\n<h2 class=\"wp-block-heading\">De que maneira o significado dos nomes ajuda no desenvolvimento?<\/h2>\n\n\n\n<p>Atribuir um nome que remete a um defensor ou a um mestre do conhecimento fortalece a autoestima da crian\u00e7a desde os primeiros anos de vida escolar e familiar. Quando o menino compreende a hist\u00f3ria por tr\u00e1s de sua pr\u00f3pria identidade, ele desenvolve um senso de prop\u00f3sito e conex\u00e3o com ideais elevados. A psicologia afirma que o nome exerce influ\u00eancia na constru\u00e7\u00e3o da personalidade.<\/p>\n\n\n\n<p>Nomes que simbolizam luz, prote\u00e7\u00e3o ou equil\u00edbrio atuam como \u00e2ncoras emocionais que ajudam o indiv\u00edduo a enfrentar desafios com maior resili\u00eancia e foco mental. Essa carga simb\u00f3lica positiva \u00e9 um presente que os pais oferecem para o futuro, garantindo que o filho carregue uma marca de distin\u00e7\u00e3o e beleza. O significado profundo \u00e9 o que torna o nome eterno.<\/p>\n\n\n\n<figure class=\"wp-block-image size-full\"><img decoding=\"async\" width=\"1280\" height=\"720\" src=\"https:\/\/www.correiobraziliense.com.br\/cbradar\/wp-content\/uploads\/2026\/04\/Gemini_Generated_Image_l16vn0l16vn0l16v-1-1.png\" alt=\"Nomes raros de meninos da mitologia grega que ainda soam modernos em 2026\" class=\"wp-image-231935\" srcset=\"https:\/\/www.correiobraziliense.com.br\/cbradar\/wp-content\/uploads\/2026\/04\/Gemini_Generated_Image_l16vn0l16vn0l16v-1-1.png 1280w, https:\/\/www.correiobraziliense.com.br\/cbradar\/wp-content\/uploads\/2026\/04\/Gemini_Generated_Image_l16vn0l16vn0l16v-1-1-300x169.png 300w, https:\/\/www.correiobraziliense.com.br\/cbradar\/wp-content\/uploads\/2026\/04\/Gemini_Generated_Image_l16vn0l16vn0l16v-1-1-768x432.png 768w, https:\/\/www.correiobraziliense.com.br\/cbradar\/wp-content\/uploads\/2026\/04\/Gemini_Generated_Image_l16vn0l16vn0l16v-1-1-750x422.png 750w, https:\/\/www.correiobraziliense.com.br\/cbradar\/wp-content\/uploads\/2026\/04\/Gemini_Generated_Image_l16vn0l16vn0l16v-1-1-1140x641.png 1140w\" sizes=\"(max-width: 1280px) 100vw, 1280px\" \/><figcaption class=\"wp-element-caption\">Nomes mitol\u00f3gicos masculinos unem significado forte e sonoridade marcante para escolhas \u00fanicas<\/figcaption><\/figure>\n\n\n\n<p>Leia tamb\u00e9m: <a href=\"https:\/\/www.correiobraziliense.com.br\/cbradar\/nomes-de-meninas-inspirados-em-flores-raras-que-transmitem-leveza-e-encanto\/\" target=\"_blank\" rel=\"noreferrer noopener\">Nomes de meninas inspirados em flores raras que transmitem leveza e encanto<\/a><\/p>\n\n\n\n<h2 class=\"wp-block-heading\">Onde encontrar refer\u00eancias seguras para nomes cl\u00e1ssicos?<\/h2>\n\n\n\n<p>Pesquisar a etimologia correta em fontes acad\u00eamicas e governamentais garante que a escolha do nome seja baseada em fatos hist\u00f3ricos verificados e n\u00e3o em modismos passageiros. \u00c9 fundamental entender a origem e as varia\u00e7\u00f5es de cada termo para evitar interpreta\u00e7\u00f5es equivocadas que possam causar constrangimento futuro para a crian\u00e7a. A informa\u00e7\u00e3o correta \u00e9 a base para uma decis\u00e3o segura.<\/p>\n\n\n\n<p>O estudo sobre a influ\u00eancia dos nomes na percep\u00e7\u00e3o social mostra que denomina\u00e7\u00f5es cl\u00e1ssicas s\u00e3o respeitadas em ambientes de lideran\u00e7a. A <strong>American Psychological Association<\/strong> refor\u00e7a que o ambiente familiar e a identidade inicial s\u00e3o pilares para um <a href=\"https:\/\/www.apa.org\/topics\/parenting\/emotion-regulation\" target=\"_blank\" rel=\"noreferrer noopener\">desenvolvimento emocional saud\u00e1vel<\/a>. Escolher com crit\u00e9rio e amor \u00e9 o passo para uma vida de realiza\u00e7\u00f5es plenas e felizes.<\/p>\n","protected":false},"excerpt":{"rendered":"<p>Escolher o nome de um filho exige um equil\u00edbrio delicado entre a tradi\u00e7\u00e3o hist\u00f3rica e a originalidade necess\u00e1ria para os dias atuais. Em dois mil e vinte e seis, as figuras mitol\u00f3gicas ressurgem como fontes poderosas de inspira\u00e7\u00e3o para fam\u00edlias que buscam nomes curtos, marcantes e repletos de significados her\u00f3icos. Essa escolha garante uma identidade [&hellip;]<\/p>\n","protected":false},"author":21,"featured_media":231931,"comment_status":"open","ping_status":"open","sticky":false,"template":"","format":"standard","meta":{"_yoast_wpseo_focuskw":"nomes mitol\u00f3gicos masculinos","_yoast_wpseo_title":"","_yoast_wpseo_metadesc":"Nomes inspirados em hist\u00f3rias antigas ganham destaque por unir for\u00e7a simbolismo e sonoridade marcante para escolhas \u00fanicas e atuais","jnews-multi-image_gallery":[],"jnews_single_post":{"format":"standard"},"jnews_primary_category":[],"jnews_social_meta":[],"jnews_override_counter":[],"footnotes":""},"categories":[112],"post_tag":[],"class_list":["post-231921","post","type-post","status-publish","format-standard","has-post-thumbnail","hentry","category-curiosidades"],"yoast_head":"<!-- This site is optimized with the Yoast SEO plugin v24.6 - https:\/\/yoast.com\/wordpress\/plugins\/seo\/ -->\n<title>Nomes raros de meninos da mitologia grega que ainda soam modernos em 2026 - Correio Braziliense - Radar<\/title>\n<meta name=\"description\" content=\"Nomes inspirados em hist\u00f3rias antigas ganham destaque por unir for\u00e7a simbolismo e sonoridade marcante para escolhas \u00fanicas e atuais\" \/>\n<meta name=\"robots\" content=\"index, follow, max-snippet:-1, max-image-preview:large, max-video-preview:-1\" \/>\n<link rel=\"canonical\" href=\"https:\/\/www.correiobraziliense.com.br\/cbradar\/nomes-raros-de-meninos-da-mitologia-grega-que-ainda-soam-modernos-em-2026\/\" \/>\n<meta property=\"og:locale\" content=\"pt_BR\" \/>\n<meta property=\"og:type\" content=\"article\" \/>\n<meta property=\"og:title\" content=\"Nomes raros de meninos da mitologia grega que ainda soam modernos em 2026 - Correio Braziliense - Radar\" \/>\n<meta property=\"og:description\" content=\"Nomes inspirados em hist\u00f3rias antigas ganham destaque por unir for\u00e7a simbolismo e sonoridade marcante para escolhas \u00fanicas e atuais\" \/>\n<meta property=\"og:url\" content=\"https:\/\/www.correiobraziliense.com.br\/cbradar\/nomes-raros-de-meninos-da-mitologia-grega-que-ainda-soam-modernos-em-2026\/\" \/>\n<meta property=\"og:site_name\" content=\"Correio Braziliense - Radar\" \/>\n<meta property=\"article:published_time\" content=\"2026-04-26T15:05:00+00:00\" \/>\n<meta property=\"og:image\" content=\"https:\/\/www.correiobraziliense.com.br\/cbradar\/wp-content\/uploads\/2026\/04\/Gemini_Generated_Image_vhlf5kvhlf5kvhlf-1-1.png\" \/>\n\t<meta property=\"og:image:width\" content=\"1280\" \/>\n\t<meta property=\"og:image:height\" content=\"720\" \/>\n\t<meta property=\"og:image:type\" content=\"image\/png\" \/>\n<meta name=\"author\" content=\"Patrick Silva\" \/>\n<meta name=\"twitter:card\" content=\"summary_large_image\" \/>\n<meta name=\"twitter:label1\" content=\"Escrito por\" \/>\n\t<meta name=\"twitter:data1\" content=\"Patrick Silva\" \/>\n\t<meta name=\"twitter:label2\" content=\"Est. tempo de leitura\" \/>\n\t<meta name=\"twitter:data2\" content=\"5 minutos\" \/>\n<!-- \/ Yoast SEO plugin. -->","yoast_head_json":{"title":"Nomes raros de meninos da mitologia grega que ainda soam modernos em 2026 - Correio Braziliense - Radar","description":"Nomes inspirados em hist\u00f3rias antigas ganham destaque por unir for\u00e7a simbolismo e sonoridade marcante para escolhas \u00fanicas e atuais","robots":{"index":"index","follow":"follow","max-snippet":"max-snippet:-1","max-image-preview":"max-image-preview:large","max-video-preview":"max-video-preview:-1"},"canonical":"https:\/\/www.correiobraziliense.com.br\/cbradar\/nomes-raros-de-meninos-da-mitologia-grega-que-ainda-soam-modernos-em-2026\/","og_locale":"pt_BR","og_type":"article","og_title":"Nomes raros de meninos da mitologia grega que ainda soam modernos em 2026 - Correio Braziliense - Radar","og_description":"Nomes inspirados em hist\u00f3rias antigas ganham destaque por unir for\u00e7a simbolismo e sonoridade marcante para escolhas \u00fanicas e atuais","og_url":"https:\/\/www.correiobraziliense.com.br\/cbradar\/nomes-raros-de-meninos-da-mitologia-grega-que-ainda-soam-modernos-em-2026\/","og_site_name":"Correio Braziliense - Radar","article_published_time":"2026-04-26T15:05:00+00:00","og_image":[{"width":1280,"height":720,"url":"https:\/\/www.correiobraziliense.com.br\/cbradar\/wp-content\/uploads\/2026\/04\/Gemini_Generated_Image_vhlf5kvhlf5kvhlf-1-1.png","type":"image\/png"}],"author":"Patrick Silva","twitter_card":"summary_large_image","twitter_misc":{"Escrito por":"Patrick Silva","Est. tempo de leitura":"5 minutos"},"schema":{"@context":"https:\/\/schema.org","@graph":[{"@type":"WebPage","@id":"https:\/\/www.correiobraziliense.com.br\/cbradar\/nomes-raros-de-meninos-da-mitologia-grega-que-ainda-soam-modernos-em-2026\/","url":"https:\/\/www.correiobraziliense.com.br\/cbradar\/nomes-raros-de-meninos-da-mitologia-grega-que-ainda-soam-modernos-em-2026\/","name":"Nomes raros de meninos da mitologia grega que ainda soam modernos em 2026 - Correio Braziliense - Radar","isPartOf":{"@id":"https:\/\/www.correiobraziliense.com.br\/cbradar\/#website"},"primaryImageOfPage":{"@id":"https:\/\/www.correiobraziliense.com.br\/cbradar\/nomes-raros-de-meninos-da-mitologia-grega-que-ainda-soam-modernos-em-2026\/#primaryimage"},"image":{"@id":"https:\/\/www.correiobraziliense.com.br\/cbradar\/nomes-raros-de-meninos-da-mitologia-grega-que-ainda-soam-modernos-em-2026\/#primaryimage"},"thumbnailUrl":"https:\/\/www.correiobraziliense.com.br\/cbradar\/wp-content\/uploads\/2026\/04\/Gemini_Generated_Image_vhlf5kvhlf5kvhlf-1-1.png","datePublished":"2026-04-26T15:05:00+00:00","author":{"@id":"https:\/\/www.correiobraziliense.com.br\/cbradar\/#\/schema\/person\/5440b72be9c7eb74f446c846479dc4da"},"description":"Nomes inspirados em hist\u00f3rias antigas ganham destaque por unir for\u00e7a simbolismo e sonoridade marcante para escolhas \u00fanicas e atuais","breadcrumb":{"@id":"https:\/\/www.correiobraziliense.com.br\/cbradar\/nomes-raros-de-meninos-da-mitologia-grega-que-ainda-soam-modernos-em-2026\/#breadcrumb"},"inLanguage":"pt-BR","potentialAction":[{"@type":"ReadAction","target":["https:\/\/www.correiobraziliense.com.br\/cbradar\/nomes-raros-de-meninos-da-mitologia-grega-que-ainda-soam-modernos-em-2026\/"]}]},{"@type":"ImageObject","inLanguage":"pt-BR","@id":"https:\/\/www.correiobraziliense.com.br\/cbradar\/nomes-raros-de-meninos-da-mitologia-grega-que-ainda-soam-modernos-em-2026\/#primaryimage","url":"https:\/\/www.correiobraziliense.com.br\/cbradar\/wp-content\/uploads\/2026\/04\/Gemini_Generated_Image_vhlf5kvhlf5kvhlf-1-1.png","contentUrl":"https:\/\/www.correiobraziliense.com.br\/cbradar\/wp-content\/uploads\/2026\/04\/Gemini_Generated_Image_vhlf5kvhlf5kvhlf-1-1.png","width":1280,"height":720,"caption":"Nomes mitol\u00f3gicos masculinos unem significado forte e sonoridade marcante para escolhas \u00fanicas"},{"@type":"BreadcrumbList","@id":"https:\/\/www.correiobraziliense.com.br\/cbradar\/nomes-raros-de-meninos-da-mitologia-grega-que-ainda-soam-modernos-em-2026\/#breadcrumb","itemListElement":[{"@type":"ListItem","position":1,"name":"In\u00edcio","item":"https:\/\/www.correiobraziliense.com.br\/cbradar\/"},{"@type":"ListItem","position":2,"name":"Nomes raros de meninos da mitologia grega que ainda soam modernos em 2026"}]},{"@type":"WebSite","@id":"https:\/\/www.correiobraziliense.com.br\/cbradar\/#website","url":"https:\/\/www.correiobraziliense.com.br\/cbradar\/","name":"Correio Braziliense - Radar","description":"Acompanhe as \u00faltimas not\u00edcias e fique bem informado sobre tudo o que acontece no Brasil e no mundo.","potentialAction":[{"@type":"SearchAction","target":{"@type":"EntryPoint","urlTemplate":"https:\/\/www.correiobraziliense.com.br\/cbradar\/?s={search_term_string}"},"query-input":{"@type":"PropertyValueSpecification","valueRequired":true,"valueName":"search_term_string"}}],"inLanguage":"pt-BR"},{"@type":"Person","@id":"https:\/\/www.correiobraziliense.com.br\/cbradar\/#\/schema\/person\/5440b72be9c7eb74f446c846479dc4da","name":"Patrick Silva","image":{"@type":"ImageObject","inLanguage":"pt-BR","@id":"https:\/\/www.correiobraziliense.com.br\/cbradar\/#\/schema\/person\/image\/","url":"https:\/\/secure.gravatar.com\/avatar\/944109df296fc087785c9715fd5f80b2?s=96&d=mm&r=g","contentUrl":"https:\/\/secure.gravatar.com\/avatar\/944109df296fc087785c9715fd5f80b2?s=96&d=mm&r=g","caption":"Patrick Silva"},"sameAs":["https:\/\/www.correiobraziliense.com.br\/cbradar\/"],"url":"https:\/\/www.correiobraziliense.com.br\/cbradar\/author\/patrick-silva\/"}]}},"_links":{"self":[{"href":"https:\/\/www.correiobraziliense.com.br\/cbradar\/wp-json\/wp\/v2\/posts\/231921","targetHints":{"allow":["GET"]}}],"collection":[{"href":"https:\/\/www.correiobraziliense.com.br\/cbradar\/wp-json\/wp\/v2\/posts"}],"about":[{"href":"https:\/\/www.correiobraziliense.com.br\/cbradar\/wp-json\/wp\/v2\/types\/post"}],"author":[{"embeddable":true,"href":"https:\/\/www.correiobraziliense.com.br\/cbradar\/wp-json\/wp\/v2\/users\/21"}],"replies":[{"embeddable":true,"href":"https:\/\/www.correiobraziliense.com.br\/cbradar\/wp-json\/wp\/v2\/comments?post=231921"}],"version-history":[{"count":1,"href":"https:\/\/www.correiobraziliense.com.br\/cbradar\/wp-json\/wp\/v2\/posts\/231921\/revisions"}],"predecessor-version":[{"id":231939,"href":"https:\/\/www.correiobraziliense.com.br\/cbradar\/wp-json\/wp\/v2\/posts\/231921\/revisions\/231939"}],"wp:featuredmedia":[{"embeddable":true,"href":"https:\/\/www.correiobraziliense.com.br\/cbradar\/wp-json\/wp\/v2\/media\/231931"}],"wp:attachment":[{"href":"https:\/\/www.correiobraziliense.com.br\/cbradar\/wp-json\/wp\/v2\/media?parent=231921"}],"wp:term":[{"taxonomy":"category","embeddable":true,"href":"https:\/\/www.correiobraziliense.com.br\/cbradar\/wp-json\/wp\/v2\/categories?post=231921"},{"taxonomy":"post_tag","embeddable":true,"href":"https:\/\/www.correiobraziliense.com.br\/cbradar\/wp-json\/wp\/v2\/post_tag?post=231921"}],"curies":[{"name":"wp","href":"https:\/\/api.w.org\/{rel}","templated":true}]}}