{"id":231938,"date":"2026-04-27T08:45:00","date_gmt":"2026-04-27T11:45:00","guid":{"rendered":"https:\/\/www.correiobraziliense.com.br\/cbradar\/?p=231938"},"modified":"2026-04-25T11:39:38","modified_gmt":"2026-04-25T14:39:38","slug":"a-regra-da-lingua-portuguesa-que-poucos-sabem-ao-usar-tempos-verbais-corretamente","status":"publish","type":"post","link":"https:\/\/www.correiobraziliense.com.br\/cbradar\/a-regra-da-lingua-portuguesa-que-poucos-sabem-ao-usar-tempos-verbais-corretamente\/","title":{"rendered":"A regra da l\u00edngua portuguesa que poucos sabem ao usar tempos verbais corretamente"},"content":{"rendered":"\n<p>O uso correto dos tempos verbais em portugu\u00eas influencia diretamente a clareza e a organiza\u00e7\u00e3o das ideias em um texto. Uma regra pouco observada, mas essencial, \u00e9 a correla\u00e7\u00e3o verbal, que mant\u00e9m a coer\u00eancia entre diferentes tempos dentro da mesma constru\u00e7\u00e3o. Quando aplicada com precis\u00e3o, ela evita ambiguidades e melhora a comunica\u00e7\u00e3o escrita em diversos contextos.<\/p>\n\n\n\n<h2 class=\"wp-block-heading\">Qual \u00e9 a regra de correla\u00e7\u00e3o verbal no portugu\u00eas?<\/h2>\n\n\n\n<p>A <a href=\"https:\/\/ocw.mit.edu\/search\/?d=Linguistics%20and%20Philosophy&amp;s=department_course_numbers.sort_coursenum\" target=\"_blank\" rel=\"noreferrer noopener\">regra de correla\u00e7\u00e3o verbal<\/a> determina que os tempos dos verbos devem manter coer\u00eancia l\u00f3gica dentro da mesma <a href=\"https:\/\/www.correiobraziliense.com.br\/cbradar\/eu-sei-como-voce-se-sente-a-frase-mais-dita-por-aqueles-que-menos-te-entendem-2\/\" target=\"_blank\" rel=\"noreferrer noopener\">frase <\/a>ou per\u00edodo. Isso significa que a\u00e7\u00f5es passadas, presentes ou futuras precisam estar alinhadas para evitar confus\u00e3o. Essa estrutura garante que a mensagem seja interpretada corretamente pelo leitor em diferentes contextos de comunica\u00e7\u00e3o escrita formal.<\/p>\n\n\n\n<p>Na pr\u00e1tica, essa regra evita combina\u00e7\u00f5es inadequadas como misturar tempos verbais sem necessidade. Um exemplo comum ocorre quando o autor inicia no passado e muda para o presente sem justificativa. Essa inconsist\u00eancia prejudica a fluidez do texto e pode gerar interpreta\u00e7\u00f5es erradas, principalmente em documentos t\u00e9cnicos ou textos acad\u00eamicos estruturados formais.<\/p>\n\n\n\n<figure class=\"wp-block-image size-full\"><img decoding=\"async\" width=\"1280\" height=\"720\" src=\"https:\/\/www.correiobraziliense.com.br\/cbradar\/wp-content\/uploads\/2026\/04\/download-2026-04-25T113040.972-1.png\" alt=\"\" class=\"wp-image-231959\" srcset=\"https:\/\/www.correiobraziliense.com.br\/cbradar\/wp-content\/uploads\/2026\/04\/download-2026-04-25T113040.972-1.png 1280w, https:\/\/www.correiobraziliense.com.br\/cbradar\/wp-content\/uploads\/2026\/04\/download-2026-04-25T113040.972-1-300x169.png 300w, https:\/\/www.correiobraziliense.com.br\/cbradar\/wp-content\/uploads\/2026\/04\/download-2026-04-25T113040.972-1-768x432.png 768w, https:\/\/www.correiobraziliense.com.br\/cbradar\/wp-content\/uploads\/2026\/04\/download-2026-04-25T113040.972-1-750x422.png 750w, https:\/\/www.correiobraziliense.com.br\/cbradar\/wp-content\/uploads\/2026\/04\/download-2026-04-25T113040.972-1-1140x641.png 1140w\" sizes=\"(max-width: 1280px) 100vw, 1280px\" \/><figcaption class=\"wp-element-caption\">O segredo da escrita clara que quase ningu\u00e9m domina<\/figcaption><\/figure>\n\n\n\n<h2 class=\"wp-block-heading\">Por que erros com tempos verbais s\u00e3o t\u00e3o comuns?<\/h2>\n\n\n\n<p>Erros com tempos verbais s\u00e3o frequentes porque muitos falantes n\u00e3o percebem a necessidade de manter coer\u00eancia temporal ao escrever. A fala cotidiana permite mais flexibilidade, mas a escrita exige precis\u00e3o. Essa diferen\u00e7a leva a constru\u00e7\u00f5es incorretas que comprometem a clareza e a organiza\u00e7\u00e3o das ideias em textos mais elaborados e formais geralmente.<\/p>\n\n\n\n<p>Outro fator \u00e9 a falta de aten\u00e7\u00e3o \u00e0s regras de concord\u00e2ncia temporal ensinadas na gram\u00e1tica. Muitos escritores iniciantes n\u00e3o revisam o texto com cuidado suficiente. Isso resulta em mudan\u00e7as abruptas de tempo verbal que quebram a l\u00f3gica da narrativa e prejudicam a compreens\u00e3o do leitor em diferentes n\u00edveis de leitura em contextos diversos de escrita formal.<\/p>\n\n\n\n<h2 class=\"wp-block-heading\">Como aplicar corretamente a correla\u00e7\u00e3o verbal?<\/h2>\n\n\n\n<p>Aplicar corretamente a correla\u00e7\u00e3o verbal exige aten\u00e7\u00e3o ao tempo em que cada a\u00e7\u00e3o ocorre dentro do texto. O escritor deve manter consist\u00eancia entre passado, presente e futuro para evitar confus\u00e3o. Essa pr\u00e1tica melhora a organiza\u00e7\u00e3o das ideias e torna a leitura mais fluida, especialmente em textos explicativos e informativos do cotidiano55.<\/p>\n\n\n\n<p>Para aplicar essa regra de forma pr\u00e1tica na escrita, \u00e9 necess\u00e1rio observar alguns pontos essenciais que ajudam a manter coer\u00eancia entre os tempos verbais e evitar erros comuns que prejudicam a clareza do texto em diferentes situa\u00e7\u00f5es de comunica\u00e7\u00e3o escrita formal e acad\u00eamica com foco na precis\u00e3o e na continuidade temporal garantindo maior clareza na escrita:<\/p>\n\n\n\n<figure class=\"wp-block-image size-full\"><img decoding=\"async\" width=\"1280\" height=\"705\" src=\"https:\/\/www.correiobraziliense.com.br\/cbradar\/wp-content\/uploads\/2026\/04\/convertido-16-3.jpg\" alt=\"\" class=\"wp-image-231958\" srcset=\"https:\/\/www.correiobraziliense.com.br\/cbradar\/wp-content\/uploads\/2026\/04\/convertido-16-3.jpg 1280w, https:\/\/www.correiobraziliense.com.br\/cbradar\/wp-content\/uploads\/2026\/04\/convertido-16-3-300x165.jpg 300w, https:\/\/www.correiobraziliense.com.br\/cbradar\/wp-content\/uploads\/2026\/04\/convertido-16-3-768x423.jpg 768w, https:\/\/www.correiobraziliense.com.br\/cbradar\/wp-content\/uploads\/2026\/04\/convertido-16-3-750x413.jpg 750w, https:\/\/www.correiobraziliense.com.br\/cbradar\/wp-content\/uploads\/2026\/04\/convertido-16-3-1140x628.jpg 1140w\" sizes=\"(max-width: 1280px) 100vw, 1280px\" \/><\/figure>\n\n\n\n<h2 class=\"wp-block-heading\">Qual o impacto da correla\u00e7\u00e3o verbal na clareza do texto?<\/h2>\n\n\n\n<p>A correla\u00e7\u00e3o verbal influencia diretamente a clareza do texto porque organiza a sequ\u00eancia temporal das a\u00e7\u00f5es. Quando aplicada corretamente, o leitor compreende melhor a rela\u00e7\u00e3o entre eventos. Isso evita ambiguidades e melhora a estrutura geral da comunica\u00e7\u00e3o escrita, tornando o conte\u00fado mais acess\u00edvel em diferentes n\u00edveis de leitura e interpreta\u00e7\u00e3o geral.<\/p>\n\n\n\n<p>Em textos profissionais, essa regra \u00e9 fundamental para manter uniformidade e precis\u00e3o. Documentos mal estruturados com mudan\u00e7as incoerentes de tempo verbal podem comprometer a credibilidade do autor. Por isso, a revis\u00e3o cuidadosa \u00e9 essencial para garantir que a mensagem seja transmitida de forma clara e organizada ao leitor em contextos formais escritos.<\/p>\n\n\n\n<p><br>Este v\u00eddeo do canal <strong>Gram\u00e1tica Sem Trauma<\/strong>, que j\u00e1 re\u00fane 4,45 mil inscritos, foi selecionado especialmente para voc\u00ea que quer entender de forma simples o conceito de correla\u00e7\u00e3o verbal. A explica\u00e7\u00e3o \u00e9 direta e ajuda a evitar erros comuns na constru\u00e7\u00e3o de frases no dia a dia.<\/p>\n\n\n\n<figure class=\"wp-block-embed is-type-video is-provider-youtube wp-block-embed-youtube wp-embed-aspect-16-9 wp-has-aspect-ratio\"><div class=\"wp-block-embed__wrapper\">\n<div class=\"jeg_video_container jeg_video_content\"><iframe loading=\"lazy\" title=\"Correla\u00e7\u00e3o Verbal.\" width=\"500\" height=\"281\" src=\"https:\/\/www.youtube.com\/embed\/tmWYoJZMJiI?feature=oembed\" frameborder=\"0\" allow=\"accelerometer; autoplay; clipboard-write; encrypted-media; gyroscope; picture-in-picture; web-share\" referrerpolicy=\"strict-origin-when-cross-origin\" allowfullscreen><\/iframe><\/div>\n<\/div><\/figure>\n\n\n\n<h2 class=\"wp-block-heading\">Por que dominar os tempos verbais melhora a escrita?<\/h2>\n\n\n\n<p>Dominar os tempos verbais melhora a escrita porque permite construir textos mais claros, coerentes e organizados. Essa habilidade facilita a comunica\u00e7\u00e3o de ideias complexas e reduz interpreta\u00e7\u00f5es equivocadas. Al\u00e9m disso, contribui para a qualidade geral da produ\u00e7\u00e3o textual em ambientes acad\u00eamicos, profissionais e cotidianos, fortalecendo a precis\u00e3o da linguagem utilizada56.<\/p>\n\n\n\n<p>Essa melhoria tamb\u00e9m impacta a forma como o leitor interpreta o conte\u00fado, tornando a leitura mais fluida e natural. Textos bem estruturados com correla\u00e7\u00e3o verbal adequada transmitem profissionalismo e facilitam a compreens\u00e3o em diferentes contextos de uso da l\u00edngua portuguesa escrita em ambientes diversos de comunica\u00e7\u00e3o formal e informal de maneira cont\u00ednua e eficaz.<\/p>\n","protected":false},"excerpt":{"rendered":"<p>A correla\u00e7\u00e3o verbal ajuda a manter a coer\u00eancia dos tempos verbais e tornar sua escrita mais clara, fluida e profissional<\/p>\n","protected":false},"author":23,"featured_media":231960,"comment_status":"open","ping_status":"open","sticky":false,"template":"","format":"standard","meta":{"_yoast_wpseo_focuskw":"Regra da l\u00edngua portuguesa","_yoast_wpseo_title":"","_yoast_wpseo_metadesc":"A correla\u00e7\u00e3o verbal ajuda a manter a coer\u00eancia dos tempos verbais e tornar sua escrita mais clara, fluida e profissional","jnews-multi-image_gallery":[],"jnews_single_post":{"format":"standard"},"jnews_primary_category":[],"jnews_social_meta":[],"jnews_override_counter":[],"footnotes":""},"categories":[112],"post_tag":[],"class_list":["post-231938","post","type-post","status-publish","format-standard","has-post-thumbnail","hentry","category-curiosidades"],"yoast_head":"<!-- This site is optimized with the Yoast SEO plugin v24.6 - https:\/\/yoast.com\/wordpress\/plugins\/seo\/ -->\n<title>A regra da l\u00edngua portuguesa que poucos sabem ao usar tempos verbais corretamente - Correio Braziliense - Radar<\/title>\n<meta name=\"description\" content=\"A correla\u00e7\u00e3o verbal ajuda a manter a coer\u00eancia dos tempos verbais e tornar sua escrita mais clara, fluida e profissional\" \/>\n<meta name=\"robots\" content=\"index, follow, max-snippet:-1, max-image-preview:large, max-video-preview:-1\" \/>\n<link rel=\"canonical\" href=\"https:\/\/www.correiobraziliense.com.br\/cbradar\/a-regra-da-lingua-portuguesa-que-poucos-sabem-ao-usar-tempos-verbais-corretamente\/\" \/>\n<meta property=\"og:locale\" content=\"pt_BR\" \/>\n<meta property=\"og:type\" content=\"article\" \/>\n<meta property=\"og:title\" content=\"A regra da l\u00edngua portuguesa que poucos sabem ao usar tempos verbais corretamente - Correio Braziliense - Radar\" \/>\n<meta property=\"og:description\" content=\"A correla\u00e7\u00e3o verbal ajuda a manter a coer\u00eancia dos tempos verbais e tornar sua escrita mais clara, fluida e profissional\" \/>\n<meta property=\"og:url\" content=\"https:\/\/www.correiobraziliense.com.br\/cbradar\/a-regra-da-lingua-portuguesa-que-poucos-sabem-ao-usar-tempos-verbais-corretamente\/\" \/>\n<meta property=\"og:site_name\" content=\"Correio Braziliense - Radar\" \/>\n<meta property=\"article:published_time\" content=\"2026-04-27T11:45:00+00:00\" \/>\n<meta property=\"og:image\" content=\"https:\/\/www.correiobraziliense.com.br\/cbradar\/wp-content\/uploads\/2026\/04\/download-2026-04-25T113051.238-1.png\" \/>\n\t<meta property=\"og:image:width\" content=\"1280\" \/>\n\t<meta property=\"og:image:height\" content=\"720\" \/>\n\t<meta property=\"og:image:type\" content=\"image\/png\" \/>\n<meta name=\"author\" content=\"Nicolas Otto\" \/>\n<meta name=\"twitter:card\" content=\"summary_large_image\" \/>\n<meta name=\"twitter:label1\" content=\"Escrito por\" \/>\n\t<meta name=\"twitter:data1\" content=\"Nicolas Otto\" \/>\n\t<meta name=\"twitter:label2\" content=\"Est. tempo de leitura\" \/>\n\t<meta name=\"twitter:data2\" content=\"5 minutos\" \/>\n<!-- \/ Yoast SEO plugin. -->","yoast_head_json":{"title":"A regra da l\u00edngua portuguesa que poucos sabem ao usar tempos verbais corretamente - Correio Braziliense - Radar","description":"A correla\u00e7\u00e3o verbal ajuda a manter a coer\u00eancia dos tempos verbais e tornar sua escrita mais clara, fluida e profissional","robots":{"index":"index","follow":"follow","max-snippet":"max-snippet:-1","max-image-preview":"max-image-preview:large","max-video-preview":"max-video-preview:-1"},"canonical":"https:\/\/www.correiobraziliense.com.br\/cbradar\/a-regra-da-lingua-portuguesa-que-poucos-sabem-ao-usar-tempos-verbais-corretamente\/","og_locale":"pt_BR","og_type":"article","og_title":"A regra da l\u00edngua portuguesa que poucos sabem ao usar tempos verbais corretamente - Correio Braziliense - Radar","og_description":"A correla\u00e7\u00e3o verbal ajuda a manter a coer\u00eancia dos tempos verbais e tornar sua escrita mais clara, fluida e profissional","og_url":"https:\/\/www.correiobraziliense.com.br\/cbradar\/a-regra-da-lingua-portuguesa-que-poucos-sabem-ao-usar-tempos-verbais-corretamente\/","og_site_name":"Correio Braziliense - Radar","article_published_time":"2026-04-27T11:45:00+00:00","og_image":[{"width":1280,"height":720,"url":"https:\/\/www.correiobraziliense.com.br\/cbradar\/wp-content\/uploads\/2026\/04\/download-2026-04-25T113051.238-1.png","type":"image\/png"}],"author":"Nicolas Otto","twitter_card":"summary_large_image","twitter_misc":{"Escrito por":"Nicolas Otto","Est. tempo de leitura":"5 minutos"},"schema":{"@context":"https:\/\/schema.org","@graph":[{"@type":"WebPage","@id":"https:\/\/www.correiobraziliense.com.br\/cbradar\/a-regra-da-lingua-portuguesa-que-poucos-sabem-ao-usar-tempos-verbais-corretamente\/","url":"https:\/\/www.correiobraziliense.com.br\/cbradar\/a-regra-da-lingua-portuguesa-que-poucos-sabem-ao-usar-tempos-verbais-corretamente\/","name":"A regra da l\u00edngua portuguesa que poucos sabem ao usar tempos verbais corretamente - Correio Braziliense - Radar","isPartOf":{"@id":"https:\/\/www.correiobraziliense.com.br\/cbradar\/#website"},"primaryImageOfPage":{"@id":"https:\/\/www.correiobraziliense.com.br\/cbradar\/a-regra-da-lingua-portuguesa-que-poucos-sabem-ao-usar-tempos-verbais-corretamente\/#primaryimage"},"image":{"@id":"https:\/\/www.correiobraziliense.com.br\/cbradar\/a-regra-da-lingua-portuguesa-que-poucos-sabem-ao-usar-tempos-verbais-corretamente\/#primaryimage"},"thumbnailUrl":"https:\/\/www.correiobraziliense.com.br\/cbradar\/wp-content\/uploads\/2026\/04\/download-2026-04-25T113051.238-1.png","datePublished":"2026-04-27T11:45:00+00:00","author":{"@id":"https:\/\/www.correiobraziliense.com.br\/cbradar\/#\/schema\/person\/3221b250518e74ac52c442d1c1236aaa"},"description":"A correla\u00e7\u00e3o verbal ajuda a manter a coer\u00eancia dos tempos verbais e tornar sua escrita mais clara, fluida e profissional","breadcrumb":{"@id":"https:\/\/www.correiobraziliense.com.br\/cbradar\/a-regra-da-lingua-portuguesa-que-poucos-sabem-ao-usar-tempos-verbais-corretamente\/#breadcrumb"},"inLanguage":"pt-BR","potentialAction":[{"@type":"ReadAction","target":["https:\/\/www.correiobraziliense.com.br\/cbradar\/a-regra-da-lingua-portuguesa-que-poucos-sabem-ao-usar-tempos-verbais-corretamente\/"]}]},{"@type":"ImageObject","inLanguage":"pt-BR","@id":"https:\/\/www.correiobraziliense.com.br\/cbradar\/a-regra-da-lingua-portuguesa-que-poucos-sabem-ao-usar-tempos-verbais-corretamente\/#primaryimage","url":"https:\/\/www.correiobraziliense.com.br\/cbradar\/wp-content\/uploads\/2026\/04\/download-2026-04-25T113051.238-1.png","contentUrl":"https:\/\/www.correiobraziliense.com.br\/cbradar\/wp-content\/uploads\/2026\/04\/download-2026-04-25T113051.238-1.png","width":1280,"height":720,"caption":"O segredo da escrita clara que quase ningu\u00e9m domina"},{"@type":"BreadcrumbList","@id":"https:\/\/www.correiobraziliense.com.br\/cbradar\/a-regra-da-lingua-portuguesa-que-poucos-sabem-ao-usar-tempos-verbais-corretamente\/#breadcrumb","itemListElement":[{"@type":"ListItem","position":1,"name":"In\u00edcio","item":"https:\/\/www.correiobraziliense.com.br\/cbradar\/"},{"@type":"ListItem","position":2,"name":"A regra da l\u00edngua portuguesa que poucos sabem ao usar tempos verbais corretamente"}]},{"@type":"WebSite","@id":"https:\/\/www.correiobraziliense.com.br\/cbradar\/#website","url":"https:\/\/www.correiobraziliense.com.br\/cbradar\/","name":"Correio Braziliense - Radar","description":"Acompanhe as \u00faltimas not\u00edcias e fique bem informado sobre tudo o que acontece no Brasil e no mundo.","potentialAction":[{"@type":"SearchAction","target":{"@type":"EntryPoint","urlTemplate":"https:\/\/www.correiobraziliense.com.br\/cbradar\/?s={search_term_string}"},"query-input":{"@type":"PropertyValueSpecification","valueRequired":true,"valueName":"search_term_string"}}],"inLanguage":"pt-BR"},{"@type":"Person","@id":"https:\/\/www.correiobraziliense.com.br\/cbradar\/#\/schema\/person\/3221b250518e74ac52c442d1c1236aaa","name":"Nicolas Otto","image":{"@type":"ImageObject","inLanguage":"pt-BR","@id":"https:\/\/www.correiobraziliense.com.br\/cbradar\/#\/schema\/person\/image\/","url":"https:\/\/secure.gravatar.com\/avatar\/05925f730d72f0ea0df144f236adfb18?s=96&d=mm&r=g","contentUrl":"https:\/\/secure.gravatar.com\/avatar\/05925f730d72f0ea0df144f236adfb18?s=96&d=mm&r=g","caption":"Nicolas Otto"},"sameAs":["https:\/\/www.correiobraziliense.com.br\/cbradar\/"],"url":"https:\/\/www.correiobraziliense.com.br\/cbradar\/author\/nicolas-otto\/"}]}},"_links":{"self":[{"href":"https:\/\/www.correiobraziliense.com.br\/cbradar\/wp-json\/wp\/v2\/posts\/231938","targetHints":{"allow":["GET"]}}],"collection":[{"href":"https:\/\/www.correiobraziliense.com.br\/cbradar\/wp-json\/wp\/v2\/posts"}],"about":[{"href":"https:\/\/www.correiobraziliense.com.br\/cbradar\/wp-json\/wp\/v2\/types\/post"}],"author":[{"embeddable":true,"href":"https:\/\/www.correiobraziliense.com.br\/cbradar\/wp-json\/wp\/v2\/users\/23"}],"replies":[{"embeddable":true,"href":"https:\/\/www.correiobraziliense.com.br\/cbradar\/wp-json\/wp\/v2\/comments?post=231938"}],"version-history":[{"count":1,"href":"https:\/\/www.correiobraziliense.com.br\/cbradar\/wp-json\/wp\/v2\/posts\/231938\/revisions"}],"predecessor-version":[{"id":231961,"href":"https:\/\/www.correiobraziliense.com.br\/cbradar\/wp-json\/wp\/v2\/posts\/231938\/revisions\/231961"}],"wp:featuredmedia":[{"embeddable":true,"href":"https:\/\/www.correiobraziliense.com.br\/cbradar\/wp-json\/wp\/v2\/media\/231960"}],"wp:attachment":[{"href":"https:\/\/www.correiobraziliense.com.br\/cbradar\/wp-json\/wp\/v2\/media?parent=231938"}],"wp:term":[{"taxonomy":"category","embeddable":true,"href":"https:\/\/www.correiobraziliense.com.br\/cbradar\/wp-json\/wp\/v2\/categories?post=231938"},{"taxonomy":"post_tag","embeddable":true,"href":"https:\/\/www.correiobraziliense.com.br\/cbradar\/wp-json\/wp\/v2\/post_tag?post=231938"}],"curies":[{"name":"wp","href":"https:\/\/api.w.org\/{rel}","templated":true}]}}