{"id":231940,"date":"2026-04-26T21:35:00","date_gmt":"2026-04-27T00:35:00","guid":{"rendered":"https:\/\/www.correiobraziliense.com.br\/cbradar\/?p=231940"},"modified":"2026-04-25T12:07:03","modified_gmt":"2026-04-25T15:07:03","slug":"as-melhores-opcoes-de-nomes-nordicos-para-meninos-em-2026","status":"publish","type":"post","link":"https:\/\/www.correiobraziliense.com.br\/cbradar\/as-melhores-opcoes-de-nomes-nordicos-para-meninos-em-2026\/","title":{"rendered":"As melhores op\u00e7\u00f5es de nomes n\u00f3rdicos para meninos em 2026"},"content":{"rendered":"\n<p>Escolher o nome de um filho \u00e9 um momento especial que exige equil\u00edbrio entre tradi\u00e7\u00e3o e originalidade para o futuro. Em dois mil e vinte e seis, os nomes inspirados na cultura da <strong>Escandin\u00e1via<\/strong> ganham destaque por transmitirem for\u00e7a e conex\u00e3o com a natureza selvagem. Essas op\u00e7\u00f5es oferecem uma identidade marcante e atemporal para meninos em crescimento saud\u00e1vel.<\/p>\n\n\n\n<h2 class=\"wp-block-heading\">Por que os nomes de origem n\u00f3rdica est\u00e3o em alta?<\/h2>\n\n\n\n<p>Muitos pais buscam nomes que carregam uma heran\u00e7a cultural profunda e simbolizam resili\u00eancia diante dos desafios da vida moderna. A cultura dos antigos povos do norte oferece uma fonte rica de significados ligados \u00e0 coragem e aos elementos naturais como o gelo e o mar. Essa tend\u00eancia reflete o desejo de oferecer uma assinatura pessoal s\u00f3lida e respeitada.<\/p>\n\n\n\n<p>Al\u00e9m do simbolismo hist\u00f3rico, a simplicidade fon\u00e9tica dessas escolhas agrada fam\u00edlias que valorizam nomes curtos e f\u00e1ceis de pronunciar globalmente. Ter uma identifica\u00e7\u00e3o que soa bem em diferentes idiomas \u00e9 uma vantagem estrat\u00e9gica para as futuras gera\u00e7\u00f5es em um mundo conectado. Os nomes escandinavos conseguem unir sofistica\u00e7\u00e3o e for\u00e7a sem parecerem datados ou excessivamente complexos para a inf\u00e2ncia.<\/p>\n\n\n\n<figure class=\"wp-block-image size-full\"><img decoding=\"async\" width=\"1280\" height=\"720\" src=\"https:\/\/www.correiobraziliense.com.br\/cbradar\/wp-content\/uploads\/2026\/04\/Gemini_Generated_Image_scvnf4scvnf4scvn-1-1.png\" alt=\"As melhores op\u00e7\u00f5es de nomes n\u00f3rdicos para meninos em 2026\" class=\"wp-image-231947\" srcset=\"https:\/\/www.correiobraziliense.com.br\/cbradar\/wp-content\/uploads\/2026\/04\/Gemini_Generated_Image_scvnf4scvnf4scvn-1-1.png 1280w, https:\/\/www.correiobraziliense.com.br\/cbradar\/wp-content\/uploads\/2026\/04\/Gemini_Generated_Image_scvnf4scvnf4scvn-1-1-300x169.png 300w, https:\/\/www.correiobraziliense.com.br\/cbradar\/wp-content\/uploads\/2026\/04\/Gemini_Generated_Image_scvnf4scvnf4scvn-1-1-768x432.png 768w, https:\/\/www.correiobraziliense.com.br\/cbradar\/wp-content\/uploads\/2026\/04\/Gemini_Generated_Image_scvnf4scvnf4scvn-1-1-750x422.png 750w, https:\/\/www.correiobraziliense.com.br\/cbradar\/wp-content\/uploads\/2026\/04\/Gemini_Generated_Image_scvnf4scvnf4scvn-1-1-1140x641.png 1140w\" sizes=\"(max-width: 1280px) 100vw, 1280px\" \/><figcaption class=\"wp-element-caption\">Nomes n\u00f3rdicos masculinos se destacam pela for\u00e7a e sonoridade marcante na escolha atual<\/figcaption><\/figure>\n\n\n\n<h2 class=\"wp-block-heading\">Como a sonoridade viking influencia a escolha moderna?<\/h2>\n\n\n\n<p>A melodia presente nos idiomas n\u00f3rdicos antigos proporciona uma experi\u00eancia auditiva marcante que diferencia a crian\u00e7a em qualquer ambiente social ou escolar. Consoantes fortes e vogais claras criam um ritmo que transmite autoridade e firmeza de maneira equilibrada em diversos contextos sociais. A sonoridade \u00e9 um fator primordial para fam\u00edlias que buscam nomes com uma presen\u00e7a verbal imponente.<\/p>\n\n\n\n<p>Nomes que remetem a guerreiros e navegadores trazem uma aura de determina\u00e7\u00e3o que inspira o desenvolvimento da autoconfian\u00e7a desde os primeiros anos de vida. A est\u00e9tica dessas denomina\u00e7\u00f5es combina perfeitamente com o estilo de vida contempor\u00e2neo, que valoriza a autenticidade e o respeito pelas ra\u00edzes ancestrais. Optar por essa linha garante uma escolha segura e cheia de personalidade \u00fanica.<\/p>\n\n\n\n<h2 class=\"wp-block-heading\">Quais s\u00e3o as op\u00e7\u00f5es mais populares para meninos?<\/h2>\n\n\n\n<p>A sele\u00e7\u00e3o das melhores op\u00e7\u00f5es envolve considerar termos que preservam o charme cl\u00e1ssico enquanto se adaptam \u00e0 modernidade de dois mil e vinte e seis. Muitos desses nomes possuem varia\u00e7\u00f5es elegantes que permitem uma personaliza\u00e7\u00e3o conforme o gosto familiar, mantendo sempre a ess\u00eancia da for\u00e7a escandinava original. S\u00e3o escolhas que atravessam fronteiras, mantendo a relev\u00e2ncia cultural e o brilho visual.<\/p>\n\n\n\n<p>Principais nomes inspiradores para compor a identidade do seu filho:<\/p>\n\n\n\n<ul class=\"wp-block-list\">\n<li><strong>Erik<\/strong><\/li>\n\n\n\n<li><strong>Lars<\/strong><\/li>\n\n\n\n<li><strong>Soren<\/strong><\/li>\n\n\n\n<li><strong>Viggo<\/strong><\/li>\n\n\n\n<li><strong>Odin<\/strong><\/li>\n\n\n\n<li><strong>Bjorn<\/strong><\/li>\n<\/ul>\n\n\n\n<h2 class=\"wp-block-heading\">De que maneira o significado dos nomes fortalece a identidade?<\/h2>\n\n\n\n<p>Atribuir um nome que remete \u00e0 lideran\u00e7a ou \u00e0 prote\u00e7\u00e3o ajuda na constru\u00e7\u00e3o de uma autoestima elevada e resiliente para o menino. Quando a crian\u00e7a compreende a hist\u00f3ria de bravura por tr\u00e1s de sua pr\u00f3pria identidade, ela desenvolve um senso de prop\u00f3sito maior diante da sociedade. A carga simb\u00f3lica atua como um guia silencioso durante todo o amadurecimento humano necess\u00e1rio.<\/p>\n\n\n\n<p>A conex\u00e3o com nomes que significam urso ou \u00e1guia tamb\u00e9m estimula o respeito pela fauna e pelo equil\u00edbrio do ecossistema terrestre. Essa consci\u00eancia ecol\u00f3gica \u00e9 um valor extremamente apreciado por fam\u00edlias que desejam educar cidad\u00e3os conscientes e conectados com a preserva\u00e7\u00e3o da natureza. O significado profundo \u00e9 o que torna o nome eterno e relevante em qualquer fase existencial.<\/p>\n\n\n\n<figure class=\"wp-block-image size-full\"><img decoding=\"async\" width=\"1280\" height=\"720\" src=\"https:\/\/www.correiobraziliense.com.br\/cbradar\/wp-content\/uploads\/2026\/04\/Gemini_Generated_Image_ybam1zybam1zybam-1-1.png\" alt=\"As melhores op\u00e7\u00f5es de nomes n\u00f3rdicos para meninos em 2026\" class=\"wp-image-231948\" srcset=\"https:\/\/www.correiobraziliense.com.br\/cbradar\/wp-content\/uploads\/2026\/04\/Gemini_Generated_Image_ybam1zybam1zybam-1-1.png 1280w, https:\/\/www.correiobraziliense.com.br\/cbradar\/wp-content\/uploads\/2026\/04\/Gemini_Generated_Image_ybam1zybam1zybam-1-1-300x169.png 300w, https:\/\/www.correiobraziliense.com.br\/cbradar\/wp-content\/uploads\/2026\/04\/Gemini_Generated_Image_ybam1zybam1zybam-1-1-768x432.png 768w, https:\/\/www.correiobraziliense.com.br\/cbradar\/wp-content\/uploads\/2026\/04\/Gemini_Generated_Image_ybam1zybam1zybam-1-1-750x422.png 750w, https:\/\/www.correiobraziliense.com.br\/cbradar\/wp-content\/uploads\/2026\/04\/Gemini_Generated_Image_ybam1zybam1zybam-1-1-1140x641.png 1140w\" sizes=\"(max-width: 1280px) 100vw, 1280px\" \/><figcaption class=\"wp-element-caption\">Nomes n\u00f3rdicos masculinos se destacam pela for\u00e7a e sonoridade marcante na escolha atual<\/figcaption><\/figure>\n\n\n\n<p>Leia tamb\u00e9m: <a href=\"https:\/\/www.correiobraziliense.com.br\/cbradar\/nomes-de-meninas-inspirados-em-flores-raras-que-transmitem-leveza-e-encanto\/\" target=\"_blank\" rel=\"noreferrer noopener\">Nomes de meninas inspirados em flores raras que transmitem leveza e encanto<\/a><\/p>\n\n\n\n<h2 class=\"wp-block-heading\">Como escolher o nome n\u00f3rdico ideal para a fam\u00edlia?<\/h2>\n\n\n\n<p>A decis\u00e3o final deve levar em conta a harmonia sonora com os sobrenomes existentes e a facilidade de escrita no cotidiano escolar. Realizar pesquisas sobre a etimologia correta garante que a escolha seja baseada em fatos hist\u00f3ricos verificados, evitando interpreta\u00e7\u00f5es erradas que possam causar algum desconforto. Planejar com anteced\u00eancia permite que os pais sintam total seguran\u00e7a na decis\u00e3o tomada.<\/p>\n\n\n\n<p>Analisar as tend\u00eancias de nomes em pa\u00edses como a <strong>Noruega<\/strong> ou a <strong>Su\u00e9cia<\/strong> ajuda a identificar quais denomina\u00e7\u00f5es est\u00e3o em crescimento internacional. Consultar dados oficiais do <strong><a target=\"_blank\" rel=\"noreferrer noopener\" href=\"https:\/\/www.ssb.no\/en\/befolkning\/navn\/statistikk\/navn\">Statistics Norway<\/a><\/strong> permite validar a popularidade de cada op\u00e7\u00e3o de forma t\u00e9cnica e precisa para garantir uma escolha correta. Seguir refer\u00eancias seguras \u00e9 o melhor caminho para uma decis\u00e3o cheia de amor.<\/p>\n","protected":false},"excerpt":{"rendered":"<p>Escolher o nome de um filho \u00e9 um momento especial que exige equil\u00edbrio entre tradi\u00e7\u00e3o e originalidade para o futuro. Em dois mil e vinte e seis, os nomes inspirados na cultura da Escandin\u00e1via ganham destaque por transmitirem for\u00e7a e conex\u00e3o com a natureza selvagem. Essas op\u00e7\u00f5es oferecem uma identidade marcante e atemporal para meninos [&hellip;]<\/p>\n","protected":false},"author":21,"featured_media":231943,"comment_status":"open","ping_status":"open","sticky":false,"template":"","format":"standard","meta":{"_yoast_wpseo_focuskw":"nomes n\u00f3rdicos masculinos","_yoast_wpseo_title":"","_yoast_wpseo_metadesc":"Nomes n\u00f3rdicos ganham destaque por sua for\u00e7a e sonoridade \u00fanica sendo escolha marcante para quem busca tradi\u00e7\u00e3o e originalidade","jnews-multi-image_gallery":[],"jnews_single_post":{"format":"standard"},"jnews_primary_category":[],"jnews_social_meta":[],"jnews_override_counter":[],"footnotes":""},"categories":[112],"post_tag":[],"class_list":["post-231940","post","type-post","status-publish","format-standard","has-post-thumbnail","hentry","category-curiosidades"],"yoast_head":"<!-- This site is optimized with the Yoast SEO plugin v24.6 - https:\/\/yoast.com\/wordpress\/plugins\/seo\/ -->\n<title>As melhores op\u00e7\u00f5es de nomes n\u00f3rdicos para meninos em 2026 - Correio Braziliense - Radar<\/title>\n<meta name=\"description\" content=\"Nomes n\u00f3rdicos ganham destaque por sua for\u00e7a e sonoridade \u00fanica sendo escolha marcante para quem busca tradi\u00e7\u00e3o e originalidade\" \/>\n<meta name=\"robots\" content=\"index, follow, max-snippet:-1, max-image-preview:large, max-video-preview:-1\" \/>\n<link rel=\"canonical\" href=\"https:\/\/www.correiobraziliense.com.br\/cbradar\/as-melhores-opcoes-de-nomes-nordicos-para-meninos-em-2026\/\" \/>\n<meta property=\"og:locale\" content=\"pt_BR\" \/>\n<meta property=\"og:type\" content=\"article\" \/>\n<meta property=\"og:title\" content=\"As melhores op\u00e7\u00f5es de nomes n\u00f3rdicos para meninos em 2026 - Correio Braziliense - Radar\" \/>\n<meta property=\"og:description\" content=\"Nomes n\u00f3rdicos ganham destaque por sua for\u00e7a e sonoridade \u00fanica sendo escolha marcante para quem busca tradi\u00e7\u00e3o e originalidade\" \/>\n<meta property=\"og:url\" content=\"https:\/\/www.correiobraziliense.com.br\/cbradar\/as-melhores-opcoes-de-nomes-nordicos-para-meninos-em-2026\/\" \/>\n<meta property=\"og:site_name\" content=\"Correio Braziliense - Radar\" \/>\n<meta property=\"article:published_time\" content=\"2026-04-27T00:35:00+00:00\" \/>\n<meta property=\"og:image\" content=\"https:\/\/www.correiobraziliense.com.br\/cbradar\/wp-content\/uploads\/2026\/04\/Gemini_Generated_Image_ryiyvnryiyvnryiy-1-1.png\" \/>\n\t<meta property=\"og:image:width\" content=\"1280\" \/>\n\t<meta property=\"og:image:height\" content=\"720\" \/>\n\t<meta property=\"og:image:type\" content=\"image\/png\" \/>\n<meta name=\"author\" content=\"Patrick Silva\" \/>\n<meta name=\"twitter:card\" content=\"summary_large_image\" \/>\n<meta name=\"twitter:label1\" content=\"Escrito por\" \/>\n\t<meta name=\"twitter:data1\" content=\"Patrick Silva\" \/>\n\t<meta name=\"twitter:label2\" content=\"Est. tempo de leitura\" \/>\n\t<meta name=\"twitter:data2\" content=\"5 minutos\" \/>\n<!-- \/ Yoast SEO plugin. -->","yoast_head_json":{"title":"As melhores op\u00e7\u00f5es de nomes n\u00f3rdicos para meninos em 2026 - Correio Braziliense - Radar","description":"Nomes n\u00f3rdicos ganham destaque por sua for\u00e7a e sonoridade \u00fanica sendo escolha marcante para quem busca tradi\u00e7\u00e3o e originalidade","robots":{"index":"index","follow":"follow","max-snippet":"max-snippet:-1","max-image-preview":"max-image-preview:large","max-video-preview":"max-video-preview:-1"},"canonical":"https:\/\/www.correiobraziliense.com.br\/cbradar\/as-melhores-opcoes-de-nomes-nordicos-para-meninos-em-2026\/","og_locale":"pt_BR","og_type":"article","og_title":"As melhores op\u00e7\u00f5es de nomes n\u00f3rdicos para meninos em 2026 - Correio Braziliense - Radar","og_description":"Nomes n\u00f3rdicos ganham destaque por sua for\u00e7a e sonoridade \u00fanica sendo escolha marcante para quem busca tradi\u00e7\u00e3o e originalidade","og_url":"https:\/\/www.correiobraziliense.com.br\/cbradar\/as-melhores-opcoes-de-nomes-nordicos-para-meninos-em-2026\/","og_site_name":"Correio Braziliense - Radar","article_published_time":"2026-04-27T00:35:00+00:00","og_image":[{"width":1280,"height":720,"url":"https:\/\/www.correiobraziliense.com.br\/cbradar\/wp-content\/uploads\/2026\/04\/Gemini_Generated_Image_ryiyvnryiyvnryiy-1-1.png","type":"image\/png"}],"author":"Patrick Silva","twitter_card":"summary_large_image","twitter_misc":{"Escrito por":"Patrick Silva","Est. tempo de leitura":"5 minutos"},"schema":{"@context":"https:\/\/schema.org","@graph":[{"@type":"WebPage","@id":"https:\/\/www.correiobraziliense.com.br\/cbradar\/as-melhores-opcoes-de-nomes-nordicos-para-meninos-em-2026\/","url":"https:\/\/www.correiobraziliense.com.br\/cbradar\/as-melhores-opcoes-de-nomes-nordicos-para-meninos-em-2026\/","name":"As melhores op\u00e7\u00f5es de nomes n\u00f3rdicos para meninos em 2026 - Correio Braziliense - Radar","isPartOf":{"@id":"https:\/\/www.correiobraziliense.com.br\/cbradar\/#website"},"primaryImageOfPage":{"@id":"https:\/\/www.correiobraziliense.com.br\/cbradar\/as-melhores-opcoes-de-nomes-nordicos-para-meninos-em-2026\/#primaryimage"},"image":{"@id":"https:\/\/www.correiobraziliense.com.br\/cbradar\/as-melhores-opcoes-de-nomes-nordicos-para-meninos-em-2026\/#primaryimage"},"thumbnailUrl":"https:\/\/www.correiobraziliense.com.br\/cbradar\/wp-content\/uploads\/2026\/04\/Gemini_Generated_Image_ryiyvnryiyvnryiy-1-1.png","datePublished":"2026-04-27T00:35:00+00:00","author":{"@id":"https:\/\/www.correiobraziliense.com.br\/cbradar\/#\/schema\/person\/5440b72be9c7eb74f446c846479dc4da"},"description":"Nomes n\u00f3rdicos ganham destaque por sua for\u00e7a e sonoridade \u00fanica sendo escolha marcante para quem busca tradi\u00e7\u00e3o e originalidade","breadcrumb":{"@id":"https:\/\/www.correiobraziliense.com.br\/cbradar\/as-melhores-opcoes-de-nomes-nordicos-para-meninos-em-2026\/#breadcrumb"},"inLanguage":"pt-BR","potentialAction":[{"@type":"ReadAction","target":["https:\/\/www.correiobraziliense.com.br\/cbradar\/as-melhores-opcoes-de-nomes-nordicos-para-meninos-em-2026\/"]}]},{"@type":"ImageObject","inLanguage":"pt-BR","@id":"https:\/\/www.correiobraziliense.com.br\/cbradar\/as-melhores-opcoes-de-nomes-nordicos-para-meninos-em-2026\/#primaryimage","url":"https:\/\/www.correiobraziliense.com.br\/cbradar\/wp-content\/uploads\/2026\/04\/Gemini_Generated_Image_ryiyvnryiyvnryiy-1-1.png","contentUrl":"https:\/\/www.correiobraziliense.com.br\/cbradar\/wp-content\/uploads\/2026\/04\/Gemini_Generated_Image_ryiyvnryiyvnryiy-1-1.png","width":1280,"height":720,"caption":"Nomes n\u00f3rdicos masculinos se destacam pela for\u00e7a e sonoridade marcante na escolha atual"},{"@type":"BreadcrumbList","@id":"https:\/\/www.correiobraziliense.com.br\/cbradar\/as-melhores-opcoes-de-nomes-nordicos-para-meninos-em-2026\/#breadcrumb","itemListElement":[{"@type":"ListItem","position":1,"name":"In\u00edcio","item":"https:\/\/www.correiobraziliense.com.br\/cbradar\/"},{"@type":"ListItem","position":2,"name":"As melhores op\u00e7\u00f5es de nomes n\u00f3rdicos para meninos em 2026"}]},{"@type":"WebSite","@id":"https:\/\/www.correiobraziliense.com.br\/cbradar\/#website","url":"https:\/\/www.correiobraziliense.com.br\/cbradar\/","name":"Correio Braziliense - Radar","description":"Acompanhe as \u00faltimas not\u00edcias e fique bem informado sobre tudo o que acontece no Brasil e no mundo.","potentialAction":[{"@type":"SearchAction","target":{"@type":"EntryPoint","urlTemplate":"https:\/\/www.correiobraziliense.com.br\/cbradar\/?s={search_term_string}"},"query-input":{"@type":"PropertyValueSpecification","valueRequired":true,"valueName":"search_term_string"}}],"inLanguage":"pt-BR"},{"@type":"Person","@id":"https:\/\/www.correiobraziliense.com.br\/cbradar\/#\/schema\/person\/5440b72be9c7eb74f446c846479dc4da","name":"Patrick Silva","image":{"@type":"ImageObject","inLanguage":"pt-BR","@id":"https:\/\/www.correiobraziliense.com.br\/cbradar\/#\/schema\/person\/image\/","url":"https:\/\/secure.gravatar.com\/avatar\/944109df296fc087785c9715fd5f80b2?s=96&d=mm&r=g","contentUrl":"https:\/\/secure.gravatar.com\/avatar\/944109df296fc087785c9715fd5f80b2?s=96&d=mm&r=g","caption":"Patrick Silva"},"sameAs":["https:\/\/www.correiobraziliense.com.br\/cbradar\/"],"url":"https:\/\/www.correiobraziliense.com.br\/cbradar\/author\/patrick-silva\/"}]}},"_links":{"self":[{"href":"https:\/\/www.correiobraziliense.com.br\/cbradar\/wp-json\/wp\/v2\/posts\/231940","targetHints":{"allow":["GET"]}}],"collection":[{"href":"https:\/\/www.correiobraziliense.com.br\/cbradar\/wp-json\/wp\/v2\/posts"}],"about":[{"href":"https:\/\/www.correiobraziliense.com.br\/cbradar\/wp-json\/wp\/v2\/types\/post"}],"author":[{"embeddable":true,"href":"https:\/\/www.correiobraziliense.com.br\/cbradar\/wp-json\/wp\/v2\/users\/21"}],"replies":[{"embeddable":true,"href":"https:\/\/www.correiobraziliense.com.br\/cbradar\/wp-json\/wp\/v2\/comments?post=231940"}],"version-history":[{"count":1,"href":"https:\/\/www.correiobraziliense.com.br\/cbradar\/wp-json\/wp\/v2\/posts\/231940\/revisions"}],"predecessor-version":[{"id":231949,"href":"https:\/\/www.correiobraziliense.com.br\/cbradar\/wp-json\/wp\/v2\/posts\/231940\/revisions\/231949"}],"wp:featuredmedia":[{"embeddable":true,"href":"https:\/\/www.correiobraziliense.com.br\/cbradar\/wp-json\/wp\/v2\/media\/231943"}],"wp:attachment":[{"href":"https:\/\/www.correiobraziliense.com.br\/cbradar\/wp-json\/wp\/v2\/media?parent=231940"}],"wp:term":[{"taxonomy":"category","embeddable":true,"href":"https:\/\/www.correiobraziliense.com.br\/cbradar\/wp-json\/wp\/v2\/categories?post=231940"},{"taxonomy":"post_tag","embeddable":true,"href":"https:\/\/www.correiobraziliense.com.br\/cbradar\/wp-json\/wp\/v2\/post_tag?post=231940"}],"curies":[{"name":"wp","href":"https:\/\/api.w.org\/{rel}","templated":true}]}}